{"id":130989,"date":"2024-10-14T21:32:44","date_gmt":"2024-10-15T00:32:44","guid":{"rendered":"https:\/\/infoecos.com.ar\/?p=130989"},"modified":"2024-10-14T21:34:05","modified_gmt":"2024-10-15T00:34:05","slug":"113-anos-de-garre-una-de-las-localidades-de-mayor-progreso-en-la-region-y-los-celebra-este-martes","status":"publish","type":"post","link":"https:\/\/infoecos.com.ar\/index.php\/113-anos-de-garre-una-de-las-localidades-de-mayor-progreso-en-la-region-y-los-celebra-este-martes\/","title":{"rendered":"113 a\u00f1os de Garr\u00e9, una de las localidades de mayor progreso en la regi\u00f3n, y los celebra este martes"},"content":{"rendered":"\n<p>Hoy (martes) la localidad de Garr\u00e9 celebrar\u00e1 su 113\u00ba aniversario con una actividad a realizarse a partir de las 16.30 en la Plazoleta, ubicada en Zanja de Alsina y Boulevard de la Bandera.<\/p>\n\n\n\n<figure class=\"wp-block-image aligncenter size-full\"><img loading=\"lazy\" decoding=\"async\" width=\"479\" height=\"217\" src=\"https:\/\/infoecos.com.ar\/wp-content\/uploads\/2024\/10\/image-132.png\" alt=\"\" class=\"wp-image-130994\"\/><\/figure>\n\n\n\n<p>Participar\u00e1n los intendentes de Trenque Lauquen, Guamin\u00ed, Jos\u00e9 Augusto Nobre Ferreira y de Tres Lomas.<\/p>\n\n\n\n<figure class=\"wp-block-gallery has-nested-images columns-default is-cropped wp-block-gallery-1 is-layout-flex wp-block-gallery-is-layout-flex\">\n<figure class=\"wp-block-image size-large\"><img loading=\"lazy\" decoding=\"async\" width=\"600\" height=\"600\" data-id=\"130990\" src=\"https:\/\/infoecos.com.ar\/wp-content\/uploads\/2024\/10\/462936457_1522591545302060_7007948018695249303_n.jpg\" alt=\"\" class=\"wp-image-130990\"\/><\/figure>\n\n\n\n<figure class=\"wp-block-image size-large\"><img loading=\"lazy\" decoding=\"async\" width=\"600\" height=\"600\" data-id=\"130991\" src=\"https:\/\/infoecos.com.ar\/wp-content\/uploads\/2024\/10\/463116655_1522591318635416_4049488203906847232_n.jpg\" alt=\"\" class=\"wp-image-130991\"\/><\/figure>\n\n\n\n<figure class=\"wp-block-image size-large\"><img loading=\"lazy\" decoding=\"async\" width=\"600\" height=\"600\" data-id=\"130992\" src=\"https:\/\/infoecos.com.ar\/wp-content\/uploads\/2024\/10\/463166578_1522591638635384_6767325484591594163_n.jpg\" alt=\"\" class=\"wp-image-130992\"\/><\/figure>\n\n\n\n<figure class=\"wp-block-image size-large\"><img loading=\"lazy\" decoding=\"async\" width=\"600\" height=\"600\" data-id=\"130993\" src=\"https:\/\/infoecos.com.ar\/wp-content\/uploads\/2024\/10\/463301575_1522591428635405_7826415531432922207_n.jpg\" alt=\"\" class=\"wp-image-130993\"\/><\/figure>\n<\/figure>\n","protected":false},"excerpt":{"rendered":"<p>Participar\u00e1n los intendentes de Trenque Lauquen, Guamin\u00ed, Jos\u00e9 Augusto Nobre Ferreira y de Tres Lomas<\/p>\n","protected":false},"author":2,"featured_media":130994,"comment_status":"closed","ping_status":"open","sticky":false,"template":"","format":"standard","meta":{"footnotes":""},"categories":[1612],"tags":[],"class_list":["post-130989","post","type-post","status-publish","format-standard","has-post-thumbnail","hentry","category-noticia-principal"],"yoast_head":"<!-- This site is optimized with the Yoast SEO plugin v23.4 - https:\/\/yoast.com\/wordpress\/plugins\/seo\/ -->\n<title>113 a\u00f1os de Garr\u00e9, una de las localidades de mayor progreso en la regi\u00f3n, y los celebra este martes - Infoecos<\/title>\n<meta name=\"robots\" content=\"index, follow, max-snippet:-1, max-image-preview:large, max-video-preview:-1\" \/>\n<link rel=\"canonical\" href=\"https:\/\/infoecos.com.ar\/index.php\/113-anos-de-garre-una-de-las-localidades-de-mayor-progreso-en-la-region-y-los-celebra-este-martes\/\" \/>\n<meta property=\"og:locale\" content=\"es_ES\" \/>\n<meta property=\"og:type\" content=\"article\" \/>\n<meta property=\"og:title\" content=\"113 a\u00f1os de Garr\u00e9, una de las localidades de mayor progreso en la regi\u00f3n, y los celebra este martes - Infoecos\" \/>\n<meta property=\"og:description\" content=\"Participar\u00e1n los intendentes de Trenque Lauquen, Guamin\u00ed, Jos\u00e9 Augusto Nobre Ferreira y de Tres Lomas\" \/>\n<meta property=\"og:url\" content=\"https:\/\/infoecos.com.ar\/index.php\/113-anos-de-garre-una-de-las-localidades-de-mayor-progreso-en-la-region-y-los-celebra-este-martes\/\" \/>\n<meta property=\"og:site_name\" content=\"Infoecos\" \/>\n<meta property=\"article:publisher\" content=\"https:\/\/www.facebook.com\/profile.php?id=100063200290284\" \/>\n<meta property=\"article:published_time\" content=\"2024-10-15T00:32:44+00:00\" \/>\n<meta property=\"article:modified_time\" content=\"2024-10-15T00:34:05+00:00\" \/>\n<meta property=\"og:image\" content=\"https:\/\/infoecos.com.ar\/wp-content\/uploads\/2024\/10\/image-132.png\" \/>\n\t<meta property=\"og:image:width\" content=\"479\" \/>\n\t<meta property=\"og:image:height\" content=\"217\" \/>\n\t<meta property=\"og:image:type\" content=\"image\/png\" \/>\n<meta name=\"author\" content=\"Jorge Matheus\" \/>\n<meta name=\"twitter:card\" content=\"summary_large_image\" \/>\n<meta name=\"twitter:creator\" content=\"@infoecos\" \/>\n<meta name=\"twitter:site\" content=\"@infoecos\" \/>\n<meta name=\"twitter:label1\" content=\"Escrito por\" \/>\n\t<meta name=\"twitter:data1\" content=\"Jorge Matheus\" \/>\n\t<meta name=\"twitter:label2\" content=\"Tiempo de lectura\" \/>\n\t<meta name=\"twitter:data2\" content=\"2 minutos\" \/>\n<script type=\"application\/ld+json\" class=\"yoast-schema-graph\">{\"@context\":\"https:\/\/schema.org\",\"@graph\":[{\"@type\":\"Article\",\"@id\":\"https:\/\/infoecos.com.ar\/index.php\/113-anos-de-garre-una-de-las-localidades-de-mayor-progreso-en-la-region-y-los-celebra-este-martes\/#article\",\"isPartOf\":{\"@id\":\"https:\/\/infoecos.com.ar\/index.php\/113-anos-de-garre-una-de-las-localidades-de-mayor-progreso-en-la-region-y-los-celebra-este-martes\/\"},\"author\":{\"name\":\"Jorge Matheus\",\"@id\":\"https:\/\/infoecos.com.ar\/#\/schema\/person\/8f5ace5ce73b4b4aac4b7245aee6f191\"},\"headline\":\"113 a\u00f1os de Garr\u00e9, una de las localidades de mayor progreso en la regi\u00f3n, y los celebra este martes\",\"datePublished\":\"2024-10-15T00:32:44+00:00\",\"dateModified\":\"2024-10-15T00:34:05+00:00\",\"mainEntityOfPage\":{\"@id\":\"https:\/\/infoecos.com.ar\/index.php\/113-anos-de-garre-una-de-las-localidades-de-mayor-progreso-en-la-region-y-los-celebra-este-martes\/\"},\"wordCount\":67,\"publisher\":{\"@id\":\"https:\/\/infoecos.com.ar\/#organization\"},\"image\":{\"@id\":\"https:\/\/infoecos.com.ar\/index.php\/113-anos-de-garre-una-de-las-localidades-de-mayor-progreso-en-la-region-y-los-celebra-este-martes\/#primaryimage\"},\"thumbnailUrl\":\"https:\/\/infoecos.com.ar\/wp-content\/uploads\/2024\/10\/image-132.png\",\"articleSection\":[\"Noticia Principal\"],\"inLanguage\":\"es\"},{\"@type\":\"WebPage\",\"@id\":\"https:\/\/infoecos.com.ar\/index.php\/113-anos-de-garre-una-de-las-localidades-de-mayor-progreso-en-la-region-y-los-celebra-este-martes\/\",\"url\":\"https:\/\/infoecos.com.ar\/index.php\/113-anos-de-garre-una-de-las-localidades-de-mayor-progreso-en-la-region-y-los-celebra-este-martes\/\",\"name\":\"113 a\u00f1os de Garr\u00e9, una de las localidades de mayor progreso en la regi\u00f3n, y los celebra este martes - Infoecos\",\"isPartOf\":{\"@id\":\"https:\/\/infoecos.com.ar\/#website\"},\"primaryImageOfPage\":{\"@id\":\"https:\/\/infoecos.com.ar\/index.php\/113-anos-de-garre-una-de-las-localidades-de-mayor-progreso-en-la-region-y-los-celebra-este-martes\/#primaryimage\"},\"image\":{\"@id\":\"https:\/\/infoecos.com.ar\/index.php\/113-anos-de-garre-una-de-las-localidades-de-mayor-progreso-en-la-region-y-los-celebra-este-martes\/#primaryimage\"},\"thumbnailUrl\":\"https:\/\/infoecos.com.ar\/wp-content\/uploads\/2024\/10\/image-132.png\",\"datePublished\":\"2024-10-15T00:32:44+00:00\",\"dateModified\":\"2024-10-15T00:34:05+00:00\",\"breadcrumb\":{\"@id\":\"https:\/\/infoecos.com.ar\/index.php\/113-anos-de-garre-una-de-las-localidades-de-mayor-progreso-en-la-region-y-los-celebra-este-martes\/#breadcrumb\"},\"inLanguage\":\"es\",\"potentialAction\":[{\"@type\":\"ReadAction\",\"target\":[\"https:\/\/infoecos.com.ar\/index.php\/113-anos-de-garre-una-de-las-localidades-de-mayor-progreso-en-la-region-y-los-celebra-este-martes\/\"]}]},{\"@type\":\"ImageObject\",\"inLanguage\":\"es\",\"@id\":\"https:\/\/infoecos.com.ar\/index.php\/113-anos-de-garre-una-de-las-localidades-de-mayor-progreso-en-la-region-y-los-celebra-este-martes\/#primaryimage\",\"url\":\"https:\/\/infoecos.com.ar\/wp-content\/uploads\/2024\/10\/image-132.png\",\"contentUrl\":\"https:\/\/infoecos.com.ar\/wp-content\/uploads\/2024\/10\/image-132.png\",\"width\":479,\"height\":217},{\"@type\":\"BreadcrumbList\",\"@id\":\"https:\/\/infoecos.com.ar\/index.php\/113-anos-de-garre-una-de-las-localidades-de-mayor-progreso-en-la-region-y-los-celebra-este-martes\/#breadcrumb\",\"itemListElement\":[{\"@type\":\"ListItem\",\"position\":1,\"name\":\"Portada\",\"item\":\"https:\/\/infoecos.com.ar\/\"},{\"@type\":\"ListItem\",\"position\":2,\"name\":\"113 a\u00f1os de Garr\u00e9, una de las localidades de mayor progreso en la regi\u00f3n, y los celebra este martes\"}]},{\"@type\":\"WebSite\",\"@id\":\"https:\/\/infoecos.com.ar\/#website\",\"url\":\"https:\/\/infoecos.com.ar\/\",\"name\":\"Infoecos\",\"description\":\"Noticias de trenque lauquen y la zona\",\"publisher\":{\"@id\":\"https:\/\/infoecos.com.ar\/#organization\"},\"alternateName\":\"Noticias\",\"potentialAction\":[{\"@type\":\"SearchAction\",\"target\":{\"@type\":\"EntryPoint\",\"urlTemplate\":\"https:\/\/infoecos.com.ar\/?s={search_term_string}\"},\"query-input\":{\"@type\":\"PropertyValueSpecification\",\"valueRequired\":true,\"valueName\":\"search_term_string\"}}],\"inLanguage\":\"es\"},{\"@type\":\"Organization\",\"@id\":\"https:\/\/infoecos.com.ar\/#organization\",\"name\":\"Infoecos\",\"alternateName\":\"Noticias\",\"url\":\"https:\/\/infoecos.com.ar\/\",\"logo\":{\"@type\":\"ImageObject\",\"inLanguage\":\"es\",\"@id\":\"https:\/\/infoecos.com.ar\/#\/schema\/logo\/image\/\",\"url\":\"https:\/\/infoecos.com.ar\/wp-content\/uploads\/2024\/03\/cropped-logo.png\",\"contentUrl\":\"https:\/\/infoecos.com.ar\/wp-content\/uploads\/2024\/03\/cropped-logo.png\",\"width\":374,\"height\":90,\"caption\":\"Infoecos\"},\"image\":{\"@id\":\"https:\/\/infoecos.com.ar\/#\/schema\/logo\/image\/\"},\"sameAs\":[\"https:\/\/www.facebook.com\/profile.php?id=100063200290284\",\"https:\/\/x.com\/infoecos\"]},{\"@type\":\"Person\",\"@id\":\"https:\/\/infoecos.com.ar\/#\/schema\/person\/8f5ace5ce73b4b4aac4b7245aee6f191\",\"name\":\"Jorge Matheus\",\"url\":\"https:\/\/infoecos.com.ar\/index.php\/author\/jomatheus\/\"}]}<\/script>\n<!-- \/ Yoast SEO plugin. -->","yoast_head_json":{"title":"113 a\u00f1os de Garr\u00e9, una de las localidades de mayor progreso en la regi\u00f3n, y los celebra este martes - Infoecos","robots":{"index":"index","follow":"follow","max-snippet":"max-snippet:-1","max-image-preview":"max-image-preview:large","max-video-preview":"max-video-preview:-1"},"canonical":"https:\/\/infoecos.com.ar\/index.php\/113-anos-de-garre-una-de-las-localidades-de-mayor-progreso-en-la-region-y-los-celebra-este-martes\/","og_locale":"es_ES","og_type":"article","og_title":"113 a\u00f1os de Garr\u00e9, una de las localidades de mayor progreso en la regi\u00f3n, y los celebra este martes - Infoecos","og_description":"Participar\u00e1n los intendentes de Trenque Lauquen, Guamin\u00ed, Jos\u00e9 Augusto Nobre Ferreira y de Tres Lomas","og_url":"https:\/\/infoecos.com.ar\/index.php\/113-anos-de-garre-una-de-las-localidades-de-mayor-progreso-en-la-region-y-los-celebra-este-martes\/","og_site_name":"Infoecos","article_publisher":"https:\/\/www.facebook.com\/profile.php?id=100063200290284","article_published_time":"2024-10-15T00:32:44+00:00","article_modified_time":"2024-10-15T00:34:05+00:00","og_image":[{"width":479,"height":217,"url":"https:\/\/infoecos.com.ar\/wp-content\/uploads\/2024\/10\/image-132.png","type":"image\/png"}],"author":"Jorge Matheus","twitter_card":"summary_large_image","twitter_creator":"@infoecos","twitter_site":"@infoecos","twitter_misc":{"Escrito por":"Jorge Matheus","Tiempo de lectura":"2 minutos"},"schema":{"@context":"https:\/\/schema.org","@graph":[{"@type":"Article","@id":"https:\/\/infoecos.com.ar\/index.php\/113-anos-de-garre-una-de-las-localidades-de-mayor-progreso-en-la-region-y-los-celebra-este-martes\/#article","isPartOf":{"@id":"https:\/\/infoecos.com.ar\/index.php\/113-anos-de-garre-una-de-las-localidades-de-mayor-progreso-en-la-region-y-los-celebra-este-martes\/"},"author":{"name":"Jorge Matheus","@id":"https:\/\/infoecos.com.ar\/#\/schema\/person\/8f5ace5ce73b4b4aac4b7245aee6f191"},"headline":"113 a\u00f1os de Garr\u00e9, una de las localidades de mayor progreso en la regi\u00f3n, y los celebra este martes","datePublished":"2024-10-15T00:32:44+00:00","dateModified":"2024-10-15T00:34:05+00:00","mainEntityOfPage":{"@id":"https:\/\/infoecos.com.ar\/index.php\/113-anos-de-garre-una-de-las-localidades-de-mayor-progreso-en-la-region-y-los-celebra-este-martes\/"},"wordCount":67,"publisher":{"@id":"https:\/\/infoecos.com.ar\/#organization"},"image":{"@id":"https:\/\/infoecos.com.ar\/index.php\/113-anos-de-garre-una-de-las-localidades-de-mayor-progreso-en-la-region-y-los-celebra-este-martes\/#primaryimage"},"thumbnailUrl":"https:\/\/infoecos.com.ar\/wp-content\/uploads\/2024\/10\/image-132.png","articleSection":["Noticia Principal"],"inLanguage":"es"},{"@type":"WebPage","@id":"https:\/\/infoecos.com.ar\/index.php\/113-anos-de-garre-una-de-las-localidades-de-mayor-progreso-en-la-region-y-los-celebra-este-martes\/","url":"https:\/\/infoecos.com.ar\/index.php\/113-anos-de-garre-una-de-las-localidades-de-mayor-progreso-en-la-region-y-los-celebra-este-martes\/","name":"113 a\u00f1os de Garr\u00e9, una de las localidades de mayor progreso en la regi\u00f3n, y los celebra este martes - Infoecos","isPartOf":{"@id":"https:\/\/infoecos.com.ar\/#website"},"primaryImageOfPage":{"@id":"https:\/\/infoecos.com.ar\/index.php\/113-anos-de-garre-una-de-las-localidades-de-mayor-progreso-en-la-region-y-los-celebra-este-martes\/#primaryimage"},"image":{"@id":"https:\/\/infoecos.com.ar\/index.php\/113-anos-de-garre-una-de-las-localidades-de-mayor-progreso-en-la-region-y-los-celebra-este-martes\/#primaryimage"},"thumbnailUrl":"https:\/\/infoecos.com.ar\/wp-content\/uploads\/2024\/10\/image-132.png","datePublished":"2024-10-15T00:32:44+00:00","dateModified":"2024-10-15T00:34:05+00:00","breadcrumb":{"@id":"https:\/\/infoecos.com.ar\/index.php\/113-anos-de-garre-una-de-las-localidades-de-mayor-progreso-en-la-region-y-los-celebra-este-martes\/#breadcrumb"},"inLanguage":"es","potentialAction":[{"@type":"ReadAction","target":["https:\/\/infoecos.com.ar\/index.php\/113-anos-de-garre-una-de-las-localidades-de-mayor-progreso-en-la-region-y-los-celebra-este-martes\/"]}]},{"@type":"ImageObject","inLanguage":"es","@id":"https:\/\/infoecos.com.ar\/index.php\/113-anos-de-garre-una-de-las-localidades-de-mayor-progreso-en-la-region-y-los-celebra-este-martes\/#primaryimage","url":"https:\/\/infoecos.com.ar\/wp-content\/uploads\/2024\/10\/image-132.png","contentUrl":"https:\/\/infoecos.com.ar\/wp-content\/uploads\/2024\/10\/image-132.png","width":479,"height":217},{"@type":"BreadcrumbList","@id":"https:\/\/infoecos.com.ar\/index.php\/113-anos-de-garre-una-de-las-localidades-de-mayor-progreso-en-la-region-y-los-celebra-este-martes\/#breadcrumb","itemListElement":[{"@type":"ListItem","position":1,"name":"Portada","item":"https:\/\/infoecos.com.ar\/"},{"@type":"ListItem","position":2,"name":"113 a\u00f1os de Garr\u00e9, una de las localidades de mayor progreso en la regi\u00f3n, y los celebra este martes"}]},{"@type":"WebSite","@id":"https:\/\/infoecos.com.ar\/#website","url":"https:\/\/infoecos.com.ar\/","name":"Infoecos","description":"Noticias de trenque lauquen y la zona","publisher":{"@id":"https:\/\/infoecos.com.ar\/#organization"},"alternateName":"Noticias","potentialAction":[{"@type":"SearchAction","target":{"@type":"EntryPoint","urlTemplate":"https:\/\/infoecos.com.ar\/?s={search_term_string}"},"query-input":{"@type":"PropertyValueSpecification","valueRequired":true,"valueName":"search_term_string"}}],"inLanguage":"es"},{"@type":"Organization","@id":"https:\/\/infoecos.com.ar\/#organization","name":"Infoecos","alternateName":"Noticias","url":"https:\/\/infoecos.com.ar\/","logo":{"@type":"ImageObject","inLanguage":"es","@id":"https:\/\/infoecos.com.ar\/#\/schema\/logo\/image\/","url":"https:\/\/infoecos.com.ar\/wp-content\/uploads\/2024\/03\/cropped-logo.png","contentUrl":"https:\/\/infoecos.com.ar\/wp-content\/uploads\/2024\/03\/cropped-logo.png","width":374,"height":90,"caption":"Infoecos"},"image":{"@id":"https:\/\/infoecos.com.ar\/#\/schema\/logo\/image\/"},"sameAs":["https:\/\/www.facebook.com\/profile.php?id=100063200290284","https:\/\/x.com\/infoecos"]},{"@type":"Person","@id":"https:\/\/infoecos.com.ar\/#\/schema\/person\/8f5ace5ce73b4b4aac4b7245aee6f191","name":"Jorge Matheus","url":"https:\/\/infoecos.com.ar\/index.php\/author\/jomatheus\/"}]}},"featured_image_urls":{"full":["https:\/\/infoecos.com.ar\/wp-content\/uploads\/2024\/10\/image-132.png",479,217,false],"thumbnail":["https:\/\/infoecos.com.ar\/wp-content\/uploads\/2024\/10\/image-132-300x150.png",300,150,true],"medium":["https:\/\/infoecos.com.ar\/wp-content\/uploads\/2024\/10\/image-132.png",479,217,false],"medium_large":["https:\/\/infoecos.com.ar\/wp-content\/uploads\/2024\/10\/image-132.png",479,217,false],"large":["https:\/\/infoecos.com.ar\/wp-content\/uploads\/2024\/10\/image-132.png",479,217,false],"1536x1536":["https:\/\/infoecos.com.ar\/wp-content\/uploads\/2024\/10\/image-132.png",479,217,false],"2048x2048":["https:\/\/infoecos.com.ar\/wp-content\/uploads\/2024\/10\/image-132.png",479,217,false],"covernews-slider-full":["https:\/\/infoecos.com.ar\/wp-content\/uploads\/2024\/10\/image-132.png",479,217,false],"covernews-slider-center":["https:\/\/infoecos.com.ar\/wp-content\/uploads\/2024\/10\/image-132.png",479,217,false],"covernews-featured":["https:\/\/infoecos.com.ar\/wp-content\/uploads\/2024\/10\/image-132.png",479,217,false],"covernews-medium":["https:\/\/infoecos.com.ar\/wp-content\/uploads\/2024\/10\/image-132.png",479,217,false],"covernews-medium-square":["https:\/\/infoecos.com.ar\/wp-content\/uploads\/2024\/10\/image-132-400x217.png",400,217,true]},"author_info":{"info":["Jorge Matheus"]},"category_info":"<a href=\"https:\/\/infoecos.com.ar\/index.php\/category\/noticia-principal\/\" rel=\"category tag\">Noticia Principal<\/a>","tag_info":"Noticia Principal","comment_count":"0","_links":{"self":[{"href":"https:\/\/infoecos.com.ar\/index.php\/wp-json\/wp\/v2\/posts\/130989"}],"collection":[{"href":"https:\/\/infoecos.com.ar\/index.php\/wp-json\/wp\/v2\/posts"}],"about":[{"href":"https:\/\/infoecos.com.ar\/index.php\/wp-json\/wp\/v2\/types\/post"}],"author":[{"embeddable":true,"href":"https:\/\/infoecos.com.ar\/index.php\/wp-json\/wp\/v2\/users\/2"}],"replies":[{"embeddable":true,"href":"https:\/\/infoecos.com.ar\/index.php\/wp-json\/wp\/v2\/comments?post=130989"}],"version-history":[{"count":1,"href":"https:\/\/infoecos.com.ar\/index.php\/wp-json\/wp\/v2\/posts\/130989\/revisions"}],"predecessor-version":[{"id":130995,"href":"https:\/\/infoecos.com.ar\/index.php\/wp-json\/wp\/v2\/posts\/130989\/revisions\/130995"}],"wp:featuredmedia":[{"embeddable":true,"href":"https:\/\/infoecos.com.ar\/index.php\/wp-json\/wp\/v2\/media\/130994"}],"wp:attachment":[{"href":"https:\/\/infoecos.com.ar\/index.php\/wp-json\/wp\/v2\/media?parent=130989"}],"wp:term":[{"taxonomy":"category","embeddable":true,"href":"https:\/\/infoecos.com.ar\/index.php\/wp-json\/wp\/v2\/categories?post=130989"},{"taxonomy":"post_tag","embeddable":true,"href":"https:\/\/infoecos.com.ar\/index.php\/wp-json\/wp\/v2\/tags?post=130989"}],"curies":[{"name":"wp","href":"https:\/\/api.w.org\/{rel}","templated":true}]}}