{"id":131040,"date":"2024-10-15T18:15:38","date_gmt":"2024-10-15T21:15:38","guid":{"rendered":"https:\/\/infoecos.com.ar\/?p=131040"},"modified":"2024-10-15T18:17:13","modified_gmt":"2024-10-15T21:17:13","slug":"jornada-de-visibilizacion-en-respaldo-a-la-educacion-publica-este-miercoles-promovida-por-la-facultad-de-agronomia-de-la-pampa","status":"publish","type":"post","link":"https:\/\/infoecos.com.ar\/index.php\/jornada-de-visibilizacion-en-respaldo-a-la-educacion-publica-este-miercoles-promovida-por-la-facultad-de-agronomia-de-la-pampa\/","title":{"rendered":"Jornada de visibilizaci\u00f3n en respaldo a la educaci\u00f3n p\u00fablica, este mi\u00e9rcoles, promovida por la Facultad de Agronom\u00eda de La Pampa"},"content":{"rendered":"\n<figure class=\"wp-block-image alignright size-full is-resized\"><img loading=\"lazy\" decoding=\"async\" width=\"1121\" height=\"633\" src=\"https:\/\/infoecos.com.ar\/wp-content\/uploads\/2024\/10\/image-141.png\" alt=\"\" class=\"wp-image-131041\" style=\"width:465px;height:auto\" srcset=\"https:\/\/infoecos.com.ar\/wp-content\/uploads\/2024\/10\/image-141.png 1121w, https:\/\/infoecos.com.ar\/wp-content\/uploads\/2024\/10\/image-141-800x452.png 800w, https:\/\/infoecos.com.ar\/wp-content\/uploads\/2024\/10\/image-141-768x434.png 768w, https:\/\/infoecos.com.ar\/wp-content\/uploads\/2024\/10\/image-141-1024x578.png 1024w\" sizes=\"(max-width: 1121px) 100vw, 1121px\" \/><\/figure>\n\n\n\n<p>La Facultad de Agronom\u00eda de la Universidad Nacional de La Pampa realizar\u00e1 este mi\u00e9rcoles una jornada de \u201cvisibilizaci\u00f3n\u201d en respaldo a la educaci\u00f3n p\u00fablica. <\/p>\n\n\n\n<p>La actividad comenzar\u00e1 en la entrada a dicha sede de la UNLPam, sobre la ruta nacional 35, y luego se extender\u00e1 hasta el ingreso a la ciudad de Santa Rosa.<\/p>\n\n\n\n<p>La movilizaci\u00f3n es organizada por docentes, no docentes y estudiantes de Agronom\u00eda, que se reunir\u00e1n desde las 9 de la ma\u00f1ana de este mi\u00e9rcoles en la tranquera de ingreso a la Facultad, en el acceso norte a la capital pampeana. <\/p>\n\n\n\n<p>Sobre la ruta 35, har\u00e1n visible el reclamo a quienes pasen por el lugar (no habr\u00e1 ning\u00fan corte de tr\u00e1nsito) y luego, desde las 10, se dirigir\u00e1n hasta la rotonda del avi\u00f3n, donde repartir\u00e1n folletos con sus consignas y demandas, seg\u00fan se decidi\u00f3 en la asamblea de docentes y luego en la asamblea convocada por estudiantes.<\/p>\n","protected":false},"excerpt":{"rendered":"<p>La actividad comenzar\u00e1 en la entrada a dicha sede de la UNLPam, sobre la ruta nacional 35, y luego se extender\u00e1 hasta el ingreso a la ciudad de Santa Rosa<\/p>\n","protected":false},"author":2,"featured_media":131041,"comment_status":"closed","ping_status":"open","sticky":false,"template":"","format":"standard","meta":{"footnotes":""},"categories":[1613],"tags":[],"class_list":["post-131040","post","type-post","status-publish","format-standard","has-post-thumbnail","hentry","category-noticia-secundaria"],"yoast_head":"<!-- This site is optimized with the Yoast SEO plugin v23.4 - https:\/\/yoast.com\/wordpress\/plugins\/seo\/ -->\n<title>Jornada de visibilizaci\u00f3n en respaldo a la educaci\u00f3n p\u00fablica, este mi\u00e9rcoles, promovida por la Facultad de Agronom\u00eda de La Pampa - Infoecos<\/title>\n<meta name=\"robots\" content=\"index, follow, max-snippet:-1, max-image-preview:large, max-video-preview:-1\" \/>\n<link rel=\"canonical\" href=\"https:\/\/infoecos.com.ar\/index.php\/jornada-de-visibilizacion-en-respaldo-a-la-educacion-publica-este-miercoles-promovida-por-la-facultad-de-agronomia-de-la-pampa\/\" \/>\n<meta property=\"og:locale\" content=\"es_ES\" \/>\n<meta property=\"og:type\" content=\"article\" \/>\n<meta property=\"og:title\" content=\"Jornada de visibilizaci\u00f3n en respaldo a la educaci\u00f3n p\u00fablica, este mi\u00e9rcoles, promovida por la Facultad de Agronom\u00eda de La Pampa - Infoecos\" \/>\n<meta property=\"og:description\" content=\"La actividad comenzar\u00e1 en la entrada a dicha sede de la UNLPam, sobre la ruta nacional 35, y luego se extender\u00e1 hasta el ingreso a la ciudad de Santa Rosa\" \/>\n<meta property=\"og:url\" content=\"https:\/\/infoecos.com.ar\/index.php\/jornada-de-visibilizacion-en-respaldo-a-la-educacion-publica-este-miercoles-promovida-por-la-facultad-de-agronomia-de-la-pampa\/\" \/>\n<meta property=\"og:site_name\" content=\"Infoecos\" \/>\n<meta property=\"article:publisher\" content=\"https:\/\/www.facebook.com\/profile.php?id=100063200290284\" \/>\n<meta property=\"article:published_time\" content=\"2024-10-15T21:15:38+00:00\" \/>\n<meta property=\"article:modified_time\" content=\"2024-10-15T21:17:13+00:00\" \/>\n<meta property=\"og:image\" content=\"https:\/\/infoecos.com.ar\/wp-content\/uploads\/2024\/10\/image-141.png\" \/>\n\t<meta property=\"og:image:width\" content=\"1121\" \/>\n\t<meta property=\"og:image:height\" content=\"633\" \/>\n\t<meta property=\"og:image:type\" content=\"image\/png\" \/>\n<meta name=\"author\" content=\"Jorge Matheus\" \/>\n<meta name=\"twitter:card\" content=\"summary_large_image\" \/>\n<meta name=\"twitter:creator\" content=\"@infoecos\" \/>\n<meta name=\"twitter:site\" content=\"@infoecos\" \/>\n<meta name=\"twitter:label1\" content=\"Escrito por\" \/>\n\t<meta name=\"twitter:data1\" content=\"Jorge Matheus\" \/>\n\t<meta name=\"twitter:label2\" content=\"Tiempo de lectura\" \/>\n\t<meta name=\"twitter:data2\" content=\"2 minutos\" \/>\n<script type=\"application\/ld+json\" class=\"yoast-schema-graph\">{\"@context\":\"https:\/\/schema.org\",\"@graph\":[{\"@type\":\"Article\",\"@id\":\"https:\/\/infoecos.com.ar\/index.php\/jornada-de-visibilizacion-en-respaldo-a-la-educacion-publica-este-miercoles-promovida-por-la-facultad-de-agronomia-de-la-pampa\/#article\",\"isPartOf\":{\"@id\":\"https:\/\/infoecos.com.ar\/index.php\/jornada-de-visibilizacion-en-respaldo-a-la-educacion-publica-este-miercoles-promovida-por-la-facultad-de-agronomia-de-la-pampa\/\"},\"author\":{\"name\":\"Jorge Matheus\",\"@id\":\"https:\/\/infoecos.com.ar\/#\/schema\/person\/8f5ace5ce73b4b4aac4b7245aee6f191\"},\"headline\":\"Jornada de visibilizaci\u00f3n en respaldo a la educaci\u00f3n p\u00fablica, este mi\u00e9rcoles, promovida por la Facultad de Agronom\u00eda de La Pampa\",\"datePublished\":\"2024-10-15T21:15:38+00:00\",\"dateModified\":\"2024-10-15T21:17:13+00:00\",\"mainEntityOfPage\":{\"@id\":\"https:\/\/infoecos.com.ar\/index.php\/jornada-de-visibilizacion-en-respaldo-a-la-educacion-publica-este-miercoles-promovida-por-la-facultad-de-agronomia-de-la-pampa\/\"},\"wordCount\":188,\"publisher\":{\"@id\":\"https:\/\/infoecos.com.ar\/#organization\"},\"image\":{\"@id\":\"https:\/\/infoecos.com.ar\/index.php\/jornada-de-visibilizacion-en-respaldo-a-la-educacion-publica-este-miercoles-promovida-por-la-facultad-de-agronomia-de-la-pampa\/#primaryimage\"},\"thumbnailUrl\":\"https:\/\/infoecos.com.ar\/wp-content\/uploads\/2024\/10\/image-141.png\",\"articleSection\":[\"Noticia Secundaria\"],\"inLanguage\":\"es\"},{\"@type\":\"WebPage\",\"@id\":\"https:\/\/infoecos.com.ar\/index.php\/jornada-de-visibilizacion-en-respaldo-a-la-educacion-publica-este-miercoles-promovida-por-la-facultad-de-agronomia-de-la-pampa\/\",\"url\":\"https:\/\/infoecos.com.ar\/index.php\/jornada-de-visibilizacion-en-respaldo-a-la-educacion-publica-este-miercoles-promovida-por-la-facultad-de-agronomia-de-la-pampa\/\",\"name\":\"Jornada de visibilizaci\u00f3n en respaldo a la educaci\u00f3n p\u00fablica, este mi\u00e9rcoles, promovida por la Facultad de Agronom\u00eda de La Pampa - Infoecos\",\"isPartOf\":{\"@id\":\"https:\/\/infoecos.com.ar\/#website\"},\"primaryImageOfPage\":{\"@id\":\"https:\/\/infoecos.com.ar\/index.php\/jornada-de-visibilizacion-en-respaldo-a-la-educacion-publica-este-miercoles-promovida-por-la-facultad-de-agronomia-de-la-pampa\/#primaryimage\"},\"image\":{\"@id\":\"https:\/\/infoecos.com.ar\/index.php\/jornada-de-visibilizacion-en-respaldo-a-la-educacion-publica-este-miercoles-promovida-por-la-facultad-de-agronomia-de-la-pampa\/#primaryimage\"},\"thumbnailUrl\":\"https:\/\/infoecos.com.ar\/wp-content\/uploads\/2024\/10\/image-141.png\",\"datePublished\":\"2024-10-15T21:15:38+00:00\",\"dateModified\":\"2024-10-15T21:17:13+00:00\",\"breadcrumb\":{\"@id\":\"https:\/\/infoecos.com.ar\/index.php\/jornada-de-visibilizacion-en-respaldo-a-la-educacion-publica-este-miercoles-promovida-por-la-facultad-de-agronomia-de-la-pampa\/#breadcrumb\"},\"inLanguage\":\"es\",\"potentialAction\":[{\"@type\":\"ReadAction\",\"target\":[\"https:\/\/infoecos.com.ar\/index.php\/jornada-de-visibilizacion-en-respaldo-a-la-educacion-publica-este-miercoles-promovida-por-la-facultad-de-agronomia-de-la-pampa\/\"]}]},{\"@type\":\"ImageObject\",\"inLanguage\":\"es\",\"@id\":\"https:\/\/infoecos.com.ar\/index.php\/jornada-de-visibilizacion-en-respaldo-a-la-educacion-publica-este-miercoles-promovida-por-la-facultad-de-agronomia-de-la-pampa\/#primaryimage\",\"url\":\"https:\/\/infoecos.com.ar\/wp-content\/uploads\/2024\/10\/image-141.png\",\"contentUrl\":\"https:\/\/infoecos.com.ar\/wp-content\/uploads\/2024\/10\/image-141.png\",\"width\":1121,\"height\":633},{\"@type\":\"BreadcrumbList\",\"@id\":\"https:\/\/infoecos.com.ar\/index.php\/jornada-de-visibilizacion-en-respaldo-a-la-educacion-publica-este-miercoles-promovida-por-la-facultad-de-agronomia-de-la-pampa\/#breadcrumb\",\"itemListElement\":[{\"@type\":\"ListItem\",\"position\":1,\"name\":\"Portada\",\"item\":\"https:\/\/infoecos.com.ar\/\"},{\"@type\":\"ListItem\",\"position\":2,\"name\":\"Jornada de visibilizaci\u00f3n en respaldo a la educaci\u00f3n p\u00fablica, este mi\u00e9rcoles, promovida por la Facultad de Agronom\u00eda de La Pampa\"}]},{\"@type\":\"WebSite\",\"@id\":\"https:\/\/infoecos.com.ar\/#website\",\"url\":\"https:\/\/infoecos.com.ar\/\",\"name\":\"Infoecos\",\"description\":\"Noticias de trenque lauquen y la zona\",\"publisher\":{\"@id\":\"https:\/\/infoecos.com.ar\/#organization\"},\"alternateName\":\"Noticias\",\"potentialAction\":[{\"@type\":\"SearchAction\",\"target\":{\"@type\":\"EntryPoint\",\"urlTemplate\":\"https:\/\/infoecos.com.ar\/?s={search_term_string}\"},\"query-input\":{\"@type\":\"PropertyValueSpecification\",\"valueRequired\":true,\"valueName\":\"search_term_string\"}}],\"inLanguage\":\"es\"},{\"@type\":\"Organization\",\"@id\":\"https:\/\/infoecos.com.ar\/#organization\",\"name\":\"Infoecos\",\"alternateName\":\"Noticias\",\"url\":\"https:\/\/infoecos.com.ar\/\",\"logo\":{\"@type\":\"ImageObject\",\"inLanguage\":\"es\",\"@id\":\"https:\/\/infoecos.com.ar\/#\/schema\/logo\/image\/\",\"url\":\"https:\/\/infoecos.com.ar\/wp-content\/uploads\/2024\/03\/cropped-logo.png\",\"contentUrl\":\"https:\/\/infoecos.com.ar\/wp-content\/uploads\/2024\/03\/cropped-logo.png\",\"width\":374,\"height\":90,\"caption\":\"Infoecos\"},\"image\":{\"@id\":\"https:\/\/infoecos.com.ar\/#\/schema\/logo\/image\/\"},\"sameAs\":[\"https:\/\/www.facebook.com\/profile.php?id=100063200290284\",\"https:\/\/x.com\/infoecos\"]},{\"@type\":\"Person\",\"@id\":\"https:\/\/infoecos.com.ar\/#\/schema\/person\/8f5ace5ce73b4b4aac4b7245aee6f191\",\"name\":\"Jorge Matheus\",\"url\":\"https:\/\/infoecos.com.ar\/index.php\/author\/jomatheus\/\"}]}<\/script>\n<!-- \/ Yoast SEO plugin. -->","yoast_head_json":{"title":"Jornada de visibilizaci\u00f3n en respaldo a la educaci\u00f3n p\u00fablica, este mi\u00e9rcoles, promovida por la Facultad de Agronom\u00eda de La Pampa - Infoecos","robots":{"index":"index","follow":"follow","max-snippet":"max-snippet:-1","max-image-preview":"max-image-preview:large","max-video-preview":"max-video-preview:-1"},"canonical":"https:\/\/infoecos.com.ar\/index.php\/jornada-de-visibilizacion-en-respaldo-a-la-educacion-publica-este-miercoles-promovida-por-la-facultad-de-agronomia-de-la-pampa\/","og_locale":"es_ES","og_type":"article","og_title":"Jornada de visibilizaci\u00f3n en respaldo a la educaci\u00f3n p\u00fablica, este mi\u00e9rcoles, promovida por la Facultad de Agronom\u00eda de La Pampa - Infoecos","og_description":"La actividad comenzar\u00e1 en la entrada a dicha sede de la UNLPam, sobre la ruta nacional 35, y luego se extender\u00e1 hasta el ingreso a la ciudad de Santa Rosa","og_url":"https:\/\/infoecos.com.ar\/index.php\/jornada-de-visibilizacion-en-respaldo-a-la-educacion-publica-este-miercoles-promovida-por-la-facultad-de-agronomia-de-la-pampa\/","og_site_name":"Infoecos","article_publisher":"https:\/\/www.facebook.com\/profile.php?id=100063200290284","article_published_time":"2024-10-15T21:15:38+00:00","article_modified_time":"2024-10-15T21:17:13+00:00","og_image":[{"width":1121,"height":633,"url":"https:\/\/infoecos.com.ar\/wp-content\/uploads\/2024\/10\/image-141.png","type":"image\/png"}],"author":"Jorge Matheus","twitter_card":"summary_large_image","twitter_creator":"@infoecos","twitter_site":"@infoecos","twitter_misc":{"Escrito por":"Jorge Matheus","Tiempo de lectura":"2 minutos"},"schema":{"@context":"https:\/\/schema.org","@graph":[{"@type":"Article","@id":"https:\/\/infoecos.com.ar\/index.php\/jornada-de-visibilizacion-en-respaldo-a-la-educacion-publica-este-miercoles-promovida-por-la-facultad-de-agronomia-de-la-pampa\/#article","isPartOf":{"@id":"https:\/\/infoecos.com.ar\/index.php\/jornada-de-visibilizacion-en-respaldo-a-la-educacion-publica-este-miercoles-promovida-por-la-facultad-de-agronomia-de-la-pampa\/"},"author":{"name":"Jorge Matheus","@id":"https:\/\/infoecos.com.ar\/#\/schema\/person\/8f5ace5ce73b4b4aac4b7245aee6f191"},"headline":"Jornada de visibilizaci\u00f3n en respaldo a la educaci\u00f3n p\u00fablica, este mi\u00e9rcoles, promovida por la Facultad de Agronom\u00eda de La Pampa","datePublished":"2024-10-15T21:15:38+00:00","dateModified":"2024-10-15T21:17:13+00:00","mainEntityOfPage":{"@id":"https:\/\/infoecos.com.ar\/index.php\/jornada-de-visibilizacion-en-respaldo-a-la-educacion-publica-este-miercoles-promovida-por-la-facultad-de-agronomia-de-la-pampa\/"},"wordCount":188,"publisher":{"@id":"https:\/\/infoecos.com.ar\/#organization"},"image":{"@id":"https:\/\/infoecos.com.ar\/index.php\/jornada-de-visibilizacion-en-respaldo-a-la-educacion-publica-este-miercoles-promovida-por-la-facultad-de-agronomia-de-la-pampa\/#primaryimage"},"thumbnailUrl":"https:\/\/infoecos.com.ar\/wp-content\/uploads\/2024\/10\/image-141.png","articleSection":["Noticia Secundaria"],"inLanguage":"es"},{"@type":"WebPage","@id":"https:\/\/infoecos.com.ar\/index.php\/jornada-de-visibilizacion-en-respaldo-a-la-educacion-publica-este-miercoles-promovida-por-la-facultad-de-agronomia-de-la-pampa\/","url":"https:\/\/infoecos.com.ar\/index.php\/jornada-de-visibilizacion-en-respaldo-a-la-educacion-publica-este-miercoles-promovida-por-la-facultad-de-agronomia-de-la-pampa\/","name":"Jornada de visibilizaci\u00f3n en respaldo a la educaci\u00f3n p\u00fablica, este mi\u00e9rcoles, promovida por la Facultad de Agronom\u00eda de La Pampa - Infoecos","isPartOf":{"@id":"https:\/\/infoecos.com.ar\/#website"},"primaryImageOfPage":{"@id":"https:\/\/infoecos.com.ar\/index.php\/jornada-de-visibilizacion-en-respaldo-a-la-educacion-publica-este-miercoles-promovida-por-la-facultad-de-agronomia-de-la-pampa\/#primaryimage"},"image":{"@id":"https:\/\/infoecos.com.ar\/index.php\/jornada-de-visibilizacion-en-respaldo-a-la-educacion-publica-este-miercoles-promovida-por-la-facultad-de-agronomia-de-la-pampa\/#primaryimage"},"thumbnailUrl":"https:\/\/infoecos.com.ar\/wp-content\/uploads\/2024\/10\/image-141.png","datePublished":"2024-10-15T21:15:38+00:00","dateModified":"2024-10-15T21:17:13+00:00","breadcrumb":{"@id":"https:\/\/infoecos.com.ar\/index.php\/jornada-de-visibilizacion-en-respaldo-a-la-educacion-publica-este-miercoles-promovida-por-la-facultad-de-agronomia-de-la-pampa\/#breadcrumb"},"inLanguage":"es","potentialAction":[{"@type":"ReadAction","target":["https:\/\/infoecos.com.ar\/index.php\/jornada-de-visibilizacion-en-respaldo-a-la-educacion-publica-este-miercoles-promovida-por-la-facultad-de-agronomia-de-la-pampa\/"]}]},{"@type":"ImageObject","inLanguage":"es","@id":"https:\/\/infoecos.com.ar\/index.php\/jornada-de-visibilizacion-en-respaldo-a-la-educacion-publica-este-miercoles-promovida-por-la-facultad-de-agronomia-de-la-pampa\/#primaryimage","url":"https:\/\/infoecos.com.ar\/wp-content\/uploads\/2024\/10\/image-141.png","contentUrl":"https:\/\/infoecos.com.ar\/wp-content\/uploads\/2024\/10\/image-141.png","width":1121,"height":633},{"@type":"BreadcrumbList","@id":"https:\/\/infoecos.com.ar\/index.php\/jornada-de-visibilizacion-en-respaldo-a-la-educacion-publica-este-miercoles-promovida-por-la-facultad-de-agronomia-de-la-pampa\/#breadcrumb","itemListElement":[{"@type":"ListItem","position":1,"name":"Portada","item":"https:\/\/infoecos.com.ar\/"},{"@type":"ListItem","position":2,"name":"Jornada de visibilizaci\u00f3n en respaldo a la educaci\u00f3n p\u00fablica, este mi\u00e9rcoles, promovida por la Facultad de Agronom\u00eda de La Pampa"}]},{"@type":"WebSite","@id":"https:\/\/infoecos.com.ar\/#website","url":"https:\/\/infoecos.com.ar\/","name":"Infoecos","description":"Noticias de trenque lauquen y la zona","publisher":{"@id":"https:\/\/infoecos.com.ar\/#organization"},"alternateName":"Noticias","potentialAction":[{"@type":"SearchAction","target":{"@type":"EntryPoint","urlTemplate":"https:\/\/infoecos.com.ar\/?s={search_term_string}"},"query-input":{"@type":"PropertyValueSpecification","valueRequired":true,"valueName":"search_term_string"}}],"inLanguage":"es"},{"@type":"Organization","@id":"https:\/\/infoecos.com.ar\/#organization","name":"Infoecos","alternateName":"Noticias","url":"https:\/\/infoecos.com.ar\/","logo":{"@type":"ImageObject","inLanguage":"es","@id":"https:\/\/infoecos.com.ar\/#\/schema\/logo\/image\/","url":"https:\/\/infoecos.com.ar\/wp-content\/uploads\/2024\/03\/cropped-logo.png","contentUrl":"https:\/\/infoecos.com.ar\/wp-content\/uploads\/2024\/03\/cropped-logo.png","width":374,"height":90,"caption":"Infoecos"},"image":{"@id":"https:\/\/infoecos.com.ar\/#\/schema\/logo\/image\/"},"sameAs":["https:\/\/www.facebook.com\/profile.php?id=100063200290284","https:\/\/x.com\/infoecos"]},{"@type":"Person","@id":"https:\/\/infoecos.com.ar\/#\/schema\/person\/8f5ace5ce73b4b4aac4b7245aee6f191","name":"Jorge Matheus","url":"https:\/\/infoecos.com.ar\/index.php\/author\/jomatheus\/"}]}},"featured_image_urls":{"full":["https:\/\/infoecos.com.ar\/wp-content\/uploads\/2024\/10\/image-141.png",1121,633,false],"thumbnail":["https:\/\/infoecos.com.ar\/wp-content\/uploads\/2024\/10\/image-141-300x150.png",300,150,true],"medium":["https:\/\/infoecos.com.ar\/wp-content\/uploads\/2024\/10\/image-141-800x452.png",800,452,true],"medium_large":["https:\/\/infoecos.com.ar\/wp-content\/uploads\/2024\/10\/image-141-768x434.png",640,362,true],"large":["https:\/\/infoecos.com.ar\/wp-content\/uploads\/2024\/10\/image-141.png",640,361,false],"1536x1536":["https:\/\/infoecos.com.ar\/wp-content\/uploads\/2024\/10\/image-141.png",1121,633,false],"2048x2048":["https:\/\/infoecos.com.ar\/wp-content\/uploads\/2024\/10\/image-141.png",1121,633,false],"covernews-slider-full":["https:\/\/infoecos.com.ar\/wp-content\/uploads\/2024\/10\/image-141-1115x633.png",1115,633,true],"covernews-slider-center":["https:\/\/infoecos.com.ar\/wp-content\/uploads\/2024\/10\/image-141-800x500.png",800,500,true],"covernews-featured":["https:\/\/infoecos.com.ar\/wp-content\/uploads\/2024\/10\/image-141-1024x578.png",1024,578,true],"covernews-medium":["https:\/\/infoecos.com.ar\/wp-content\/uploads\/2024\/10\/image-141-540x340.png",540,340,true],"covernews-medium-square":["https:\/\/infoecos.com.ar\/wp-content\/uploads\/2024\/10\/image-141-400x250.png",400,250,true]},"author_info":{"info":["Jorge Matheus"]},"category_info":"<a href=\"https:\/\/infoecos.com.ar\/index.php\/category\/noticia-secundaria\/\" rel=\"category tag\">Noticia Secundaria<\/a>","tag_info":"Noticia Secundaria","comment_count":"0","_links":{"self":[{"href":"https:\/\/infoecos.com.ar\/index.php\/wp-json\/wp\/v2\/posts\/131040"}],"collection":[{"href":"https:\/\/infoecos.com.ar\/index.php\/wp-json\/wp\/v2\/posts"}],"about":[{"href":"https:\/\/infoecos.com.ar\/index.php\/wp-json\/wp\/v2\/types\/post"}],"author":[{"embeddable":true,"href":"https:\/\/infoecos.com.ar\/index.php\/wp-json\/wp\/v2\/users\/2"}],"replies":[{"embeddable":true,"href":"https:\/\/infoecos.com.ar\/index.php\/wp-json\/wp\/v2\/comments?post=131040"}],"version-history":[{"count":1,"href":"https:\/\/infoecos.com.ar\/index.php\/wp-json\/wp\/v2\/posts\/131040\/revisions"}],"predecessor-version":[{"id":131042,"href":"https:\/\/infoecos.com.ar\/index.php\/wp-json\/wp\/v2\/posts\/131040\/revisions\/131042"}],"wp:featuredmedia":[{"embeddable":true,"href":"https:\/\/infoecos.com.ar\/index.php\/wp-json\/wp\/v2\/media\/131041"}],"wp:attachment":[{"href":"https:\/\/infoecos.com.ar\/index.php\/wp-json\/wp\/v2\/media?parent=131040"}],"wp:term":[{"taxonomy":"category","embeddable":true,"href":"https:\/\/infoecos.com.ar\/index.php\/wp-json\/wp\/v2\/categories?post=131040"},{"taxonomy":"post_tag","embeddable":true,"href":"https:\/\/infoecos.com.ar\/index.php\/wp-json\/wp\/v2\/tags?post=131040"}],"curies":[{"name":"wp","href":"https:\/\/api.w.org\/{rel}","templated":true}]}}