{"id":131099,"date":"2024-10-16T22:17:08","date_gmt":"2024-10-17T01:17:08","guid":{"rendered":"https:\/\/infoecos.com.ar\/?p=131099"},"modified":"2024-10-16T22:17:09","modified_gmt":"2024-10-17T01:17:09","slug":"alerta-naranja-para-todo-el-sudoeste-bonaerense-que-incluye-adolfo-alsina-suarez-guamini-torquinst","status":"publish","type":"post","link":"https:\/\/infoecos.com.ar\/index.php\/alerta-naranja-para-todo-el-sudoeste-bonaerense-que-incluye-adolfo-alsina-suarez-guamini-torquinst\/","title":{"rendered":"Alerta Naranja para todo el Sudoeste Bonaerense que incluye Adolfo Alsina, Su\u00e1rez, Guamin\u00ed, Torquinst"},"content":{"rendered":"\n<figure class=\"wp-block-image alignright size-full is-resized\"><img loading=\"lazy\" decoding=\"async\" width=\"807\" height=\"454\" src=\"https:\/\/infoecos.com.ar\/wp-content\/uploads\/2024\/10\/image-150.png\" alt=\"\" class=\"wp-image-131100\" style=\"width:327px;height:auto\" srcset=\"https:\/\/infoecos.com.ar\/wp-content\/uploads\/2024\/10\/image-150.png 807w, https:\/\/infoecos.com.ar\/wp-content\/uploads\/2024\/10\/image-150-800x450.png 800w, https:\/\/infoecos.com.ar\/wp-content\/uploads\/2024\/10\/image-150-768x432.png 768w\" sizes=\"(max-width: 807px) 100vw, 807px\" \/><\/figure>\n\n\n\n<p>El Servicio Meteorol\u00f3gico Nacional cambi\u00f3 la advertencia sobre las tormentas para todo el Sudoeste Bonaerense y emiti\u00f3 un alerta naranja para toda la regi\u00f3n.<\/p>\n\n\n\n<p>En principio, el alerta naranja regir\u00e1 hasta la medianoche de este mi\u00e9rcoles para, a partir del jueves, pasar\u00e1 ser amarillo hasta las primeras horas de la ma\u00f1ana.<\/p>\n\n\n\n<p>A esto se suman algunos de los denominados avisos de corto plazo -que tienen una duraci\u00f3n no mayor a las dos horas- en puntos espec\u00edficos de la regi\u00f3n.<\/p>\n\n\n\n<p>Se estiman valores de precipitaci\u00f3n acumulada entre 50 y 80 mil\u00edmetros, pudiendo ser superados en forma puntual.<\/p>\n\n\n\n<p>A partir de la medianoche, las condiciones experimentar\u00edan una leve mejor\u00eda, aunque el alerta amarillo por tormentas se mantendr\u00eda -al menos- hasta las 6 del jueves.<\/p>\n\n\n\n<figure class=\"wp-block-image alignright size-full is-resized\"><img loading=\"lazy\" decoding=\"async\" width=\"701\" height=\"478\" src=\"https:\/\/infoecos.com.ar\/wp-content\/uploads\/2024\/10\/image-151.png\" alt=\"\" class=\"wp-image-131101\" style=\"width:323px;height:auto\"\/><\/figure>\n\n\n\n<p>Desde el SMN se recomienda permanecer en construcciones cerradas como casas, escuelas o edificios; mantenerse alejado de artefactos el\u00e9ctricos y evitar el uso de tel\u00e9fonos con cable; en caso de viaje, quedarse dentro del veh\u00edculo, y evitar circular por calles inundadas o afectadas.<\/p>\n\n\n\n<p>Est\u00e1n comprendidos los distritos de Bah\u00eda Blanca, Tornquist, Coronel Su\u00e1rez, Coronel Pringles, Saavedra, Adolfo Alsina, Coronel\u00a0Su\u00e1rez, Guamin\u00ed,\u00a0Puan,\u00a0Saavedra y\u00a0Tornquist.<\/p>\n\n\n\n<p><\/p>\n","protected":false},"excerpt":{"rendered":"<p>A partir de la medianoche, las condiciones experimentar\u00edan una leve mejor\u00eda, aunque el alerta amarillo por tormentas se mantendr\u00eda -al menos- hasta las 6 del jueves<\/p>\n","protected":false},"author":2,"featured_media":131101,"comment_status":"closed","ping_status":"open","sticky":false,"template":"","format":"standard","meta":{"footnotes":""},"categories":[1612],"tags":[],"class_list":["post-131099","post","type-post","status-publish","format-standard","has-post-thumbnail","hentry","category-noticia-principal"],"yoast_head":"<!-- This site is optimized with the Yoast SEO plugin v23.4 - https:\/\/yoast.com\/wordpress\/plugins\/seo\/ -->\n<title>Alerta Naranja para todo el Sudoeste Bonaerense que incluye Adolfo Alsina, Su\u00e1rez, Guamin\u00ed, Torquinst - Infoecos<\/title>\n<meta name=\"robots\" content=\"index, follow, max-snippet:-1, max-image-preview:large, max-video-preview:-1\" \/>\n<link rel=\"canonical\" href=\"https:\/\/infoecos.com.ar\/index.php\/alerta-naranja-para-todo-el-sudoeste-bonaerense-que-incluye-adolfo-alsina-suarez-guamini-torquinst\/\" \/>\n<meta property=\"og:locale\" content=\"es_ES\" \/>\n<meta property=\"og:type\" content=\"article\" \/>\n<meta property=\"og:title\" content=\"Alerta Naranja para todo el Sudoeste Bonaerense que incluye Adolfo Alsina, Su\u00e1rez, Guamin\u00ed, Torquinst - Infoecos\" \/>\n<meta property=\"og:description\" content=\"A partir de la medianoche, las condiciones experimentar\u00edan una leve mejor\u00eda, aunque el alerta amarillo por tormentas se mantendr\u00eda -al menos- hasta las 6 del jueves\" \/>\n<meta property=\"og:url\" content=\"https:\/\/infoecos.com.ar\/index.php\/alerta-naranja-para-todo-el-sudoeste-bonaerense-que-incluye-adolfo-alsina-suarez-guamini-torquinst\/\" \/>\n<meta property=\"og:site_name\" content=\"Infoecos\" \/>\n<meta property=\"article:publisher\" content=\"https:\/\/www.facebook.com\/profile.php?id=100063200290284\" \/>\n<meta property=\"article:published_time\" content=\"2024-10-17T01:17:08+00:00\" \/>\n<meta property=\"article:modified_time\" content=\"2024-10-17T01:17:09+00:00\" \/>\n<meta property=\"og:image\" content=\"https:\/\/infoecos.com.ar\/wp-content\/uploads\/2024\/10\/image-151.png\" \/>\n\t<meta property=\"og:image:width\" content=\"701\" \/>\n\t<meta property=\"og:image:height\" content=\"478\" \/>\n\t<meta property=\"og:image:type\" content=\"image\/png\" \/>\n<meta name=\"author\" content=\"Jorge Matheus\" \/>\n<meta name=\"twitter:card\" content=\"summary_large_image\" \/>\n<meta name=\"twitter:creator\" content=\"@infoecos\" \/>\n<meta name=\"twitter:site\" content=\"@infoecos\" \/>\n<meta name=\"twitter:label1\" content=\"Escrito por\" \/>\n\t<meta name=\"twitter:data1\" content=\"Jorge Matheus\" \/>\n\t<meta name=\"twitter:label2\" content=\"Tiempo de lectura\" \/>\n\t<meta name=\"twitter:data2\" content=\"2 minutos\" \/>\n<script type=\"application\/ld+json\" class=\"yoast-schema-graph\">{\"@context\":\"https:\/\/schema.org\",\"@graph\":[{\"@type\":\"Article\",\"@id\":\"https:\/\/infoecos.com.ar\/index.php\/alerta-naranja-para-todo-el-sudoeste-bonaerense-que-incluye-adolfo-alsina-suarez-guamini-torquinst\/#article\",\"isPartOf\":{\"@id\":\"https:\/\/infoecos.com.ar\/index.php\/alerta-naranja-para-todo-el-sudoeste-bonaerense-que-incluye-adolfo-alsina-suarez-guamini-torquinst\/\"},\"author\":{\"name\":\"Jorge Matheus\",\"@id\":\"https:\/\/infoecos.com.ar\/#\/schema\/person\/8f5ace5ce73b4b4aac4b7245aee6f191\"},\"headline\":\"Alerta Naranja para todo el Sudoeste Bonaerense que incluye Adolfo Alsina, Su\u00e1rez, Guamin\u00ed, Torquinst\",\"datePublished\":\"2024-10-17T01:17:08+00:00\",\"dateModified\":\"2024-10-17T01:17:09+00:00\",\"mainEntityOfPage\":{\"@id\":\"https:\/\/infoecos.com.ar\/index.php\/alerta-naranja-para-todo-el-sudoeste-bonaerense-que-incluye-adolfo-alsina-suarez-guamini-torquinst\/\"},\"wordCount\":218,\"publisher\":{\"@id\":\"https:\/\/infoecos.com.ar\/#organization\"},\"image\":{\"@id\":\"https:\/\/infoecos.com.ar\/index.php\/alerta-naranja-para-todo-el-sudoeste-bonaerense-que-incluye-adolfo-alsina-suarez-guamini-torquinst\/#primaryimage\"},\"thumbnailUrl\":\"https:\/\/infoecos.com.ar\/wp-content\/uploads\/2024\/10\/image-151.png\",\"articleSection\":[\"Noticia Principal\"],\"inLanguage\":\"es\"},{\"@type\":\"WebPage\",\"@id\":\"https:\/\/infoecos.com.ar\/index.php\/alerta-naranja-para-todo-el-sudoeste-bonaerense-que-incluye-adolfo-alsina-suarez-guamini-torquinst\/\",\"url\":\"https:\/\/infoecos.com.ar\/index.php\/alerta-naranja-para-todo-el-sudoeste-bonaerense-que-incluye-adolfo-alsina-suarez-guamini-torquinst\/\",\"name\":\"Alerta Naranja para todo el Sudoeste Bonaerense que incluye Adolfo Alsina, Su\u00e1rez, Guamin\u00ed, Torquinst - Infoecos\",\"isPartOf\":{\"@id\":\"https:\/\/infoecos.com.ar\/#website\"},\"primaryImageOfPage\":{\"@id\":\"https:\/\/infoecos.com.ar\/index.php\/alerta-naranja-para-todo-el-sudoeste-bonaerense-que-incluye-adolfo-alsina-suarez-guamini-torquinst\/#primaryimage\"},\"image\":{\"@id\":\"https:\/\/infoecos.com.ar\/index.php\/alerta-naranja-para-todo-el-sudoeste-bonaerense-que-incluye-adolfo-alsina-suarez-guamini-torquinst\/#primaryimage\"},\"thumbnailUrl\":\"https:\/\/infoecos.com.ar\/wp-content\/uploads\/2024\/10\/image-151.png\",\"datePublished\":\"2024-10-17T01:17:08+00:00\",\"dateModified\":\"2024-10-17T01:17:09+00:00\",\"breadcrumb\":{\"@id\":\"https:\/\/infoecos.com.ar\/index.php\/alerta-naranja-para-todo-el-sudoeste-bonaerense-que-incluye-adolfo-alsina-suarez-guamini-torquinst\/#breadcrumb\"},\"inLanguage\":\"es\",\"potentialAction\":[{\"@type\":\"ReadAction\",\"target\":[\"https:\/\/infoecos.com.ar\/index.php\/alerta-naranja-para-todo-el-sudoeste-bonaerense-que-incluye-adolfo-alsina-suarez-guamini-torquinst\/\"]}]},{\"@type\":\"ImageObject\",\"inLanguage\":\"es\",\"@id\":\"https:\/\/infoecos.com.ar\/index.php\/alerta-naranja-para-todo-el-sudoeste-bonaerense-que-incluye-adolfo-alsina-suarez-guamini-torquinst\/#primaryimage\",\"url\":\"https:\/\/infoecos.com.ar\/wp-content\/uploads\/2024\/10\/image-151.png\",\"contentUrl\":\"https:\/\/infoecos.com.ar\/wp-content\/uploads\/2024\/10\/image-151.png\",\"width\":701,\"height\":478},{\"@type\":\"BreadcrumbList\",\"@id\":\"https:\/\/infoecos.com.ar\/index.php\/alerta-naranja-para-todo-el-sudoeste-bonaerense-que-incluye-adolfo-alsina-suarez-guamini-torquinst\/#breadcrumb\",\"itemListElement\":[{\"@type\":\"ListItem\",\"position\":1,\"name\":\"Portada\",\"item\":\"https:\/\/infoecos.com.ar\/\"},{\"@type\":\"ListItem\",\"position\":2,\"name\":\"Alerta Naranja para todo el Sudoeste Bonaerense que incluye Adolfo Alsina, Su\u00e1rez, Guamin\u00ed, Torquinst\"}]},{\"@type\":\"WebSite\",\"@id\":\"https:\/\/infoecos.com.ar\/#website\",\"url\":\"https:\/\/infoecos.com.ar\/\",\"name\":\"Infoecos\",\"description\":\"Noticias de trenque lauquen y la zona\",\"publisher\":{\"@id\":\"https:\/\/infoecos.com.ar\/#organization\"},\"alternateName\":\"Noticias\",\"potentialAction\":[{\"@type\":\"SearchAction\",\"target\":{\"@type\":\"EntryPoint\",\"urlTemplate\":\"https:\/\/infoecos.com.ar\/?s={search_term_string}\"},\"query-input\":{\"@type\":\"PropertyValueSpecification\",\"valueRequired\":true,\"valueName\":\"search_term_string\"}}],\"inLanguage\":\"es\"},{\"@type\":\"Organization\",\"@id\":\"https:\/\/infoecos.com.ar\/#organization\",\"name\":\"Infoecos\",\"alternateName\":\"Noticias\",\"url\":\"https:\/\/infoecos.com.ar\/\",\"logo\":{\"@type\":\"ImageObject\",\"inLanguage\":\"es\",\"@id\":\"https:\/\/infoecos.com.ar\/#\/schema\/logo\/image\/\",\"url\":\"https:\/\/infoecos.com.ar\/wp-content\/uploads\/2024\/03\/cropped-logo.png\",\"contentUrl\":\"https:\/\/infoecos.com.ar\/wp-content\/uploads\/2024\/03\/cropped-logo.png\",\"width\":374,\"height\":90,\"caption\":\"Infoecos\"},\"image\":{\"@id\":\"https:\/\/infoecos.com.ar\/#\/schema\/logo\/image\/\"},\"sameAs\":[\"https:\/\/www.facebook.com\/profile.php?id=100063200290284\",\"https:\/\/x.com\/infoecos\"]},{\"@type\":\"Person\",\"@id\":\"https:\/\/infoecos.com.ar\/#\/schema\/person\/8f5ace5ce73b4b4aac4b7245aee6f191\",\"name\":\"Jorge Matheus\",\"url\":\"https:\/\/infoecos.com.ar\/index.php\/author\/jomatheus\/\"}]}<\/script>\n<!-- \/ Yoast SEO plugin. -->","yoast_head_json":{"title":"Alerta Naranja para todo el Sudoeste Bonaerense que incluye Adolfo Alsina, Su\u00e1rez, Guamin\u00ed, Torquinst - Infoecos","robots":{"index":"index","follow":"follow","max-snippet":"max-snippet:-1","max-image-preview":"max-image-preview:large","max-video-preview":"max-video-preview:-1"},"canonical":"https:\/\/infoecos.com.ar\/index.php\/alerta-naranja-para-todo-el-sudoeste-bonaerense-que-incluye-adolfo-alsina-suarez-guamini-torquinst\/","og_locale":"es_ES","og_type":"article","og_title":"Alerta Naranja para todo el Sudoeste Bonaerense que incluye Adolfo Alsina, Su\u00e1rez, Guamin\u00ed, Torquinst - Infoecos","og_description":"A partir de la medianoche, las condiciones experimentar\u00edan una leve mejor\u00eda, aunque el alerta amarillo por tormentas se mantendr\u00eda -al menos- hasta las 6 del jueves","og_url":"https:\/\/infoecos.com.ar\/index.php\/alerta-naranja-para-todo-el-sudoeste-bonaerense-que-incluye-adolfo-alsina-suarez-guamini-torquinst\/","og_site_name":"Infoecos","article_publisher":"https:\/\/www.facebook.com\/profile.php?id=100063200290284","article_published_time":"2024-10-17T01:17:08+00:00","article_modified_time":"2024-10-17T01:17:09+00:00","og_image":[{"width":701,"height":478,"url":"https:\/\/infoecos.com.ar\/wp-content\/uploads\/2024\/10\/image-151.png","type":"image\/png"}],"author":"Jorge Matheus","twitter_card":"summary_large_image","twitter_creator":"@infoecos","twitter_site":"@infoecos","twitter_misc":{"Escrito por":"Jorge Matheus","Tiempo de lectura":"2 minutos"},"schema":{"@context":"https:\/\/schema.org","@graph":[{"@type":"Article","@id":"https:\/\/infoecos.com.ar\/index.php\/alerta-naranja-para-todo-el-sudoeste-bonaerense-que-incluye-adolfo-alsina-suarez-guamini-torquinst\/#article","isPartOf":{"@id":"https:\/\/infoecos.com.ar\/index.php\/alerta-naranja-para-todo-el-sudoeste-bonaerense-que-incluye-adolfo-alsina-suarez-guamini-torquinst\/"},"author":{"name":"Jorge Matheus","@id":"https:\/\/infoecos.com.ar\/#\/schema\/person\/8f5ace5ce73b4b4aac4b7245aee6f191"},"headline":"Alerta Naranja para todo el Sudoeste Bonaerense que incluye Adolfo Alsina, Su\u00e1rez, Guamin\u00ed, Torquinst","datePublished":"2024-10-17T01:17:08+00:00","dateModified":"2024-10-17T01:17:09+00:00","mainEntityOfPage":{"@id":"https:\/\/infoecos.com.ar\/index.php\/alerta-naranja-para-todo-el-sudoeste-bonaerense-que-incluye-adolfo-alsina-suarez-guamini-torquinst\/"},"wordCount":218,"publisher":{"@id":"https:\/\/infoecos.com.ar\/#organization"},"image":{"@id":"https:\/\/infoecos.com.ar\/index.php\/alerta-naranja-para-todo-el-sudoeste-bonaerense-que-incluye-adolfo-alsina-suarez-guamini-torquinst\/#primaryimage"},"thumbnailUrl":"https:\/\/infoecos.com.ar\/wp-content\/uploads\/2024\/10\/image-151.png","articleSection":["Noticia Principal"],"inLanguage":"es"},{"@type":"WebPage","@id":"https:\/\/infoecos.com.ar\/index.php\/alerta-naranja-para-todo-el-sudoeste-bonaerense-que-incluye-adolfo-alsina-suarez-guamini-torquinst\/","url":"https:\/\/infoecos.com.ar\/index.php\/alerta-naranja-para-todo-el-sudoeste-bonaerense-que-incluye-adolfo-alsina-suarez-guamini-torquinst\/","name":"Alerta Naranja para todo el Sudoeste Bonaerense que incluye Adolfo Alsina, Su\u00e1rez, Guamin\u00ed, Torquinst - Infoecos","isPartOf":{"@id":"https:\/\/infoecos.com.ar\/#website"},"primaryImageOfPage":{"@id":"https:\/\/infoecos.com.ar\/index.php\/alerta-naranja-para-todo-el-sudoeste-bonaerense-que-incluye-adolfo-alsina-suarez-guamini-torquinst\/#primaryimage"},"image":{"@id":"https:\/\/infoecos.com.ar\/index.php\/alerta-naranja-para-todo-el-sudoeste-bonaerense-que-incluye-adolfo-alsina-suarez-guamini-torquinst\/#primaryimage"},"thumbnailUrl":"https:\/\/infoecos.com.ar\/wp-content\/uploads\/2024\/10\/image-151.png","datePublished":"2024-10-17T01:17:08+00:00","dateModified":"2024-10-17T01:17:09+00:00","breadcrumb":{"@id":"https:\/\/infoecos.com.ar\/index.php\/alerta-naranja-para-todo-el-sudoeste-bonaerense-que-incluye-adolfo-alsina-suarez-guamini-torquinst\/#breadcrumb"},"inLanguage":"es","potentialAction":[{"@type":"ReadAction","target":["https:\/\/infoecos.com.ar\/index.php\/alerta-naranja-para-todo-el-sudoeste-bonaerense-que-incluye-adolfo-alsina-suarez-guamini-torquinst\/"]}]},{"@type":"ImageObject","inLanguage":"es","@id":"https:\/\/infoecos.com.ar\/index.php\/alerta-naranja-para-todo-el-sudoeste-bonaerense-que-incluye-adolfo-alsina-suarez-guamini-torquinst\/#primaryimage","url":"https:\/\/infoecos.com.ar\/wp-content\/uploads\/2024\/10\/image-151.png","contentUrl":"https:\/\/infoecos.com.ar\/wp-content\/uploads\/2024\/10\/image-151.png","width":701,"height":478},{"@type":"BreadcrumbList","@id":"https:\/\/infoecos.com.ar\/index.php\/alerta-naranja-para-todo-el-sudoeste-bonaerense-que-incluye-adolfo-alsina-suarez-guamini-torquinst\/#breadcrumb","itemListElement":[{"@type":"ListItem","position":1,"name":"Portada","item":"https:\/\/infoecos.com.ar\/"},{"@type":"ListItem","position":2,"name":"Alerta Naranja para todo el Sudoeste Bonaerense que incluye Adolfo Alsina, Su\u00e1rez, Guamin\u00ed, Torquinst"}]},{"@type":"WebSite","@id":"https:\/\/infoecos.com.ar\/#website","url":"https:\/\/infoecos.com.ar\/","name":"Infoecos","description":"Noticias de trenque lauquen y la zona","publisher":{"@id":"https:\/\/infoecos.com.ar\/#organization"},"alternateName":"Noticias","potentialAction":[{"@type":"SearchAction","target":{"@type":"EntryPoint","urlTemplate":"https:\/\/infoecos.com.ar\/?s={search_term_string}"},"query-input":{"@type":"PropertyValueSpecification","valueRequired":true,"valueName":"search_term_string"}}],"inLanguage":"es"},{"@type":"Organization","@id":"https:\/\/infoecos.com.ar\/#organization","name":"Infoecos","alternateName":"Noticias","url":"https:\/\/infoecos.com.ar\/","logo":{"@type":"ImageObject","inLanguage":"es","@id":"https:\/\/infoecos.com.ar\/#\/schema\/logo\/image\/","url":"https:\/\/infoecos.com.ar\/wp-content\/uploads\/2024\/03\/cropped-logo.png","contentUrl":"https:\/\/infoecos.com.ar\/wp-content\/uploads\/2024\/03\/cropped-logo.png","width":374,"height":90,"caption":"Infoecos"},"image":{"@id":"https:\/\/infoecos.com.ar\/#\/schema\/logo\/image\/"},"sameAs":["https:\/\/www.facebook.com\/profile.php?id=100063200290284","https:\/\/x.com\/infoecos"]},{"@type":"Person","@id":"https:\/\/infoecos.com.ar\/#\/schema\/person\/8f5ace5ce73b4b4aac4b7245aee6f191","name":"Jorge Matheus","url":"https:\/\/infoecos.com.ar\/index.php\/author\/jomatheus\/"}]}},"featured_image_urls":{"full":["https:\/\/infoecos.com.ar\/wp-content\/uploads\/2024\/10\/image-151.png",701,478,false],"thumbnail":["https:\/\/infoecos.com.ar\/wp-content\/uploads\/2024\/10\/image-151-300x150.png",300,150,true],"medium":["https:\/\/infoecos.com.ar\/wp-content\/uploads\/2024\/10\/image-151.png",701,478,false],"medium_large":["https:\/\/infoecos.com.ar\/wp-content\/uploads\/2024\/10\/image-151.png",640,436,false],"large":["https:\/\/infoecos.com.ar\/wp-content\/uploads\/2024\/10\/image-151.png",640,436,false],"1536x1536":["https:\/\/infoecos.com.ar\/wp-content\/uploads\/2024\/10\/image-151.png",701,478,false],"2048x2048":["https:\/\/infoecos.com.ar\/wp-content\/uploads\/2024\/10\/image-151.png",701,478,false],"covernews-slider-full":["https:\/\/infoecos.com.ar\/wp-content\/uploads\/2024\/10\/image-151.png",701,478,false],"covernews-slider-center":["https:\/\/infoecos.com.ar\/wp-content\/uploads\/2024\/10\/image-151.png",701,478,false],"covernews-featured":["https:\/\/infoecos.com.ar\/wp-content\/uploads\/2024\/10\/image-151.png",701,478,false],"covernews-medium":["https:\/\/infoecos.com.ar\/wp-content\/uploads\/2024\/10\/image-151-540x340.png",540,340,true],"covernews-medium-square":["https:\/\/infoecos.com.ar\/wp-content\/uploads\/2024\/10\/image-151-400x250.png",400,250,true]},"author_info":{"info":["Jorge Matheus"]},"category_info":"<a href=\"https:\/\/infoecos.com.ar\/index.php\/category\/noticia-principal\/\" rel=\"category tag\">Noticia Principal<\/a>","tag_info":"Noticia Principal","comment_count":"0","_links":{"self":[{"href":"https:\/\/infoecos.com.ar\/index.php\/wp-json\/wp\/v2\/posts\/131099"}],"collection":[{"href":"https:\/\/infoecos.com.ar\/index.php\/wp-json\/wp\/v2\/posts"}],"about":[{"href":"https:\/\/infoecos.com.ar\/index.php\/wp-json\/wp\/v2\/types\/post"}],"author":[{"embeddable":true,"href":"https:\/\/infoecos.com.ar\/index.php\/wp-json\/wp\/v2\/users\/2"}],"replies":[{"embeddable":true,"href":"https:\/\/infoecos.com.ar\/index.php\/wp-json\/wp\/v2\/comments?post=131099"}],"version-history":[{"count":1,"href":"https:\/\/infoecos.com.ar\/index.php\/wp-json\/wp\/v2\/posts\/131099\/revisions"}],"predecessor-version":[{"id":131102,"href":"https:\/\/infoecos.com.ar\/index.php\/wp-json\/wp\/v2\/posts\/131099\/revisions\/131102"}],"wp:featuredmedia":[{"embeddable":true,"href":"https:\/\/infoecos.com.ar\/index.php\/wp-json\/wp\/v2\/media\/131101"}],"wp:attachment":[{"href":"https:\/\/infoecos.com.ar\/index.php\/wp-json\/wp\/v2\/media?parent=131099"}],"wp:term":[{"taxonomy":"category","embeddable":true,"href":"https:\/\/infoecos.com.ar\/index.php\/wp-json\/wp\/v2\/categories?post=131099"},{"taxonomy":"post_tag","embeddable":true,"href":"https:\/\/infoecos.com.ar\/index.php\/wp-json\/wp\/v2\/tags?post=131099"}],"curies":[{"name":"wp","href":"https:\/\/api.w.org\/{rel}","templated":true}]}}