{"id":131123,"date":"2024-10-17T16:01:53","date_gmt":"2024-10-17T19:01:53","guid":{"rendered":"https:\/\/infoecos.com.ar\/?p=131123"},"modified":"2024-10-17T16:01:54","modified_gmt":"2024-10-17T19:01:54","slug":"ate-y-upcn-bonaerenses-aceptaron-la-propuesta-salarial-de-kicillof-y-ahora-falta-el-si-de-los-docentes","status":"publish","type":"post","link":"https:\/\/infoecos.com.ar\/index.php\/ate-y-upcn-bonaerenses-aceptaron-la-propuesta-salarial-de-kicillof-y-ahora-falta-el-si-de-los-docentes\/","title":{"rendered":"ATE y UPCN bonaerenses aceptaron la propuesta salarial de Kicillof y ahora falta el s\u00ed de los docentes"},"content":{"rendered":"\n<p><strong>Medio consultado y foto: diputadosbsas.com.ar <\/strong><\/p>\n\n\n\n<figure class=\"wp-block-image alignright size-full is-resized\"><img loading=\"lazy\" decoding=\"async\" width=\"1024\" height=\"683\" src=\"https:\/\/infoecos.com.ar\/wp-content\/uploads\/2024\/10\/image-160.png\" alt=\"\" class=\"wp-image-131124\" style=\"width:405px;height:auto\" srcset=\"https:\/\/infoecos.com.ar\/wp-content\/uploads\/2024\/10\/image-160.png 1024w, https:\/\/infoecos.com.ar\/wp-content\/uploads\/2024\/10\/image-160-800x534.png 800w, https:\/\/infoecos.com.ar\/wp-content\/uploads\/2024\/10\/image-160-768x512.png 768w\" sizes=\"(max-width: 1024px) 100vw, 1024px\" \/><\/figure>\n\n\n\n<p>Los gremios que nuclean a los\u00a0<strong>estatales bonaerenses\u00a0<\/strong>aceptaron este jueves la oferta del\u00a0<strong><a href=\"https:\/\/www.gba.gob.ar\/\" target=\"_blank\" rel=\"noreferrer noopener\">gobierno de Axel Kicillof<\/a><\/strong>, la cual consiste en un incremento salarial del 8% bimestral, a cobrar 4% en octubre y otro\u00a04% en noviembre.<\/p>\n\n\n\n<p>La propuesta del Ejecutivo provincial fue aceptada por la Asociaci\u00f3n de Trabajadores del Estado (ATE) bonaerense y\u00a0UPCN, las organizaciones gremiales con mayor representaci\u00f3n en el sector. Ambas partes coincidieron en que el acuerdo es un \u201cpaso positivo\u201d hacia la mejora de los salarios y la calidad de vida de los trabajadores.<\/p>\n\n\n\n<p>El acuerdo con los\u00a0<strong>estatales bonaerenses\u00a0<\/strong>comprende una suba del 4% para octubre y del 4% para noviembre, tomando como base los haberes del mes de junio.\u00a0Adem\u00e1s, la propuesta contempla la reanudaci\u00f3n de las paritarias en diciembre.<\/p>\n\n\n\n<p>La propuesta a\u00f1ade un incremento del 8% en las asignaciones familiares para el Tramo I, y del 26% para el Tramo II, III y IV de los estatales bonaerenses, como as\u00ed tambi\u00e9n incorpora al sueldo b\u00e1sico las bonificaciones referido a los\u00a0trabajadores del Estado\u00a0contemplados en la ley 10.430.<\/p>\n\n\n\n<p>Los docentes bonaerenses\u00a0nucleados en el FUDB definir\u00e1n en las pr\u00f3ximas horas, mediante asambleas, si aceptan la oferta de Kicillof.<\/p>\n\n\n\n<p><\/p>\n","protected":false},"excerpt":{"rendered":"<p>La propuesta del Ejecutivo provincial fue aceptada por la Asociaci\u00f3n de Trabajadores del Estado (ATE) bonaerense y\u00a0UPCN, las organizaciones gremiales con mayor representaci\u00f3n en el sector<\/p>\n","protected":false},"author":2,"featured_media":131124,"comment_status":"closed","ping_status":"open","sticky":false,"template":"","format":"standard","meta":{"footnotes":""},"categories":[1612],"tags":[],"class_list":["post-131123","post","type-post","status-publish","format-standard","has-post-thumbnail","hentry","category-noticia-principal"],"yoast_head":"<!-- This site is optimized with the Yoast SEO plugin v23.4 - https:\/\/yoast.com\/wordpress\/plugins\/seo\/ -->\n<title>ATE y UPCN bonaerenses aceptaron la propuesta salarial de Kicillof y ahora falta el s\u00ed de los docentes - Infoecos<\/title>\n<meta name=\"robots\" content=\"index, follow, max-snippet:-1, max-image-preview:large, max-video-preview:-1\" \/>\n<link rel=\"canonical\" href=\"https:\/\/infoecos.com.ar\/index.php\/ate-y-upcn-bonaerenses-aceptaron-la-propuesta-salarial-de-kicillof-y-ahora-falta-el-si-de-los-docentes\/\" \/>\n<meta property=\"og:locale\" content=\"es_ES\" \/>\n<meta property=\"og:type\" content=\"article\" \/>\n<meta property=\"og:title\" content=\"ATE y UPCN bonaerenses aceptaron la propuesta salarial de Kicillof y ahora falta el s\u00ed de los docentes - Infoecos\" \/>\n<meta property=\"og:description\" content=\"La propuesta del Ejecutivo provincial fue aceptada por la Asociaci\u00f3n de Trabajadores del Estado (ATE) bonaerense y\u00a0UPCN, las organizaciones gremiales con mayor representaci\u00f3n en el sector\" \/>\n<meta property=\"og:url\" content=\"https:\/\/infoecos.com.ar\/index.php\/ate-y-upcn-bonaerenses-aceptaron-la-propuesta-salarial-de-kicillof-y-ahora-falta-el-si-de-los-docentes\/\" \/>\n<meta property=\"og:site_name\" content=\"Infoecos\" \/>\n<meta property=\"article:publisher\" content=\"https:\/\/www.facebook.com\/profile.php?id=100063200290284\" \/>\n<meta property=\"article:published_time\" content=\"2024-10-17T19:01:53+00:00\" \/>\n<meta property=\"article:modified_time\" content=\"2024-10-17T19:01:54+00:00\" \/>\n<meta property=\"og:image\" content=\"https:\/\/infoecos.com.ar\/wp-content\/uploads\/2024\/10\/image-160.png\" \/>\n\t<meta property=\"og:image:width\" content=\"1024\" \/>\n\t<meta property=\"og:image:height\" content=\"683\" \/>\n\t<meta property=\"og:image:type\" content=\"image\/png\" \/>\n<meta name=\"author\" content=\"Jorge Matheus\" \/>\n<meta name=\"twitter:card\" content=\"summary_large_image\" \/>\n<meta name=\"twitter:creator\" content=\"@infoecos\" \/>\n<meta name=\"twitter:site\" content=\"@infoecos\" \/>\n<meta name=\"twitter:label1\" content=\"Escrito por\" \/>\n\t<meta name=\"twitter:data1\" content=\"Jorge Matheus\" \/>\n\t<meta name=\"twitter:label2\" content=\"Tiempo de lectura\" \/>\n\t<meta name=\"twitter:data2\" content=\"2 minutos\" \/>\n<script type=\"application\/ld+json\" class=\"yoast-schema-graph\">{\"@context\":\"https:\/\/schema.org\",\"@graph\":[{\"@type\":\"Article\",\"@id\":\"https:\/\/infoecos.com.ar\/index.php\/ate-y-upcn-bonaerenses-aceptaron-la-propuesta-salarial-de-kicillof-y-ahora-falta-el-si-de-los-docentes\/#article\",\"isPartOf\":{\"@id\":\"https:\/\/infoecos.com.ar\/index.php\/ate-y-upcn-bonaerenses-aceptaron-la-propuesta-salarial-de-kicillof-y-ahora-falta-el-si-de-los-docentes\/\"},\"author\":{\"name\":\"Jorge Matheus\",\"@id\":\"https:\/\/infoecos.com.ar\/#\/schema\/person\/8f5ace5ce73b4b4aac4b7245aee6f191\"},\"headline\":\"ATE y UPCN bonaerenses aceptaron la propuesta salarial de Kicillof y ahora falta el s\u00ed de los docentes\",\"datePublished\":\"2024-10-17T19:01:53+00:00\",\"dateModified\":\"2024-10-17T19:01:54+00:00\",\"mainEntityOfPage\":{\"@id\":\"https:\/\/infoecos.com.ar\/index.php\/ate-y-upcn-bonaerenses-aceptaron-la-propuesta-salarial-de-kicillof-y-ahora-falta-el-si-de-los-docentes\/\"},\"wordCount\":223,\"publisher\":{\"@id\":\"https:\/\/infoecos.com.ar\/#organization\"},\"image\":{\"@id\":\"https:\/\/infoecos.com.ar\/index.php\/ate-y-upcn-bonaerenses-aceptaron-la-propuesta-salarial-de-kicillof-y-ahora-falta-el-si-de-los-docentes\/#primaryimage\"},\"thumbnailUrl\":\"https:\/\/infoecos.com.ar\/wp-content\/uploads\/2024\/10\/image-160.png\",\"articleSection\":[\"Noticia Principal\"],\"inLanguage\":\"es\"},{\"@type\":\"WebPage\",\"@id\":\"https:\/\/infoecos.com.ar\/index.php\/ate-y-upcn-bonaerenses-aceptaron-la-propuesta-salarial-de-kicillof-y-ahora-falta-el-si-de-los-docentes\/\",\"url\":\"https:\/\/infoecos.com.ar\/index.php\/ate-y-upcn-bonaerenses-aceptaron-la-propuesta-salarial-de-kicillof-y-ahora-falta-el-si-de-los-docentes\/\",\"name\":\"ATE y UPCN bonaerenses aceptaron la propuesta salarial de Kicillof y ahora falta el s\u00ed de los docentes - Infoecos\",\"isPartOf\":{\"@id\":\"https:\/\/infoecos.com.ar\/#website\"},\"primaryImageOfPage\":{\"@id\":\"https:\/\/infoecos.com.ar\/index.php\/ate-y-upcn-bonaerenses-aceptaron-la-propuesta-salarial-de-kicillof-y-ahora-falta-el-si-de-los-docentes\/#primaryimage\"},\"image\":{\"@id\":\"https:\/\/infoecos.com.ar\/index.php\/ate-y-upcn-bonaerenses-aceptaron-la-propuesta-salarial-de-kicillof-y-ahora-falta-el-si-de-los-docentes\/#primaryimage\"},\"thumbnailUrl\":\"https:\/\/infoecos.com.ar\/wp-content\/uploads\/2024\/10\/image-160.png\",\"datePublished\":\"2024-10-17T19:01:53+00:00\",\"dateModified\":\"2024-10-17T19:01:54+00:00\",\"breadcrumb\":{\"@id\":\"https:\/\/infoecos.com.ar\/index.php\/ate-y-upcn-bonaerenses-aceptaron-la-propuesta-salarial-de-kicillof-y-ahora-falta-el-si-de-los-docentes\/#breadcrumb\"},\"inLanguage\":\"es\",\"potentialAction\":[{\"@type\":\"ReadAction\",\"target\":[\"https:\/\/infoecos.com.ar\/index.php\/ate-y-upcn-bonaerenses-aceptaron-la-propuesta-salarial-de-kicillof-y-ahora-falta-el-si-de-los-docentes\/\"]}]},{\"@type\":\"ImageObject\",\"inLanguage\":\"es\",\"@id\":\"https:\/\/infoecos.com.ar\/index.php\/ate-y-upcn-bonaerenses-aceptaron-la-propuesta-salarial-de-kicillof-y-ahora-falta-el-si-de-los-docentes\/#primaryimage\",\"url\":\"https:\/\/infoecos.com.ar\/wp-content\/uploads\/2024\/10\/image-160.png\",\"contentUrl\":\"https:\/\/infoecos.com.ar\/wp-content\/uploads\/2024\/10\/image-160.png\",\"width\":1024,\"height\":683},{\"@type\":\"BreadcrumbList\",\"@id\":\"https:\/\/infoecos.com.ar\/index.php\/ate-y-upcn-bonaerenses-aceptaron-la-propuesta-salarial-de-kicillof-y-ahora-falta-el-si-de-los-docentes\/#breadcrumb\",\"itemListElement\":[{\"@type\":\"ListItem\",\"position\":1,\"name\":\"Portada\",\"item\":\"https:\/\/infoecos.com.ar\/\"},{\"@type\":\"ListItem\",\"position\":2,\"name\":\"ATE y UPCN bonaerenses aceptaron la propuesta salarial de Kicillof y ahora falta el s\u00ed de los docentes\"}]},{\"@type\":\"WebSite\",\"@id\":\"https:\/\/infoecos.com.ar\/#website\",\"url\":\"https:\/\/infoecos.com.ar\/\",\"name\":\"Infoecos\",\"description\":\"Noticias de trenque lauquen y la zona\",\"publisher\":{\"@id\":\"https:\/\/infoecos.com.ar\/#organization\"},\"alternateName\":\"Noticias\",\"potentialAction\":[{\"@type\":\"SearchAction\",\"target\":{\"@type\":\"EntryPoint\",\"urlTemplate\":\"https:\/\/infoecos.com.ar\/?s={search_term_string}\"},\"query-input\":{\"@type\":\"PropertyValueSpecification\",\"valueRequired\":true,\"valueName\":\"search_term_string\"}}],\"inLanguage\":\"es\"},{\"@type\":\"Organization\",\"@id\":\"https:\/\/infoecos.com.ar\/#organization\",\"name\":\"Infoecos\",\"alternateName\":\"Noticias\",\"url\":\"https:\/\/infoecos.com.ar\/\",\"logo\":{\"@type\":\"ImageObject\",\"inLanguage\":\"es\",\"@id\":\"https:\/\/infoecos.com.ar\/#\/schema\/logo\/image\/\",\"url\":\"https:\/\/infoecos.com.ar\/wp-content\/uploads\/2024\/03\/cropped-logo.png\",\"contentUrl\":\"https:\/\/infoecos.com.ar\/wp-content\/uploads\/2024\/03\/cropped-logo.png\",\"width\":374,\"height\":90,\"caption\":\"Infoecos\"},\"image\":{\"@id\":\"https:\/\/infoecos.com.ar\/#\/schema\/logo\/image\/\"},\"sameAs\":[\"https:\/\/www.facebook.com\/profile.php?id=100063200290284\",\"https:\/\/x.com\/infoecos\"]},{\"@type\":\"Person\",\"@id\":\"https:\/\/infoecos.com.ar\/#\/schema\/person\/8f5ace5ce73b4b4aac4b7245aee6f191\",\"name\":\"Jorge Matheus\",\"url\":\"https:\/\/infoecos.com.ar\/index.php\/author\/jomatheus\/\"}]}<\/script>\n<!-- \/ Yoast SEO plugin. -->","yoast_head_json":{"title":"ATE y UPCN bonaerenses aceptaron la propuesta salarial de Kicillof y ahora falta el s\u00ed de los docentes - Infoecos","robots":{"index":"index","follow":"follow","max-snippet":"max-snippet:-1","max-image-preview":"max-image-preview:large","max-video-preview":"max-video-preview:-1"},"canonical":"https:\/\/infoecos.com.ar\/index.php\/ate-y-upcn-bonaerenses-aceptaron-la-propuesta-salarial-de-kicillof-y-ahora-falta-el-si-de-los-docentes\/","og_locale":"es_ES","og_type":"article","og_title":"ATE y UPCN bonaerenses aceptaron la propuesta salarial de Kicillof y ahora falta el s\u00ed de los docentes - Infoecos","og_description":"La propuesta del Ejecutivo provincial fue aceptada por la Asociaci\u00f3n de Trabajadores del Estado (ATE) bonaerense y\u00a0UPCN, las organizaciones gremiales con mayor representaci\u00f3n en el sector","og_url":"https:\/\/infoecos.com.ar\/index.php\/ate-y-upcn-bonaerenses-aceptaron-la-propuesta-salarial-de-kicillof-y-ahora-falta-el-si-de-los-docentes\/","og_site_name":"Infoecos","article_publisher":"https:\/\/www.facebook.com\/profile.php?id=100063200290284","article_published_time":"2024-10-17T19:01:53+00:00","article_modified_time":"2024-10-17T19:01:54+00:00","og_image":[{"width":1024,"height":683,"url":"https:\/\/infoecos.com.ar\/wp-content\/uploads\/2024\/10\/image-160.png","type":"image\/png"}],"author":"Jorge Matheus","twitter_card":"summary_large_image","twitter_creator":"@infoecos","twitter_site":"@infoecos","twitter_misc":{"Escrito por":"Jorge Matheus","Tiempo de lectura":"2 minutos"},"schema":{"@context":"https:\/\/schema.org","@graph":[{"@type":"Article","@id":"https:\/\/infoecos.com.ar\/index.php\/ate-y-upcn-bonaerenses-aceptaron-la-propuesta-salarial-de-kicillof-y-ahora-falta-el-si-de-los-docentes\/#article","isPartOf":{"@id":"https:\/\/infoecos.com.ar\/index.php\/ate-y-upcn-bonaerenses-aceptaron-la-propuesta-salarial-de-kicillof-y-ahora-falta-el-si-de-los-docentes\/"},"author":{"name":"Jorge Matheus","@id":"https:\/\/infoecos.com.ar\/#\/schema\/person\/8f5ace5ce73b4b4aac4b7245aee6f191"},"headline":"ATE y UPCN bonaerenses aceptaron la propuesta salarial de Kicillof y ahora falta el s\u00ed de los docentes","datePublished":"2024-10-17T19:01:53+00:00","dateModified":"2024-10-17T19:01:54+00:00","mainEntityOfPage":{"@id":"https:\/\/infoecos.com.ar\/index.php\/ate-y-upcn-bonaerenses-aceptaron-la-propuesta-salarial-de-kicillof-y-ahora-falta-el-si-de-los-docentes\/"},"wordCount":223,"publisher":{"@id":"https:\/\/infoecos.com.ar\/#organization"},"image":{"@id":"https:\/\/infoecos.com.ar\/index.php\/ate-y-upcn-bonaerenses-aceptaron-la-propuesta-salarial-de-kicillof-y-ahora-falta-el-si-de-los-docentes\/#primaryimage"},"thumbnailUrl":"https:\/\/infoecos.com.ar\/wp-content\/uploads\/2024\/10\/image-160.png","articleSection":["Noticia Principal"],"inLanguage":"es"},{"@type":"WebPage","@id":"https:\/\/infoecos.com.ar\/index.php\/ate-y-upcn-bonaerenses-aceptaron-la-propuesta-salarial-de-kicillof-y-ahora-falta-el-si-de-los-docentes\/","url":"https:\/\/infoecos.com.ar\/index.php\/ate-y-upcn-bonaerenses-aceptaron-la-propuesta-salarial-de-kicillof-y-ahora-falta-el-si-de-los-docentes\/","name":"ATE y UPCN bonaerenses aceptaron la propuesta salarial de Kicillof y ahora falta el s\u00ed de los docentes - Infoecos","isPartOf":{"@id":"https:\/\/infoecos.com.ar\/#website"},"primaryImageOfPage":{"@id":"https:\/\/infoecos.com.ar\/index.php\/ate-y-upcn-bonaerenses-aceptaron-la-propuesta-salarial-de-kicillof-y-ahora-falta-el-si-de-los-docentes\/#primaryimage"},"image":{"@id":"https:\/\/infoecos.com.ar\/index.php\/ate-y-upcn-bonaerenses-aceptaron-la-propuesta-salarial-de-kicillof-y-ahora-falta-el-si-de-los-docentes\/#primaryimage"},"thumbnailUrl":"https:\/\/infoecos.com.ar\/wp-content\/uploads\/2024\/10\/image-160.png","datePublished":"2024-10-17T19:01:53+00:00","dateModified":"2024-10-17T19:01:54+00:00","breadcrumb":{"@id":"https:\/\/infoecos.com.ar\/index.php\/ate-y-upcn-bonaerenses-aceptaron-la-propuesta-salarial-de-kicillof-y-ahora-falta-el-si-de-los-docentes\/#breadcrumb"},"inLanguage":"es","potentialAction":[{"@type":"ReadAction","target":["https:\/\/infoecos.com.ar\/index.php\/ate-y-upcn-bonaerenses-aceptaron-la-propuesta-salarial-de-kicillof-y-ahora-falta-el-si-de-los-docentes\/"]}]},{"@type":"ImageObject","inLanguage":"es","@id":"https:\/\/infoecos.com.ar\/index.php\/ate-y-upcn-bonaerenses-aceptaron-la-propuesta-salarial-de-kicillof-y-ahora-falta-el-si-de-los-docentes\/#primaryimage","url":"https:\/\/infoecos.com.ar\/wp-content\/uploads\/2024\/10\/image-160.png","contentUrl":"https:\/\/infoecos.com.ar\/wp-content\/uploads\/2024\/10\/image-160.png","width":1024,"height":683},{"@type":"BreadcrumbList","@id":"https:\/\/infoecos.com.ar\/index.php\/ate-y-upcn-bonaerenses-aceptaron-la-propuesta-salarial-de-kicillof-y-ahora-falta-el-si-de-los-docentes\/#breadcrumb","itemListElement":[{"@type":"ListItem","position":1,"name":"Portada","item":"https:\/\/infoecos.com.ar\/"},{"@type":"ListItem","position":2,"name":"ATE y UPCN bonaerenses aceptaron la propuesta salarial de Kicillof y ahora falta el s\u00ed de los docentes"}]},{"@type":"WebSite","@id":"https:\/\/infoecos.com.ar\/#website","url":"https:\/\/infoecos.com.ar\/","name":"Infoecos","description":"Noticias de trenque lauquen y la zona","publisher":{"@id":"https:\/\/infoecos.com.ar\/#organization"},"alternateName":"Noticias","potentialAction":[{"@type":"SearchAction","target":{"@type":"EntryPoint","urlTemplate":"https:\/\/infoecos.com.ar\/?s={search_term_string}"},"query-input":{"@type":"PropertyValueSpecification","valueRequired":true,"valueName":"search_term_string"}}],"inLanguage":"es"},{"@type":"Organization","@id":"https:\/\/infoecos.com.ar\/#organization","name":"Infoecos","alternateName":"Noticias","url":"https:\/\/infoecos.com.ar\/","logo":{"@type":"ImageObject","inLanguage":"es","@id":"https:\/\/infoecos.com.ar\/#\/schema\/logo\/image\/","url":"https:\/\/infoecos.com.ar\/wp-content\/uploads\/2024\/03\/cropped-logo.png","contentUrl":"https:\/\/infoecos.com.ar\/wp-content\/uploads\/2024\/03\/cropped-logo.png","width":374,"height":90,"caption":"Infoecos"},"image":{"@id":"https:\/\/infoecos.com.ar\/#\/schema\/logo\/image\/"},"sameAs":["https:\/\/www.facebook.com\/profile.php?id=100063200290284","https:\/\/x.com\/infoecos"]},{"@type":"Person","@id":"https:\/\/infoecos.com.ar\/#\/schema\/person\/8f5ace5ce73b4b4aac4b7245aee6f191","name":"Jorge Matheus","url":"https:\/\/infoecos.com.ar\/index.php\/author\/jomatheus\/"}]}},"featured_image_urls":{"full":["https:\/\/infoecos.com.ar\/wp-content\/uploads\/2024\/10\/image-160.png",1024,683,false],"thumbnail":["https:\/\/infoecos.com.ar\/wp-content\/uploads\/2024\/10\/image-160-300x150.png",300,150,true],"medium":["https:\/\/infoecos.com.ar\/wp-content\/uploads\/2024\/10\/image-160-800x534.png",800,534,true],"medium_large":["https:\/\/infoecos.com.ar\/wp-content\/uploads\/2024\/10\/image-160-768x512.png",640,427,true],"large":["https:\/\/infoecos.com.ar\/wp-content\/uploads\/2024\/10\/image-160.png",640,427,false],"1536x1536":["https:\/\/infoecos.com.ar\/wp-content\/uploads\/2024\/10\/image-160.png",1024,683,false],"2048x2048":["https:\/\/infoecos.com.ar\/wp-content\/uploads\/2024\/10\/image-160.png",1024,683,false],"covernews-slider-full":["https:\/\/infoecos.com.ar\/wp-content\/uploads\/2024\/10\/image-160.png",1024,683,false],"covernews-slider-center":["https:\/\/infoecos.com.ar\/wp-content\/uploads\/2024\/10\/image-160-800x500.png",800,500,true],"covernews-featured":["https:\/\/infoecos.com.ar\/wp-content\/uploads\/2024\/10\/image-160.png",1024,683,false],"covernews-medium":["https:\/\/infoecos.com.ar\/wp-content\/uploads\/2024\/10\/image-160-540x340.png",540,340,true],"covernews-medium-square":["https:\/\/infoecos.com.ar\/wp-content\/uploads\/2024\/10\/image-160-400x250.png",400,250,true]},"author_info":{"info":["Jorge Matheus"]},"category_info":"<a href=\"https:\/\/infoecos.com.ar\/index.php\/category\/noticia-principal\/\" rel=\"category tag\">Noticia Principal<\/a>","tag_info":"Noticia Principal","comment_count":"0","_links":{"self":[{"href":"https:\/\/infoecos.com.ar\/index.php\/wp-json\/wp\/v2\/posts\/131123"}],"collection":[{"href":"https:\/\/infoecos.com.ar\/index.php\/wp-json\/wp\/v2\/posts"}],"about":[{"href":"https:\/\/infoecos.com.ar\/index.php\/wp-json\/wp\/v2\/types\/post"}],"author":[{"embeddable":true,"href":"https:\/\/infoecos.com.ar\/index.php\/wp-json\/wp\/v2\/users\/2"}],"replies":[{"embeddable":true,"href":"https:\/\/infoecos.com.ar\/index.php\/wp-json\/wp\/v2\/comments?post=131123"}],"version-history":[{"count":1,"href":"https:\/\/infoecos.com.ar\/index.php\/wp-json\/wp\/v2\/posts\/131123\/revisions"}],"predecessor-version":[{"id":131125,"href":"https:\/\/infoecos.com.ar\/index.php\/wp-json\/wp\/v2\/posts\/131123\/revisions\/131125"}],"wp:featuredmedia":[{"embeddable":true,"href":"https:\/\/infoecos.com.ar\/index.php\/wp-json\/wp\/v2\/media\/131124"}],"wp:attachment":[{"href":"https:\/\/infoecos.com.ar\/index.php\/wp-json\/wp\/v2\/media?parent=131123"}],"wp:term":[{"taxonomy":"category","embeddable":true,"href":"https:\/\/infoecos.com.ar\/index.php\/wp-json\/wp\/v2\/categories?post=131123"},{"taxonomy":"post_tag","embeddable":true,"href":"https:\/\/infoecos.com.ar\/index.php\/wp-json\/wp\/v2\/tags?post=131123"}],"curies":[{"name":"wp","href":"https:\/\/api.w.org\/{rel}","templated":true}]}}