{"id":131141,"date":"2024-10-17T16:53:33","date_gmt":"2024-10-17T19:53:33","guid":{"rendered":"https:\/\/infoecos.com.ar\/?p=131141"},"modified":"2024-10-17T16:53:33","modified_gmt":"2024-10-17T19:53:33","slug":"este-viernes-en-t-lauquen-jornada-de-concientizacion-y-prevencion-del-cancer-de-mama","status":"publish","type":"post","link":"https:\/\/infoecos.com.ar\/index.php\/este-viernes-en-t-lauquen-jornada-de-concientizacion-y-prevencion-del-cancer-de-mama\/","title":{"rendered":"Este viernes en T.Lauquen Jornada de Concientizaci\u00f3n y Prevenci\u00f3n del C\u00e1ncer de Mama"},"content":{"rendered":"\n<figure class=\"wp-block-image alignright size-full is-resized\"><img loading=\"lazy\" decoding=\"async\" width=\"986\" height=\"657\" src=\"https:\/\/infoecos.com.ar\/wp-content\/uploads\/2024\/06\/image-347.png\" alt=\"\" class=\"wp-image-126276\" style=\"width:473px;height:auto\" srcset=\"https:\/\/infoecos.com.ar\/wp-content\/uploads\/2024\/06\/image-347.png 986w, https:\/\/infoecos.com.ar\/wp-content\/uploads\/2024\/06\/image-347-800x533.png 800w, https:\/\/infoecos.com.ar\/wp-content\/uploads\/2024\/06\/image-347-768x512.png 768w\" sizes=\"(max-width: 986px) 100vw, 986px\" \/><\/figure>\n\n\n\n<p>Este viernes a partir de las 9 en el Aula Magna del Polo Cient\u00edfico Tecnol\u00f3gico Municipal \u2013Hern\u00e1ndez n\u00ba 816- se llevar\u00e1 a cabo una Jornada de Concientizaci\u00f3n y Prevenci\u00f3n del c\u00e1ncer de mama.<\/p>\n\n\n\n<p>Durante la jornada se presentar\u00e1n los datos actualizados del Registro de Tumores de Trenque Lauquen y habr\u00e1 charlas informativas de profesionales e instituciones de la comunidad que trabajan en el acompa\u00f1amiento del paciente.<\/p>\n\n\n\n<p>La actividad ser\u00e1 encabezada por el intendente Francisco Recoulat, quien realizar\u00e1 la apertura de la jornada junto al secretario de Salud, Dr. Sergio Valente, y contar\u00e1 con la presencia de los representantes del Registro Institucional de Tumores Argentina (RITA): Juan Pedro Iribarne y Gisel Lorena Fattore; profesionales y referentes de instituciones que est\u00e1n vinculadas con la tem\u00e1tica.<\/p>\n\n\n\n<p>Las actividades comenzar\u00e1n con la presentaci\u00f3n del Registro de Tumores de Trenque Lauquen y su Informe de Gesti\u00f3n Hospital Municipal Dr. Pedro T. Orellana. Per\u00edodo 2017- Julio 2024, a cargo de la coordinadora del Registro de Tumores, Dra. D\u00e9bora Salom\u00f3n, Lic. en Ciencias Biol\u00f3gicas, Dra. en Biolog\u00eda y Postgrado en Biolog\u00eda del C\u00e1ncer.<\/p>\n\n\n\n<p>El programa continuar\u00e1 con las siguientes actividades:<\/p>\n\n\n\n<p>9.45-10 horas: \u201cPapeada Distrital\u201d Tamizaje Interdisciplinario de C\u00e1ncer Cervicouterino \u2013 Residencia de Medicina General y familiar, Trenque Lauquen. A cargo de la M\u00e9dica residente Estefan\u00eda Gravier, y la Dra. Jazm\u00edn Vidal, M\u00e9dica generalista. Jefa de residentes.<\/p>\n\n\n\n<p>. 10 \u2013 10.20 horas: FODA. Servicio de Ginecolog\u00eda Hospital Dr. Pedro T. Orellana, a cargo del Dr. Nicol\u00e1s Bertachini, la Dra. Ana L\u00eda Santanatoglia, y la Dra. Leticia Crespo, m\u00e9dicos especialistas en Tocoginecolog\u00eda.<\/p>\n\n\n\n<p>. 10.20- 10.50 horas: Sistema de vigilancia epidemiol\u00f3gica y registro de c\u00e1ncer \u2013 Instituto Nacional del C\u00e1ncer. A cargo de la Dra. Gisel Fattore: M\u00e9dica epidemi\u00f3loga. Dra. en Salud P\u00fablica. Actualmente coordinadora del SIVER-Ca del Instituto Nacional del C\u00e1ncer, y el Mg. Juan Pedro Iribarne: Lic. en Psicolog\u00eda. Mg. en Salud P\u00fablica (UBA). Integrante del SIVER-Ca.<\/p>\n\n\n\n<p>. 10.50 -11.05 horas: LIPOLCC (Liga de Lucha Contra el C\u00e1ncer) a cargo de Mar\u00eda Rosa \u00c1vila integrante de la comisi\u00f3n.<\/p>\n\n\n\n<p>. 11.05 -11.20 horas: GENAP (Gente en Apoyo) A cargo del Dr. Pablo Daniel Debastiani, M\u00e9dico especialista en Terapia Intensiva &#8211; Postgrado en Cuidados Paliativos, y la Dra. Mar\u00eda Laura Cereigido, M\u00e9dica Geriatra -Postgrado en Cuidados Paliativos.<\/p>\n\n\n\n<p>. 11.20 \u2013 11.40 horas: Quimio con Pelo. A cargo de Gabriela Calafatich, Carolina Chapelo, Valentina Videla y Mar\u00eda In\u00e9s Caramelo. Porritas de Amor. Pelucas Solidarias. A cargo de Lorena Veliz.<\/p>\n\n\n\n<p>. 11.40 \u2013 12 horas: Laboratorio de Microscop\u00eda \u201cAs\u00ed se ven las C\u00e9lulas\u201d. A cargo de la Dra. Mar\u00eda Emilia Cabrera, m\u00e9dica anatomopat\u00f3loga del Hospital Dr. Pedro T. Orellana, y Dra. D\u00e9bora Gisel Salom\u00f3n, Lic. en Ciencias Biol\u00f3gicas. Dra. en Biolog\u00eda. Postgrado en Biolog\u00eda del C\u00e1ncer. Coordinadora del Registro de Tumores.<\/p>\n","protected":false},"excerpt":{"rendered":"<p>Las actividades comenzar\u00e1n con la presentaci\u00f3n del Registro de Tumores de Trenque Lauquen y su Informe de Gesti\u00f3n Hospital Municipal Dr. Pedro T. Orellana. Per\u00edodo 2017- Julio 2024, a cargo de la coordinadora del Registro de Tumores, Dra. D\u00e9bora Salom\u00f3n, Lic. en Ciencias Biol\u00f3gicas, Dra. en Biolog\u00eda y Postgrado en Biolog\u00eda del C\u00e1ncer.<\/p>\n","protected":false},"author":2,"featured_media":126276,"comment_status":"closed","ping_status":"open","sticky":false,"template":"","format":"standard","meta":{"footnotes":""},"categories":[1613],"tags":[],"class_list":["post-131141","post","type-post","status-publish","format-standard","has-post-thumbnail","hentry","category-noticia-secundaria"],"yoast_head":"<!-- This site is optimized with the Yoast SEO plugin v23.4 - https:\/\/yoast.com\/wordpress\/plugins\/seo\/ -->\n<title>Este viernes en T.Lauquen Jornada de Concientizaci\u00f3n y Prevenci\u00f3n del C\u00e1ncer de Mama - Infoecos<\/title>\n<meta name=\"robots\" content=\"index, follow, max-snippet:-1, max-image-preview:large, max-video-preview:-1\" \/>\n<link rel=\"canonical\" href=\"https:\/\/infoecos.com.ar\/index.php\/este-viernes-en-t-lauquen-jornada-de-concientizacion-y-prevencion-del-cancer-de-mama\/\" \/>\n<meta property=\"og:locale\" content=\"es_ES\" \/>\n<meta property=\"og:type\" content=\"article\" \/>\n<meta property=\"og:title\" content=\"Este viernes en T.Lauquen Jornada de Concientizaci\u00f3n y Prevenci\u00f3n del C\u00e1ncer de Mama - Infoecos\" \/>\n<meta property=\"og:description\" content=\"Las actividades comenzar\u00e1n con la presentaci\u00f3n del Registro de Tumores de Trenque Lauquen y su Informe de Gesti\u00f3n Hospital Municipal Dr. Pedro T. Orellana. Per\u00edodo 2017- Julio 2024, a cargo de la coordinadora del Registro de Tumores, Dra. D\u00e9bora Salom\u00f3n, Lic. en Ciencias Biol\u00f3gicas, Dra. en Biolog\u00eda y Postgrado en Biolog\u00eda del C\u00e1ncer.\" \/>\n<meta property=\"og:url\" content=\"https:\/\/infoecos.com.ar\/index.php\/este-viernes-en-t-lauquen-jornada-de-concientizacion-y-prevencion-del-cancer-de-mama\/\" \/>\n<meta property=\"og:site_name\" content=\"Infoecos\" \/>\n<meta property=\"article:publisher\" content=\"https:\/\/www.facebook.com\/profile.php?id=100063200290284\" \/>\n<meta property=\"article:published_time\" content=\"2024-10-17T19:53:33+00:00\" \/>\n<meta property=\"og:image\" content=\"https:\/\/infoecos.com.ar\/wp-content\/uploads\/2024\/06\/image-347.png\" \/>\n\t<meta property=\"og:image:width\" content=\"986\" \/>\n\t<meta property=\"og:image:height\" content=\"657\" \/>\n\t<meta property=\"og:image:type\" content=\"image\/png\" \/>\n<meta name=\"author\" content=\"Jorge Matheus\" \/>\n<meta name=\"twitter:card\" content=\"summary_large_image\" \/>\n<meta name=\"twitter:creator\" content=\"@infoecos\" \/>\n<meta name=\"twitter:site\" content=\"@infoecos\" \/>\n<meta name=\"twitter:label1\" content=\"Escrito por\" \/>\n\t<meta name=\"twitter:data1\" content=\"Jorge Matheus\" \/>\n\t<meta name=\"twitter:label2\" content=\"Tiempo de lectura\" \/>\n\t<meta name=\"twitter:data2\" content=\"3 minutos\" \/>\n<script type=\"application\/ld+json\" class=\"yoast-schema-graph\">{\"@context\":\"https:\/\/schema.org\",\"@graph\":[{\"@type\":\"Article\",\"@id\":\"https:\/\/infoecos.com.ar\/index.php\/este-viernes-en-t-lauquen-jornada-de-concientizacion-y-prevencion-del-cancer-de-mama\/#article\",\"isPartOf\":{\"@id\":\"https:\/\/infoecos.com.ar\/index.php\/este-viernes-en-t-lauquen-jornada-de-concientizacion-y-prevencion-del-cancer-de-mama\/\"},\"author\":{\"name\":\"Jorge Matheus\",\"@id\":\"https:\/\/infoecos.com.ar\/#\/schema\/person\/8f5ace5ce73b4b4aac4b7245aee6f191\"},\"headline\":\"Este viernes en T.Lauquen Jornada de Concientizaci\u00f3n y Prevenci\u00f3n del C\u00e1ncer de Mama\",\"datePublished\":\"2024-10-17T19:53:33+00:00\",\"dateModified\":\"2024-10-17T19:53:33+00:00\",\"mainEntityOfPage\":{\"@id\":\"https:\/\/infoecos.com.ar\/index.php\/este-viernes-en-t-lauquen-jornada-de-concientizacion-y-prevencion-del-cancer-de-mama\/\"},\"wordCount\":502,\"publisher\":{\"@id\":\"https:\/\/infoecos.com.ar\/#organization\"},\"image\":{\"@id\":\"https:\/\/infoecos.com.ar\/index.php\/este-viernes-en-t-lauquen-jornada-de-concientizacion-y-prevencion-del-cancer-de-mama\/#primaryimage\"},\"thumbnailUrl\":\"https:\/\/infoecos.com.ar\/wp-content\/uploads\/2024\/06\/image-347.png\",\"articleSection\":[\"Noticia Secundaria\"],\"inLanguage\":\"es\"},{\"@type\":\"WebPage\",\"@id\":\"https:\/\/infoecos.com.ar\/index.php\/este-viernes-en-t-lauquen-jornada-de-concientizacion-y-prevencion-del-cancer-de-mama\/\",\"url\":\"https:\/\/infoecos.com.ar\/index.php\/este-viernes-en-t-lauquen-jornada-de-concientizacion-y-prevencion-del-cancer-de-mama\/\",\"name\":\"Este viernes en T.Lauquen Jornada de Concientizaci\u00f3n y Prevenci\u00f3n del C\u00e1ncer de Mama - Infoecos\",\"isPartOf\":{\"@id\":\"https:\/\/infoecos.com.ar\/#website\"},\"primaryImageOfPage\":{\"@id\":\"https:\/\/infoecos.com.ar\/index.php\/este-viernes-en-t-lauquen-jornada-de-concientizacion-y-prevencion-del-cancer-de-mama\/#primaryimage\"},\"image\":{\"@id\":\"https:\/\/infoecos.com.ar\/index.php\/este-viernes-en-t-lauquen-jornada-de-concientizacion-y-prevencion-del-cancer-de-mama\/#primaryimage\"},\"thumbnailUrl\":\"https:\/\/infoecos.com.ar\/wp-content\/uploads\/2024\/06\/image-347.png\",\"datePublished\":\"2024-10-17T19:53:33+00:00\",\"dateModified\":\"2024-10-17T19:53:33+00:00\",\"breadcrumb\":{\"@id\":\"https:\/\/infoecos.com.ar\/index.php\/este-viernes-en-t-lauquen-jornada-de-concientizacion-y-prevencion-del-cancer-de-mama\/#breadcrumb\"},\"inLanguage\":\"es\",\"potentialAction\":[{\"@type\":\"ReadAction\",\"target\":[\"https:\/\/infoecos.com.ar\/index.php\/este-viernes-en-t-lauquen-jornada-de-concientizacion-y-prevencion-del-cancer-de-mama\/\"]}]},{\"@type\":\"ImageObject\",\"inLanguage\":\"es\",\"@id\":\"https:\/\/infoecos.com.ar\/index.php\/este-viernes-en-t-lauquen-jornada-de-concientizacion-y-prevencion-del-cancer-de-mama\/#primaryimage\",\"url\":\"https:\/\/infoecos.com.ar\/wp-content\/uploads\/2024\/06\/image-347.png\",\"contentUrl\":\"https:\/\/infoecos.com.ar\/wp-content\/uploads\/2024\/06\/image-347.png\",\"width\":986,\"height\":657},{\"@type\":\"BreadcrumbList\",\"@id\":\"https:\/\/infoecos.com.ar\/index.php\/este-viernes-en-t-lauquen-jornada-de-concientizacion-y-prevencion-del-cancer-de-mama\/#breadcrumb\",\"itemListElement\":[{\"@type\":\"ListItem\",\"position\":1,\"name\":\"Portada\",\"item\":\"https:\/\/infoecos.com.ar\/\"},{\"@type\":\"ListItem\",\"position\":2,\"name\":\"Este viernes en T.Lauquen Jornada de Concientizaci\u00f3n y Prevenci\u00f3n del C\u00e1ncer de Mama\"}]},{\"@type\":\"WebSite\",\"@id\":\"https:\/\/infoecos.com.ar\/#website\",\"url\":\"https:\/\/infoecos.com.ar\/\",\"name\":\"Infoecos\",\"description\":\"Noticias de trenque lauquen y la zona\",\"publisher\":{\"@id\":\"https:\/\/infoecos.com.ar\/#organization\"},\"alternateName\":\"Noticias\",\"potentialAction\":[{\"@type\":\"SearchAction\",\"target\":{\"@type\":\"EntryPoint\",\"urlTemplate\":\"https:\/\/infoecos.com.ar\/?s={search_term_string}\"},\"query-input\":{\"@type\":\"PropertyValueSpecification\",\"valueRequired\":true,\"valueName\":\"search_term_string\"}}],\"inLanguage\":\"es\"},{\"@type\":\"Organization\",\"@id\":\"https:\/\/infoecos.com.ar\/#organization\",\"name\":\"Infoecos\",\"alternateName\":\"Noticias\",\"url\":\"https:\/\/infoecos.com.ar\/\",\"logo\":{\"@type\":\"ImageObject\",\"inLanguage\":\"es\",\"@id\":\"https:\/\/infoecos.com.ar\/#\/schema\/logo\/image\/\",\"url\":\"https:\/\/infoecos.com.ar\/wp-content\/uploads\/2024\/03\/cropped-logo.png\",\"contentUrl\":\"https:\/\/infoecos.com.ar\/wp-content\/uploads\/2024\/03\/cropped-logo.png\",\"width\":374,\"height\":90,\"caption\":\"Infoecos\"},\"image\":{\"@id\":\"https:\/\/infoecos.com.ar\/#\/schema\/logo\/image\/\"},\"sameAs\":[\"https:\/\/www.facebook.com\/profile.php?id=100063200290284\",\"https:\/\/x.com\/infoecos\"]},{\"@type\":\"Person\",\"@id\":\"https:\/\/infoecos.com.ar\/#\/schema\/person\/8f5ace5ce73b4b4aac4b7245aee6f191\",\"name\":\"Jorge Matheus\",\"url\":\"https:\/\/infoecos.com.ar\/index.php\/author\/jomatheus\/\"}]}<\/script>\n<!-- \/ Yoast SEO plugin. -->","yoast_head_json":{"title":"Este viernes en T.Lauquen Jornada de Concientizaci\u00f3n y Prevenci\u00f3n del C\u00e1ncer de Mama - Infoecos","robots":{"index":"index","follow":"follow","max-snippet":"max-snippet:-1","max-image-preview":"max-image-preview:large","max-video-preview":"max-video-preview:-1"},"canonical":"https:\/\/infoecos.com.ar\/index.php\/este-viernes-en-t-lauquen-jornada-de-concientizacion-y-prevencion-del-cancer-de-mama\/","og_locale":"es_ES","og_type":"article","og_title":"Este viernes en T.Lauquen Jornada de Concientizaci\u00f3n y Prevenci\u00f3n del C\u00e1ncer de Mama - Infoecos","og_description":"Las actividades comenzar\u00e1n con la presentaci\u00f3n del Registro de Tumores de Trenque Lauquen y su Informe de Gesti\u00f3n Hospital Municipal Dr. Pedro T. Orellana. Per\u00edodo 2017- Julio 2024, a cargo de la coordinadora del Registro de Tumores, Dra. D\u00e9bora Salom\u00f3n, Lic. en Ciencias Biol\u00f3gicas, Dra. en Biolog\u00eda y Postgrado en Biolog\u00eda del C\u00e1ncer.","og_url":"https:\/\/infoecos.com.ar\/index.php\/este-viernes-en-t-lauquen-jornada-de-concientizacion-y-prevencion-del-cancer-de-mama\/","og_site_name":"Infoecos","article_publisher":"https:\/\/www.facebook.com\/profile.php?id=100063200290284","article_published_time":"2024-10-17T19:53:33+00:00","og_image":[{"width":986,"height":657,"url":"https:\/\/infoecos.com.ar\/wp-content\/uploads\/2024\/06\/image-347.png","type":"image\/png"}],"author":"Jorge Matheus","twitter_card":"summary_large_image","twitter_creator":"@infoecos","twitter_site":"@infoecos","twitter_misc":{"Escrito por":"Jorge Matheus","Tiempo de lectura":"3 minutos"},"schema":{"@context":"https:\/\/schema.org","@graph":[{"@type":"Article","@id":"https:\/\/infoecos.com.ar\/index.php\/este-viernes-en-t-lauquen-jornada-de-concientizacion-y-prevencion-del-cancer-de-mama\/#article","isPartOf":{"@id":"https:\/\/infoecos.com.ar\/index.php\/este-viernes-en-t-lauquen-jornada-de-concientizacion-y-prevencion-del-cancer-de-mama\/"},"author":{"name":"Jorge Matheus","@id":"https:\/\/infoecos.com.ar\/#\/schema\/person\/8f5ace5ce73b4b4aac4b7245aee6f191"},"headline":"Este viernes en T.Lauquen Jornada de Concientizaci\u00f3n y Prevenci\u00f3n del C\u00e1ncer de Mama","datePublished":"2024-10-17T19:53:33+00:00","dateModified":"2024-10-17T19:53:33+00:00","mainEntityOfPage":{"@id":"https:\/\/infoecos.com.ar\/index.php\/este-viernes-en-t-lauquen-jornada-de-concientizacion-y-prevencion-del-cancer-de-mama\/"},"wordCount":502,"publisher":{"@id":"https:\/\/infoecos.com.ar\/#organization"},"image":{"@id":"https:\/\/infoecos.com.ar\/index.php\/este-viernes-en-t-lauquen-jornada-de-concientizacion-y-prevencion-del-cancer-de-mama\/#primaryimage"},"thumbnailUrl":"https:\/\/infoecos.com.ar\/wp-content\/uploads\/2024\/06\/image-347.png","articleSection":["Noticia Secundaria"],"inLanguage":"es"},{"@type":"WebPage","@id":"https:\/\/infoecos.com.ar\/index.php\/este-viernes-en-t-lauquen-jornada-de-concientizacion-y-prevencion-del-cancer-de-mama\/","url":"https:\/\/infoecos.com.ar\/index.php\/este-viernes-en-t-lauquen-jornada-de-concientizacion-y-prevencion-del-cancer-de-mama\/","name":"Este viernes en T.Lauquen Jornada de Concientizaci\u00f3n y Prevenci\u00f3n del C\u00e1ncer de Mama - Infoecos","isPartOf":{"@id":"https:\/\/infoecos.com.ar\/#website"},"primaryImageOfPage":{"@id":"https:\/\/infoecos.com.ar\/index.php\/este-viernes-en-t-lauquen-jornada-de-concientizacion-y-prevencion-del-cancer-de-mama\/#primaryimage"},"image":{"@id":"https:\/\/infoecos.com.ar\/index.php\/este-viernes-en-t-lauquen-jornada-de-concientizacion-y-prevencion-del-cancer-de-mama\/#primaryimage"},"thumbnailUrl":"https:\/\/infoecos.com.ar\/wp-content\/uploads\/2024\/06\/image-347.png","datePublished":"2024-10-17T19:53:33+00:00","dateModified":"2024-10-17T19:53:33+00:00","breadcrumb":{"@id":"https:\/\/infoecos.com.ar\/index.php\/este-viernes-en-t-lauquen-jornada-de-concientizacion-y-prevencion-del-cancer-de-mama\/#breadcrumb"},"inLanguage":"es","potentialAction":[{"@type":"ReadAction","target":["https:\/\/infoecos.com.ar\/index.php\/este-viernes-en-t-lauquen-jornada-de-concientizacion-y-prevencion-del-cancer-de-mama\/"]}]},{"@type":"ImageObject","inLanguage":"es","@id":"https:\/\/infoecos.com.ar\/index.php\/este-viernes-en-t-lauquen-jornada-de-concientizacion-y-prevencion-del-cancer-de-mama\/#primaryimage","url":"https:\/\/infoecos.com.ar\/wp-content\/uploads\/2024\/06\/image-347.png","contentUrl":"https:\/\/infoecos.com.ar\/wp-content\/uploads\/2024\/06\/image-347.png","width":986,"height":657},{"@type":"BreadcrumbList","@id":"https:\/\/infoecos.com.ar\/index.php\/este-viernes-en-t-lauquen-jornada-de-concientizacion-y-prevencion-del-cancer-de-mama\/#breadcrumb","itemListElement":[{"@type":"ListItem","position":1,"name":"Portada","item":"https:\/\/infoecos.com.ar\/"},{"@type":"ListItem","position":2,"name":"Este viernes en T.Lauquen Jornada de Concientizaci\u00f3n y Prevenci\u00f3n del C\u00e1ncer de Mama"}]},{"@type":"WebSite","@id":"https:\/\/infoecos.com.ar\/#website","url":"https:\/\/infoecos.com.ar\/","name":"Infoecos","description":"Noticias de trenque lauquen y la zona","publisher":{"@id":"https:\/\/infoecos.com.ar\/#organization"},"alternateName":"Noticias","potentialAction":[{"@type":"SearchAction","target":{"@type":"EntryPoint","urlTemplate":"https:\/\/infoecos.com.ar\/?s={search_term_string}"},"query-input":{"@type":"PropertyValueSpecification","valueRequired":true,"valueName":"search_term_string"}}],"inLanguage":"es"},{"@type":"Organization","@id":"https:\/\/infoecos.com.ar\/#organization","name":"Infoecos","alternateName":"Noticias","url":"https:\/\/infoecos.com.ar\/","logo":{"@type":"ImageObject","inLanguage":"es","@id":"https:\/\/infoecos.com.ar\/#\/schema\/logo\/image\/","url":"https:\/\/infoecos.com.ar\/wp-content\/uploads\/2024\/03\/cropped-logo.png","contentUrl":"https:\/\/infoecos.com.ar\/wp-content\/uploads\/2024\/03\/cropped-logo.png","width":374,"height":90,"caption":"Infoecos"},"image":{"@id":"https:\/\/infoecos.com.ar\/#\/schema\/logo\/image\/"},"sameAs":["https:\/\/www.facebook.com\/profile.php?id=100063200290284","https:\/\/x.com\/infoecos"]},{"@type":"Person","@id":"https:\/\/infoecos.com.ar\/#\/schema\/person\/8f5ace5ce73b4b4aac4b7245aee6f191","name":"Jorge Matheus","url":"https:\/\/infoecos.com.ar\/index.php\/author\/jomatheus\/"}]}},"featured_image_urls":{"full":["https:\/\/infoecos.com.ar\/wp-content\/uploads\/2024\/06\/image-347.png",986,657,false],"thumbnail":["https:\/\/infoecos.com.ar\/wp-content\/uploads\/2024\/06\/image-347-300x150.png",300,150,true],"medium":["https:\/\/infoecos.com.ar\/wp-content\/uploads\/2024\/06\/image-347-800x533.png",800,533,true],"medium_large":["https:\/\/infoecos.com.ar\/wp-content\/uploads\/2024\/06\/image-347-768x512.png",640,427,true],"large":["https:\/\/infoecos.com.ar\/wp-content\/uploads\/2024\/06\/image-347.png",640,426,false],"1536x1536":["https:\/\/infoecos.com.ar\/wp-content\/uploads\/2024\/06\/image-347.png",986,657,false],"2048x2048":["https:\/\/infoecos.com.ar\/wp-content\/uploads\/2024\/06\/image-347.png",986,657,false],"covernews-slider-full":["https:\/\/infoecos.com.ar\/wp-content\/uploads\/2024\/06\/image-347.png",986,657,false],"covernews-slider-center":["https:\/\/infoecos.com.ar\/wp-content\/uploads\/2024\/06\/image-347-800x500.png",800,500,true],"covernews-featured":["https:\/\/infoecos.com.ar\/wp-content\/uploads\/2024\/06\/image-347.png",986,657,false],"covernews-medium":["https:\/\/infoecos.com.ar\/wp-content\/uploads\/2024\/06\/image-347-540x340.png",540,340,true],"covernews-medium-square":["https:\/\/infoecos.com.ar\/wp-content\/uploads\/2024\/06\/image-347-400x250.png",400,250,true]},"author_info":{"info":["Jorge Matheus"]},"category_info":"<a href=\"https:\/\/infoecos.com.ar\/index.php\/category\/noticia-secundaria\/\" rel=\"category tag\">Noticia Secundaria<\/a>","tag_info":"Noticia Secundaria","comment_count":"0","_links":{"self":[{"href":"https:\/\/infoecos.com.ar\/index.php\/wp-json\/wp\/v2\/posts\/131141"}],"collection":[{"href":"https:\/\/infoecos.com.ar\/index.php\/wp-json\/wp\/v2\/posts"}],"about":[{"href":"https:\/\/infoecos.com.ar\/index.php\/wp-json\/wp\/v2\/types\/post"}],"author":[{"embeddable":true,"href":"https:\/\/infoecos.com.ar\/index.php\/wp-json\/wp\/v2\/users\/2"}],"replies":[{"embeddable":true,"href":"https:\/\/infoecos.com.ar\/index.php\/wp-json\/wp\/v2\/comments?post=131141"}],"version-history":[{"count":1,"href":"https:\/\/infoecos.com.ar\/index.php\/wp-json\/wp\/v2\/posts\/131141\/revisions"}],"predecessor-version":[{"id":131142,"href":"https:\/\/infoecos.com.ar\/index.php\/wp-json\/wp\/v2\/posts\/131141\/revisions\/131142"}],"wp:featuredmedia":[{"embeddable":true,"href":"https:\/\/infoecos.com.ar\/index.php\/wp-json\/wp\/v2\/media\/126276"}],"wp:attachment":[{"href":"https:\/\/infoecos.com.ar\/index.php\/wp-json\/wp\/v2\/media?parent=131141"}],"wp:term":[{"taxonomy":"category","embeddable":true,"href":"https:\/\/infoecos.com.ar\/index.php\/wp-json\/wp\/v2\/categories?post=131141"},{"taxonomy":"post_tag","embeddable":true,"href":"https:\/\/infoecos.com.ar\/index.php\/wp-json\/wp\/v2\/tags?post=131141"}],"curies":[{"name":"wp","href":"https:\/\/api.w.org\/{rel}","templated":true}]}}