{"id":131165,"date":"2024-10-18T09:24:44","date_gmt":"2024-10-18T12:24:44","guid":{"rendered":"https:\/\/infoecos.com.ar\/?p=131165"},"modified":"2024-10-18T19:55:46","modified_gmt":"2024-10-18T22:55:46","slug":"fallecio-pepe-font-comprometido-vecino-con-las-causas-comunitarias-en-los-ultimos-40-anos-y-cultivador-de-amistades-desde-siempre","status":"publish","type":"post","link":"https:\/\/infoecos.com.ar\/index.php\/fallecio-pepe-font-comprometido-vecino-con-las-causas-comunitarias-en-los-ultimos-40-anos-y-cultivador-de-amistades-desde-siempre\/","title":{"rendered":"Falleci\u00f3 \u00abPepe\u00bb Font comprometido vecino con las causas comunitarias en los \u00faltimos 40 a\u00f1os, y cultivador de amistades desde siempre"},"content":{"rendered":"\n<p>Falleci\u00f3 anoche un vecino de reconocida familia y raigambre trenquelauquense, como tambi\u00e9n empresario sin medias tintas jug\u00e1ndosela siempre, y comprometido con la comunidad desde su vinculaci\u00f3n con la pol\u00edtica, Francisco \u00abPepe\u00bb Font.<\/p>\n\n\n\n<figure class=\"wp-block-image aligncenter size-full\"><img loading=\"lazy\" decoding=\"async\" width=\"444\" height=\"327\" src=\"https:\/\/infoecos.com.ar\/wp-content\/uploads\/2024\/10\/image-170.png\" alt=\"\" class=\"wp-image-131171\"\/><\/figure>\n\n\n\n<p>Hace unos quince d\u00edas hab\u00eda sufrido un accidente cerebral en su domicilio que oblig\u00f3 a la internaci\u00f3n en el Hospital Municipal de Trenque Lauquen. Hubo un gran esfuerzo m\u00e9dico y se sumaron miles de votos para su recuperaci\u00f3n. Fue imposible.<\/p>\n\n\n\n<p>Tuvo en la vida p\u00fablica una dilatada trayectoria en tiempos bravos para el distrito, las inundaciones. Siendo muy joven se desempe\u00f1\u00f3 como secretario de Gobierno del municipio y tambi\u00e9n integr\u00f3 el Concejo Deliberante. Ser\u00e1n inolvidables aquellas im\u00e1genes que registraron a Pepe Font, con botas de gomas ingresar a domicilios donde el agua ingresaba sin contemplaci\u00f3n.<\/p>\n\n\n\n<p>Sus restos son velados en las salas de la Cooperativa de Electricidad y recibir\u00e1n sepultura a la hora 12.<\/p>\n\n\n\n<figure class=\"wp-block-image aligncenter size-full\"><img loading=\"lazy\" decoding=\"async\" width=\"369\" height=\"541\" src=\"https:\/\/infoecos.com.ar\/wp-content\/uploads\/2024\/10\/image-168.png\" alt=\"\" class=\"wp-image-131166\"\/><\/figure>\n\n\n\n<p><strong>Tomamos esta s\u00edntesis de su trayectoria de las cuentas de MiTrenque: <\/strong><\/p>\n\n\n\n<p>Fue piloto de automovilismo. Fue aviador. Fue empresario del sector agropecuario. Fue militante pol\u00edtico en la universidad. Fue Secretario de Gobierno en la intendencia de Horacio Arrast\u00faa, en el retorno de la Democracia. Fue concejal. Fue presidente del Comit\u00e9 Trenque Lauquen. Fue referente partidario y promovi\u00f3 el proceso de renovaci\u00f3n generacional. Fue radical de pura cepa. Temperamental. Controvertido. Comprometido.<\/p>\n","protected":false},"excerpt":{"rendered":"<p>Hace unos quince d\u00edas hab\u00eda sufrido un accidente cerebral en su domicilio que oblig\u00f3 a la internaci\u00f3n en el Hospital Municipal de Trenque Lauquen. Hubo un gran esfuerzo m\u00e9dico y se sumaron miles de votos para su recuperaci\u00f3n. Fue imposible.<\/p>\n","protected":false},"author":2,"featured_media":131171,"comment_status":"closed","ping_status":"open","sticky":false,"template":"","format":"standard","meta":{"footnotes":""},"categories":[1613],"tags":[],"class_list":["post-131165","post","type-post","status-publish","format-standard","has-post-thumbnail","hentry","category-noticia-secundaria"],"yoast_head":"<!-- This site is optimized with the Yoast SEO plugin v23.4 - https:\/\/yoast.com\/wordpress\/plugins\/seo\/ -->\n<title>Falleci\u00f3 &quot;Pepe&quot; Font comprometido vecino con las causas comunitarias en los \u00faltimos 40 a\u00f1os, y cultivador de amistades desde siempre - Infoecos<\/title>\n<meta name=\"robots\" content=\"index, follow, max-snippet:-1, max-image-preview:large, max-video-preview:-1\" \/>\n<link rel=\"canonical\" href=\"https:\/\/infoecos.com.ar\/index.php\/fallecio-pepe-font-comprometido-vecino-con-las-causas-comunitarias-en-los-ultimos-40-anos-y-cultivador-de-amistades-desde-siempre\/\" \/>\n<meta property=\"og:locale\" content=\"es_ES\" \/>\n<meta property=\"og:type\" content=\"article\" \/>\n<meta property=\"og:title\" content=\"Falleci\u00f3 &quot;Pepe&quot; Font comprometido vecino con las causas comunitarias en los \u00faltimos 40 a\u00f1os, y cultivador de amistades desde siempre - Infoecos\" \/>\n<meta property=\"og:description\" content=\"Hace unos quince d\u00edas hab\u00eda sufrido un accidente cerebral en su domicilio que oblig\u00f3 a la internaci\u00f3n en el Hospital Municipal de Trenque Lauquen. Hubo un gran esfuerzo m\u00e9dico y se sumaron miles de votos para su recuperaci\u00f3n. Fue imposible.\" \/>\n<meta property=\"og:url\" content=\"https:\/\/infoecos.com.ar\/index.php\/fallecio-pepe-font-comprometido-vecino-con-las-causas-comunitarias-en-los-ultimos-40-anos-y-cultivador-de-amistades-desde-siempre\/\" \/>\n<meta property=\"og:site_name\" content=\"Infoecos\" \/>\n<meta property=\"article:publisher\" content=\"https:\/\/www.facebook.com\/profile.php?id=100063200290284\" \/>\n<meta property=\"article:published_time\" content=\"2024-10-18T12:24:44+00:00\" \/>\n<meta property=\"article:modified_time\" content=\"2024-10-18T22:55:46+00:00\" \/>\n<meta property=\"og:image\" content=\"https:\/\/infoecos.com.ar\/wp-content\/uploads\/2024\/10\/image-170.png\" \/>\n\t<meta property=\"og:image:width\" content=\"444\" \/>\n\t<meta property=\"og:image:height\" content=\"327\" \/>\n\t<meta property=\"og:image:type\" content=\"image\/png\" \/>\n<meta name=\"author\" content=\"Jorge Matheus\" \/>\n<meta name=\"twitter:card\" content=\"summary_large_image\" \/>\n<meta name=\"twitter:creator\" content=\"@infoecos\" \/>\n<meta name=\"twitter:site\" content=\"@infoecos\" \/>\n<meta name=\"twitter:label1\" content=\"Escrito por\" \/>\n\t<meta name=\"twitter:data1\" content=\"Jorge Matheus\" \/>\n\t<meta name=\"twitter:label2\" content=\"Tiempo de lectura\" \/>\n\t<meta name=\"twitter:data2\" content=\"2 minutos\" \/>\n<script type=\"application\/ld+json\" class=\"yoast-schema-graph\">{\"@context\":\"https:\/\/schema.org\",\"@graph\":[{\"@type\":\"Article\",\"@id\":\"https:\/\/infoecos.com.ar\/index.php\/fallecio-pepe-font-comprometido-vecino-con-las-causas-comunitarias-en-los-ultimos-40-anos-y-cultivador-de-amistades-desde-siempre\/#article\",\"isPartOf\":{\"@id\":\"https:\/\/infoecos.com.ar\/index.php\/fallecio-pepe-font-comprometido-vecino-con-las-causas-comunitarias-en-los-ultimos-40-anos-y-cultivador-de-amistades-desde-siempre\/\"},\"author\":{\"name\":\"Jorge Matheus\",\"@id\":\"https:\/\/infoecos.com.ar\/#\/schema\/person\/8f5ace5ce73b4b4aac4b7245aee6f191\"},\"headline\":\"Falleci\u00f3 \u00abPepe\u00bb Font comprometido vecino con las causas comunitarias en los \u00faltimos 40 a\u00f1os, y cultivador de amistades desde siempre\",\"datePublished\":\"2024-10-18T12:24:44+00:00\",\"dateModified\":\"2024-10-18T22:55:46+00:00\",\"mainEntityOfPage\":{\"@id\":\"https:\/\/infoecos.com.ar\/index.php\/fallecio-pepe-font-comprometido-vecino-con-las-causas-comunitarias-en-los-ultimos-40-anos-y-cultivador-de-amistades-desde-siempre\/\"},\"wordCount\":254,\"publisher\":{\"@id\":\"https:\/\/infoecos.com.ar\/#organization\"},\"image\":{\"@id\":\"https:\/\/infoecos.com.ar\/index.php\/fallecio-pepe-font-comprometido-vecino-con-las-causas-comunitarias-en-los-ultimos-40-anos-y-cultivador-de-amistades-desde-siempre\/#primaryimage\"},\"thumbnailUrl\":\"https:\/\/infoecos.com.ar\/wp-content\/uploads\/2024\/10\/image-170.png\",\"articleSection\":[\"Noticia Secundaria\"],\"inLanguage\":\"es\"},{\"@type\":\"WebPage\",\"@id\":\"https:\/\/infoecos.com.ar\/index.php\/fallecio-pepe-font-comprometido-vecino-con-las-causas-comunitarias-en-los-ultimos-40-anos-y-cultivador-de-amistades-desde-siempre\/\",\"url\":\"https:\/\/infoecos.com.ar\/index.php\/fallecio-pepe-font-comprometido-vecino-con-las-causas-comunitarias-en-los-ultimos-40-anos-y-cultivador-de-amistades-desde-siempre\/\",\"name\":\"Falleci\u00f3 \\\"Pepe\\\" Font comprometido vecino con las causas comunitarias en los \u00faltimos 40 a\u00f1os, y cultivador de amistades desde siempre - Infoecos\",\"isPartOf\":{\"@id\":\"https:\/\/infoecos.com.ar\/#website\"},\"primaryImageOfPage\":{\"@id\":\"https:\/\/infoecos.com.ar\/index.php\/fallecio-pepe-font-comprometido-vecino-con-las-causas-comunitarias-en-los-ultimos-40-anos-y-cultivador-de-amistades-desde-siempre\/#primaryimage\"},\"image\":{\"@id\":\"https:\/\/infoecos.com.ar\/index.php\/fallecio-pepe-font-comprometido-vecino-con-las-causas-comunitarias-en-los-ultimos-40-anos-y-cultivador-de-amistades-desde-siempre\/#primaryimage\"},\"thumbnailUrl\":\"https:\/\/infoecos.com.ar\/wp-content\/uploads\/2024\/10\/image-170.png\",\"datePublished\":\"2024-10-18T12:24:44+00:00\",\"dateModified\":\"2024-10-18T22:55:46+00:00\",\"breadcrumb\":{\"@id\":\"https:\/\/infoecos.com.ar\/index.php\/fallecio-pepe-font-comprometido-vecino-con-las-causas-comunitarias-en-los-ultimos-40-anos-y-cultivador-de-amistades-desde-siempre\/#breadcrumb\"},\"inLanguage\":\"es\",\"potentialAction\":[{\"@type\":\"ReadAction\",\"target\":[\"https:\/\/infoecos.com.ar\/index.php\/fallecio-pepe-font-comprometido-vecino-con-las-causas-comunitarias-en-los-ultimos-40-anos-y-cultivador-de-amistades-desde-siempre\/\"]}]},{\"@type\":\"ImageObject\",\"inLanguage\":\"es\",\"@id\":\"https:\/\/infoecos.com.ar\/index.php\/fallecio-pepe-font-comprometido-vecino-con-las-causas-comunitarias-en-los-ultimos-40-anos-y-cultivador-de-amistades-desde-siempre\/#primaryimage\",\"url\":\"https:\/\/infoecos.com.ar\/wp-content\/uploads\/2024\/10\/image-170.png\",\"contentUrl\":\"https:\/\/infoecos.com.ar\/wp-content\/uploads\/2024\/10\/image-170.png\",\"width\":444,\"height\":327},{\"@type\":\"BreadcrumbList\",\"@id\":\"https:\/\/infoecos.com.ar\/index.php\/fallecio-pepe-font-comprometido-vecino-con-las-causas-comunitarias-en-los-ultimos-40-anos-y-cultivador-de-amistades-desde-siempre\/#breadcrumb\",\"itemListElement\":[{\"@type\":\"ListItem\",\"position\":1,\"name\":\"Portada\",\"item\":\"https:\/\/infoecos.com.ar\/\"},{\"@type\":\"ListItem\",\"position\":2,\"name\":\"Falleci\u00f3 \u00abPepe\u00bb Font comprometido vecino con las causas comunitarias en los \u00faltimos 40 a\u00f1os, y cultivador de amistades desde siempre\"}]},{\"@type\":\"WebSite\",\"@id\":\"https:\/\/infoecos.com.ar\/#website\",\"url\":\"https:\/\/infoecos.com.ar\/\",\"name\":\"Infoecos\",\"description\":\"Noticias de trenque lauquen y la zona\",\"publisher\":{\"@id\":\"https:\/\/infoecos.com.ar\/#organization\"},\"alternateName\":\"Noticias\",\"potentialAction\":[{\"@type\":\"SearchAction\",\"target\":{\"@type\":\"EntryPoint\",\"urlTemplate\":\"https:\/\/infoecos.com.ar\/?s={search_term_string}\"},\"query-input\":{\"@type\":\"PropertyValueSpecification\",\"valueRequired\":true,\"valueName\":\"search_term_string\"}}],\"inLanguage\":\"es\"},{\"@type\":\"Organization\",\"@id\":\"https:\/\/infoecos.com.ar\/#organization\",\"name\":\"Infoecos\",\"alternateName\":\"Noticias\",\"url\":\"https:\/\/infoecos.com.ar\/\",\"logo\":{\"@type\":\"ImageObject\",\"inLanguage\":\"es\",\"@id\":\"https:\/\/infoecos.com.ar\/#\/schema\/logo\/image\/\",\"url\":\"https:\/\/infoecos.com.ar\/wp-content\/uploads\/2024\/03\/cropped-logo.png\",\"contentUrl\":\"https:\/\/infoecos.com.ar\/wp-content\/uploads\/2024\/03\/cropped-logo.png\",\"width\":374,\"height\":90,\"caption\":\"Infoecos\"},\"image\":{\"@id\":\"https:\/\/infoecos.com.ar\/#\/schema\/logo\/image\/\"},\"sameAs\":[\"https:\/\/www.facebook.com\/profile.php?id=100063200290284\",\"https:\/\/x.com\/infoecos\"]},{\"@type\":\"Person\",\"@id\":\"https:\/\/infoecos.com.ar\/#\/schema\/person\/8f5ace5ce73b4b4aac4b7245aee6f191\",\"name\":\"Jorge Matheus\",\"url\":\"https:\/\/infoecos.com.ar\/index.php\/author\/jomatheus\/\"}]}<\/script>\n<!-- \/ Yoast SEO plugin. -->","yoast_head_json":{"title":"Falleci\u00f3 \"Pepe\" Font comprometido vecino con las causas comunitarias en los \u00faltimos 40 a\u00f1os, y cultivador de amistades desde siempre - Infoecos","robots":{"index":"index","follow":"follow","max-snippet":"max-snippet:-1","max-image-preview":"max-image-preview:large","max-video-preview":"max-video-preview:-1"},"canonical":"https:\/\/infoecos.com.ar\/index.php\/fallecio-pepe-font-comprometido-vecino-con-las-causas-comunitarias-en-los-ultimos-40-anos-y-cultivador-de-amistades-desde-siempre\/","og_locale":"es_ES","og_type":"article","og_title":"Falleci\u00f3 \"Pepe\" Font comprometido vecino con las causas comunitarias en los \u00faltimos 40 a\u00f1os, y cultivador de amistades desde siempre - Infoecos","og_description":"Hace unos quince d\u00edas hab\u00eda sufrido un accidente cerebral en su domicilio que oblig\u00f3 a la internaci\u00f3n en el Hospital Municipal de Trenque Lauquen. Hubo un gran esfuerzo m\u00e9dico y se sumaron miles de votos para su recuperaci\u00f3n. Fue imposible.","og_url":"https:\/\/infoecos.com.ar\/index.php\/fallecio-pepe-font-comprometido-vecino-con-las-causas-comunitarias-en-los-ultimos-40-anos-y-cultivador-de-amistades-desde-siempre\/","og_site_name":"Infoecos","article_publisher":"https:\/\/www.facebook.com\/profile.php?id=100063200290284","article_published_time":"2024-10-18T12:24:44+00:00","article_modified_time":"2024-10-18T22:55:46+00:00","og_image":[{"width":444,"height":327,"url":"https:\/\/infoecos.com.ar\/wp-content\/uploads\/2024\/10\/image-170.png","type":"image\/png"}],"author":"Jorge Matheus","twitter_card":"summary_large_image","twitter_creator":"@infoecos","twitter_site":"@infoecos","twitter_misc":{"Escrito por":"Jorge Matheus","Tiempo de lectura":"2 minutos"},"schema":{"@context":"https:\/\/schema.org","@graph":[{"@type":"Article","@id":"https:\/\/infoecos.com.ar\/index.php\/fallecio-pepe-font-comprometido-vecino-con-las-causas-comunitarias-en-los-ultimos-40-anos-y-cultivador-de-amistades-desde-siempre\/#article","isPartOf":{"@id":"https:\/\/infoecos.com.ar\/index.php\/fallecio-pepe-font-comprometido-vecino-con-las-causas-comunitarias-en-los-ultimos-40-anos-y-cultivador-de-amistades-desde-siempre\/"},"author":{"name":"Jorge Matheus","@id":"https:\/\/infoecos.com.ar\/#\/schema\/person\/8f5ace5ce73b4b4aac4b7245aee6f191"},"headline":"Falleci\u00f3 \u00abPepe\u00bb Font comprometido vecino con las causas comunitarias en los \u00faltimos 40 a\u00f1os, y cultivador de amistades desde siempre","datePublished":"2024-10-18T12:24:44+00:00","dateModified":"2024-10-18T22:55:46+00:00","mainEntityOfPage":{"@id":"https:\/\/infoecos.com.ar\/index.php\/fallecio-pepe-font-comprometido-vecino-con-las-causas-comunitarias-en-los-ultimos-40-anos-y-cultivador-de-amistades-desde-siempre\/"},"wordCount":254,"publisher":{"@id":"https:\/\/infoecos.com.ar\/#organization"},"image":{"@id":"https:\/\/infoecos.com.ar\/index.php\/fallecio-pepe-font-comprometido-vecino-con-las-causas-comunitarias-en-los-ultimos-40-anos-y-cultivador-de-amistades-desde-siempre\/#primaryimage"},"thumbnailUrl":"https:\/\/infoecos.com.ar\/wp-content\/uploads\/2024\/10\/image-170.png","articleSection":["Noticia Secundaria"],"inLanguage":"es"},{"@type":"WebPage","@id":"https:\/\/infoecos.com.ar\/index.php\/fallecio-pepe-font-comprometido-vecino-con-las-causas-comunitarias-en-los-ultimos-40-anos-y-cultivador-de-amistades-desde-siempre\/","url":"https:\/\/infoecos.com.ar\/index.php\/fallecio-pepe-font-comprometido-vecino-con-las-causas-comunitarias-en-los-ultimos-40-anos-y-cultivador-de-amistades-desde-siempre\/","name":"Falleci\u00f3 \"Pepe\" Font comprometido vecino con las causas comunitarias en los \u00faltimos 40 a\u00f1os, y cultivador de amistades desde siempre - Infoecos","isPartOf":{"@id":"https:\/\/infoecos.com.ar\/#website"},"primaryImageOfPage":{"@id":"https:\/\/infoecos.com.ar\/index.php\/fallecio-pepe-font-comprometido-vecino-con-las-causas-comunitarias-en-los-ultimos-40-anos-y-cultivador-de-amistades-desde-siempre\/#primaryimage"},"image":{"@id":"https:\/\/infoecos.com.ar\/index.php\/fallecio-pepe-font-comprometido-vecino-con-las-causas-comunitarias-en-los-ultimos-40-anos-y-cultivador-de-amistades-desde-siempre\/#primaryimage"},"thumbnailUrl":"https:\/\/infoecos.com.ar\/wp-content\/uploads\/2024\/10\/image-170.png","datePublished":"2024-10-18T12:24:44+00:00","dateModified":"2024-10-18T22:55:46+00:00","breadcrumb":{"@id":"https:\/\/infoecos.com.ar\/index.php\/fallecio-pepe-font-comprometido-vecino-con-las-causas-comunitarias-en-los-ultimos-40-anos-y-cultivador-de-amistades-desde-siempre\/#breadcrumb"},"inLanguage":"es","potentialAction":[{"@type":"ReadAction","target":["https:\/\/infoecos.com.ar\/index.php\/fallecio-pepe-font-comprometido-vecino-con-las-causas-comunitarias-en-los-ultimos-40-anos-y-cultivador-de-amistades-desde-siempre\/"]}]},{"@type":"ImageObject","inLanguage":"es","@id":"https:\/\/infoecos.com.ar\/index.php\/fallecio-pepe-font-comprometido-vecino-con-las-causas-comunitarias-en-los-ultimos-40-anos-y-cultivador-de-amistades-desde-siempre\/#primaryimage","url":"https:\/\/infoecos.com.ar\/wp-content\/uploads\/2024\/10\/image-170.png","contentUrl":"https:\/\/infoecos.com.ar\/wp-content\/uploads\/2024\/10\/image-170.png","width":444,"height":327},{"@type":"BreadcrumbList","@id":"https:\/\/infoecos.com.ar\/index.php\/fallecio-pepe-font-comprometido-vecino-con-las-causas-comunitarias-en-los-ultimos-40-anos-y-cultivador-de-amistades-desde-siempre\/#breadcrumb","itemListElement":[{"@type":"ListItem","position":1,"name":"Portada","item":"https:\/\/infoecos.com.ar\/"},{"@type":"ListItem","position":2,"name":"Falleci\u00f3 \u00abPepe\u00bb Font comprometido vecino con las causas comunitarias en los \u00faltimos 40 a\u00f1os, y cultivador de amistades desde siempre"}]},{"@type":"WebSite","@id":"https:\/\/infoecos.com.ar\/#website","url":"https:\/\/infoecos.com.ar\/","name":"Infoecos","description":"Noticias de trenque lauquen y la zona","publisher":{"@id":"https:\/\/infoecos.com.ar\/#organization"},"alternateName":"Noticias","potentialAction":[{"@type":"SearchAction","target":{"@type":"EntryPoint","urlTemplate":"https:\/\/infoecos.com.ar\/?s={search_term_string}"},"query-input":{"@type":"PropertyValueSpecification","valueRequired":true,"valueName":"search_term_string"}}],"inLanguage":"es"},{"@type":"Organization","@id":"https:\/\/infoecos.com.ar\/#organization","name":"Infoecos","alternateName":"Noticias","url":"https:\/\/infoecos.com.ar\/","logo":{"@type":"ImageObject","inLanguage":"es","@id":"https:\/\/infoecos.com.ar\/#\/schema\/logo\/image\/","url":"https:\/\/infoecos.com.ar\/wp-content\/uploads\/2024\/03\/cropped-logo.png","contentUrl":"https:\/\/infoecos.com.ar\/wp-content\/uploads\/2024\/03\/cropped-logo.png","width":374,"height":90,"caption":"Infoecos"},"image":{"@id":"https:\/\/infoecos.com.ar\/#\/schema\/logo\/image\/"},"sameAs":["https:\/\/www.facebook.com\/profile.php?id=100063200290284","https:\/\/x.com\/infoecos"]},{"@type":"Person","@id":"https:\/\/infoecos.com.ar\/#\/schema\/person\/8f5ace5ce73b4b4aac4b7245aee6f191","name":"Jorge Matheus","url":"https:\/\/infoecos.com.ar\/index.php\/author\/jomatheus\/"}]}},"featured_image_urls":{"full":["https:\/\/infoecos.com.ar\/wp-content\/uploads\/2024\/10\/image-170.png",444,327,false],"thumbnail":["https:\/\/infoecos.com.ar\/wp-content\/uploads\/2024\/10\/image-170-300x150.png",300,150,true],"medium":["https:\/\/infoecos.com.ar\/wp-content\/uploads\/2024\/10\/image-170.png",444,327,false],"medium_large":["https:\/\/infoecos.com.ar\/wp-content\/uploads\/2024\/10\/image-170.png",444,327,false],"large":["https:\/\/infoecos.com.ar\/wp-content\/uploads\/2024\/10\/image-170.png",444,327,false],"1536x1536":["https:\/\/infoecos.com.ar\/wp-content\/uploads\/2024\/10\/image-170.png",444,327,false],"2048x2048":["https:\/\/infoecos.com.ar\/wp-content\/uploads\/2024\/10\/image-170.png",444,327,false],"covernews-slider-full":["https:\/\/infoecos.com.ar\/wp-content\/uploads\/2024\/10\/image-170.png",444,327,false],"covernews-slider-center":["https:\/\/infoecos.com.ar\/wp-content\/uploads\/2024\/10\/image-170.png",444,327,false],"covernews-featured":["https:\/\/infoecos.com.ar\/wp-content\/uploads\/2024\/10\/image-170.png",444,327,false],"covernews-medium":["https:\/\/infoecos.com.ar\/wp-content\/uploads\/2024\/10\/image-170.png",444,327,false],"covernews-medium-square":["https:\/\/infoecos.com.ar\/wp-content\/uploads\/2024\/10\/image-170-400x250.png",400,250,true]},"author_info":{"info":["Jorge Matheus"]},"category_info":"<a href=\"https:\/\/infoecos.com.ar\/index.php\/category\/noticia-secundaria\/\" rel=\"category tag\">Noticia Secundaria<\/a>","tag_info":"Noticia Secundaria","comment_count":"0","_links":{"self":[{"href":"https:\/\/infoecos.com.ar\/index.php\/wp-json\/wp\/v2\/posts\/131165"}],"collection":[{"href":"https:\/\/infoecos.com.ar\/index.php\/wp-json\/wp\/v2\/posts"}],"about":[{"href":"https:\/\/infoecos.com.ar\/index.php\/wp-json\/wp\/v2\/types\/post"}],"author":[{"embeddable":true,"href":"https:\/\/infoecos.com.ar\/index.php\/wp-json\/wp\/v2\/users\/2"}],"replies":[{"embeddable":true,"href":"https:\/\/infoecos.com.ar\/index.php\/wp-json\/wp\/v2\/comments?post=131165"}],"version-history":[{"count":3,"href":"https:\/\/infoecos.com.ar\/index.php\/wp-json\/wp\/v2\/posts\/131165\/revisions"}],"predecessor-version":[{"id":131174,"href":"https:\/\/infoecos.com.ar\/index.php\/wp-json\/wp\/v2\/posts\/131165\/revisions\/131174"}],"wp:featuredmedia":[{"embeddable":true,"href":"https:\/\/infoecos.com.ar\/index.php\/wp-json\/wp\/v2\/media\/131171"}],"wp:attachment":[{"href":"https:\/\/infoecos.com.ar\/index.php\/wp-json\/wp\/v2\/media?parent=131165"}],"wp:term":[{"taxonomy":"category","embeddable":true,"href":"https:\/\/infoecos.com.ar\/index.php\/wp-json\/wp\/v2\/categories?post=131165"},{"taxonomy":"post_tag","embeddable":true,"href":"https:\/\/infoecos.com.ar\/index.php\/wp-json\/wp\/v2\/tags?post=131165"}],"curies":[{"name":"wp","href":"https:\/\/api.w.org\/{rel}","templated":true}]}}