{"id":131197,"date":"2024-10-20T12:46:41","date_gmt":"2024-10-20T15:46:41","guid":{"rendered":"https:\/\/infoecos.com.ar\/?p=131197"},"modified":"2024-10-20T12:46:42","modified_gmt":"2024-10-20T15:46:42","slug":"came-dio-a-conocer-un-informe-de-la-actividad-manufacturera-muy-en-baja-6-6-interanual","status":"publish","type":"post","link":"https:\/\/infoecos.com.ar\/index.php\/came-dio-a-conocer-un-informe-de-la-actividad-manufacturera-muy-en-baja-6-6-interanual\/","title":{"rendered":"CAME dio a conocer un informe de la actividad manufacturera muy en baja: 6.6% interanual"},"content":{"rendered":"\n<p>La actividad manufacturera de las pymes descendi\u00f3 6,6% interanual en septiembre y acumula una retracci\u00f3n de 15,1% en los primeros nueve meses del a\u00f1o frente al mismo per\u00edodo de 2023. Es la menor tasa de ca\u00edda en 10 meses y en la comparaci\u00f3n intermensual desestacionalizada se verifica un incremento del 3,7%.<\/p>\n\n\n\n<p>En tanto, de los 6 sectores relevados, 5 de ellos mejoraron su actividad en la comparaci\u00f3n intermensual desestacionalizada.<\/p>\n\n\n\n<figure class=\"wp-block-image\"><img decoding=\"async\" src=\"https:\/\/ci3.googleusercontent.com\/meips\/ADKq_NafSTIUOh3Mr_NTYazTCBQ_ikIZJESbgzlNoLA8mBrqkRgQ9ig8co9iff5iqOTPQcL-XqjZyddDGwmfp4jRcOX53-x09v_ym2NYlRDLHfemirpzxfTg4oJjr3ANSIaNQdnkcopVc6nrjMSnW17Z7yO1dSU0-Nfc_DRsR_NqeIAId__rAbtb=s0-d-e1-ft#https:\/\/mailprensa.came.org.ar\/data\/1899c60d3e88c767f20949a98d5003460b14bf85\/media_files\/1049\/original\/image.png\" alt=\"\"\/><\/figure>\n\n\n\n<p>Por su parte, el uso de la capacidad instalada contin\u00faa siendo muy bajo. Es de 60,6%, consecuencia de una actividad que sigue deprimida, especialmente en textil e indumentaria, donde se ubic\u00f3 en apenas 54,6%. Ese es justamente uno de los principales rubros con problemas para pagar salarios, seg\u00fan el 24,1% de las respuestas.<\/p>\n\n\n\n<figure class=\"wp-block-image\"><img decoding=\"async\" src=\"https:\/\/ci3.googleusercontent.com\/meips\/ADKq_NYeqxleB1-u2O5iLQuU5Pza1yDyqQ6JG7E2Yj_dMDsbOlzU_xtshIYf-UF7fBaaohxo94Xpshq6URlBRx4y5Q2RheYmVVJ6zw4uuSKR5uEgHP4KOpc7pHZ6xDNBPO678nURA4Pmk1D9S3KBavmVZl9nNhstmN0RHjy2LFcV4S2QcVtuREqn=s0-d-e1-ft#https:\/\/mailprensa.came.org.ar\/data\/1899c60d3e88c767f20949a98d5003460b14bf85\/media_files\/1050\/original\/image.png\" alt=\"\"\/><\/figure>\n\n\n\n<p>Los resultados surgen del \u00cdndice de Producci\u00f3n Industrial Pyme (IPIP) que elabora CAME, con una muestra que alcanz\u00f3 a 420 industrias pyme a nivel federal.<\/p>\n\n\n\n<p><strong>An\u00e1lisis sectorial<\/strong><\/p>\n\n\n\n<p>Los seis sectores manufactureros del segmento pyme tuvieron fuertes ca\u00eddas en la comparaci\u00f3n anual, siendo los m\u00e1s afectados \u201cPapel e Impresiones\u201d (-20,7%) y \u201cAlimentos y Bebidas\u201d (-8,3%). \u201cMaderas y muebles\u201d fue el ramo que menos se retrajo (-0,6% anual).<\/p>\n\n\n\n<figure class=\"wp-block-image\"><img decoding=\"async\" src=\"https:\/\/ci3.googleusercontent.com\/meips\/ADKq_NYTNGWPW9AATFrE16Rws2nd2beVpRuOHouRT2ib0P1LANSV_rjq_cMmioMzLLG1p09DKwL-h12Obtd_tKsV7yavlkNRlxZ9JfDoMN0-W82xOjLXZhFKM8udNjDwhlU_kWdT49dge_rT2tjcAXWMgaoHYi4dAADbdJLz86y1dgY-qZIjxljD=s0-d-e1-ft#https:\/\/mailprensa.came.org.ar\/data\/1899c60d3e88c767f20949a98d5003460b14bf85\/media_files\/1051\/original\/image.png\" alt=\"\"\/><\/figure>\n\n\n\n<ol class=\"wp-block-list\">\n<li><strong>Alimentos y bebidas<\/strong><\/li>\n<\/ol>\n\n\n\n<figure class=\"wp-block-image\"><img decoding=\"async\" src=\"https:\/\/ci3.googleusercontent.com\/meips\/ADKq_NZ8ttO6vIX_gxbAsuTzqBkDeng58NFKEZqwe8cONn5bxNu3Q6asgRJp1Rxqx_XPuCHbvB682gezKnmJOallZbUK1zuHxCwg7Vv7FxfVLn3XUMZYeYWILJjMvW8W_EoHZOfmOFyLbc9b_F3jtl9GDSNM7T8Fm0zdgwOnHwJJL3p5MIAOhglJ=s0-d-e1-ft#https:\/\/mailprensa.came.org.ar\/data\/1899c60d3e88c767f20949a98d5003460b14bf85\/media_files\/1052\/original\/image.png\" alt=\"\"\/><\/figure>\n\n\n\n<p>El sector registr\u00f3 un declive de 8,3% anual a precios constantes en septiembre y una mejora de 1,9% en la comparaci\u00f3n mensual. Para los primeros nueve meses del a\u00f1o acumula una baja de 15,5% anual. Las industrias operaron con 62,2% de su capacidad instalada.<\/p>\n\n\n\n<p>M\u00e1s empresas denunciaron competencia desleal entre algunos actores del mercado y demandaron mayor acceso al cr\u00e9dito para elevar la capacidad productiva. Un punto que gener\u00f3 cierta discordia en septiembre fue el valor de los productos importados ya que, si bien descendi\u00f3 el impuesto PA\u00cdS y hubo algunas bajas de aranceles, eso no se estar\u00eda traduciendo en el precio de venta.<\/p>\n\n\n\n<ol start=\"2\" class=\"wp-block-list\">\n<li><strong>Textiles e indumentaria<\/strong><\/li>\n<\/ol>\n\n\n\n<figure class=\"wp-block-image\"><img decoding=\"async\" src=\"https:\/\/ci3.googleusercontent.com\/meips\/ADKq_NZVMie4Nuby2ZKSo4eZTjl7EcMAKCteHvihB0d86Gd0-i8JtkuKq0ACrjlEzbML5qKEOP4zJPKu6t7cm_4IDybxRRvqWT0NdynqHad5Tz_lhkHVpSoJVMd5ImHkAD_aivKid-LleFwIOeN9BoTuXO1KEQ4C7VrgD7HowHXqUCOEw3m82G0N=s0-d-e1-ft#https:\/\/mailprensa.came.org.ar\/data\/1899c60d3e88c767f20949a98d5003460b14bf85\/media_files\/1053\/original\/image.png\" alt=\"\"\/><\/figure>\n\n\n\n<p>La producci\u00f3n se retrajo 7,3% anual y -0,8% frente a agosto. En el tramo de los primeros nueve meses del 2024 lleva una retracci\u00f3n de 4,6%. Las f\u00e1bricas trabajaron con 54,6% de su capacidad instalada, siendo el rubro con menos uso de sus instalaciones en el mes.<\/p>\n\n\n\n<p>Desde las empresas marcaron que a pesar de la estabilidad de los precios y del d\u00f3lar, la falta de poder adquisitivo se siente en el sector. Adem\u00e1s, explicaron que con el tipo de cambio menos favorable y una estructura de costos muy alta la gente se est\u00e1 yendo a comprar a pa\u00edses vecinos, reduciendo la demanda local. La situaci\u00f3n tambi\u00e9n impacta en la ropa de trabajo y escolar, donde las reposiciones son m\u00e1s espaciadas.<\/p>\n\n\n\n<ol start=\"3\" class=\"wp-block-list\">\n<li><strong>Maderas y muebles<\/strong><\/li>\n<\/ol>\n\n\n\n<figure class=\"wp-block-image\"><img decoding=\"async\" src=\"https:\/\/ci3.googleusercontent.com\/meips\/ADKq_NZAbRKf18vInMCXLanRKXnfarc0kfUHrYI5bKyRIsKxaocakZTgdQJLxZLBPKegqYyZZljjt7ewdwa0gFOAg9KJu_Z-GB5pRVDpTh8dPmEi4C7VQAn4cVaj1YYDVDDOLBOgpWSIzJt9U8ft89VTtbphVNflRPM-Rp33DD4C0_KyuFesuW-Q=s0-d-e1-ft#https:\/\/mailprensa.came.org.ar\/data\/1899c60d3e88c767f20949a98d5003460b14bf85\/media_files\/1054\/original\/image.png\" alt=\"\"\/><\/figure>\n\n\n\n<p>En septiembre, el sector se retrajo 0,6%, siempre anual y a precios constantes, y creci\u00f3 2,8% en la comparaci\u00f3n mensual desestacionalizada. En el per\u00edodo enero-septiembre la actividad disminuy\u00f3 13,3% frente a iguales meses del a\u00f1o pasado.<\/p>\n\n\n\n<p>Durante el mes, las firmas operaron con solo 61,6% de su capacidad instalada. El rubro vendi\u00f3 algo m\u00e1s que en agosto y aminor\u00f3 su tasa de ca\u00edda anual, porque se mantuvieron precios y porque algunas empresas estuvieron preparando stock para la nueva temporada. En las empresas consultadas sostuvieron que ya no est\u00e1n tan mal en materia de ventas, que algo se reacomod\u00f3 en esa variable, pero no as\u00ed en rentabilidad.<\/p>\n\n\n\n<ol start=\"4\" class=\"wp-block-list\">\n<li><strong>Metal, maquinaria y equipo, y material de transporte<\/strong><\/li>\n<\/ol>\n\n\n\n<figure class=\"wp-block-image\"><img decoding=\"async\" src=\"https:\/\/ci3.googleusercontent.com\/meips\/ADKq_NanugYs7k6fefRPqNbchrJh2HH3s7BE942UkoewWE8fHOIstjL560sofoMyW96xR4W2D4o9gIkpR8Et1kpU9ILCxytv03wx6MRRIOA0xfR2n8hxMh_me6f8-D0BPnkUxCE2GzFgg-vr8n2cHP9biY_TuZEXaZIoHJH6CDu6sm16-M0dXSBf=s0-d-e1-ft#https:\/\/mailprensa.came.org.ar\/data\/1899c60d3e88c767f20949a98d5003460b14bf85\/media_files\/1055\/original\/image.png\" alt=\"\"\/><\/figure>\n\n\n\n<p>Hubo una disminuci\u00f3n de 2,6% en septiembre, y creci\u00f3 5,4% en la comparaci\u00f3n mensual. En los primeros nueve meses del a\u00f1o acumula una ca\u00edda de 16%, siempre frente al mismo per\u00edodo de 2023. Las industrias operaron al 60,1% de su capacidad instalada.<\/p>\n\n\n\n<p>Los industriales de la encuesta se\u00f1alaron que insumos como el vidrio o el aluminio deber\u00edan haber bajado de precio con el impuesto PA\u00cdS, y eso no sucedi\u00f3. Adem\u00e1s, reclamaron por la cantidad de empresas informales que ejercen competencia desleal. Las firmas esperan que la situaci\u00f3n mejore, al tiempo que advierten que muchos meses m\u00e1s no podr\u00e1n sostenerse.<\/p>\n\n\n\n<ol start=\"5\" class=\"wp-block-list\">\n<li><strong>Qu\u00edmicos y pl\u00e1sticos<\/strong><\/li>\n<\/ol>\n\n\n\n<figure class=\"wp-block-image\"><img decoding=\"async\" src=\"https:\/\/ci3.googleusercontent.com\/meips\/ADKq_NYb3t8dvzYFbrSl-HsLk4n92ZKt8uxjfefpDwHbv6IRjikEtdzQpAnHt9KO0vOm0xIMJe4ss3vKbfuAD9ksqBX9nhI8oewkeDdz7MvwgbFadapV6xXieCiYVHlQfr4FLUQKJ9w3jsXbXeOQsiCJo7eRaEAcc9cC6YDI44adi-VKkxQc4-Pl=s0-d-e1-ft#https:\/\/mailprensa.came.org.ar\/data\/1899c60d3e88c767f20949a98d5003460b14bf85\/media_files\/1056\/original\/image.png\" alt=\"\"\/><\/figure>\n\n\n\n<p>El sector experiment\u00f3 una contracci\u00f3n del 8%, y un repunte de 5,3% en el contraste mensual. Hasta septiembre se registra un retroceso de 21%, contra 2023. Durante este mes, las industrias ocuparon el 63,7% de su capacidad instalada.<\/p>\n\n\n\n<p>A diferencia de otros sectores, las empresas consultadas observaron que paulatinamente est\u00e1n bajando los costos de insumos y materias primas. Sin embargo, advirtieron que es urgente recuperar el nivel de ventas antes de que la situaci\u00f3n financiera se vuelva insostenible. En tanto, las firmas con perfil exportador se mostraron en una situaci\u00f3n m\u00e1s c\u00f3moda que el resto.<\/p>\n\n\n\n<ol start=\"6\" class=\"wp-block-list\">\n<li><strong>Papel e impresiones<\/strong><\/li>\n<\/ol>\n\n\n\n<figure class=\"wp-block-image\"><img decoding=\"async\" src=\"https:\/\/ci3.googleusercontent.com\/meips\/ADKq_NYrQ6KwdgP8_XOOwz4yjWBdn8_NCLkiNDYlvNHUBq9l9TJDJBbilJ2OAoymLDhBQoqLV9IpAOJkMiD6JRArJQoJi29m7exFDbfycFnMYthEMpIB93ZqASDLI-MKZtb38HqvCGUax9QNz_i1fHUKUwOS2N5K7Dk569l_98hetaLPMX0dR-Mw=s0-d-e1-ft#https:\/\/mailprensa.came.org.ar\/data\/1899c60d3e88c767f20949a98d5003460b14bf85\/media_files\/1057\/original\/image.png\" alt=\"\"\/><\/figure>\n\n\n\n<p>La actividad se retrajo 20,7% anual a precios constantes, siendo el sector con mayor retroceso. En t\u00e9rminos mensuales, sin embargo, tuvo un incremento de 9,1%, constituy\u00e9ndose, as\u00ed como el sector con mayor recuperaci\u00f3n frente a agosto. Para los primeros nueve meses del a\u00f1o, la actividad acumula una ca\u00edda de 16,8% frente a los mismos meses del a\u00f1o pasado. Las empresas operaron con 59,4% de su capacidad instalada.<\/p>\n\n\n\n<p>Desde las industrias del sector resaltaron alguna mejora, especialmente en la comparaci\u00f3n mensual. Pero tambi\u00e9n porque se observ\u00f3 baja en el costo en algunos insumos y en repuestos de m\u00e1quinas. Las firmas medidas sostuvieron que es importante que las ventas suban para enfrentar cualquier infortunio ya que la situaci\u00f3n est\u00e1 apretada.<\/p>\n\n\n\n<p><strong>Encuesta cualitativa<\/strong><\/p>\n\n\n\n<p>lLa medida m\u00e1s destacada que esperan las industrias pymes es la reducci\u00f3n de impuestos (nacionales y provinciales) y de tasas municipales. Ese reclamo conjunto representa el 59,8% de las respuestas, seguida por el est\u00edmulo a la demanda interna con un 13,9%.<\/p>\n\n\n\n<p>lLas empresas est\u00e1n m\u00e1s preocupadas por los altos costos ajenos al proceso productivo que por la ca\u00edda en la producci\u00f3n en s\u00ed, donde de alguna manera esperan una pronta recuperaci\u00f3n.<\/p>\n\n\n\n<p>lLa generaci\u00f3n de incentivos para la contrataci\u00f3n de personal ocupa el cuarto lugar de las decisiones que se consideran m\u00e1s efectivas para las pymes en el corto plazo, con 8% de las respuestas. De todos modos, ese porcentaje fue bajando en los \u00faltimos meses por la menor intenci\u00f3n de contratar personal frente a la ca\u00edda en la actividad.<\/p>\n\n\n\n<figure class=\"wp-block-image\"><img decoding=\"async\" src=\"https:\/\/ci3.googleusercontent.com\/meips\/ADKq_NY33ebUTr1QV6gx8fgvXWFRaCUoSycyD1A0lBb7IoDgKgBoFVCAhiDKqNARcyJm1jzbk5b0-H9EY2k3pv3Vhiy96-0e62JxO0jxdnt9gpWHqlfwgU9oQF8uZAPOl7cr173oF85HTJSSunWnJXXEABhgts0flNGaSCBgjcZBS5S4xlhN7dJK=s0-d-e1-ft#https:\/\/mailprensa.came.org.ar\/data\/1899c60d3e88c767f20949a98d5003460b14bf85\/media_files\/1058\/original\/image.png\" alt=\"\"\/><\/figure>\n\n\n\n<p>Asimismo, en septiembre los obst\u00e1culos identificados por los empresarios son la falta de ventas, que representa el 41,3% de las respuestas y contin\u00faa en el primer puesto, junto con los altos costos de producci\u00f3n y log\u00edstica, que constituyen el 36,5%. Estos dos factores se destacan como las dificultades m\u00e1s significativas para el crecimiento y la estabilidad de las pymes.<\/p>\n\n\n\n<figure class=\"wp-block-image\"><img decoding=\"async\" src=\"https:\/\/ci3.googleusercontent.com\/meips\/ADKq_NY0Ynywyf8Pu6qpNtpyb8-ATAiKRD8iAvkgB6A3MoBPMAJKQvGLIgA7Mq3xNTUcx03L9lQmmTAgtUuSJIH92O4-9zErYJT7X4jIjG3iO6ClZACpfMaiyLfOskmRPVsstHpGzqRIa6FFq4mNTO1t7C7ucYc7jX8vs880K5XAUx8p1JgFcTMt=s0-d-e1-ft#https:\/\/mailprensa.came.org.ar\/data\/1899c60d3e88c767f20949a98d5003460b14bf85\/media_files\/1059\/original\/image.png\" alt=\"\"\/><\/figure>\n\n\n\n<p>lFrente a un contexto de baja demanda y altos costos fijos, el 32,6% de las empresas consultadas estuvo reduciendo gastos operativos. En tanto, otro 30,4% diversific\u00f3 su fabricaci\u00f3n, incorporando nuevos productos y la prestaci\u00f3n de servicios adicionales a su actividad habitual. A su vez, el 11% de las industrias redujo horas laborales.<\/p>\n\n\n\n<figure class=\"wp-block-image\"><img decoding=\"async\" src=\"https:\/\/ci3.googleusercontent.com\/meips\/ADKq_NZE7He56s--l-twGua4SJdMavg_bNLZz1z7c3_2ICH5xoL00iyKGWFqF0-mR-XkK3KsjFueqxI3ilHQNfOwePQRdAGYw71_4D5sP7KgJ3w26uByqG4xqbqokrbSy_8LuCttJoQIwEN5EHlx2ZegGSModmwlWHuwaxIsVUxOgMZICXxIFf3l=s0-d-e1-ft#https:\/\/mailprensa.came.org.ar\/data\/1899c60d3e88c767f20949a98d5003460b14bf85\/media_files\/1060\/original\/image.png\" alt=\"\"\/><\/figure>\n\n\n\n<p>Con respecto a la distribuci\u00f3n de empresas industriales pymes que experimentaron dificultades para pagar salarios, durante septiembre, desglosado por rubro, se observa que el sector \u00abTextil e indumentaria\u00bb lidera con el 24,1% de las empresas reportando problemas. Detr\u00e1s ubica \u00abMetal, maquinaria y equipo, y material de transporte\u00bb con el 22,4%. Otros ramos afectados incluyen \u00abAlimentos y bebidas\u00bb (17,2%) y \u00abQu\u00edmicos y pl\u00e1sticos\u00bb (15,5%). Por su parte, los rubros \u00abMadera y muebles\u00bb y \u00abPapel e impresiones\u00bb presentaron la menor proporci\u00f3n de empresas con problemas, ambos con un 10,3%. Se observa que las presiones se concentran principalmente en sectores intensivos en mano de obra y con alta exposici\u00f3n a costos variables vol\u00e1tiles.<\/p>\n\n\n\n<figure class=\"wp-block-image is-resized\"><img decoding=\"async\" src=\"https:\/\/ci3.googleusercontent.com\/meips\/ADKq_NazZTk74_G3gVXEzAodY2pcFQX8UXUSbye9HzPHmXww7_YG2LrKmxRDfDQK5eiEma_IB9Ombn5foIhGcrytebQuS722dogBawT-APrYvDOpGXmV2MJIFzx3pCEepEedfRUB6l1phA_0Nnvzx_OWaBN72kEluQdvlu_iwR7Igb6i35XQFtza=s0-d-e1-ft#https:\/\/mailprensa.came.org.ar\/data\/1899c60d3e88c767f20949a98d5003460b14bf85\/media_files\/1061\/original\/image.png\" alt=\"\" style=\"width:740px;height:auto\"\/><\/figure>\n\n\n\n<figure class=\"wp-block-image aligncenter size-full\"><img loading=\"lazy\" decoding=\"async\" width=\"626\" height=\"418\" src=\"https:\/\/infoecos.com.ar\/wp-content\/uploads\/2024\/10\/image-177.png\" alt=\"\" class=\"wp-image-131198\"\/><\/figure>\n","protected":false},"excerpt":{"rendered":"<p>Los resultados surgen del \u00cdndice de Producci\u00f3n Industrial Pyme (IPIP) que elabora CAME, con una muestra que alcanz\u00f3 a 420 industrias pyme a nivel federal<\/p>\n","protected":false},"author":2,"featured_media":131198,"comment_status":"closed","ping_status":"open","sticky":false,"template":"","format":"standard","meta":{"footnotes":""},"categories":[1612],"tags":[],"class_list":["post-131197","post","type-post","status-publish","format-standard","has-post-thumbnail","hentry","category-noticia-principal"],"yoast_head":"<!-- This site is optimized with the Yoast SEO plugin v23.4 - https:\/\/yoast.com\/wordpress\/plugins\/seo\/ -->\n<title>CAME dio a conocer un informe de la actividad manufacturera muy en baja: 6.6% interanual - Infoecos<\/title>\n<meta name=\"robots\" content=\"index, follow, max-snippet:-1, max-image-preview:large, max-video-preview:-1\" \/>\n<link rel=\"canonical\" href=\"https:\/\/infoecos.com.ar\/index.php\/came-dio-a-conocer-un-informe-de-la-actividad-manufacturera-muy-en-baja-6-6-interanual\/\" \/>\n<meta property=\"og:locale\" content=\"es_ES\" \/>\n<meta property=\"og:type\" content=\"article\" \/>\n<meta property=\"og:title\" content=\"CAME dio a conocer un informe de la actividad manufacturera muy en baja: 6.6% interanual - Infoecos\" \/>\n<meta property=\"og:description\" content=\"Los resultados surgen del \u00cdndice de Producci\u00f3n Industrial Pyme (IPIP) que elabora CAME, con una muestra que alcanz\u00f3 a 420 industrias pyme a nivel federal\" \/>\n<meta property=\"og:url\" content=\"https:\/\/infoecos.com.ar\/index.php\/came-dio-a-conocer-un-informe-de-la-actividad-manufacturera-muy-en-baja-6-6-interanual\/\" \/>\n<meta property=\"og:site_name\" content=\"Infoecos\" \/>\n<meta property=\"article:publisher\" content=\"https:\/\/www.facebook.com\/profile.php?id=100063200290284\" \/>\n<meta property=\"article:published_time\" content=\"2024-10-20T15:46:41+00:00\" \/>\n<meta property=\"article:modified_time\" content=\"2024-10-20T15:46:42+00:00\" \/>\n<meta property=\"og:image\" content=\"https:\/\/infoecos.com.ar\/wp-content\/uploads\/2024\/10\/image-177.png\" \/>\n\t<meta property=\"og:image:width\" content=\"626\" \/>\n\t<meta property=\"og:image:height\" content=\"418\" \/>\n\t<meta property=\"og:image:type\" content=\"image\/png\" \/>\n<meta name=\"author\" content=\"Jorge Matheus\" \/>\n<meta name=\"twitter:card\" content=\"summary_large_image\" \/>\n<meta name=\"twitter:creator\" content=\"@infoecos\" \/>\n<meta name=\"twitter:site\" content=\"@infoecos\" \/>\n<meta name=\"twitter:label1\" content=\"Escrito por\" \/>\n\t<meta name=\"twitter:data1\" content=\"Jorge Matheus\" \/>\n\t<meta name=\"twitter:label2\" content=\"Tiempo de lectura\" \/>\n\t<meta name=\"twitter:data2\" content=\"9 minutos\" \/>\n<script type=\"application\/ld+json\" class=\"yoast-schema-graph\">{\"@context\":\"https:\/\/schema.org\",\"@graph\":[{\"@type\":\"Article\",\"@id\":\"https:\/\/infoecos.com.ar\/index.php\/came-dio-a-conocer-un-informe-de-la-actividad-manufacturera-muy-en-baja-6-6-interanual\/#article\",\"isPartOf\":{\"@id\":\"https:\/\/infoecos.com.ar\/index.php\/came-dio-a-conocer-un-informe-de-la-actividad-manufacturera-muy-en-baja-6-6-interanual\/\"},\"author\":{\"name\":\"Jorge Matheus\",\"@id\":\"https:\/\/infoecos.com.ar\/#\/schema\/person\/8f5ace5ce73b4b4aac4b7245aee6f191\"},\"headline\":\"CAME dio a conocer un informe de la actividad manufacturera muy en baja: 6.6% interanual\",\"datePublished\":\"2024-10-20T15:46:41+00:00\",\"dateModified\":\"2024-10-20T15:46:42+00:00\",\"mainEntityOfPage\":{\"@id\":\"https:\/\/infoecos.com.ar\/index.php\/came-dio-a-conocer-un-informe-de-la-actividad-manufacturera-muy-en-baja-6-6-interanual\/\"},\"wordCount\":1261,\"publisher\":{\"@id\":\"https:\/\/infoecos.com.ar\/#organization\"},\"image\":{\"@id\":\"https:\/\/infoecos.com.ar\/index.php\/came-dio-a-conocer-un-informe-de-la-actividad-manufacturera-muy-en-baja-6-6-interanual\/#primaryimage\"},\"thumbnailUrl\":\"https:\/\/infoecos.com.ar\/wp-content\/uploads\/2024\/10\/image-177.png\",\"articleSection\":[\"Noticia Principal\"],\"inLanguage\":\"es\"},{\"@type\":\"WebPage\",\"@id\":\"https:\/\/infoecos.com.ar\/index.php\/came-dio-a-conocer-un-informe-de-la-actividad-manufacturera-muy-en-baja-6-6-interanual\/\",\"url\":\"https:\/\/infoecos.com.ar\/index.php\/came-dio-a-conocer-un-informe-de-la-actividad-manufacturera-muy-en-baja-6-6-interanual\/\",\"name\":\"CAME dio a conocer un informe de la actividad manufacturera muy en baja: 6.6% interanual - Infoecos\",\"isPartOf\":{\"@id\":\"https:\/\/infoecos.com.ar\/#website\"},\"primaryImageOfPage\":{\"@id\":\"https:\/\/infoecos.com.ar\/index.php\/came-dio-a-conocer-un-informe-de-la-actividad-manufacturera-muy-en-baja-6-6-interanual\/#primaryimage\"},\"image\":{\"@id\":\"https:\/\/infoecos.com.ar\/index.php\/came-dio-a-conocer-un-informe-de-la-actividad-manufacturera-muy-en-baja-6-6-interanual\/#primaryimage\"},\"thumbnailUrl\":\"https:\/\/infoecos.com.ar\/wp-content\/uploads\/2024\/10\/image-177.png\",\"datePublished\":\"2024-10-20T15:46:41+00:00\",\"dateModified\":\"2024-10-20T15:46:42+00:00\",\"breadcrumb\":{\"@id\":\"https:\/\/infoecos.com.ar\/index.php\/came-dio-a-conocer-un-informe-de-la-actividad-manufacturera-muy-en-baja-6-6-interanual\/#breadcrumb\"},\"inLanguage\":\"es\",\"potentialAction\":[{\"@type\":\"ReadAction\",\"target\":[\"https:\/\/infoecos.com.ar\/index.php\/came-dio-a-conocer-un-informe-de-la-actividad-manufacturera-muy-en-baja-6-6-interanual\/\"]}]},{\"@type\":\"ImageObject\",\"inLanguage\":\"es\",\"@id\":\"https:\/\/infoecos.com.ar\/index.php\/came-dio-a-conocer-un-informe-de-la-actividad-manufacturera-muy-en-baja-6-6-interanual\/#primaryimage\",\"url\":\"https:\/\/infoecos.com.ar\/wp-content\/uploads\/2024\/10\/image-177.png\",\"contentUrl\":\"https:\/\/infoecos.com.ar\/wp-content\/uploads\/2024\/10\/image-177.png\",\"width\":626,\"height\":418},{\"@type\":\"BreadcrumbList\",\"@id\":\"https:\/\/infoecos.com.ar\/index.php\/came-dio-a-conocer-un-informe-de-la-actividad-manufacturera-muy-en-baja-6-6-interanual\/#breadcrumb\",\"itemListElement\":[{\"@type\":\"ListItem\",\"position\":1,\"name\":\"Portada\",\"item\":\"https:\/\/infoecos.com.ar\/\"},{\"@type\":\"ListItem\",\"position\":2,\"name\":\"CAME dio a conocer un informe de la actividad manufacturera muy en baja: 6.6% interanual\"}]},{\"@type\":\"WebSite\",\"@id\":\"https:\/\/infoecos.com.ar\/#website\",\"url\":\"https:\/\/infoecos.com.ar\/\",\"name\":\"Infoecos\",\"description\":\"Noticias de trenque lauquen y la zona\",\"publisher\":{\"@id\":\"https:\/\/infoecos.com.ar\/#organization\"},\"alternateName\":\"Noticias\",\"potentialAction\":[{\"@type\":\"SearchAction\",\"target\":{\"@type\":\"EntryPoint\",\"urlTemplate\":\"https:\/\/infoecos.com.ar\/?s={search_term_string}\"},\"query-input\":{\"@type\":\"PropertyValueSpecification\",\"valueRequired\":true,\"valueName\":\"search_term_string\"}}],\"inLanguage\":\"es\"},{\"@type\":\"Organization\",\"@id\":\"https:\/\/infoecos.com.ar\/#organization\",\"name\":\"Infoecos\",\"alternateName\":\"Noticias\",\"url\":\"https:\/\/infoecos.com.ar\/\",\"logo\":{\"@type\":\"ImageObject\",\"inLanguage\":\"es\",\"@id\":\"https:\/\/infoecos.com.ar\/#\/schema\/logo\/image\/\",\"url\":\"https:\/\/infoecos.com.ar\/wp-content\/uploads\/2024\/03\/cropped-logo.png\",\"contentUrl\":\"https:\/\/infoecos.com.ar\/wp-content\/uploads\/2024\/03\/cropped-logo.png\",\"width\":374,\"height\":90,\"caption\":\"Infoecos\"},\"image\":{\"@id\":\"https:\/\/infoecos.com.ar\/#\/schema\/logo\/image\/\"},\"sameAs\":[\"https:\/\/www.facebook.com\/profile.php?id=100063200290284\",\"https:\/\/x.com\/infoecos\"]},{\"@type\":\"Person\",\"@id\":\"https:\/\/infoecos.com.ar\/#\/schema\/person\/8f5ace5ce73b4b4aac4b7245aee6f191\",\"name\":\"Jorge Matheus\",\"url\":\"https:\/\/infoecos.com.ar\/index.php\/author\/jomatheus\/\"}]}<\/script>\n<!-- \/ Yoast SEO plugin. -->","yoast_head_json":{"title":"CAME dio a conocer un informe de la actividad manufacturera muy en baja: 6.6% interanual - Infoecos","robots":{"index":"index","follow":"follow","max-snippet":"max-snippet:-1","max-image-preview":"max-image-preview:large","max-video-preview":"max-video-preview:-1"},"canonical":"https:\/\/infoecos.com.ar\/index.php\/came-dio-a-conocer-un-informe-de-la-actividad-manufacturera-muy-en-baja-6-6-interanual\/","og_locale":"es_ES","og_type":"article","og_title":"CAME dio a conocer un informe de la actividad manufacturera muy en baja: 6.6% interanual - Infoecos","og_description":"Los resultados surgen del \u00cdndice de Producci\u00f3n Industrial Pyme (IPIP) que elabora CAME, con una muestra que alcanz\u00f3 a 420 industrias pyme a nivel federal","og_url":"https:\/\/infoecos.com.ar\/index.php\/came-dio-a-conocer-un-informe-de-la-actividad-manufacturera-muy-en-baja-6-6-interanual\/","og_site_name":"Infoecos","article_publisher":"https:\/\/www.facebook.com\/profile.php?id=100063200290284","article_published_time":"2024-10-20T15:46:41+00:00","article_modified_time":"2024-10-20T15:46:42+00:00","og_image":[{"width":626,"height":418,"url":"https:\/\/infoecos.com.ar\/wp-content\/uploads\/2024\/10\/image-177.png","type":"image\/png"}],"author":"Jorge Matheus","twitter_card":"summary_large_image","twitter_creator":"@infoecos","twitter_site":"@infoecos","twitter_misc":{"Escrito por":"Jorge Matheus","Tiempo de lectura":"9 minutos"},"schema":{"@context":"https:\/\/schema.org","@graph":[{"@type":"Article","@id":"https:\/\/infoecos.com.ar\/index.php\/came-dio-a-conocer-un-informe-de-la-actividad-manufacturera-muy-en-baja-6-6-interanual\/#article","isPartOf":{"@id":"https:\/\/infoecos.com.ar\/index.php\/came-dio-a-conocer-un-informe-de-la-actividad-manufacturera-muy-en-baja-6-6-interanual\/"},"author":{"name":"Jorge Matheus","@id":"https:\/\/infoecos.com.ar\/#\/schema\/person\/8f5ace5ce73b4b4aac4b7245aee6f191"},"headline":"CAME dio a conocer un informe de la actividad manufacturera muy en baja: 6.6% interanual","datePublished":"2024-10-20T15:46:41+00:00","dateModified":"2024-10-20T15:46:42+00:00","mainEntityOfPage":{"@id":"https:\/\/infoecos.com.ar\/index.php\/came-dio-a-conocer-un-informe-de-la-actividad-manufacturera-muy-en-baja-6-6-interanual\/"},"wordCount":1261,"publisher":{"@id":"https:\/\/infoecos.com.ar\/#organization"},"image":{"@id":"https:\/\/infoecos.com.ar\/index.php\/came-dio-a-conocer-un-informe-de-la-actividad-manufacturera-muy-en-baja-6-6-interanual\/#primaryimage"},"thumbnailUrl":"https:\/\/infoecos.com.ar\/wp-content\/uploads\/2024\/10\/image-177.png","articleSection":["Noticia Principal"],"inLanguage":"es"},{"@type":"WebPage","@id":"https:\/\/infoecos.com.ar\/index.php\/came-dio-a-conocer-un-informe-de-la-actividad-manufacturera-muy-en-baja-6-6-interanual\/","url":"https:\/\/infoecos.com.ar\/index.php\/came-dio-a-conocer-un-informe-de-la-actividad-manufacturera-muy-en-baja-6-6-interanual\/","name":"CAME dio a conocer un informe de la actividad manufacturera muy en baja: 6.6% interanual - Infoecos","isPartOf":{"@id":"https:\/\/infoecos.com.ar\/#website"},"primaryImageOfPage":{"@id":"https:\/\/infoecos.com.ar\/index.php\/came-dio-a-conocer-un-informe-de-la-actividad-manufacturera-muy-en-baja-6-6-interanual\/#primaryimage"},"image":{"@id":"https:\/\/infoecos.com.ar\/index.php\/came-dio-a-conocer-un-informe-de-la-actividad-manufacturera-muy-en-baja-6-6-interanual\/#primaryimage"},"thumbnailUrl":"https:\/\/infoecos.com.ar\/wp-content\/uploads\/2024\/10\/image-177.png","datePublished":"2024-10-20T15:46:41+00:00","dateModified":"2024-10-20T15:46:42+00:00","breadcrumb":{"@id":"https:\/\/infoecos.com.ar\/index.php\/came-dio-a-conocer-un-informe-de-la-actividad-manufacturera-muy-en-baja-6-6-interanual\/#breadcrumb"},"inLanguage":"es","potentialAction":[{"@type":"ReadAction","target":["https:\/\/infoecos.com.ar\/index.php\/came-dio-a-conocer-un-informe-de-la-actividad-manufacturera-muy-en-baja-6-6-interanual\/"]}]},{"@type":"ImageObject","inLanguage":"es","@id":"https:\/\/infoecos.com.ar\/index.php\/came-dio-a-conocer-un-informe-de-la-actividad-manufacturera-muy-en-baja-6-6-interanual\/#primaryimage","url":"https:\/\/infoecos.com.ar\/wp-content\/uploads\/2024\/10\/image-177.png","contentUrl":"https:\/\/infoecos.com.ar\/wp-content\/uploads\/2024\/10\/image-177.png","width":626,"height":418},{"@type":"BreadcrumbList","@id":"https:\/\/infoecos.com.ar\/index.php\/came-dio-a-conocer-un-informe-de-la-actividad-manufacturera-muy-en-baja-6-6-interanual\/#breadcrumb","itemListElement":[{"@type":"ListItem","position":1,"name":"Portada","item":"https:\/\/infoecos.com.ar\/"},{"@type":"ListItem","position":2,"name":"CAME dio a conocer un informe de la actividad manufacturera muy en baja: 6.6% interanual"}]},{"@type":"WebSite","@id":"https:\/\/infoecos.com.ar\/#website","url":"https:\/\/infoecos.com.ar\/","name":"Infoecos","description":"Noticias de trenque lauquen y la zona","publisher":{"@id":"https:\/\/infoecos.com.ar\/#organization"},"alternateName":"Noticias","potentialAction":[{"@type":"SearchAction","target":{"@type":"EntryPoint","urlTemplate":"https:\/\/infoecos.com.ar\/?s={search_term_string}"},"query-input":{"@type":"PropertyValueSpecification","valueRequired":true,"valueName":"search_term_string"}}],"inLanguage":"es"},{"@type":"Organization","@id":"https:\/\/infoecos.com.ar\/#organization","name":"Infoecos","alternateName":"Noticias","url":"https:\/\/infoecos.com.ar\/","logo":{"@type":"ImageObject","inLanguage":"es","@id":"https:\/\/infoecos.com.ar\/#\/schema\/logo\/image\/","url":"https:\/\/infoecos.com.ar\/wp-content\/uploads\/2024\/03\/cropped-logo.png","contentUrl":"https:\/\/infoecos.com.ar\/wp-content\/uploads\/2024\/03\/cropped-logo.png","width":374,"height":90,"caption":"Infoecos"},"image":{"@id":"https:\/\/infoecos.com.ar\/#\/schema\/logo\/image\/"},"sameAs":["https:\/\/www.facebook.com\/profile.php?id=100063200290284","https:\/\/x.com\/infoecos"]},{"@type":"Person","@id":"https:\/\/infoecos.com.ar\/#\/schema\/person\/8f5ace5ce73b4b4aac4b7245aee6f191","name":"Jorge Matheus","url":"https:\/\/infoecos.com.ar\/index.php\/author\/jomatheus\/"}]}},"featured_image_urls":{"full":["https:\/\/infoecos.com.ar\/wp-content\/uploads\/2024\/10\/image-177.png",626,418,false],"thumbnail":["https:\/\/infoecos.com.ar\/wp-content\/uploads\/2024\/10\/image-177-300x150.png",300,150,true],"medium":["https:\/\/infoecos.com.ar\/wp-content\/uploads\/2024\/10\/image-177.png",626,418,false],"medium_large":["https:\/\/infoecos.com.ar\/wp-content\/uploads\/2024\/10\/image-177.png",626,418,false],"large":["https:\/\/infoecos.com.ar\/wp-content\/uploads\/2024\/10\/image-177.png",626,418,false],"1536x1536":["https:\/\/infoecos.com.ar\/wp-content\/uploads\/2024\/10\/image-177.png",626,418,false],"2048x2048":["https:\/\/infoecos.com.ar\/wp-content\/uploads\/2024\/10\/image-177.png",626,418,false],"covernews-slider-full":["https:\/\/infoecos.com.ar\/wp-content\/uploads\/2024\/10\/image-177.png",626,418,false],"covernews-slider-center":["https:\/\/infoecos.com.ar\/wp-content\/uploads\/2024\/10\/image-177.png",626,418,false],"covernews-featured":["https:\/\/infoecos.com.ar\/wp-content\/uploads\/2024\/10\/image-177.png",626,418,false],"covernews-medium":["https:\/\/infoecos.com.ar\/wp-content\/uploads\/2024\/10\/image-177-540x340.png",540,340,true],"covernews-medium-square":["https:\/\/infoecos.com.ar\/wp-content\/uploads\/2024\/10\/image-177-400x250.png",400,250,true]},"author_info":{"info":["Jorge Matheus"]},"category_info":"<a href=\"https:\/\/infoecos.com.ar\/index.php\/category\/noticia-principal\/\" rel=\"category tag\">Noticia Principal<\/a>","tag_info":"Noticia Principal","comment_count":"0","_links":{"self":[{"href":"https:\/\/infoecos.com.ar\/index.php\/wp-json\/wp\/v2\/posts\/131197"}],"collection":[{"href":"https:\/\/infoecos.com.ar\/index.php\/wp-json\/wp\/v2\/posts"}],"about":[{"href":"https:\/\/infoecos.com.ar\/index.php\/wp-json\/wp\/v2\/types\/post"}],"author":[{"embeddable":true,"href":"https:\/\/infoecos.com.ar\/index.php\/wp-json\/wp\/v2\/users\/2"}],"replies":[{"embeddable":true,"href":"https:\/\/infoecos.com.ar\/index.php\/wp-json\/wp\/v2\/comments?post=131197"}],"version-history":[{"count":1,"href":"https:\/\/infoecos.com.ar\/index.php\/wp-json\/wp\/v2\/posts\/131197\/revisions"}],"predecessor-version":[{"id":131199,"href":"https:\/\/infoecos.com.ar\/index.php\/wp-json\/wp\/v2\/posts\/131197\/revisions\/131199"}],"wp:featuredmedia":[{"embeddable":true,"href":"https:\/\/infoecos.com.ar\/index.php\/wp-json\/wp\/v2\/media\/131198"}],"wp:attachment":[{"href":"https:\/\/infoecos.com.ar\/index.php\/wp-json\/wp\/v2\/media?parent=131197"}],"wp:term":[{"taxonomy":"category","embeddable":true,"href":"https:\/\/infoecos.com.ar\/index.php\/wp-json\/wp\/v2\/categories?post=131197"},{"taxonomy":"post_tag","embeddable":true,"href":"https:\/\/infoecos.com.ar\/index.php\/wp-json\/wp\/v2\/tags?post=131197"}],"curies":[{"name":"wp","href":"https:\/\/api.w.org\/{rel}","templated":true}]}}