{"id":131200,"date":"2024-10-20T13:03:49","date_gmt":"2024-10-20T16:03:49","guid":{"rendered":"https:\/\/infoecos.com.ar\/?p=131200"},"modified":"2024-10-20T15:16:28","modified_gmt":"2024-10-20T18:16:28","slug":"se-presentan-hoy-en-el-teatro-espanol-las-orquestas-sinfonica-y-juvenil-de-la-escuela-municipal-de-t-lauquen","status":"publish","type":"post","link":"https:\/\/infoecos.com.ar\/index.php\/se-presentan-hoy-en-el-teatro-espanol-las-orquestas-sinfonica-y-juvenil-de-la-escuela-municipal-de-t-lauquen\/","title":{"rendered":"Se presentan hoy en el Teatro Espa\u00f1ol las Orquestas Sinf\u00f3nica y Juvenil de la Escuela Municipal de T.Lauquen"},"content":{"rendered":"\n<p class=\"has-text-align-center\">A las 19 hs en el Teatro Espa\u00f1ol se presentar\u00e1 el concierto <strong>\u201cGrandes<br>Canciones\u201d<\/strong> con la participaci\u00f3n de la Orquesta Sinf\u00f3nica, dirigida por Daniel<br>Virzi, y la Orquesta Juvenil, que dirige Mart\u00edn Larroud\u00e9, ambas pertenecientes a<br>la Escuela Municipal de M\u00fasica. Del concierto participar\u00e1n adem\u00e1s, en calidad<br>de cantantes solistas: Nacha Paz, Agustina Galdeano, Milagros Barbas,<br>Fernanda Zapulla y Juan de Filpo.<\/p>\n\n\n\n<p class=\"has-text-align-center\"><\/p>\n\n\n\n<figure class=\"wp-block-image aligncenter size-full\"><img loading=\"lazy\" decoding=\"async\" width=\"401\" height=\"166\" src=\"https:\/\/infoecos.com.ar\/wp-content\/uploads\/2024\/10\/image-179.png\" alt=\"\" class=\"wp-image-131202\"\/><\/figure>\n\n\n\n<p class=\"has-text-align-center\"><strong>\u201cEl todo y sus partes\u201d<\/strong>, una obra de Beatriz Pustilnik en la sala del Cearte<br>(S\u00e1enz Pe\u00f1a 250) A las 20 hs.<br>Reservas al 2392 \u2013 441109.<br>Act\u00faan Mar\u00eda Marta Perego, Facundo Olivier, Julia Crespi y Ruben Islas.<br>Direcci\u00f3n Melisa Ribelotta. <\/p>\n\n\n\n<p class=\"has-text-align-center\"><strong>Cine Barrio Alegre<\/strong><br>15:00 hs. \u201cRobot salvaje\u201d (2d) (a.t.p) Espa\u00f1ol.<br>18:30 hs. \u201cRobot salvaje\u201d (2d) (a.t.p) Espa\u00f1ol.<br>21:30 hs. \u201cNo hables con extra\u00f1os\u201d (2d) (d:110) (p.16) sub.<\/p>\n\n\n\n<figure class=\"wp-block-image aligncenter size-full\"><img loading=\"lazy\" decoding=\"async\" width=\"526\" height=\"526\" src=\"https:\/\/infoecos.com.ar\/wp-content\/uploads\/2024\/10\/image-178.png\" alt=\"\" class=\"wp-image-131201\"\/><\/figure>\n","protected":false},"excerpt":{"rendered":"<p>Del concierto participar\u00e1n adem\u00e1s, en calidad<br \/>\nde cantantes solistas: Nacha Paz, Agustina Galdeano, Milagros Barbas,<br \/>\nFernanda Zapulla y Juan de Filpo<\/p>\n","protected":false},"author":2,"featured_media":131202,"comment_status":"closed","ping_status":"open","sticky":false,"template":"","format":"standard","meta":{"footnotes":""},"categories":[1613],"tags":[],"class_list":["post-131200","post","type-post","status-publish","format-standard","has-post-thumbnail","hentry","category-noticia-secundaria"],"yoast_head":"<!-- This site is optimized with the Yoast SEO plugin v23.4 - https:\/\/yoast.com\/wordpress\/plugins\/seo\/ -->\n<title>Se presentan hoy en el Teatro Espa\u00f1ol las Orquestas Sinf\u00f3nica y Juvenil de la Escuela Municipal de T.Lauquen - Infoecos<\/title>\n<meta name=\"robots\" content=\"index, follow, max-snippet:-1, max-image-preview:large, max-video-preview:-1\" \/>\n<link rel=\"canonical\" href=\"https:\/\/infoecos.com.ar\/index.php\/se-presentan-hoy-en-el-teatro-espanol-las-orquestas-sinfonica-y-juvenil-de-la-escuela-municipal-de-t-lauquen\/\" \/>\n<meta property=\"og:locale\" content=\"es_ES\" \/>\n<meta property=\"og:type\" content=\"article\" \/>\n<meta property=\"og:title\" content=\"Se presentan hoy en el Teatro Espa\u00f1ol las Orquestas Sinf\u00f3nica y Juvenil de la Escuela Municipal de T.Lauquen - Infoecos\" \/>\n<meta property=\"og:description\" content=\"Del concierto participar\u00e1n adem\u00e1s, en calidad de cantantes solistas: Nacha Paz, Agustina Galdeano, Milagros Barbas, Fernanda Zapulla y Juan de Filpo\" \/>\n<meta property=\"og:url\" content=\"https:\/\/infoecos.com.ar\/index.php\/se-presentan-hoy-en-el-teatro-espanol-las-orquestas-sinfonica-y-juvenil-de-la-escuela-municipal-de-t-lauquen\/\" \/>\n<meta property=\"og:site_name\" content=\"Infoecos\" \/>\n<meta property=\"article:publisher\" content=\"https:\/\/www.facebook.com\/profile.php?id=100063200290284\" \/>\n<meta property=\"article:published_time\" content=\"2024-10-20T16:03:49+00:00\" \/>\n<meta property=\"article:modified_time\" content=\"2024-10-20T18:16:28+00:00\" \/>\n<meta property=\"og:image\" content=\"https:\/\/infoecos.com.ar\/wp-content\/uploads\/2024\/10\/image-179.png\" \/>\n\t<meta property=\"og:image:width\" content=\"401\" \/>\n\t<meta property=\"og:image:height\" content=\"166\" \/>\n\t<meta property=\"og:image:type\" content=\"image\/png\" \/>\n<meta name=\"author\" content=\"Jorge Matheus\" \/>\n<meta name=\"twitter:card\" content=\"summary_large_image\" \/>\n<meta name=\"twitter:creator\" content=\"@infoecos\" \/>\n<meta name=\"twitter:site\" content=\"@infoecos\" \/>\n<meta name=\"twitter:label1\" content=\"Escrito por\" \/>\n\t<meta name=\"twitter:data1\" content=\"Jorge Matheus\" \/>\n\t<meta name=\"twitter:label2\" content=\"Tiempo de lectura\" \/>\n\t<meta name=\"twitter:data2\" content=\"2 minutos\" \/>\n<script type=\"application\/ld+json\" class=\"yoast-schema-graph\">{\"@context\":\"https:\/\/schema.org\",\"@graph\":[{\"@type\":\"Article\",\"@id\":\"https:\/\/infoecos.com.ar\/index.php\/se-presentan-hoy-en-el-teatro-espanol-las-orquestas-sinfonica-y-juvenil-de-la-escuela-municipal-de-t-lauquen\/#article\",\"isPartOf\":{\"@id\":\"https:\/\/infoecos.com.ar\/index.php\/se-presentan-hoy-en-el-teatro-espanol-las-orquestas-sinfonica-y-juvenil-de-la-escuela-municipal-de-t-lauquen\/\"},\"author\":{\"name\":\"Jorge Matheus\",\"@id\":\"https:\/\/infoecos.com.ar\/#\/schema\/person\/8f5ace5ce73b4b4aac4b7245aee6f191\"},\"headline\":\"Se presentan hoy en el Teatro Espa\u00f1ol las Orquestas Sinf\u00f3nica y Juvenil de la Escuela Municipal de T.Lauquen\",\"datePublished\":\"2024-10-20T16:03:49+00:00\",\"dateModified\":\"2024-10-20T18:16:28+00:00\",\"mainEntityOfPage\":{\"@id\":\"https:\/\/infoecos.com.ar\/index.php\/se-presentan-hoy-en-el-teatro-espanol-las-orquestas-sinfonica-y-juvenil-de-la-escuela-municipal-de-t-lauquen\/\"},\"wordCount\":157,\"publisher\":{\"@id\":\"https:\/\/infoecos.com.ar\/#organization\"},\"image\":{\"@id\":\"https:\/\/infoecos.com.ar\/index.php\/se-presentan-hoy-en-el-teatro-espanol-las-orquestas-sinfonica-y-juvenil-de-la-escuela-municipal-de-t-lauquen\/#primaryimage\"},\"thumbnailUrl\":\"https:\/\/infoecos.com.ar\/wp-content\/uploads\/2024\/10\/image-179.png\",\"articleSection\":[\"Noticia Secundaria\"],\"inLanguage\":\"es\"},{\"@type\":\"WebPage\",\"@id\":\"https:\/\/infoecos.com.ar\/index.php\/se-presentan-hoy-en-el-teatro-espanol-las-orquestas-sinfonica-y-juvenil-de-la-escuela-municipal-de-t-lauquen\/\",\"url\":\"https:\/\/infoecos.com.ar\/index.php\/se-presentan-hoy-en-el-teatro-espanol-las-orquestas-sinfonica-y-juvenil-de-la-escuela-municipal-de-t-lauquen\/\",\"name\":\"Se presentan hoy en el Teatro Espa\u00f1ol las Orquestas Sinf\u00f3nica y Juvenil de la Escuela Municipal de T.Lauquen - Infoecos\",\"isPartOf\":{\"@id\":\"https:\/\/infoecos.com.ar\/#website\"},\"primaryImageOfPage\":{\"@id\":\"https:\/\/infoecos.com.ar\/index.php\/se-presentan-hoy-en-el-teatro-espanol-las-orquestas-sinfonica-y-juvenil-de-la-escuela-municipal-de-t-lauquen\/#primaryimage\"},\"image\":{\"@id\":\"https:\/\/infoecos.com.ar\/index.php\/se-presentan-hoy-en-el-teatro-espanol-las-orquestas-sinfonica-y-juvenil-de-la-escuela-municipal-de-t-lauquen\/#primaryimage\"},\"thumbnailUrl\":\"https:\/\/infoecos.com.ar\/wp-content\/uploads\/2024\/10\/image-179.png\",\"datePublished\":\"2024-10-20T16:03:49+00:00\",\"dateModified\":\"2024-10-20T18:16:28+00:00\",\"breadcrumb\":{\"@id\":\"https:\/\/infoecos.com.ar\/index.php\/se-presentan-hoy-en-el-teatro-espanol-las-orquestas-sinfonica-y-juvenil-de-la-escuela-municipal-de-t-lauquen\/#breadcrumb\"},\"inLanguage\":\"es\",\"potentialAction\":[{\"@type\":\"ReadAction\",\"target\":[\"https:\/\/infoecos.com.ar\/index.php\/se-presentan-hoy-en-el-teatro-espanol-las-orquestas-sinfonica-y-juvenil-de-la-escuela-municipal-de-t-lauquen\/\"]}]},{\"@type\":\"ImageObject\",\"inLanguage\":\"es\",\"@id\":\"https:\/\/infoecos.com.ar\/index.php\/se-presentan-hoy-en-el-teatro-espanol-las-orquestas-sinfonica-y-juvenil-de-la-escuela-municipal-de-t-lauquen\/#primaryimage\",\"url\":\"https:\/\/infoecos.com.ar\/wp-content\/uploads\/2024\/10\/image-179.png\",\"contentUrl\":\"https:\/\/infoecos.com.ar\/wp-content\/uploads\/2024\/10\/image-179.png\",\"width\":401,\"height\":166},{\"@type\":\"BreadcrumbList\",\"@id\":\"https:\/\/infoecos.com.ar\/index.php\/se-presentan-hoy-en-el-teatro-espanol-las-orquestas-sinfonica-y-juvenil-de-la-escuela-municipal-de-t-lauquen\/#breadcrumb\",\"itemListElement\":[{\"@type\":\"ListItem\",\"position\":1,\"name\":\"Portada\",\"item\":\"https:\/\/infoecos.com.ar\/\"},{\"@type\":\"ListItem\",\"position\":2,\"name\":\"Se presentan hoy en el Teatro Espa\u00f1ol las Orquestas Sinf\u00f3nica y Juvenil de la Escuela Municipal de T.Lauquen\"}]},{\"@type\":\"WebSite\",\"@id\":\"https:\/\/infoecos.com.ar\/#website\",\"url\":\"https:\/\/infoecos.com.ar\/\",\"name\":\"Infoecos\",\"description\":\"Noticias de trenque lauquen y la zona\",\"publisher\":{\"@id\":\"https:\/\/infoecos.com.ar\/#organization\"},\"alternateName\":\"Noticias\",\"potentialAction\":[{\"@type\":\"SearchAction\",\"target\":{\"@type\":\"EntryPoint\",\"urlTemplate\":\"https:\/\/infoecos.com.ar\/?s={search_term_string}\"},\"query-input\":{\"@type\":\"PropertyValueSpecification\",\"valueRequired\":true,\"valueName\":\"search_term_string\"}}],\"inLanguage\":\"es\"},{\"@type\":\"Organization\",\"@id\":\"https:\/\/infoecos.com.ar\/#organization\",\"name\":\"Infoecos\",\"alternateName\":\"Noticias\",\"url\":\"https:\/\/infoecos.com.ar\/\",\"logo\":{\"@type\":\"ImageObject\",\"inLanguage\":\"es\",\"@id\":\"https:\/\/infoecos.com.ar\/#\/schema\/logo\/image\/\",\"url\":\"https:\/\/infoecos.com.ar\/wp-content\/uploads\/2024\/03\/cropped-logo.png\",\"contentUrl\":\"https:\/\/infoecos.com.ar\/wp-content\/uploads\/2024\/03\/cropped-logo.png\",\"width\":374,\"height\":90,\"caption\":\"Infoecos\"},\"image\":{\"@id\":\"https:\/\/infoecos.com.ar\/#\/schema\/logo\/image\/\"},\"sameAs\":[\"https:\/\/www.facebook.com\/profile.php?id=100063200290284\",\"https:\/\/x.com\/infoecos\"]},{\"@type\":\"Person\",\"@id\":\"https:\/\/infoecos.com.ar\/#\/schema\/person\/8f5ace5ce73b4b4aac4b7245aee6f191\",\"name\":\"Jorge Matheus\",\"url\":\"https:\/\/infoecos.com.ar\/index.php\/author\/jomatheus\/\"}]}<\/script>\n<!-- \/ Yoast SEO plugin. -->","yoast_head_json":{"title":"Se presentan hoy en el Teatro Espa\u00f1ol las Orquestas Sinf\u00f3nica y Juvenil de la Escuela Municipal de T.Lauquen - Infoecos","robots":{"index":"index","follow":"follow","max-snippet":"max-snippet:-1","max-image-preview":"max-image-preview:large","max-video-preview":"max-video-preview:-1"},"canonical":"https:\/\/infoecos.com.ar\/index.php\/se-presentan-hoy-en-el-teatro-espanol-las-orquestas-sinfonica-y-juvenil-de-la-escuela-municipal-de-t-lauquen\/","og_locale":"es_ES","og_type":"article","og_title":"Se presentan hoy en el Teatro Espa\u00f1ol las Orquestas Sinf\u00f3nica y Juvenil de la Escuela Municipal de T.Lauquen - Infoecos","og_description":"Del concierto participar\u00e1n adem\u00e1s, en calidad de cantantes solistas: Nacha Paz, Agustina Galdeano, Milagros Barbas, Fernanda Zapulla y Juan de Filpo","og_url":"https:\/\/infoecos.com.ar\/index.php\/se-presentan-hoy-en-el-teatro-espanol-las-orquestas-sinfonica-y-juvenil-de-la-escuela-municipal-de-t-lauquen\/","og_site_name":"Infoecos","article_publisher":"https:\/\/www.facebook.com\/profile.php?id=100063200290284","article_published_time":"2024-10-20T16:03:49+00:00","article_modified_time":"2024-10-20T18:16:28+00:00","og_image":[{"width":401,"height":166,"url":"https:\/\/infoecos.com.ar\/wp-content\/uploads\/2024\/10\/image-179.png","type":"image\/png"}],"author":"Jorge Matheus","twitter_card":"summary_large_image","twitter_creator":"@infoecos","twitter_site":"@infoecos","twitter_misc":{"Escrito por":"Jorge Matheus","Tiempo de lectura":"2 minutos"},"schema":{"@context":"https:\/\/schema.org","@graph":[{"@type":"Article","@id":"https:\/\/infoecos.com.ar\/index.php\/se-presentan-hoy-en-el-teatro-espanol-las-orquestas-sinfonica-y-juvenil-de-la-escuela-municipal-de-t-lauquen\/#article","isPartOf":{"@id":"https:\/\/infoecos.com.ar\/index.php\/se-presentan-hoy-en-el-teatro-espanol-las-orquestas-sinfonica-y-juvenil-de-la-escuela-municipal-de-t-lauquen\/"},"author":{"name":"Jorge Matheus","@id":"https:\/\/infoecos.com.ar\/#\/schema\/person\/8f5ace5ce73b4b4aac4b7245aee6f191"},"headline":"Se presentan hoy en el Teatro Espa\u00f1ol las Orquestas Sinf\u00f3nica y Juvenil de la Escuela Municipal de T.Lauquen","datePublished":"2024-10-20T16:03:49+00:00","dateModified":"2024-10-20T18:16:28+00:00","mainEntityOfPage":{"@id":"https:\/\/infoecos.com.ar\/index.php\/se-presentan-hoy-en-el-teatro-espanol-las-orquestas-sinfonica-y-juvenil-de-la-escuela-municipal-de-t-lauquen\/"},"wordCount":157,"publisher":{"@id":"https:\/\/infoecos.com.ar\/#organization"},"image":{"@id":"https:\/\/infoecos.com.ar\/index.php\/se-presentan-hoy-en-el-teatro-espanol-las-orquestas-sinfonica-y-juvenil-de-la-escuela-municipal-de-t-lauquen\/#primaryimage"},"thumbnailUrl":"https:\/\/infoecos.com.ar\/wp-content\/uploads\/2024\/10\/image-179.png","articleSection":["Noticia Secundaria"],"inLanguage":"es"},{"@type":"WebPage","@id":"https:\/\/infoecos.com.ar\/index.php\/se-presentan-hoy-en-el-teatro-espanol-las-orquestas-sinfonica-y-juvenil-de-la-escuela-municipal-de-t-lauquen\/","url":"https:\/\/infoecos.com.ar\/index.php\/se-presentan-hoy-en-el-teatro-espanol-las-orquestas-sinfonica-y-juvenil-de-la-escuela-municipal-de-t-lauquen\/","name":"Se presentan hoy en el Teatro Espa\u00f1ol las Orquestas Sinf\u00f3nica y Juvenil de la Escuela Municipal de T.Lauquen - Infoecos","isPartOf":{"@id":"https:\/\/infoecos.com.ar\/#website"},"primaryImageOfPage":{"@id":"https:\/\/infoecos.com.ar\/index.php\/se-presentan-hoy-en-el-teatro-espanol-las-orquestas-sinfonica-y-juvenil-de-la-escuela-municipal-de-t-lauquen\/#primaryimage"},"image":{"@id":"https:\/\/infoecos.com.ar\/index.php\/se-presentan-hoy-en-el-teatro-espanol-las-orquestas-sinfonica-y-juvenil-de-la-escuela-municipal-de-t-lauquen\/#primaryimage"},"thumbnailUrl":"https:\/\/infoecos.com.ar\/wp-content\/uploads\/2024\/10\/image-179.png","datePublished":"2024-10-20T16:03:49+00:00","dateModified":"2024-10-20T18:16:28+00:00","breadcrumb":{"@id":"https:\/\/infoecos.com.ar\/index.php\/se-presentan-hoy-en-el-teatro-espanol-las-orquestas-sinfonica-y-juvenil-de-la-escuela-municipal-de-t-lauquen\/#breadcrumb"},"inLanguage":"es","potentialAction":[{"@type":"ReadAction","target":["https:\/\/infoecos.com.ar\/index.php\/se-presentan-hoy-en-el-teatro-espanol-las-orquestas-sinfonica-y-juvenil-de-la-escuela-municipal-de-t-lauquen\/"]}]},{"@type":"ImageObject","inLanguage":"es","@id":"https:\/\/infoecos.com.ar\/index.php\/se-presentan-hoy-en-el-teatro-espanol-las-orquestas-sinfonica-y-juvenil-de-la-escuela-municipal-de-t-lauquen\/#primaryimage","url":"https:\/\/infoecos.com.ar\/wp-content\/uploads\/2024\/10\/image-179.png","contentUrl":"https:\/\/infoecos.com.ar\/wp-content\/uploads\/2024\/10\/image-179.png","width":401,"height":166},{"@type":"BreadcrumbList","@id":"https:\/\/infoecos.com.ar\/index.php\/se-presentan-hoy-en-el-teatro-espanol-las-orquestas-sinfonica-y-juvenil-de-la-escuela-municipal-de-t-lauquen\/#breadcrumb","itemListElement":[{"@type":"ListItem","position":1,"name":"Portada","item":"https:\/\/infoecos.com.ar\/"},{"@type":"ListItem","position":2,"name":"Se presentan hoy en el Teatro Espa\u00f1ol las Orquestas Sinf\u00f3nica y Juvenil de la Escuela Municipal de T.Lauquen"}]},{"@type":"WebSite","@id":"https:\/\/infoecos.com.ar\/#website","url":"https:\/\/infoecos.com.ar\/","name":"Infoecos","description":"Noticias de trenque lauquen y la zona","publisher":{"@id":"https:\/\/infoecos.com.ar\/#organization"},"alternateName":"Noticias","potentialAction":[{"@type":"SearchAction","target":{"@type":"EntryPoint","urlTemplate":"https:\/\/infoecos.com.ar\/?s={search_term_string}"},"query-input":{"@type":"PropertyValueSpecification","valueRequired":true,"valueName":"search_term_string"}}],"inLanguage":"es"},{"@type":"Organization","@id":"https:\/\/infoecos.com.ar\/#organization","name":"Infoecos","alternateName":"Noticias","url":"https:\/\/infoecos.com.ar\/","logo":{"@type":"ImageObject","inLanguage":"es","@id":"https:\/\/infoecos.com.ar\/#\/schema\/logo\/image\/","url":"https:\/\/infoecos.com.ar\/wp-content\/uploads\/2024\/03\/cropped-logo.png","contentUrl":"https:\/\/infoecos.com.ar\/wp-content\/uploads\/2024\/03\/cropped-logo.png","width":374,"height":90,"caption":"Infoecos"},"image":{"@id":"https:\/\/infoecos.com.ar\/#\/schema\/logo\/image\/"},"sameAs":["https:\/\/www.facebook.com\/profile.php?id=100063200290284","https:\/\/x.com\/infoecos"]},{"@type":"Person","@id":"https:\/\/infoecos.com.ar\/#\/schema\/person\/8f5ace5ce73b4b4aac4b7245aee6f191","name":"Jorge Matheus","url":"https:\/\/infoecos.com.ar\/index.php\/author\/jomatheus\/"}]}},"featured_image_urls":{"full":["https:\/\/infoecos.com.ar\/wp-content\/uploads\/2024\/10\/image-179.png",401,166,false],"thumbnail":["https:\/\/infoecos.com.ar\/wp-content\/uploads\/2024\/10\/image-179-300x150.png",300,150,true],"medium":["https:\/\/infoecos.com.ar\/wp-content\/uploads\/2024\/10\/image-179.png",401,166,false],"medium_large":["https:\/\/infoecos.com.ar\/wp-content\/uploads\/2024\/10\/image-179.png",401,166,false],"large":["https:\/\/infoecos.com.ar\/wp-content\/uploads\/2024\/10\/image-179.png",401,166,false],"1536x1536":["https:\/\/infoecos.com.ar\/wp-content\/uploads\/2024\/10\/image-179.png",401,166,false],"2048x2048":["https:\/\/infoecos.com.ar\/wp-content\/uploads\/2024\/10\/image-179.png",401,166,false],"covernews-slider-full":["https:\/\/infoecos.com.ar\/wp-content\/uploads\/2024\/10\/image-179.png",401,166,false],"covernews-slider-center":["https:\/\/infoecos.com.ar\/wp-content\/uploads\/2024\/10\/image-179.png",401,166,false],"covernews-featured":["https:\/\/infoecos.com.ar\/wp-content\/uploads\/2024\/10\/image-179.png",401,166,false],"covernews-medium":["https:\/\/infoecos.com.ar\/wp-content\/uploads\/2024\/10\/image-179.png",401,166,false],"covernews-medium-square":["https:\/\/infoecos.com.ar\/wp-content\/uploads\/2024\/10\/image-179.png",400,166,false]},"author_info":{"info":["Jorge Matheus"]},"category_info":"<a href=\"https:\/\/infoecos.com.ar\/index.php\/category\/noticia-secundaria\/\" rel=\"category tag\">Noticia Secundaria<\/a>","tag_info":"Noticia Secundaria","comment_count":"0","_links":{"self":[{"href":"https:\/\/infoecos.com.ar\/index.php\/wp-json\/wp\/v2\/posts\/131200"}],"collection":[{"href":"https:\/\/infoecos.com.ar\/index.php\/wp-json\/wp\/v2\/posts"}],"about":[{"href":"https:\/\/infoecos.com.ar\/index.php\/wp-json\/wp\/v2\/types\/post"}],"author":[{"embeddable":true,"href":"https:\/\/infoecos.com.ar\/index.php\/wp-json\/wp\/v2\/users\/2"}],"replies":[{"embeddable":true,"href":"https:\/\/infoecos.com.ar\/index.php\/wp-json\/wp\/v2\/comments?post=131200"}],"version-history":[{"count":1,"href":"https:\/\/infoecos.com.ar\/index.php\/wp-json\/wp\/v2\/posts\/131200\/revisions"}],"predecessor-version":[{"id":131203,"href":"https:\/\/infoecos.com.ar\/index.php\/wp-json\/wp\/v2\/posts\/131200\/revisions\/131203"}],"wp:featuredmedia":[{"embeddable":true,"href":"https:\/\/infoecos.com.ar\/index.php\/wp-json\/wp\/v2\/media\/131202"}],"wp:attachment":[{"href":"https:\/\/infoecos.com.ar\/index.php\/wp-json\/wp\/v2\/media?parent=131200"}],"wp:term":[{"taxonomy":"category","embeddable":true,"href":"https:\/\/infoecos.com.ar\/index.php\/wp-json\/wp\/v2\/categories?post=131200"},{"taxonomy":"post_tag","embeddable":true,"href":"https:\/\/infoecos.com.ar\/index.php\/wp-json\/wp\/v2\/tags?post=131200"}],"curies":[{"name":"wp","href":"https:\/\/api.w.org\/{rel}","templated":true}]}}