{"id":131365,"date":"2024-10-23T13:17:22","date_gmt":"2024-10-23T16:17:22","guid":{"rendered":"https:\/\/infoecos.com.ar\/?p=131365"},"modified":"2024-10-23T13:17:23","modified_gmt":"2024-10-23T16:17:23","slug":"un-dia-la-lluvia-tenia-que-llegar-dandole-alegria-a-la-region-y-la-pampa","status":"publish","type":"post","link":"https:\/\/infoecos.com.ar\/index.php\/un-dia-la-lluvia-tenia-que-llegar-dandole-alegria-a-la-region-y-la-pampa\/","title":{"rendered":"Un d\u00eda la lluvia ten\u00eda que llegar, d\u00e1ndole alegr\u00eda a la regi\u00f3n y La Pampa"},"content":{"rendered":"\n<p>Datos de lluvia hasta el mediod\u00eda en distintos lugares de la regi\u00f3n y La Pampa:<\/p>\n\n\n\n<figure class=\"wp-block-image alignright size-full is-resized\"><img loading=\"lazy\" decoding=\"async\" width=\"930\" height=\"627\" src=\"https:\/\/infoecos.com.ar\/wp-content\/uploads\/2024\/10\/image-214.png\" alt=\"\" class=\"wp-image-131369\" style=\"width:488px;height:auto\" srcset=\"https:\/\/infoecos.com.ar\/wp-content\/uploads\/2024\/10\/image-214.png 930w, https:\/\/infoecos.com.ar\/wp-content\/uploads\/2024\/10\/image-214-800x539.png 800w, https:\/\/infoecos.com.ar\/wp-content\/uploads\/2024\/10\/image-214-768x518.png 768w\" sizes=\"(max-width: 930px) 100vw, 930px\" \/><\/figure>\n\n\n\n<p>-Victorino de La Plaza, Establecimiento El Gordo, 5 mm.<\/p>\n\n\n\n<p>-30 de agosto, 23 mm<\/p>\n\n\n\n<p><a><\/a>-Salazar, La F\u00e1brica, 8 mm<\/p>\n\n\n\n<p>-Zona Las Tunas, Trenque Lauquen, 4 mm<\/p>\n\n\n\n<p>-Salazar, 20 mm y sigue<\/p>\n\n\n\n<p>-Pellegrini, 27 mm.<\/p>\n\n\n\n<p>&#8211; Henderson 14 mm, hasta ahora<\/p>\n\n\n\n<p>&#8211; Establecimiento San Jos\u00e9, Mones Caz\u00f3n, 10 mm<\/p>\n\n\n\n<p>&#8211; Pehuaj\u00f3, Zona Barrio Fonavi ll, 22 mm<\/p>\n\n\n\n<p>&#8211; <a><\/a>Establecimiento La Querencia, Francisco Madero, 18 mm<\/p>\n\n\n\n<p>&#8211; Salazar, 30 mm<\/p>\n\n\n\n<p>&#8211; Mones Caz\u00f3n, zona Cooperativa: 10 mm.<\/p>\n\n\n\n<p>&#8211; Agro Romero, Acceso Kirchner 2700, Pehuaj\u00f3 hasta ahora 25 mm<\/p>\n\n\n\n<p>&#8211; Henderson 14 mm, hasta ahora<\/p>\n\n\n\n<p>&#8211; Establecimiento San Jos\u00e9, Mones Caz\u00f3n, 10 mm<\/p>\n\n\n\n<p>&#8211; Pehuaj\u00f3, Zona Barrio Fonavi ll, 22 mm<\/p>\n\n\n\n<p>&#8211; <a><\/a>Establecimiento La Querencia, Francisco Madero, 18 mm<\/p>\n\n\n\n<p>&#8211; Salazar, 30 mm<\/p>\n\n\n\n<p>&#8211; Mones Caz\u00f3n, zona Cooperativa: 10 mm.<\/p>\n\n\n\n<p>&#8211; Agro Romero, Acceso Kirchner 2700, Pehuaj\u00f3 hasta ahora 25 mm<\/p>\n\n\n\n<p>-Elordi: 26 mm.<\/p>\n\n\n\n<p>-Banderal\u00f3: 12 mm<\/p>\n\n\n\n<p><a><\/a>-Piedritas: 15 mm.<\/p>\n\n\n\n<p>-9 de Julio: 115 mm<\/p>\n\n\n\n<p>-El Provincial: 90 mms (zona rural)<\/p>\n\n\n\n<p>-La <a><\/a>Colonia (Gorosito): 97 mm<\/p>\n\n\n\n<p>-Facundo Quiroga: 60 mms<\/p>\n\n\n\n<p>-Dudignac: 50 mms<\/p>\n\n\n\n<p>-Morea: 45 mms<\/p>\n\n\n\n<p>-Paraje La Blanqueada: 90 mm<\/p>\n\n\n\n<p>-La Ni\u00f1a: 90 mms<\/p>\n\n\n\n<p>-French: 100 mms<\/p>\n\n\n\n<p>-Cambaceres: 30 mm<\/p>\n\n\n\n<p>-Berutti 25mm<\/p>\n\n\n\n<p>-Santa Rosa 22 mil\u00edmetros.<\/p>\n\n\n\n<p>-Doblas, 2<\/p>\n\n\n\n<p>-Lonquimay, 5<\/p>\n\n\n\n<p>-Catril\u00f3, 3<\/p>\n\n\n\n<p>-Lagos, 33<\/p>\n\n\n\n<p>-Larroud\u00e9, 31 <\/p>\n\n\n\n<p>-Sarah, 30 <\/p>\n\n\n\n<p>-Intendente Alvear, 20<\/p>\n\n\n\n<p>-Algarrobo del Aguila, 15<\/p>\n\n\n\n<p>-Monte Nievas, 20;<\/p>\n\n\n\n<p>-Victorica, 40<\/p>\n\n\n\n<p>-Luan Toro, 20 <\/p>\n\n\n\n<p>-Tel\u00e9n, 13 <\/p>\n\n\n\n<p>-Dorila, 33 <\/p>\n\n\n\n<p>-25 de Mayo, 10 <\/p>\n\n\n\n<p>-Casa de Piedra, 3<\/p>\n\n\n\n<p>-Quem\u00fa, 5<\/p>\n\n\n\n<p>-Villa Mirasol, 13 <\/p>\n\n\n\n<p>-Quetrequ\u00e9n, 45.<\/p>\n\n\n\n<p>Pellegrini:<\/p>\n\n\n\n<figure class=\"wp-block-image size-full\"><img loading=\"lazy\" decoding=\"async\" width=\"720\" height=\"1600\" src=\"https:\/\/infoecos.com.ar\/wp-content\/uploads\/2024\/10\/image-211.png\" alt=\"\" class=\"wp-image-131366\" srcset=\"https:\/\/infoecos.com.ar\/wp-content\/uploads\/2024\/10\/image-211.png 720w, https:\/\/infoecos.com.ar\/wp-content\/uploads\/2024\/10\/image-211-360x800.png 360w, https:\/\/infoecos.com.ar\/wp-content\/uploads\/2024\/10\/image-211-691x1536.png 691w\" sizes=\"(max-width: 720px) 100vw, 720px\" \/><\/figure>\n","protected":false},"excerpt":{"rendered":"<p>Datos de lluvia hasta el mediod\u00eda en distintos lugares de la regi\u00f3n y La Pampa<\/p>\n","protected":false},"author":2,"featured_media":131369,"comment_status":"closed","ping_status":"open","sticky":false,"template":"","format":"standard","meta":{"footnotes":""},"categories":[1612],"tags":[],"class_list":["post-131365","post","type-post","status-publish","format-standard","has-post-thumbnail","hentry","category-noticia-principal"],"yoast_head":"<!-- This site is optimized with the Yoast SEO plugin v23.4 - https:\/\/yoast.com\/wordpress\/plugins\/seo\/ -->\n<title>Un d\u00eda la lluvia ten\u00eda que llegar, d\u00e1ndole alegr\u00eda a la regi\u00f3n y La Pampa - Infoecos<\/title>\n<meta name=\"robots\" content=\"index, follow, max-snippet:-1, max-image-preview:large, max-video-preview:-1\" \/>\n<link rel=\"canonical\" href=\"https:\/\/infoecos.com.ar\/index.php\/un-dia-la-lluvia-tenia-que-llegar-dandole-alegria-a-la-region-y-la-pampa\/\" \/>\n<meta property=\"og:locale\" content=\"es_ES\" \/>\n<meta property=\"og:type\" content=\"article\" \/>\n<meta property=\"og:title\" content=\"Un d\u00eda la lluvia ten\u00eda que llegar, d\u00e1ndole alegr\u00eda a la regi\u00f3n y La Pampa - Infoecos\" \/>\n<meta property=\"og:description\" content=\"Datos de lluvia hasta el mediod\u00eda en distintos lugares de la regi\u00f3n y La Pampa\" \/>\n<meta property=\"og:url\" content=\"https:\/\/infoecos.com.ar\/index.php\/un-dia-la-lluvia-tenia-que-llegar-dandole-alegria-a-la-region-y-la-pampa\/\" \/>\n<meta property=\"og:site_name\" content=\"Infoecos\" \/>\n<meta property=\"article:publisher\" content=\"https:\/\/www.facebook.com\/profile.php?id=100063200290284\" \/>\n<meta property=\"article:published_time\" content=\"2024-10-23T16:17:22+00:00\" \/>\n<meta property=\"article:modified_time\" content=\"2024-10-23T16:17:23+00:00\" \/>\n<meta property=\"og:image\" content=\"https:\/\/infoecos.com.ar\/wp-content\/uploads\/2024\/10\/image-214.png\" \/>\n\t<meta property=\"og:image:width\" content=\"930\" \/>\n\t<meta property=\"og:image:height\" content=\"627\" \/>\n\t<meta property=\"og:image:type\" content=\"image\/png\" \/>\n<meta name=\"author\" content=\"Jorge Matheus\" \/>\n<meta name=\"twitter:card\" content=\"summary_large_image\" \/>\n<meta name=\"twitter:creator\" content=\"@infoecos\" \/>\n<meta name=\"twitter:site\" content=\"@infoecos\" \/>\n<meta name=\"twitter:label1\" content=\"Escrito por\" \/>\n\t<meta name=\"twitter:data1\" content=\"Jorge Matheus\" \/>\n\t<meta name=\"twitter:label2\" content=\"Tiempo de lectura\" \/>\n\t<meta name=\"twitter:data2\" content=\"2 minutos\" \/>\n<script type=\"application\/ld+json\" class=\"yoast-schema-graph\">{\"@context\":\"https:\/\/schema.org\",\"@graph\":[{\"@type\":\"Article\",\"@id\":\"https:\/\/infoecos.com.ar\/index.php\/un-dia-la-lluvia-tenia-que-llegar-dandole-alegria-a-la-region-y-la-pampa\/#article\",\"isPartOf\":{\"@id\":\"https:\/\/infoecos.com.ar\/index.php\/un-dia-la-lluvia-tenia-que-llegar-dandole-alegria-a-la-region-y-la-pampa\/\"},\"author\":{\"name\":\"Jorge Matheus\",\"@id\":\"https:\/\/infoecos.com.ar\/#\/schema\/person\/8f5ace5ce73b4b4aac4b7245aee6f191\"},\"headline\":\"Un d\u00eda la lluvia ten\u00eda que llegar, d\u00e1ndole alegr\u00eda a la regi\u00f3n y La Pampa\",\"datePublished\":\"2024-10-23T16:17:22+00:00\",\"dateModified\":\"2024-10-23T16:17:23+00:00\",\"mainEntityOfPage\":{\"@id\":\"https:\/\/infoecos.com.ar\/index.php\/un-dia-la-lluvia-tenia-que-llegar-dandole-alegria-a-la-region-y-la-pampa\/\"},\"wordCount\":233,\"publisher\":{\"@id\":\"https:\/\/infoecos.com.ar\/#organization\"},\"image\":{\"@id\":\"https:\/\/infoecos.com.ar\/index.php\/un-dia-la-lluvia-tenia-que-llegar-dandole-alegria-a-la-region-y-la-pampa\/#primaryimage\"},\"thumbnailUrl\":\"https:\/\/infoecos.com.ar\/wp-content\/uploads\/2024\/10\/image-214.png\",\"articleSection\":[\"Noticia Principal\"],\"inLanguage\":\"es\"},{\"@type\":\"WebPage\",\"@id\":\"https:\/\/infoecos.com.ar\/index.php\/un-dia-la-lluvia-tenia-que-llegar-dandole-alegria-a-la-region-y-la-pampa\/\",\"url\":\"https:\/\/infoecos.com.ar\/index.php\/un-dia-la-lluvia-tenia-que-llegar-dandole-alegria-a-la-region-y-la-pampa\/\",\"name\":\"Un d\u00eda la lluvia ten\u00eda que llegar, d\u00e1ndole alegr\u00eda a la regi\u00f3n y La Pampa - Infoecos\",\"isPartOf\":{\"@id\":\"https:\/\/infoecos.com.ar\/#website\"},\"primaryImageOfPage\":{\"@id\":\"https:\/\/infoecos.com.ar\/index.php\/un-dia-la-lluvia-tenia-que-llegar-dandole-alegria-a-la-region-y-la-pampa\/#primaryimage\"},\"image\":{\"@id\":\"https:\/\/infoecos.com.ar\/index.php\/un-dia-la-lluvia-tenia-que-llegar-dandole-alegria-a-la-region-y-la-pampa\/#primaryimage\"},\"thumbnailUrl\":\"https:\/\/infoecos.com.ar\/wp-content\/uploads\/2024\/10\/image-214.png\",\"datePublished\":\"2024-10-23T16:17:22+00:00\",\"dateModified\":\"2024-10-23T16:17:23+00:00\",\"breadcrumb\":{\"@id\":\"https:\/\/infoecos.com.ar\/index.php\/un-dia-la-lluvia-tenia-que-llegar-dandole-alegria-a-la-region-y-la-pampa\/#breadcrumb\"},\"inLanguage\":\"es\",\"potentialAction\":[{\"@type\":\"ReadAction\",\"target\":[\"https:\/\/infoecos.com.ar\/index.php\/un-dia-la-lluvia-tenia-que-llegar-dandole-alegria-a-la-region-y-la-pampa\/\"]}]},{\"@type\":\"ImageObject\",\"inLanguage\":\"es\",\"@id\":\"https:\/\/infoecos.com.ar\/index.php\/un-dia-la-lluvia-tenia-que-llegar-dandole-alegria-a-la-region-y-la-pampa\/#primaryimage\",\"url\":\"https:\/\/infoecos.com.ar\/wp-content\/uploads\/2024\/10\/image-214.png\",\"contentUrl\":\"https:\/\/infoecos.com.ar\/wp-content\/uploads\/2024\/10\/image-214.png\",\"width\":930,\"height\":627},{\"@type\":\"BreadcrumbList\",\"@id\":\"https:\/\/infoecos.com.ar\/index.php\/un-dia-la-lluvia-tenia-que-llegar-dandole-alegria-a-la-region-y-la-pampa\/#breadcrumb\",\"itemListElement\":[{\"@type\":\"ListItem\",\"position\":1,\"name\":\"Portada\",\"item\":\"https:\/\/infoecos.com.ar\/\"},{\"@type\":\"ListItem\",\"position\":2,\"name\":\"Un d\u00eda la lluvia ten\u00eda que llegar, d\u00e1ndole alegr\u00eda a la regi\u00f3n y La Pampa\"}]},{\"@type\":\"WebSite\",\"@id\":\"https:\/\/infoecos.com.ar\/#website\",\"url\":\"https:\/\/infoecos.com.ar\/\",\"name\":\"Infoecos\",\"description\":\"Noticias de trenque lauquen y la zona\",\"publisher\":{\"@id\":\"https:\/\/infoecos.com.ar\/#organization\"},\"alternateName\":\"Noticias\",\"potentialAction\":[{\"@type\":\"SearchAction\",\"target\":{\"@type\":\"EntryPoint\",\"urlTemplate\":\"https:\/\/infoecos.com.ar\/?s={search_term_string}\"},\"query-input\":{\"@type\":\"PropertyValueSpecification\",\"valueRequired\":true,\"valueName\":\"search_term_string\"}}],\"inLanguage\":\"es\"},{\"@type\":\"Organization\",\"@id\":\"https:\/\/infoecos.com.ar\/#organization\",\"name\":\"Infoecos\",\"alternateName\":\"Noticias\",\"url\":\"https:\/\/infoecos.com.ar\/\",\"logo\":{\"@type\":\"ImageObject\",\"inLanguage\":\"es\",\"@id\":\"https:\/\/infoecos.com.ar\/#\/schema\/logo\/image\/\",\"url\":\"https:\/\/infoecos.com.ar\/wp-content\/uploads\/2024\/03\/cropped-logo.png\",\"contentUrl\":\"https:\/\/infoecos.com.ar\/wp-content\/uploads\/2024\/03\/cropped-logo.png\",\"width\":374,\"height\":90,\"caption\":\"Infoecos\"},\"image\":{\"@id\":\"https:\/\/infoecos.com.ar\/#\/schema\/logo\/image\/\"},\"sameAs\":[\"https:\/\/www.facebook.com\/profile.php?id=100063200290284\",\"https:\/\/x.com\/infoecos\"]},{\"@type\":\"Person\",\"@id\":\"https:\/\/infoecos.com.ar\/#\/schema\/person\/8f5ace5ce73b4b4aac4b7245aee6f191\",\"name\":\"Jorge Matheus\",\"url\":\"https:\/\/infoecos.com.ar\/index.php\/author\/jomatheus\/\"}]}<\/script>\n<!-- \/ Yoast SEO plugin. -->","yoast_head_json":{"title":"Un d\u00eda la lluvia ten\u00eda que llegar, d\u00e1ndole alegr\u00eda a la regi\u00f3n y La Pampa - Infoecos","robots":{"index":"index","follow":"follow","max-snippet":"max-snippet:-1","max-image-preview":"max-image-preview:large","max-video-preview":"max-video-preview:-1"},"canonical":"https:\/\/infoecos.com.ar\/index.php\/un-dia-la-lluvia-tenia-que-llegar-dandole-alegria-a-la-region-y-la-pampa\/","og_locale":"es_ES","og_type":"article","og_title":"Un d\u00eda la lluvia ten\u00eda que llegar, d\u00e1ndole alegr\u00eda a la regi\u00f3n y La Pampa - Infoecos","og_description":"Datos de lluvia hasta el mediod\u00eda en distintos lugares de la regi\u00f3n y La Pampa","og_url":"https:\/\/infoecos.com.ar\/index.php\/un-dia-la-lluvia-tenia-que-llegar-dandole-alegria-a-la-region-y-la-pampa\/","og_site_name":"Infoecos","article_publisher":"https:\/\/www.facebook.com\/profile.php?id=100063200290284","article_published_time":"2024-10-23T16:17:22+00:00","article_modified_time":"2024-10-23T16:17:23+00:00","og_image":[{"width":930,"height":627,"url":"https:\/\/infoecos.com.ar\/wp-content\/uploads\/2024\/10\/image-214.png","type":"image\/png"}],"author":"Jorge Matheus","twitter_card":"summary_large_image","twitter_creator":"@infoecos","twitter_site":"@infoecos","twitter_misc":{"Escrito por":"Jorge Matheus","Tiempo de lectura":"2 minutos"},"schema":{"@context":"https:\/\/schema.org","@graph":[{"@type":"Article","@id":"https:\/\/infoecos.com.ar\/index.php\/un-dia-la-lluvia-tenia-que-llegar-dandole-alegria-a-la-region-y-la-pampa\/#article","isPartOf":{"@id":"https:\/\/infoecos.com.ar\/index.php\/un-dia-la-lluvia-tenia-que-llegar-dandole-alegria-a-la-region-y-la-pampa\/"},"author":{"name":"Jorge Matheus","@id":"https:\/\/infoecos.com.ar\/#\/schema\/person\/8f5ace5ce73b4b4aac4b7245aee6f191"},"headline":"Un d\u00eda la lluvia ten\u00eda que llegar, d\u00e1ndole alegr\u00eda a la regi\u00f3n y La Pampa","datePublished":"2024-10-23T16:17:22+00:00","dateModified":"2024-10-23T16:17:23+00:00","mainEntityOfPage":{"@id":"https:\/\/infoecos.com.ar\/index.php\/un-dia-la-lluvia-tenia-que-llegar-dandole-alegria-a-la-region-y-la-pampa\/"},"wordCount":233,"publisher":{"@id":"https:\/\/infoecos.com.ar\/#organization"},"image":{"@id":"https:\/\/infoecos.com.ar\/index.php\/un-dia-la-lluvia-tenia-que-llegar-dandole-alegria-a-la-region-y-la-pampa\/#primaryimage"},"thumbnailUrl":"https:\/\/infoecos.com.ar\/wp-content\/uploads\/2024\/10\/image-214.png","articleSection":["Noticia Principal"],"inLanguage":"es"},{"@type":"WebPage","@id":"https:\/\/infoecos.com.ar\/index.php\/un-dia-la-lluvia-tenia-que-llegar-dandole-alegria-a-la-region-y-la-pampa\/","url":"https:\/\/infoecos.com.ar\/index.php\/un-dia-la-lluvia-tenia-que-llegar-dandole-alegria-a-la-region-y-la-pampa\/","name":"Un d\u00eda la lluvia ten\u00eda que llegar, d\u00e1ndole alegr\u00eda a la regi\u00f3n y La Pampa - Infoecos","isPartOf":{"@id":"https:\/\/infoecos.com.ar\/#website"},"primaryImageOfPage":{"@id":"https:\/\/infoecos.com.ar\/index.php\/un-dia-la-lluvia-tenia-que-llegar-dandole-alegria-a-la-region-y-la-pampa\/#primaryimage"},"image":{"@id":"https:\/\/infoecos.com.ar\/index.php\/un-dia-la-lluvia-tenia-que-llegar-dandole-alegria-a-la-region-y-la-pampa\/#primaryimage"},"thumbnailUrl":"https:\/\/infoecos.com.ar\/wp-content\/uploads\/2024\/10\/image-214.png","datePublished":"2024-10-23T16:17:22+00:00","dateModified":"2024-10-23T16:17:23+00:00","breadcrumb":{"@id":"https:\/\/infoecos.com.ar\/index.php\/un-dia-la-lluvia-tenia-que-llegar-dandole-alegria-a-la-region-y-la-pampa\/#breadcrumb"},"inLanguage":"es","potentialAction":[{"@type":"ReadAction","target":["https:\/\/infoecos.com.ar\/index.php\/un-dia-la-lluvia-tenia-que-llegar-dandole-alegria-a-la-region-y-la-pampa\/"]}]},{"@type":"ImageObject","inLanguage":"es","@id":"https:\/\/infoecos.com.ar\/index.php\/un-dia-la-lluvia-tenia-que-llegar-dandole-alegria-a-la-region-y-la-pampa\/#primaryimage","url":"https:\/\/infoecos.com.ar\/wp-content\/uploads\/2024\/10\/image-214.png","contentUrl":"https:\/\/infoecos.com.ar\/wp-content\/uploads\/2024\/10\/image-214.png","width":930,"height":627},{"@type":"BreadcrumbList","@id":"https:\/\/infoecos.com.ar\/index.php\/un-dia-la-lluvia-tenia-que-llegar-dandole-alegria-a-la-region-y-la-pampa\/#breadcrumb","itemListElement":[{"@type":"ListItem","position":1,"name":"Portada","item":"https:\/\/infoecos.com.ar\/"},{"@type":"ListItem","position":2,"name":"Un d\u00eda la lluvia ten\u00eda que llegar, d\u00e1ndole alegr\u00eda a la regi\u00f3n y La Pampa"}]},{"@type":"WebSite","@id":"https:\/\/infoecos.com.ar\/#website","url":"https:\/\/infoecos.com.ar\/","name":"Infoecos","description":"Noticias de trenque lauquen y la zona","publisher":{"@id":"https:\/\/infoecos.com.ar\/#organization"},"alternateName":"Noticias","potentialAction":[{"@type":"SearchAction","target":{"@type":"EntryPoint","urlTemplate":"https:\/\/infoecos.com.ar\/?s={search_term_string}"},"query-input":{"@type":"PropertyValueSpecification","valueRequired":true,"valueName":"search_term_string"}}],"inLanguage":"es"},{"@type":"Organization","@id":"https:\/\/infoecos.com.ar\/#organization","name":"Infoecos","alternateName":"Noticias","url":"https:\/\/infoecos.com.ar\/","logo":{"@type":"ImageObject","inLanguage":"es","@id":"https:\/\/infoecos.com.ar\/#\/schema\/logo\/image\/","url":"https:\/\/infoecos.com.ar\/wp-content\/uploads\/2024\/03\/cropped-logo.png","contentUrl":"https:\/\/infoecos.com.ar\/wp-content\/uploads\/2024\/03\/cropped-logo.png","width":374,"height":90,"caption":"Infoecos"},"image":{"@id":"https:\/\/infoecos.com.ar\/#\/schema\/logo\/image\/"},"sameAs":["https:\/\/www.facebook.com\/profile.php?id=100063200290284","https:\/\/x.com\/infoecos"]},{"@type":"Person","@id":"https:\/\/infoecos.com.ar\/#\/schema\/person\/8f5ace5ce73b4b4aac4b7245aee6f191","name":"Jorge Matheus","url":"https:\/\/infoecos.com.ar\/index.php\/author\/jomatheus\/"}]}},"featured_image_urls":{"full":["https:\/\/infoecos.com.ar\/wp-content\/uploads\/2024\/10\/image-214.png",930,627,false],"thumbnail":["https:\/\/infoecos.com.ar\/wp-content\/uploads\/2024\/10\/image-214-300x150.png",300,150,true],"medium":["https:\/\/infoecos.com.ar\/wp-content\/uploads\/2024\/10\/image-214-800x539.png",800,539,true],"medium_large":["https:\/\/infoecos.com.ar\/wp-content\/uploads\/2024\/10\/image-214-768x518.png",640,432,true],"large":["https:\/\/infoecos.com.ar\/wp-content\/uploads\/2024\/10\/image-214.png",640,431,false],"1536x1536":["https:\/\/infoecos.com.ar\/wp-content\/uploads\/2024\/10\/image-214.png",930,627,false],"2048x2048":["https:\/\/infoecos.com.ar\/wp-content\/uploads\/2024\/10\/image-214.png",930,627,false],"covernews-slider-full":["https:\/\/infoecos.com.ar\/wp-content\/uploads\/2024\/10\/image-214.png",930,627,false],"covernews-slider-center":["https:\/\/infoecos.com.ar\/wp-content\/uploads\/2024\/10\/image-214-800x500.png",800,500,true],"covernews-featured":["https:\/\/infoecos.com.ar\/wp-content\/uploads\/2024\/10\/image-214.png",930,627,false],"covernews-medium":["https:\/\/infoecos.com.ar\/wp-content\/uploads\/2024\/10\/image-214-540x340.png",540,340,true],"covernews-medium-square":["https:\/\/infoecos.com.ar\/wp-content\/uploads\/2024\/10\/image-214-400x250.png",400,250,true]},"author_info":{"info":["Jorge Matheus"]},"category_info":"<a href=\"https:\/\/infoecos.com.ar\/index.php\/category\/noticia-principal\/\" rel=\"category tag\">Noticia Principal<\/a>","tag_info":"Noticia Principal","comment_count":"0","_links":{"self":[{"href":"https:\/\/infoecos.com.ar\/index.php\/wp-json\/wp\/v2\/posts\/131365"}],"collection":[{"href":"https:\/\/infoecos.com.ar\/index.php\/wp-json\/wp\/v2\/posts"}],"about":[{"href":"https:\/\/infoecos.com.ar\/index.php\/wp-json\/wp\/v2\/types\/post"}],"author":[{"embeddable":true,"href":"https:\/\/infoecos.com.ar\/index.php\/wp-json\/wp\/v2\/users\/2"}],"replies":[{"embeddable":true,"href":"https:\/\/infoecos.com.ar\/index.php\/wp-json\/wp\/v2\/comments?post=131365"}],"version-history":[{"count":2,"href":"https:\/\/infoecos.com.ar\/index.php\/wp-json\/wp\/v2\/posts\/131365\/revisions"}],"predecessor-version":[{"id":131390,"href":"https:\/\/infoecos.com.ar\/index.php\/wp-json\/wp\/v2\/posts\/131365\/revisions\/131390"}],"wp:featuredmedia":[{"embeddable":true,"href":"https:\/\/infoecos.com.ar\/index.php\/wp-json\/wp\/v2\/media\/131369"}],"wp:attachment":[{"href":"https:\/\/infoecos.com.ar\/index.php\/wp-json\/wp\/v2\/media?parent=131365"}],"wp:term":[{"taxonomy":"category","embeddable":true,"href":"https:\/\/infoecos.com.ar\/index.php\/wp-json\/wp\/v2\/categories?post=131365"},{"taxonomy":"post_tag","embeddable":true,"href":"https:\/\/infoecos.com.ar\/index.php\/wp-json\/wp\/v2\/tags?post=131365"}],"curies":[{"name":"wp","href":"https:\/\/api.w.org\/{rel}","templated":true}]}}