{"id":131488,"date":"2024-10-25T17:08:25","date_gmt":"2024-10-25T20:08:25","guid":{"rendered":"https:\/\/infoecos.com.ar\/?p=131488"},"modified":"2024-10-28T00:15:46","modified_gmt":"2024-10-28T03:15:46","slug":"temario-intenso-y-que-en-algunos-temas-anticipa-debates-del-concejo-deliberante-de-t-lauquen-para-el-lunes","status":"publish","type":"post","link":"https:\/\/infoecos.com.ar\/index.php\/temario-intenso-y-que-en-algunos-temas-anticipa-debates-del-concejo-deliberante-de-t-lauquen-para-el-lunes\/","title":{"rendered":"Sesiona hoy el Concejo Deliberante de T.Lauquen"},"content":{"rendered":"\n<p>Fuente: Concejo Deliberante de Trenque Lauquen <\/p>\n\n\n\n<p>El pr\u00f3ximo lunes 28, a partir de las 21 horas, tendr\u00e1 lugar una nueva Sesi\u00f3n Ordinaria del Concejo Deliberante, la 16ta. del presente a\u00f1o, con varios temas que los concejales pondr\u00e1n a votaci\u00f3n, entre los que se destaca la Eximici\u00f3n Tributaria para el Ejercicio 2025 y un pedido de pr\u00f3rroga hasta el 30 de diciembre para el plazo de presentaci\u00f3n del Presupuesto Municipal 2025, solicitud elevada por el Departamento Ejecutivo en virtud de que el plazo establecido por la Ley Org\u00e1nica de las Municipalidades es el 31 de octubre de cada a\u00f1o.<\/p>\n\n\n\n<figure class=\"wp-block-image size-full\"><img loading=\"lazy\" decoding=\"async\" width=\"1063\" height=\"797\" src=\"https:\/\/infoecos.com.ar\/wp-content\/uploads\/2024\/10\/15c542a8-3beb-4bfa-9f76-6d2e25c8c925.jpeg\" alt=\"\" class=\"wp-image-131009\" srcset=\"https:\/\/infoecos.com.ar\/wp-content\/uploads\/2024\/10\/15c542a8-3beb-4bfa-9f76-6d2e25c8c925.jpeg 1063w, https:\/\/infoecos.com.ar\/wp-content\/uploads\/2024\/10\/15c542a8-3beb-4bfa-9f76-6d2e25c8c925-800x600.jpeg 800w, https:\/\/infoecos.com.ar\/wp-content\/uploads\/2024\/10\/15c542a8-3beb-4bfa-9f76-6d2e25c8c925-768x576.jpeg 768w, https:\/\/infoecos.com.ar\/wp-content\/uploads\/2024\/10\/15c542a8-3beb-4bfa-9f76-6d2e25c8c925-1024x768.jpeg 1024w\" sizes=\"(max-width: 1063px) 100vw, 1063px\" \/><\/figure>\n\n\n\n<p>En cuanto a la Eximici\u00f3n Tributaria, cada a\u00f1o el Municipio otorga descuentos y\/o eximiciones en el pago de las tasas en beneficio de productores agropecuarios en emergencia, Bomberos Voluntarios, jubilados y pensionados, Iglesias y Cultos, instituciones de bien p\u00fablico, vecinos con capacidades diferentes, vecinos en situaci\u00f3n de indigencia, ex combatientes de la guerra de Malvinas, entre otros.<\/p>\n\n\n\n<p>Adem\u00e1s se prev\u00e9 el tratamiento de un Decreto que buscar\u00e1 declarar como vecino destacado del distrito al reportero gr\u00e1fico Hugo Tiseira; y otra declaraci\u00f3n esta vez de Inter\u00e9s Legislativo y Cultural para la actividad de la Raza Criolla, en el marco de la Exposici\u00f3n Rural de Trenque Lauquen que tendr\u00e1 lugar en noviembre.<\/p>\n\n\n\n<p>Se suma para ser tratada en el recinto una donaci\u00f3n, por parte de Diego Tiseira, de copias digitalizadas de 20 videos denominados \u201cCaminos de Papel &#8211; Escuelas Rurales\u201d, y de 100 carpetas de archivos fotogr\u00e1ficos conteniendo alrededor de 6500 im\u00e1genes; y una iniciativa de Decreto con la finalidad de modificar el Reglamento Interno del HCD.<\/p>\n\n\n\n<p>El Cuerpo de concejales tambi\u00e9n pondr\u00e1 a votaci\u00f3n la readjudicaci\u00f3n de un inmueble ubicado en calle Baldovino Este n\u00b0 1148; la adjudicaci\u00f3n en venta de dos inmuebles, uno ubicado en calle Carlos Casares n\u00b0 985 y otro en calle Eva Per\u00f3n n\u00b0 1504, ambos de Trenque Lauquen; la desadjudicaci\u00f3n de una propiedad municipal ubicada en la localidad de Girod\u00edas (adjudicada oportunamente por la Ordenanza n\u00b0 3568 de 2010); y finalmente un convenio de concesi\u00f3n de uso celebrado entre la Municipalidad y el Grupo Crecer, por un inmueble ubicado tambi\u00e9n en Girod\u00edas y destinado a la producci\u00f3n hort\u00edcola y forestal.<\/p>\n\n\n\n<figure class=\"wp-block-image size-full\"><img loading=\"lazy\" decoding=\"async\" width=\"1244\" height=\"933\" src=\"https:\/\/infoecos.com.ar\/wp-content\/uploads\/2024\/09\/image-149.png\" alt=\"\" class=\"wp-image-130130\" srcset=\"https:\/\/infoecos.com.ar\/wp-content\/uploads\/2024\/09\/image-149.png 1244w, https:\/\/infoecos.com.ar\/wp-content\/uploads\/2024\/09\/image-149-800x600.png 800w, https:\/\/infoecos.com.ar\/wp-content\/uploads\/2024\/09\/image-149-768x576.png 768w, https:\/\/infoecos.com.ar\/wp-content\/uploads\/2024\/09\/image-149-1024x768.png 1024w\" sizes=\"(max-width: 1244px) 100vw, 1244px\" \/><\/figure>\n\n\n\n<p>En otro orden, el Ejecutivo Municipal envi\u00f3 al HCD unos ocho proyectos de Ordenanza para ser analizados en sus correspondientes Comisiones:<\/p>\n\n\n\n<ul class=\"wp-block-list\">\n<li>Adjudicar en venta a los Sres. Oscar An\u00edbal Barrios y Silvia Mercedes Peralta el inmueble de propiedad municipal sito en calle Guti\u00e9rrez Norte n\u00b0 986, perteneciente al Barrio \u201cSea Parte\u201d de Trenque Lauquen.<\/li>\n\n\n\n<li>Convalidar la adjudicaci\u00f3n en venta efectuada a trav\u00e9s del Decreto n\u00b0 2568\/2024, a favor de Lorena Guillermina Huertas y Mat\u00edas Calejman, del inmueble ubicado en calle Melvin Jones n\u00b0 846.<\/li>\n\n\n\n<li>Dejar sin efecto la adjudicaci\u00f3n dispuesta a favor del Sr. Manuel \u00c1ngel Sosa y adjudicar a la Sra. Claudia Edith Monteiro Da Cunha, el inmueble sito en Levalle Norte n\u00b0 540, pertenecientes al Barrio \u201cSea Parte\u201d.<\/li>\n\n\n\n<li>Convalidar la adjudicaci\u00f3n en venta efectuada a trav\u00e9s del Decreto n\u00b0 1168\/2021, a favor del Sr. Santiago Antonio Aranda, del inmueble ubicado en calle Gral. Paunero n\u00b0 340, de la localidad de Beruti.<\/li>\n\n\n\n<li>Autoriza a enajenar en favor de la firma CODEANA S.A.S., el inmueble municipal ubicado en el Sector Industrial Planificado, designado catastralmente como Circunscripci\u00f3n XVII, Secci\u00f3n C, Chacra 244, Manzana 244e, Parcela 2.<\/li>\n\n\n\n<li>Convalidar convenio de pr\u00e9stamo de uso con el Ministerio de Transporte de la Provincia de Buenos Aires de un equipo etil\u00f3metro (Al\u00f3metro- Alcohol\u00edmetro).<\/li>\n\n\n\n<li>Convalidar Acta Acuerdo de Cooperaci\u00f3n T\u00e9cnica &#8211; Decreto n\u00b0 1555\/2022, modulo de Presupuesto del Software RAFAM II suscripto con el Ministerio de Econom\u00eda de la Provincia de Buenos Aires, consistente en ser parte como Municipio Piloto de Prueba del Proceso y Programa de Testeo, denominado \u201cBeta -Testing\u201d.<\/li>\n\n\n\n<li>Autorizar a suscribir contrato de cesi\u00f3n de uso gratuito con el Ministerio de Seguridad de la Provincia, por el predio municipal identificado catastralmente como Circunscripci\u00f3n I, Secci\u00f3n B, Manzana 49a, Parcela 1, destinado al funcionamiento de la Delegaci\u00f3n Departamental de Investigaciones, de la Polic\u00eda de la Provincia de Buenos Aires.<\/li>\n<\/ul>\n\n\n\n<p>Los bloques de concejales de Juntos por el Cambio y Uni\u00f3n por la Patria tambi\u00e9n presentaron proyectos de Ordenanza que ir\u00e1n a sus respectivas Comisiones. Desde el oficialismo proponen la creaci\u00f3n de la Red de Casas para Estudiantes del Distrito de Trenque Lauquen y renombrar las calles que poseen denominaciones similares a fin de evitar inconvenientes. Desde Uni\u00f3n por la Patria buscan la creaci\u00f3n del programa \u201cMi pozo, mi agua\u201d, a trav\u00e9s del cual el municipio proveer\u00e1 los materiales y la mano de obra para la ejecuci\u00f3n de la perforaci\u00f3n domiciliaria y la conexi\u00f3n del recurso h\u00eddrico.<\/p>\n\n\n\n<figure class=\"wp-block-image size-full\"><img loading=\"lazy\" decoding=\"async\" width=\"920\" height=\"690\" src=\"https:\/\/infoecos.com.ar\/wp-content\/uploads\/2023\/12\/concejodeliberante-920x690-1.jpg\" alt=\"\" class=\"wp-image-115925\" srcset=\"https:\/\/infoecos.com.ar\/wp-content\/uploads\/2023\/12\/concejodeliberante-920x690-1.jpg 920w, https:\/\/infoecos.com.ar\/wp-content\/uploads\/2023\/12\/concejodeliberante-920x690-1-800x600.jpg 800w, https:\/\/infoecos.com.ar\/wp-content\/uploads\/2023\/12\/concejodeliberante-920x690-1-768x576.jpg 768w\" sizes=\"(max-width: 920px) 100vw, 920px\" \/><\/figure>\n\n\n\n<p>Tambi\u00e9n ser\u00e1n remitidos a sus correspondientes Comisiones (a menos que se convalide un tratamiento sobre tablas) dos proyectos de Decretos tendientes a declarar de Inter\u00e9s Legislativo el encuentro Nacional de F\u00fatbol Infantil \u201cSue\u00f1o de Campeones\u201d, organizado por el Club Las Guasquitas Deportes, a llevarse a cabo entre los d\u00edas 15 y 18 de noviembre; y la \u201cJornada de debate y reflexi\u00f3n por la NO baja de la edad de punibilidad de adolescentes en conflicto con la Ley Penal\u201d, a desarrollarse el 29 de octubre en nuestra ciudad.<\/p>\n\n\n\n<p>Por otra parte, los ediles de Uni\u00f3n por la Patria llevar\u00e1n a la Sesi\u00f3n un proyecto de Resoluci\u00f3n tendiente a repudiar las declaraciones del presidente de la Naci\u00f3n, Javier Milei, quien en una entrevista concedida al canal de noticias TN, sostuvo que le \u201cencantar\u00eda meterle el \u00faltimo clavo al caj\u00f3n del Kirchnerismo, con Cristina adentro\u201d. Tambi\u00e9n, rechazar \u201clas reiteradas agresiones proferidas por el Presidente hacia las fuerzas opositoras, declaraciones que generan un clima de fragilidad democr\u00e1tica y vulneraci\u00f3n de derechos de militantes y dirigentes pol\u00edticos\u201d, se\u00f1ala la iniciativa.<\/p>\n\n\n\n<figure class=\"wp-block-image aligncenter size-full\"><img loading=\"lazy\" decoding=\"async\" width=\"566\" height=\"317\" src=\"https:\/\/infoecos.com.ar\/wp-content\/uploads\/2024\/07\/image-15.png\" alt=\"\" class=\"wp-image-126697\"\/><\/figure>\n\n\n\n<p>El cierre de la Sesi\u00f3n estar\u00e1 marcado por la puesta a votaci\u00f3n de tres Comunicaciones que constituyen solicitudes para el Departamento Ejecutivo y que son impulsadas por cada una de las bancadas que conforman el Cuerpo Legislativo.<\/p>\n\n\n\n<p>El bloque La Libertad Avanza solicitar\u00e1 la realizaci\u00f3n de un relevamiento general en el distrito a grandes comercios, organismos, instituciones, entre otros, de la existencia, disponibilidad y se\u00f1alizaci\u00f3n de ba\u00f1os, incluyendo el ba\u00f1o para discapacitados cuando as\u00ed se lo requiera y se pueda disponer.<\/p>\n\n\n\n<p>La bancada del oficialismo, por su parte, solicitar\u00e1 llevar a cabo de manera conjunta con organismos intervinientes y organizaciones no gubernamentales, una campa\u00f1a integral en el distrito de difusi\u00f3n y concientizaci\u00f3n sobre la importancia de la adopci\u00f3n de ni\u00f1os, ni\u00f1as y adolescentes.<\/p>\n\n\n\n<p>Y finalmente, los concejales de Uni\u00f3n por la Patria pedir\u00e1n que se remita informaci\u00f3n referida a pozos de agua potable en la Ampliaci\u00f3n Urbana. Asimismo, solicitar\u00e1n la realizaci\u00f3n de una campa\u00f1a tendiente a promover el uso racional del agua corriente y la concientizaci\u00f3n de la poblaci\u00f3n sobre la necesidad de contar con un abastecimiento adicional en sus propiedades para riego, lavado de veh\u00edculos, veredas, llenado de piletas de nataci\u00f3n, etc\u00e9tera.<\/p>\n","protected":false},"excerpt":{"rendered":"<p>Se destaca la Eximici\u00f3n Tributaria para el Ejercicio 2025 y un pedido de pr\u00f3rroga hasta el 30 de diciembre para el plazo de presentaci\u00f3n del Presupuesto Municipal 2025<\/p>\n","protected":false},"author":2,"featured_media":123197,"comment_status":"closed","ping_status":"open","sticky":false,"template":"","format":"standard","meta":{"footnotes":""},"categories":[1613],"tags":[],"class_list":["post-131488","post","type-post","status-publish","format-standard","has-post-thumbnail","hentry","category-noticia-secundaria"],"yoast_head":"<!-- This site is optimized with the Yoast SEO plugin v23.4 - https:\/\/yoast.com\/wordpress\/plugins\/seo\/ -->\n<title>Sesiona hoy el Concejo Deliberante de T.Lauquen - Infoecos<\/title>\n<meta name=\"robots\" content=\"index, follow, max-snippet:-1, max-image-preview:large, max-video-preview:-1\" \/>\n<link rel=\"canonical\" href=\"https:\/\/infoecos.com.ar\/index.php\/temario-intenso-y-que-en-algunos-temas-anticipa-debates-del-concejo-deliberante-de-t-lauquen-para-el-lunes\/\" \/>\n<meta property=\"og:locale\" content=\"es_ES\" \/>\n<meta property=\"og:type\" content=\"article\" \/>\n<meta property=\"og:title\" content=\"Sesiona hoy el Concejo Deliberante de T.Lauquen - Infoecos\" \/>\n<meta property=\"og:description\" content=\"Se destaca la Eximici\u00f3n Tributaria para el Ejercicio 2025 y un pedido de pr\u00f3rroga hasta el 30 de diciembre para el plazo de presentaci\u00f3n del Presupuesto Municipal 2025\" \/>\n<meta property=\"og:url\" content=\"https:\/\/infoecos.com.ar\/index.php\/temario-intenso-y-que-en-algunos-temas-anticipa-debates-del-concejo-deliberante-de-t-lauquen-para-el-lunes\/\" \/>\n<meta property=\"og:site_name\" content=\"Infoecos\" \/>\n<meta property=\"article:publisher\" content=\"https:\/\/www.facebook.com\/profile.php?id=100063200290284\" \/>\n<meta property=\"article:published_time\" content=\"2024-10-25T20:08:25+00:00\" \/>\n<meta property=\"article:modified_time\" content=\"2024-10-28T03:15:46+00:00\" \/>\n<meta property=\"og:image\" content=\"https:\/\/infoecos.com.ar\/wp-content\/uploads\/2024\/04\/9e7fd49c-55e0-4d8c-ba42-76a24100209e.jpg\" \/>\n\t<meta property=\"og:image:width\" content=\"1089\" \/>\n\t<meta property=\"og:image:height\" content=\"816\" \/>\n\t<meta property=\"og:image:type\" content=\"image\/jpeg\" \/>\n<meta name=\"author\" content=\"Jorge Matheus\" \/>\n<meta name=\"twitter:card\" content=\"summary_large_image\" \/>\n<meta name=\"twitter:creator\" content=\"@infoecos\" \/>\n<meta name=\"twitter:site\" content=\"@infoecos\" \/>\n<meta name=\"twitter:label1\" content=\"Escrito por\" \/>\n\t<meta name=\"twitter:data1\" content=\"Jorge Matheus\" \/>\n\t<meta name=\"twitter:label2\" content=\"Tiempo de lectura\" \/>\n\t<meta name=\"twitter:data2\" content=\"7 minutos\" \/>\n<script type=\"application\/ld+json\" class=\"yoast-schema-graph\">{\"@context\":\"https:\/\/schema.org\",\"@graph\":[{\"@type\":\"Article\",\"@id\":\"https:\/\/infoecos.com.ar\/index.php\/temario-intenso-y-que-en-algunos-temas-anticipa-debates-del-concejo-deliberante-de-t-lauquen-para-el-lunes\/#article\",\"isPartOf\":{\"@id\":\"https:\/\/infoecos.com.ar\/index.php\/temario-intenso-y-que-en-algunos-temas-anticipa-debates-del-concejo-deliberante-de-t-lauquen-para-el-lunes\/\"},\"author\":{\"name\":\"Jorge Matheus\",\"@id\":\"https:\/\/infoecos.com.ar\/#\/schema\/person\/8f5ace5ce73b4b4aac4b7245aee6f191\"},\"headline\":\"Sesiona hoy el Concejo Deliberante de T.Lauquen\",\"datePublished\":\"2024-10-25T20:08:25+00:00\",\"dateModified\":\"2024-10-28T03:15:46+00:00\",\"mainEntityOfPage\":{\"@id\":\"https:\/\/infoecos.com.ar\/index.php\/temario-intenso-y-que-en-algunos-temas-anticipa-debates-del-concejo-deliberante-de-t-lauquen-para-el-lunes\/\"},\"wordCount\":1227,\"publisher\":{\"@id\":\"https:\/\/infoecos.com.ar\/#organization\"},\"image\":{\"@id\":\"https:\/\/infoecos.com.ar\/index.php\/temario-intenso-y-que-en-algunos-temas-anticipa-debates-del-concejo-deliberante-de-t-lauquen-para-el-lunes\/#primaryimage\"},\"thumbnailUrl\":\"https:\/\/infoecos.com.ar\/wp-content\/uploads\/2024\/04\/9e7fd49c-55e0-4d8c-ba42-76a24100209e.jpg\",\"articleSection\":[\"Noticia Secundaria\"],\"inLanguage\":\"es\"},{\"@type\":\"WebPage\",\"@id\":\"https:\/\/infoecos.com.ar\/index.php\/temario-intenso-y-que-en-algunos-temas-anticipa-debates-del-concejo-deliberante-de-t-lauquen-para-el-lunes\/\",\"url\":\"https:\/\/infoecos.com.ar\/index.php\/temario-intenso-y-que-en-algunos-temas-anticipa-debates-del-concejo-deliberante-de-t-lauquen-para-el-lunes\/\",\"name\":\"Sesiona hoy el Concejo Deliberante de T.Lauquen - Infoecos\",\"isPartOf\":{\"@id\":\"https:\/\/infoecos.com.ar\/#website\"},\"primaryImageOfPage\":{\"@id\":\"https:\/\/infoecos.com.ar\/index.php\/temario-intenso-y-que-en-algunos-temas-anticipa-debates-del-concejo-deliberante-de-t-lauquen-para-el-lunes\/#primaryimage\"},\"image\":{\"@id\":\"https:\/\/infoecos.com.ar\/index.php\/temario-intenso-y-que-en-algunos-temas-anticipa-debates-del-concejo-deliberante-de-t-lauquen-para-el-lunes\/#primaryimage\"},\"thumbnailUrl\":\"https:\/\/infoecos.com.ar\/wp-content\/uploads\/2024\/04\/9e7fd49c-55e0-4d8c-ba42-76a24100209e.jpg\",\"datePublished\":\"2024-10-25T20:08:25+00:00\",\"dateModified\":\"2024-10-28T03:15:46+00:00\",\"breadcrumb\":{\"@id\":\"https:\/\/infoecos.com.ar\/index.php\/temario-intenso-y-que-en-algunos-temas-anticipa-debates-del-concejo-deliberante-de-t-lauquen-para-el-lunes\/#breadcrumb\"},\"inLanguage\":\"es\",\"potentialAction\":[{\"@type\":\"ReadAction\",\"target\":[\"https:\/\/infoecos.com.ar\/index.php\/temario-intenso-y-que-en-algunos-temas-anticipa-debates-del-concejo-deliberante-de-t-lauquen-para-el-lunes\/\"]}]},{\"@type\":\"ImageObject\",\"inLanguage\":\"es\",\"@id\":\"https:\/\/infoecos.com.ar\/index.php\/temario-intenso-y-que-en-algunos-temas-anticipa-debates-del-concejo-deliberante-de-t-lauquen-para-el-lunes\/#primaryimage\",\"url\":\"https:\/\/infoecos.com.ar\/wp-content\/uploads\/2024\/04\/9e7fd49c-55e0-4d8c-ba42-76a24100209e.jpg\",\"contentUrl\":\"https:\/\/infoecos.com.ar\/wp-content\/uploads\/2024\/04\/9e7fd49c-55e0-4d8c-ba42-76a24100209e.jpg\",\"width\":1089,\"height\":816},{\"@type\":\"BreadcrumbList\",\"@id\":\"https:\/\/infoecos.com.ar\/index.php\/temario-intenso-y-que-en-algunos-temas-anticipa-debates-del-concejo-deliberante-de-t-lauquen-para-el-lunes\/#breadcrumb\",\"itemListElement\":[{\"@type\":\"ListItem\",\"position\":1,\"name\":\"Portada\",\"item\":\"https:\/\/infoecos.com.ar\/\"},{\"@type\":\"ListItem\",\"position\":2,\"name\":\"Sesiona hoy el Concejo Deliberante de T.Lauquen\"}]},{\"@type\":\"WebSite\",\"@id\":\"https:\/\/infoecos.com.ar\/#website\",\"url\":\"https:\/\/infoecos.com.ar\/\",\"name\":\"Infoecos\",\"description\":\"Noticias de trenque lauquen y la zona\",\"publisher\":{\"@id\":\"https:\/\/infoecos.com.ar\/#organization\"},\"alternateName\":\"Noticias\",\"potentialAction\":[{\"@type\":\"SearchAction\",\"target\":{\"@type\":\"EntryPoint\",\"urlTemplate\":\"https:\/\/infoecos.com.ar\/?s={search_term_string}\"},\"query-input\":{\"@type\":\"PropertyValueSpecification\",\"valueRequired\":true,\"valueName\":\"search_term_string\"}}],\"inLanguage\":\"es\"},{\"@type\":\"Organization\",\"@id\":\"https:\/\/infoecos.com.ar\/#organization\",\"name\":\"Infoecos\",\"alternateName\":\"Noticias\",\"url\":\"https:\/\/infoecos.com.ar\/\",\"logo\":{\"@type\":\"ImageObject\",\"inLanguage\":\"es\",\"@id\":\"https:\/\/infoecos.com.ar\/#\/schema\/logo\/image\/\",\"url\":\"https:\/\/infoecos.com.ar\/wp-content\/uploads\/2024\/03\/cropped-logo.png\",\"contentUrl\":\"https:\/\/infoecos.com.ar\/wp-content\/uploads\/2024\/03\/cropped-logo.png\",\"width\":374,\"height\":90,\"caption\":\"Infoecos\"},\"image\":{\"@id\":\"https:\/\/infoecos.com.ar\/#\/schema\/logo\/image\/\"},\"sameAs\":[\"https:\/\/www.facebook.com\/profile.php?id=100063200290284\",\"https:\/\/x.com\/infoecos\"]},{\"@type\":\"Person\",\"@id\":\"https:\/\/infoecos.com.ar\/#\/schema\/person\/8f5ace5ce73b4b4aac4b7245aee6f191\",\"name\":\"Jorge Matheus\",\"url\":\"https:\/\/infoecos.com.ar\/index.php\/author\/jomatheus\/\"}]}<\/script>\n<!-- \/ Yoast SEO plugin. -->","yoast_head_json":{"title":"Sesiona hoy el Concejo Deliberante de T.Lauquen - Infoecos","robots":{"index":"index","follow":"follow","max-snippet":"max-snippet:-1","max-image-preview":"max-image-preview:large","max-video-preview":"max-video-preview:-1"},"canonical":"https:\/\/infoecos.com.ar\/index.php\/temario-intenso-y-que-en-algunos-temas-anticipa-debates-del-concejo-deliberante-de-t-lauquen-para-el-lunes\/","og_locale":"es_ES","og_type":"article","og_title":"Sesiona hoy el Concejo Deliberante de T.Lauquen - Infoecos","og_description":"Se destaca la Eximici\u00f3n Tributaria para el Ejercicio 2025 y un pedido de pr\u00f3rroga hasta el 30 de diciembre para el plazo de presentaci\u00f3n del Presupuesto Municipal 2025","og_url":"https:\/\/infoecos.com.ar\/index.php\/temario-intenso-y-que-en-algunos-temas-anticipa-debates-del-concejo-deliberante-de-t-lauquen-para-el-lunes\/","og_site_name":"Infoecos","article_publisher":"https:\/\/www.facebook.com\/profile.php?id=100063200290284","article_published_time":"2024-10-25T20:08:25+00:00","article_modified_time":"2024-10-28T03:15:46+00:00","og_image":[{"width":1089,"height":816,"url":"https:\/\/infoecos.com.ar\/wp-content\/uploads\/2024\/04\/9e7fd49c-55e0-4d8c-ba42-76a24100209e.jpg","type":"image\/jpeg"}],"author":"Jorge Matheus","twitter_card":"summary_large_image","twitter_creator":"@infoecos","twitter_site":"@infoecos","twitter_misc":{"Escrito por":"Jorge Matheus","Tiempo de lectura":"7 minutos"},"schema":{"@context":"https:\/\/schema.org","@graph":[{"@type":"Article","@id":"https:\/\/infoecos.com.ar\/index.php\/temario-intenso-y-que-en-algunos-temas-anticipa-debates-del-concejo-deliberante-de-t-lauquen-para-el-lunes\/#article","isPartOf":{"@id":"https:\/\/infoecos.com.ar\/index.php\/temario-intenso-y-que-en-algunos-temas-anticipa-debates-del-concejo-deliberante-de-t-lauquen-para-el-lunes\/"},"author":{"name":"Jorge Matheus","@id":"https:\/\/infoecos.com.ar\/#\/schema\/person\/8f5ace5ce73b4b4aac4b7245aee6f191"},"headline":"Sesiona hoy el Concejo Deliberante de T.Lauquen","datePublished":"2024-10-25T20:08:25+00:00","dateModified":"2024-10-28T03:15:46+00:00","mainEntityOfPage":{"@id":"https:\/\/infoecos.com.ar\/index.php\/temario-intenso-y-que-en-algunos-temas-anticipa-debates-del-concejo-deliberante-de-t-lauquen-para-el-lunes\/"},"wordCount":1227,"publisher":{"@id":"https:\/\/infoecos.com.ar\/#organization"},"image":{"@id":"https:\/\/infoecos.com.ar\/index.php\/temario-intenso-y-que-en-algunos-temas-anticipa-debates-del-concejo-deliberante-de-t-lauquen-para-el-lunes\/#primaryimage"},"thumbnailUrl":"https:\/\/infoecos.com.ar\/wp-content\/uploads\/2024\/04\/9e7fd49c-55e0-4d8c-ba42-76a24100209e.jpg","articleSection":["Noticia Secundaria"],"inLanguage":"es"},{"@type":"WebPage","@id":"https:\/\/infoecos.com.ar\/index.php\/temario-intenso-y-que-en-algunos-temas-anticipa-debates-del-concejo-deliberante-de-t-lauquen-para-el-lunes\/","url":"https:\/\/infoecos.com.ar\/index.php\/temario-intenso-y-que-en-algunos-temas-anticipa-debates-del-concejo-deliberante-de-t-lauquen-para-el-lunes\/","name":"Sesiona hoy el Concejo Deliberante de T.Lauquen - Infoecos","isPartOf":{"@id":"https:\/\/infoecos.com.ar\/#website"},"primaryImageOfPage":{"@id":"https:\/\/infoecos.com.ar\/index.php\/temario-intenso-y-que-en-algunos-temas-anticipa-debates-del-concejo-deliberante-de-t-lauquen-para-el-lunes\/#primaryimage"},"image":{"@id":"https:\/\/infoecos.com.ar\/index.php\/temario-intenso-y-que-en-algunos-temas-anticipa-debates-del-concejo-deliberante-de-t-lauquen-para-el-lunes\/#primaryimage"},"thumbnailUrl":"https:\/\/infoecos.com.ar\/wp-content\/uploads\/2024\/04\/9e7fd49c-55e0-4d8c-ba42-76a24100209e.jpg","datePublished":"2024-10-25T20:08:25+00:00","dateModified":"2024-10-28T03:15:46+00:00","breadcrumb":{"@id":"https:\/\/infoecos.com.ar\/index.php\/temario-intenso-y-que-en-algunos-temas-anticipa-debates-del-concejo-deliberante-de-t-lauquen-para-el-lunes\/#breadcrumb"},"inLanguage":"es","potentialAction":[{"@type":"ReadAction","target":["https:\/\/infoecos.com.ar\/index.php\/temario-intenso-y-que-en-algunos-temas-anticipa-debates-del-concejo-deliberante-de-t-lauquen-para-el-lunes\/"]}]},{"@type":"ImageObject","inLanguage":"es","@id":"https:\/\/infoecos.com.ar\/index.php\/temario-intenso-y-que-en-algunos-temas-anticipa-debates-del-concejo-deliberante-de-t-lauquen-para-el-lunes\/#primaryimage","url":"https:\/\/infoecos.com.ar\/wp-content\/uploads\/2024\/04\/9e7fd49c-55e0-4d8c-ba42-76a24100209e.jpg","contentUrl":"https:\/\/infoecos.com.ar\/wp-content\/uploads\/2024\/04\/9e7fd49c-55e0-4d8c-ba42-76a24100209e.jpg","width":1089,"height":816},{"@type":"BreadcrumbList","@id":"https:\/\/infoecos.com.ar\/index.php\/temario-intenso-y-que-en-algunos-temas-anticipa-debates-del-concejo-deliberante-de-t-lauquen-para-el-lunes\/#breadcrumb","itemListElement":[{"@type":"ListItem","position":1,"name":"Portada","item":"https:\/\/infoecos.com.ar\/"},{"@type":"ListItem","position":2,"name":"Sesiona hoy el Concejo Deliberante de T.Lauquen"}]},{"@type":"WebSite","@id":"https:\/\/infoecos.com.ar\/#website","url":"https:\/\/infoecos.com.ar\/","name":"Infoecos","description":"Noticias de trenque lauquen y la zona","publisher":{"@id":"https:\/\/infoecos.com.ar\/#organization"},"alternateName":"Noticias","potentialAction":[{"@type":"SearchAction","target":{"@type":"EntryPoint","urlTemplate":"https:\/\/infoecos.com.ar\/?s={search_term_string}"},"query-input":{"@type":"PropertyValueSpecification","valueRequired":true,"valueName":"search_term_string"}}],"inLanguage":"es"},{"@type":"Organization","@id":"https:\/\/infoecos.com.ar\/#organization","name":"Infoecos","alternateName":"Noticias","url":"https:\/\/infoecos.com.ar\/","logo":{"@type":"ImageObject","inLanguage":"es","@id":"https:\/\/infoecos.com.ar\/#\/schema\/logo\/image\/","url":"https:\/\/infoecos.com.ar\/wp-content\/uploads\/2024\/03\/cropped-logo.png","contentUrl":"https:\/\/infoecos.com.ar\/wp-content\/uploads\/2024\/03\/cropped-logo.png","width":374,"height":90,"caption":"Infoecos"},"image":{"@id":"https:\/\/infoecos.com.ar\/#\/schema\/logo\/image\/"},"sameAs":["https:\/\/www.facebook.com\/profile.php?id=100063200290284","https:\/\/x.com\/infoecos"]},{"@type":"Person","@id":"https:\/\/infoecos.com.ar\/#\/schema\/person\/8f5ace5ce73b4b4aac4b7245aee6f191","name":"Jorge Matheus","url":"https:\/\/infoecos.com.ar\/index.php\/author\/jomatheus\/"}]}},"featured_image_urls":{"full":["https:\/\/infoecos.com.ar\/wp-content\/uploads\/2024\/04\/9e7fd49c-55e0-4d8c-ba42-76a24100209e.jpg",1089,816,false],"thumbnail":["https:\/\/infoecos.com.ar\/wp-content\/uploads\/2024\/04\/9e7fd49c-55e0-4d8c-ba42-76a24100209e-300x150.jpg",300,150,true],"medium":["https:\/\/infoecos.com.ar\/wp-content\/uploads\/2024\/04\/9e7fd49c-55e0-4d8c-ba42-76a24100209e-800x599.jpg",800,599,true],"medium_large":["https:\/\/infoecos.com.ar\/wp-content\/uploads\/2024\/04\/9e7fd49c-55e0-4d8c-ba42-76a24100209e-768x575.jpg",640,479,true],"large":["https:\/\/infoecos.com.ar\/wp-content\/uploads\/2024\/04\/9e7fd49c-55e0-4d8c-ba42-76a24100209e.jpg",640,480,false],"1536x1536":["https:\/\/infoecos.com.ar\/wp-content\/uploads\/2024\/04\/9e7fd49c-55e0-4d8c-ba42-76a24100209e.jpg",1089,816,false],"2048x2048":["https:\/\/infoecos.com.ar\/wp-content\/uploads\/2024\/04\/9e7fd49c-55e0-4d8c-ba42-76a24100209e.jpg",1089,816,false],"covernews-slider-full":["https:\/\/infoecos.com.ar\/wp-content\/uploads\/2024\/04\/9e7fd49c-55e0-4d8c-ba42-76a24100209e-1089x715.jpg",1089,715,true],"covernews-slider-center":["https:\/\/infoecos.com.ar\/wp-content\/uploads\/2024\/04\/9e7fd49c-55e0-4d8c-ba42-76a24100209e-800x500.jpg",800,500,true],"covernews-featured":["https:\/\/infoecos.com.ar\/wp-content\/uploads\/2024\/04\/9e7fd49c-55e0-4d8c-ba42-76a24100209e-1024x767.jpg",1024,767,true],"covernews-medium":["https:\/\/infoecos.com.ar\/wp-content\/uploads\/2024\/04\/9e7fd49c-55e0-4d8c-ba42-76a24100209e-540x340.jpg",540,340,true],"covernews-medium-square":["https:\/\/infoecos.com.ar\/wp-content\/uploads\/2024\/04\/9e7fd49c-55e0-4d8c-ba42-76a24100209e-400x250.jpg",400,250,true]},"author_info":{"info":["Jorge Matheus"]},"category_info":"<a href=\"https:\/\/infoecos.com.ar\/index.php\/category\/noticia-secundaria\/\" rel=\"category tag\">Noticia Secundaria<\/a>","tag_info":"Noticia Secundaria","comment_count":"0","_links":{"self":[{"href":"https:\/\/infoecos.com.ar\/index.php\/wp-json\/wp\/v2\/posts\/131488"}],"collection":[{"href":"https:\/\/infoecos.com.ar\/index.php\/wp-json\/wp\/v2\/posts"}],"about":[{"href":"https:\/\/infoecos.com.ar\/index.php\/wp-json\/wp\/v2\/types\/post"}],"author":[{"embeddable":true,"href":"https:\/\/infoecos.com.ar\/index.php\/wp-json\/wp\/v2\/users\/2"}],"replies":[{"embeddable":true,"href":"https:\/\/infoecos.com.ar\/index.php\/wp-json\/wp\/v2\/comments?post=131488"}],"version-history":[{"count":4,"href":"https:\/\/infoecos.com.ar\/index.php\/wp-json\/wp\/v2\/posts\/131488\/revisions"}],"predecessor-version":[{"id":131591,"href":"https:\/\/infoecos.com.ar\/index.php\/wp-json\/wp\/v2\/posts\/131488\/revisions\/131591"}],"wp:featuredmedia":[{"embeddable":true,"href":"https:\/\/infoecos.com.ar\/index.php\/wp-json\/wp\/v2\/media\/123197"}],"wp:attachment":[{"href":"https:\/\/infoecos.com.ar\/index.php\/wp-json\/wp\/v2\/media?parent=131488"}],"wp:term":[{"taxonomy":"category","embeddable":true,"href":"https:\/\/infoecos.com.ar\/index.php\/wp-json\/wp\/v2\/categories?post=131488"},{"taxonomy":"post_tag","embeddable":true,"href":"https:\/\/infoecos.com.ar\/index.php\/wp-json\/wp\/v2\/tags?post=131488"}],"curies":[{"name":"wp","href":"https:\/\/api.w.org\/{rel}","templated":true}]}}