{"id":131654,"date":"2024-10-28T20:58:06","date_gmt":"2024-10-28T23:58:06","guid":{"rendered":"https:\/\/infoecos.com.ar\/?p=131654"},"modified":"2024-10-28T20:58:26","modified_gmt":"2024-10-28T23:58:26","slug":"estimacion-de-altas-temperaturas-hasta-el-viernes-en-t-lauquen-donde-la-maxima-alcanzo-los-37-1","status":"publish","type":"post","link":"https:\/\/infoecos.com.ar\/index.php\/estimacion-de-altas-temperaturas-hasta-el-viernes-en-t-lauquen-donde-la-maxima-alcanzo-los-37-1\/","title":{"rendered":"Estimaci\u00f3n de altas temperaturas hasta el viernes en T.Lauquen, donde la m\u00e1xima alcanz\u00f3 los 37.1\u00b0"},"content":{"rendered":"\n<p class=\"has-text-align-center\"><strong>Servicio Meteorol\u00f3gico Nacional <\/strong><\/p>\n\n\n\n<p class=\"has-text-align-center\"><strong>Pron\u00f3stico v\u00e1lido hasta el domingo.<\/strong><\/p>\n\n\n\n<p><strong>Salvo el mi\u00e9rcoles y viernes donde aparece alg\u00fan porcentaje de lluvias, el resto de los d\u00eda ser\u00e1 a pleno sol y con altas temperaturas hasta el viernes.<\/strong> <\/p>\n\n\n\n<figure class=\"wp-block-image size-full\"><img loading=\"lazy\" decoding=\"async\" width=\"936\" height=\"243\" src=\"https:\/\/infoecos.com.ar\/wp-content\/uploads\/2024\/10\/image-265.png\" alt=\"\" class=\"wp-image-131655\" srcset=\"https:\/\/infoecos.com.ar\/wp-content\/uploads\/2024\/10\/image-265.png 936w, https:\/\/infoecos.com.ar\/wp-content\/uploads\/2024\/10\/image-265-800x208.png 800w, https:\/\/infoecos.com.ar\/wp-content\/uploads\/2024\/10\/image-265-768x199.png 768w\" sizes=\"(max-width: 936px) 100vw, 936px\" \/><\/figure>\n\n\n\n<p class=\"has-text-align-center\"><strong>Sensores Clim\u00e1ticos Municipalidad de Trenque Lauquen<\/strong><\/p>\n\n\n\n<p class=\"has-text-align-center\"><strong>La temperatura alcanz\u00f3 a los 37.1\u00b0 (los sensores est\u00e1n ubicados 6.6 km de la Plaza Principal de Trenque Lauquen)<\/strong><\/p>\n\n\n\n<figure class=\"wp-block-image aligncenter size-full\"><img loading=\"lazy\" decoding=\"async\" width=\"610\" height=\"316\" src=\"https:\/\/infoecos.com.ar\/wp-content\/uploads\/2024\/10\/image-267.png\" alt=\"\" class=\"wp-image-131657\"\/><\/figure>\n","protected":false},"excerpt":{"rendered":"<p>Salvo el mi\u00e9rcoles y viernes donde aparece alg\u00fan porcentaje de lluvias, el resto de los d\u00eda ser\u00e1 a pleno sol<\/p>\n","protected":false},"author":2,"featured_media":118052,"comment_status":"closed","ping_status":"open","sticky":false,"template":"","format":"standard","meta":{"footnotes":""},"categories":[1612],"tags":[],"class_list":["post-131654","post","type-post","status-publish","format-standard","has-post-thumbnail","hentry","category-noticia-principal"],"yoast_head":"<!-- This site is optimized with the Yoast SEO plugin v23.4 - https:\/\/yoast.com\/wordpress\/plugins\/seo\/ -->\n<title>Estimaci\u00f3n de altas temperaturas hasta el viernes en T.Lauquen, donde la m\u00e1xima alcanz\u00f3 los 37.1\u00b0 - Infoecos<\/title>\n<meta name=\"robots\" content=\"index, follow, max-snippet:-1, max-image-preview:large, max-video-preview:-1\" \/>\n<link rel=\"canonical\" href=\"https:\/\/infoecos.com.ar\/index.php\/estimacion-de-altas-temperaturas-hasta-el-viernes-en-t-lauquen-donde-la-maxima-alcanzo-los-37-1\/\" \/>\n<meta property=\"og:locale\" content=\"es_ES\" \/>\n<meta property=\"og:type\" content=\"article\" \/>\n<meta property=\"og:title\" content=\"Estimaci\u00f3n de altas temperaturas hasta el viernes en T.Lauquen, donde la m\u00e1xima alcanz\u00f3 los 37.1\u00b0 - Infoecos\" \/>\n<meta property=\"og:description\" content=\"Salvo el mi\u00e9rcoles y viernes donde aparece alg\u00fan porcentaje de lluvias, el resto de los d\u00eda ser\u00e1 a pleno sol\" \/>\n<meta property=\"og:url\" content=\"https:\/\/infoecos.com.ar\/index.php\/estimacion-de-altas-temperaturas-hasta-el-viernes-en-t-lauquen-donde-la-maxima-alcanzo-los-37-1\/\" \/>\n<meta property=\"og:site_name\" content=\"Infoecos\" \/>\n<meta property=\"article:publisher\" content=\"https:\/\/www.facebook.com\/profile.php?id=100063200290284\" \/>\n<meta property=\"article:published_time\" content=\"2024-10-28T23:58:06+00:00\" \/>\n<meta property=\"article:modified_time\" content=\"2024-10-28T23:58:26+00:00\" \/>\n<meta property=\"og:image\" content=\"https:\/\/infoecos.com.ar\/wp-content\/uploads\/2024\/01\/Golpe-de-calor.jpg\" \/>\n\t<meta property=\"og:image:width\" content=\"1000\" \/>\n\t<meta property=\"og:image:height\" content=\"675\" \/>\n\t<meta property=\"og:image:type\" content=\"image\/jpeg\" \/>\n<meta name=\"author\" content=\"Jorge Matheus\" \/>\n<meta name=\"twitter:card\" content=\"summary_large_image\" \/>\n<meta name=\"twitter:creator\" content=\"@infoecos\" \/>\n<meta name=\"twitter:site\" content=\"@infoecos\" \/>\n<meta name=\"twitter:label1\" content=\"Escrito por\" \/>\n\t<meta name=\"twitter:data1\" content=\"Jorge Matheus\" \/>\n\t<meta name=\"twitter:label2\" content=\"Tiempo de lectura\" \/>\n\t<meta name=\"twitter:data2\" content=\"1 minuto\" \/>\n<script type=\"application\/ld+json\" class=\"yoast-schema-graph\">{\"@context\":\"https:\/\/schema.org\",\"@graph\":[{\"@type\":\"Article\",\"@id\":\"https:\/\/infoecos.com.ar\/index.php\/estimacion-de-altas-temperaturas-hasta-el-viernes-en-t-lauquen-donde-la-maxima-alcanzo-los-37-1\/#article\",\"isPartOf\":{\"@id\":\"https:\/\/infoecos.com.ar\/index.php\/estimacion-de-altas-temperaturas-hasta-el-viernes-en-t-lauquen-donde-la-maxima-alcanzo-los-37-1\/\"},\"author\":{\"name\":\"Jorge Matheus\",\"@id\":\"https:\/\/infoecos.com.ar\/#\/schema\/person\/8f5ace5ce73b4b4aac4b7245aee6f191\"},\"headline\":\"Estimaci\u00f3n de altas temperaturas hasta el viernes en T.Lauquen, donde la m\u00e1xima alcanz\u00f3 los 37.1\u00b0\",\"datePublished\":\"2024-10-28T23:58:06+00:00\",\"dateModified\":\"2024-10-28T23:58:26+00:00\",\"mainEntityOfPage\":{\"@id\":\"https:\/\/infoecos.com.ar\/index.php\/estimacion-de-altas-temperaturas-hasta-el-viernes-en-t-lauquen-donde-la-maxima-alcanzo-los-37-1\/\"},\"wordCount\":83,\"publisher\":{\"@id\":\"https:\/\/infoecos.com.ar\/#organization\"},\"image\":{\"@id\":\"https:\/\/infoecos.com.ar\/index.php\/estimacion-de-altas-temperaturas-hasta-el-viernes-en-t-lauquen-donde-la-maxima-alcanzo-los-37-1\/#primaryimage\"},\"thumbnailUrl\":\"https:\/\/infoecos.com.ar\/wp-content\/uploads\/2024\/01\/Golpe-de-calor.jpg\",\"articleSection\":[\"Noticia Principal\"],\"inLanguage\":\"es\"},{\"@type\":\"WebPage\",\"@id\":\"https:\/\/infoecos.com.ar\/index.php\/estimacion-de-altas-temperaturas-hasta-el-viernes-en-t-lauquen-donde-la-maxima-alcanzo-los-37-1\/\",\"url\":\"https:\/\/infoecos.com.ar\/index.php\/estimacion-de-altas-temperaturas-hasta-el-viernes-en-t-lauquen-donde-la-maxima-alcanzo-los-37-1\/\",\"name\":\"Estimaci\u00f3n de altas temperaturas hasta el viernes en T.Lauquen, donde la m\u00e1xima alcanz\u00f3 los 37.1\u00b0 - Infoecos\",\"isPartOf\":{\"@id\":\"https:\/\/infoecos.com.ar\/#website\"},\"primaryImageOfPage\":{\"@id\":\"https:\/\/infoecos.com.ar\/index.php\/estimacion-de-altas-temperaturas-hasta-el-viernes-en-t-lauquen-donde-la-maxima-alcanzo-los-37-1\/#primaryimage\"},\"image\":{\"@id\":\"https:\/\/infoecos.com.ar\/index.php\/estimacion-de-altas-temperaturas-hasta-el-viernes-en-t-lauquen-donde-la-maxima-alcanzo-los-37-1\/#primaryimage\"},\"thumbnailUrl\":\"https:\/\/infoecos.com.ar\/wp-content\/uploads\/2024\/01\/Golpe-de-calor.jpg\",\"datePublished\":\"2024-10-28T23:58:06+00:00\",\"dateModified\":\"2024-10-28T23:58:26+00:00\",\"breadcrumb\":{\"@id\":\"https:\/\/infoecos.com.ar\/index.php\/estimacion-de-altas-temperaturas-hasta-el-viernes-en-t-lauquen-donde-la-maxima-alcanzo-los-37-1\/#breadcrumb\"},\"inLanguage\":\"es\",\"potentialAction\":[{\"@type\":\"ReadAction\",\"target\":[\"https:\/\/infoecos.com.ar\/index.php\/estimacion-de-altas-temperaturas-hasta-el-viernes-en-t-lauquen-donde-la-maxima-alcanzo-los-37-1\/\"]}]},{\"@type\":\"ImageObject\",\"inLanguage\":\"es\",\"@id\":\"https:\/\/infoecos.com.ar\/index.php\/estimacion-de-altas-temperaturas-hasta-el-viernes-en-t-lauquen-donde-la-maxima-alcanzo-los-37-1\/#primaryimage\",\"url\":\"https:\/\/infoecos.com.ar\/wp-content\/uploads\/2024\/01\/Golpe-de-calor.jpg\",\"contentUrl\":\"https:\/\/infoecos.com.ar\/wp-content\/uploads\/2024\/01\/Golpe-de-calor.jpg\",\"width\":1000,\"height\":675},{\"@type\":\"BreadcrumbList\",\"@id\":\"https:\/\/infoecos.com.ar\/index.php\/estimacion-de-altas-temperaturas-hasta-el-viernes-en-t-lauquen-donde-la-maxima-alcanzo-los-37-1\/#breadcrumb\",\"itemListElement\":[{\"@type\":\"ListItem\",\"position\":1,\"name\":\"Portada\",\"item\":\"https:\/\/infoecos.com.ar\/\"},{\"@type\":\"ListItem\",\"position\":2,\"name\":\"Estimaci\u00f3n de altas temperaturas hasta el viernes en T.Lauquen, donde la m\u00e1xima alcanz\u00f3 los 37.1\u00b0\"}]},{\"@type\":\"WebSite\",\"@id\":\"https:\/\/infoecos.com.ar\/#website\",\"url\":\"https:\/\/infoecos.com.ar\/\",\"name\":\"Infoecos\",\"description\":\"Noticias de trenque lauquen y la zona\",\"publisher\":{\"@id\":\"https:\/\/infoecos.com.ar\/#organization\"},\"alternateName\":\"Noticias\",\"potentialAction\":[{\"@type\":\"SearchAction\",\"target\":{\"@type\":\"EntryPoint\",\"urlTemplate\":\"https:\/\/infoecos.com.ar\/?s={search_term_string}\"},\"query-input\":{\"@type\":\"PropertyValueSpecification\",\"valueRequired\":true,\"valueName\":\"search_term_string\"}}],\"inLanguage\":\"es\"},{\"@type\":\"Organization\",\"@id\":\"https:\/\/infoecos.com.ar\/#organization\",\"name\":\"Infoecos\",\"alternateName\":\"Noticias\",\"url\":\"https:\/\/infoecos.com.ar\/\",\"logo\":{\"@type\":\"ImageObject\",\"inLanguage\":\"es\",\"@id\":\"https:\/\/infoecos.com.ar\/#\/schema\/logo\/image\/\",\"url\":\"https:\/\/infoecos.com.ar\/wp-content\/uploads\/2024\/03\/cropped-logo.png\",\"contentUrl\":\"https:\/\/infoecos.com.ar\/wp-content\/uploads\/2024\/03\/cropped-logo.png\",\"width\":374,\"height\":90,\"caption\":\"Infoecos\"},\"image\":{\"@id\":\"https:\/\/infoecos.com.ar\/#\/schema\/logo\/image\/\"},\"sameAs\":[\"https:\/\/www.facebook.com\/profile.php?id=100063200290284\",\"https:\/\/x.com\/infoecos\"]},{\"@type\":\"Person\",\"@id\":\"https:\/\/infoecos.com.ar\/#\/schema\/person\/8f5ace5ce73b4b4aac4b7245aee6f191\",\"name\":\"Jorge Matheus\",\"url\":\"https:\/\/infoecos.com.ar\/index.php\/author\/jomatheus\/\"}]}<\/script>\n<!-- \/ Yoast SEO plugin. -->","yoast_head_json":{"title":"Estimaci\u00f3n de altas temperaturas hasta el viernes en T.Lauquen, donde la m\u00e1xima alcanz\u00f3 los 37.1\u00b0 - Infoecos","robots":{"index":"index","follow":"follow","max-snippet":"max-snippet:-1","max-image-preview":"max-image-preview:large","max-video-preview":"max-video-preview:-1"},"canonical":"https:\/\/infoecos.com.ar\/index.php\/estimacion-de-altas-temperaturas-hasta-el-viernes-en-t-lauquen-donde-la-maxima-alcanzo-los-37-1\/","og_locale":"es_ES","og_type":"article","og_title":"Estimaci\u00f3n de altas temperaturas hasta el viernes en T.Lauquen, donde la m\u00e1xima alcanz\u00f3 los 37.1\u00b0 - Infoecos","og_description":"Salvo el mi\u00e9rcoles y viernes donde aparece alg\u00fan porcentaje de lluvias, el resto de los d\u00eda ser\u00e1 a pleno sol","og_url":"https:\/\/infoecos.com.ar\/index.php\/estimacion-de-altas-temperaturas-hasta-el-viernes-en-t-lauquen-donde-la-maxima-alcanzo-los-37-1\/","og_site_name":"Infoecos","article_publisher":"https:\/\/www.facebook.com\/profile.php?id=100063200290284","article_published_time":"2024-10-28T23:58:06+00:00","article_modified_time":"2024-10-28T23:58:26+00:00","og_image":[{"width":1000,"height":675,"url":"https:\/\/infoecos.com.ar\/wp-content\/uploads\/2024\/01\/Golpe-de-calor.jpg","type":"image\/jpeg"}],"author":"Jorge Matheus","twitter_card":"summary_large_image","twitter_creator":"@infoecos","twitter_site":"@infoecos","twitter_misc":{"Escrito por":"Jorge Matheus","Tiempo de lectura":"1 minuto"},"schema":{"@context":"https:\/\/schema.org","@graph":[{"@type":"Article","@id":"https:\/\/infoecos.com.ar\/index.php\/estimacion-de-altas-temperaturas-hasta-el-viernes-en-t-lauquen-donde-la-maxima-alcanzo-los-37-1\/#article","isPartOf":{"@id":"https:\/\/infoecos.com.ar\/index.php\/estimacion-de-altas-temperaturas-hasta-el-viernes-en-t-lauquen-donde-la-maxima-alcanzo-los-37-1\/"},"author":{"name":"Jorge Matheus","@id":"https:\/\/infoecos.com.ar\/#\/schema\/person\/8f5ace5ce73b4b4aac4b7245aee6f191"},"headline":"Estimaci\u00f3n de altas temperaturas hasta el viernes en T.Lauquen, donde la m\u00e1xima alcanz\u00f3 los 37.1\u00b0","datePublished":"2024-10-28T23:58:06+00:00","dateModified":"2024-10-28T23:58:26+00:00","mainEntityOfPage":{"@id":"https:\/\/infoecos.com.ar\/index.php\/estimacion-de-altas-temperaturas-hasta-el-viernes-en-t-lauquen-donde-la-maxima-alcanzo-los-37-1\/"},"wordCount":83,"publisher":{"@id":"https:\/\/infoecos.com.ar\/#organization"},"image":{"@id":"https:\/\/infoecos.com.ar\/index.php\/estimacion-de-altas-temperaturas-hasta-el-viernes-en-t-lauquen-donde-la-maxima-alcanzo-los-37-1\/#primaryimage"},"thumbnailUrl":"https:\/\/infoecos.com.ar\/wp-content\/uploads\/2024\/01\/Golpe-de-calor.jpg","articleSection":["Noticia Principal"],"inLanguage":"es"},{"@type":"WebPage","@id":"https:\/\/infoecos.com.ar\/index.php\/estimacion-de-altas-temperaturas-hasta-el-viernes-en-t-lauquen-donde-la-maxima-alcanzo-los-37-1\/","url":"https:\/\/infoecos.com.ar\/index.php\/estimacion-de-altas-temperaturas-hasta-el-viernes-en-t-lauquen-donde-la-maxima-alcanzo-los-37-1\/","name":"Estimaci\u00f3n de altas temperaturas hasta el viernes en T.Lauquen, donde la m\u00e1xima alcanz\u00f3 los 37.1\u00b0 - Infoecos","isPartOf":{"@id":"https:\/\/infoecos.com.ar\/#website"},"primaryImageOfPage":{"@id":"https:\/\/infoecos.com.ar\/index.php\/estimacion-de-altas-temperaturas-hasta-el-viernes-en-t-lauquen-donde-la-maxima-alcanzo-los-37-1\/#primaryimage"},"image":{"@id":"https:\/\/infoecos.com.ar\/index.php\/estimacion-de-altas-temperaturas-hasta-el-viernes-en-t-lauquen-donde-la-maxima-alcanzo-los-37-1\/#primaryimage"},"thumbnailUrl":"https:\/\/infoecos.com.ar\/wp-content\/uploads\/2024\/01\/Golpe-de-calor.jpg","datePublished":"2024-10-28T23:58:06+00:00","dateModified":"2024-10-28T23:58:26+00:00","breadcrumb":{"@id":"https:\/\/infoecos.com.ar\/index.php\/estimacion-de-altas-temperaturas-hasta-el-viernes-en-t-lauquen-donde-la-maxima-alcanzo-los-37-1\/#breadcrumb"},"inLanguage":"es","potentialAction":[{"@type":"ReadAction","target":["https:\/\/infoecos.com.ar\/index.php\/estimacion-de-altas-temperaturas-hasta-el-viernes-en-t-lauquen-donde-la-maxima-alcanzo-los-37-1\/"]}]},{"@type":"ImageObject","inLanguage":"es","@id":"https:\/\/infoecos.com.ar\/index.php\/estimacion-de-altas-temperaturas-hasta-el-viernes-en-t-lauquen-donde-la-maxima-alcanzo-los-37-1\/#primaryimage","url":"https:\/\/infoecos.com.ar\/wp-content\/uploads\/2024\/01\/Golpe-de-calor.jpg","contentUrl":"https:\/\/infoecos.com.ar\/wp-content\/uploads\/2024\/01\/Golpe-de-calor.jpg","width":1000,"height":675},{"@type":"BreadcrumbList","@id":"https:\/\/infoecos.com.ar\/index.php\/estimacion-de-altas-temperaturas-hasta-el-viernes-en-t-lauquen-donde-la-maxima-alcanzo-los-37-1\/#breadcrumb","itemListElement":[{"@type":"ListItem","position":1,"name":"Portada","item":"https:\/\/infoecos.com.ar\/"},{"@type":"ListItem","position":2,"name":"Estimaci\u00f3n de altas temperaturas hasta el viernes en T.Lauquen, donde la m\u00e1xima alcanz\u00f3 los 37.1\u00b0"}]},{"@type":"WebSite","@id":"https:\/\/infoecos.com.ar\/#website","url":"https:\/\/infoecos.com.ar\/","name":"Infoecos","description":"Noticias de trenque lauquen y la zona","publisher":{"@id":"https:\/\/infoecos.com.ar\/#organization"},"alternateName":"Noticias","potentialAction":[{"@type":"SearchAction","target":{"@type":"EntryPoint","urlTemplate":"https:\/\/infoecos.com.ar\/?s={search_term_string}"},"query-input":{"@type":"PropertyValueSpecification","valueRequired":true,"valueName":"search_term_string"}}],"inLanguage":"es"},{"@type":"Organization","@id":"https:\/\/infoecos.com.ar\/#organization","name":"Infoecos","alternateName":"Noticias","url":"https:\/\/infoecos.com.ar\/","logo":{"@type":"ImageObject","inLanguage":"es","@id":"https:\/\/infoecos.com.ar\/#\/schema\/logo\/image\/","url":"https:\/\/infoecos.com.ar\/wp-content\/uploads\/2024\/03\/cropped-logo.png","contentUrl":"https:\/\/infoecos.com.ar\/wp-content\/uploads\/2024\/03\/cropped-logo.png","width":374,"height":90,"caption":"Infoecos"},"image":{"@id":"https:\/\/infoecos.com.ar\/#\/schema\/logo\/image\/"},"sameAs":["https:\/\/www.facebook.com\/profile.php?id=100063200290284","https:\/\/x.com\/infoecos"]},{"@type":"Person","@id":"https:\/\/infoecos.com.ar\/#\/schema\/person\/8f5ace5ce73b4b4aac4b7245aee6f191","name":"Jorge Matheus","url":"https:\/\/infoecos.com.ar\/index.php\/author\/jomatheus\/"}]}},"featured_image_urls":{"full":["https:\/\/infoecos.com.ar\/wp-content\/uploads\/2024\/01\/Golpe-de-calor.jpg",1000,675,false],"thumbnail":["https:\/\/infoecos.com.ar\/wp-content\/uploads\/2024\/01\/Golpe-de-calor-300x150.jpg",300,150,true],"medium":["https:\/\/infoecos.com.ar\/wp-content\/uploads\/2024\/01\/Golpe-de-calor-800x540.jpg",800,540,true],"medium_large":["https:\/\/infoecos.com.ar\/wp-content\/uploads\/2024\/01\/Golpe-de-calor-768x518.jpg",640,432,true],"large":["https:\/\/infoecos.com.ar\/wp-content\/uploads\/2024\/01\/Golpe-de-calor.jpg",640,432,false],"1536x1536":["https:\/\/infoecos.com.ar\/wp-content\/uploads\/2024\/01\/Golpe-de-calor.jpg",1000,675,false],"2048x2048":["https:\/\/infoecos.com.ar\/wp-content\/uploads\/2024\/01\/Golpe-de-calor.jpg",1000,675,false],"covernews-slider-full":["https:\/\/infoecos.com.ar\/wp-content\/uploads\/2024\/01\/Golpe-de-calor.jpg",1000,675,false],"covernews-slider-center":["https:\/\/infoecos.com.ar\/wp-content\/uploads\/2024\/01\/Golpe-de-calor-936x675.jpg",693,500,true],"covernews-featured":["https:\/\/infoecos.com.ar\/wp-content\/uploads\/2024\/01\/Golpe-de-calor.jpg",1000,675,false],"covernews-medium":["https:\/\/infoecos.com.ar\/wp-content\/uploads\/2024\/01\/Golpe-de-calor-720x380.jpg",540,285,true],"covernews-medium-square":["https:\/\/infoecos.com.ar\/wp-content\/uploads\/2024\/01\/Golpe-de-calor-675x450.jpg",375,250,true]},"author_info":{"info":["Jorge Matheus"]},"category_info":"<a href=\"https:\/\/infoecos.com.ar\/index.php\/category\/noticia-principal\/\" rel=\"category tag\">Noticia Principal<\/a>","tag_info":"Noticia Principal","comment_count":"0","_links":{"self":[{"href":"https:\/\/infoecos.com.ar\/index.php\/wp-json\/wp\/v2\/posts\/131654"}],"collection":[{"href":"https:\/\/infoecos.com.ar\/index.php\/wp-json\/wp\/v2\/posts"}],"about":[{"href":"https:\/\/infoecos.com.ar\/index.php\/wp-json\/wp\/v2\/types\/post"}],"author":[{"embeddable":true,"href":"https:\/\/infoecos.com.ar\/index.php\/wp-json\/wp\/v2\/users\/2"}],"replies":[{"embeddable":true,"href":"https:\/\/infoecos.com.ar\/index.php\/wp-json\/wp\/v2\/comments?post=131654"}],"version-history":[{"count":1,"href":"https:\/\/infoecos.com.ar\/index.php\/wp-json\/wp\/v2\/posts\/131654\/revisions"}],"predecessor-version":[{"id":131658,"href":"https:\/\/infoecos.com.ar\/index.php\/wp-json\/wp\/v2\/posts\/131654\/revisions\/131658"}],"wp:featuredmedia":[{"embeddable":true,"href":"https:\/\/infoecos.com.ar\/index.php\/wp-json\/wp\/v2\/media\/118052"}],"wp:attachment":[{"href":"https:\/\/infoecos.com.ar\/index.php\/wp-json\/wp\/v2\/media?parent=131654"}],"wp:term":[{"taxonomy":"category","embeddable":true,"href":"https:\/\/infoecos.com.ar\/index.php\/wp-json\/wp\/v2\/categories?post=131654"},{"taxonomy":"post_tag","embeddable":true,"href":"https:\/\/infoecos.com.ar\/index.php\/wp-json\/wp\/v2\/tags?post=131654"}],"curies":[{"name":"wp","href":"https:\/\/api.w.org\/{rel}","templated":true}]}}