{"id":132096,"date":"2024-11-05T14:49:00","date_gmt":"2024-11-05T17:49:00","guid":{"rendered":"https:\/\/infoecos.com.ar\/?p=132096"},"modified":"2024-11-05T14:49:01","modified_gmt":"2024-11-05T17:49:01","slug":"los-bancos-de-todo-el-pais-permaneceran-cerrados-este-miercoles","status":"publish","type":"post","link":"https:\/\/infoecos.com.ar\/index.php\/los-bancos-de-todo-el-pais-permaneceran-cerrados-este-miercoles\/","title":{"rendered":"Los bancos de todo el pa\u00eds permanecer\u00e1n cerrados este mi\u00e9rcoles"},"content":{"rendered":"\n<p>Este mi\u00e9rcoles los bancos de todo el pa\u00eds permanecer\u00e1n cerrados al p\u00fablico a ra\u00edz de la conmemoraci\u00f3n de un nuevo D\u00eda del Trabajador Bancario. La jornada de descanso laboral es un feriado espec\u00edfico para quienes trabajan en entidades de todo el pa\u00eds y se encuentra reconocida en el convenio colectivo de trabajo firmado por el gremio que los representa.<\/p>\n\n\n\n<figure class=\"wp-block-image aligncenter size-full is-resized\"><img loading=\"lazy\" decoding=\"async\" width=\"844\" height=\"631\" src=\"https:\/\/infoecos.com.ar\/wp-content\/uploads\/2023\/08\/bc8129e4-70d5-40ac-970b-cb95ebcd7273.jpg\" alt=\"\" class=\"wp-image-110559\" style=\"width:390px;height:auto\" srcset=\"https:\/\/infoecos.com.ar\/wp-content\/uploads\/2023\/08\/bc8129e4-70d5-40ac-970b-cb95ebcd7273.jpg 844w, https:\/\/infoecos.com.ar\/wp-content\/uploads\/2023\/08\/bc8129e4-70d5-40ac-970b-cb95ebcd7273-800x598.jpg 800w, https:\/\/infoecos.com.ar\/wp-content\/uploads\/2023\/08\/bc8129e4-70d5-40ac-970b-cb95ebcd7273-768x574.jpg 768w\" sizes=\"(max-width: 844px) 100vw, 844px\" \/><\/figure>\n\n\n\n<p>La fecha conmemora el d\u00eda en que fue fundada la Asociaci\u00f3n Bancaria (AB). El sindicato que vela por los derechos de los trabajadores bancarios fue creado en 1924 y desde entonces representa a los empleados de las distintas entidades que operan en todo el pa\u00eds para reclamar mejoras salariales, entre otros beneficios.<\/p>\n\n\n\n<p>Esta falta de actividad afectar\u00e1 a a las c\u00e1maras compensadoras que procesan y liquidan las operaciones bancarias, esto significa que los pagos y transacciones con vencimiento en 6 de noviembre se trasladar\u00e1n autom\u00e1ticamente al jueves, por ser el pr\u00f3ximo d\u00eda h\u00e1bil. Esto aplica para pago de pr\u00e9stamos, tarjetas de cr\u00e9ditos u otras operaciones financieras programadas para esa fecha.<\/p>\n\n\n\n<figure class=\"wp-block-image aligncenter size-large is-resized\"><img loading=\"lazy\" decoding=\"async\" width=\"1600\" height=\"1063\" src=\"https:\/\/infoecos.com.ar\/wp-content\/uploads\/2024\/03\/image-164-1600x1063.png\" alt=\"\" class=\"wp-image-121306\" style=\"width:412px;height:auto\" srcset=\"https:\/\/infoecos.com.ar\/wp-content\/uploads\/2024\/03\/image-164-1600x1063.png 1600w, https:\/\/infoecos.com.ar\/wp-content\/uploads\/2024\/03\/image-164-800x531.png 800w, https:\/\/infoecos.com.ar\/wp-content\/uploads\/2024\/03\/image-164-768x510.png 768w, https:\/\/infoecos.com.ar\/wp-content\/uploads\/2024\/03\/image-164-1536x1020.png 1536w, https:\/\/infoecos.com.ar\/wp-content\/uploads\/2024\/03\/image-164-1024x680.png 1024w, https:\/\/infoecos.com.ar\/wp-content\/uploads\/2024\/03\/image-164.png 2048w\" sizes=\"(max-width: 1600px) 100vw, 1600px\" \/><\/figure>\n\n\n\n<p><strong>C\u00f3mo operar a pesar del paro de bancos<\/strong><\/p>\n\n\n\n<p>Aunque las sucursales estar\u00e1n cerradas y no habr\u00e1 atenci\u00f3n al p\u00fablico, otros servicios seguir\u00e1n funcionando para que los clientes puedan seguir realizando transacciones a pesar de la fecha. Para esto, se pueden utilizar otros canales como:<\/p>\n\n\n\n<p>Cajeros autom\u00e1ticos: los cajeros autom\u00e1ticos funcionar\u00e1n con normalidad, permitiendo a los clientes retirar efectivo, consultar saldos y realizar transferencias.<\/p>\n\n\n\n<p>Home banking y aplicaciones m\u00f3viles: los servicios de banca online estar\u00e1n operativos, lo que permite a los usuarios realizar transferencias, pagar servicios, consultar movimientos y efectuar operaciones b\u00e1sicas desde sus dispositivos.<\/p>\n\n\n\n<p>Retiro de efectivo en comercios: adem\u00e1s de los cajeros autom\u00e1ticos, supermercados, farmacias y otros puntos de venta permitir\u00e1n a los clientes retirar dinero en efectivo en caja utilizando sus tarjetas de d\u00e9bito, lo cual facilita el acceso al efectivo en caso de necesidad.<\/p>\n","protected":false},"excerpt":{"rendered":"<p>La fecha conmemora el d\u00eda en que fue fundada la Asociaci\u00f3n Bancaria (AB).<\/p>\n","protected":false},"author":2,"featured_media":127584,"comment_status":"closed","ping_status":"open","sticky":false,"template":"","format":"standard","meta":{"footnotes":""},"categories":[1612],"tags":[],"class_list":["post-132096","post","type-post","status-publish","format-standard","has-post-thumbnail","hentry","category-noticia-principal"],"yoast_head":"<!-- This site is optimized with the Yoast SEO plugin v23.4 - https:\/\/yoast.com\/wordpress\/plugins\/seo\/ -->\n<title>Los bancos de todo el pa\u00eds permanecer\u00e1n cerrados este mi\u00e9rcoles - Infoecos<\/title>\n<meta name=\"robots\" content=\"index, follow, max-snippet:-1, max-image-preview:large, max-video-preview:-1\" \/>\n<link rel=\"canonical\" href=\"https:\/\/infoecos.com.ar\/index.php\/los-bancos-de-todo-el-pais-permaneceran-cerrados-este-miercoles\/\" \/>\n<meta property=\"og:locale\" content=\"es_ES\" \/>\n<meta property=\"og:type\" content=\"article\" \/>\n<meta property=\"og:title\" content=\"Los bancos de todo el pa\u00eds permanecer\u00e1n cerrados este mi\u00e9rcoles - Infoecos\" \/>\n<meta property=\"og:description\" content=\"La fecha conmemora el d\u00eda en que fue fundada la Asociaci\u00f3n Bancaria (AB).\" \/>\n<meta property=\"og:url\" content=\"https:\/\/infoecos.com.ar\/index.php\/los-bancos-de-todo-el-pais-permaneceran-cerrados-este-miercoles\/\" \/>\n<meta property=\"og:site_name\" content=\"Infoecos\" \/>\n<meta property=\"article:publisher\" content=\"https:\/\/www.facebook.com\/profile.php?id=100063200290284\" \/>\n<meta property=\"article:published_time\" content=\"2024-11-05T17:49:00+00:00\" \/>\n<meta property=\"article:modified_time\" content=\"2024-11-05T17:49:01+00:00\" \/>\n<meta property=\"og:image\" content=\"https:\/\/infoecos.com.ar\/wp-content\/uploads\/2024\/07\/5348b63a-b997-49a6-8385-afdbd10e0260.jpg\" \/>\n\t<meta property=\"og:image:width\" content=\"1010\" \/>\n\t<meta property=\"og:image:height\" content=\"801\" \/>\n\t<meta property=\"og:image:type\" content=\"image\/jpeg\" \/>\n<meta name=\"author\" content=\"Jorge Matheus\" \/>\n<meta name=\"twitter:card\" content=\"summary_large_image\" \/>\n<meta name=\"twitter:creator\" content=\"@infoecos\" \/>\n<meta name=\"twitter:site\" content=\"@infoecos\" \/>\n<meta name=\"twitter:label1\" content=\"Escrito por\" \/>\n\t<meta name=\"twitter:data1\" content=\"Jorge Matheus\" \/>\n\t<meta name=\"twitter:label2\" content=\"Tiempo de lectura\" \/>\n\t<meta name=\"twitter:data2\" content=\"3 minutos\" \/>\n<script type=\"application\/ld+json\" class=\"yoast-schema-graph\">{\"@context\":\"https:\/\/schema.org\",\"@graph\":[{\"@type\":\"Article\",\"@id\":\"https:\/\/infoecos.com.ar\/index.php\/los-bancos-de-todo-el-pais-permaneceran-cerrados-este-miercoles\/#article\",\"isPartOf\":{\"@id\":\"https:\/\/infoecos.com.ar\/index.php\/los-bancos-de-todo-el-pais-permaneceran-cerrados-este-miercoles\/\"},\"author\":{\"name\":\"Jorge Matheus\",\"@id\":\"https:\/\/infoecos.com.ar\/#\/schema\/person\/8f5ace5ce73b4b4aac4b7245aee6f191\"},\"headline\":\"Los bancos de todo el pa\u00eds permanecer\u00e1n cerrados este mi\u00e9rcoles\",\"datePublished\":\"2024-11-05T17:49:00+00:00\",\"dateModified\":\"2024-11-05T17:49:01+00:00\",\"mainEntityOfPage\":{\"@id\":\"https:\/\/infoecos.com.ar\/index.php\/los-bancos-de-todo-el-pais-permaneceran-cerrados-este-miercoles\/\"},\"wordCount\":352,\"publisher\":{\"@id\":\"https:\/\/infoecos.com.ar\/#organization\"},\"image\":{\"@id\":\"https:\/\/infoecos.com.ar\/index.php\/los-bancos-de-todo-el-pais-permaneceran-cerrados-este-miercoles\/#primaryimage\"},\"thumbnailUrl\":\"https:\/\/infoecos.com.ar\/wp-content\/uploads\/2024\/07\/5348b63a-b997-49a6-8385-afdbd10e0260.jpg\",\"articleSection\":[\"Noticia Principal\"],\"inLanguage\":\"es\"},{\"@type\":\"WebPage\",\"@id\":\"https:\/\/infoecos.com.ar\/index.php\/los-bancos-de-todo-el-pais-permaneceran-cerrados-este-miercoles\/\",\"url\":\"https:\/\/infoecos.com.ar\/index.php\/los-bancos-de-todo-el-pais-permaneceran-cerrados-este-miercoles\/\",\"name\":\"Los bancos de todo el pa\u00eds permanecer\u00e1n cerrados este mi\u00e9rcoles - Infoecos\",\"isPartOf\":{\"@id\":\"https:\/\/infoecos.com.ar\/#website\"},\"primaryImageOfPage\":{\"@id\":\"https:\/\/infoecos.com.ar\/index.php\/los-bancos-de-todo-el-pais-permaneceran-cerrados-este-miercoles\/#primaryimage\"},\"image\":{\"@id\":\"https:\/\/infoecos.com.ar\/index.php\/los-bancos-de-todo-el-pais-permaneceran-cerrados-este-miercoles\/#primaryimage\"},\"thumbnailUrl\":\"https:\/\/infoecos.com.ar\/wp-content\/uploads\/2024\/07\/5348b63a-b997-49a6-8385-afdbd10e0260.jpg\",\"datePublished\":\"2024-11-05T17:49:00+00:00\",\"dateModified\":\"2024-11-05T17:49:01+00:00\",\"breadcrumb\":{\"@id\":\"https:\/\/infoecos.com.ar\/index.php\/los-bancos-de-todo-el-pais-permaneceran-cerrados-este-miercoles\/#breadcrumb\"},\"inLanguage\":\"es\",\"potentialAction\":[{\"@type\":\"ReadAction\",\"target\":[\"https:\/\/infoecos.com.ar\/index.php\/los-bancos-de-todo-el-pais-permaneceran-cerrados-este-miercoles\/\"]}]},{\"@type\":\"ImageObject\",\"inLanguage\":\"es\",\"@id\":\"https:\/\/infoecos.com.ar\/index.php\/los-bancos-de-todo-el-pais-permaneceran-cerrados-este-miercoles\/#primaryimage\",\"url\":\"https:\/\/infoecos.com.ar\/wp-content\/uploads\/2024\/07\/5348b63a-b997-49a6-8385-afdbd10e0260.jpg\",\"contentUrl\":\"https:\/\/infoecos.com.ar\/wp-content\/uploads\/2024\/07\/5348b63a-b997-49a6-8385-afdbd10e0260.jpg\",\"width\":1010,\"height\":801},{\"@type\":\"BreadcrumbList\",\"@id\":\"https:\/\/infoecos.com.ar\/index.php\/los-bancos-de-todo-el-pais-permaneceran-cerrados-este-miercoles\/#breadcrumb\",\"itemListElement\":[{\"@type\":\"ListItem\",\"position\":1,\"name\":\"Portada\",\"item\":\"https:\/\/infoecos.com.ar\/\"},{\"@type\":\"ListItem\",\"position\":2,\"name\":\"Los bancos de todo el pa\u00eds permanecer\u00e1n cerrados este mi\u00e9rcoles\"}]},{\"@type\":\"WebSite\",\"@id\":\"https:\/\/infoecos.com.ar\/#website\",\"url\":\"https:\/\/infoecos.com.ar\/\",\"name\":\"Infoecos\",\"description\":\"Noticias de trenque lauquen y la zona\",\"publisher\":{\"@id\":\"https:\/\/infoecos.com.ar\/#organization\"},\"alternateName\":\"Noticias\",\"potentialAction\":[{\"@type\":\"SearchAction\",\"target\":{\"@type\":\"EntryPoint\",\"urlTemplate\":\"https:\/\/infoecos.com.ar\/?s={search_term_string}\"},\"query-input\":{\"@type\":\"PropertyValueSpecification\",\"valueRequired\":true,\"valueName\":\"search_term_string\"}}],\"inLanguage\":\"es\"},{\"@type\":\"Organization\",\"@id\":\"https:\/\/infoecos.com.ar\/#organization\",\"name\":\"Infoecos\",\"alternateName\":\"Noticias\",\"url\":\"https:\/\/infoecos.com.ar\/\",\"logo\":{\"@type\":\"ImageObject\",\"inLanguage\":\"es\",\"@id\":\"https:\/\/infoecos.com.ar\/#\/schema\/logo\/image\/\",\"url\":\"https:\/\/infoecos.com.ar\/wp-content\/uploads\/2024\/03\/cropped-logo.png\",\"contentUrl\":\"https:\/\/infoecos.com.ar\/wp-content\/uploads\/2024\/03\/cropped-logo.png\",\"width\":374,\"height\":90,\"caption\":\"Infoecos\"},\"image\":{\"@id\":\"https:\/\/infoecos.com.ar\/#\/schema\/logo\/image\/\"},\"sameAs\":[\"https:\/\/www.facebook.com\/profile.php?id=100063200290284\",\"https:\/\/x.com\/infoecos\"]},{\"@type\":\"Person\",\"@id\":\"https:\/\/infoecos.com.ar\/#\/schema\/person\/8f5ace5ce73b4b4aac4b7245aee6f191\",\"name\":\"Jorge Matheus\",\"url\":\"https:\/\/infoecos.com.ar\/index.php\/author\/jomatheus\/\"}]}<\/script>\n<!-- \/ Yoast SEO plugin. -->","yoast_head_json":{"title":"Los bancos de todo el pa\u00eds permanecer\u00e1n cerrados este mi\u00e9rcoles - Infoecos","robots":{"index":"index","follow":"follow","max-snippet":"max-snippet:-1","max-image-preview":"max-image-preview:large","max-video-preview":"max-video-preview:-1"},"canonical":"https:\/\/infoecos.com.ar\/index.php\/los-bancos-de-todo-el-pais-permaneceran-cerrados-este-miercoles\/","og_locale":"es_ES","og_type":"article","og_title":"Los bancos de todo el pa\u00eds permanecer\u00e1n cerrados este mi\u00e9rcoles - Infoecos","og_description":"La fecha conmemora el d\u00eda en que fue fundada la Asociaci\u00f3n Bancaria (AB).","og_url":"https:\/\/infoecos.com.ar\/index.php\/los-bancos-de-todo-el-pais-permaneceran-cerrados-este-miercoles\/","og_site_name":"Infoecos","article_publisher":"https:\/\/www.facebook.com\/profile.php?id=100063200290284","article_published_time":"2024-11-05T17:49:00+00:00","article_modified_time":"2024-11-05T17:49:01+00:00","og_image":[{"width":1010,"height":801,"url":"https:\/\/infoecos.com.ar\/wp-content\/uploads\/2024\/07\/5348b63a-b997-49a6-8385-afdbd10e0260.jpg","type":"image\/jpeg"}],"author":"Jorge Matheus","twitter_card":"summary_large_image","twitter_creator":"@infoecos","twitter_site":"@infoecos","twitter_misc":{"Escrito por":"Jorge Matheus","Tiempo de lectura":"3 minutos"},"schema":{"@context":"https:\/\/schema.org","@graph":[{"@type":"Article","@id":"https:\/\/infoecos.com.ar\/index.php\/los-bancos-de-todo-el-pais-permaneceran-cerrados-este-miercoles\/#article","isPartOf":{"@id":"https:\/\/infoecos.com.ar\/index.php\/los-bancos-de-todo-el-pais-permaneceran-cerrados-este-miercoles\/"},"author":{"name":"Jorge Matheus","@id":"https:\/\/infoecos.com.ar\/#\/schema\/person\/8f5ace5ce73b4b4aac4b7245aee6f191"},"headline":"Los bancos de todo el pa\u00eds permanecer\u00e1n cerrados este mi\u00e9rcoles","datePublished":"2024-11-05T17:49:00+00:00","dateModified":"2024-11-05T17:49:01+00:00","mainEntityOfPage":{"@id":"https:\/\/infoecos.com.ar\/index.php\/los-bancos-de-todo-el-pais-permaneceran-cerrados-este-miercoles\/"},"wordCount":352,"publisher":{"@id":"https:\/\/infoecos.com.ar\/#organization"},"image":{"@id":"https:\/\/infoecos.com.ar\/index.php\/los-bancos-de-todo-el-pais-permaneceran-cerrados-este-miercoles\/#primaryimage"},"thumbnailUrl":"https:\/\/infoecos.com.ar\/wp-content\/uploads\/2024\/07\/5348b63a-b997-49a6-8385-afdbd10e0260.jpg","articleSection":["Noticia Principal"],"inLanguage":"es"},{"@type":"WebPage","@id":"https:\/\/infoecos.com.ar\/index.php\/los-bancos-de-todo-el-pais-permaneceran-cerrados-este-miercoles\/","url":"https:\/\/infoecos.com.ar\/index.php\/los-bancos-de-todo-el-pais-permaneceran-cerrados-este-miercoles\/","name":"Los bancos de todo el pa\u00eds permanecer\u00e1n cerrados este mi\u00e9rcoles - Infoecos","isPartOf":{"@id":"https:\/\/infoecos.com.ar\/#website"},"primaryImageOfPage":{"@id":"https:\/\/infoecos.com.ar\/index.php\/los-bancos-de-todo-el-pais-permaneceran-cerrados-este-miercoles\/#primaryimage"},"image":{"@id":"https:\/\/infoecos.com.ar\/index.php\/los-bancos-de-todo-el-pais-permaneceran-cerrados-este-miercoles\/#primaryimage"},"thumbnailUrl":"https:\/\/infoecos.com.ar\/wp-content\/uploads\/2024\/07\/5348b63a-b997-49a6-8385-afdbd10e0260.jpg","datePublished":"2024-11-05T17:49:00+00:00","dateModified":"2024-11-05T17:49:01+00:00","breadcrumb":{"@id":"https:\/\/infoecos.com.ar\/index.php\/los-bancos-de-todo-el-pais-permaneceran-cerrados-este-miercoles\/#breadcrumb"},"inLanguage":"es","potentialAction":[{"@type":"ReadAction","target":["https:\/\/infoecos.com.ar\/index.php\/los-bancos-de-todo-el-pais-permaneceran-cerrados-este-miercoles\/"]}]},{"@type":"ImageObject","inLanguage":"es","@id":"https:\/\/infoecos.com.ar\/index.php\/los-bancos-de-todo-el-pais-permaneceran-cerrados-este-miercoles\/#primaryimage","url":"https:\/\/infoecos.com.ar\/wp-content\/uploads\/2024\/07\/5348b63a-b997-49a6-8385-afdbd10e0260.jpg","contentUrl":"https:\/\/infoecos.com.ar\/wp-content\/uploads\/2024\/07\/5348b63a-b997-49a6-8385-afdbd10e0260.jpg","width":1010,"height":801},{"@type":"BreadcrumbList","@id":"https:\/\/infoecos.com.ar\/index.php\/los-bancos-de-todo-el-pais-permaneceran-cerrados-este-miercoles\/#breadcrumb","itemListElement":[{"@type":"ListItem","position":1,"name":"Portada","item":"https:\/\/infoecos.com.ar\/"},{"@type":"ListItem","position":2,"name":"Los bancos de todo el pa\u00eds permanecer\u00e1n cerrados este mi\u00e9rcoles"}]},{"@type":"WebSite","@id":"https:\/\/infoecos.com.ar\/#website","url":"https:\/\/infoecos.com.ar\/","name":"Infoecos","description":"Noticias de trenque lauquen y la zona","publisher":{"@id":"https:\/\/infoecos.com.ar\/#organization"},"alternateName":"Noticias","potentialAction":[{"@type":"SearchAction","target":{"@type":"EntryPoint","urlTemplate":"https:\/\/infoecos.com.ar\/?s={search_term_string}"},"query-input":{"@type":"PropertyValueSpecification","valueRequired":true,"valueName":"search_term_string"}}],"inLanguage":"es"},{"@type":"Organization","@id":"https:\/\/infoecos.com.ar\/#organization","name":"Infoecos","alternateName":"Noticias","url":"https:\/\/infoecos.com.ar\/","logo":{"@type":"ImageObject","inLanguage":"es","@id":"https:\/\/infoecos.com.ar\/#\/schema\/logo\/image\/","url":"https:\/\/infoecos.com.ar\/wp-content\/uploads\/2024\/03\/cropped-logo.png","contentUrl":"https:\/\/infoecos.com.ar\/wp-content\/uploads\/2024\/03\/cropped-logo.png","width":374,"height":90,"caption":"Infoecos"},"image":{"@id":"https:\/\/infoecos.com.ar\/#\/schema\/logo\/image\/"},"sameAs":["https:\/\/www.facebook.com\/profile.php?id=100063200290284","https:\/\/x.com\/infoecos"]},{"@type":"Person","@id":"https:\/\/infoecos.com.ar\/#\/schema\/person\/8f5ace5ce73b4b4aac4b7245aee6f191","name":"Jorge Matheus","url":"https:\/\/infoecos.com.ar\/index.php\/author\/jomatheus\/"}]}},"featured_image_urls":{"full":["https:\/\/infoecos.com.ar\/wp-content\/uploads\/2024\/07\/5348b63a-b997-49a6-8385-afdbd10e0260.jpg",1010,801,false],"thumbnail":["https:\/\/infoecos.com.ar\/wp-content\/uploads\/2024\/07\/5348b63a-b997-49a6-8385-afdbd10e0260-300x150.jpg",300,150,true],"medium":["https:\/\/infoecos.com.ar\/wp-content\/uploads\/2024\/07\/5348b63a-b997-49a6-8385-afdbd10e0260-800x634.jpg",800,634,true],"medium_large":["https:\/\/infoecos.com.ar\/wp-content\/uploads\/2024\/07\/5348b63a-b997-49a6-8385-afdbd10e0260-768x609.jpg",640,508,true],"large":["https:\/\/infoecos.com.ar\/wp-content\/uploads\/2024\/07\/5348b63a-b997-49a6-8385-afdbd10e0260.jpg",640,508,false],"1536x1536":["https:\/\/infoecos.com.ar\/wp-content\/uploads\/2024\/07\/5348b63a-b997-49a6-8385-afdbd10e0260.jpg",1010,801,false],"2048x2048":["https:\/\/infoecos.com.ar\/wp-content\/uploads\/2024\/07\/5348b63a-b997-49a6-8385-afdbd10e0260.jpg",1010,801,false],"covernews-slider-full":["https:\/\/infoecos.com.ar\/wp-content\/uploads\/2024\/07\/5348b63a-b997-49a6-8385-afdbd10e0260-1010x715.jpg",1010,715,true],"covernews-slider-center":["https:\/\/infoecos.com.ar\/wp-content\/uploads\/2024\/07\/5348b63a-b997-49a6-8385-afdbd10e0260-800x500.jpg",800,500,true],"covernews-featured":["https:\/\/infoecos.com.ar\/wp-content\/uploads\/2024\/07\/5348b63a-b997-49a6-8385-afdbd10e0260.jpg",1010,801,false],"covernews-medium":["https:\/\/infoecos.com.ar\/wp-content\/uploads\/2024\/07\/5348b63a-b997-49a6-8385-afdbd10e0260-540x340.jpg",540,340,true],"covernews-medium-square":["https:\/\/infoecos.com.ar\/wp-content\/uploads\/2024\/07\/5348b63a-b997-49a6-8385-afdbd10e0260-400x250.jpg",400,250,true]},"author_info":{"info":["Jorge Matheus"]},"category_info":"<a href=\"https:\/\/infoecos.com.ar\/index.php\/category\/noticia-principal\/\" rel=\"category tag\">Noticia Principal<\/a>","tag_info":"Noticia Principal","comment_count":"0","_links":{"self":[{"href":"https:\/\/infoecos.com.ar\/index.php\/wp-json\/wp\/v2\/posts\/132096"}],"collection":[{"href":"https:\/\/infoecos.com.ar\/index.php\/wp-json\/wp\/v2\/posts"}],"about":[{"href":"https:\/\/infoecos.com.ar\/index.php\/wp-json\/wp\/v2\/types\/post"}],"author":[{"embeddable":true,"href":"https:\/\/infoecos.com.ar\/index.php\/wp-json\/wp\/v2\/users\/2"}],"replies":[{"embeddable":true,"href":"https:\/\/infoecos.com.ar\/index.php\/wp-json\/wp\/v2\/comments?post=132096"}],"version-history":[{"count":1,"href":"https:\/\/infoecos.com.ar\/index.php\/wp-json\/wp\/v2\/posts\/132096\/revisions"}],"predecessor-version":[{"id":132097,"href":"https:\/\/infoecos.com.ar\/index.php\/wp-json\/wp\/v2\/posts\/132096\/revisions\/132097"}],"wp:featuredmedia":[{"embeddable":true,"href":"https:\/\/infoecos.com.ar\/index.php\/wp-json\/wp\/v2\/media\/127584"}],"wp:attachment":[{"href":"https:\/\/infoecos.com.ar\/index.php\/wp-json\/wp\/v2\/media?parent=132096"}],"wp:term":[{"taxonomy":"category","embeddable":true,"href":"https:\/\/infoecos.com.ar\/index.php\/wp-json\/wp\/v2\/categories?post=132096"},{"taxonomy":"post_tag","embeddable":true,"href":"https:\/\/infoecos.com.ar\/index.php\/wp-json\/wp\/v2\/tags?post=132096"}],"curies":[{"name":"wp","href":"https:\/\/api.w.org\/{rel}","templated":true}]}}