{"id":132124,"date":"2024-11-05T20:52:44","date_gmt":"2024-11-05T23:52:44","guid":{"rendered":"https:\/\/infoecos.com.ar\/?p=132124"},"modified":"2024-11-06T17:06:00","modified_gmt":"2024-11-06T20:06:00","slug":"el-nuevo-sistema-del-pami-para-validar-medicamentos-los-perjudica-y-los-farmaceuticos-salen-a-aclarar","status":"publish","type":"post","link":"https:\/\/infoecos.com.ar\/index.php\/el-nuevo-sistema-del-pami-para-validar-medicamentos-los-perjudica-y-los-farmaceuticos-salen-a-aclarar\/","title":{"rendered":"El nuevo sistema del PAMI para validar medicamentos perjudica a jubilados, y farmac\u00e9uticos salen a aclarar"},"content":{"rendered":"\n<p>Dio a conocer un comunicado el Colegio de Farmac\u00e9uticos de Trenque Lauquen, en sinton\u00eda con lo que se est\u00e1 difundiendo en todo el pa\u00eds. Desde el instituto se ha cometido un error que perjudica seriamente a los jubilados y pensionados, que debe esperarse se resuelva lo m\u00e1s r\u00e1pido posible. <\/p>\n\n\n\n<figure class=\"wp-block-image aligncenter size-full is-resized\"><img loading=\"lazy\" decoding=\"async\" width=\"1130\" height=\"1600\" src=\"https:\/\/infoecos.com.ar\/wp-content\/uploads\/2024\/11\/2024-Las-farmacias-no-son-responsables.jpg\" alt=\"\" class=\"wp-image-132125\" style=\"width:354px;height:auto\" srcset=\"https:\/\/infoecos.com.ar\/wp-content\/uploads\/2024\/11\/2024-Las-farmacias-no-son-responsables.jpg 1130w, https:\/\/infoecos.com.ar\/wp-content\/uploads\/2024\/11\/2024-Las-farmacias-no-son-responsables-565x800.jpg 565w, https:\/\/infoecos.com.ar\/wp-content\/uploads\/2024\/11\/2024-Las-farmacias-no-son-responsables-768x1087.jpg 768w, https:\/\/infoecos.com.ar\/wp-content\/uploads\/2024\/11\/2024-Las-farmacias-no-son-responsables-1085x1536.jpg 1085w, https:\/\/infoecos.com.ar\/wp-content\/uploads\/2024\/11\/2024-Las-farmacias-no-son-responsables-1024x1450.jpg 1024w\" sizes=\"(max-width: 1130px) 100vw, 1130px\" \/><\/figure>\n\n\n\n<p><strong>El texto:<\/strong><\/p>\n\n\n\n<p><em><mark style=\"background-color:rgba(0, 0, 0, 0)\" class=\"has-inline-color has-vivid-red-color\"><strong>Por causas que son ajenas a las farmacias y a los farmac\u00e9uticos de todo el pa\u00eds y que deben atribuirse exclusivamente a errores en el funcionamiento del nuevo sistema que a partir del 1\u00ba de noviembre dispuso el PAMI, es imposible validar la entrega de medicamentos a los beneficiarios de esa obra social.<\/strong><\/mark><\/em><\/p>\n\n\n\n<p><em><mark style=\"background-color:rgba(0, 0, 0, 0)\" class=\"has-inline-color has-vivid-red-color\"><strong>Entre los errores que arroja el nuevo sistema pueden enumerarse: Las autorizaciones al 100% de cobertura de medicamentos fuera de convenio (por ejemplo prazoles); las autorizaciones para validar recetas que hab\u00edan sido dispensadas desde la plataforma anterior se encuentran disponibles, posibilitando realizar la dispensa nuevamente; recetas validadas desde la nueva plataforma se encuentran nuevamente para validar; y rechazos de recetas realmente emitidas informadas al momento de la validaci\u00f3n como inexistentes, por citar algunos ejemplos.<\/strong><\/mark><\/em><\/p>\n\n\n\n<p><em><mark style=\"background-color:rgba(0, 0, 0, 0)\" class=\"has-inline-color has-vivid-red-color\"><strong>Pero no son los \u00fanicos inconvenientes y la situaci\u00f3n parece agravarse con nuevos errores y mayor tiempo por cada validaci\u00f3n en un sistema colapsado, lo que imposibilita la atenci\u00f3n en las farmacias por razones totalmente ajenas al profesional y a la farmacia.<\/strong><\/mark><\/em><\/p>\n\n\n\n<p><em><strong><mark style=\"background-color:rgba(0, 0, 0, 0)\" class=\"has-inline-color has-vivid-red-color\">Desde el Colegio de Farmac\u00e9uticos de la Provincia ya se inst\u00f3 a la Confederaci\u00f3n Farmac\u00e9utica Argentina (CoFA) a efectuar de manera urgente las gestiones correspondientes y el retorno al sistema anterior -que funcionaba de manera eficiente y sin fallos-\u00a0 hasta tanto se resuelvan las contingencias de la nueva plataforma FARMALINK\/ IMED.\u00a0<\/mark><\/strong><\/em><\/p>\n\n\n\n<p><strong><mark style=\"background-color:rgba(0, 0, 0, 0)\" class=\"has-inline-color has-vivid-red-color\"><em>\u00abLa responsabilidad de esta situaci\u00f3n no es de las farmacias, que estamos realizando todos los esfuerzos, (&#8230;) pero las dificultades se contin\u00faan y es necesario que quienes tienen la facultad para actuar logren la soluci\u00f3n, para que los sistemas optimicen su funcionamiento y se alcance una normalidad en el servicio, cosa que hoy no se est\u00e1 produciendo<\/em>\u00ab, dicen las entidades farmac\u00e9uticas nacionales en un comunicado, y solicitan \u00ab<em>a todos los actores que intervienen en esta coyuntura que se redoblen los esfuerzos para lograr de manera Inmediata y definitiva una normalizaci\u00f3n de las herramientas tecnol\u00f3gicas que permitan a nuestras farmacias recuperar su normal labor, y poder darles a los jubilados la atenci\u00f3n habitual\u00bb.<\/em><\/mark><\/strong><\/p>\n","protected":false},"excerpt":{"rendered":"<p>Desde el instituto se ha cometido un error que perjudica seriamente a los jubilados y pensionados, que debe esperarse se resuelva lo m\u00e1s r\u00e1pido posible<\/p>\n","protected":false},"author":2,"featured_media":109243,"comment_status":"closed","ping_status":"open","sticky":false,"template":"","format":"standard","meta":{"footnotes":""},"categories":[1613],"tags":[],"class_list":["post-132124","post","type-post","status-publish","format-standard","has-post-thumbnail","hentry","category-noticia-secundaria"],"yoast_head":"<!-- This site is optimized with the Yoast SEO plugin v23.4 - https:\/\/yoast.com\/wordpress\/plugins\/seo\/ -->\n<title>El nuevo sistema del PAMI para validar medicamentos perjudica a jubilados, y farmac\u00e9uticos salen a aclarar - Infoecos<\/title>\n<meta name=\"robots\" content=\"index, follow, max-snippet:-1, max-image-preview:large, max-video-preview:-1\" \/>\n<link rel=\"canonical\" href=\"https:\/\/infoecos.com.ar\/index.php\/el-nuevo-sistema-del-pami-para-validar-medicamentos-los-perjudica-y-los-farmaceuticos-salen-a-aclarar\/\" \/>\n<meta property=\"og:locale\" content=\"es_ES\" \/>\n<meta property=\"og:type\" content=\"article\" \/>\n<meta property=\"og:title\" content=\"El nuevo sistema del PAMI para validar medicamentos perjudica a jubilados, y farmac\u00e9uticos salen a aclarar - Infoecos\" \/>\n<meta property=\"og:description\" content=\"Desde el instituto se ha cometido un error que perjudica seriamente a los jubilados y pensionados, que debe esperarse se resuelva lo m\u00e1s r\u00e1pido posible\" \/>\n<meta property=\"og:url\" content=\"https:\/\/infoecos.com.ar\/index.php\/el-nuevo-sistema-del-pami-para-validar-medicamentos-los-perjudica-y-los-farmaceuticos-salen-a-aclarar\/\" \/>\n<meta property=\"og:site_name\" content=\"Infoecos\" \/>\n<meta property=\"article:publisher\" content=\"https:\/\/www.facebook.com\/profile.php?id=100063200290284\" \/>\n<meta property=\"article:published_time\" content=\"2024-11-05T23:52:44+00:00\" \/>\n<meta property=\"article:modified_time\" content=\"2024-11-06T20:06:00+00:00\" \/>\n<meta property=\"og:image\" content=\"https:\/\/infoecos.com.ar\/wp-content\/uploads\/2023\/08\/PAMI.jpeg\" \/>\n\t<meta property=\"og:image:width\" content=\"960\" \/>\n\t<meta property=\"og:image:height\" content=\"640\" \/>\n\t<meta property=\"og:image:type\" content=\"image\/jpeg\" \/>\n<meta name=\"author\" content=\"Jorge Matheus\" \/>\n<meta name=\"twitter:card\" content=\"summary_large_image\" \/>\n<meta name=\"twitter:creator\" content=\"@infoecos\" \/>\n<meta name=\"twitter:site\" content=\"@infoecos\" \/>\n<meta name=\"twitter:label1\" content=\"Escrito por\" \/>\n\t<meta name=\"twitter:data1\" content=\"Jorge Matheus\" \/>\n\t<meta name=\"twitter:label2\" content=\"Tiempo de lectura\" \/>\n\t<meta name=\"twitter:data2\" content=\"3 minutos\" \/>\n<script type=\"application\/ld+json\" class=\"yoast-schema-graph\">{\"@context\":\"https:\/\/schema.org\",\"@graph\":[{\"@type\":\"Article\",\"@id\":\"https:\/\/infoecos.com.ar\/index.php\/el-nuevo-sistema-del-pami-para-validar-medicamentos-los-perjudica-y-los-farmaceuticos-salen-a-aclarar\/#article\",\"isPartOf\":{\"@id\":\"https:\/\/infoecos.com.ar\/index.php\/el-nuevo-sistema-del-pami-para-validar-medicamentos-los-perjudica-y-los-farmaceuticos-salen-a-aclarar\/\"},\"author\":{\"name\":\"Jorge Matheus\",\"@id\":\"https:\/\/infoecos.com.ar\/#\/schema\/person\/8f5ace5ce73b4b4aac4b7245aee6f191\"},\"headline\":\"El nuevo sistema del PAMI para validar medicamentos perjudica a jubilados, y farmac\u00e9uticos salen a aclarar\",\"datePublished\":\"2024-11-05T23:52:44+00:00\",\"dateModified\":\"2024-11-06T20:06:00+00:00\",\"mainEntityOfPage\":{\"@id\":\"https:\/\/infoecos.com.ar\/index.php\/el-nuevo-sistema-del-pami-para-validar-medicamentos-los-perjudica-y-los-farmaceuticos-salen-a-aclarar\/\"},\"wordCount\":419,\"publisher\":{\"@id\":\"https:\/\/infoecos.com.ar\/#organization\"},\"image\":{\"@id\":\"https:\/\/infoecos.com.ar\/index.php\/el-nuevo-sistema-del-pami-para-validar-medicamentos-los-perjudica-y-los-farmaceuticos-salen-a-aclarar\/#primaryimage\"},\"thumbnailUrl\":\"https:\/\/infoecos.com.ar\/wp-content\/uploads\/2023\/08\/PAMI.jpeg\",\"articleSection\":[\"Noticia Secundaria\"],\"inLanguage\":\"es\"},{\"@type\":\"WebPage\",\"@id\":\"https:\/\/infoecos.com.ar\/index.php\/el-nuevo-sistema-del-pami-para-validar-medicamentos-los-perjudica-y-los-farmaceuticos-salen-a-aclarar\/\",\"url\":\"https:\/\/infoecos.com.ar\/index.php\/el-nuevo-sistema-del-pami-para-validar-medicamentos-los-perjudica-y-los-farmaceuticos-salen-a-aclarar\/\",\"name\":\"El nuevo sistema del PAMI para validar medicamentos perjudica a jubilados, y farmac\u00e9uticos salen a aclarar - Infoecos\",\"isPartOf\":{\"@id\":\"https:\/\/infoecos.com.ar\/#website\"},\"primaryImageOfPage\":{\"@id\":\"https:\/\/infoecos.com.ar\/index.php\/el-nuevo-sistema-del-pami-para-validar-medicamentos-los-perjudica-y-los-farmaceuticos-salen-a-aclarar\/#primaryimage\"},\"image\":{\"@id\":\"https:\/\/infoecos.com.ar\/index.php\/el-nuevo-sistema-del-pami-para-validar-medicamentos-los-perjudica-y-los-farmaceuticos-salen-a-aclarar\/#primaryimage\"},\"thumbnailUrl\":\"https:\/\/infoecos.com.ar\/wp-content\/uploads\/2023\/08\/PAMI.jpeg\",\"datePublished\":\"2024-11-05T23:52:44+00:00\",\"dateModified\":\"2024-11-06T20:06:00+00:00\",\"breadcrumb\":{\"@id\":\"https:\/\/infoecos.com.ar\/index.php\/el-nuevo-sistema-del-pami-para-validar-medicamentos-los-perjudica-y-los-farmaceuticos-salen-a-aclarar\/#breadcrumb\"},\"inLanguage\":\"es\",\"potentialAction\":[{\"@type\":\"ReadAction\",\"target\":[\"https:\/\/infoecos.com.ar\/index.php\/el-nuevo-sistema-del-pami-para-validar-medicamentos-los-perjudica-y-los-farmaceuticos-salen-a-aclarar\/\"]}]},{\"@type\":\"ImageObject\",\"inLanguage\":\"es\",\"@id\":\"https:\/\/infoecos.com.ar\/index.php\/el-nuevo-sistema-del-pami-para-validar-medicamentos-los-perjudica-y-los-farmaceuticos-salen-a-aclarar\/#primaryimage\",\"url\":\"https:\/\/infoecos.com.ar\/wp-content\/uploads\/2023\/08\/PAMI.jpeg\",\"contentUrl\":\"https:\/\/infoecos.com.ar\/wp-content\/uploads\/2023\/08\/PAMI.jpeg\",\"width\":960,\"height\":640},{\"@type\":\"BreadcrumbList\",\"@id\":\"https:\/\/infoecos.com.ar\/index.php\/el-nuevo-sistema-del-pami-para-validar-medicamentos-los-perjudica-y-los-farmaceuticos-salen-a-aclarar\/#breadcrumb\",\"itemListElement\":[{\"@type\":\"ListItem\",\"position\":1,\"name\":\"Portada\",\"item\":\"https:\/\/infoecos.com.ar\/\"},{\"@type\":\"ListItem\",\"position\":2,\"name\":\"El nuevo sistema del PAMI para validar medicamentos perjudica a jubilados, y farmac\u00e9uticos salen a aclarar\"}]},{\"@type\":\"WebSite\",\"@id\":\"https:\/\/infoecos.com.ar\/#website\",\"url\":\"https:\/\/infoecos.com.ar\/\",\"name\":\"Infoecos\",\"description\":\"Noticias de trenque lauquen y la zona\",\"publisher\":{\"@id\":\"https:\/\/infoecos.com.ar\/#organization\"},\"alternateName\":\"Noticias\",\"potentialAction\":[{\"@type\":\"SearchAction\",\"target\":{\"@type\":\"EntryPoint\",\"urlTemplate\":\"https:\/\/infoecos.com.ar\/?s={search_term_string}\"},\"query-input\":{\"@type\":\"PropertyValueSpecification\",\"valueRequired\":true,\"valueName\":\"search_term_string\"}}],\"inLanguage\":\"es\"},{\"@type\":\"Organization\",\"@id\":\"https:\/\/infoecos.com.ar\/#organization\",\"name\":\"Infoecos\",\"alternateName\":\"Noticias\",\"url\":\"https:\/\/infoecos.com.ar\/\",\"logo\":{\"@type\":\"ImageObject\",\"inLanguage\":\"es\",\"@id\":\"https:\/\/infoecos.com.ar\/#\/schema\/logo\/image\/\",\"url\":\"https:\/\/infoecos.com.ar\/wp-content\/uploads\/2024\/03\/cropped-logo.png\",\"contentUrl\":\"https:\/\/infoecos.com.ar\/wp-content\/uploads\/2024\/03\/cropped-logo.png\",\"width\":374,\"height\":90,\"caption\":\"Infoecos\"},\"image\":{\"@id\":\"https:\/\/infoecos.com.ar\/#\/schema\/logo\/image\/\"},\"sameAs\":[\"https:\/\/www.facebook.com\/profile.php?id=100063200290284\",\"https:\/\/x.com\/infoecos\"]},{\"@type\":\"Person\",\"@id\":\"https:\/\/infoecos.com.ar\/#\/schema\/person\/8f5ace5ce73b4b4aac4b7245aee6f191\",\"name\":\"Jorge Matheus\",\"url\":\"https:\/\/infoecos.com.ar\/index.php\/author\/jomatheus\/\"}]}<\/script>\n<!-- \/ Yoast SEO plugin. -->","yoast_head_json":{"title":"El nuevo sistema del PAMI para validar medicamentos perjudica a jubilados, y farmac\u00e9uticos salen a aclarar - Infoecos","robots":{"index":"index","follow":"follow","max-snippet":"max-snippet:-1","max-image-preview":"max-image-preview:large","max-video-preview":"max-video-preview:-1"},"canonical":"https:\/\/infoecos.com.ar\/index.php\/el-nuevo-sistema-del-pami-para-validar-medicamentos-los-perjudica-y-los-farmaceuticos-salen-a-aclarar\/","og_locale":"es_ES","og_type":"article","og_title":"El nuevo sistema del PAMI para validar medicamentos perjudica a jubilados, y farmac\u00e9uticos salen a aclarar - Infoecos","og_description":"Desde el instituto se ha cometido un error que perjudica seriamente a los jubilados y pensionados, que debe esperarse se resuelva lo m\u00e1s r\u00e1pido posible","og_url":"https:\/\/infoecos.com.ar\/index.php\/el-nuevo-sistema-del-pami-para-validar-medicamentos-los-perjudica-y-los-farmaceuticos-salen-a-aclarar\/","og_site_name":"Infoecos","article_publisher":"https:\/\/www.facebook.com\/profile.php?id=100063200290284","article_published_time":"2024-11-05T23:52:44+00:00","article_modified_time":"2024-11-06T20:06:00+00:00","og_image":[{"width":960,"height":640,"url":"https:\/\/infoecos.com.ar\/wp-content\/uploads\/2023\/08\/PAMI.jpeg","type":"image\/jpeg"}],"author":"Jorge Matheus","twitter_card":"summary_large_image","twitter_creator":"@infoecos","twitter_site":"@infoecos","twitter_misc":{"Escrito por":"Jorge Matheus","Tiempo de lectura":"3 minutos"},"schema":{"@context":"https:\/\/schema.org","@graph":[{"@type":"Article","@id":"https:\/\/infoecos.com.ar\/index.php\/el-nuevo-sistema-del-pami-para-validar-medicamentos-los-perjudica-y-los-farmaceuticos-salen-a-aclarar\/#article","isPartOf":{"@id":"https:\/\/infoecos.com.ar\/index.php\/el-nuevo-sistema-del-pami-para-validar-medicamentos-los-perjudica-y-los-farmaceuticos-salen-a-aclarar\/"},"author":{"name":"Jorge Matheus","@id":"https:\/\/infoecos.com.ar\/#\/schema\/person\/8f5ace5ce73b4b4aac4b7245aee6f191"},"headline":"El nuevo sistema del PAMI para validar medicamentos perjudica a jubilados, y farmac\u00e9uticos salen a aclarar","datePublished":"2024-11-05T23:52:44+00:00","dateModified":"2024-11-06T20:06:00+00:00","mainEntityOfPage":{"@id":"https:\/\/infoecos.com.ar\/index.php\/el-nuevo-sistema-del-pami-para-validar-medicamentos-los-perjudica-y-los-farmaceuticos-salen-a-aclarar\/"},"wordCount":419,"publisher":{"@id":"https:\/\/infoecos.com.ar\/#organization"},"image":{"@id":"https:\/\/infoecos.com.ar\/index.php\/el-nuevo-sistema-del-pami-para-validar-medicamentos-los-perjudica-y-los-farmaceuticos-salen-a-aclarar\/#primaryimage"},"thumbnailUrl":"https:\/\/infoecos.com.ar\/wp-content\/uploads\/2023\/08\/PAMI.jpeg","articleSection":["Noticia Secundaria"],"inLanguage":"es"},{"@type":"WebPage","@id":"https:\/\/infoecos.com.ar\/index.php\/el-nuevo-sistema-del-pami-para-validar-medicamentos-los-perjudica-y-los-farmaceuticos-salen-a-aclarar\/","url":"https:\/\/infoecos.com.ar\/index.php\/el-nuevo-sistema-del-pami-para-validar-medicamentos-los-perjudica-y-los-farmaceuticos-salen-a-aclarar\/","name":"El nuevo sistema del PAMI para validar medicamentos perjudica a jubilados, y farmac\u00e9uticos salen a aclarar - Infoecos","isPartOf":{"@id":"https:\/\/infoecos.com.ar\/#website"},"primaryImageOfPage":{"@id":"https:\/\/infoecos.com.ar\/index.php\/el-nuevo-sistema-del-pami-para-validar-medicamentos-los-perjudica-y-los-farmaceuticos-salen-a-aclarar\/#primaryimage"},"image":{"@id":"https:\/\/infoecos.com.ar\/index.php\/el-nuevo-sistema-del-pami-para-validar-medicamentos-los-perjudica-y-los-farmaceuticos-salen-a-aclarar\/#primaryimage"},"thumbnailUrl":"https:\/\/infoecos.com.ar\/wp-content\/uploads\/2023\/08\/PAMI.jpeg","datePublished":"2024-11-05T23:52:44+00:00","dateModified":"2024-11-06T20:06:00+00:00","breadcrumb":{"@id":"https:\/\/infoecos.com.ar\/index.php\/el-nuevo-sistema-del-pami-para-validar-medicamentos-los-perjudica-y-los-farmaceuticos-salen-a-aclarar\/#breadcrumb"},"inLanguage":"es","potentialAction":[{"@type":"ReadAction","target":["https:\/\/infoecos.com.ar\/index.php\/el-nuevo-sistema-del-pami-para-validar-medicamentos-los-perjudica-y-los-farmaceuticos-salen-a-aclarar\/"]}]},{"@type":"ImageObject","inLanguage":"es","@id":"https:\/\/infoecos.com.ar\/index.php\/el-nuevo-sistema-del-pami-para-validar-medicamentos-los-perjudica-y-los-farmaceuticos-salen-a-aclarar\/#primaryimage","url":"https:\/\/infoecos.com.ar\/wp-content\/uploads\/2023\/08\/PAMI.jpeg","contentUrl":"https:\/\/infoecos.com.ar\/wp-content\/uploads\/2023\/08\/PAMI.jpeg","width":960,"height":640},{"@type":"BreadcrumbList","@id":"https:\/\/infoecos.com.ar\/index.php\/el-nuevo-sistema-del-pami-para-validar-medicamentos-los-perjudica-y-los-farmaceuticos-salen-a-aclarar\/#breadcrumb","itemListElement":[{"@type":"ListItem","position":1,"name":"Portada","item":"https:\/\/infoecos.com.ar\/"},{"@type":"ListItem","position":2,"name":"El nuevo sistema del PAMI para validar medicamentos perjudica a jubilados, y farmac\u00e9uticos salen a aclarar"}]},{"@type":"WebSite","@id":"https:\/\/infoecos.com.ar\/#website","url":"https:\/\/infoecos.com.ar\/","name":"Infoecos","description":"Noticias de trenque lauquen y la zona","publisher":{"@id":"https:\/\/infoecos.com.ar\/#organization"},"alternateName":"Noticias","potentialAction":[{"@type":"SearchAction","target":{"@type":"EntryPoint","urlTemplate":"https:\/\/infoecos.com.ar\/?s={search_term_string}"},"query-input":{"@type":"PropertyValueSpecification","valueRequired":true,"valueName":"search_term_string"}}],"inLanguage":"es"},{"@type":"Organization","@id":"https:\/\/infoecos.com.ar\/#organization","name":"Infoecos","alternateName":"Noticias","url":"https:\/\/infoecos.com.ar\/","logo":{"@type":"ImageObject","inLanguage":"es","@id":"https:\/\/infoecos.com.ar\/#\/schema\/logo\/image\/","url":"https:\/\/infoecos.com.ar\/wp-content\/uploads\/2024\/03\/cropped-logo.png","contentUrl":"https:\/\/infoecos.com.ar\/wp-content\/uploads\/2024\/03\/cropped-logo.png","width":374,"height":90,"caption":"Infoecos"},"image":{"@id":"https:\/\/infoecos.com.ar\/#\/schema\/logo\/image\/"},"sameAs":["https:\/\/www.facebook.com\/profile.php?id=100063200290284","https:\/\/x.com\/infoecos"]},{"@type":"Person","@id":"https:\/\/infoecos.com.ar\/#\/schema\/person\/8f5ace5ce73b4b4aac4b7245aee6f191","name":"Jorge Matheus","url":"https:\/\/infoecos.com.ar\/index.php\/author\/jomatheus\/"}]}},"featured_image_urls":{"full":["https:\/\/infoecos.com.ar\/wp-content\/uploads\/2023\/08\/PAMI.jpeg",960,640,false],"thumbnail":["https:\/\/infoecos.com.ar\/wp-content\/uploads\/2023\/08\/PAMI-300x150.jpeg",300,150,true],"medium":["https:\/\/infoecos.com.ar\/wp-content\/uploads\/2023\/08\/PAMI-800x533.jpeg",800,533,true],"medium_large":["https:\/\/infoecos.com.ar\/wp-content\/uploads\/2023\/08\/PAMI-768x512.jpeg",640,427,true],"large":["https:\/\/infoecos.com.ar\/wp-content\/uploads\/2023\/08\/PAMI.jpeg",640,427,false],"1536x1536":["https:\/\/infoecos.com.ar\/wp-content\/uploads\/2023\/08\/PAMI.jpeg",960,640,false],"2048x2048":["https:\/\/infoecos.com.ar\/wp-content\/uploads\/2023\/08\/PAMI.jpeg",960,640,false],"covernews-slider-full":["https:\/\/infoecos.com.ar\/wp-content\/uploads\/2023\/08\/PAMI.jpeg",960,640,false],"covernews-slider-center":["https:\/\/infoecos.com.ar\/wp-content\/uploads\/2023\/08\/PAMI-936x640.jpeg",731,500,true],"covernews-featured":["https:\/\/infoecos.com.ar\/wp-content\/uploads\/2023\/08\/PAMI.jpeg",960,640,false],"covernews-medium":["https:\/\/infoecos.com.ar\/wp-content\/uploads\/2023\/08\/PAMI-720x380.jpeg",540,285,true],"covernews-medium-square":["https:\/\/infoecos.com.ar\/wp-content\/uploads\/2023\/08\/PAMI-675x450.jpeg",375,250,true]},"author_info":{"info":["Jorge Matheus"]},"category_info":"<a href=\"https:\/\/infoecos.com.ar\/index.php\/category\/noticia-secundaria\/\" rel=\"category tag\">Noticia Secundaria<\/a>","tag_info":"Noticia Secundaria","comment_count":"0","_links":{"self":[{"href":"https:\/\/infoecos.com.ar\/index.php\/wp-json\/wp\/v2\/posts\/132124"}],"collection":[{"href":"https:\/\/infoecos.com.ar\/index.php\/wp-json\/wp\/v2\/posts"}],"about":[{"href":"https:\/\/infoecos.com.ar\/index.php\/wp-json\/wp\/v2\/types\/post"}],"author":[{"embeddable":true,"href":"https:\/\/infoecos.com.ar\/index.php\/wp-json\/wp\/v2\/users\/2"}],"replies":[{"embeddable":true,"href":"https:\/\/infoecos.com.ar\/index.php\/wp-json\/wp\/v2\/comments?post=132124"}],"version-history":[{"count":2,"href":"https:\/\/infoecos.com.ar\/index.php\/wp-json\/wp\/v2\/posts\/132124\/revisions"}],"predecessor-version":[{"id":132148,"href":"https:\/\/infoecos.com.ar\/index.php\/wp-json\/wp\/v2\/posts\/132124\/revisions\/132148"}],"wp:featuredmedia":[{"embeddable":true,"href":"https:\/\/infoecos.com.ar\/index.php\/wp-json\/wp\/v2\/media\/109243"}],"wp:attachment":[{"href":"https:\/\/infoecos.com.ar\/index.php\/wp-json\/wp\/v2\/media?parent=132124"}],"wp:term":[{"taxonomy":"category","embeddable":true,"href":"https:\/\/infoecos.com.ar\/index.php\/wp-json\/wp\/v2\/categories?post=132124"},{"taxonomy":"post_tag","embeddable":true,"href":"https:\/\/infoecos.com.ar\/index.php\/wp-json\/wp\/v2\/tags?post=132124"}],"curies":[{"name":"wp","href":"https:\/\/api.w.org\/{rel}","templated":true}]}}