{"id":132185,"date":"2024-11-06T16:54:42","date_gmt":"2024-11-06T19:54:42","guid":{"rendered":"https:\/\/infoecos.com.ar\/?p=132185"},"modified":"2024-11-06T23:15:23","modified_gmt":"2024-11-07T02:15:23","slug":"este-jueves-se-entregaran-en-el-centro-civico-las-medallas-a-quienes-cumplen-25-anos-de-servicio-en-el-municipio","status":"publish","type":"post","link":"https:\/\/infoecos.com.ar\/index.php\/este-jueves-se-entregaran-en-el-centro-civico-las-medallas-a-quienes-cumplen-25-anos-de-servicio-en-el-municipio\/","title":{"rendered":"Este jueves se entregar\u00e1n en el Centro C\u00edvico las medallas a quienes cumplen 25 a\u00f1os de servicio en el municipio"},"content":{"rendered":"\n<p>Se realizar\u00e1 este jueves a las 10.30 en el Centro C\u00edvico el acto de entrega de medallas a los trabajadores que cumplen 25 a\u00f1os de servicio en el municipio de Trenque Lauquen. <\/p>\n\n\n\n<figure class=\"wp-block-image alignright size-full is-resized\"><img loading=\"lazy\" decoding=\"async\" width=\"1080\" height=\"675\" src=\"https:\/\/infoecos.com.ar\/wp-content\/uploads\/2024\/05\/centrocivicotl.jpg\" alt=\"\" class=\"wp-image-124120\" style=\"width:488px;height:auto\" srcset=\"https:\/\/infoecos.com.ar\/wp-content\/uploads\/2024\/05\/centrocivicotl.jpg 1080w, https:\/\/infoecos.com.ar\/wp-content\/uploads\/2024\/05\/centrocivicotl-800x500.jpg 800w, https:\/\/infoecos.com.ar\/wp-content\/uploads\/2024\/05\/centrocivicotl-768x480.jpg 768w, https:\/\/infoecos.com.ar\/wp-content\/uploads\/2024\/05\/centrocivicotl-1024x640.jpg 1024w, https:\/\/infoecos.com.ar\/wp-content\/uploads\/2024\/05\/centrocivicotl-400x250.jpg 400w\" sizes=\"(max-width: 1080px) 100vw, 1080px\" \/><\/figure>\n\n\n\n<p>El acto ser\u00e1 encabezado por el intendente Francisco Recoulat, y contar\u00e1 con la presencia de los trabajadores que recibir\u00e1n el reconocimiento, autoridades, compa\u00f1eros de trabajo y familiares de los homenajeados.<\/p>\n\n\n\n<p>Los trabajadores que integran la lista son los siguientes: Gabriela Natali (Hospital), Ram\u00f3n Bay (Prolim), Eduardo Daniel Moreira (Higiene), Jorge Ismael Fuchs (Deporte), Ricardo Abel C\u00e1ceres (Servicios Sanitarios), Ismael Floro L\u00f3pez (Servicios Sanitarios), Griselda Mariela Mart\u00ednez (Hospital), Estella Liliana Novelli (Atenci\u00f3n Ciudadana), Mar\u00eda Cristina Peralta (Hospital), Olga Luc\u00eda Mart\u00ednez (Desarrollo Humano), Patricia Benito (Hospital), Juan Carlos \u00c1lvarez (Higiene Urbana), Jorge Luis Altamiranda (Beruti), Carlos Pinciaroli (Mantenimiento de edificios), Celia Marina Ferreyra (Delegaci\u00f3n 30 de Agosto) y Jos\u00e9 Luis Quiruela (Mantenimiento de Edificios).<\/p>\n\n\n\n<p>El listado se completa con Adriana Claudia Cenizo (Hospital 30 de Agosto), In\u00e9s Petrona Maya (Museos), Juan Carlos Reynoso (Obras P\u00fablicas), Daniel Enrique Ramos (Hospital 30 de Agosto), Gloria Graciela Gonz\u00e1lez (CAPS Barrios del Este), Marcelo Alejandro Ortiz (Prolim), Mar\u00eda Guillermina Orsini (Salud Comunitaria), Ang\u00e9lica Bellemans (Higiene), Mar\u00eda Elena Chico (Terminal), Mar\u00eda Eva Gonz\u00e1lez (Higiene), Silvia Liliana Savone (Desarrollo Humano), Mar\u00eda F\u00e1tima \u00c1lvarez (Terminal), Mar\u00eda Rosa Cariz (Delegaci\u00f3n 30 de Agosto), Jos\u00e9 Mar\u00eda Fontana (Servicios Urbanos 30 de Agosto) y Carolina Ford (Cultura-Escuela de Cer\u00e1mica).<\/p>\n","protected":false},"excerpt":{"rendered":"<p>El acto ser\u00e1 encabezado por el intendente Francisco Recoulat, y contar\u00e1 con la presencia de los trabajadores que recibir\u00e1n el reconocimiento, autoridades, compa\u00f1eros de trabajo y familiares de los homenajeados<\/p>\n","protected":false},"author":2,"featured_media":124120,"comment_status":"closed","ping_status":"open","sticky":false,"template":"","format":"standard","meta":{"footnotes":""},"categories":[1612],"tags":[],"class_list":["post-132185","post","type-post","status-publish","format-standard","has-post-thumbnail","hentry","category-noticia-principal"],"yoast_head":"<!-- This site is optimized with the Yoast SEO plugin v23.4 - https:\/\/yoast.com\/wordpress\/plugins\/seo\/ -->\n<title>Este jueves se entregar\u00e1n en el Centro C\u00edvico las medallas a quienes cumplen 25 a\u00f1os de servicio en el municipio - Infoecos<\/title>\n<meta name=\"robots\" content=\"index, follow, max-snippet:-1, max-image-preview:large, max-video-preview:-1\" \/>\n<link rel=\"canonical\" href=\"https:\/\/infoecos.com.ar\/index.php\/este-jueves-se-entregaran-en-el-centro-civico-las-medallas-a-quienes-cumplen-25-anos-de-servicio-en-el-municipio\/\" \/>\n<meta property=\"og:locale\" content=\"es_ES\" \/>\n<meta property=\"og:type\" content=\"article\" \/>\n<meta property=\"og:title\" content=\"Este jueves se entregar\u00e1n en el Centro C\u00edvico las medallas a quienes cumplen 25 a\u00f1os de servicio en el municipio - Infoecos\" \/>\n<meta property=\"og:description\" content=\"El acto ser\u00e1 encabezado por el intendente Francisco Recoulat, y contar\u00e1 con la presencia de los trabajadores que recibir\u00e1n el reconocimiento, autoridades, compa\u00f1eros de trabajo y familiares de los homenajeados\" \/>\n<meta property=\"og:url\" content=\"https:\/\/infoecos.com.ar\/index.php\/este-jueves-se-entregaran-en-el-centro-civico-las-medallas-a-quienes-cumplen-25-anos-de-servicio-en-el-municipio\/\" \/>\n<meta property=\"og:site_name\" content=\"Infoecos\" \/>\n<meta property=\"article:publisher\" content=\"https:\/\/www.facebook.com\/profile.php?id=100063200290284\" \/>\n<meta property=\"article:published_time\" content=\"2024-11-06T19:54:42+00:00\" \/>\n<meta property=\"article:modified_time\" content=\"2024-11-07T02:15:23+00:00\" \/>\n<meta property=\"og:image\" content=\"https:\/\/infoecos.com.ar\/wp-content\/uploads\/2024\/05\/centrocivicotl.jpg\" \/>\n\t<meta property=\"og:image:width\" content=\"1080\" \/>\n\t<meta property=\"og:image:height\" content=\"675\" \/>\n\t<meta property=\"og:image:type\" content=\"image\/jpeg\" \/>\n<meta name=\"author\" content=\"Jorge Matheus\" \/>\n<meta name=\"twitter:card\" content=\"summary_large_image\" \/>\n<meta name=\"twitter:creator\" content=\"@infoecos\" \/>\n<meta name=\"twitter:site\" content=\"@infoecos\" \/>\n<meta name=\"twitter:label1\" content=\"Escrito por\" \/>\n\t<meta name=\"twitter:data1\" content=\"Jorge Matheus\" \/>\n\t<meta name=\"twitter:label2\" content=\"Tiempo de lectura\" \/>\n\t<meta name=\"twitter:data2\" content=\"2 minutos\" \/>\n<script type=\"application\/ld+json\" class=\"yoast-schema-graph\">{\"@context\":\"https:\/\/schema.org\",\"@graph\":[{\"@type\":\"Article\",\"@id\":\"https:\/\/infoecos.com.ar\/index.php\/este-jueves-se-entregaran-en-el-centro-civico-las-medallas-a-quienes-cumplen-25-anos-de-servicio-en-el-municipio\/#article\",\"isPartOf\":{\"@id\":\"https:\/\/infoecos.com.ar\/index.php\/este-jueves-se-entregaran-en-el-centro-civico-las-medallas-a-quienes-cumplen-25-anos-de-servicio-en-el-municipio\/\"},\"author\":{\"name\":\"Jorge Matheus\",\"@id\":\"https:\/\/infoecos.com.ar\/#\/schema\/person\/8f5ace5ce73b4b4aac4b7245aee6f191\"},\"headline\":\"Este jueves se entregar\u00e1n en el Centro C\u00edvico las medallas a quienes cumplen 25 a\u00f1os de servicio en el municipio\",\"datePublished\":\"2024-11-06T19:54:42+00:00\",\"dateModified\":\"2024-11-07T02:15:23+00:00\",\"mainEntityOfPage\":{\"@id\":\"https:\/\/infoecos.com.ar\/index.php\/este-jueves-se-entregaran-en-el-centro-civico-las-medallas-a-quienes-cumplen-25-anos-de-servicio-en-el-municipio\/\"},\"wordCount\":271,\"publisher\":{\"@id\":\"https:\/\/infoecos.com.ar\/#organization\"},\"image\":{\"@id\":\"https:\/\/infoecos.com.ar\/index.php\/este-jueves-se-entregaran-en-el-centro-civico-las-medallas-a-quienes-cumplen-25-anos-de-servicio-en-el-municipio\/#primaryimage\"},\"thumbnailUrl\":\"https:\/\/infoecos.com.ar\/wp-content\/uploads\/2024\/05\/centrocivicotl.jpg\",\"articleSection\":[\"Noticia Principal\"],\"inLanguage\":\"es\"},{\"@type\":\"WebPage\",\"@id\":\"https:\/\/infoecos.com.ar\/index.php\/este-jueves-se-entregaran-en-el-centro-civico-las-medallas-a-quienes-cumplen-25-anos-de-servicio-en-el-municipio\/\",\"url\":\"https:\/\/infoecos.com.ar\/index.php\/este-jueves-se-entregaran-en-el-centro-civico-las-medallas-a-quienes-cumplen-25-anos-de-servicio-en-el-municipio\/\",\"name\":\"Este jueves se entregar\u00e1n en el Centro C\u00edvico las medallas a quienes cumplen 25 a\u00f1os de servicio en el municipio - Infoecos\",\"isPartOf\":{\"@id\":\"https:\/\/infoecos.com.ar\/#website\"},\"primaryImageOfPage\":{\"@id\":\"https:\/\/infoecos.com.ar\/index.php\/este-jueves-se-entregaran-en-el-centro-civico-las-medallas-a-quienes-cumplen-25-anos-de-servicio-en-el-municipio\/#primaryimage\"},\"image\":{\"@id\":\"https:\/\/infoecos.com.ar\/index.php\/este-jueves-se-entregaran-en-el-centro-civico-las-medallas-a-quienes-cumplen-25-anos-de-servicio-en-el-municipio\/#primaryimage\"},\"thumbnailUrl\":\"https:\/\/infoecos.com.ar\/wp-content\/uploads\/2024\/05\/centrocivicotl.jpg\",\"datePublished\":\"2024-11-06T19:54:42+00:00\",\"dateModified\":\"2024-11-07T02:15:23+00:00\",\"breadcrumb\":{\"@id\":\"https:\/\/infoecos.com.ar\/index.php\/este-jueves-se-entregaran-en-el-centro-civico-las-medallas-a-quienes-cumplen-25-anos-de-servicio-en-el-municipio\/#breadcrumb\"},\"inLanguage\":\"es\",\"potentialAction\":[{\"@type\":\"ReadAction\",\"target\":[\"https:\/\/infoecos.com.ar\/index.php\/este-jueves-se-entregaran-en-el-centro-civico-las-medallas-a-quienes-cumplen-25-anos-de-servicio-en-el-municipio\/\"]}]},{\"@type\":\"ImageObject\",\"inLanguage\":\"es\",\"@id\":\"https:\/\/infoecos.com.ar\/index.php\/este-jueves-se-entregaran-en-el-centro-civico-las-medallas-a-quienes-cumplen-25-anos-de-servicio-en-el-municipio\/#primaryimage\",\"url\":\"https:\/\/infoecos.com.ar\/wp-content\/uploads\/2024\/05\/centrocivicotl.jpg\",\"contentUrl\":\"https:\/\/infoecos.com.ar\/wp-content\/uploads\/2024\/05\/centrocivicotl.jpg\",\"width\":1080,\"height\":675},{\"@type\":\"BreadcrumbList\",\"@id\":\"https:\/\/infoecos.com.ar\/index.php\/este-jueves-se-entregaran-en-el-centro-civico-las-medallas-a-quienes-cumplen-25-anos-de-servicio-en-el-municipio\/#breadcrumb\",\"itemListElement\":[{\"@type\":\"ListItem\",\"position\":1,\"name\":\"Portada\",\"item\":\"https:\/\/infoecos.com.ar\/\"},{\"@type\":\"ListItem\",\"position\":2,\"name\":\"Este jueves se entregar\u00e1n en el Centro C\u00edvico las medallas a quienes cumplen 25 a\u00f1os de servicio en el municipio\"}]},{\"@type\":\"WebSite\",\"@id\":\"https:\/\/infoecos.com.ar\/#website\",\"url\":\"https:\/\/infoecos.com.ar\/\",\"name\":\"Infoecos\",\"description\":\"Noticias de trenque lauquen y la zona\",\"publisher\":{\"@id\":\"https:\/\/infoecos.com.ar\/#organization\"},\"alternateName\":\"Noticias\",\"potentialAction\":[{\"@type\":\"SearchAction\",\"target\":{\"@type\":\"EntryPoint\",\"urlTemplate\":\"https:\/\/infoecos.com.ar\/?s={search_term_string}\"},\"query-input\":{\"@type\":\"PropertyValueSpecification\",\"valueRequired\":true,\"valueName\":\"search_term_string\"}}],\"inLanguage\":\"es\"},{\"@type\":\"Organization\",\"@id\":\"https:\/\/infoecos.com.ar\/#organization\",\"name\":\"Infoecos\",\"alternateName\":\"Noticias\",\"url\":\"https:\/\/infoecos.com.ar\/\",\"logo\":{\"@type\":\"ImageObject\",\"inLanguage\":\"es\",\"@id\":\"https:\/\/infoecos.com.ar\/#\/schema\/logo\/image\/\",\"url\":\"https:\/\/infoecos.com.ar\/wp-content\/uploads\/2024\/03\/cropped-logo.png\",\"contentUrl\":\"https:\/\/infoecos.com.ar\/wp-content\/uploads\/2024\/03\/cropped-logo.png\",\"width\":374,\"height\":90,\"caption\":\"Infoecos\"},\"image\":{\"@id\":\"https:\/\/infoecos.com.ar\/#\/schema\/logo\/image\/\"},\"sameAs\":[\"https:\/\/www.facebook.com\/profile.php?id=100063200290284\",\"https:\/\/x.com\/infoecos\"]},{\"@type\":\"Person\",\"@id\":\"https:\/\/infoecos.com.ar\/#\/schema\/person\/8f5ace5ce73b4b4aac4b7245aee6f191\",\"name\":\"Jorge Matheus\",\"url\":\"https:\/\/infoecos.com.ar\/index.php\/author\/jomatheus\/\"}]}<\/script>\n<!-- \/ Yoast SEO plugin. -->","yoast_head_json":{"title":"Este jueves se entregar\u00e1n en el Centro C\u00edvico las medallas a quienes cumplen 25 a\u00f1os de servicio en el municipio - Infoecos","robots":{"index":"index","follow":"follow","max-snippet":"max-snippet:-1","max-image-preview":"max-image-preview:large","max-video-preview":"max-video-preview:-1"},"canonical":"https:\/\/infoecos.com.ar\/index.php\/este-jueves-se-entregaran-en-el-centro-civico-las-medallas-a-quienes-cumplen-25-anos-de-servicio-en-el-municipio\/","og_locale":"es_ES","og_type":"article","og_title":"Este jueves se entregar\u00e1n en el Centro C\u00edvico las medallas a quienes cumplen 25 a\u00f1os de servicio en el municipio - Infoecos","og_description":"El acto ser\u00e1 encabezado por el intendente Francisco Recoulat, y contar\u00e1 con la presencia de los trabajadores que recibir\u00e1n el reconocimiento, autoridades, compa\u00f1eros de trabajo y familiares de los homenajeados","og_url":"https:\/\/infoecos.com.ar\/index.php\/este-jueves-se-entregaran-en-el-centro-civico-las-medallas-a-quienes-cumplen-25-anos-de-servicio-en-el-municipio\/","og_site_name":"Infoecos","article_publisher":"https:\/\/www.facebook.com\/profile.php?id=100063200290284","article_published_time":"2024-11-06T19:54:42+00:00","article_modified_time":"2024-11-07T02:15:23+00:00","og_image":[{"width":1080,"height":675,"url":"https:\/\/infoecos.com.ar\/wp-content\/uploads\/2024\/05\/centrocivicotl.jpg","type":"image\/jpeg"}],"author":"Jorge Matheus","twitter_card":"summary_large_image","twitter_creator":"@infoecos","twitter_site":"@infoecos","twitter_misc":{"Escrito por":"Jorge Matheus","Tiempo de lectura":"2 minutos"},"schema":{"@context":"https:\/\/schema.org","@graph":[{"@type":"Article","@id":"https:\/\/infoecos.com.ar\/index.php\/este-jueves-se-entregaran-en-el-centro-civico-las-medallas-a-quienes-cumplen-25-anos-de-servicio-en-el-municipio\/#article","isPartOf":{"@id":"https:\/\/infoecos.com.ar\/index.php\/este-jueves-se-entregaran-en-el-centro-civico-las-medallas-a-quienes-cumplen-25-anos-de-servicio-en-el-municipio\/"},"author":{"name":"Jorge Matheus","@id":"https:\/\/infoecos.com.ar\/#\/schema\/person\/8f5ace5ce73b4b4aac4b7245aee6f191"},"headline":"Este jueves se entregar\u00e1n en el Centro C\u00edvico las medallas a quienes cumplen 25 a\u00f1os de servicio en el municipio","datePublished":"2024-11-06T19:54:42+00:00","dateModified":"2024-11-07T02:15:23+00:00","mainEntityOfPage":{"@id":"https:\/\/infoecos.com.ar\/index.php\/este-jueves-se-entregaran-en-el-centro-civico-las-medallas-a-quienes-cumplen-25-anos-de-servicio-en-el-municipio\/"},"wordCount":271,"publisher":{"@id":"https:\/\/infoecos.com.ar\/#organization"},"image":{"@id":"https:\/\/infoecos.com.ar\/index.php\/este-jueves-se-entregaran-en-el-centro-civico-las-medallas-a-quienes-cumplen-25-anos-de-servicio-en-el-municipio\/#primaryimage"},"thumbnailUrl":"https:\/\/infoecos.com.ar\/wp-content\/uploads\/2024\/05\/centrocivicotl.jpg","articleSection":["Noticia Principal"],"inLanguage":"es"},{"@type":"WebPage","@id":"https:\/\/infoecos.com.ar\/index.php\/este-jueves-se-entregaran-en-el-centro-civico-las-medallas-a-quienes-cumplen-25-anos-de-servicio-en-el-municipio\/","url":"https:\/\/infoecos.com.ar\/index.php\/este-jueves-se-entregaran-en-el-centro-civico-las-medallas-a-quienes-cumplen-25-anos-de-servicio-en-el-municipio\/","name":"Este jueves se entregar\u00e1n en el Centro C\u00edvico las medallas a quienes cumplen 25 a\u00f1os de servicio en el municipio - Infoecos","isPartOf":{"@id":"https:\/\/infoecos.com.ar\/#website"},"primaryImageOfPage":{"@id":"https:\/\/infoecos.com.ar\/index.php\/este-jueves-se-entregaran-en-el-centro-civico-las-medallas-a-quienes-cumplen-25-anos-de-servicio-en-el-municipio\/#primaryimage"},"image":{"@id":"https:\/\/infoecos.com.ar\/index.php\/este-jueves-se-entregaran-en-el-centro-civico-las-medallas-a-quienes-cumplen-25-anos-de-servicio-en-el-municipio\/#primaryimage"},"thumbnailUrl":"https:\/\/infoecos.com.ar\/wp-content\/uploads\/2024\/05\/centrocivicotl.jpg","datePublished":"2024-11-06T19:54:42+00:00","dateModified":"2024-11-07T02:15:23+00:00","breadcrumb":{"@id":"https:\/\/infoecos.com.ar\/index.php\/este-jueves-se-entregaran-en-el-centro-civico-las-medallas-a-quienes-cumplen-25-anos-de-servicio-en-el-municipio\/#breadcrumb"},"inLanguage":"es","potentialAction":[{"@type":"ReadAction","target":["https:\/\/infoecos.com.ar\/index.php\/este-jueves-se-entregaran-en-el-centro-civico-las-medallas-a-quienes-cumplen-25-anos-de-servicio-en-el-municipio\/"]}]},{"@type":"ImageObject","inLanguage":"es","@id":"https:\/\/infoecos.com.ar\/index.php\/este-jueves-se-entregaran-en-el-centro-civico-las-medallas-a-quienes-cumplen-25-anos-de-servicio-en-el-municipio\/#primaryimage","url":"https:\/\/infoecos.com.ar\/wp-content\/uploads\/2024\/05\/centrocivicotl.jpg","contentUrl":"https:\/\/infoecos.com.ar\/wp-content\/uploads\/2024\/05\/centrocivicotl.jpg","width":1080,"height":675},{"@type":"BreadcrumbList","@id":"https:\/\/infoecos.com.ar\/index.php\/este-jueves-se-entregaran-en-el-centro-civico-las-medallas-a-quienes-cumplen-25-anos-de-servicio-en-el-municipio\/#breadcrumb","itemListElement":[{"@type":"ListItem","position":1,"name":"Portada","item":"https:\/\/infoecos.com.ar\/"},{"@type":"ListItem","position":2,"name":"Este jueves se entregar\u00e1n en el Centro C\u00edvico las medallas a quienes cumplen 25 a\u00f1os de servicio en el municipio"}]},{"@type":"WebSite","@id":"https:\/\/infoecos.com.ar\/#website","url":"https:\/\/infoecos.com.ar\/","name":"Infoecos","description":"Noticias de trenque lauquen y la zona","publisher":{"@id":"https:\/\/infoecos.com.ar\/#organization"},"alternateName":"Noticias","potentialAction":[{"@type":"SearchAction","target":{"@type":"EntryPoint","urlTemplate":"https:\/\/infoecos.com.ar\/?s={search_term_string}"},"query-input":{"@type":"PropertyValueSpecification","valueRequired":true,"valueName":"search_term_string"}}],"inLanguage":"es"},{"@type":"Organization","@id":"https:\/\/infoecos.com.ar\/#organization","name":"Infoecos","alternateName":"Noticias","url":"https:\/\/infoecos.com.ar\/","logo":{"@type":"ImageObject","inLanguage":"es","@id":"https:\/\/infoecos.com.ar\/#\/schema\/logo\/image\/","url":"https:\/\/infoecos.com.ar\/wp-content\/uploads\/2024\/03\/cropped-logo.png","contentUrl":"https:\/\/infoecos.com.ar\/wp-content\/uploads\/2024\/03\/cropped-logo.png","width":374,"height":90,"caption":"Infoecos"},"image":{"@id":"https:\/\/infoecos.com.ar\/#\/schema\/logo\/image\/"},"sameAs":["https:\/\/www.facebook.com\/profile.php?id=100063200290284","https:\/\/x.com\/infoecos"]},{"@type":"Person","@id":"https:\/\/infoecos.com.ar\/#\/schema\/person\/8f5ace5ce73b4b4aac4b7245aee6f191","name":"Jorge Matheus","url":"https:\/\/infoecos.com.ar\/index.php\/author\/jomatheus\/"}]}},"featured_image_urls":{"full":["https:\/\/infoecos.com.ar\/wp-content\/uploads\/2024\/05\/centrocivicotl.jpg",1080,675,false],"thumbnail":["https:\/\/infoecos.com.ar\/wp-content\/uploads\/2024\/05\/centrocivicotl-300x150.jpg",300,150,true],"medium":["https:\/\/infoecos.com.ar\/wp-content\/uploads\/2024\/05\/centrocivicotl-800x500.jpg",800,500,true],"medium_large":["https:\/\/infoecos.com.ar\/wp-content\/uploads\/2024\/05\/centrocivicotl-768x480.jpg",640,400,true],"large":["https:\/\/infoecos.com.ar\/wp-content\/uploads\/2024\/05\/centrocivicotl.jpg",640,400,false],"1536x1536":["https:\/\/infoecos.com.ar\/wp-content\/uploads\/2024\/05\/centrocivicotl.jpg",1080,675,false],"2048x2048":["https:\/\/infoecos.com.ar\/wp-content\/uploads\/2024\/05\/centrocivicotl.jpg",1080,675,false],"covernews-slider-full":["https:\/\/infoecos.com.ar\/wp-content\/uploads\/2024\/05\/centrocivicotl.jpg",1080,675,false],"covernews-slider-center":["https:\/\/infoecos.com.ar\/wp-content\/uploads\/2024\/05\/centrocivicotl-800x500.jpg",800,500,true],"covernews-featured":["https:\/\/infoecos.com.ar\/wp-content\/uploads\/2024\/05\/centrocivicotl-1024x640.jpg",1024,640,true],"covernews-medium":["https:\/\/infoecos.com.ar\/wp-content\/uploads\/2024\/05\/centrocivicotl-540x340.jpg",540,340,true],"covernews-medium-square":["https:\/\/infoecos.com.ar\/wp-content\/uploads\/2024\/05\/centrocivicotl-400x250.jpg",400,250,true]},"author_info":{"info":["Jorge Matheus"]},"category_info":"<a href=\"https:\/\/infoecos.com.ar\/index.php\/category\/noticia-principal\/\" rel=\"category tag\">Noticia Principal<\/a>","tag_info":"Noticia Principal","comment_count":"0","_links":{"self":[{"href":"https:\/\/infoecos.com.ar\/index.php\/wp-json\/wp\/v2\/posts\/132185"}],"collection":[{"href":"https:\/\/infoecos.com.ar\/index.php\/wp-json\/wp\/v2\/posts"}],"about":[{"href":"https:\/\/infoecos.com.ar\/index.php\/wp-json\/wp\/v2\/types\/post"}],"author":[{"embeddable":true,"href":"https:\/\/infoecos.com.ar\/index.php\/wp-json\/wp\/v2\/users\/2"}],"replies":[{"embeddable":true,"href":"https:\/\/infoecos.com.ar\/index.php\/wp-json\/wp\/v2\/comments?post=132185"}],"version-history":[{"count":1,"href":"https:\/\/infoecos.com.ar\/index.php\/wp-json\/wp\/v2\/posts\/132185\/revisions"}],"predecessor-version":[{"id":132186,"href":"https:\/\/infoecos.com.ar\/index.php\/wp-json\/wp\/v2\/posts\/132185\/revisions\/132186"}],"wp:featuredmedia":[{"embeddable":true,"href":"https:\/\/infoecos.com.ar\/index.php\/wp-json\/wp\/v2\/media\/124120"}],"wp:attachment":[{"href":"https:\/\/infoecos.com.ar\/index.php\/wp-json\/wp\/v2\/media?parent=132185"}],"wp:term":[{"taxonomy":"category","embeddable":true,"href":"https:\/\/infoecos.com.ar\/index.php\/wp-json\/wp\/v2\/categories?post=132185"},{"taxonomy":"post_tag","embeddable":true,"href":"https:\/\/infoecos.com.ar\/index.php\/wp-json\/wp\/v2\/tags?post=132185"}],"curies":[{"name":"wp","href":"https:\/\/api.w.org\/{rel}","templated":true}]}}