{"id":132271,"date":"2024-11-07T15:46:45","date_gmt":"2024-11-07T18:46:45","guid":{"rendered":"https:\/\/infoecos.com.ar\/?p=132271"},"modified":"2024-11-07T22:58:06","modified_gmt":"2024-11-08T01:58:06","slug":"el-arte-generado-por-el-muralismo-empieza-a-lucir-en-el-barrio-los-robles-de-trenque-lauquen","status":"publish","type":"post","link":"https:\/\/infoecos.com.ar\/index.php\/el-arte-generado-por-el-muralismo-empieza-a-lucir-en-el-barrio-los-robles-de-trenque-lauquen\/","title":{"rendered":"El arte generado por el muralismo empieza a lucir en el Barrio Los Robles de Trenque Lauquen"},"content":{"rendered":"\n<p>Se desarrolla hasta el domingo la Segunda Bienal y Octavo Encuentro Nacional de Arte Mural, que organiza la Municipalidad de Trenque Lauquen, en el Barrio Los Robles.<\/p>\n\n\n\n<figure class=\"wp-block-gallery has-nested-images columns-default is-cropped wp-block-gallery-1 is-layout-flex wp-block-gallery-is-layout-flex\">\n<figure class=\"wp-block-image size-large\"><img loading=\"lazy\" decoding=\"async\" width=\"1600\" height=\"1070\" data-id=\"132272\" src=\"https:\/\/infoecos.com.ar\/wp-content\/uploads\/2024\/11\/MURALISMO-2024-2-5-1600x1070.jpg\" alt=\"\" class=\"wp-image-132272\" srcset=\"https:\/\/infoecos.com.ar\/wp-content\/uploads\/2024\/11\/MURALISMO-2024-2-5-1600x1070.jpg 1600w, https:\/\/infoecos.com.ar\/wp-content\/uploads\/2024\/11\/MURALISMO-2024-2-5-800x535.jpg 800w, https:\/\/infoecos.com.ar\/wp-content\/uploads\/2024\/11\/MURALISMO-2024-2-5-768x513.jpg 768w, https:\/\/infoecos.com.ar\/wp-content\/uploads\/2024\/11\/MURALISMO-2024-2-5-1536x1027.jpg 1536w, https:\/\/infoecos.com.ar\/wp-content\/uploads\/2024\/11\/MURALISMO-2024-2-5-2048x1369.jpg 2048w, https:\/\/infoecos.com.ar\/wp-content\/uploads\/2024\/11\/MURALISMO-2024-2-5-1024x684.jpg 1024w\" sizes=\"(max-width: 1600px) 100vw, 1600px\" \/><\/figure>\n\n\n\n<figure class=\"wp-block-image size-large\"><img loading=\"lazy\" decoding=\"async\" width=\"1600\" height=\"1070\" data-id=\"132273\" src=\"https:\/\/infoecos.com.ar\/wp-content\/uploads\/2024\/11\/MURALISMO-2024-2-6-1600x1070.jpg\" alt=\"\" class=\"wp-image-132273\" srcset=\"https:\/\/infoecos.com.ar\/wp-content\/uploads\/2024\/11\/MURALISMO-2024-2-6-1600x1070.jpg 1600w, https:\/\/infoecos.com.ar\/wp-content\/uploads\/2024\/11\/MURALISMO-2024-2-6-800x535.jpg 800w, https:\/\/infoecos.com.ar\/wp-content\/uploads\/2024\/11\/MURALISMO-2024-2-6-768x513.jpg 768w, https:\/\/infoecos.com.ar\/wp-content\/uploads\/2024\/11\/MURALISMO-2024-2-6-1536x1027.jpg 1536w, https:\/\/infoecos.com.ar\/wp-content\/uploads\/2024\/11\/MURALISMO-2024-2-6-2048x1369.jpg 2048w, https:\/\/infoecos.com.ar\/wp-content\/uploads\/2024\/11\/MURALISMO-2024-2-6-1024x684.jpg 1024w\" sizes=\"(max-width: 1600px) 100vw, 1600px\" \/><\/figure>\n\n\n\n<figure class=\"wp-block-image size-large\"><img loading=\"lazy\" decoding=\"async\" width=\"1600\" height=\"1070\" data-id=\"132274\" src=\"https:\/\/infoecos.com.ar\/wp-content\/uploads\/2024\/11\/MURALISMO-2024-2-8-1600x1070.jpg\" alt=\"\" class=\"wp-image-132274\" srcset=\"https:\/\/infoecos.com.ar\/wp-content\/uploads\/2024\/11\/MURALISMO-2024-2-8-1600x1070.jpg 1600w, https:\/\/infoecos.com.ar\/wp-content\/uploads\/2024\/11\/MURALISMO-2024-2-8-800x535.jpg 800w, https:\/\/infoecos.com.ar\/wp-content\/uploads\/2024\/11\/MURALISMO-2024-2-8-768x513.jpg 768w, https:\/\/infoecos.com.ar\/wp-content\/uploads\/2024\/11\/MURALISMO-2024-2-8-1536x1027.jpg 1536w, https:\/\/infoecos.com.ar\/wp-content\/uploads\/2024\/11\/MURALISMO-2024-2-8-2048x1369.jpg 2048w, https:\/\/infoecos.com.ar\/wp-content\/uploads\/2024\/11\/MURALISMO-2024-2-8-1024x684.jpg 1024w\" sizes=\"(max-width: 1600px) 100vw, 1600px\" \/><\/figure>\n<\/figure>\n\n\n\n<p>Los muralistas avanzan con sus propuestas bajo el lema propuesto por los organizadores \u201cPinta tu barrio y pintar\u00e1s el mundo\u201d<\/p>\n\n\n\n<p>Los artistas compartieron el mi\u00e9rcoles en la sede de Buenas Noches Tango una cena de bienvenida organizada por la Municipalidad de Trenque Lauquen<\/p>\n\n\n\n<p>Est\u00e1n participando como muralistas invitados Marcelo Carpita y Florencia Mu\u00f1oz Larreta, de CABA; de La Plata Silvana Broggi (conocida como \u201cStenSilvania\u201d); de La Pampa llegar\u00e1 Diego Sejas Rubio, y de la provincia de C\u00f3rdoba vendr\u00e1 Jorge Cruz Crinejo. Adem\u00e1s, participan alrededor de 20 muralistas locales a quienes se suman colaboradores y alumnos\/as de la EMAC (Escuela de Muralismo y Arte Comunitario del Municipio) que utilizan el espacio del Encuentro como espacio de pr\u00e1ctica y experiencia.<\/p>\n\n\n\n<figure class=\"wp-block-gallery has-nested-images columns-default is-cropped wp-block-gallery-2 is-layout-flex wp-block-gallery-is-layout-flex\">\n<figure class=\"wp-block-image size-large\"><img loading=\"lazy\" decoding=\"async\" width=\"1600\" height=\"1070\" data-id=\"132275\" src=\"https:\/\/infoecos.com.ar\/wp-content\/uploads\/2024\/11\/MURALISMO-2024-2-11-1600x1070.jpg\" alt=\"\" class=\"wp-image-132275\" srcset=\"https:\/\/infoecos.com.ar\/wp-content\/uploads\/2024\/11\/MURALISMO-2024-2-11-1600x1070.jpg 1600w, https:\/\/infoecos.com.ar\/wp-content\/uploads\/2024\/11\/MURALISMO-2024-2-11-800x535.jpg 800w, https:\/\/infoecos.com.ar\/wp-content\/uploads\/2024\/11\/MURALISMO-2024-2-11-768x513.jpg 768w, https:\/\/infoecos.com.ar\/wp-content\/uploads\/2024\/11\/MURALISMO-2024-2-11-1536x1027.jpg 1536w, https:\/\/infoecos.com.ar\/wp-content\/uploads\/2024\/11\/MURALISMO-2024-2-11-2048x1369.jpg 2048w, https:\/\/infoecos.com.ar\/wp-content\/uploads\/2024\/11\/MURALISMO-2024-2-11-1024x684.jpg 1024w\" sizes=\"(max-width: 1600px) 100vw, 1600px\" \/><\/figure>\n\n\n\n<figure class=\"wp-block-image size-large\"><img loading=\"lazy\" decoding=\"async\" width=\"1600\" height=\"1070\" data-id=\"132277\" src=\"https:\/\/infoecos.com.ar\/wp-content\/uploads\/2024\/11\/MURALISMO-2024-2-13-1600x1070.jpg\" alt=\"\" class=\"wp-image-132277\" srcset=\"https:\/\/infoecos.com.ar\/wp-content\/uploads\/2024\/11\/MURALISMO-2024-2-13-1600x1070.jpg 1600w, https:\/\/infoecos.com.ar\/wp-content\/uploads\/2024\/11\/MURALISMO-2024-2-13-800x535.jpg 800w, https:\/\/infoecos.com.ar\/wp-content\/uploads\/2024\/11\/MURALISMO-2024-2-13-768x513.jpg 768w, https:\/\/infoecos.com.ar\/wp-content\/uploads\/2024\/11\/MURALISMO-2024-2-13-1536x1027.jpg 1536w, https:\/\/infoecos.com.ar\/wp-content\/uploads\/2024\/11\/MURALISMO-2024-2-13-2048x1369.jpg 2048w, https:\/\/infoecos.com.ar\/wp-content\/uploads\/2024\/11\/MURALISMO-2024-2-13-1024x684.jpg 1024w\" sizes=\"(max-width: 1600px) 100vw, 1600px\" \/><\/figure>\n\n\n\n<figure class=\"wp-block-image size-large\"><img loading=\"lazy\" decoding=\"async\" width=\"1600\" height=\"1070\" data-id=\"132276\" src=\"https:\/\/infoecos.com.ar\/wp-content\/uploads\/2024\/11\/MURALISMO-2024-2-15-1600x1070.jpg\" alt=\"\" class=\"wp-image-132276\" srcset=\"https:\/\/infoecos.com.ar\/wp-content\/uploads\/2024\/11\/MURALISMO-2024-2-15-1600x1070.jpg 1600w, https:\/\/infoecos.com.ar\/wp-content\/uploads\/2024\/11\/MURALISMO-2024-2-15-800x535.jpg 800w, https:\/\/infoecos.com.ar\/wp-content\/uploads\/2024\/11\/MURALISMO-2024-2-15-768x513.jpg 768w, https:\/\/infoecos.com.ar\/wp-content\/uploads\/2024\/11\/MURALISMO-2024-2-15-1536x1027.jpg 1536w, https:\/\/infoecos.com.ar\/wp-content\/uploads\/2024\/11\/MURALISMO-2024-2-15-2048x1369.jpg 2048w, https:\/\/infoecos.com.ar\/wp-content\/uploads\/2024\/11\/MURALISMO-2024-2-15-1024x684.jpg 1024w\" sizes=\"(max-width: 1600px) 100vw, 1600px\" \/><\/figure>\n<\/figure>\n\n\n\n<p>Por el distrito de Trenque Lauquen est\u00e1n participando Juan Orellana, Eugenia Cejas, Mart\u00edn \u201cCappa\u201d Grau (30 de Agosto), Adriana Ricciardi, Mar\u00eda Chiampan, Javier Nu\u00f1ez, Lucila Gonz\u00e1lez, Isa\u00edas Mata, Nicol\u00e1s Miramont, Hern\u00e1n \u201cSechu\u201d Mart\u00edn, Josefina Capelle, N\u00e9stor \u201cNaki\u201d Mart\u00edn, Magui Delfino, Mariana Mingoya, Salom\u00e9 Hernaiz, Walter Sanucci, Alejandro Iglesias, Kaly Mansilla, M\u00f3nica Martos, y los alumnos\/as de la EMAC: Mercedes Correa, Natalia Alem\u00e1n, Marian Lanfranchi, Mar\u00eda de los \u00c1ngeles Roberts, Sandra Mir\u00f3, Nayla Franchino y Pablo Castillo.<\/p>\n","protected":false},"excerpt":{"rendered":"<p>Los artistas compartieron el mi\u00e9rcoles en la sede de Buenas Noches Tango una cena de bienvenida organizada por la Municipalidad de Trenque Lauquen<\/p>\n","protected":false},"author":2,"featured_media":132276,"comment_status":"closed","ping_status":"open","sticky":false,"template":"","format":"standard","meta":{"footnotes":""},"categories":[1612],"tags":[],"class_list":["post-132271","post","type-post","status-publish","format-standard","has-post-thumbnail","hentry","category-noticia-principal"],"yoast_head":"<!-- This site is optimized with the Yoast SEO plugin v23.4 - https:\/\/yoast.com\/wordpress\/plugins\/seo\/ -->\n<title>El arte generado por el muralismo empieza a lucir en el Barrio Los Robles de Trenque Lauquen - Infoecos<\/title>\n<meta name=\"robots\" content=\"index, follow, max-snippet:-1, max-image-preview:large, max-video-preview:-1\" \/>\n<link rel=\"canonical\" href=\"https:\/\/infoecos.com.ar\/index.php\/el-arte-generado-por-el-muralismo-empieza-a-lucir-en-el-barrio-los-robles-de-trenque-lauquen\/\" \/>\n<meta property=\"og:locale\" content=\"es_ES\" \/>\n<meta property=\"og:type\" content=\"article\" \/>\n<meta property=\"og:title\" content=\"El arte generado por el muralismo empieza a lucir en el Barrio Los Robles de Trenque Lauquen - Infoecos\" \/>\n<meta property=\"og:description\" content=\"Los artistas compartieron el mi\u00e9rcoles en la sede de Buenas Noches Tango una cena de bienvenida organizada por la Municipalidad de Trenque Lauquen\" \/>\n<meta property=\"og:url\" content=\"https:\/\/infoecos.com.ar\/index.php\/el-arte-generado-por-el-muralismo-empieza-a-lucir-en-el-barrio-los-robles-de-trenque-lauquen\/\" \/>\n<meta property=\"og:site_name\" content=\"Infoecos\" \/>\n<meta property=\"article:publisher\" content=\"https:\/\/www.facebook.com\/profile.php?id=100063200290284\" \/>\n<meta property=\"article:published_time\" content=\"2024-11-07T18:46:45+00:00\" \/>\n<meta property=\"article:modified_time\" content=\"2024-11-08T01:58:06+00:00\" \/>\n<meta property=\"og:image\" content=\"https:\/\/infoecos.com.ar\/wp-content\/uploads\/2024\/11\/MURALISMO-2024-2-15-scaled.jpg\" \/>\n\t<meta property=\"og:image:width\" content=\"2560\" \/>\n\t<meta property=\"og:image:height\" content=\"1711\" \/>\n\t<meta property=\"og:image:type\" content=\"image\/jpeg\" \/>\n<meta name=\"author\" content=\"Jorge Matheus\" \/>\n<meta name=\"twitter:card\" content=\"summary_large_image\" \/>\n<meta name=\"twitter:creator\" content=\"@infoecos\" \/>\n<meta name=\"twitter:site\" content=\"@infoecos\" \/>\n<meta name=\"twitter:label1\" content=\"Escrito por\" \/>\n\t<meta name=\"twitter:data1\" content=\"Jorge Matheus\" \/>\n\t<meta name=\"twitter:label2\" content=\"Tiempo de lectura\" \/>\n\t<meta name=\"twitter:data2\" content=\"3 minutos\" \/>\n<script type=\"application\/ld+json\" class=\"yoast-schema-graph\">{\"@context\":\"https:\/\/schema.org\",\"@graph\":[{\"@type\":\"Article\",\"@id\":\"https:\/\/infoecos.com.ar\/index.php\/el-arte-generado-por-el-muralismo-empieza-a-lucir-en-el-barrio-los-robles-de-trenque-lauquen\/#article\",\"isPartOf\":{\"@id\":\"https:\/\/infoecos.com.ar\/index.php\/el-arte-generado-por-el-muralismo-empieza-a-lucir-en-el-barrio-los-robles-de-trenque-lauquen\/\"},\"author\":{\"name\":\"Jorge Matheus\",\"@id\":\"https:\/\/infoecos.com.ar\/#\/schema\/person\/8f5ace5ce73b4b4aac4b7245aee6f191\"},\"headline\":\"El arte generado por el muralismo empieza a lucir en el Barrio Los Robles de Trenque Lauquen\",\"datePublished\":\"2024-11-07T18:46:45+00:00\",\"dateModified\":\"2024-11-08T01:58:06+00:00\",\"mainEntityOfPage\":{\"@id\":\"https:\/\/infoecos.com.ar\/index.php\/el-arte-generado-por-el-muralismo-empieza-a-lucir-en-el-barrio-los-robles-de-trenque-lauquen\/\"},\"wordCount\":259,\"publisher\":{\"@id\":\"https:\/\/infoecos.com.ar\/#organization\"},\"image\":{\"@id\":\"https:\/\/infoecos.com.ar\/index.php\/el-arte-generado-por-el-muralismo-empieza-a-lucir-en-el-barrio-los-robles-de-trenque-lauquen\/#primaryimage\"},\"thumbnailUrl\":\"https:\/\/infoecos.com.ar\/wp-content\/uploads\/2024\/11\/MURALISMO-2024-2-15-scaled.jpg\",\"articleSection\":[\"Noticia Principal\"],\"inLanguage\":\"es\"},{\"@type\":\"WebPage\",\"@id\":\"https:\/\/infoecos.com.ar\/index.php\/el-arte-generado-por-el-muralismo-empieza-a-lucir-en-el-barrio-los-robles-de-trenque-lauquen\/\",\"url\":\"https:\/\/infoecos.com.ar\/index.php\/el-arte-generado-por-el-muralismo-empieza-a-lucir-en-el-barrio-los-robles-de-trenque-lauquen\/\",\"name\":\"El arte generado por el muralismo empieza a lucir en el Barrio Los Robles de Trenque Lauquen - Infoecos\",\"isPartOf\":{\"@id\":\"https:\/\/infoecos.com.ar\/#website\"},\"primaryImageOfPage\":{\"@id\":\"https:\/\/infoecos.com.ar\/index.php\/el-arte-generado-por-el-muralismo-empieza-a-lucir-en-el-barrio-los-robles-de-trenque-lauquen\/#primaryimage\"},\"image\":{\"@id\":\"https:\/\/infoecos.com.ar\/index.php\/el-arte-generado-por-el-muralismo-empieza-a-lucir-en-el-barrio-los-robles-de-trenque-lauquen\/#primaryimage\"},\"thumbnailUrl\":\"https:\/\/infoecos.com.ar\/wp-content\/uploads\/2024\/11\/MURALISMO-2024-2-15-scaled.jpg\",\"datePublished\":\"2024-11-07T18:46:45+00:00\",\"dateModified\":\"2024-11-08T01:58:06+00:00\",\"breadcrumb\":{\"@id\":\"https:\/\/infoecos.com.ar\/index.php\/el-arte-generado-por-el-muralismo-empieza-a-lucir-en-el-barrio-los-robles-de-trenque-lauquen\/#breadcrumb\"},\"inLanguage\":\"es\",\"potentialAction\":[{\"@type\":\"ReadAction\",\"target\":[\"https:\/\/infoecos.com.ar\/index.php\/el-arte-generado-por-el-muralismo-empieza-a-lucir-en-el-barrio-los-robles-de-trenque-lauquen\/\"]}]},{\"@type\":\"ImageObject\",\"inLanguage\":\"es\",\"@id\":\"https:\/\/infoecos.com.ar\/index.php\/el-arte-generado-por-el-muralismo-empieza-a-lucir-en-el-barrio-los-robles-de-trenque-lauquen\/#primaryimage\",\"url\":\"https:\/\/infoecos.com.ar\/wp-content\/uploads\/2024\/11\/MURALISMO-2024-2-15-scaled.jpg\",\"contentUrl\":\"https:\/\/infoecos.com.ar\/wp-content\/uploads\/2024\/11\/MURALISMO-2024-2-15-scaled.jpg\",\"width\":2560,\"height\":1711},{\"@type\":\"BreadcrumbList\",\"@id\":\"https:\/\/infoecos.com.ar\/index.php\/el-arte-generado-por-el-muralismo-empieza-a-lucir-en-el-barrio-los-robles-de-trenque-lauquen\/#breadcrumb\",\"itemListElement\":[{\"@type\":\"ListItem\",\"position\":1,\"name\":\"Portada\",\"item\":\"https:\/\/infoecos.com.ar\/\"},{\"@type\":\"ListItem\",\"position\":2,\"name\":\"El arte generado por el muralismo empieza a lucir en el Barrio Los Robles de Trenque Lauquen\"}]},{\"@type\":\"WebSite\",\"@id\":\"https:\/\/infoecos.com.ar\/#website\",\"url\":\"https:\/\/infoecos.com.ar\/\",\"name\":\"Infoecos\",\"description\":\"Noticias de trenque lauquen y la zona\",\"publisher\":{\"@id\":\"https:\/\/infoecos.com.ar\/#organization\"},\"alternateName\":\"Noticias\",\"potentialAction\":[{\"@type\":\"SearchAction\",\"target\":{\"@type\":\"EntryPoint\",\"urlTemplate\":\"https:\/\/infoecos.com.ar\/?s={search_term_string}\"},\"query-input\":{\"@type\":\"PropertyValueSpecification\",\"valueRequired\":true,\"valueName\":\"search_term_string\"}}],\"inLanguage\":\"es\"},{\"@type\":\"Organization\",\"@id\":\"https:\/\/infoecos.com.ar\/#organization\",\"name\":\"Infoecos\",\"alternateName\":\"Noticias\",\"url\":\"https:\/\/infoecos.com.ar\/\",\"logo\":{\"@type\":\"ImageObject\",\"inLanguage\":\"es\",\"@id\":\"https:\/\/infoecos.com.ar\/#\/schema\/logo\/image\/\",\"url\":\"https:\/\/infoecos.com.ar\/wp-content\/uploads\/2024\/03\/cropped-logo.png\",\"contentUrl\":\"https:\/\/infoecos.com.ar\/wp-content\/uploads\/2024\/03\/cropped-logo.png\",\"width\":374,\"height\":90,\"caption\":\"Infoecos\"},\"image\":{\"@id\":\"https:\/\/infoecos.com.ar\/#\/schema\/logo\/image\/\"},\"sameAs\":[\"https:\/\/www.facebook.com\/profile.php?id=100063200290284\",\"https:\/\/x.com\/infoecos\"]},{\"@type\":\"Person\",\"@id\":\"https:\/\/infoecos.com.ar\/#\/schema\/person\/8f5ace5ce73b4b4aac4b7245aee6f191\",\"name\":\"Jorge Matheus\",\"url\":\"https:\/\/infoecos.com.ar\/index.php\/author\/jomatheus\/\"}]}<\/script>\n<!-- \/ Yoast SEO plugin. -->","yoast_head_json":{"title":"El arte generado por el muralismo empieza a lucir en el Barrio Los Robles de Trenque Lauquen - Infoecos","robots":{"index":"index","follow":"follow","max-snippet":"max-snippet:-1","max-image-preview":"max-image-preview:large","max-video-preview":"max-video-preview:-1"},"canonical":"https:\/\/infoecos.com.ar\/index.php\/el-arte-generado-por-el-muralismo-empieza-a-lucir-en-el-barrio-los-robles-de-trenque-lauquen\/","og_locale":"es_ES","og_type":"article","og_title":"El arte generado por el muralismo empieza a lucir en el Barrio Los Robles de Trenque Lauquen - Infoecos","og_description":"Los artistas compartieron el mi\u00e9rcoles en la sede de Buenas Noches Tango una cena de bienvenida organizada por la Municipalidad de Trenque Lauquen","og_url":"https:\/\/infoecos.com.ar\/index.php\/el-arte-generado-por-el-muralismo-empieza-a-lucir-en-el-barrio-los-robles-de-trenque-lauquen\/","og_site_name":"Infoecos","article_publisher":"https:\/\/www.facebook.com\/profile.php?id=100063200290284","article_published_time":"2024-11-07T18:46:45+00:00","article_modified_time":"2024-11-08T01:58:06+00:00","og_image":[{"width":2560,"height":1711,"url":"https:\/\/infoecos.com.ar\/wp-content\/uploads\/2024\/11\/MURALISMO-2024-2-15-scaled.jpg","type":"image\/jpeg"}],"author":"Jorge Matheus","twitter_card":"summary_large_image","twitter_creator":"@infoecos","twitter_site":"@infoecos","twitter_misc":{"Escrito por":"Jorge Matheus","Tiempo de lectura":"3 minutos"},"schema":{"@context":"https:\/\/schema.org","@graph":[{"@type":"Article","@id":"https:\/\/infoecos.com.ar\/index.php\/el-arte-generado-por-el-muralismo-empieza-a-lucir-en-el-barrio-los-robles-de-trenque-lauquen\/#article","isPartOf":{"@id":"https:\/\/infoecos.com.ar\/index.php\/el-arte-generado-por-el-muralismo-empieza-a-lucir-en-el-barrio-los-robles-de-trenque-lauquen\/"},"author":{"name":"Jorge Matheus","@id":"https:\/\/infoecos.com.ar\/#\/schema\/person\/8f5ace5ce73b4b4aac4b7245aee6f191"},"headline":"El arte generado por el muralismo empieza a lucir en el Barrio Los Robles de Trenque Lauquen","datePublished":"2024-11-07T18:46:45+00:00","dateModified":"2024-11-08T01:58:06+00:00","mainEntityOfPage":{"@id":"https:\/\/infoecos.com.ar\/index.php\/el-arte-generado-por-el-muralismo-empieza-a-lucir-en-el-barrio-los-robles-de-trenque-lauquen\/"},"wordCount":259,"publisher":{"@id":"https:\/\/infoecos.com.ar\/#organization"},"image":{"@id":"https:\/\/infoecos.com.ar\/index.php\/el-arte-generado-por-el-muralismo-empieza-a-lucir-en-el-barrio-los-robles-de-trenque-lauquen\/#primaryimage"},"thumbnailUrl":"https:\/\/infoecos.com.ar\/wp-content\/uploads\/2024\/11\/MURALISMO-2024-2-15-scaled.jpg","articleSection":["Noticia Principal"],"inLanguage":"es"},{"@type":"WebPage","@id":"https:\/\/infoecos.com.ar\/index.php\/el-arte-generado-por-el-muralismo-empieza-a-lucir-en-el-barrio-los-robles-de-trenque-lauquen\/","url":"https:\/\/infoecos.com.ar\/index.php\/el-arte-generado-por-el-muralismo-empieza-a-lucir-en-el-barrio-los-robles-de-trenque-lauquen\/","name":"El arte generado por el muralismo empieza a lucir en el Barrio Los Robles de Trenque Lauquen - Infoecos","isPartOf":{"@id":"https:\/\/infoecos.com.ar\/#website"},"primaryImageOfPage":{"@id":"https:\/\/infoecos.com.ar\/index.php\/el-arte-generado-por-el-muralismo-empieza-a-lucir-en-el-barrio-los-robles-de-trenque-lauquen\/#primaryimage"},"image":{"@id":"https:\/\/infoecos.com.ar\/index.php\/el-arte-generado-por-el-muralismo-empieza-a-lucir-en-el-barrio-los-robles-de-trenque-lauquen\/#primaryimage"},"thumbnailUrl":"https:\/\/infoecos.com.ar\/wp-content\/uploads\/2024\/11\/MURALISMO-2024-2-15-scaled.jpg","datePublished":"2024-11-07T18:46:45+00:00","dateModified":"2024-11-08T01:58:06+00:00","breadcrumb":{"@id":"https:\/\/infoecos.com.ar\/index.php\/el-arte-generado-por-el-muralismo-empieza-a-lucir-en-el-barrio-los-robles-de-trenque-lauquen\/#breadcrumb"},"inLanguage":"es","potentialAction":[{"@type":"ReadAction","target":["https:\/\/infoecos.com.ar\/index.php\/el-arte-generado-por-el-muralismo-empieza-a-lucir-en-el-barrio-los-robles-de-trenque-lauquen\/"]}]},{"@type":"ImageObject","inLanguage":"es","@id":"https:\/\/infoecos.com.ar\/index.php\/el-arte-generado-por-el-muralismo-empieza-a-lucir-en-el-barrio-los-robles-de-trenque-lauquen\/#primaryimage","url":"https:\/\/infoecos.com.ar\/wp-content\/uploads\/2024\/11\/MURALISMO-2024-2-15-scaled.jpg","contentUrl":"https:\/\/infoecos.com.ar\/wp-content\/uploads\/2024\/11\/MURALISMO-2024-2-15-scaled.jpg","width":2560,"height":1711},{"@type":"BreadcrumbList","@id":"https:\/\/infoecos.com.ar\/index.php\/el-arte-generado-por-el-muralismo-empieza-a-lucir-en-el-barrio-los-robles-de-trenque-lauquen\/#breadcrumb","itemListElement":[{"@type":"ListItem","position":1,"name":"Portada","item":"https:\/\/infoecos.com.ar\/"},{"@type":"ListItem","position":2,"name":"El arte generado por el muralismo empieza a lucir en el Barrio Los Robles de Trenque Lauquen"}]},{"@type":"WebSite","@id":"https:\/\/infoecos.com.ar\/#website","url":"https:\/\/infoecos.com.ar\/","name":"Infoecos","description":"Noticias de trenque lauquen y la zona","publisher":{"@id":"https:\/\/infoecos.com.ar\/#organization"},"alternateName":"Noticias","potentialAction":[{"@type":"SearchAction","target":{"@type":"EntryPoint","urlTemplate":"https:\/\/infoecos.com.ar\/?s={search_term_string}"},"query-input":{"@type":"PropertyValueSpecification","valueRequired":true,"valueName":"search_term_string"}}],"inLanguage":"es"},{"@type":"Organization","@id":"https:\/\/infoecos.com.ar\/#organization","name":"Infoecos","alternateName":"Noticias","url":"https:\/\/infoecos.com.ar\/","logo":{"@type":"ImageObject","inLanguage":"es","@id":"https:\/\/infoecos.com.ar\/#\/schema\/logo\/image\/","url":"https:\/\/infoecos.com.ar\/wp-content\/uploads\/2024\/03\/cropped-logo.png","contentUrl":"https:\/\/infoecos.com.ar\/wp-content\/uploads\/2024\/03\/cropped-logo.png","width":374,"height":90,"caption":"Infoecos"},"image":{"@id":"https:\/\/infoecos.com.ar\/#\/schema\/logo\/image\/"},"sameAs":["https:\/\/www.facebook.com\/profile.php?id=100063200290284","https:\/\/x.com\/infoecos"]},{"@type":"Person","@id":"https:\/\/infoecos.com.ar\/#\/schema\/person\/8f5ace5ce73b4b4aac4b7245aee6f191","name":"Jorge Matheus","url":"https:\/\/infoecos.com.ar\/index.php\/author\/jomatheus\/"}]}},"featured_image_urls":{"full":["https:\/\/infoecos.com.ar\/wp-content\/uploads\/2024\/11\/MURALISMO-2024-2-15-scaled.jpg",2560,1711,false],"thumbnail":["https:\/\/infoecos.com.ar\/wp-content\/uploads\/2024\/11\/MURALISMO-2024-2-15-300x150.jpg",300,150,true],"medium":["https:\/\/infoecos.com.ar\/wp-content\/uploads\/2024\/11\/MURALISMO-2024-2-15-800x535.jpg",800,535,true],"medium_large":["https:\/\/infoecos.com.ar\/wp-content\/uploads\/2024\/11\/MURALISMO-2024-2-15-768x513.jpg",640,428,true],"large":["https:\/\/infoecos.com.ar\/wp-content\/uploads\/2024\/11\/MURALISMO-2024-2-15-1600x1070.jpg",640,428,true],"1536x1536":["https:\/\/infoecos.com.ar\/wp-content\/uploads\/2024\/11\/MURALISMO-2024-2-15-1536x1027.jpg",1536,1027,true],"2048x2048":["https:\/\/infoecos.com.ar\/wp-content\/uploads\/2024\/11\/MURALISMO-2024-2-15-2048x1369.jpg",2048,1369,true],"covernews-slider-full":["https:\/\/infoecos.com.ar\/wp-content\/uploads\/2024\/11\/MURALISMO-2024-2-15-1115x715.jpg",1115,715,true],"covernews-slider-center":["https:\/\/infoecos.com.ar\/wp-content\/uploads\/2024\/11\/MURALISMO-2024-2-15-800x500.jpg",800,500,true],"covernews-featured":["https:\/\/infoecos.com.ar\/wp-content\/uploads\/2024\/11\/MURALISMO-2024-2-15-1024x684.jpg",1024,684,true],"covernews-medium":["https:\/\/infoecos.com.ar\/wp-content\/uploads\/2024\/11\/MURALISMO-2024-2-15-540x340.jpg",540,340,true],"covernews-medium-square":["https:\/\/infoecos.com.ar\/wp-content\/uploads\/2024\/11\/MURALISMO-2024-2-15-400x250.jpg",400,250,true]},"author_info":{"info":["Jorge Matheus"]},"category_info":"<a href=\"https:\/\/infoecos.com.ar\/index.php\/category\/noticia-principal\/\" rel=\"category tag\">Noticia Principal<\/a>","tag_info":"Noticia Principal","comment_count":"0","_links":{"self":[{"href":"https:\/\/infoecos.com.ar\/index.php\/wp-json\/wp\/v2\/posts\/132271"}],"collection":[{"href":"https:\/\/infoecos.com.ar\/index.php\/wp-json\/wp\/v2\/posts"}],"about":[{"href":"https:\/\/infoecos.com.ar\/index.php\/wp-json\/wp\/v2\/types\/post"}],"author":[{"embeddable":true,"href":"https:\/\/infoecos.com.ar\/index.php\/wp-json\/wp\/v2\/users\/2"}],"replies":[{"embeddable":true,"href":"https:\/\/infoecos.com.ar\/index.php\/wp-json\/wp\/v2\/comments?post=132271"}],"version-history":[{"count":1,"href":"https:\/\/infoecos.com.ar\/index.php\/wp-json\/wp\/v2\/posts\/132271\/revisions"}],"predecessor-version":[{"id":132278,"href":"https:\/\/infoecos.com.ar\/index.php\/wp-json\/wp\/v2\/posts\/132271\/revisions\/132278"}],"wp:featuredmedia":[{"embeddable":true,"href":"https:\/\/infoecos.com.ar\/index.php\/wp-json\/wp\/v2\/media\/132276"}],"wp:attachment":[{"href":"https:\/\/infoecos.com.ar\/index.php\/wp-json\/wp\/v2\/media?parent=132271"}],"wp:term":[{"taxonomy":"category","embeddable":true,"href":"https:\/\/infoecos.com.ar\/index.php\/wp-json\/wp\/v2\/categories?post=132271"},{"taxonomy":"post_tag","embeddable":true,"href":"https:\/\/infoecos.com.ar\/index.php\/wp-json\/wp\/v2\/tags?post=132271"}],"curies":[{"name":"wp","href":"https:\/\/api.w.org\/{rel}","templated":true}]}}