{"id":132279,"date":"2024-11-07T16:20:20","date_gmt":"2024-11-07T19:20:20","guid":{"rendered":"https:\/\/infoecos.com.ar\/?p=132279"},"modified":"2024-11-07T23:03:35","modified_gmt":"2024-11-08T02:03:35","slug":"tc-y-formula-2-en-toay-cerca-los-alaux-padre-e-hijo-muestran-los-autos-con-que-competiran-el-fin-de-semana-esta-tarde","status":"publish","type":"post","link":"https:\/\/infoecos.com.ar\/index.php\/tc-y-formula-2-en-toay-cerca-los-alaux-padre-e-hijo-muestran-los-autos-con-que-competiran-el-fin-de-semana-esta-tarde\/","title":{"rendered":"Los autos de Sergio y Valentino Alaux que ya est\u00e1n en Santa Rosa, adelantaron el TC y la F\u00f3rmula 2 en Trenque Lauquen"},"content":{"rendered":"\n<p>La ante\u00faltima fecha del campeonato de Turismo Carretera y TC Pista se disputar\u00e1 el fin de semana en el aut\u00f3dromo pampeano de Toay. La actividad en pista estar\u00e1 comenzando el s\u00e1bado por la ma\u00f1ana. Tambi\u00e9n formar\u00e1 parte del espect\u00e1culo la F\u00f3rmula 2.<\/p>\n\n\n\n<figure class=\"wp-block-image aligncenter size-full is-resized\"><img loading=\"lazy\" decoding=\"async\" width=\"960\" height=\"1280\" src=\"https:\/\/infoecos.com.ar\/wp-content\/uploads\/2024\/11\/d79176bd-db18-4d6e-add0-85d845ec5df1.jpeg\" alt=\"\" class=\"wp-image-132298\" style=\"width:302px;height:auto\" srcset=\"https:\/\/infoecos.com.ar\/wp-content\/uploads\/2024\/11\/d79176bd-db18-4d6e-add0-85d845ec5df1.jpeg 960w, https:\/\/infoecos.com.ar\/wp-content\/uploads\/2024\/11\/d79176bd-db18-4d6e-add0-85d845ec5df1-600x800.jpeg 600w, https:\/\/infoecos.com.ar\/wp-content\/uploads\/2024\/11\/d79176bd-db18-4d6e-add0-85d845ec5df1-768x1024.jpeg 768w\" sizes=\"(max-width: 960px) 100vw, 960px\" \/><\/figure>\n\n\n\n<p>Los autos de Sergio Alaux y Valentino Alaux, este \u00faltimo hijo del primero, fueron expuestos en las instalaciones comerciales ubicadas en Garc\u00eda Salinas y Regimiento Tres de Caballer\u00eda.<\/p>\n\n\n\n<figure class=\"wp-block-image aligncenter size-full is-resized\"><img loading=\"lazy\" decoding=\"async\" width=\"960\" height=\"1280\" src=\"https:\/\/infoecos.com.ar\/wp-content\/uploads\/2024\/11\/fcb1552c-07a8-48ab-8b2a-14ea835e01a4.jpeg\" alt=\"\" class=\"wp-image-132299\" style=\"width:304px;height:auto\" srcset=\"https:\/\/infoecos.com.ar\/wp-content\/uploads\/2024\/11\/fcb1552c-07a8-48ab-8b2a-14ea835e01a4.jpeg 960w, https:\/\/infoecos.com.ar\/wp-content\/uploads\/2024\/11\/fcb1552c-07a8-48ab-8b2a-14ea835e01a4-600x800.jpeg 600w, https:\/\/infoecos.com.ar\/wp-content\/uploads\/2024\/11\/fcb1552c-07a8-48ab-8b2a-14ea835e01a4-768x1024.jpeg 768w\" sizes=\"(max-width: 960px) 100vw, 960px\" \/><\/figure>\n\n\n\n<p>El TC pondr\u00e1 en marcha su final a la hora 13:25, del domingo.<\/p>\n\n\n\n<p>Los horarios de la categor\u00eda m\u00e1s popular de la Argentina y los del fin de semana:<\/p>\n\n\n\n<figure class=\"wp-block-image size-full\"><img loading=\"lazy\" decoding=\"async\" width=\"1352\" height=\"551\" src=\"https:\/\/infoecos.com.ar\/wp-content\/uploads\/2024\/11\/image-75.png\" alt=\"\" class=\"wp-image-132281\" srcset=\"https:\/\/infoecos.com.ar\/wp-content\/uploads\/2024\/11\/image-75.png 1352w, https:\/\/infoecos.com.ar\/wp-content\/uploads\/2024\/11\/image-75-800x326.png 800w, https:\/\/infoecos.com.ar\/wp-content\/uploads\/2024\/11\/image-75-768x313.png 768w, https:\/\/infoecos.com.ar\/wp-content\/uploads\/2024\/11\/image-75-1024x417.png 1024w\" sizes=\"(max-width: 1352px) 100vw, 1352px\" \/><\/figure>\n\n\n\n<p><strong>S\u00c1BADO<\/strong><\/p>\n\n\n\n<p>11:05 a 11:25 Hs. 1er Entrenamiento (GRUPO A) 20 Minutos.<\/p>\n\n\n\n<p>11:30 a 11:50 Hs. 1er Entrenamiento (GRUPO B) 20 Minutos.<\/p>\n\n\n\n<p>13:30 a 14:00 Hs. 2do Entrenamiento (GRUPO A) 30 Minutos.<\/p>\n\n\n\n<p>14:05 a 14:35 Hs. 2do Entrenamiento (GRUPO B) 30 Minutos.<\/p>\n\n\n\n<p>16:00 a 16:08 Hs. Clasificaci\u00f3n 1* Cuarto 8 Min.<\/p>\n\n\n\n<p>16:13 a 16:21 Hs. Clasificaci\u00f3n 2* Cuarto 8 Min.<\/p>\n\n\n\n<p>16:26 a 16:34 Hs. Clasificaci\u00f3n 3* Cuarto 8 Min.<\/p>\n\n\n\n<p>16:39 a 16:47 Hs. Clasificaci\u00f3n 4* Cuarto 8 Min.<\/p>\n\n\n\n<p><strong>DOMINGO<\/strong><\/p>\n\n\n\n<p>10:05 Hs. 1ra. Serie, 5 vueltas.<\/p>\n\n\n\n<p>10:30 Hs. 2da. Serie,5 vueltas.<\/p>\n\n\n\n<p>10:55 Hs. 3ra. Serie, 5 vueltas.<\/p>\n\n\n\n<p>13:25 a 14:15 Hs. FINAL 30 Vueltas o 50 (Cincuenta) minutos m\u00e1ximo.<\/p>\n\n\n\n<p><strong>TODOS LOS HORARIOS<\/strong><\/p>\n\n\n\n<p><strong>S\u00c1BADO<\/strong><\/p>\n\n\n\n<p><strong>F\u00d3RMULA 2<\/strong><\/p>\n\n\n\n<p>09:00 a 09:20 Hs. 1er. Entrenamiento (Todos Juntos) 20 Minutos.<\/p>\n\n\n\n<p><strong>TC PISTA<\/strong><\/p>\n\n\n\n<p>09:25 a 09:55 Hs. 1er. Entrenamiento (GRUPO B) 30 Minutos.<\/p>\n\n\n\n<p>10:00 a 10:30 Hs. 1er. Entrenamiento (GRUPO A) 30 Minutos.<\/p>\n\n\n\n<p><strong>F\u00d3RMULA 2<\/strong><\/p>\n\n\n\n<p>10:35 a 10:55 Hs. 2do. Entrenamiento (Todos Juntos) 20 Minutos.<\/p>\n\n\n\n<p><strong>TURISMO CARRETERA<\/strong><\/p>\n\n\n\n<p>11:05 a 11:25 Hs. 1er Entrenamiento (GRUPO A) 20 Minutos.<\/p>\n\n\n\n<p>11:30 a 11:50 Hs. 1er Entrenamiento (GRUPO B) 20 Minutos.<\/p>\n\n\n\n<p><strong>F\u00d3RMULA 2<\/strong><\/p>\n\n\n\n<p>12:05 a 12:15 Hs. Clasificaci\u00f3n 10 Minutos.<\/p>\n\n\n\n<p><strong>TC PISTA<\/strong><\/p>\n\n\n\n<p>12:20 a 12:50 Hs. 2do Entrenamiento (GRUPO B) 30 Minutos.<\/p>\n\n\n\n<p>12:55 a 13:25 Hs. 2do Entrenamiento (GRUPO A) 30 Minutos.<\/p>\n\n\n\n<p><strong>TURISMO CARRETERA<\/strong><\/p>\n\n\n\n<p>13:30 a 14:00 Hs. 2do Entrenamiento (GRUPO A) 30 Minutos.<\/p>\n\n\n\n<p>14:05 a 14:35 Hs. 2do Entrenamiento (GRUPO B) 30 Minutos.<\/p>\n\n\n\n<p><strong>F\u00d3RMULA 2<\/strong><\/p>\n\n\n\n<p>15:05 a 15:15 Hs. CARRERA Clasificatoria 10 minutos.<\/p>\n\n\n\n<p><strong>TURISMO CARRETERA<\/strong><\/p>\n\n\n\n<p>16:00 a 16:08 Hs. Clasificaci\u00f3n 1* Cuarto 8 Min.<\/p>\n\n\n\n<p>16:13 a 16:21 Hs. Clasificaci\u00f3n 2* Cuarto 8 Min.<\/p>\n\n\n\n<p>16:26 a 16:34 Hs. Clasificaci\u00f3n 3* Cuarto 8 Min.<\/p>\n\n\n\n<p>16:39 a 16:47 Hs. Clasificaci\u00f3n 4* Cuarto 8 Min.<\/p>\n\n\n\n<p><strong>TC PISTA<\/strong><\/p>\n\n\n\n<p>17:10 Hs. 1ra. Serie, 5 Vueltas.<\/p>\n\n\n\n<p>17:35 Hs. 2da. Serie, 5 Vueltas.<\/p>\n\n\n\n<p><strong>DOMINGO<\/strong><\/p>\n\n\n\n<p><strong>TURISMO CARRETERA<\/strong><\/p>\n\n\n\n<p>10:05 Hs. 1ra. Serie, 5 vueltas.<\/p>\n\n\n\n<p>10:30 Hs. 2da. Serie,5 vueltas.<\/p>\n\n\n\n<p>10:55 Hs. 3ra. Serie, 5 vueltas.<\/p>\n\n\n\n<p><strong>F\u00d3RMULA 2<\/strong><\/p>\n\n\n\n<p>11:20 a 11:40 Hs. FINAL 16 Vueltas o 20 minutos m\u00e1ximo.<\/p>\n\n\n\n<p><strong>TC PISTA<\/strong><\/p>\n\n\n\n<p>12:15 a 12:55 Hs. FINAL 25 vueltas o 40 (Cuarenta) minutos m\u00e1ximo.<\/p>\n\n\n\n<p><strong>TURISMO CARRETERA<\/strong><\/p>\n\n\n\n<p>13:25 a 14:15 Hs. FINAL 30 Vueltas o 50 (Cincuenta) minutos m\u00e1ximo.<\/p>\n","protected":false},"excerpt":{"rendered":"<p>Los autos de Sergio Alaux y Valentino Alaux, este \u00faltimo hijo del primero, fueron expuestos en las instalaciones comerciales ubicadas en Garc\u00eda Salinas y Regimiento Tres de Caballer\u00eda<\/p>\n","protected":false},"author":2,"featured_media":132298,"comment_status":"closed","ping_status":"open","sticky":false,"template":"","format":"standard","meta":{"footnotes":""},"categories":[1613],"tags":[],"class_list":["post-132279","post","type-post","status-publish","format-standard","has-post-thumbnail","hentry","category-noticia-secundaria"],"yoast_head":"<!-- This site is optimized with the Yoast SEO plugin v23.4 - https:\/\/yoast.com\/wordpress\/plugins\/seo\/ -->\n<title>Los autos de Sergio y Valentino Alaux que ya est\u00e1n en Santa Rosa, adelantaron el TC y la F\u00f3rmula 2 en Trenque Lauquen - Infoecos<\/title>\n<meta name=\"robots\" content=\"index, follow, max-snippet:-1, max-image-preview:large, max-video-preview:-1\" \/>\n<link rel=\"canonical\" href=\"https:\/\/infoecos.com.ar\/index.php\/tc-y-formula-2-en-toay-cerca-los-alaux-padre-e-hijo-muestran-los-autos-con-que-competiran-el-fin-de-semana-esta-tarde\/\" \/>\n<meta property=\"og:locale\" content=\"es_ES\" \/>\n<meta property=\"og:type\" content=\"article\" \/>\n<meta property=\"og:title\" content=\"Los autos de Sergio y Valentino Alaux que ya est\u00e1n en Santa Rosa, adelantaron el TC y la F\u00f3rmula 2 en Trenque Lauquen - Infoecos\" \/>\n<meta property=\"og:description\" content=\"Los autos de Sergio Alaux y Valentino Alaux, este \u00faltimo hijo del primero, fueron expuestos en las instalaciones comerciales ubicadas en Garc\u00eda Salinas y Regimiento Tres de Caballer\u00eda\" \/>\n<meta property=\"og:url\" content=\"https:\/\/infoecos.com.ar\/index.php\/tc-y-formula-2-en-toay-cerca-los-alaux-padre-e-hijo-muestran-los-autos-con-que-competiran-el-fin-de-semana-esta-tarde\/\" \/>\n<meta property=\"og:site_name\" content=\"Infoecos\" \/>\n<meta property=\"article:publisher\" content=\"https:\/\/www.facebook.com\/profile.php?id=100063200290284\" \/>\n<meta property=\"article:published_time\" content=\"2024-11-07T19:20:20+00:00\" \/>\n<meta property=\"article:modified_time\" content=\"2024-11-08T02:03:35+00:00\" \/>\n<meta property=\"og:image\" content=\"https:\/\/infoecos.com.ar\/wp-content\/uploads\/2024\/11\/d79176bd-db18-4d6e-add0-85d845ec5df1.jpeg\" \/>\n\t<meta property=\"og:image:width\" content=\"960\" \/>\n\t<meta property=\"og:image:height\" content=\"1280\" \/>\n\t<meta property=\"og:image:type\" content=\"image\/jpeg\" \/>\n<meta name=\"author\" content=\"Jorge Matheus\" \/>\n<meta name=\"twitter:card\" content=\"summary_large_image\" \/>\n<meta name=\"twitter:creator\" content=\"@infoecos\" \/>\n<meta name=\"twitter:site\" content=\"@infoecos\" \/>\n<meta name=\"twitter:label1\" content=\"Escrito por\" \/>\n\t<meta name=\"twitter:data1\" content=\"Jorge Matheus\" \/>\n\t<meta name=\"twitter:label2\" content=\"Tiempo de lectura\" \/>\n\t<meta name=\"twitter:data2\" content=\"3 minutos\" \/>\n<script type=\"application\/ld+json\" class=\"yoast-schema-graph\">{\"@context\":\"https:\/\/schema.org\",\"@graph\":[{\"@type\":\"Article\",\"@id\":\"https:\/\/infoecos.com.ar\/index.php\/tc-y-formula-2-en-toay-cerca-los-alaux-padre-e-hijo-muestran-los-autos-con-que-competiran-el-fin-de-semana-esta-tarde\/#article\",\"isPartOf\":{\"@id\":\"https:\/\/infoecos.com.ar\/index.php\/tc-y-formula-2-en-toay-cerca-los-alaux-padre-e-hijo-muestran-los-autos-con-que-competiran-el-fin-de-semana-esta-tarde\/\"},\"author\":{\"name\":\"Jorge Matheus\",\"@id\":\"https:\/\/infoecos.com.ar\/#\/schema\/person\/8f5ace5ce73b4b4aac4b7245aee6f191\"},\"headline\":\"Los autos de Sergio y Valentino Alaux que ya est\u00e1n en Santa Rosa, adelantaron el TC y la F\u00f3rmula 2 en Trenque Lauquen\",\"datePublished\":\"2024-11-07T19:20:20+00:00\",\"dateModified\":\"2024-11-08T02:03:35+00:00\",\"mainEntityOfPage\":{\"@id\":\"https:\/\/infoecos.com.ar\/index.php\/tc-y-formula-2-en-toay-cerca-los-alaux-padre-e-hijo-muestran-los-autos-con-que-competiran-el-fin-de-semana-esta-tarde\/\"},\"wordCount\":392,\"publisher\":{\"@id\":\"https:\/\/infoecos.com.ar\/#organization\"},\"image\":{\"@id\":\"https:\/\/infoecos.com.ar\/index.php\/tc-y-formula-2-en-toay-cerca-los-alaux-padre-e-hijo-muestran-los-autos-con-que-competiran-el-fin-de-semana-esta-tarde\/#primaryimage\"},\"thumbnailUrl\":\"https:\/\/infoecos.com.ar\/wp-content\/uploads\/2024\/11\/d79176bd-db18-4d6e-add0-85d845ec5df1.jpeg\",\"articleSection\":[\"Noticia Secundaria\"],\"inLanguage\":\"es\"},{\"@type\":\"WebPage\",\"@id\":\"https:\/\/infoecos.com.ar\/index.php\/tc-y-formula-2-en-toay-cerca-los-alaux-padre-e-hijo-muestran-los-autos-con-que-competiran-el-fin-de-semana-esta-tarde\/\",\"url\":\"https:\/\/infoecos.com.ar\/index.php\/tc-y-formula-2-en-toay-cerca-los-alaux-padre-e-hijo-muestran-los-autos-con-que-competiran-el-fin-de-semana-esta-tarde\/\",\"name\":\"Los autos de Sergio y Valentino Alaux que ya est\u00e1n en Santa Rosa, adelantaron el TC y la F\u00f3rmula 2 en Trenque Lauquen - Infoecos\",\"isPartOf\":{\"@id\":\"https:\/\/infoecos.com.ar\/#website\"},\"primaryImageOfPage\":{\"@id\":\"https:\/\/infoecos.com.ar\/index.php\/tc-y-formula-2-en-toay-cerca-los-alaux-padre-e-hijo-muestran-los-autos-con-que-competiran-el-fin-de-semana-esta-tarde\/#primaryimage\"},\"image\":{\"@id\":\"https:\/\/infoecos.com.ar\/index.php\/tc-y-formula-2-en-toay-cerca-los-alaux-padre-e-hijo-muestran-los-autos-con-que-competiran-el-fin-de-semana-esta-tarde\/#primaryimage\"},\"thumbnailUrl\":\"https:\/\/infoecos.com.ar\/wp-content\/uploads\/2024\/11\/d79176bd-db18-4d6e-add0-85d845ec5df1.jpeg\",\"datePublished\":\"2024-11-07T19:20:20+00:00\",\"dateModified\":\"2024-11-08T02:03:35+00:00\",\"breadcrumb\":{\"@id\":\"https:\/\/infoecos.com.ar\/index.php\/tc-y-formula-2-en-toay-cerca-los-alaux-padre-e-hijo-muestran-los-autos-con-que-competiran-el-fin-de-semana-esta-tarde\/#breadcrumb\"},\"inLanguage\":\"es\",\"potentialAction\":[{\"@type\":\"ReadAction\",\"target\":[\"https:\/\/infoecos.com.ar\/index.php\/tc-y-formula-2-en-toay-cerca-los-alaux-padre-e-hijo-muestran-los-autos-con-que-competiran-el-fin-de-semana-esta-tarde\/\"]}]},{\"@type\":\"ImageObject\",\"inLanguage\":\"es\",\"@id\":\"https:\/\/infoecos.com.ar\/index.php\/tc-y-formula-2-en-toay-cerca-los-alaux-padre-e-hijo-muestran-los-autos-con-que-competiran-el-fin-de-semana-esta-tarde\/#primaryimage\",\"url\":\"https:\/\/infoecos.com.ar\/wp-content\/uploads\/2024\/11\/d79176bd-db18-4d6e-add0-85d845ec5df1.jpeg\",\"contentUrl\":\"https:\/\/infoecos.com.ar\/wp-content\/uploads\/2024\/11\/d79176bd-db18-4d6e-add0-85d845ec5df1.jpeg\",\"width\":960,\"height\":1280},{\"@type\":\"BreadcrumbList\",\"@id\":\"https:\/\/infoecos.com.ar\/index.php\/tc-y-formula-2-en-toay-cerca-los-alaux-padre-e-hijo-muestran-los-autos-con-que-competiran-el-fin-de-semana-esta-tarde\/#breadcrumb\",\"itemListElement\":[{\"@type\":\"ListItem\",\"position\":1,\"name\":\"Portada\",\"item\":\"https:\/\/infoecos.com.ar\/\"},{\"@type\":\"ListItem\",\"position\":2,\"name\":\"Los autos de Sergio y Valentino Alaux que ya est\u00e1n en Santa Rosa, adelantaron el TC y la F\u00f3rmula 2 en Trenque Lauquen\"}]},{\"@type\":\"WebSite\",\"@id\":\"https:\/\/infoecos.com.ar\/#website\",\"url\":\"https:\/\/infoecos.com.ar\/\",\"name\":\"Infoecos\",\"description\":\"Noticias de trenque lauquen y la zona\",\"publisher\":{\"@id\":\"https:\/\/infoecos.com.ar\/#organization\"},\"alternateName\":\"Noticias\",\"potentialAction\":[{\"@type\":\"SearchAction\",\"target\":{\"@type\":\"EntryPoint\",\"urlTemplate\":\"https:\/\/infoecos.com.ar\/?s={search_term_string}\"},\"query-input\":{\"@type\":\"PropertyValueSpecification\",\"valueRequired\":true,\"valueName\":\"search_term_string\"}}],\"inLanguage\":\"es\"},{\"@type\":\"Organization\",\"@id\":\"https:\/\/infoecos.com.ar\/#organization\",\"name\":\"Infoecos\",\"alternateName\":\"Noticias\",\"url\":\"https:\/\/infoecos.com.ar\/\",\"logo\":{\"@type\":\"ImageObject\",\"inLanguage\":\"es\",\"@id\":\"https:\/\/infoecos.com.ar\/#\/schema\/logo\/image\/\",\"url\":\"https:\/\/infoecos.com.ar\/wp-content\/uploads\/2024\/03\/cropped-logo.png\",\"contentUrl\":\"https:\/\/infoecos.com.ar\/wp-content\/uploads\/2024\/03\/cropped-logo.png\",\"width\":374,\"height\":90,\"caption\":\"Infoecos\"},\"image\":{\"@id\":\"https:\/\/infoecos.com.ar\/#\/schema\/logo\/image\/\"},\"sameAs\":[\"https:\/\/www.facebook.com\/profile.php?id=100063200290284\",\"https:\/\/x.com\/infoecos\"]},{\"@type\":\"Person\",\"@id\":\"https:\/\/infoecos.com.ar\/#\/schema\/person\/8f5ace5ce73b4b4aac4b7245aee6f191\",\"name\":\"Jorge Matheus\",\"url\":\"https:\/\/infoecos.com.ar\/index.php\/author\/jomatheus\/\"}]}<\/script>\n<!-- \/ Yoast SEO plugin. -->","yoast_head_json":{"title":"Los autos de Sergio y Valentino Alaux que ya est\u00e1n en Santa Rosa, adelantaron el TC y la F\u00f3rmula 2 en Trenque Lauquen - Infoecos","robots":{"index":"index","follow":"follow","max-snippet":"max-snippet:-1","max-image-preview":"max-image-preview:large","max-video-preview":"max-video-preview:-1"},"canonical":"https:\/\/infoecos.com.ar\/index.php\/tc-y-formula-2-en-toay-cerca-los-alaux-padre-e-hijo-muestran-los-autos-con-que-competiran-el-fin-de-semana-esta-tarde\/","og_locale":"es_ES","og_type":"article","og_title":"Los autos de Sergio y Valentino Alaux que ya est\u00e1n en Santa Rosa, adelantaron el TC y la F\u00f3rmula 2 en Trenque Lauquen - Infoecos","og_description":"Los autos de Sergio Alaux y Valentino Alaux, este \u00faltimo hijo del primero, fueron expuestos en las instalaciones comerciales ubicadas en Garc\u00eda Salinas y Regimiento Tres de Caballer\u00eda","og_url":"https:\/\/infoecos.com.ar\/index.php\/tc-y-formula-2-en-toay-cerca-los-alaux-padre-e-hijo-muestran-los-autos-con-que-competiran-el-fin-de-semana-esta-tarde\/","og_site_name":"Infoecos","article_publisher":"https:\/\/www.facebook.com\/profile.php?id=100063200290284","article_published_time":"2024-11-07T19:20:20+00:00","article_modified_time":"2024-11-08T02:03:35+00:00","og_image":[{"width":960,"height":1280,"url":"https:\/\/infoecos.com.ar\/wp-content\/uploads\/2024\/11\/d79176bd-db18-4d6e-add0-85d845ec5df1.jpeg","type":"image\/jpeg"}],"author":"Jorge Matheus","twitter_card":"summary_large_image","twitter_creator":"@infoecos","twitter_site":"@infoecos","twitter_misc":{"Escrito por":"Jorge Matheus","Tiempo de lectura":"3 minutos"},"schema":{"@context":"https:\/\/schema.org","@graph":[{"@type":"Article","@id":"https:\/\/infoecos.com.ar\/index.php\/tc-y-formula-2-en-toay-cerca-los-alaux-padre-e-hijo-muestran-los-autos-con-que-competiran-el-fin-de-semana-esta-tarde\/#article","isPartOf":{"@id":"https:\/\/infoecos.com.ar\/index.php\/tc-y-formula-2-en-toay-cerca-los-alaux-padre-e-hijo-muestran-los-autos-con-que-competiran-el-fin-de-semana-esta-tarde\/"},"author":{"name":"Jorge Matheus","@id":"https:\/\/infoecos.com.ar\/#\/schema\/person\/8f5ace5ce73b4b4aac4b7245aee6f191"},"headline":"Los autos de Sergio y Valentino Alaux que ya est\u00e1n en Santa Rosa, adelantaron el TC y la F\u00f3rmula 2 en Trenque Lauquen","datePublished":"2024-11-07T19:20:20+00:00","dateModified":"2024-11-08T02:03:35+00:00","mainEntityOfPage":{"@id":"https:\/\/infoecos.com.ar\/index.php\/tc-y-formula-2-en-toay-cerca-los-alaux-padre-e-hijo-muestran-los-autos-con-que-competiran-el-fin-de-semana-esta-tarde\/"},"wordCount":392,"publisher":{"@id":"https:\/\/infoecos.com.ar\/#organization"},"image":{"@id":"https:\/\/infoecos.com.ar\/index.php\/tc-y-formula-2-en-toay-cerca-los-alaux-padre-e-hijo-muestran-los-autos-con-que-competiran-el-fin-de-semana-esta-tarde\/#primaryimage"},"thumbnailUrl":"https:\/\/infoecos.com.ar\/wp-content\/uploads\/2024\/11\/d79176bd-db18-4d6e-add0-85d845ec5df1.jpeg","articleSection":["Noticia Secundaria"],"inLanguage":"es"},{"@type":"WebPage","@id":"https:\/\/infoecos.com.ar\/index.php\/tc-y-formula-2-en-toay-cerca-los-alaux-padre-e-hijo-muestran-los-autos-con-que-competiran-el-fin-de-semana-esta-tarde\/","url":"https:\/\/infoecos.com.ar\/index.php\/tc-y-formula-2-en-toay-cerca-los-alaux-padre-e-hijo-muestran-los-autos-con-que-competiran-el-fin-de-semana-esta-tarde\/","name":"Los autos de Sergio y Valentino Alaux que ya est\u00e1n en Santa Rosa, adelantaron el TC y la F\u00f3rmula 2 en Trenque Lauquen - Infoecos","isPartOf":{"@id":"https:\/\/infoecos.com.ar\/#website"},"primaryImageOfPage":{"@id":"https:\/\/infoecos.com.ar\/index.php\/tc-y-formula-2-en-toay-cerca-los-alaux-padre-e-hijo-muestran-los-autos-con-que-competiran-el-fin-de-semana-esta-tarde\/#primaryimage"},"image":{"@id":"https:\/\/infoecos.com.ar\/index.php\/tc-y-formula-2-en-toay-cerca-los-alaux-padre-e-hijo-muestran-los-autos-con-que-competiran-el-fin-de-semana-esta-tarde\/#primaryimage"},"thumbnailUrl":"https:\/\/infoecos.com.ar\/wp-content\/uploads\/2024\/11\/d79176bd-db18-4d6e-add0-85d845ec5df1.jpeg","datePublished":"2024-11-07T19:20:20+00:00","dateModified":"2024-11-08T02:03:35+00:00","breadcrumb":{"@id":"https:\/\/infoecos.com.ar\/index.php\/tc-y-formula-2-en-toay-cerca-los-alaux-padre-e-hijo-muestran-los-autos-con-que-competiran-el-fin-de-semana-esta-tarde\/#breadcrumb"},"inLanguage":"es","potentialAction":[{"@type":"ReadAction","target":["https:\/\/infoecos.com.ar\/index.php\/tc-y-formula-2-en-toay-cerca-los-alaux-padre-e-hijo-muestran-los-autos-con-que-competiran-el-fin-de-semana-esta-tarde\/"]}]},{"@type":"ImageObject","inLanguage":"es","@id":"https:\/\/infoecos.com.ar\/index.php\/tc-y-formula-2-en-toay-cerca-los-alaux-padre-e-hijo-muestran-los-autos-con-que-competiran-el-fin-de-semana-esta-tarde\/#primaryimage","url":"https:\/\/infoecos.com.ar\/wp-content\/uploads\/2024\/11\/d79176bd-db18-4d6e-add0-85d845ec5df1.jpeg","contentUrl":"https:\/\/infoecos.com.ar\/wp-content\/uploads\/2024\/11\/d79176bd-db18-4d6e-add0-85d845ec5df1.jpeg","width":960,"height":1280},{"@type":"BreadcrumbList","@id":"https:\/\/infoecos.com.ar\/index.php\/tc-y-formula-2-en-toay-cerca-los-alaux-padre-e-hijo-muestran-los-autos-con-que-competiran-el-fin-de-semana-esta-tarde\/#breadcrumb","itemListElement":[{"@type":"ListItem","position":1,"name":"Portada","item":"https:\/\/infoecos.com.ar\/"},{"@type":"ListItem","position":2,"name":"Los autos de Sergio y Valentino Alaux que ya est\u00e1n en Santa Rosa, adelantaron el TC y la F\u00f3rmula 2 en Trenque Lauquen"}]},{"@type":"WebSite","@id":"https:\/\/infoecos.com.ar\/#website","url":"https:\/\/infoecos.com.ar\/","name":"Infoecos","description":"Noticias de trenque lauquen y la zona","publisher":{"@id":"https:\/\/infoecos.com.ar\/#organization"},"alternateName":"Noticias","potentialAction":[{"@type":"SearchAction","target":{"@type":"EntryPoint","urlTemplate":"https:\/\/infoecos.com.ar\/?s={search_term_string}"},"query-input":{"@type":"PropertyValueSpecification","valueRequired":true,"valueName":"search_term_string"}}],"inLanguage":"es"},{"@type":"Organization","@id":"https:\/\/infoecos.com.ar\/#organization","name":"Infoecos","alternateName":"Noticias","url":"https:\/\/infoecos.com.ar\/","logo":{"@type":"ImageObject","inLanguage":"es","@id":"https:\/\/infoecos.com.ar\/#\/schema\/logo\/image\/","url":"https:\/\/infoecos.com.ar\/wp-content\/uploads\/2024\/03\/cropped-logo.png","contentUrl":"https:\/\/infoecos.com.ar\/wp-content\/uploads\/2024\/03\/cropped-logo.png","width":374,"height":90,"caption":"Infoecos"},"image":{"@id":"https:\/\/infoecos.com.ar\/#\/schema\/logo\/image\/"},"sameAs":["https:\/\/www.facebook.com\/profile.php?id=100063200290284","https:\/\/x.com\/infoecos"]},{"@type":"Person","@id":"https:\/\/infoecos.com.ar\/#\/schema\/person\/8f5ace5ce73b4b4aac4b7245aee6f191","name":"Jorge Matheus","url":"https:\/\/infoecos.com.ar\/index.php\/author\/jomatheus\/"}]}},"featured_image_urls":{"full":["https:\/\/infoecos.com.ar\/wp-content\/uploads\/2024\/11\/d79176bd-db18-4d6e-add0-85d845ec5df1.jpeg",960,1280,false],"thumbnail":["https:\/\/infoecos.com.ar\/wp-content\/uploads\/2024\/11\/d79176bd-db18-4d6e-add0-85d845ec5df1-300x150.jpeg",300,150,true],"medium":["https:\/\/infoecos.com.ar\/wp-content\/uploads\/2024\/11\/d79176bd-db18-4d6e-add0-85d845ec5df1-600x800.jpeg",600,800,true],"medium_large":["https:\/\/infoecos.com.ar\/wp-content\/uploads\/2024\/11\/d79176bd-db18-4d6e-add0-85d845ec5df1-768x1024.jpeg",640,853,true],"large":["https:\/\/infoecos.com.ar\/wp-content\/uploads\/2024\/11\/d79176bd-db18-4d6e-add0-85d845ec5df1.jpeg",640,853,false],"1536x1536":["https:\/\/infoecos.com.ar\/wp-content\/uploads\/2024\/11\/d79176bd-db18-4d6e-add0-85d845ec5df1.jpeg",960,1280,false],"2048x2048":["https:\/\/infoecos.com.ar\/wp-content\/uploads\/2024\/11\/d79176bd-db18-4d6e-add0-85d845ec5df1.jpeg",960,1280,false],"covernews-slider-full":["https:\/\/infoecos.com.ar\/wp-content\/uploads\/2024\/11\/d79176bd-db18-4d6e-add0-85d845ec5df1-960x715.jpeg",960,715,true],"covernews-slider-center":["https:\/\/infoecos.com.ar\/wp-content\/uploads\/2024\/11\/d79176bd-db18-4d6e-add0-85d845ec5df1-800x500.jpeg",800,500,true],"covernews-featured":["https:\/\/infoecos.com.ar\/wp-content\/uploads\/2024\/11\/d79176bd-db18-4d6e-add0-85d845ec5df1.jpeg",960,1280,false],"covernews-medium":["https:\/\/infoecos.com.ar\/wp-content\/uploads\/2024\/11\/d79176bd-db18-4d6e-add0-85d845ec5df1-540x340.jpeg",540,340,true],"covernews-medium-square":["https:\/\/infoecos.com.ar\/wp-content\/uploads\/2024\/11\/d79176bd-db18-4d6e-add0-85d845ec5df1-400x250.jpeg",400,250,true]},"author_info":{"info":["Jorge Matheus"]},"category_info":"<a href=\"https:\/\/infoecos.com.ar\/index.php\/category\/noticia-secundaria\/\" rel=\"category tag\">Noticia Secundaria<\/a>","tag_info":"Noticia Secundaria","comment_count":"0","_links":{"self":[{"href":"https:\/\/infoecos.com.ar\/index.php\/wp-json\/wp\/v2\/posts\/132279"}],"collection":[{"href":"https:\/\/infoecos.com.ar\/index.php\/wp-json\/wp\/v2\/posts"}],"about":[{"href":"https:\/\/infoecos.com.ar\/index.php\/wp-json\/wp\/v2\/types\/post"}],"author":[{"embeddable":true,"href":"https:\/\/infoecos.com.ar\/index.php\/wp-json\/wp\/v2\/users\/2"}],"replies":[{"embeddable":true,"href":"https:\/\/infoecos.com.ar\/index.php\/wp-json\/wp\/v2\/comments?post=132279"}],"version-history":[{"count":5,"href":"https:\/\/infoecos.com.ar\/index.php\/wp-json\/wp\/v2\/posts\/132279\/revisions"}],"predecessor-version":[{"id":132300,"href":"https:\/\/infoecos.com.ar\/index.php\/wp-json\/wp\/v2\/posts\/132279\/revisions\/132300"}],"wp:featuredmedia":[{"embeddable":true,"href":"https:\/\/infoecos.com.ar\/index.php\/wp-json\/wp\/v2\/media\/132298"}],"wp:attachment":[{"href":"https:\/\/infoecos.com.ar\/index.php\/wp-json\/wp\/v2\/media?parent=132279"}],"wp:term":[{"taxonomy":"category","embeddable":true,"href":"https:\/\/infoecos.com.ar\/index.php\/wp-json\/wp\/v2\/categories?post=132279"},{"taxonomy":"post_tag","embeddable":true,"href":"https:\/\/infoecos.com.ar\/index.php\/wp-json\/wp\/v2\/tags?post=132279"}],"curies":[{"name":"wp","href":"https:\/\/api.w.org\/{rel}","templated":true}]}}