{"id":132372,"date":"2024-11-09T13:11:59","date_gmt":"2024-11-09T16:11:59","guid":{"rendered":"https:\/\/infoecos.com.ar\/?p=132372"},"modified":"2024-11-09T13:12:00","modified_gmt":"2024-11-09T16:12:00","slug":"alerta-meteorologica-para-esta-tarde-en-parte-de-la-pampa-figurando-catrilo-guatrache-quemu-quemu-y-toay","status":"publish","type":"post","link":"https:\/\/infoecos.com.ar\/index.php\/alerta-meteorologica-para-esta-tarde-en-parte-de-la-pampa-figurando-catrilo-guatrache-quemu-quemu-y-toay\/","title":{"rendered":"Alerta meteorol\u00f3gica para esta tarde en parte de La Pampa, figurando Catril\u00f3, Guatrach\u00e9, Quem\u00fa Quem\u00fa y Toay"},"content":{"rendered":"\n<p><strong>Fuentes: SMN, El Diario, La Arena, Diario Textual.<\/strong><\/p>\n\n\n\n<figure class=\"wp-block-image aligncenter size-full\"><img loading=\"lazy\" decoding=\"async\" width=\"257\" height=\"256\" src=\"https:\/\/infoecos.com.ar\/wp-content\/uploads\/2023\/01\/89.png\" alt=\"\" class=\"wp-image-100277\"\/><\/figure>\n\n\n\n<p>\u00abEl \u00e1rea ser\u00e1 afectada por tormentas de variada intensidad, algunas localmente fuertes. Se espera que las mismas est\u00e9n acompa\u00f1adas por frecuente actividad el\u00e9ctrica, ca\u00edda de granizo, intensas r\u00e1fagas y abundante ca\u00edda de agua en cortos per\u00edodos\u00bb, dice el informe del organismo.<\/p>\n\n\n\n<p>Y agrega:&nbsp;<strong>\u00abse estiman valores de precipitaci\u00f3n acumulada entre 20 y 50 mm, pudiendo ser superados en forma local\u00bb<\/strong>.<\/p>\n\n\n\n<p>La tormenta, siempre de acuerdo a la previsi\u00f3n del SMN, alcanzar\u00e1 a los departamentos de \u00abAtreuc\u00f3 &#8211; Capital &#8211; Catril\u00f3 &#8211; Conhelo &#8211; Guatrach\u00e9 &#8211; Quem\u00fa Quem\u00fa &#8211; Toay &#8211; Utrac\u00e1n\u00bb.<\/p>\n\n\n\n<p>De todos modos,&nbsp;<strong>la jornada de este s\u00e1bado est\u00e1 pronosticada como agobiante, con 32 grados de m\u00e1xima<\/strong>. Para el domingo&nbsp;<strong>se esperan \u00abchaparrones\u00bb, pero solo por la ma\u00f1ana.<\/strong>&nbsp;Por la tarde estar\u00e1 \u00abparcialmente nublado. Adem\u00e1s, se espera un d\u00eda fresco, con 15 grados de m\u00ednima y 22 de m\u00e1xima.<\/p>\n","protected":false},"excerpt":{"rendered":"<p>\u00abEl \u00e1rea ser\u00e1 afectada por tormentas de variada intensidad, algunas localmente fuertes. Se espera que las mismas est\u00e9n acompa\u00f1adas por frecuente actividad el\u00e9ctrica, ca\u00edda de granizo, intensas r\u00e1fagas y abundante ca\u00edda de agua en cortos per\u00edodos\u00bb, dice el informe del organismo <\/p>\n","protected":false},"author":2,"featured_media":100277,"comment_status":"closed","ping_status":"open","sticky":false,"template":"","format":"standard","meta":{"footnotes":""},"categories":[1612],"tags":[],"class_list":["post-132372","post","type-post","status-publish","format-standard","has-post-thumbnail","hentry","category-noticia-principal"],"yoast_head":"<!-- This site is optimized with the Yoast SEO plugin v23.4 - https:\/\/yoast.com\/wordpress\/plugins\/seo\/ -->\n<title>Alerta meteorol\u00f3gica para esta tarde en parte de La Pampa, figurando Catril\u00f3, Guatrach\u00e9, Quem\u00fa Quem\u00fa y Toay - Infoecos<\/title>\n<meta name=\"robots\" content=\"index, follow, max-snippet:-1, max-image-preview:large, max-video-preview:-1\" \/>\n<link rel=\"canonical\" href=\"https:\/\/infoecos.com.ar\/index.php\/alerta-meteorologica-para-esta-tarde-en-parte-de-la-pampa-figurando-catrilo-guatrache-quemu-quemu-y-toay\/\" \/>\n<meta property=\"og:locale\" content=\"es_ES\" \/>\n<meta property=\"og:type\" content=\"article\" \/>\n<meta property=\"og:title\" content=\"Alerta meteorol\u00f3gica para esta tarde en parte de La Pampa, figurando Catril\u00f3, Guatrach\u00e9, Quem\u00fa Quem\u00fa y Toay - Infoecos\" \/>\n<meta property=\"og:description\" content=\"&quot;El \u00e1rea ser\u00e1 afectada por tormentas de variada intensidad, algunas localmente fuertes. Se espera que las mismas est\u00e9n acompa\u00f1adas por frecuente actividad el\u00e9ctrica, ca\u00edda de granizo, intensas r\u00e1fagas y abundante ca\u00edda de agua en cortos per\u00edodos&quot;, dice el informe del organismo\" \/>\n<meta property=\"og:url\" content=\"https:\/\/infoecos.com.ar\/index.php\/alerta-meteorologica-para-esta-tarde-en-parte-de-la-pampa-figurando-catrilo-guatrache-quemu-quemu-y-toay\/\" \/>\n<meta property=\"og:site_name\" content=\"Infoecos\" \/>\n<meta property=\"article:publisher\" content=\"https:\/\/www.facebook.com\/profile.php?id=100063200290284\" \/>\n<meta property=\"article:published_time\" content=\"2024-11-09T16:11:59+00:00\" \/>\n<meta property=\"article:modified_time\" content=\"2024-11-09T16:12:00+00:00\" \/>\n<meta property=\"og:image\" content=\"https:\/\/infoecos.com.ar\/wp-content\/uploads\/2023\/01\/89.png\" \/>\n\t<meta property=\"og:image:width\" content=\"257\" \/>\n\t<meta property=\"og:image:height\" content=\"256\" \/>\n\t<meta property=\"og:image:type\" content=\"image\/png\" \/>\n<meta name=\"author\" content=\"Jorge Matheus\" \/>\n<meta name=\"twitter:card\" content=\"summary_large_image\" \/>\n<meta name=\"twitter:creator\" content=\"@infoecos\" \/>\n<meta name=\"twitter:site\" content=\"@infoecos\" \/>\n<meta name=\"twitter:label1\" content=\"Escrito por\" \/>\n\t<meta name=\"twitter:data1\" content=\"Jorge Matheus\" \/>\n\t<meta name=\"twitter:label2\" content=\"Tiempo de lectura\" \/>\n\t<meta name=\"twitter:data2\" content=\"2 minutos\" \/>\n<script type=\"application\/ld+json\" class=\"yoast-schema-graph\">{\"@context\":\"https:\/\/schema.org\",\"@graph\":[{\"@type\":\"Article\",\"@id\":\"https:\/\/infoecos.com.ar\/index.php\/alerta-meteorologica-para-esta-tarde-en-parte-de-la-pampa-figurando-catrilo-guatrache-quemu-quemu-y-toay\/#article\",\"isPartOf\":{\"@id\":\"https:\/\/infoecos.com.ar\/index.php\/alerta-meteorologica-para-esta-tarde-en-parte-de-la-pampa-figurando-catrilo-guatrache-quemu-quemu-y-toay\/\"},\"author\":{\"name\":\"Jorge Matheus\",\"@id\":\"https:\/\/infoecos.com.ar\/#\/schema\/person\/8f5ace5ce73b4b4aac4b7245aee6f191\"},\"headline\":\"Alerta meteorol\u00f3gica para esta tarde en parte de La Pampa, figurando Catril\u00f3, Guatrach\u00e9, Quem\u00fa Quem\u00fa y Toay\",\"datePublished\":\"2024-11-09T16:11:59+00:00\",\"dateModified\":\"2024-11-09T16:12:00+00:00\",\"mainEntityOfPage\":{\"@id\":\"https:\/\/infoecos.com.ar\/index.php\/alerta-meteorologica-para-esta-tarde-en-parte-de-la-pampa-figurando-catrilo-guatrache-quemu-quemu-y-toay\/\"},\"wordCount\":182,\"publisher\":{\"@id\":\"https:\/\/infoecos.com.ar\/#organization\"},\"image\":{\"@id\":\"https:\/\/infoecos.com.ar\/index.php\/alerta-meteorologica-para-esta-tarde-en-parte-de-la-pampa-figurando-catrilo-guatrache-quemu-quemu-y-toay\/#primaryimage\"},\"thumbnailUrl\":\"https:\/\/infoecos.com.ar\/wp-content\/uploads\/2023\/01\/89.png\",\"articleSection\":[\"Noticia Principal\"],\"inLanguage\":\"es\"},{\"@type\":\"WebPage\",\"@id\":\"https:\/\/infoecos.com.ar\/index.php\/alerta-meteorologica-para-esta-tarde-en-parte-de-la-pampa-figurando-catrilo-guatrache-quemu-quemu-y-toay\/\",\"url\":\"https:\/\/infoecos.com.ar\/index.php\/alerta-meteorologica-para-esta-tarde-en-parte-de-la-pampa-figurando-catrilo-guatrache-quemu-quemu-y-toay\/\",\"name\":\"Alerta meteorol\u00f3gica para esta tarde en parte de La Pampa, figurando Catril\u00f3, Guatrach\u00e9, Quem\u00fa Quem\u00fa y Toay - Infoecos\",\"isPartOf\":{\"@id\":\"https:\/\/infoecos.com.ar\/#website\"},\"primaryImageOfPage\":{\"@id\":\"https:\/\/infoecos.com.ar\/index.php\/alerta-meteorologica-para-esta-tarde-en-parte-de-la-pampa-figurando-catrilo-guatrache-quemu-quemu-y-toay\/#primaryimage\"},\"image\":{\"@id\":\"https:\/\/infoecos.com.ar\/index.php\/alerta-meteorologica-para-esta-tarde-en-parte-de-la-pampa-figurando-catrilo-guatrache-quemu-quemu-y-toay\/#primaryimage\"},\"thumbnailUrl\":\"https:\/\/infoecos.com.ar\/wp-content\/uploads\/2023\/01\/89.png\",\"datePublished\":\"2024-11-09T16:11:59+00:00\",\"dateModified\":\"2024-11-09T16:12:00+00:00\",\"breadcrumb\":{\"@id\":\"https:\/\/infoecos.com.ar\/index.php\/alerta-meteorologica-para-esta-tarde-en-parte-de-la-pampa-figurando-catrilo-guatrache-quemu-quemu-y-toay\/#breadcrumb\"},\"inLanguage\":\"es\",\"potentialAction\":[{\"@type\":\"ReadAction\",\"target\":[\"https:\/\/infoecos.com.ar\/index.php\/alerta-meteorologica-para-esta-tarde-en-parte-de-la-pampa-figurando-catrilo-guatrache-quemu-quemu-y-toay\/\"]}]},{\"@type\":\"ImageObject\",\"inLanguage\":\"es\",\"@id\":\"https:\/\/infoecos.com.ar\/index.php\/alerta-meteorologica-para-esta-tarde-en-parte-de-la-pampa-figurando-catrilo-guatrache-quemu-quemu-y-toay\/#primaryimage\",\"url\":\"https:\/\/infoecos.com.ar\/wp-content\/uploads\/2023\/01\/89.png\",\"contentUrl\":\"https:\/\/infoecos.com.ar\/wp-content\/uploads\/2023\/01\/89.png\",\"width\":257,\"height\":256},{\"@type\":\"BreadcrumbList\",\"@id\":\"https:\/\/infoecos.com.ar\/index.php\/alerta-meteorologica-para-esta-tarde-en-parte-de-la-pampa-figurando-catrilo-guatrache-quemu-quemu-y-toay\/#breadcrumb\",\"itemListElement\":[{\"@type\":\"ListItem\",\"position\":1,\"name\":\"Portada\",\"item\":\"https:\/\/infoecos.com.ar\/\"},{\"@type\":\"ListItem\",\"position\":2,\"name\":\"Alerta meteorol\u00f3gica para esta tarde en parte de La Pampa, figurando Catril\u00f3, Guatrach\u00e9, Quem\u00fa Quem\u00fa y Toay\"}]},{\"@type\":\"WebSite\",\"@id\":\"https:\/\/infoecos.com.ar\/#website\",\"url\":\"https:\/\/infoecos.com.ar\/\",\"name\":\"Infoecos\",\"description\":\"Noticias de trenque lauquen y la zona\",\"publisher\":{\"@id\":\"https:\/\/infoecos.com.ar\/#organization\"},\"alternateName\":\"Noticias\",\"potentialAction\":[{\"@type\":\"SearchAction\",\"target\":{\"@type\":\"EntryPoint\",\"urlTemplate\":\"https:\/\/infoecos.com.ar\/?s={search_term_string}\"},\"query-input\":{\"@type\":\"PropertyValueSpecification\",\"valueRequired\":true,\"valueName\":\"search_term_string\"}}],\"inLanguage\":\"es\"},{\"@type\":\"Organization\",\"@id\":\"https:\/\/infoecos.com.ar\/#organization\",\"name\":\"Infoecos\",\"alternateName\":\"Noticias\",\"url\":\"https:\/\/infoecos.com.ar\/\",\"logo\":{\"@type\":\"ImageObject\",\"inLanguage\":\"es\",\"@id\":\"https:\/\/infoecos.com.ar\/#\/schema\/logo\/image\/\",\"url\":\"https:\/\/infoecos.com.ar\/wp-content\/uploads\/2024\/03\/cropped-logo.png\",\"contentUrl\":\"https:\/\/infoecos.com.ar\/wp-content\/uploads\/2024\/03\/cropped-logo.png\",\"width\":374,\"height\":90,\"caption\":\"Infoecos\"},\"image\":{\"@id\":\"https:\/\/infoecos.com.ar\/#\/schema\/logo\/image\/\"},\"sameAs\":[\"https:\/\/www.facebook.com\/profile.php?id=100063200290284\",\"https:\/\/x.com\/infoecos\"]},{\"@type\":\"Person\",\"@id\":\"https:\/\/infoecos.com.ar\/#\/schema\/person\/8f5ace5ce73b4b4aac4b7245aee6f191\",\"name\":\"Jorge Matheus\",\"url\":\"https:\/\/infoecos.com.ar\/index.php\/author\/jomatheus\/\"}]}<\/script>\n<!-- \/ Yoast SEO plugin. -->","yoast_head_json":{"title":"Alerta meteorol\u00f3gica para esta tarde en parte de La Pampa, figurando Catril\u00f3, Guatrach\u00e9, Quem\u00fa Quem\u00fa y Toay - Infoecos","robots":{"index":"index","follow":"follow","max-snippet":"max-snippet:-1","max-image-preview":"max-image-preview:large","max-video-preview":"max-video-preview:-1"},"canonical":"https:\/\/infoecos.com.ar\/index.php\/alerta-meteorologica-para-esta-tarde-en-parte-de-la-pampa-figurando-catrilo-guatrache-quemu-quemu-y-toay\/","og_locale":"es_ES","og_type":"article","og_title":"Alerta meteorol\u00f3gica para esta tarde en parte de La Pampa, figurando Catril\u00f3, Guatrach\u00e9, Quem\u00fa Quem\u00fa y Toay - Infoecos","og_description":"\"El \u00e1rea ser\u00e1 afectada por tormentas de variada intensidad, algunas localmente fuertes. Se espera que las mismas est\u00e9n acompa\u00f1adas por frecuente actividad el\u00e9ctrica, ca\u00edda de granizo, intensas r\u00e1fagas y abundante ca\u00edda de agua en cortos per\u00edodos\", dice el informe del organismo","og_url":"https:\/\/infoecos.com.ar\/index.php\/alerta-meteorologica-para-esta-tarde-en-parte-de-la-pampa-figurando-catrilo-guatrache-quemu-quemu-y-toay\/","og_site_name":"Infoecos","article_publisher":"https:\/\/www.facebook.com\/profile.php?id=100063200290284","article_published_time":"2024-11-09T16:11:59+00:00","article_modified_time":"2024-11-09T16:12:00+00:00","og_image":[{"width":257,"height":256,"url":"https:\/\/infoecos.com.ar\/wp-content\/uploads\/2023\/01\/89.png","type":"image\/png"}],"author":"Jorge Matheus","twitter_card":"summary_large_image","twitter_creator":"@infoecos","twitter_site":"@infoecos","twitter_misc":{"Escrito por":"Jorge Matheus","Tiempo de lectura":"2 minutos"},"schema":{"@context":"https:\/\/schema.org","@graph":[{"@type":"Article","@id":"https:\/\/infoecos.com.ar\/index.php\/alerta-meteorologica-para-esta-tarde-en-parte-de-la-pampa-figurando-catrilo-guatrache-quemu-quemu-y-toay\/#article","isPartOf":{"@id":"https:\/\/infoecos.com.ar\/index.php\/alerta-meteorologica-para-esta-tarde-en-parte-de-la-pampa-figurando-catrilo-guatrache-quemu-quemu-y-toay\/"},"author":{"name":"Jorge Matheus","@id":"https:\/\/infoecos.com.ar\/#\/schema\/person\/8f5ace5ce73b4b4aac4b7245aee6f191"},"headline":"Alerta meteorol\u00f3gica para esta tarde en parte de La Pampa, figurando Catril\u00f3, Guatrach\u00e9, Quem\u00fa Quem\u00fa y Toay","datePublished":"2024-11-09T16:11:59+00:00","dateModified":"2024-11-09T16:12:00+00:00","mainEntityOfPage":{"@id":"https:\/\/infoecos.com.ar\/index.php\/alerta-meteorologica-para-esta-tarde-en-parte-de-la-pampa-figurando-catrilo-guatrache-quemu-quemu-y-toay\/"},"wordCount":182,"publisher":{"@id":"https:\/\/infoecos.com.ar\/#organization"},"image":{"@id":"https:\/\/infoecos.com.ar\/index.php\/alerta-meteorologica-para-esta-tarde-en-parte-de-la-pampa-figurando-catrilo-guatrache-quemu-quemu-y-toay\/#primaryimage"},"thumbnailUrl":"https:\/\/infoecos.com.ar\/wp-content\/uploads\/2023\/01\/89.png","articleSection":["Noticia Principal"],"inLanguage":"es"},{"@type":"WebPage","@id":"https:\/\/infoecos.com.ar\/index.php\/alerta-meteorologica-para-esta-tarde-en-parte-de-la-pampa-figurando-catrilo-guatrache-quemu-quemu-y-toay\/","url":"https:\/\/infoecos.com.ar\/index.php\/alerta-meteorologica-para-esta-tarde-en-parte-de-la-pampa-figurando-catrilo-guatrache-quemu-quemu-y-toay\/","name":"Alerta meteorol\u00f3gica para esta tarde en parte de La Pampa, figurando Catril\u00f3, Guatrach\u00e9, Quem\u00fa Quem\u00fa y Toay - Infoecos","isPartOf":{"@id":"https:\/\/infoecos.com.ar\/#website"},"primaryImageOfPage":{"@id":"https:\/\/infoecos.com.ar\/index.php\/alerta-meteorologica-para-esta-tarde-en-parte-de-la-pampa-figurando-catrilo-guatrache-quemu-quemu-y-toay\/#primaryimage"},"image":{"@id":"https:\/\/infoecos.com.ar\/index.php\/alerta-meteorologica-para-esta-tarde-en-parte-de-la-pampa-figurando-catrilo-guatrache-quemu-quemu-y-toay\/#primaryimage"},"thumbnailUrl":"https:\/\/infoecos.com.ar\/wp-content\/uploads\/2023\/01\/89.png","datePublished":"2024-11-09T16:11:59+00:00","dateModified":"2024-11-09T16:12:00+00:00","breadcrumb":{"@id":"https:\/\/infoecos.com.ar\/index.php\/alerta-meteorologica-para-esta-tarde-en-parte-de-la-pampa-figurando-catrilo-guatrache-quemu-quemu-y-toay\/#breadcrumb"},"inLanguage":"es","potentialAction":[{"@type":"ReadAction","target":["https:\/\/infoecos.com.ar\/index.php\/alerta-meteorologica-para-esta-tarde-en-parte-de-la-pampa-figurando-catrilo-guatrache-quemu-quemu-y-toay\/"]}]},{"@type":"ImageObject","inLanguage":"es","@id":"https:\/\/infoecos.com.ar\/index.php\/alerta-meteorologica-para-esta-tarde-en-parte-de-la-pampa-figurando-catrilo-guatrache-quemu-quemu-y-toay\/#primaryimage","url":"https:\/\/infoecos.com.ar\/wp-content\/uploads\/2023\/01\/89.png","contentUrl":"https:\/\/infoecos.com.ar\/wp-content\/uploads\/2023\/01\/89.png","width":257,"height":256},{"@type":"BreadcrumbList","@id":"https:\/\/infoecos.com.ar\/index.php\/alerta-meteorologica-para-esta-tarde-en-parte-de-la-pampa-figurando-catrilo-guatrache-quemu-quemu-y-toay\/#breadcrumb","itemListElement":[{"@type":"ListItem","position":1,"name":"Portada","item":"https:\/\/infoecos.com.ar\/"},{"@type":"ListItem","position":2,"name":"Alerta meteorol\u00f3gica para esta tarde en parte de La Pampa, figurando Catril\u00f3, Guatrach\u00e9, Quem\u00fa Quem\u00fa y Toay"}]},{"@type":"WebSite","@id":"https:\/\/infoecos.com.ar\/#website","url":"https:\/\/infoecos.com.ar\/","name":"Infoecos","description":"Noticias de trenque lauquen y la zona","publisher":{"@id":"https:\/\/infoecos.com.ar\/#organization"},"alternateName":"Noticias","potentialAction":[{"@type":"SearchAction","target":{"@type":"EntryPoint","urlTemplate":"https:\/\/infoecos.com.ar\/?s={search_term_string}"},"query-input":{"@type":"PropertyValueSpecification","valueRequired":true,"valueName":"search_term_string"}}],"inLanguage":"es"},{"@type":"Organization","@id":"https:\/\/infoecos.com.ar\/#organization","name":"Infoecos","alternateName":"Noticias","url":"https:\/\/infoecos.com.ar\/","logo":{"@type":"ImageObject","inLanguage":"es","@id":"https:\/\/infoecos.com.ar\/#\/schema\/logo\/image\/","url":"https:\/\/infoecos.com.ar\/wp-content\/uploads\/2024\/03\/cropped-logo.png","contentUrl":"https:\/\/infoecos.com.ar\/wp-content\/uploads\/2024\/03\/cropped-logo.png","width":374,"height":90,"caption":"Infoecos"},"image":{"@id":"https:\/\/infoecos.com.ar\/#\/schema\/logo\/image\/"},"sameAs":["https:\/\/www.facebook.com\/profile.php?id=100063200290284","https:\/\/x.com\/infoecos"]},{"@type":"Person","@id":"https:\/\/infoecos.com.ar\/#\/schema\/person\/8f5ace5ce73b4b4aac4b7245aee6f191","name":"Jorge Matheus","url":"https:\/\/infoecos.com.ar\/index.php\/author\/jomatheus\/"}]}},"featured_image_urls":{"full":["https:\/\/infoecos.com.ar\/wp-content\/uploads\/2023\/01\/89.png",257,256,false],"thumbnail":["https:\/\/infoecos.com.ar\/wp-content\/uploads\/2023\/01\/89-257x150.png",257,150,true],"medium":["https:\/\/infoecos.com.ar\/wp-content\/uploads\/2023\/01\/89.png",257,256,false],"medium_large":["https:\/\/infoecos.com.ar\/wp-content\/uploads\/2023\/01\/89.png",257,256,false],"large":["https:\/\/infoecos.com.ar\/wp-content\/uploads\/2023\/01\/89.png",257,256,false],"1536x1536":["https:\/\/infoecos.com.ar\/wp-content\/uploads\/2023\/01\/89.png",257,256,false],"2048x2048":["https:\/\/infoecos.com.ar\/wp-content\/uploads\/2023\/01\/89.png",257,256,false],"covernews-slider-full":["https:\/\/infoecos.com.ar\/wp-content\/uploads\/2023\/01\/89.png",257,256,false],"covernews-slider-center":["https:\/\/infoecos.com.ar\/wp-content\/uploads\/2023\/01\/89.png",257,256,false],"covernews-featured":["https:\/\/infoecos.com.ar\/wp-content\/uploads\/2023\/01\/89.png",257,256,false],"covernews-medium":["https:\/\/infoecos.com.ar\/wp-content\/uploads\/2023\/01\/89.png",257,256,false],"covernews-medium-square":["https:\/\/infoecos.com.ar\/wp-content\/uploads\/2023\/01\/89.png",251,250,false]},"author_info":{"info":["Jorge Matheus"]},"category_info":"<a href=\"https:\/\/infoecos.com.ar\/index.php\/category\/noticia-principal\/\" rel=\"category tag\">Noticia Principal<\/a>","tag_info":"Noticia Principal","comment_count":"0","_links":{"self":[{"href":"https:\/\/infoecos.com.ar\/index.php\/wp-json\/wp\/v2\/posts\/132372"}],"collection":[{"href":"https:\/\/infoecos.com.ar\/index.php\/wp-json\/wp\/v2\/posts"}],"about":[{"href":"https:\/\/infoecos.com.ar\/index.php\/wp-json\/wp\/v2\/types\/post"}],"author":[{"embeddable":true,"href":"https:\/\/infoecos.com.ar\/index.php\/wp-json\/wp\/v2\/users\/2"}],"replies":[{"embeddable":true,"href":"https:\/\/infoecos.com.ar\/index.php\/wp-json\/wp\/v2\/comments?post=132372"}],"version-history":[{"count":1,"href":"https:\/\/infoecos.com.ar\/index.php\/wp-json\/wp\/v2\/posts\/132372\/revisions"}],"predecessor-version":[{"id":132373,"href":"https:\/\/infoecos.com.ar\/index.php\/wp-json\/wp\/v2\/posts\/132372\/revisions\/132373"}],"wp:featuredmedia":[{"embeddable":true,"href":"https:\/\/infoecos.com.ar\/index.php\/wp-json\/wp\/v2\/media\/100277"}],"wp:attachment":[{"href":"https:\/\/infoecos.com.ar\/index.php\/wp-json\/wp\/v2\/media?parent=132372"}],"wp:term":[{"taxonomy":"category","embeddable":true,"href":"https:\/\/infoecos.com.ar\/index.php\/wp-json\/wp\/v2\/categories?post=132372"},{"taxonomy":"post_tag","embeddable":true,"href":"https:\/\/infoecos.com.ar\/index.php\/wp-json\/wp\/v2\/tags?post=132372"}],"curies":[{"name":"wp","href":"https:\/\/api.w.org\/{rel}","templated":true}]}}