{"id":132484,"date":"2024-11-11T21:32:24","date_gmt":"2024-11-12T00:32:24","guid":{"rendered":"https:\/\/infoecos.com.ar\/?p=132484"},"modified":"2024-11-14T13:40:49","modified_gmt":"2024-11-14T16:40:49","slug":"en-el-marco-de-la-expo-rural-de-pellegrini-entre-otras-actividades-disertara-gustavo-lacha-lazzari","status":"publish","type":"post","link":"https:\/\/infoecos.com.ar\/index.php\/en-el-marco-de-la-expo-rural-de-pellegrini-entre-otras-actividades-disertara-gustavo-lacha-lazzari\/","title":{"rendered":"Expo Rural de Pellegrini, desde las 18 de hoy disertar\u00e1 Gustavo \u00abLacha\u00bb Lazzari"},"content":{"rendered":"\n<p><strong>Fuente: avantipellegrini.com.ar <\/strong><\/p>\n\n\n\n<p>Programa oficial de la Expo Rural 2024 de Pellegrini, que se celebrar\u00e1 del 14 al 17 de noviembre, que incluye charlas, exhibiciones de motos antiguas, shows art\u00edsticos, y la ceremonia de inauguraci\u00f3n oficial.<\/p>\n\n\n\n<figure class=\"wp-block-image aligncenter size-full is-resized\"><img loading=\"lazy\" decoding=\"async\" width=\"959\" height=\"614\" src=\"https:\/\/infoecos.com.ar\/wp-content\/uploads\/2024\/11\/image-123.png\" alt=\"\" class=\"wp-image-132485\" style=\"width:408px;height:auto\" srcset=\"https:\/\/infoecos.com.ar\/wp-content\/uploads\/2024\/11\/image-123.png 959w, https:\/\/infoecos.com.ar\/wp-content\/uploads\/2024\/11\/image-123-800x512.png 800w, https:\/\/infoecos.com.ar\/wp-content\/uploads\/2024\/11\/image-123-768x492.png 768w\" sizes=\"(max-width: 959px) 100vw, 959px\" \/><\/figure>\n\n\n\n<p>El jueves 14 de noviembre, el economista y empresario pyme Gustavo \u00abLacha\u00bb Lazzari abrir\u00e1 el evento con la charla&nbsp;<em>\u00abEl Plan en Marcha: escenarios posibles, oportunidades y riesgos\u00bb<\/em>, donde ofrecer\u00e1 una mirada sobre la situaci\u00f3n econ\u00f3mica actual y sus perspectivas para el sector agropecuario.<\/p>\n\n\n\n<figure class=\"wp-block-image aligncenter size-full is-resized\"><img loading=\"lazy\" decoding=\"async\" width=\"898\" height=\"1545\" src=\"https:\/\/infoecos.com.ar\/wp-content\/uploads\/2024\/11\/image-150.png\" alt=\"\" class=\"wp-image-132609\" style=\"width:426px;height:auto\" srcset=\"https:\/\/infoecos.com.ar\/wp-content\/uploads\/2024\/11\/image-150.png 898w, https:\/\/infoecos.com.ar\/wp-content\/uploads\/2024\/11\/image-150-465x800.png 465w, https:\/\/infoecos.com.ar\/wp-content\/uploads\/2024\/11\/image-150-768x1321.png 768w, https:\/\/infoecos.com.ar\/wp-content\/uploads\/2024\/11\/image-150-893x1536.png 893w\" sizes=\"(max-width: 898px) 100vw, 898px\" \/><\/figure>\n\n\n\n<p>El s\u00e1bado 16 de noviembre, la jornada comenzar\u00e1 a las 10:30 horas con la apertura de la muestra. De 12 a 17 horas, los visitantes podr\u00e1n disfrutar del 12\u00b0 Encuentro de Motos Antiguas, organizado por la Asociaci\u00f3n de Motos Antiguas de Trenque Lauquen (AMAT). A las 21 horas, el Patio de Comidas abrir\u00e1 sus puertas, y \u00abEma Klund\u00bb se presentar\u00e1 en el escenario principal para ofrecer un show art\u00edstico.<\/p>\n\n\n\n<p>El domingo 17 de noviembre, la muestra abrir\u00e1 nuevamente a las 10:30 horas. A las 18 horas, se llevar\u00e1 a cabo la colocaci\u00f3n y bendici\u00f3n de placas en honor a los expresidentes de la entidad. Luego, a las 19 horas, se realizar\u00e1 la inauguraci\u00f3n oficial de la 47\u00b0 Expo Rural de Pellegrini, con la presencia de autoridades municipales y representantes de la Confederaci\u00f3n de Asociaciones Rurales de Buenos Aires y La Pampa (CARBAP). Durante el acto, se entregar\u00e1n reconocimientos y se premiar\u00e1n los stands destacados.<\/p>\n\n\n\n<p>Para cerrar el evento, el domingo a las 20:30 horas,&nbsp;<em>Los Charros<\/em>&nbsp;ofrecer\u00e1n un show en vivo, y a las 22 horas, en el sal\u00f3n de eventos de la rural, se celebrar\u00e1 una cena show con la actuaci\u00f3n de&nbsp;<em>Vocal Show<\/em>, brindando una \u00faltima velada de m\u00fasica y entretenimiento para toda la comunidad.<\/p>\n\n\n\n<figure class=\"wp-block-image aligncenter size-full is-resized\"><img loading=\"lazy\" decoding=\"async\" width=\"727\" height=\"1083\" src=\"https:\/\/infoecos.com.ar\/wp-content\/uploads\/2024\/11\/image-149.png\" alt=\"\" class=\"wp-image-132608\" style=\"width:387px;height:auto\" srcset=\"https:\/\/infoecos.com.ar\/wp-content\/uploads\/2024\/11\/image-149.png 727w, https:\/\/infoecos.com.ar\/wp-content\/uploads\/2024\/11\/image-149-537x800.png 537w\" sizes=\"(max-width: 727px) 100vw, 727px\" \/><\/figure>\n","protected":false},"excerpt":{"rendered":"<p>El s\u00e1bado 16 de noviembre, la jornada comenzar\u00e1 a las 10:30 horas con la apertura de la muestra. De 12 a 17 horas, los visitantes podr\u00e1n disfrutar del 12\u00b0 Encuentro de Motos Antiguas, organizado por la Asociaci\u00f3n de Motos Antiguas de Trenque Lauquen (AMAT). A las 21 horas, el Patio de Comidas abrir\u00e1 sus puertas, y \u00abEma Klund\u00bb se presentar\u00e1 en el escenario principal para ofrecer un show art\u00edstico<\/p>\n","protected":false},"author":2,"featured_media":132485,"comment_status":"closed","ping_status":"open","sticky":false,"template":"","format":"standard","meta":{"footnotes":""},"categories":[1613],"tags":[],"class_list":["post-132484","post","type-post","status-publish","format-standard","has-post-thumbnail","hentry","category-noticia-secundaria"],"yoast_head":"<!-- This site is optimized with the Yoast SEO plugin v23.4 - https:\/\/yoast.com\/wordpress\/plugins\/seo\/ -->\n<title>Expo Rural de Pellegrini, desde las 18 de hoy disertar\u00e1 Gustavo &quot;Lacha&quot; Lazzari - Infoecos<\/title>\n<meta name=\"robots\" content=\"index, follow, max-snippet:-1, max-image-preview:large, max-video-preview:-1\" \/>\n<link rel=\"canonical\" href=\"https:\/\/infoecos.com.ar\/index.php\/en-el-marco-de-la-expo-rural-de-pellegrini-entre-otras-actividades-disertara-gustavo-lacha-lazzari\/\" \/>\n<meta property=\"og:locale\" content=\"es_ES\" \/>\n<meta property=\"og:type\" content=\"article\" \/>\n<meta property=\"og:title\" content=\"Expo Rural de Pellegrini, desde las 18 de hoy disertar\u00e1 Gustavo &quot;Lacha&quot; Lazzari - Infoecos\" \/>\n<meta property=\"og:description\" content=\"El s\u00e1bado 16 de noviembre, la jornada comenzar\u00e1 a las 10:30 horas con la apertura de la muestra. De 12 a 17 horas, los visitantes podr\u00e1n disfrutar del 12\u00b0 Encuentro de Motos Antiguas, organizado por la Asociaci\u00f3n de Motos Antiguas de Trenque Lauquen (AMAT). A las 21 horas, el Patio de Comidas abrir\u00e1 sus puertas, y &quot;Ema Klund&quot; se presentar\u00e1 en el escenario principal para ofrecer un show art\u00edstico\" \/>\n<meta property=\"og:url\" content=\"https:\/\/infoecos.com.ar\/index.php\/en-el-marco-de-la-expo-rural-de-pellegrini-entre-otras-actividades-disertara-gustavo-lacha-lazzari\/\" \/>\n<meta property=\"og:site_name\" content=\"Infoecos\" \/>\n<meta property=\"article:publisher\" content=\"https:\/\/www.facebook.com\/profile.php?id=100063200290284\" \/>\n<meta property=\"article:published_time\" content=\"2024-11-12T00:32:24+00:00\" \/>\n<meta property=\"article:modified_time\" content=\"2024-11-14T16:40:49+00:00\" \/>\n<meta property=\"og:image\" content=\"https:\/\/infoecos.com.ar\/wp-content\/uploads\/2024\/11\/image-123.png\" \/>\n\t<meta property=\"og:image:width\" content=\"959\" \/>\n\t<meta property=\"og:image:height\" content=\"614\" \/>\n\t<meta property=\"og:image:type\" content=\"image\/png\" \/>\n<meta name=\"author\" content=\"Jorge Matheus\" \/>\n<meta name=\"twitter:card\" content=\"summary_large_image\" \/>\n<meta name=\"twitter:creator\" content=\"@infoecos\" \/>\n<meta name=\"twitter:site\" content=\"@infoecos\" \/>\n<meta name=\"twitter:label1\" content=\"Escrito por\" \/>\n\t<meta name=\"twitter:data1\" content=\"Jorge Matheus\" \/>\n\t<meta name=\"twitter:label2\" content=\"Tiempo de lectura\" \/>\n\t<meta name=\"twitter:data2\" content=\"3 minutos\" \/>\n<script type=\"application\/ld+json\" class=\"yoast-schema-graph\">{\"@context\":\"https:\/\/schema.org\",\"@graph\":[{\"@type\":\"Article\",\"@id\":\"https:\/\/infoecos.com.ar\/index.php\/en-el-marco-de-la-expo-rural-de-pellegrini-entre-otras-actividades-disertara-gustavo-lacha-lazzari\/#article\",\"isPartOf\":{\"@id\":\"https:\/\/infoecos.com.ar\/index.php\/en-el-marco-de-la-expo-rural-de-pellegrini-entre-otras-actividades-disertara-gustavo-lacha-lazzari\/\"},\"author\":{\"name\":\"Jorge Matheus\",\"@id\":\"https:\/\/infoecos.com.ar\/#\/schema\/person\/8f5ace5ce73b4b4aac4b7245aee6f191\"},\"headline\":\"Expo Rural de Pellegrini, desde las 18 de hoy disertar\u00e1 Gustavo \u00abLacha\u00bb Lazzari\",\"datePublished\":\"2024-11-12T00:32:24+00:00\",\"dateModified\":\"2024-11-14T16:40:49+00:00\",\"mainEntityOfPage\":{\"@id\":\"https:\/\/infoecos.com.ar\/index.php\/en-el-marco-de-la-expo-rural-de-pellegrini-entre-otras-actividades-disertara-gustavo-lacha-lazzari\/\"},\"wordCount\":305,\"publisher\":{\"@id\":\"https:\/\/infoecos.com.ar\/#organization\"},\"image\":{\"@id\":\"https:\/\/infoecos.com.ar\/index.php\/en-el-marco-de-la-expo-rural-de-pellegrini-entre-otras-actividades-disertara-gustavo-lacha-lazzari\/#primaryimage\"},\"thumbnailUrl\":\"https:\/\/infoecos.com.ar\/wp-content\/uploads\/2024\/11\/image-123.png\",\"articleSection\":[\"Noticia Secundaria\"],\"inLanguage\":\"es\"},{\"@type\":\"WebPage\",\"@id\":\"https:\/\/infoecos.com.ar\/index.php\/en-el-marco-de-la-expo-rural-de-pellegrini-entre-otras-actividades-disertara-gustavo-lacha-lazzari\/\",\"url\":\"https:\/\/infoecos.com.ar\/index.php\/en-el-marco-de-la-expo-rural-de-pellegrini-entre-otras-actividades-disertara-gustavo-lacha-lazzari\/\",\"name\":\"Expo Rural de Pellegrini, desde las 18 de hoy disertar\u00e1 Gustavo \\\"Lacha\\\" Lazzari - Infoecos\",\"isPartOf\":{\"@id\":\"https:\/\/infoecos.com.ar\/#website\"},\"primaryImageOfPage\":{\"@id\":\"https:\/\/infoecos.com.ar\/index.php\/en-el-marco-de-la-expo-rural-de-pellegrini-entre-otras-actividades-disertara-gustavo-lacha-lazzari\/#primaryimage\"},\"image\":{\"@id\":\"https:\/\/infoecos.com.ar\/index.php\/en-el-marco-de-la-expo-rural-de-pellegrini-entre-otras-actividades-disertara-gustavo-lacha-lazzari\/#primaryimage\"},\"thumbnailUrl\":\"https:\/\/infoecos.com.ar\/wp-content\/uploads\/2024\/11\/image-123.png\",\"datePublished\":\"2024-11-12T00:32:24+00:00\",\"dateModified\":\"2024-11-14T16:40:49+00:00\",\"breadcrumb\":{\"@id\":\"https:\/\/infoecos.com.ar\/index.php\/en-el-marco-de-la-expo-rural-de-pellegrini-entre-otras-actividades-disertara-gustavo-lacha-lazzari\/#breadcrumb\"},\"inLanguage\":\"es\",\"potentialAction\":[{\"@type\":\"ReadAction\",\"target\":[\"https:\/\/infoecos.com.ar\/index.php\/en-el-marco-de-la-expo-rural-de-pellegrini-entre-otras-actividades-disertara-gustavo-lacha-lazzari\/\"]}]},{\"@type\":\"ImageObject\",\"inLanguage\":\"es\",\"@id\":\"https:\/\/infoecos.com.ar\/index.php\/en-el-marco-de-la-expo-rural-de-pellegrini-entre-otras-actividades-disertara-gustavo-lacha-lazzari\/#primaryimage\",\"url\":\"https:\/\/infoecos.com.ar\/wp-content\/uploads\/2024\/11\/image-123.png\",\"contentUrl\":\"https:\/\/infoecos.com.ar\/wp-content\/uploads\/2024\/11\/image-123.png\",\"width\":959,\"height\":614},{\"@type\":\"BreadcrumbList\",\"@id\":\"https:\/\/infoecos.com.ar\/index.php\/en-el-marco-de-la-expo-rural-de-pellegrini-entre-otras-actividades-disertara-gustavo-lacha-lazzari\/#breadcrumb\",\"itemListElement\":[{\"@type\":\"ListItem\",\"position\":1,\"name\":\"Portada\",\"item\":\"https:\/\/infoecos.com.ar\/\"},{\"@type\":\"ListItem\",\"position\":2,\"name\":\"Expo Rural de Pellegrini, desde las 18 de hoy disertar\u00e1 Gustavo \u00abLacha\u00bb Lazzari\"}]},{\"@type\":\"WebSite\",\"@id\":\"https:\/\/infoecos.com.ar\/#website\",\"url\":\"https:\/\/infoecos.com.ar\/\",\"name\":\"Infoecos\",\"description\":\"Noticias de trenque lauquen y la zona\",\"publisher\":{\"@id\":\"https:\/\/infoecos.com.ar\/#organization\"},\"alternateName\":\"Noticias\",\"potentialAction\":[{\"@type\":\"SearchAction\",\"target\":{\"@type\":\"EntryPoint\",\"urlTemplate\":\"https:\/\/infoecos.com.ar\/?s={search_term_string}\"},\"query-input\":{\"@type\":\"PropertyValueSpecification\",\"valueRequired\":true,\"valueName\":\"search_term_string\"}}],\"inLanguage\":\"es\"},{\"@type\":\"Organization\",\"@id\":\"https:\/\/infoecos.com.ar\/#organization\",\"name\":\"Infoecos\",\"alternateName\":\"Noticias\",\"url\":\"https:\/\/infoecos.com.ar\/\",\"logo\":{\"@type\":\"ImageObject\",\"inLanguage\":\"es\",\"@id\":\"https:\/\/infoecos.com.ar\/#\/schema\/logo\/image\/\",\"url\":\"https:\/\/infoecos.com.ar\/wp-content\/uploads\/2024\/03\/cropped-logo.png\",\"contentUrl\":\"https:\/\/infoecos.com.ar\/wp-content\/uploads\/2024\/03\/cropped-logo.png\",\"width\":374,\"height\":90,\"caption\":\"Infoecos\"},\"image\":{\"@id\":\"https:\/\/infoecos.com.ar\/#\/schema\/logo\/image\/\"},\"sameAs\":[\"https:\/\/www.facebook.com\/profile.php?id=100063200290284\",\"https:\/\/x.com\/infoecos\"]},{\"@type\":\"Person\",\"@id\":\"https:\/\/infoecos.com.ar\/#\/schema\/person\/8f5ace5ce73b4b4aac4b7245aee6f191\",\"name\":\"Jorge Matheus\",\"url\":\"https:\/\/infoecos.com.ar\/index.php\/author\/jomatheus\/\"}]}<\/script>\n<!-- \/ Yoast SEO plugin. -->","yoast_head_json":{"title":"Expo Rural de Pellegrini, desde las 18 de hoy disertar\u00e1 Gustavo \"Lacha\" Lazzari - Infoecos","robots":{"index":"index","follow":"follow","max-snippet":"max-snippet:-1","max-image-preview":"max-image-preview:large","max-video-preview":"max-video-preview:-1"},"canonical":"https:\/\/infoecos.com.ar\/index.php\/en-el-marco-de-la-expo-rural-de-pellegrini-entre-otras-actividades-disertara-gustavo-lacha-lazzari\/","og_locale":"es_ES","og_type":"article","og_title":"Expo Rural de Pellegrini, desde las 18 de hoy disertar\u00e1 Gustavo \"Lacha\" Lazzari - Infoecos","og_description":"El s\u00e1bado 16 de noviembre, la jornada comenzar\u00e1 a las 10:30 horas con la apertura de la muestra. De 12 a 17 horas, los visitantes podr\u00e1n disfrutar del 12\u00b0 Encuentro de Motos Antiguas, organizado por la Asociaci\u00f3n de Motos Antiguas de Trenque Lauquen (AMAT). A las 21 horas, el Patio de Comidas abrir\u00e1 sus puertas, y \"Ema Klund\" se presentar\u00e1 en el escenario principal para ofrecer un show art\u00edstico","og_url":"https:\/\/infoecos.com.ar\/index.php\/en-el-marco-de-la-expo-rural-de-pellegrini-entre-otras-actividades-disertara-gustavo-lacha-lazzari\/","og_site_name":"Infoecos","article_publisher":"https:\/\/www.facebook.com\/profile.php?id=100063200290284","article_published_time":"2024-11-12T00:32:24+00:00","article_modified_time":"2024-11-14T16:40:49+00:00","og_image":[{"width":959,"height":614,"url":"https:\/\/infoecos.com.ar\/wp-content\/uploads\/2024\/11\/image-123.png","type":"image\/png"}],"author":"Jorge Matheus","twitter_card":"summary_large_image","twitter_creator":"@infoecos","twitter_site":"@infoecos","twitter_misc":{"Escrito por":"Jorge Matheus","Tiempo de lectura":"3 minutos"},"schema":{"@context":"https:\/\/schema.org","@graph":[{"@type":"Article","@id":"https:\/\/infoecos.com.ar\/index.php\/en-el-marco-de-la-expo-rural-de-pellegrini-entre-otras-actividades-disertara-gustavo-lacha-lazzari\/#article","isPartOf":{"@id":"https:\/\/infoecos.com.ar\/index.php\/en-el-marco-de-la-expo-rural-de-pellegrini-entre-otras-actividades-disertara-gustavo-lacha-lazzari\/"},"author":{"name":"Jorge Matheus","@id":"https:\/\/infoecos.com.ar\/#\/schema\/person\/8f5ace5ce73b4b4aac4b7245aee6f191"},"headline":"Expo Rural de Pellegrini, desde las 18 de hoy disertar\u00e1 Gustavo \u00abLacha\u00bb Lazzari","datePublished":"2024-11-12T00:32:24+00:00","dateModified":"2024-11-14T16:40:49+00:00","mainEntityOfPage":{"@id":"https:\/\/infoecos.com.ar\/index.php\/en-el-marco-de-la-expo-rural-de-pellegrini-entre-otras-actividades-disertara-gustavo-lacha-lazzari\/"},"wordCount":305,"publisher":{"@id":"https:\/\/infoecos.com.ar\/#organization"},"image":{"@id":"https:\/\/infoecos.com.ar\/index.php\/en-el-marco-de-la-expo-rural-de-pellegrini-entre-otras-actividades-disertara-gustavo-lacha-lazzari\/#primaryimage"},"thumbnailUrl":"https:\/\/infoecos.com.ar\/wp-content\/uploads\/2024\/11\/image-123.png","articleSection":["Noticia Secundaria"],"inLanguage":"es"},{"@type":"WebPage","@id":"https:\/\/infoecos.com.ar\/index.php\/en-el-marco-de-la-expo-rural-de-pellegrini-entre-otras-actividades-disertara-gustavo-lacha-lazzari\/","url":"https:\/\/infoecos.com.ar\/index.php\/en-el-marco-de-la-expo-rural-de-pellegrini-entre-otras-actividades-disertara-gustavo-lacha-lazzari\/","name":"Expo Rural de Pellegrini, desde las 18 de hoy disertar\u00e1 Gustavo \"Lacha\" Lazzari - Infoecos","isPartOf":{"@id":"https:\/\/infoecos.com.ar\/#website"},"primaryImageOfPage":{"@id":"https:\/\/infoecos.com.ar\/index.php\/en-el-marco-de-la-expo-rural-de-pellegrini-entre-otras-actividades-disertara-gustavo-lacha-lazzari\/#primaryimage"},"image":{"@id":"https:\/\/infoecos.com.ar\/index.php\/en-el-marco-de-la-expo-rural-de-pellegrini-entre-otras-actividades-disertara-gustavo-lacha-lazzari\/#primaryimage"},"thumbnailUrl":"https:\/\/infoecos.com.ar\/wp-content\/uploads\/2024\/11\/image-123.png","datePublished":"2024-11-12T00:32:24+00:00","dateModified":"2024-11-14T16:40:49+00:00","breadcrumb":{"@id":"https:\/\/infoecos.com.ar\/index.php\/en-el-marco-de-la-expo-rural-de-pellegrini-entre-otras-actividades-disertara-gustavo-lacha-lazzari\/#breadcrumb"},"inLanguage":"es","potentialAction":[{"@type":"ReadAction","target":["https:\/\/infoecos.com.ar\/index.php\/en-el-marco-de-la-expo-rural-de-pellegrini-entre-otras-actividades-disertara-gustavo-lacha-lazzari\/"]}]},{"@type":"ImageObject","inLanguage":"es","@id":"https:\/\/infoecos.com.ar\/index.php\/en-el-marco-de-la-expo-rural-de-pellegrini-entre-otras-actividades-disertara-gustavo-lacha-lazzari\/#primaryimage","url":"https:\/\/infoecos.com.ar\/wp-content\/uploads\/2024\/11\/image-123.png","contentUrl":"https:\/\/infoecos.com.ar\/wp-content\/uploads\/2024\/11\/image-123.png","width":959,"height":614},{"@type":"BreadcrumbList","@id":"https:\/\/infoecos.com.ar\/index.php\/en-el-marco-de-la-expo-rural-de-pellegrini-entre-otras-actividades-disertara-gustavo-lacha-lazzari\/#breadcrumb","itemListElement":[{"@type":"ListItem","position":1,"name":"Portada","item":"https:\/\/infoecos.com.ar\/"},{"@type":"ListItem","position":2,"name":"Expo Rural de Pellegrini, desde las 18 de hoy disertar\u00e1 Gustavo \u00abLacha\u00bb Lazzari"}]},{"@type":"WebSite","@id":"https:\/\/infoecos.com.ar\/#website","url":"https:\/\/infoecos.com.ar\/","name":"Infoecos","description":"Noticias de trenque lauquen y la zona","publisher":{"@id":"https:\/\/infoecos.com.ar\/#organization"},"alternateName":"Noticias","potentialAction":[{"@type":"SearchAction","target":{"@type":"EntryPoint","urlTemplate":"https:\/\/infoecos.com.ar\/?s={search_term_string}"},"query-input":{"@type":"PropertyValueSpecification","valueRequired":true,"valueName":"search_term_string"}}],"inLanguage":"es"},{"@type":"Organization","@id":"https:\/\/infoecos.com.ar\/#organization","name":"Infoecos","alternateName":"Noticias","url":"https:\/\/infoecos.com.ar\/","logo":{"@type":"ImageObject","inLanguage":"es","@id":"https:\/\/infoecos.com.ar\/#\/schema\/logo\/image\/","url":"https:\/\/infoecos.com.ar\/wp-content\/uploads\/2024\/03\/cropped-logo.png","contentUrl":"https:\/\/infoecos.com.ar\/wp-content\/uploads\/2024\/03\/cropped-logo.png","width":374,"height":90,"caption":"Infoecos"},"image":{"@id":"https:\/\/infoecos.com.ar\/#\/schema\/logo\/image\/"},"sameAs":["https:\/\/www.facebook.com\/profile.php?id=100063200290284","https:\/\/x.com\/infoecos"]},{"@type":"Person","@id":"https:\/\/infoecos.com.ar\/#\/schema\/person\/8f5ace5ce73b4b4aac4b7245aee6f191","name":"Jorge Matheus","url":"https:\/\/infoecos.com.ar\/index.php\/author\/jomatheus\/"}]}},"featured_image_urls":{"full":["https:\/\/infoecos.com.ar\/wp-content\/uploads\/2024\/11\/image-123.png",959,614,false],"thumbnail":["https:\/\/infoecos.com.ar\/wp-content\/uploads\/2024\/11\/image-123-300x150.png",300,150,true],"medium":["https:\/\/infoecos.com.ar\/wp-content\/uploads\/2024\/11\/image-123-800x512.png",800,512,true],"medium_large":["https:\/\/infoecos.com.ar\/wp-content\/uploads\/2024\/11\/image-123-768x492.png",640,410,true],"large":["https:\/\/infoecos.com.ar\/wp-content\/uploads\/2024\/11\/image-123.png",640,410,false],"1536x1536":["https:\/\/infoecos.com.ar\/wp-content\/uploads\/2024\/11\/image-123.png",959,614,false],"2048x2048":["https:\/\/infoecos.com.ar\/wp-content\/uploads\/2024\/11\/image-123.png",959,614,false],"covernews-slider-full":["https:\/\/infoecos.com.ar\/wp-content\/uploads\/2024\/11\/image-123.png",959,614,false],"covernews-slider-center":["https:\/\/infoecos.com.ar\/wp-content\/uploads\/2024\/11\/image-123-800x500.png",800,500,true],"covernews-featured":["https:\/\/infoecos.com.ar\/wp-content\/uploads\/2024\/11\/image-123.png",959,614,false],"covernews-medium":["https:\/\/infoecos.com.ar\/wp-content\/uploads\/2024\/11\/image-123-540x340.png",540,340,true],"covernews-medium-square":["https:\/\/infoecos.com.ar\/wp-content\/uploads\/2024\/11\/image-123-400x250.png",400,250,true]},"author_info":{"info":["Jorge Matheus"]},"category_info":"<a href=\"https:\/\/infoecos.com.ar\/index.php\/category\/noticia-secundaria\/\" rel=\"category tag\">Noticia Secundaria<\/a>","tag_info":"Noticia Secundaria","comment_count":"0","_links":{"self":[{"href":"https:\/\/infoecos.com.ar\/index.php\/wp-json\/wp\/v2\/posts\/132484"}],"collection":[{"href":"https:\/\/infoecos.com.ar\/index.php\/wp-json\/wp\/v2\/posts"}],"about":[{"href":"https:\/\/infoecos.com.ar\/index.php\/wp-json\/wp\/v2\/types\/post"}],"author":[{"embeddable":true,"href":"https:\/\/infoecos.com.ar\/index.php\/wp-json\/wp\/v2\/users\/2"}],"replies":[{"embeddable":true,"href":"https:\/\/infoecos.com.ar\/index.php\/wp-json\/wp\/v2\/comments?post=132484"}],"version-history":[{"count":3,"href":"https:\/\/infoecos.com.ar\/index.php\/wp-json\/wp\/v2\/posts\/132484\/revisions"}],"predecessor-version":[{"id":132655,"href":"https:\/\/infoecos.com.ar\/index.php\/wp-json\/wp\/v2\/posts\/132484\/revisions\/132655"}],"wp:featuredmedia":[{"embeddable":true,"href":"https:\/\/infoecos.com.ar\/index.php\/wp-json\/wp\/v2\/media\/132485"}],"wp:attachment":[{"href":"https:\/\/infoecos.com.ar\/index.php\/wp-json\/wp\/v2\/media?parent=132484"}],"wp:term":[{"taxonomy":"category","embeddable":true,"href":"https:\/\/infoecos.com.ar\/index.php\/wp-json\/wp\/v2\/categories?post=132484"},{"taxonomy":"post_tag","embeddable":true,"href":"https:\/\/infoecos.com.ar\/index.php\/wp-json\/wp\/v2\/tags?post=132484"}],"curies":[{"name":"wp","href":"https:\/\/api.w.org\/{rel}","templated":true}]}}