{"id":132616,"date":"2024-11-13T17:56:35","date_gmt":"2024-11-13T20:56:35","guid":{"rendered":"https:\/\/infoecos.com.ar\/?p=132616"},"modified":"2024-11-14T14:25:42","modified_gmt":"2024-11-14T17:25:42","slug":"por-conmemorarse-el-dia-mundial-de-la-diabetes-este-jueves-habra-distintas-actividades-en-trenque-lauquen","status":"publish","type":"post","link":"https:\/\/infoecos.com.ar\/index.php\/por-conmemorarse-el-dia-mundial-de-la-diabetes-este-jueves-habra-distintas-actividades-en-trenque-lauquen\/","title":{"rendered":"T.Lauquen: actividad por el D\u00eda Mundial de la Diabetes esta tarde"},"content":{"rendered":"\n<p>Este jueves se conmemora el D\u00eda Mundial de la Diabetes, una enfermedad que se caracteriza por ser metab\u00f3lica cr\u00f3nica con niveles altos de glucosa en sangre (o az\u00facar en sangre) que con el tiempo puede causar da\u00f1os graves en el coraz\u00f3n, los vasos sangu\u00edneos, los ojos, los ri\u00f1ones y los nervios. En Trenque Lauquen se realizan una serie de acciones para visibilizar el problema y concientizar a toda la poblaci\u00f3n.<\/p>\n\n\n\n<figure class=\"wp-block-image aligncenter size-full is-resized\"><img loading=\"lazy\" decoding=\"async\" width=\"1600\" height=\"1599\" src=\"https:\/\/infoecos.com.ar\/wp-content\/uploads\/2024\/11\/imagenes-miercoles-13-5.jpeg\" alt=\"\" class=\"wp-image-132617\" style=\"width:386px;height:auto\" srcset=\"https:\/\/infoecos.com.ar\/wp-content\/uploads\/2024\/11\/imagenes-miercoles-13-5.jpeg 1600w, https:\/\/infoecos.com.ar\/wp-content\/uploads\/2024\/11\/imagenes-miercoles-13-5-800x800.jpeg 800w, https:\/\/infoecos.com.ar\/wp-content\/uploads\/2024\/11\/imagenes-miercoles-13-5-768x768.jpeg 768w, https:\/\/infoecos.com.ar\/wp-content\/uploads\/2024\/11\/imagenes-miercoles-13-5-1536x1536.jpeg 1536w, https:\/\/infoecos.com.ar\/wp-content\/uploads\/2024\/11\/imagenes-miercoles-13-5-1024x1023.jpeg 1024w\" sizes=\"(max-width: 1600px) 100vw, 1600px\" \/><\/figure>\n\n\n\n<p>Las actividades se prolongan esta tarde en la Plaza San Mart\u00edn donde habr\u00e1 cuatro postas en simult\u00e1neo entre las 18 y 20 horas: Una posta con promotores de la salud controlando signos vitales, tensi\u00f3n arterial y glucemia; otra donde va a estar el Servicio de Nutrici\u00f3n del Municipio tambi\u00e9n brindando informaci\u00f3n sobre los planes alimentarios y educaci\u00f3n alimentaria; una tercera posta con una propuesta con actividad f\u00edsica que en este caso va a ser baile zumba a cargo de la profesora Lorena Campelo; y en la otra posta va a estar el Servicio de Endocrinolog\u00eda del Hospital Municipal.<\/p>\n\n\n\n<p>\u201cLa idea es visualizar y concientizar sobre tema de la diabetes que hoy en d\u00eda es un tema muy preocupante, ya que se advierte que va creciendo de la mano de la obesidad a causa de los cambios en el estilo de vida en los \u00faltimos a\u00f1os, b\u00e1sicamente la falta de actividad f\u00edsica, sobre todo en los ni\u00f1os\u201d, explica a trav\u00e9s del parte de prensa municipal el Dr. Alejandro Ahmar, m\u00e9dico especialista en diabetes.<\/p>\n\n\n\n<p>El especialista remarc\u00f3 que \u201caquel paciente que ya tiene m\u00e1s de 30 a\u00f1os con sobrepeso, con alg\u00fan factor de riesgo como alg\u00fan familiar con diabetes, deber\u00eda hacerse un control cl\u00ednico con su m\u00e9dico ya que se puede detectar de una manera simple y sencilla como un examen de glucemia\u201d.<\/p>\n\n\n\n<figure class=\"wp-block-image aligncenter size-full is-resized\"><img loading=\"lazy\" decoding=\"async\" width=\"600\" height=\"400\" src=\"https:\/\/infoecos.com.ar\/wp-content\/uploads\/2024\/11\/image-152.png\" alt=\"\" class=\"wp-image-132618\" style=\"width:468px;height:auto\"\/><\/figure>\n","protected":false},"excerpt":{"rendered":"<p>Las actividades se prolongan esta tarde en la Plaza San Mart\u00edn donde habr\u00e1 cuatro postas en simult\u00e1neo entre las 18 y 20 horas<\/p>\n","protected":false},"author":2,"featured_media":132618,"comment_status":"closed","ping_status":"open","sticky":false,"template":"","format":"standard","meta":{"footnotes":""},"categories":[1613],"tags":[],"class_list":["post-132616","post","type-post","status-publish","format-standard","has-post-thumbnail","hentry","category-noticia-secundaria"],"yoast_head":"<!-- This site is optimized with the Yoast SEO plugin v23.4 - https:\/\/yoast.com\/wordpress\/plugins\/seo\/ -->\n<title>T.Lauquen: actividad por el D\u00eda Mundial de la Diabetes esta tarde - Infoecos<\/title>\n<meta name=\"robots\" content=\"index, follow, max-snippet:-1, max-image-preview:large, max-video-preview:-1\" \/>\n<link rel=\"canonical\" href=\"https:\/\/infoecos.com.ar\/index.php\/por-conmemorarse-el-dia-mundial-de-la-diabetes-este-jueves-habra-distintas-actividades-en-trenque-lauquen\/\" \/>\n<meta property=\"og:locale\" content=\"es_ES\" \/>\n<meta property=\"og:type\" content=\"article\" \/>\n<meta property=\"og:title\" content=\"T.Lauquen: actividad por el D\u00eda Mundial de la Diabetes esta tarde - Infoecos\" \/>\n<meta property=\"og:description\" content=\"Las actividades se prolongan esta tarde en la Plaza San Mart\u00edn donde habr\u00e1 cuatro postas en simult\u00e1neo entre las 18 y 20 horas\" \/>\n<meta property=\"og:url\" content=\"https:\/\/infoecos.com.ar\/index.php\/por-conmemorarse-el-dia-mundial-de-la-diabetes-este-jueves-habra-distintas-actividades-en-trenque-lauquen\/\" \/>\n<meta property=\"og:site_name\" content=\"Infoecos\" \/>\n<meta property=\"article:publisher\" content=\"https:\/\/www.facebook.com\/profile.php?id=100063200290284\" \/>\n<meta property=\"article:published_time\" content=\"2024-11-13T20:56:35+00:00\" \/>\n<meta property=\"article:modified_time\" content=\"2024-11-14T17:25:42+00:00\" \/>\n<meta property=\"og:image\" content=\"https:\/\/infoecos.com.ar\/wp-content\/uploads\/2024\/11\/image-152.png\" \/>\n\t<meta property=\"og:image:width\" content=\"600\" \/>\n\t<meta property=\"og:image:height\" content=\"400\" \/>\n\t<meta property=\"og:image:type\" content=\"image\/png\" \/>\n<meta name=\"author\" content=\"Jorge Matheus\" \/>\n<meta name=\"twitter:card\" content=\"summary_large_image\" \/>\n<meta name=\"twitter:creator\" content=\"@infoecos\" \/>\n<meta name=\"twitter:site\" content=\"@infoecos\" \/>\n<meta name=\"twitter:label1\" content=\"Escrito por\" \/>\n\t<meta name=\"twitter:data1\" content=\"Jorge Matheus\" \/>\n\t<meta name=\"twitter:label2\" content=\"Tiempo de lectura\" \/>\n\t<meta name=\"twitter:data2\" content=\"2 minutos\" \/>\n<script type=\"application\/ld+json\" class=\"yoast-schema-graph\">{\"@context\":\"https:\/\/schema.org\",\"@graph\":[{\"@type\":\"Article\",\"@id\":\"https:\/\/infoecos.com.ar\/index.php\/por-conmemorarse-el-dia-mundial-de-la-diabetes-este-jueves-habra-distintas-actividades-en-trenque-lauquen\/#article\",\"isPartOf\":{\"@id\":\"https:\/\/infoecos.com.ar\/index.php\/por-conmemorarse-el-dia-mundial-de-la-diabetes-este-jueves-habra-distintas-actividades-en-trenque-lauquen\/\"},\"author\":{\"name\":\"Jorge Matheus\",\"@id\":\"https:\/\/infoecos.com.ar\/#\/schema\/person\/8f5ace5ce73b4b4aac4b7245aee6f191\"},\"headline\":\"T.Lauquen: actividad por el D\u00eda Mundial de la Diabetes esta tarde\",\"datePublished\":\"2024-11-13T20:56:35+00:00\",\"dateModified\":\"2024-11-14T17:25:42+00:00\",\"mainEntityOfPage\":{\"@id\":\"https:\/\/infoecos.com.ar\/index.php\/por-conmemorarse-el-dia-mundial-de-la-diabetes-este-jueves-habra-distintas-actividades-en-trenque-lauquen\/\"},\"wordCount\":333,\"publisher\":{\"@id\":\"https:\/\/infoecos.com.ar\/#organization\"},\"image\":{\"@id\":\"https:\/\/infoecos.com.ar\/index.php\/por-conmemorarse-el-dia-mundial-de-la-diabetes-este-jueves-habra-distintas-actividades-en-trenque-lauquen\/#primaryimage\"},\"thumbnailUrl\":\"https:\/\/infoecos.com.ar\/wp-content\/uploads\/2024\/11\/image-152.png\",\"articleSection\":[\"Noticia Secundaria\"],\"inLanguage\":\"es\"},{\"@type\":\"WebPage\",\"@id\":\"https:\/\/infoecos.com.ar\/index.php\/por-conmemorarse-el-dia-mundial-de-la-diabetes-este-jueves-habra-distintas-actividades-en-trenque-lauquen\/\",\"url\":\"https:\/\/infoecos.com.ar\/index.php\/por-conmemorarse-el-dia-mundial-de-la-diabetes-este-jueves-habra-distintas-actividades-en-trenque-lauquen\/\",\"name\":\"T.Lauquen: actividad por el D\u00eda Mundial de la Diabetes esta tarde - Infoecos\",\"isPartOf\":{\"@id\":\"https:\/\/infoecos.com.ar\/#website\"},\"primaryImageOfPage\":{\"@id\":\"https:\/\/infoecos.com.ar\/index.php\/por-conmemorarse-el-dia-mundial-de-la-diabetes-este-jueves-habra-distintas-actividades-en-trenque-lauquen\/#primaryimage\"},\"image\":{\"@id\":\"https:\/\/infoecos.com.ar\/index.php\/por-conmemorarse-el-dia-mundial-de-la-diabetes-este-jueves-habra-distintas-actividades-en-trenque-lauquen\/#primaryimage\"},\"thumbnailUrl\":\"https:\/\/infoecos.com.ar\/wp-content\/uploads\/2024\/11\/image-152.png\",\"datePublished\":\"2024-11-13T20:56:35+00:00\",\"dateModified\":\"2024-11-14T17:25:42+00:00\",\"breadcrumb\":{\"@id\":\"https:\/\/infoecos.com.ar\/index.php\/por-conmemorarse-el-dia-mundial-de-la-diabetes-este-jueves-habra-distintas-actividades-en-trenque-lauquen\/#breadcrumb\"},\"inLanguage\":\"es\",\"potentialAction\":[{\"@type\":\"ReadAction\",\"target\":[\"https:\/\/infoecos.com.ar\/index.php\/por-conmemorarse-el-dia-mundial-de-la-diabetes-este-jueves-habra-distintas-actividades-en-trenque-lauquen\/\"]}]},{\"@type\":\"ImageObject\",\"inLanguage\":\"es\",\"@id\":\"https:\/\/infoecos.com.ar\/index.php\/por-conmemorarse-el-dia-mundial-de-la-diabetes-este-jueves-habra-distintas-actividades-en-trenque-lauquen\/#primaryimage\",\"url\":\"https:\/\/infoecos.com.ar\/wp-content\/uploads\/2024\/11\/image-152.png\",\"contentUrl\":\"https:\/\/infoecos.com.ar\/wp-content\/uploads\/2024\/11\/image-152.png\",\"width\":600,\"height\":400},{\"@type\":\"BreadcrumbList\",\"@id\":\"https:\/\/infoecos.com.ar\/index.php\/por-conmemorarse-el-dia-mundial-de-la-diabetes-este-jueves-habra-distintas-actividades-en-trenque-lauquen\/#breadcrumb\",\"itemListElement\":[{\"@type\":\"ListItem\",\"position\":1,\"name\":\"Portada\",\"item\":\"https:\/\/infoecos.com.ar\/\"},{\"@type\":\"ListItem\",\"position\":2,\"name\":\"T.Lauquen: actividad por el D\u00eda Mundial de la Diabetes esta tarde\"}]},{\"@type\":\"WebSite\",\"@id\":\"https:\/\/infoecos.com.ar\/#website\",\"url\":\"https:\/\/infoecos.com.ar\/\",\"name\":\"Infoecos\",\"description\":\"Noticias de trenque lauquen y la zona\",\"publisher\":{\"@id\":\"https:\/\/infoecos.com.ar\/#organization\"},\"alternateName\":\"Noticias\",\"potentialAction\":[{\"@type\":\"SearchAction\",\"target\":{\"@type\":\"EntryPoint\",\"urlTemplate\":\"https:\/\/infoecos.com.ar\/?s={search_term_string}\"},\"query-input\":{\"@type\":\"PropertyValueSpecification\",\"valueRequired\":true,\"valueName\":\"search_term_string\"}}],\"inLanguage\":\"es\"},{\"@type\":\"Organization\",\"@id\":\"https:\/\/infoecos.com.ar\/#organization\",\"name\":\"Infoecos\",\"alternateName\":\"Noticias\",\"url\":\"https:\/\/infoecos.com.ar\/\",\"logo\":{\"@type\":\"ImageObject\",\"inLanguage\":\"es\",\"@id\":\"https:\/\/infoecos.com.ar\/#\/schema\/logo\/image\/\",\"url\":\"https:\/\/infoecos.com.ar\/wp-content\/uploads\/2024\/03\/cropped-logo.png\",\"contentUrl\":\"https:\/\/infoecos.com.ar\/wp-content\/uploads\/2024\/03\/cropped-logo.png\",\"width\":374,\"height\":90,\"caption\":\"Infoecos\"},\"image\":{\"@id\":\"https:\/\/infoecos.com.ar\/#\/schema\/logo\/image\/\"},\"sameAs\":[\"https:\/\/www.facebook.com\/profile.php?id=100063200290284\",\"https:\/\/x.com\/infoecos\"]},{\"@type\":\"Person\",\"@id\":\"https:\/\/infoecos.com.ar\/#\/schema\/person\/8f5ace5ce73b4b4aac4b7245aee6f191\",\"name\":\"Jorge Matheus\",\"url\":\"https:\/\/infoecos.com.ar\/index.php\/author\/jomatheus\/\"}]}<\/script>\n<!-- \/ Yoast SEO plugin. -->","yoast_head_json":{"title":"T.Lauquen: actividad por el D\u00eda Mundial de la Diabetes esta tarde - Infoecos","robots":{"index":"index","follow":"follow","max-snippet":"max-snippet:-1","max-image-preview":"max-image-preview:large","max-video-preview":"max-video-preview:-1"},"canonical":"https:\/\/infoecos.com.ar\/index.php\/por-conmemorarse-el-dia-mundial-de-la-diabetes-este-jueves-habra-distintas-actividades-en-trenque-lauquen\/","og_locale":"es_ES","og_type":"article","og_title":"T.Lauquen: actividad por el D\u00eda Mundial de la Diabetes esta tarde - Infoecos","og_description":"Las actividades se prolongan esta tarde en la Plaza San Mart\u00edn donde habr\u00e1 cuatro postas en simult\u00e1neo entre las 18 y 20 horas","og_url":"https:\/\/infoecos.com.ar\/index.php\/por-conmemorarse-el-dia-mundial-de-la-diabetes-este-jueves-habra-distintas-actividades-en-trenque-lauquen\/","og_site_name":"Infoecos","article_publisher":"https:\/\/www.facebook.com\/profile.php?id=100063200290284","article_published_time":"2024-11-13T20:56:35+00:00","article_modified_time":"2024-11-14T17:25:42+00:00","og_image":[{"width":600,"height":400,"url":"https:\/\/infoecos.com.ar\/wp-content\/uploads\/2024\/11\/image-152.png","type":"image\/png"}],"author":"Jorge Matheus","twitter_card":"summary_large_image","twitter_creator":"@infoecos","twitter_site":"@infoecos","twitter_misc":{"Escrito por":"Jorge Matheus","Tiempo de lectura":"2 minutos"},"schema":{"@context":"https:\/\/schema.org","@graph":[{"@type":"Article","@id":"https:\/\/infoecos.com.ar\/index.php\/por-conmemorarse-el-dia-mundial-de-la-diabetes-este-jueves-habra-distintas-actividades-en-trenque-lauquen\/#article","isPartOf":{"@id":"https:\/\/infoecos.com.ar\/index.php\/por-conmemorarse-el-dia-mundial-de-la-diabetes-este-jueves-habra-distintas-actividades-en-trenque-lauquen\/"},"author":{"name":"Jorge Matheus","@id":"https:\/\/infoecos.com.ar\/#\/schema\/person\/8f5ace5ce73b4b4aac4b7245aee6f191"},"headline":"T.Lauquen: actividad por el D\u00eda Mundial de la Diabetes esta tarde","datePublished":"2024-11-13T20:56:35+00:00","dateModified":"2024-11-14T17:25:42+00:00","mainEntityOfPage":{"@id":"https:\/\/infoecos.com.ar\/index.php\/por-conmemorarse-el-dia-mundial-de-la-diabetes-este-jueves-habra-distintas-actividades-en-trenque-lauquen\/"},"wordCount":333,"publisher":{"@id":"https:\/\/infoecos.com.ar\/#organization"},"image":{"@id":"https:\/\/infoecos.com.ar\/index.php\/por-conmemorarse-el-dia-mundial-de-la-diabetes-este-jueves-habra-distintas-actividades-en-trenque-lauquen\/#primaryimage"},"thumbnailUrl":"https:\/\/infoecos.com.ar\/wp-content\/uploads\/2024\/11\/image-152.png","articleSection":["Noticia Secundaria"],"inLanguage":"es"},{"@type":"WebPage","@id":"https:\/\/infoecos.com.ar\/index.php\/por-conmemorarse-el-dia-mundial-de-la-diabetes-este-jueves-habra-distintas-actividades-en-trenque-lauquen\/","url":"https:\/\/infoecos.com.ar\/index.php\/por-conmemorarse-el-dia-mundial-de-la-diabetes-este-jueves-habra-distintas-actividades-en-trenque-lauquen\/","name":"T.Lauquen: actividad por el D\u00eda Mundial de la Diabetes esta tarde - Infoecos","isPartOf":{"@id":"https:\/\/infoecos.com.ar\/#website"},"primaryImageOfPage":{"@id":"https:\/\/infoecos.com.ar\/index.php\/por-conmemorarse-el-dia-mundial-de-la-diabetes-este-jueves-habra-distintas-actividades-en-trenque-lauquen\/#primaryimage"},"image":{"@id":"https:\/\/infoecos.com.ar\/index.php\/por-conmemorarse-el-dia-mundial-de-la-diabetes-este-jueves-habra-distintas-actividades-en-trenque-lauquen\/#primaryimage"},"thumbnailUrl":"https:\/\/infoecos.com.ar\/wp-content\/uploads\/2024\/11\/image-152.png","datePublished":"2024-11-13T20:56:35+00:00","dateModified":"2024-11-14T17:25:42+00:00","breadcrumb":{"@id":"https:\/\/infoecos.com.ar\/index.php\/por-conmemorarse-el-dia-mundial-de-la-diabetes-este-jueves-habra-distintas-actividades-en-trenque-lauquen\/#breadcrumb"},"inLanguage":"es","potentialAction":[{"@type":"ReadAction","target":["https:\/\/infoecos.com.ar\/index.php\/por-conmemorarse-el-dia-mundial-de-la-diabetes-este-jueves-habra-distintas-actividades-en-trenque-lauquen\/"]}]},{"@type":"ImageObject","inLanguage":"es","@id":"https:\/\/infoecos.com.ar\/index.php\/por-conmemorarse-el-dia-mundial-de-la-diabetes-este-jueves-habra-distintas-actividades-en-trenque-lauquen\/#primaryimage","url":"https:\/\/infoecos.com.ar\/wp-content\/uploads\/2024\/11\/image-152.png","contentUrl":"https:\/\/infoecos.com.ar\/wp-content\/uploads\/2024\/11\/image-152.png","width":600,"height":400},{"@type":"BreadcrumbList","@id":"https:\/\/infoecos.com.ar\/index.php\/por-conmemorarse-el-dia-mundial-de-la-diabetes-este-jueves-habra-distintas-actividades-en-trenque-lauquen\/#breadcrumb","itemListElement":[{"@type":"ListItem","position":1,"name":"Portada","item":"https:\/\/infoecos.com.ar\/"},{"@type":"ListItem","position":2,"name":"T.Lauquen: actividad por el D\u00eda Mundial de la Diabetes esta tarde"}]},{"@type":"WebSite","@id":"https:\/\/infoecos.com.ar\/#website","url":"https:\/\/infoecos.com.ar\/","name":"Infoecos","description":"Noticias de trenque lauquen y la zona","publisher":{"@id":"https:\/\/infoecos.com.ar\/#organization"},"alternateName":"Noticias","potentialAction":[{"@type":"SearchAction","target":{"@type":"EntryPoint","urlTemplate":"https:\/\/infoecos.com.ar\/?s={search_term_string}"},"query-input":{"@type":"PropertyValueSpecification","valueRequired":true,"valueName":"search_term_string"}}],"inLanguage":"es"},{"@type":"Organization","@id":"https:\/\/infoecos.com.ar\/#organization","name":"Infoecos","alternateName":"Noticias","url":"https:\/\/infoecos.com.ar\/","logo":{"@type":"ImageObject","inLanguage":"es","@id":"https:\/\/infoecos.com.ar\/#\/schema\/logo\/image\/","url":"https:\/\/infoecos.com.ar\/wp-content\/uploads\/2024\/03\/cropped-logo.png","contentUrl":"https:\/\/infoecos.com.ar\/wp-content\/uploads\/2024\/03\/cropped-logo.png","width":374,"height":90,"caption":"Infoecos"},"image":{"@id":"https:\/\/infoecos.com.ar\/#\/schema\/logo\/image\/"},"sameAs":["https:\/\/www.facebook.com\/profile.php?id=100063200290284","https:\/\/x.com\/infoecos"]},{"@type":"Person","@id":"https:\/\/infoecos.com.ar\/#\/schema\/person\/8f5ace5ce73b4b4aac4b7245aee6f191","name":"Jorge Matheus","url":"https:\/\/infoecos.com.ar\/index.php\/author\/jomatheus\/"}]}},"featured_image_urls":{"full":["https:\/\/infoecos.com.ar\/wp-content\/uploads\/2024\/11\/image-152.png",600,400,false],"thumbnail":["https:\/\/infoecos.com.ar\/wp-content\/uploads\/2024\/11\/image-152-300x150.png",300,150,true],"medium":["https:\/\/infoecos.com.ar\/wp-content\/uploads\/2024\/11\/image-152.png",600,400,false],"medium_large":["https:\/\/infoecos.com.ar\/wp-content\/uploads\/2024\/11\/image-152.png",600,400,false],"large":["https:\/\/infoecos.com.ar\/wp-content\/uploads\/2024\/11\/image-152.png",600,400,false],"1536x1536":["https:\/\/infoecos.com.ar\/wp-content\/uploads\/2024\/11\/image-152.png",600,400,false],"2048x2048":["https:\/\/infoecos.com.ar\/wp-content\/uploads\/2024\/11\/image-152.png",600,400,false],"covernews-slider-full":["https:\/\/infoecos.com.ar\/wp-content\/uploads\/2024\/11\/image-152.png",600,400,false],"covernews-slider-center":["https:\/\/infoecos.com.ar\/wp-content\/uploads\/2024\/11\/image-152.png",600,400,false],"covernews-featured":["https:\/\/infoecos.com.ar\/wp-content\/uploads\/2024\/11\/image-152.png",600,400,false],"covernews-medium":["https:\/\/infoecos.com.ar\/wp-content\/uploads\/2024\/11\/image-152-540x340.png",540,340,true],"covernews-medium-square":["https:\/\/infoecos.com.ar\/wp-content\/uploads\/2024\/11\/image-152-400x250.png",400,250,true]},"author_info":{"info":["Jorge Matheus"]},"category_info":"<a href=\"https:\/\/infoecos.com.ar\/index.php\/category\/noticia-secundaria\/\" rel=\"category tag\">Noticia Secundaria<\/a>","tag_info":"Noticia Secundaria","comment_count":"0","_links":{"self":[{"href":"https:\/\/infoecos.com.ar\/index.php\/wp-json\/wp\/v2\/posts\/132616"}],"collection":[{"href":"https:\/\/infoecos.com.ar\/index.php\/wp-json\/wp\/v2\/posts"}],"about":[{"href":"https:\/\/infoecos.com.ar\/index.php\/wp-json\/wp\/v2\/types\/post"}],"author":[{"embeddable":true,"href":"https:\/\/infoecos.com.ar\/index.php\/wp-json\/wp\/v2\/users\/2"}],"replies":[{"embeddable":true,"href":"https:\/\/infoecos.com.ar\/index.php\/wp-json\/wp\/v2\/comments?post=132616"}],"version-history":[{"count":3,"href":"https:\/\/infoecos.com.ar\/index.php\/wp-json\/wp\/v2\/posts\/132616\/revisions"}],"predecessor-version":[{"id":132662,"href":"https:\/\/infoecos.com.ar\/index.php\/wp-json\/wp\/v2\/posts\/132616\/revisions\/132662"}],"wp:featuredmedia":[{"embeddable":true,"href":"https:\/\/infoecos.com.ar\/index.php\/wp-json\/wp\/v2\/media\/132618"}],"wp:attachment":[{"href":"https:\/\/infoecos.com.ar\/index.php\/wp-json\/wp\/v2\/media?parent=132616"}],"wp:term":[{"taxonomy":"category","embeddable":true,"href":"https:\/\/infoecos.com.ar\/index.php\/wp-json\/wp\/v2\/categories?post=132616"},{"taxonomy":"post_tag","embeddable":true,"href":"https:\/\/infoecos.com.ar\/index.php\/wp-json\/wp\/v2\/tags?post=132616"}],"curies":[{"name":"wp","href":"https:\/\/api.w.org\/{rel}","templated":true}]}}