{"id":132918,"date":"2024-11-19T20:51:43","date_gmt":"2024-11-19T23:51:43","guid":{"rendered":"https:\/\/infoecos.com.ar\/?p=132918"},"modified":"2024-11-19T20:51:44","modified_gmt":"2024-11-19T23:51:44","slug":"el-acto-del-dia-de-la-soberania-nacional-en-t-lauquen-se-realiza-este-miercoles-en-plaza-san-martin","status":"publish","type":"post","link":"https:\/\/infoecos.com.ar\/index.php\/el-acto-del-dia-de-la-soberania-nacional-en-t-lauquen-se-realiza-este-miercoles-en-plaza-san-martin\/","title":{"rendered":"El acto del D\u00eda de la Soberan\u00eda Nacional en T.Lauquen se realiza este mi\u00e9rcoles en Plaza San Mart\u00edn"},"content":{"rendered":"\n<p>Este mi\u00e9rcoles desde las 8 de la ma\u00f1ana se realizar\u00e1 en la Plaza San Mart\u00edn de Trenque Lauquen el acto de conmemoraci\u00f3n del D\u00eda de la Soberan\u00eda Nacional.<\/p>\n\n\n\n<figure class=\"wp-block-image aligncenter size-full is-resized\"><img loading=\"lazy\" decoding=\"async\" width=\"696\" height=\"340\" src=\"https:\/\/infoecos.com.ar\/wp-content\/uploads\/2024\/11\/image-225.png\" alt=\"\" class=\"wp-image-132919\" style=\"width:376px;height:auto\"\/><\/figure>\n\n\n\n<p>El acto ser\u00e1 encabezado por el intendente Francisco Recoulat y consistir\u00e1 en el izamiento de banderas y se entonar\u00e1n las estrofas del Himno Nacional Argentino.<\/p>\n\n\n\n<p>Este d\u00eda se conmemora la batalla de la Vuelta de Obligado que tuvo lugar el 20 de noviembre de 1845, en un recodo del r\u00edo Paran\u00e1, al norte de la provincia de Buenos Aires.<\/p>\n\n\n\n<p>Una fecha discutida en la historia nacional de la que Felipe Pigna escribe:<strong> La firme actitud de Rosas durante estos episodios le vali\u00f3 la felicitaci\u00f3n del general San Mart\u00edn y un apartado especial en su testamento<\/strong>:\u00a0<em>\u201cEl sable que me ha acompa\u00f1ado en toda la guerra de la independencia de la Am\u00e9rica del Sur le ser\u00e1 entregado al general Juan Manuel de Rosas, como prueba de la satisfacci\u00f3n que, como argentino, he tenido al ver la firmeza con que ha sostenido el honor de la Rep\u00fablica contra las injustas pretensiones de los extranjeros que trataban de humillarla\u201d.<\/em><\/p>\n","protected":false},"excerpt":{"rendered":"<p>El acto ser\u00e1 encabezado por el intendente Francisco Recoulat y consistir\u00e1 en el izamiento de banderas y se entonar\u00e1n las estrofas del Himno Nacional Argentino<\/p>\n","protected":false},"author":2,"featured_media":132919,"comment_status":"closed","ping_status":"open","sticky":false,"template":"","format":"standard","meta":{"footnotes":""},"categories":[1613],"tags":[],"class_list":["post-132918","post","type-post","status-publish","format-standard","has-post-thumbnail","hentry","category-noticia-secundaria"],"yoast_head":"<!-- This site is optimized with the Yoast SEO plugin v23.4 - https:\/\/yoast.com\/wordpress\/plugins\/seo\/ -->\n<title>El acto del D\u00eda de la Soberan\u00eda Nacional en T.Lauquen se realiza este mi\u00e9rcoles en Plaza San Mart\u00edn - Infoecos<\/title>\n<meta name=\"robots\" content=\"index, follow, max-snippet:-1, max-image-preview:large, max-video-preview:-1\" \/>\n<link rel=\"canonical\" href=\"https:\/\/infoecos.com.ar\/index.php\/el-acto-del-dia-de-la-soberania-nacional-en-t-lauquen-se-realiza-este-miercoles-en-plaza-san-martin\/\" \/>\n<meta property=\"og:locale\" content=\"es_ES\" \/>\n<meta property=\"og:type\" content=\"article\" \/>\n<meta property=\"og:title\" content=\"El acto del D\u00eda de la Soberan\u00eda Nacional en T.Lauquen se realiza este mi\u00e9rcoles en Plaza San Mart\u00edn - Infoecos\" \/>\n<meta property=\"og:description\" content=\"El acto ser\u00e1 encabezado por el intendente Francisco Recoulat y consistir\u00e1 en el izamiento de banderas y se entonar\u00e1n las estrofas del Himno Nacional Argentino\" \/>\n<meta property=\"og:url\" content=\"https:\/\/infoecos.com.ar\/index.php\/el-acto-del-dia-de-la-soberania-nacional-en-t-lauquen-se-realiza-este-miercoles-en-plaza-san-martin\/\" \/>\n<meta property=\"og:site_name\" content=\"Infoecos\" \/>\n<meta property=\"article:publisher\" content=\"https:\/\/www.facebook.com\/profile.php?id=100063200290284\" \/>\n<meta property=\"article:published_time\" content=\"2024-11-19T23:51:43+00:00\" \/>\n<meta property=\"article:modified_time\" content=\"2024-11-19T23:51:44+00:00\" \/>\n<meta property=\"og:image\" content=\"https:\/\/infoecos.com.ar\/wp-content\/uploads\/2024\/11\/image-225.png\" \/>\n\t<meta property=\"og:image:width\" content=\"696\" \/>\n\t<meta property=\"og:image:height\" content=\"340\" \/>\n\t<meta property=\"og:image:type\" content=\"image\/png\" \/>\n<meta name=\"author\" content=\"Jorge Matheus\" \/>\n<meta name=\"twitter:card\" content=\"summary_large_image\" \/>\n<meta name=\"twitter:creator\" content=\"@infoecos\" \/>\n<meta name=\"twitter:site\" content=\"@infoecos\" \/>\n<meta name=\"twitter:label1\" content=\"Escrito por\" \/>\n\t<meta name=\"twitter:data1\" content=\"Jorge Matheus\" \/>\n\t<meta name=\"twitter:label2\" content=\"Tiempo de lectura\" \/>\n\t<meta name=\"twitter:data2\" content=\"2 minutos\" \/>\n<script type=\"application\/ld+json\" class=\"yoast-schema-graph\">{\"@context\":\"https:\/\/schema.org\",\"@graph\":[{\"@type\":\"Article\",\"@id\":\"https:\/\/infoecos.com.ar\/index.php\/el-acto-del-dia-de-la-soberania-nacional-en-t-lauquen-se-realiza-este-miercoles-en-plaza-san-martin\/#article\",\"isPartOf\":{\"@id\":\"https:\/\/infoecos.com.ar\/index.php\/el-acto-del-dia-de-la-soberania-nacional-en-t-lauquen-se-realiza-este-miercoles-en-plaza-san-martin\/\"},\"author\":{\"name\":\"Jorge Matheus\",\"@id\":\"https:\/\/infoecos.com.ar\/#\/schema\/person\/8f5ace5ce73b4b4aac4b7245aee6f191\"},\"headline\":\"El acto del D\u00eda de la Soberan\u00eda Nacional en T.Lauquen se realiza este mi\u00e9rcoles en Plaza San Mart\u00edn\",\"datePublished\":\"2024-11-19T23:51:43+00:00\",\"dateModified\":\"2024-11-19T23:51:44+00:00\",\"mainEntityOfPage\":{\"@id\":\"https:\/\/infoecos.com.ar\/index.php\/el-acto-del-dia-de-la-soberania-nacional-en-t-lauquen-se-realiza-este-miercoles-en-plaza-san-martin\/\"},\"wordCount\":219,\"publisher\":{\"@id\":\"https:\/\/infoecos.com.ar\/#organization\"},\"image\":{\"@id\":\"https:\/\/infoecos.com.ar\/index.php\/el-acto-del-dia-de-la-soberania-nacional-en-t-lauquen-se-realiza-este-miercoles-en-plaza-san-martin\/#primaryimage\"},\"thumbnailUrl\":\"https:\/\/infoecos.com.ar\/wp-content\/uploads\/2024\/11\/image-225.png\",\"articleSection\":[\"Noticia Secundaria\"],\"inLanguage\":\"es\"},{\"@type\":\"WebPage\",\"@id\":\"https:\/\/infoecos.com.ar\/index.php\/el-acto-del-dia-de-la-soberania-nacional-en-t-lauquen-se-realiza-este-miercoles-en-plaza-san-martin\/\",\"url\":\"https:\/\/infoecos.com.ar\/index.php\/el-acto-del-dia-de-la-soberania-nacional-en-t-lauquen-se-realiza-este-miercoles-en-plaza-san-martin\/\",\"name\":\"El acto del D\u00eda de la Soberan\u00eda Nacional en T.Lauquen se realiza este mi\u00e9rcoles en Plaza San Mart\u00edn - Infoecos\",\"isPartOf\":{\"@id\":\"https:\/\/infoecos.com.ar\/#website\"},\"primaryImageOfPage\":{\"@id\":\"https:\/\/infoecos.com.ar\/index.php\/el-acto-del-dia-de-la-soberania-nacional-en-t-lauquen-se-realiza-este-miercoles-en-plaza-san-martin\/#primaryimage\"},\"image\":{\"@id\":\"https:\/\/infoecos.com.ar\/index.php\/el-acto-del-dia-de-la-soberania-nacional-en-t-lauquen-se-realiza-este-miercoles-en-plaza-san-martin\/#primaryimage\"},\"thumbnailUrl\":\"https:\/\/infoecos.com.ar\/wp-content\/uploads\/2024\/11\/image-225.png\",\"datePublished\":\"2024-11-19T23:51:43+00:00\",\"dateModified\":\"2024-11-19T23:51:44+00:00\",\"breadcrumb\":{\"@id\":\"https:\/\/infoecos.com.ar\/index.php\/el-acto-del-dia-de-la-soberania-nacional-en-t-lauquen-se-realiza-este-miercoles-en-plaza-san-martin\/#breadcrumb\"},\"inLanguage\":\"es\",\"potentialAction\":[{\"@type\":\"ReadAction\",\"target\":[\"https:\/\/infoecos.com.ar\/index.php\/el-acto-del-dia-de-la-soberania-nacional-en-t-lauquen-se-realiza-este-miercoles-en-plaza-san-martin\/\"]}]},{\"@type\":\"ImageObject\",\"inLanguage\":\"es\",\"@id\":\"https:\/\/infoecos.com.ar\/index.php\/el-acto-del-dia-de-la-soberania-nacional-en-t-lauquen-se-realiza-este-miercoles-en-plaza-san-martin\/#primaryimage\",\"url\":\"https:\/\/infoecos.com.ar\/wp-content\/uploads\/2024\/11\/image-225.png\",\"contentUrl\":\"https:\/\/infoecos.com.ar\/wp-content\/uploads\/2024\/11\/image-225.png\",\"width\":696,\"height\":340},{\"@type\":\"BreadcrumbList\",\"@id\":\"https:\/\/infoecos.com.ar\/index.php\/el-acto-del-dia-de-la-soberania-nacional-en-t-lauquen-se-realiza-este-miercoles-en-plaza-san-martin\/#breadcrumb\",\"itemListElement\":[{\"@type\":\"ListItem\",\"position\":1,\"name\":\"Portada\",\"item\":\"https:\/\/infoecos.com.ar\/\"},{\"@type\":\"ListItem\",\"position\":2,\"name\":\"El acto del D\u00eda de la Soberan\u00eda Nacional en T.Lauquen se realiza este mi\u00e9rcoles en Plaza San Mart\u00edn\"}]},{\"@type\":\"WebSite\",\"@id\":\"https:\/\/infoecos.com.ar\/#website\",\"url\":\"https:\/\/infoecos.com.ar\/\",\"name\":\"Infoecos\",\"description\":\"Noticias de trenque lauquen y la zona\",\"publisher\":{\"@id\":\"https:\/\/infoecos.com.ar\/#organization\"},\"alternateName\":\"Noticias\",\"potentialAction\":[{\"@type\":\"SearchAction\",\"target\":{\"@type\":\"EntryPoint\",\"urlTemplate\":\"https:\/\/infoecos.com.ar\/?s={search_term_string}\"},\"query-input\":{\"@type\":\"PropertyValueSpecification\",\"valueRequired\":true,\"valueName\":\"search_term_string\"}}],\"inLanguage\":\"es\"},{\"@type\":\"Organization\",\"@id\":\"https:\/\/infoecos.com.ar\/#organization\",\"name\":\"Infoecos\",\"alternateName\":\"Noticias\",\"url\":\"https:\/\/infoecos.com.ar\/\",\"logo\":{\"@type\":\"ImageObject\",\"inLanguage\":\"es\",\"@id\":\"https:\/\/infoecos.com.ar\/#\/schema\/logo\/image\/\",\"url\":\"https:\/\/infoecos.com.ar\/wp-content\/uploads\/2024\/03\/cropped-logo.png\",\"contentUrl\":\"https:\/\/infoecos.com.ar\/wp-content\/uploads\/2024\/03\/cropped-logo.png\",\"width\":374,\"height\":90,\"caption\":\"Infoecos\"},\"image\":{\"@id\":\"https:\/\/infoecos.com.ar\/#\/schema\/logo\/image\/\"},\"sameAs\":[\"https:\/\/www.facebook.com\/profile.php?id=100063200290284\",\"https:\/\/x.com\/infoecos\"]},{\"@type\":\"Person\",\"@id\":\"https:\/\/infoecos.com.ar\/#\/schema\/person\/8f5ace5ce73b4b4aac4b7245aee6f191\",\"name\":\"Jorge Matheus\",\"url\":\"https:\/\/infoecos.com.ar\/index.php\/author\/jomatheus\/\"}]}<\/script>\n<!-- \/ Yoast SEO plugin. -->","yoast_head_json":{"title":"El acto del D\u00eda de la Soberan\u00eda Nacional en T.Lauquen se realiza este mi\u00e9rcoles en Plaza San Mart\u00edn - Infoecos","robots":{"index":"index","follow":"follow","max-snippet":"max-snippet:-1","max-image-preview":"max-image-preview:large","max-video-preview":"max-video-preview:-1"},"canonical":"https:\/\/infoecos.com.ar\/index.php\/el-acto-del-dia-de-la-soberania-nacional-en-t-lauquen-se-realiza-este-miercoles-en-plaza-san-martin\/","og_locale":"es_ES","og_type":"article","og_title":"El acto del D\u00eda de la Soberan\u00eda Nacional en T.Lauquen se realiza este mi\u00e9rcoles en Plaza San Mart\u00edn - Infoecos","og_description":"El acto ser\u00e1 encabezado por el intendente Francisco Recoulat y consistir\u00e1 en el izamiento de banderas y se entonar\u00e1n las estrofas del Himno Nacional Argentino","og_url":"https:\/\/infoecos.com.ar\/index.php\/el-acto-del-dia-de-la-soberania-nacional-en-t-lauquen-se-realiza-este-miercoles-en-plaza-san-martin\/","og_site_name":"Infoecos","article_publisher":"https:\/\/www.facebook.com\/profile.php?id=100063200290284","article_published_time":"2024-11-19T23:51:43+00:00","article_modified_time":"2024-11-19T23:51:44+00:00","og_image":[{"width":696,"height":340,"url":"https:\/\/infoecos.com.ar\/wp-content\/uploads\/2024\/11\/image-225.png","type":"image\/png"}],"author":"Jorge Matheus","twitter_card":"summary_large_image","twitter_creator":"@infoecos","twitter_site":"@infoecos","twitter_misc":{"Escrito por":"Jorge Matheus","Tiempo de lectura":"2 minutos"},"schema":{"@context":"https:\/\/schema.org","@graph":[{"@type":"Article","@id":"https:\/\/infoecos.com.ar\/index.php\/el-acto-del-dia-de-la-soberania-nacional-en-t-lauquen-se-realiza-este-miercoles-en-plaza-san-martin\/#article","isPartOf":{"@id":"https:\/\/infoecos.com.ar\/index.php\/el-acto-del-dia-de-la-soberania-nacional-en-t-lauquen-se-realiza-este-miercoles-en-plaza-san-martin\/"},"author":{"name":"Jorge Matheus","@id":"https:\/\/infoecos.com.ar\/#\/schema\/person\/8f5ace5ce73b4b4aac4b7245aee6f191"},"headline":"El acto del D\u00eda de la Soberan\u00eda Nacional en T.Lauquen se realiza este mi\u00e9rcoles en Plaza San Mart\u00edn","datePublished":"2024-11-19T23:51:43+00:00","dateModified":"2024-11-19T23:51:44+00:00","mainEntityOfPage":{"@id":"https:\/\/infoecos.com.ar\/index.php\/el-acto-del-dia-de-la-soberania-nacional-en-t-lauquen-se-realiza-este-miercoles-en-plaza-san-martin\/"},"wordCount":219,"publisher":{"@id":"https:\/\/infoecos.com.ar\/#organization"},"image":{"@id":"https:\/\/infoecos.com.ar\/index.php\/el-acto-del-dia-de-la-soberania-nacional-en-t-lauquen-se-realiza-este-miercoles-en-plaza-san-martin\/#primaryimage"},"thumbnailUrl":"https:\/\/infoecos.com.ar\/wp-content\/uploads\/2024\/11\/image-225.png","articleSection":["Noticia Secundaria"],"inLanguage":"es"},{"@type":"WebPage","@id":"https:\/\/infoecos.com.ar\/index.php\/el-acto-del-dia-de-la-soberania-nacional-en-t-lauquen-se-realiza-este-miercoles-en-plaza-san-martin\/","url":"https:\/\/infoecos.com.ar\/index.php\/el-acto-del-dia-de-la-soberania-nacional-en-t-lauquen-se-realiza-este-miercoles-en-plaza-san-martin\/","name":"El acto del D\u00eda de la Soberan\u00eda Nacional en T.Lauquen se realiza este mi\u00e9rcoles en Plaza San Mart\u00edn - Infoecos","isPartOf":{"@id":"https:\/\/infoecos.com.ar\/#website"},"primaryImageOfPage":{"@id":"https:\/\/infoecos.com.ar\/index.php\/el-acto-del-dia-de-la-soberania-nacional-en-t-lauquen-se-realiza-este-miercoles-en-plaza-san-martin\/#primaryimage"},"image":{"@id":"https:\/\/infoecos.com.ar\/index.php\/el-acto-del-dia-de-la-soberania-nacional-en-t-lauquen-se-realiza-este-miercoles-en-plaza-san-martin\/#primaryimage"},"thumbnailUrl":"https:\/\/infoecos.com.ar\/wp-content\/uploads\/2024\/11\/image-225.png","datePublished":"2024-11-19T23:51:43+00:00","dateModified":"2024-11-19T23:51:44+00:00","breadcrumb":{"@id":"https:\/\/infoecos.com.ar\/index.php\/el-acto-del-dia-de-la-soberania-nacional-en-t-lauquen-se-realiza-este-miercoles-en-plaza-san-martin\/#breadcrumb"},"inLanguage":"es","potentialAction":[{"@type":"ReadAction","target":["https:\/\/infoecos.com.ar\/index.php\/el-acto-del-dia-de-la-soberania-nacional-en-t-lauquen-se-realiza-este-miercoles-en-plaza-san-martin\/"]}]},{"@type":"ImageObject","inLanguage":"es","@id":"https:\/\/infoecos.com.ar\/index.php\/el-acto-del-dia-de-la-soberania-nacional-en-t-lauquen-se-realiza-este-miercoles-en-plaza-san-martin\/#primaryimage","url":"https:\/\/infoecos.com.ar\/wp-content\/uploads\/2024\/11\/image-225.png","contentUrl":"https:\/\/infoecos.com.ar\/wp-content\/uploads\/2024\/11\/image-225.png","width":696,"height":340},{"@type":"BreadcrumbList","@id":"https:\/\/infoecos.com.ar\/index.php\/el-acto-del-dia-de-la-soberania-nacional-en-t-lauquen-se-realiza-este-miercoles-en-plaza-san-martin\/#breadcrumb","itemListElement":[{"@type":"ListItem","position":1,"name":"Portada","item":"https:\/\/infoecos.com.ar\/"},{"@type":"ListItem","position":2,"name":"El acto del D\u00eda de la Soberan\u00eda Nacional en T.Lauquen se realiza este mi\u00e9rcoles en Plaza San Mart\u00edn"}]},{"@type":"WebSite","@id":"https:\/\/infoecos.com.ar\/#website","url":"https:\/\/infoecos.com.ar\/","name":"Infoecos","description":"Noticias de trenque lauquen y la zona","publisher":{"@id":"https:\/\/infoecos.com.ar\/#organization"},"alternateName":"Noticias","potentialAction":[{"@type":"SearchAction","target":{"@type":"EntryPoint","urlTemplate":"https:\/\/infoecos.com.ar\/?s={search_term_string}"},"query-input":{"@type":"PropertyValueSpecification","valueRequired":true,"valueName":"search_term_string"}}],"inLanguage":"es"},{"@type":"Organization","@id":"https:\/\/infoecos.com.ar\/#organization","name":"Infoecos","alternateName":"Noticias","url":"https:\/\/infoecos.com.ar\/","logo":{"@type":"ImageObject","inLanguage":"es","@id":"https:\/\/infoecos.com.ar\/#\/schema\/logo\/image\/","url":"https:\/\/infoecos.com.ar\/wp-content\/uploads\/2024\/03\/cropped-logo.png","contentUrl":"https:\/\/infoecos.com.ar\/wp-content\/uploads\/2024\/03\/cropped-logo.png","width":374,"height":90,"caption":"Infoecos"},"image":{"@id":"https:\/\/infoecos.com.ar\/#\/schema\/logo\/image\/"},"sameAs":["https:\/\/www.facebook.com\/profile.php?id=100063200290284","https:\/\/x.com\/infoecos"]},{"@type":"Person","@id":"https:\/\/infoecos.com.ar\/#\/schema\/person\/8f5ace5ce73b4b4aac4b7245aee6f191","name":"Jorge Matheus","url":"https:\/\/infoecos.com.ar\/index.php\/author\/jomatheus\/"}]}},"featured_image_urls":{"full":["https:\/\/infoecos.com.ar\/wp-content\/uploads\/2024\/11\/image-225.png",696,340,false],"thumbnail":["https:\/\/infoecos.com.ar\/wp-content\/uploads\/2024\/11\/image-225-300x150.png",300,150,true],"medium":["https:\/\/infoecos.com.ar\/wp-content\/uploads\/2024\/11\/image-225.png",696,340,false],"medium_large":["https:\/\/infoecos.com.ar\/wp-content\/uploads\/2024\/11\/image-225.png",640,313,false],"large":["https:\/\/infoecos.com.ar\/wp-content\/uploads\/2024\/11\/image-225.png",640,313,false],"1536x1536":["https:\/\/infoecos.com.ar\/wp-content\/uploads\/2024\/11\/image-225.png",696,340,false],"2048x2048":["https:\/\/infoecos.com.ar\/wp-content\/uploads\/2024\/11\/image-225.png",696,340,false],"covernews-slider-full":["https:\/\/infoecos.com.ar\/wp-content\/uploads\/2024\/11\/image-225.png",696,340,false],"covernews-slider-center":["https:\/\/infoecos.com.ar\/wp-content\/uploads\/2024\/11\/image-225.png",696,340,false],"covernews-featured":["https:\/\/infoecos.com.ar\/wp-content\/uploads\/2024\/11\/image-225.png",696,340,false],"covernews-medium":["https:\/\/infoecos.com.ar\/wp-content\/uploads\/2024\/11\/image-225-540x340.png",540,340,true],"covernews-medium-square":["https:\/\/infoecos.com.ar\/wp-content\/uploads\/2024\/11\/image-225-400x250.png",400,250,true]},"author_info":{"info":["Jorge Matheus"]},"category_info":"<a href=\"https:\/\/infoecos.com.ar\/index.php\/category\/noticia-secundaria\/\" rel=\"category tag\">Noticia Secundaria<\/a>","tag_info":"Noticia Secundaria","comment_count":"0","_links":{"self":[{"href":"https:\/\/infoecos.com.ar\/index.php\/wp-json\/wp\/v2\/posts\/132918"}],"collection":[{"href":"https:\/\/infoecos.com.ar\/index.php\/wp-json\/wp\/v2\/posts"}],"about":[{"href":"https:\/\/infoecos.com.ar\/index.php\/wp-json\/wp\/v2\/types\/post"}],"author":[{"embeddable":true,"href":"https:\/\/infoecos.com.ar\/index.php\/wp-json\/wp\/v2\/users\/2"}],"replies":[{"embeddable":true,"href":"https:\/\/infoecos.com.ar\/index.php\/wp-json\/wp\/v2\/comments?post=132918"}],"version-history":[{"count":1,"href":"https:\/\/infoecos.com.ar\/index.php\/wp-json\/wp\/v2\/posts\/132918\/revisions"}],"predecessor-version":[{"id":132920,"href":"https:\/\/infoecos.com.ar\/index.php\/wp-json\/wp\/v2\/posts\/132918\/revisions\/132920"}],"wp:featuredmedia":[{"embeddable":true,"href":"https:\/\/infoecos.com.ar\/index.php\/wp-json\/wp\/v2\/media\/132919"}],"wp:attachment":[{"href":"https:\/\/infoecos.com.ar\/index.php\/wp-json\/wp\/v2\/media?parent=132918"}],"wp:term":[{"taxonomy":"category","embeddable":true,"href":"https:\/\/infoecos.com.ar\/index.php\/wp-json\/wp\/v2\/categories?post=132918"},{"taxonomy":"post_tag","embeddable":true,"href":"https:\/\/infoecos.com.ar\/index.php\/wp-json\/wp\/v2\/tags?post=132918"}],"curies":[{"name":"wp","href":"https:\/\/api.w.org\/{rel}","templated":true}]}}