{"id":133204,"date":"2024-11-24T19:29:48","date_gmt":"2024-11-24T22:29:48","guid":{"rendered":"https:\/\/infoecos.com.ar\/?p=133204"},"modified":"2024-11-24T19:36:50","modified_gmt":"2024-11-24T22:36:50","slug":"30-de-agosto-el-municipio-dio-a-conocer-los-trabajos-que-se-ejecutan-ante-la-fuerte-tormenta","status":"publish","type":"post","link":"https:\/\/infoecos.com.ar\/index.php\/30-de-agosto-el-municipio-dio-a-conocer-los-trabajos-que-se-ejecutan-ante-la-fuerte-tormenta\/","title":{"rendered":"30 de Agosto: el municipio dio a conocer los trabajos que se ejecutan a ra\u00edz de la tormenta"},"content":{"rendered":"\n<p>En conjunto y coordinado desde el Ente Descentralizado de 30 de Agosto con el cuartel de Bomberos Voluntarios, Cooperativa de Electricidad, Polic\u00eda, instituciones del medio como la C\u00e1mara de Comercio y otras, el Hospital \u201cFrancisco Eguiguren\u201d y todas las \u00e1reas municipales como Direcci\u00f3n de Caminos Rurales, Tr\u00e1nsito, Higiene Urbana, Desarrollo Humano, Hospital, se arm\u00f3 un operativo de urgencia para desplegar la log\u00edstica necesaria para atender a la comunidad tras el fuerte temporal de vientos extremos y lluvias que azot\u00f3 a la localidad de 30 de Agosto en horas de la tarde de este domingo.<\/p>\n\n\n\n<figure class=\"wp-block-gallery has-nested-images columns-default is-cropped wp-block-gallery-1 is-layout-flex wp-block-gallery-is-layout-flex\">\n<figure class=\"wp-block-image size-large\"><img loading=\"lazy\" decoding=\"async\" width=\"1599\" height=\"899\" data-id=\"133208\" src=\"https:\/\/infoecos.com.ar\/wp-content\/uploads\/2024\/11\/1bf47b82-1c72-4305-974f-f3b584476b32.jpeg\" alt=\"\" class=\"wp-image-133208\" srcset=\"https:\/\/infoecos.com.ar\/wp-content\/uploads\/2024\/11\/1bf47b82-1c72-4305-974f-f3b584476b32.jpeg 1599w, https:\/\/infoecos.com.ar\/wp-content\/uploads\/2024\/11\/1bf47b82-1c72-4305-974f-f3b584476b32-800x450.jpeg 800w, https:\/\/infoecos.com.ar\/wp-content\/uploads\/2024\/11\/1bf47b82-1c72-4305-974f-f3b584476b32-768x432.jpeg 768w, https:\/\/infoecos.com.ar\/wp-content\/uploads\/2024\/11\/1bf47b82-1c72-4305-974f-f3b584476b32-1536x864.jpeg 1536w, https:\/\/infoecos.com.ar\/wp-content\/uploads\/2024\/11\/1bf47b82-1c72-4305-974f-f3b584476b32-1024x576.jpeg 1024w\" sizes=\"(max-width: 1599px) 100vw, 1599px\" \/><\/figure>\n\n\n\n<figure class=\"wp-block-image size-large\"><img loading=\"lazy\" decoding=\"async\" width=\"899\" height=\"1599\" data-id=\"133209\" src=\"https:\/\/infoecos.com.ar\/wp-content\/uploads\/2024\/11\/2ec687cc-0262-496c-ae0a-d69c2c83f2b2.jpeg\" alt=\"\" class=\"wp-image-133209\" srcset=\"https:\/\/infoecos.com.ar\/wp-content\/uploads\/2024\/11\/2ec687cc-0262-496c-ae0a-d69c2c83f2b2.jpeg 899w, https:\/\/infoecos.com.ar\/wp-content\/uploads\/2024\/11\/2ec687cc-0262-496c-ae0a-d69c2c83f2b2-450x800.jpeg 450w, https:\/\/infoecos.com.ar\/wp-content\/uploads\/2024\/11\/2ec687cc-0262-496c-ae0a-d69c2c83f2b2-768x1366.jpeg 768w, https:\/\/infoecos.com.ar\/wp-content\/uploads\/2024\/11\/2ec687cc-0262-496c-ae0a-d69c2c83f2b2-864x1536.jpeg 864w\" sizes=\"(max-width: 899px) 100vw, 899px\" \/><\/figure>\n\n\n\n<figure class=\"wp-block-image size-large\"><img loading=\"lazy\" decoding=\"async\" width=\"899\" height=\"1599\" data-id=\"133210\" src=\"https:\/\/infoecos.com.ar\/wp-content\/uploads\/2024\/11\/7af9784b-79f3-4d42-a014-b31f64e54cd9.jpeg\" alt=\"\" class=\"wp-image-133210\" srcset=\"https:\/\/infoecos.com.ar\/wp-content\/uploads\/2024\/11\/7af9784b-79f3-4d42-a014-b31f64e54cd9.jpeg 899w, https:\/\/infoecos.com.ar\/wp-content\/uploads\/2024\/11\/7af9784b-79f3-4d42-a014-b31f64e54cd9-450x800.jpeg 450w, https:\/\/infoecos.com.ar\/wp-content\/uploads\/2024\/11\/7af9784b-79f3-4d42-a014-b31f64e54cd9-768x1366.jpeg 768w, https:\/\/infoecos.com.ar\/wp-content\/uploads\/2024\/11\/7af9784b-79f3-4d42-a014-b31f64e54cd9-864x1536.jpeg 864w\" sizes=\"(max-width: 899px) 100vw, 899px\" \/><\/figure>\n\n\n\n<figure class=\"wp-block-image size-large\"><img loading=\"lazy\" decoding=\"async\" width=\"1599\" height=\"899\" data-id=\"133207\" src=\"https:\/\/infoecos.com.ar\/wp-content\/uploads\/2024\/11\/33ace599-c40d-46bb-8a80-1fb84aae4998.jpeg\" alt=\"\" class=\"wp-image-133207\" srcset=\"https:\/\/infoecos.com.ar\/wp-content\/uploads\/2024\/11\/33ace599-c40d-46bb-8a80-1fb84aae4998.jpeg 1599w, https:\/\/infoecos.com.ar\/wp-content\/uploads\/2024\/11\/33ace599-c40d-46bb-8a80-1fb84aae4998-800x450.jpeg 800w, https:\/\/infoecos.com.ar\/wp-content\/uploads\/2024\/11\/33ace599-c40d-46bb-8a80-1fb84aae4998-768x432.jpeg 768w, https:\/\/infoecos.com.ar\/wp-content\/uploads\/2024\/11\/33ace599-c40d-46bb-8a80-1fb84aae4998-1536x864.jpeg 1536w, https:\/\/infoecos.com.ar\/wp-content\/uploads\/2024\/11\/33ace599-c40d-46bb-8a80-1fb84aae4998-1024x576.jpeg 1024w\" sizes=\"(max-width: 1599px) 100vw, 1599px\" \/><\/figure>\n\n\n\n<figure class=\"wp-block-image size-large\"><img loading=\"lazy\" decoding=\"async\" width=\"1541\" height=\"733\" data-id=\"133205\" src=\"https:\/\/infoecos.com.ar\/wp-content\/uploads\/2024\/11\/898c6e5b-156e-441c-b2df-a4a2a5b5d458.jpeg\" alt=\"\" class=\"wp-image-133205\" srcset=\"https:\/\/infoecos.com.ar\/wp-content\/uploads\/2024\/11\/898c6e5b-156e-441c-b2df-a4a2a5b5d458.jpeg 1541w, https:\/\/infoecos.com.ar\/wp-content\/uploads\/2024\/11\/898c6e5b-156e-441c-b2df-a4a2a5b5d458-800x381.jpeg 800w, https:\/\/infoecos.com.ar\/wp-content\/uploads\/2024\/11\/898c6e5b-156e-441c-b2df-a4a2a5b5d458-768x365.jpeg 768w, https:\/\/infoecos.com.ar\/wp-content\/uploads\/2024\/11\/898c6e5b-156e-441c-b2df-a4a2a5b5d458-1536x731.jpeg 1536w, https:\/\/infoecos.com.ar\/wp-content\/uploads\/2024\/11\/898c6e5b-156e-441c-b2df-a4a2a5b5d458-1024x487.jpeg 1024w\" sizes=\"(max-width: 1541px) 100vw, 1541px\" \/><\/figure>\n\n\n\n<figure class=\"wp-block-image size-large\"><img loading=\"lazy\" decoding=\"async\" width=\"1599\" height=\"899\" data-id=\"133206\" src=\"https:\/\/infoecos.com.ar\/wp-content\/uploads\/2024\/11\/b5b6b32a-c35b-42cf-b377-1d0e0235e12d.jpeg\" alt=\"\" class=\"wp-image-133206\" srcset=\"https:\/\/infoecos.com.ar\/wp-content\/uploads\/2024\/11\/b5b6b32a-c35b-42cf-b377-1d0e0235e12d.jpeg 1599w, https:\/\/infoecos.com.ar\/wp-content\/uploads\/2024\/11\/b5b6b32a-c35b-42cf-b377-1d0e0235e12d-800x450.jpeg 800w, https:\/\/infoecos.com.ar\/wp-content\/uploads\/2024\/11\/b5b6b32a-c35b-42cf-b377-1d0e0235e12d-768x432.jpeg 768w, https:\/\/infoecos.com.ar\/wp-content\/uploads\/2024\/11\/b5b6b32a-c35b-42cf-b377-1d0e0235e12d-1536x864.jpeg 1536w, https:\/\/infoecos.com.ar\/wp-content\/uploads\/2024\/11\/b5b6b32a-c35b-42cf-b377-1d0e0235e12d-1024x576.jpeg 1024w\" sizes=\"(max-width: 1599px) 100vw, 1599px\" \/><\/figure>\n<\/figure>\n\n\n\n<p>R\u00e1pidamente, apenas calm\u00f3 el fen\u00f3meno clim\u00e1tico, las distintas \u00e1reas en coordinaci\u00f3n con las instituciones y vecinos solidarios en cada punto de la localidad, comenzaron a ordenar y acomodar los puntos m\u00e1s afectados.<\/p>\n\n\n\n<p>El saldo de los efectos del fuerte temporal fueron tapiales, ramas y \u00e1rboles ca\u00eddos, voladura de techos parciales, dos antenas (de una radio FM y de una empresa) y, en principio, dos familias evacuadas preventivamente.<\/p>\n\n\n\n<figure class=\"wp-block-gallery has-nested-images columns-default is-cropped wp-block-gallery-2 is-layout-flex wp-block-gallery-is-layout-flex\">\n<figure class=\"wp-block-image size-large\"><img loading=\"lazy\" decoding=\"async\" width=\"899\" height=\"1599\" data-id=\"133211\" src=\"https:\/\/infoecos.com.ar\/wp-content\/uploads\/2024\/11\/d10b430e-4cb1-4cd3-bb25-a984761268d6.jpeg\" alt=\"\" class=\"wp-image-133211\" srcset=\"https:\/\/infoecos.com.ar\/wp-content\/uploads\/2024\/11\/d10b430e-4cb1-4cd3-bb25-a984761268d6.jpeg 899w, https:\/\/infoecos.com.ar\/wp-content\/uploads\/2024\/11\/d10b430e-4cb1-4cd3-bb25-a984761268d6-450x800.jpeg 450w, https:\/\/infoecos.com.ar\/wp-content\/uploads\/2024\/11\/d10b430e-4cb1-4cd3-bb25-a984761268d6-768x1366.jpeg 768w, https:\/\/infoecos.com.ar\/wp-content\/uploads\/2024\/11\/d10b430e-4cb1-4cd3-bb25-a984761268d6-864x1536.jpeg 864w\" sizes=\"(max-width: 899px) 100vw, 899px\" \/><\/figure>\n\n\n\n<figure class=\"wp-block-image size-large\"><img loading=\"lazy\" decoding=\"async\" width=\"899\" height=\"1599\" data-id=\"133213\" src=\"https:\/\/infoecos.com.ar\/wp-content\/uploads\/2024\/11\/f1746cf9-a178-4bc3-8d2e-9f862ee2f066.jpeg\" alt=\"\" class=\"wp-image-133213\" srcset=\"https:\/\/infoecos.com.ar\/wp-content\/uploads\/2024\/11\/f1746cf9-a178-4bc3-8d2e-9f862ee2f066.jpeg 899w, https:\/\/infoecos.com.ar\/wp-content\/uploads\/2024\/11\/f1746cf9-a178-4bc3-8d2e-9f862ee2f066-450x800.jpeg 450w, https:\/\/infoecos.com.ar\/wp-content\/uploads\/2024\/11\/f1746cf9-a178-4bc3-8d2e-9f862ee2f066-768x1366.jpeg 768w, https:\/\/infoecos.com.ar\/wp-content\/uploads\/2024\/11\/f1746cf9-a178-4bc3-8d2e-9f862ee2f066-864x1536.jpeg 864w\" sizes=\"(max-width: 899px) 100vw, 899px\" \/><\/figure>\n\n\n\n<figure class=\"wp-block-image size-large\"><img loading=\"lazy\" decoding=\"async\" width=\"1599\" height=\"899\" data-id=\"133212\" src=\"https:\/\/infoecos.com.ar\/wp-content\/uploads\/2024\/11\/ff9c84ed-180e-4113-a5ba-56a0bf09b933.jpeg\" alt=\"\" class=\"wp-image-133212\" srcset=\"https:\/\/infoecos.com.ar\/wp-content\/uploads\/2024\/11\/ff9c84ed-180e-4113-a5ba-56a0bf09b933.jpeg 1599w, https:\/\/infoecos.com.ar\/wp-content\/uploads\/2024\/11\/ff9c84ed-180e-4113-a5ba-56a0bf09b933-800x450.jpeg 800w, https:\/\/infoecos.com.ar\/wp-content\/uploads\/2024\/11\/ff9c84ed-180e-4113-a5ba-56a0bf09b933-768x432.jpeg 768w, https:\/\/infoecos.com.ar\/wp-content\/uploads\/2024\/11\/ff9c84ed-180e-4113-a5ba-56a0bf09b933-1536x864.jpeg 1536w, https:\/\/infoecos.com.ar\/wp-content\/uploads\/2024\/11\/ff9c84ed-180e-4113-a5ba-56a0bf09b933-1024x576.jpeg 1024w\" sizes=\"(max-width: 1599px) 100vw, 1599px\" \/><\/figure>\n<\/figure>\n\n\n\n<p>En los puntos m\u00e1s complejos, el personal, la maquinaria y el equipamiento municipal trabaj\u00f3 de inmediato bajo la coordinaci\u00f3n de la directora del Ente Descentralizado Alicia Ramudo y el director de Caminos Rurales, Alberto Vicente, quienes fueron acompa\u00f1ados por el intendente Francisco Recoulat, presente en la localidad.<\/p>\n\n\n\n<p>Mientras tanto, el operativo apunta a reconstituir todos los servicios, dejar operativamente en funciones la ciudad y este lunes  iniciar las tareas de limpieza, con un esquema diagramado por prioridades y necesidades.<\/p>\n","protected":false},"excerpt":{"rendered":"<p>En conjunto y coordinado desde el Ente Descentralizado de 30 de Agosto con el cuartel de Bomberos Voluntarios, Cooperativa de Electricidad, Polic\u00eda, instituciones del medio como la C\u00e1mara de Comercio y otras, el Hospital \u201cFrancisco Eguiguren\u201d y todas las \u00e1reas municipales como Direcci\u00f3n de Caminos Rurales, Tr\u00e1nsito, Higiene Urbana, Desarrollo Humano, Hospital<\/p>\n","protected":false},"author":2,"featured_media":133205,"comment_status":"closed","ping_status":"open","sticky":false,"template":"","format":"standard","meta":{"footnotes":""},"categories":[1612],"tags":[],"class_list":["post-133204","post","type-post","status-publish","format-standard","has-post-thumbnail","hentry","category-noticia-principal"],"yoast_head":"<!-- This site is optimized with the Yoast SEO plugin v23.4 - https:\/\/yoast.com\/wordpress\/plugins\/seo\/ -->\n<title>30 de Agosto: el municipio dio a conocer los trabajos que se ejecutan a ra\u00edz de la tormenta - Infoecos<\/title>\n<meta name=\"robots\" content=\"index, follow, max-snippet:-1, max-image-preview:large, max-video-preview:-1\" \/>\n<link rel=\"canonical\" href=\"https:\/\/infoecos.com.ar\/index.php\/30-de-agosto-el-municipio-dio-a-conocer-los-trabajos-que-se-ejecutan-ante-la-fuerte-tormenta\/\" \/>\n<meta property=\"og:locale\" content=\"es_ES\" \/>\n<meta property=\"og:type\" content=\"article\" \/>\n<meta property=\"og:title\" content=\"30 de Agosto: el municipio dio a conocer los trabajos que se ejecutan a ra\u00edz de la tormenta - Infoecos\" \/>\n<meta property=\"og:description\" content=\"En conjunto y coordinado desde el Ente Descentralizado de 30 de Agosto con el cuartel de Bomberos Voluntarios, Cooperativa de Electricidad, Polic\u00eda, instituciones del medio como la C\u00e1mara de Comercio y otras, el Hospital \u201cFrancisco Eguiguren\u201d y todas las \u00e1reas municipales como Direcci\u00f3n de Caminos Rurales, Tr\u00e1nsito, Higiene Urbana, Desarrollo Humano, Hospital\" \/>\n<meta property=\"og:url\" content=\"https:\/\/infoecos.com.ar\/index.php\/30-de-agosto-el-municipio-dio-a-conocer-los-trabajos-que-se-ejecutan-ante-la-fuerte-tormenta\/\" \/>\n<meta property=\"og:site_name\" content=\"Infoecos\" \/>\n<meta property=\"article:publisher\" content=\"https:\/\/www.facebook.com\/profile.php?id=100063200290284\" \/>\n<meta property=\"article:published_time\" content=\"2024-11-24T22:29:48+00:00\" \/>\n<meta property=\"article:modified_time\" content=\"2024-11-24T22:36:50+00:00\" \/>\n<meta property=\"og:image\" content=\"https:\/\/infoecos.com.ar\/wp-content\/uploads\/2024\/11\/898c6e5b-156e-441c-b2df-a4a2a5b5d458.jpeg\" \/>\n\t<meta property=\"og:image:width\" content=\"1541\" \/>\n\t<meta property=\"og:image:height\" content=\"733\" \/>\n\t<meta property=\"og:image:type\" content=\"image\/jpeg\" \/>\n<meta name=\"author\" content=\"Jorge Matheus\" \/>\n<meta name=\"twitter:card\" content=\"summary_large_image\" \/>\n<meta name=\"twitter:creator\" content=\"@infoecos\" \/>\n<meta name=\"twitter:site\" content=\"@infoecos\" \/>\n<meta name=\"twitter:label1\" content=\"Escrito por\" \/>\n\t<meta name=\"twitter:data1\" content=\"Jorge Matheus\" \/>\n\t<meta name=\"twitter:label2\" content=\"Tiempo de lectura\" \/>\n\t<meta name=\"twitter:data2\" content=\"4 minutos\" \/>\n<script type=\"application\/ld+json\" class=\"yoast-schema-graph\">{\"@context\":\"https:\/\/schema.org\",\"@graph\":[{\"@type\":\"Article\",\"@id\":\"https:\/\/infoecos.com.ar\/index.php\/30-de-agosto-el-municipio-dio-a-conocer-los-trabajos-que-se-ejecutan-ante-la-fuerte-tormenta\/#article\",\"isPartOf\":{\"@id\":\"https:\/\/infoecos.com.ar\/index.php\/30-de-agosto-el-municipio-dio-a-conocer-los-trabajos-que-se-ejecutan-ante-la-fuerte-tormenta\/\"},\"author\":{\"name\":\"Jorge Matheus\",\"@id\":\"https:\/\/infoecos.com.ar\/#\/schema\/person\/8f5ace5ce73b4b4aac4b7245aee6f191\"},\"headline\":\"30 de Agosto: el municipio dio a conocer los trabajos que se ejecutan a ra\u00edz de la tormenta\",\"datePublished\":\"2024-11-24T22:29:48+00:00\",\"dateModified\":\"2024-11-24T22:36:50+00:00\",\"mainEntityOfPage\":{\"@id\":\"https:\/\/infoecos.com.ar\/index.php\/30-de-agosto-el-municipio-dio-a-conocer-los-trabajos-que-se-ejecutan-ante-la-fuerte-tormenta\/\"},\"wordCount\":270,\"publisher\":{\"@id\":\"https:\/\/infoecos.com.ar\/#organization\"},\"image\":{\"@id\":\"https:\/\/infoecos.com.ar\/index.php\/30-de-agosto-el-municipio-dio-a-conocer-los-trabajos-que-se-ejecutan-ante-la-fuerte-tormenta\/#primaryimage\"},\"thumbnailUrl\":\"https:\/\/infoecos.com.ar\/wp-content\/uploads\/2024\/11\/898c6e5b-156e-441c-b2df-a4a2a5b5d458.jpeg\",\"articleSection\":[\"Noticia Principal\"],\"inLanguage\":\"es\"},{\"@type\":\"WebPage\",\"@id\":\"https:\/\/infoecos.com.ar\/index.php\/30-de-agosto-el-municipio-dio-a-conocer-los-trabajos-que-se-ejecutan-ante-la-fuerte-tormenta\/\",\"url\":\"https:\/\/infoecos.com.ar\/index.php\/30-de-agosto-el-municipio-dio-a-conocer-los-trabajos-que-se-ejecutan-ante-la-fuerte-tormenta\/\",\"name\":\"30 de Agosto: el municipio dio a conocer los trabajos que se ejecutan a ra\u00edz de la tormenta - Infoecos\",\"isPartOf\":{\"@id\":\"https:\/\/infoecos.com.ar\/#website\"},\"primaryImageOfPage\":{\"@id\":\"https:\/\/infoecos.com.ar\/index.php\/30-de-agosto-el-municipio-dio-a-conocer-los-trabajos-que-se-ejecutan-ante-la-fuerte-tormenta\/#primaryimage\"},\"image\":{\"@id\":\"https:\/\/infoecos.com.ar\/index.php\/30-de-agosto-el-municipio-dio-a-conocer-los-trabajos-que-se-ejecutan-ante-la-fuerte-tormenta\/#primaryimage\"},\"thumbnailUrl\":\"https:\/\/infoecos.com.ar\/wp-content\/uploads\/2024\/11\/898c6e5b-156e-441c-b2df-a4a2a5b5d458.jpeg\",\"datePublished\":\"2024-11-24T22:29:48+00:00\",\"dateModified\":\"2024-11-24T22:36:50+00:00\",\"breadcrumb\":{\"@id\":\"https:\/\/infoecos.com.ar\/index.php\/30-de-agosto-el-municipio-dio-a-conocer-los-trabajos-que-se-ejecutan-ante-la-fuerte-tormenta\/#breadcrumb\"},\"inLanguage\":\"es\",\"potentialAction\":[{\"@type\":\"ReadAction\",\"target\":[\"https:\/\/infoecos.com.ar\/index.php\/30-de-agosto-el-municipio-dio-a-conocer-los-trabajos-que-se-ejecutan-ante-la-fuerte-tormenta\/\"]}]},{\"@type\":\"ImageObject\",\"inLanguage\":\"es\",\"@id\":\"https:\/\/infoecos.com.ar\/index.php\/30-de-agosto-el-municipio-dio-a-conocer-los-trabajos-que-se-ejecutan-ante-la-fuerte-tormenta\/#primaryimage\",\"url\":\"https:\/\/infoecos.com.ar\/wp-content\/uploads\/2024\/11\/898c6e5b-156e-441c-b2df-a4a2a5b5d458.jpeg\",\"contentUrl\":\"https:\/\/infoecos.com.ar\/wp-content\/uploads\/2024\/11\/898c6e5b-156e-441c-b2df-a4a2a5b5d458.jpeg\",\"width\":1541,\"height\":733},{\"@type\":\"BreadcrumbList\",\"@id\":\"https:\/\/infoecos.com.ar\/index.php\/30-de-agosto-el-municipio-dio-a-conocer-los-trabajos-que-se-ejecutan-ante-la-fuerte-tormenta\/#breadcrumb\",\"itemListElement\":[{\"@type\":\"ListItem\",\"position\":1,\"name\":\"Portada\",\"item\":\"https:\/\/infoecos.com.ar\/\"},{\"@type\":\"ListItem\",\"position\":2,\"name\":\"30 de Agosto: el municipio dio a conocer los trabajos que se ejecutan a ra\u00edz de la tormenta\"}]},{\"@type\":\"WebSite\",\"@id\":\"https:\/\/infoecos.com.ar\/#website\",\"url\":\"https:\/\/infoecos.com.ar\/\",\"name\":\"Infoecos\",\"description\":\"Noticias de trenque lauquen y la zona\",\"publisher\":{\"@id\":\"https:\/\/infoecos.com.ar\/#organization\"},\"alternateName\":\"Noticias\",\"potentialAction\":[{\"@type\":\"SearchAction\",\"target\":{\"@type\":\"EntryPoint\",\"urlTemplate\":\"https:\/\/infoecos.com.ar\/?s={search_term_string}\"},\"query-input\":{\"@type\":\"PropertyValueSpecification\",\"valueRequired\":true,\"valueName\":\"search_term_string\"}}],\"inLanguage\":\"es\"},{\"@type\":\"Organization\",\"@id\":\"https:\/\/infoecos.com.ar\/#organization\",\"name\":\"Infoecos\",\"alternateName\":\"Noticias\",\"url\":\"https:\/\/infoecos.com.ar\/\",\"logo\":{\"@type\":\"ImageObject\",\"inLanguage\":\"es\",\"@id\":\"https:\/\/infoecos.com.ar\/#\/schema\/logo\/image\/\",\"url\":\"https:\/\/infoecos.com.ar\/wp-content\/uploads\/2024\/03\/cropped-logo.png\",\"contentUrl\":\"https:\/\/infoecos.com.ar\/wp-content\/uploads\/2024\/03\/cropped-logo.png\",\"width\":374,\"height\":90,\"caption\":\"Infoecos\"},\"image\":{\"@id\":\"https:\/\/infoecos.com.ar\/#\/schema\/logo\/image\/\"},\"sameAs\":[\"https:\/\/www.facebook.com\/profile.php?id=100063200290284\",\"https:\/\/x.com\/infoecos\"]},{\"@type\":\"Person\",\"@id\":\"https:\/\/infoecos.com.ar\/#\/schema\/person\/8f5ace5ce73b4b4aac4b7245aee6f191\",\"name\":\"Jorge Matheus\",\"url\":\"https:\/\/infoecos.com.ar\/index.php\/author\/jomatheus\/\"}]}<\/script>\n<!-- \/ Yoast SEO plugin. -->","yoast_head_json":{"title":"30 de Agosto: el municipio dio a conocer los trabajos que se ejecutan a ra\u00edz de la tormenta - Infoecos","robots":{"index":"index","follow":"follow","max-snippet":"max-snippet:-1","max-image-preview":"max-image-preview:large","max-video-preview":"max-video-preview:-1"},"canonical":"https:\/\/infoecos.com.ar\/index.php\/30-de-agosto-el-municipio-dio-a-conocer-los-trabajos-que-se-ejecutan-ante-la-fuerte-tormenta\/","og_locale":"es_ES","og_type":"article","og_title":"30 de Agosto: el municipio dio a conocer los trabajos que se ejecutan a ra\u00edz de la tormenta - Infoecos","og_description":"En conjunto y coordinado desde el Ente Descentralizado de 30 de Agosto con el cuartel de Bomberos Voluntarios, Cooperativa de Electricidad, Polic\u00eda, instituciones del medio como la C\u00e1mara de Comercio y otras, el Hospital \u201cFrancisco Eguiguren\u201d y todas las \u00e1reas municipales como Direcci\u00f3n de Caminos Rurales, Tr\u00e1nsito, Higiene Urbana, Desarrollo Humano, Hospital","og_url":"https:\/\/infoecos.com.ar\/index.php\/30-de-agosto-el-municipio-dio-a-conocer-los-trabajos-que-se-ejecutan-ante-la-fuerte-tormenta\/","og_site_name":"Infoecos","article_publisher":"https:\/\/www.facebook.com\/profile.php?id=100063200290284","article_published_time":"2024-11-24T22:29:48+00:00","article_modified_time":"2024-11-24T22:36:50+00:00","og_image":[{"width":1541,"height":733,"url":"https:\/\/infoecos.com.ar\/wp-content\/uploads\/2024\/11\/898c6e5b-156e-441c-b2df-a4a2a5b5d458.jpeg","type":"image\/jpeg"}],"author":"Jorge Matheus","twitter_card":"summary_large_image","twitter_creator":"@infoecos","twitter_site":"@infoecos","twitter_misc":{"Escrito por":"Jorge Matheus","Tiempo de lectura":"4 minutos"},"schema":{"@context":"https:\/\/schema.org","@graph":[{"@type":"Article","@id":"https:\/\/infoecos.com.ar\/index.php\/30-de-agosto-el-municipio-dio-a-conocer-los-trabajos-que-se-ejecutan-ante-la-fuerte-tormenta\/#article","isPartOf":{"@id":"https:\/\/infoecos.com.ar\/index.php\/30-de-agosto-el-municipio-dio-a-conocer-los-trabajos-que-se-ejecutan-ante-la-fuerte-tormenta\/"},"author":{"name":"Jorge Matheus","@id":"https:\/\/infoecos.com.ar\/#\/schema\/person\/8f5ace5ce73b4b4aac4b7245aee6f191"},"headline":"30 de Agosto: el municipio dio a conocer los trabajos que se ejecutan a ra\u00edz de la tormenta","datePublished":"2024-11-24T22:29:48+00:00","dateModified":"2024-11-24T22:36:50+00:00","mainEntityOfPage":{"@id":"https:\/\/infoecos.com.ar\/index.php\/30-de-agosto-el-municipio-dio-a-conocer-los-trabajos-que-se-ejecutan-ante-la-fuerte-tormenta\/"},"wordCount":270,"publisher":{"@id":"https:\/\/infoecos.com.ar\/#organization"},"image":{"@id":"https:\/\/infoecos.com.ar\/index.php\/30-de-agosto-el-municipio-dio-a-conocer-los-trabajos-que-se-ejecutan-ante-la-fuerte-tormenta\/#primaryimage"},"thumbnailUrl":"https:\/\/infoecos.com.ar\/wp-content\/uploads\/2024\/11\/898c6e5b-156e-441c-b2df-a4a2a5b5d458.jpeg","articleSection":["Noticia Principal"],"inLanguage":"es"},{"@type":"WebPage","@id":"https:\/\/infoecos.com.ar\/index.php\/30-de-agosto-el-municipio-dio-a-conocer-los-trabajos-que-se-ejecutan-ante-la-fuerte-tormenta\/","url":"https:\/\/infoecos.com.ar\/index.php\/30-de-agosto-el-municipio-dio-a-conocer-los-trabajos-que-se-ejecutan-ante-la-fuerte-tormenta\/","name":"30 de Agosto: el municipio dio a conocer los trabajos que se ejecutan a ra\u00edz de la tormenta - Infoecos","isPartOf":{"@id":"https:\/\/infoecos.com.ar\/#website"},"primaryImageOfPage":{"@id":"https:\/\/infoecos.com.ar\/index.php\/30-de-agosto-el-municipio-dio-a-conocer-los-trabajos-que-se-ejecutan-ante-la-fuerte-tormenta\/#primaryimage"},"image":{"@id":"https:\/\/infoecos.com.ar\/index.php\/30-de-agosto-el-municipio-dio-a-conocer-los-trabajos-que-se-ejecutan-ante-la-fuerte-tormenta\/#primaryimage"},"thumbnailUrl":"https:\/\/infoecos.com.ar\/wp-content\/uploads\/2024\/11\/898c6e5b-156e-441c-b2df-a4a2a5b5d458.jpeg","datePublished":"2024-11-24T22:29:48+00:00","dateModified":"2024-11-24T22:36:50+00:00","breadcrumb":{"@id":"https:\/\/infoecos.com.ar\/index.php\/30-de-agosto-el-municipio-dio-a-conocer-los-trabajos-que-se-ejecutan-ante-la-fuerte-tormenta\/#breadcrumb"},"inLanguage":"es","potentialAction":[{"@type":"ReadAction","target":["https:\/\/infoecos.com.ar\/index.php\/30-de-agosto-el-municipio-dio-a-conocer-los-trabajos-que-se-ejecutan-ante-la-fuerte-tormenta\/"]}]},{"@type":"ImageObject","inLanguage":"es","@id":"https:\/\/infoecos.com.ar\/index.php\/30-de-agosto-el-municipio-dio-a-conocer-los-trabajos-que-se-ejecutan-ante-la-fuerte-tormenta\/#primaryimage","url":"https:\/\/infoecos.com.ar\/wp-content\/uploads\/2024\/11\/898c6e5b-156e-441c-b2df-a4a2a5b5d458.jpeg","contentUrl":"https:\/\/infoecos.com.ar\/wp-content\/uploads\/2024\/11\/898c6e5b-156e-441c-b2df-a4a2a5b5d458.jpeg","width":1541,"height":733},{"@type":"BreadcrumbList","@id":"https:\/\/infoecos.com.ar\/index.php\/30-de-agosto-el-municipio-dio-a-conocer-los-trabajos-que-se-ejecutan-ante-la-fuerte-tormenta\/#breadcrumb","itemListElement":[{"@type":"ListItem","position":1,"name":"Portada","item":"https:\/\/infoecos.com.ar\/"},{"@type":"ListItem","position":2,"name":"30 de Agosto: el municipio dio a conocer los trabajos que se ejecutan a ra\u00edz de la tormenta"}]},{"@type":"WebSite","@id":"https:\/\/infoecos.com.ar\/#website","url":"https:\/\/infoecos.com.ar\/","name":"Infoecos","description":"Noticias de trenque lauquen y la zona","publisher":{"@id":"https:\/\/infoecos.com.ar\/#organization"},"alternateName":"Noticias","potentialAction":[{"@type":"SearchAction","target":{"@type":"EntryPoint","urlTemplate":"https:\/\/infoecos.com.ar\/?s={search_term_string}"},"query-input":{"@type":"PropertyValueSpecification","valueRequired":true,"valueName":"search_term_string"}}],"inLanguage":"es"},{"@type":"Organization","@id":"https:\/\/infoecos.com.ar\/#organization","name":"Infoecos","alternateName":"Noticias","url":"https:\/\/infoecos.com.ar\/","logo":{"@type":"ImageObject","inLanguage":"es","@id":"https:\/\/infoecos.com.ar\/#\/schema\/logo\/image\/","url":"https:\/\/infoecos.com.ar\/wp-content\/uploads\/2024\/03\/cropped-logo.png","contentUrl":"https:\/\/infoecos.com.ar\/wp-content\/uploads\/2024\/03\/cropped-logo.png","width":374,"height":90,"caption":"Infoecos"},"image":{"@id":"https:\/\/infoecos.com.ar\/#\/schema\/logo\/image\/"},"sameAs":["https:\/\/www.facebook.com\/profile.php?id=100063200290284","https:\/\/x.com\/infoecos"]},{"@type":"Person","@id":"https:\/\/infoecos.com.ar\/#\/schema\/person\/8f5ace5ce73b4b4aac4b7245aee6f191","name":"Jorge Matheus","url":"https:\/\/infoecos.com.ar\/index.php\/author\/jomatheus\/"}]}},"featured_image_urls":{"full":["https:\/\/infoecos.com.ar\/wp-content\/uploads\/2024\/11\/898c6e5b-156e-441c-b2df-a4a2a5b5d458.jpeg",1541,733,false],"thumbnail":["https:\/\/infoecos.com.ar\/wp-content\/uploads\/2024\/11\/898c6e5b-156e-441c-b2df-a4a2a5b5d458-300x150.jpeg",300,150,true],"medium":["https:\/\/infoecos.com.ar\/wp-content\/uploads\/2024\/11\/898c6e5b-156e-441c-b2df-a4a2a5b5d458-800x381.jpeg",800,381,true],"medium_large":["https:\/\/infoecos.com.ar\/wp-content\/uploads\/2024\/11\/898c6e5b-156e-441c-b2df-a4a2a5b5d458-768x365.jpeg",640,304,true],"large":["https:\/\/infoecos.com.ar\/wp-content\/uploads\/2024\/11\/898c6e5b-156e-441c-b2df-a4a2a5b5d458.jpeg",640,304,false],"1536x1536":["https:\/\/infoecos.com.ar\/wp-content\/uploads\/2024\/11\/898c6e5b-156e-441c-b2df-a4a2a5b5d458-1536x731.jpeg",1536,731,true],"2048x2048":["https:\/\/infoecos.com.ar\/wp-content\/uploads\/2024\/11\/898c6e5b-156e-441c-b2df-a4a2a5b5d458.jpeg",1541,733,false],"covernews-slider-full":["https:\/\/infoecos.com.ar\/wp-content\/uploads\/2024\/11\/898c6e5b-156e-441c-b2df-a4a2a5b5d458-1115x715.jpeg",1115,715,true],"covernews-slider-center":["https:\/\/infoecos.com.ar\/wp-content\/uploads\/2024\/11\/898c6e5b-156e-441c-b2df-a4a2a5b5d458-800x500.jpeg",800,500,true],"covernews-featured":["https:\/\/infoecos.com.ar\/wp-content\/uploads\/2024\/11\/898c6e5b-156e-441c-b2df-a4a2a5b5d458-1024x487.jpeg",1024,487,true],"covernews-medium":["https:\/\/infoecos.com.ar\/wp-content\/uploads\/2024\/11\/898c6e5b-156e-441c-b2df-a4a2a5b5d458-540x340.jpeg",540,340,true],"covernews-medium-square":["https:\/\/infoecos.com.ar\/wp-content\/uploads\/2024\/11\/898c6e5b-156e-441c-b2df-a4a2a5b5d458-400x250.jpeg",400,250,true]},"author_info":{"info":["Jorge Matheus"]},"category_info":"<a href=\"https:\/\/infoecos.com.ar\/index.php\/category\/noticia-principal\/\" rel=\"category tag\">Noticia Principal<\/a>","tag_info":"Noticia Principal","comment_count":"0","_links":{"self":[{"href":"https:\/\/infoecos.com.ar\/index.php\/wp-json\/wp\/v2\/posts\/133204"}],"collection":[{"href":"https:\/\/infoecos.com.ar\/index.php\/wp-json\/wp\/v2\/posts"}],"about":[{"href":"https:\/\/infoecos.com.ar\/index.php\/wp-json\/wp\/v2\/types\/post"}],"author":[{"embeddable":true,"href":"https:\/\/infoecos.com.ar\/index.php\/wp-json\/wp\/v2\/users\/2"}],"replies":[{"embeddable":true,"href":"https:\/\/infoecos.com.ar\/index.php\/wp-json\/wp\/v2\/comments?post=133204"}],"version-history":[{"count":2,"href":"https:\/\/infoecos.com.ar\/index.php\/wp-json\/wp\/v2\/posts\/133204\/revisions"}],"predecessor-version":[{"id":133216,"href":"https:\/\/infoecos.com.ar\/index.php\/wp-json\/wp\/v2\/posts\/133204\/revisions\/133216"}],"wp:featuredmedia":[{"embeddable":true,"href":"https:\/\/infoecos.com.ar\/index.php\/wp-json\/wp\/v2\/media\/133205"}],"wp:attachment":[{"href":"https:\/\/infoecos.com.ar\/index.php\/wp-json\/wp\/v2\/media?parent=133204"}],"wp:term":[{"taxonomy":"category","embeddable":true,"href":"https:\/\/infoecos.com.ar\/index.php\/wp-json\/wp\/v2\/categories?post=133204"},{"taxonomy":"post_tag","embeddable":true,"href":"https:\/\/infoecos.com.ar\/index.php\/wp-json\/wp\/v2\/tags?post=133204"}],"curies":[{"name":"wp","href":"https:\/\/api.w.org\/{rel}","templated":true}]}}