{"id":133233,"date":"2024-11-25T00:37:59","date_gmt":"2024-11-25T03:37:59","guid":{"rendered":"https:\/\/infoecos.com.ar\/?p=133233"},"modified":"2024-11-25T15:14:57","modified_gmt":"2024-11-25T18:14:57","slug":"en-trenque-lauquen-hoy-lunes-asamblea-de-concejales-y-mayores-contribuyentes-luego-sesion-ordinaria","status":"publish","type":"post","link":"https:\/\/infoecos.com.ar\/index.php\/en-trenque-lauquen-hoy-lunes-asamblea-de-concejales-y-mayores-contribuyentes-luego-sesion-ordinaria\/","title":{"rendered":"Asamblea de Concejales y Mayores Contribuyentes, luego sesi\u00f3n ordinaria"},"content":{"rendered":"\n<p><strong>Fuente textual: prensa Concejo Deliberante de Trenque Lauquen<\/strong><\/p>\n\n\n\n<figure class=\"wp-block-image aligncenter size-full is-resized\"><img loading=\"lazy\" decoding=\"async\" width=\"1063\" height=\"797\" src=\"https:\/\/infoecos.com.ar\/wp-content\/uploads\/2024\/10\/6dd36d1c-8976-4ce4-97c6-799b416ce723.jpeg\" alt=\"\" class=\"wp-image-131021\" style=\"width:516px;height:auto\" srcset=\"https:\/\/infoecos.com.ar\/wp-content\/uploads\/2024\/10\/6dd36d1c-8976-4ce4-97c6-799b416ce723.jpeg 1063w, https:\/\/infoecos.com.ar\/wp-content\/uploads\/2024\/10\/6dd36d1c-8976-4ce4-97c6-799b416ce723-800x600.jpeg 800w, https:\/\/infoecos.com.ar\/wp-content\/uploads\/2024\/10\/6dd36d1c-8976-4ce4-97c6-799b416ce723-768x576.jpeg 768w, https:\/\/infoecos.com.ar\/wp-content\/uploads\/2024\/10\/6dd36d1c-8976-4ce4-97c6-799b416ce723-1024x768.jpeg 1024w\" sizes=\"(max-width: 1063px) 100vw, 1063px\" \/><\/figure>\n\n\n\n<p>Hoy, a partir de las 20 horas, tendr\u00e1 lugar en el recinto del Concejo Deliberante una doble jornada legislativa, comenzando por la Asamblea de Concejales y Mayores Contribuyentes donde se pondr\u00e1n a votaci\u00f3n dos normativas: las Ordenanzas Fiscal e Impositiva remitidas por el Departamento Ejecutivo y sancionadas con modificaciones por los concejales durante la 17ma. Sesi\u00f3n Ordinaria que tuvo lugar hace 15 d\u00edas. En esa oportunidad, el bloque Uni\u00f3n por la Patria rechaz\u00f3 con sus votos la norma Impositiva, finalmente aprobada por mayor\u00eda.<\/p>\n\n\n\n<p>Finalizada la Asamblea, y prevista para las 21 horas, comenzar\u00e1 en el recinto la \u00faltima Sesi\u00f3n Ordinaria de este 2024, la 18va. del a\u00f1o, con varios temas que ingresar\u00e1n para ser tratados, entre los que se destacan cuatro proyectos tendientes a denominar y renombrar calles que poseen un punto cardinal en su nombre, y tambi\u00e9n a renombrar calles que poseen denominaciones similares a fin de evitar inconvenientes; sum\u00e1ndose la denominaci\u00f3n como \u201cViani\u201d, \u201cMario Alarc\u00f3n\u201d e \u201cIndio Pampa\u201d, a las calles ubicadas dentro de la chacra denominada catastralmente como: Circunscripci\u00f3n XVII, Secci\u00f3n D, Chacra 286, de Trenque Lauquen.<\/p>\n\n\n\n<p>El Cuerpo Legislativo tambi\u00e9n pondr\u00e1 a votaci\u00f3n una modificaci\u00f3n al Decreto n\u00b0 1907 de 2018 que cre\u00f3 la Comisi\u00f3n Anticorrupci\u00f3n y su Reglamento de funcionamiento; una Ordenanza que establece un marco normativo para regular el funcionamiento del Hogar C\u00fcmen Che; una autorizaci\u00f3n para instrumentar las Leyes Provincial y Nacional de Tr\u00e1nsito a los efectos de controlar la velocidad vehicular en varias calles de 30 de Agosto; y un Decreto para instituir el a\u00f1o 2025 como del 40\u00b0 Aniversario del Juicio a las Juntas Militares en Argentina y disponer as\u00ed que la papeler\u00eda oficial del Concejo Deliberante lleve la leyenda \u201c2025 &#8211; 40\u00b0 Aniversario del Juicio a las Juntas Militares\u201d desde el 1\u00b0 de enero hasta el 31 de diciembre de 2025.<\/p>\n\n\n\n<p>La 18va. Sesi\u00f3n tambi\u00e9n prev\u00e9 para su tratamiento una modificaci\u00f3n al art\u00edculo 2\u00b0 de la Ordenanza n\u00b0 5444 de 2023, que estableciera el valor de venta de un inmueble ubicado en el Sector Industrial Planificado concedido en uso al Sr. Carlos Sartirana; un contrato de comodato con Radioemisora del Oeste LU11 1280, por un inmueble destinado a la ubicaci\u00f3n de una antena de telecomunicaciones; una autorizaci\u00f3n a suscribir un convenio de comodato con los propietarios de un inmueble identificado catastralmente como Circunscripci\u00f3n I, Secci\u00f3n A, Manzana 60, Parcela 6, de Trenque Lauquen, por el plazo de 20 a\u00f1os; una modificaci\u00f3n de la Ordenanza n\u00b0 4388 de 2015 (art\u00edculos 1\u00b0 y 3\u00b0) referida a la apertura de la calle Paredes; y la obra de Extensi\u00f3n de la Red de Gas Natural para los inmuebles ubicados en la Chacra 317 de nuestra ciudad.<\/p>\n\n\n\n<p>Tambi\u00e9n se suman para su tratamiento una declaraci\u00f3n de Inter\u00e9s Legislativo, Comunitario y Social para el centenario de la Sociedad Rural de Trenque Lauquen; y una Comunicaci\u00f3n sancionada en 2023 por el Concejo Deliberante Juvenil, solicitando al Departamento Ejecutivo que analice la implementaci\u00f3n de un Programa Municipal que contemple y fomente la participaci\u00f3n, integraci\u00f3n y desarrollo del \u00e1mbito social y cultural en nuestra ciudad.<\/p>\n\n\n\n<p>Por otra parte, los concejales destinar\u00e1n a las Comisiones que correspondan para su estudio un proyecto de Ordenanza presentado por la bancada Juntos por el Cambio, tendiente a autorizar al Municipio a destinar un espacio verde para el desarrollo de un Jard\u00edn Bot\u00e1nico, junto a los siguientes proyectos enviados por el Ejecutivo Municipal:<\/p>\n\n\n\n<ul class=\"wp-block-list\">\n<li>Cambio de Zonificaci\u00f3n de tres parcelas denominadas catastralmente como Circunscripci\u00f3n XVII, Secci\u00f3n C, Chacra 272, Manzana 26, Parcelas 1 y 7; y Manzana 30, Parcela 1; por permuta con la parcela denominada como Circunscripci\u00f3n XVII, Secci\u00f3n D, Chacra 299, Parcela 23, de Trenque Lauquen.<\/li>\n\n\n\n<li>Convalidar adjudicaci\u00f3n en venta de un inmueble ubicado en calle Maldonado n\u00b0 1176, efectuada a trav\u00e9s del Decreto Municipal n\u00b0 3100 de 2024, a los herederos de la Sra. Cecilia Soledad Sayago.<\/li>\n\n\n\n<li>Autorizaci\u00f3n a suscribir convenio de cesi\u00f3n de uso con el Ministerio de Salud de la Provincia de Buenos Aires, por el uso gratuito del predio sito en calles Marconi y Mollard, a fin de ser destinado a la construcci\u00f3n de un Centro Comunitario de Salud Mental y Consumos Problem\u00e1ticos.<\/li>\n\n\n\n<li>Convalidar el Decreto Municipal n\u00b0 3136 de 2024, de incremento salarial para los empleados municipales y acuerdo paritario con representantes sindicales de fecha 14\/11\/2024.<\/li>\n\n\n\n<li>Aceptar la donaci\u00f3n efectuada por el Sr. H\u00e9ctor Pascual \u00c1balo, de un equipo de Magnetoterapia de 3 canales, con destino al Hogar de Adultos Mayores \u201cMarcelo Castella\u201d.<\/li>\n<\/ul>\n\n\n\n<p>Dos de las iniciativas remitidas por el Ejecutivo incluyen una solicitud para que sean tratadas sobre tablas: una autorizaci\u00f3n para aceptar la \u00fanica oferta presentada en el marco de la Licitaci\u00f3n Privada n\u00b0 69 de 2024 por la empresa TOPWEST S.A., para la adquisici\u00f3n de dos camiones con caja volcadora, con destino a la Direcci\u00f3n de Infraestructura y Direcci\u00f3n de Espacios Verdes; y una segunda autorizaci\u00f3n para aceptar la \u00fanica oferta presentada en el concurso de precios n\u00b0 102 de 2024 por la firma Besares S.H., para la \u201cContrataci\u00f3n de Obra de Demolici\u00f3n y Reposici\u00f3n de Cord\u00f3n Cuneta en Garr\u00e9\u201d.<\/p>\n\n\n\n<p>Tambi\u00e9n ingresar\u00e1 a Comisi\u00f3n de un proyecto de Decreto impulsado por la presidencia del HCD, tendiente a reconocer como vecinos destacados del distrito a los Bomberos Voluntarios de 30 de Agosto, C\u00e9lica Gim\u00e9nez, Valeria Morante, Antonella Guategui y al actual Jefe del Cuerpo Activo, Jorge Gonz\u00e1lez, por su destacada labor en la tragedia sucedida por el derrumbe del Apart Hotel Dubrovnik, ocurrido en la ciudad de Villa Gesell.<\/p>\n\n\n\n<p>Finalmente, la 18va. Sesi\u00f3n Ordinaria culminar\u00e1 con el tratamiento de una Resoluci\u00f3n para adherir al D\u00eda Internacional de la Eliminaci\u00f3n de la Violencia contra la Mujer, a conmemorarse el mismo lunes 25 de noviembre; y de una Comunicaci\u00f3n que buscar\u00e1 que la Provincia disponga las medidas necesarias para la revisi\u00f3n inmediata de la cuarta cuota del Impuesto Inmobiliario Rural y Urbano, y manifestar preocupaci\u00f3n por el significativo aumento del mismo. Ambas iniciativas fueron presentadas por los concejales del oficialismo.<\/p>\n","protected":false},"excerpt":{"rendered":"<p>Finalizada la Asamblea, y prevista para las 21 horas, comenzar\u00e1 en el recinto la \u00faltima Sesi\u00f3n Ordinaria de este 2024, la 18va. del a\u00f1o, con varios temas que ingresar\u00e1n para ser tratados<\/p>\n","protected":false},"author":2,"featured_media":131028,"comment_status":"closed","ping_status":"open","sticky":false,"template":"","format":"standard","meta":{"footnotes":""},"categories":[1613],"tags":[],"class_list":["post-133233","post","type-post","status-publish","format-standard","has-post-thumbnail","hentry","category-noticia-secundaria"],"yoast_head":"<!-- This site is optimized with the Yoast SEO plugin v23.4 - https:\/\/yoast.com\/wordpress\/plugins\/seo\/ -->\n<title>Asamblea de Concejales y Mayores Contribuyentes, luego sesi\u00f3n ordinaria - Infoecos<\/title>\n<meta name=\"robots\" content=\"index, follow, max-snippet:-1, max-image-preview:large, max-video-preview:-1\" \/>\n<link rel=\"canonical\" href=\"https:\/\/infoecos.com.ar\/index.php\/en-trenque-lauquen-hoy-lunes-asamblea-de-concejales-y-mayores-contribuyentes-luego-sesion-ordinaria\/\" \/>\n<meta property=\"og:locale\" content=\"es_ES\" \/>\n<meta property=\"og:type\" content=\"article\" \/>\n<meta property=\"og:title\" content=\"Asamblea de Concejales y Mayores Contribuyentes, luego sesi\u00f3n ordinaria - Infoecos\" \/>\n<meta property=\"og:description\" content=\"Finalizada la Asamblea, y prevista para las 21 horas, comenzar\u00e1 en el recinto la \u00faltima Sesi\u00f3n Ordinaria de este 2024, la 18va. del a\u00f1o, con varios temas que ingresar\u00e1n para ser tratados\" \/>\n<meta property=\"og:url\" content=\"https:\/\/infoecos.com.ar\/index.php\/en-trenque-lauquen-hoy-lunes-asamblea-de-concejales-y-mayores-contribuyentes-luego-sesion-ordinaria\/\" \/>\n<meta property=\"og:site_name\" content=\"Infoecos\" \/>\n<meta property=\"article:publisher\" content=\"https:\/\/www.facebook.com\/profile.php?id=100063200290284\" \/>\n<meta property=\"article:published_time\" content=\"2024-11-25T03:37:59+00:00\" \/>\n<meta property=\"article:modified_time\" content=\"2024-11-25T18:14:57+00:00\" \/>\n<meta property=\"og:image\" content=\"https:\/\/infoecos.com.ar\/wp-content\/uploads\/2024\/10\/173955df-d0a5-42f9-a0d0-2fcfdf4fb8d8.jpeg\" \/>\n\t<meta property=\"og:image:width\" content=\"1063\" \/>\n\t<meta property=\"og:image:height\" content=\"797\" \/>\n\t<meta property=\"og:image:type\" content=\"image\/jpeg\" \/>\n<meta name=\"author\" content=\"Jorge Matheus\" \/>\n<meta name=\"twitter:card\" content=\"summary_large_image\" \/>\n<meta name=\"twitter:creator\" content=\"@infoecos\" \/>\n<meta name=\"twitter:site\" content=\"@infoecos\" \/>\n<meta name=\"twitter:label1\" content=\"Escrito por\" \/>\n\t<meta name=\"twitter:data1\" content=\"Jorge Matheus\" \/>\n\t<meta name=\"twitter:label2\" content=\"Tiempo de lectura\" \/>\n\t<meta name=\"twitter:data2\" content=\"5 minutos\" \/>\n<script type=\"application\/ld+json\" class=\"yoast-schema-graph\">{\"@context\":\"https:\/\/schema.org\",\"@graph\":[{\"@type\":\"Article\",\"@id\":\"https:\/\/infoecos.com.ar\/index.php\/en-trenque-lauquen-hoy-lunes-asamblea-de-concejales-y-mayores-contribuyentes-luego-sesion-ordinaria\/#article\",\"isPartOf\":{\"@id\":\"https:\/\/infoecos.com.ar\/index.php\/en-trenque-lauquen-hoy-lunes-asamblea-de-concejales-y-mayores-contribuyentes-luego-sesion-ordinaria\/\"},\"author\":{\"name\":\"Jorge Matheus\",\"@id\":\"https:\/\/infoecos.com.ar\/#\/schema\/person\/8f5ace5ce73b4b4aac4b7245aee6f191\"},\"headline\":\"Asamblea de Concejales y Mayores Contribuyentes, luego sesi\u00f3n ordinaria\",\"datePublished\":\"2024-11-25T03:37:59+00:00\",\"dateModified\":\"2024-11-25T18:14:57+00:00\",\"mainEntityOfPage\":{\"@id\":\"https:\/\/infoecos.com.ar\/index.php\/en-trenque-lauquen-hoy-lunes-asamblea-de-concejales-y-mayores-contribuyentes-luego-sesion-ordinaria\/\"},\"wordCount\":1035,\"publisher\":{\"@id\":\"https:\/\/infoecos.com.ar\/#organization\"},\"image\":{\"@id\":\"https:\/\/infoecos.com.ar\/index.php\/en-trenque-lauquen-hoy-lunes-asamblea-de-concejales-y-mayores-contribuyentes-luego-sesion-ordinaria\/#primaryimage\"},\"thumbnailUrl\":\"https:\/\/infoecos.com.ar\/wp-content\/uploads\/2024\/10\/173955df-d0a5-42f9-a0d0-2fcfdf4fb8d8.jpeg\",\"articleSection\":[\"Noticia Secundaria\"],\"inLanguage\":\"es\"},{\"@type\":\"WebPage\",\"@id\":\"https:\/\/infoecos.com.ar\/index.php\/en-trenque-lauquen-hoy-lunes-asamblea-de-concejales-y-mayores-contribuyentes-luego-sesion-ordinaria\/\",\"url\":\"https:\/\/infoecos.com.ar\/index.php\/en-trenque-lauquen-hoy-lunes-asamblea-de-concejales-y-mayores-contribuyentes-luego-sesion-ordinaria\/\",\"name\":\"Asamblea de Concejales y Mayores Contribuyentes, luego sesi\u00f3n ordinaria - Infoecos\",\"isPartOf\":{\"@id\":\"https:\/\/infoecos.com.ar\/#website\"},\"primaryImageOfPage\":{\"@id\":\"https:\/\/infoecos.com.ar\/index.php\/en-trenque-lauquen-hoy-lunes-asamblea-de-concejales-y-mayores-contribuyentes-luego-sesion-ordinaria\/#primaryimage\"},\"image\":{\"@id\":\"https:\/\/infoecos.com.ar\/index.php\/en-trenque-lauquen-hoy-lunes-asamblea-de-concejales-y-mayores-contribuyentes-luego-sesion-ordinaria\/#primaryimage\"},\"thumbnailUrl\":\"https:\/\/infoecos.com.ar\/wp-content\/uploads\/2024\/10\/173955df-d0a5-42f9-a0d0-2fcfdf4fb8d8.jpeg\",\"datePublished\":\"2024-11-25T03:37:59+00:00\",\"dateModified\":\"2024-11-25T18:14:57+00:00\",\"breadcrumb\":{\"@id\":\"https:\/\/infoecos.com.ar\/index.php\/en-trenque-lauquen-hoy-lunes-asamblea-de-concejales-y-mayores-contribuyentes-luego-sesion-ordinaria\/#breadcrumb\"},\"inLanguage\":\"es\",\"potentialAction\":[{\"@type\":\"ReadAction\",\"target\":[\"https:\/\/infoecos.com.ar\/index.php\/en-trenque-lauquen-hoy-lunes-asamblea-de-concejales-y-mayores-contribuyentes-luego-sesion-ordinaria\/\"]}]},{\"@type\":\"ImageObject\",\"inLanguage\":\"es\",\"@id\":\"https:\/\/infoecos.com.ar\/index.php\/en-trenque-lauquen-hoy-lunes-asamblea-de-concejales-y-mayores-contribuyentes-luego-sesion-ordinaria\/#primaryimage\",\"url\":\"https:\/\/infoecos.com.ar\/wp-content\/uploads\/2024\/10\/173955df-d0a5-42f9-a0d0-2fcfdf4fb8d8.jpeg\",\"contentUrl\":\"https:\/\/infoecos.com.ar\/wp-content\/uploads\/2024\/10\/173955df-d0a5-42f9-a0d0-2fcfdf4fb8d8.jpeg\",\"width\":1063,\"height\":797},{\"@type\":\"BreadcrumbList\",\"@id\":\"https:\/\/infoecos.com.ar\/index.php\/en-trenque-lauquen-hoy-lunes-asamblea-de-concejales-y-mayores-contribuyentes-luego-sesion-ordinaria\/#breadcrumb\",\"itemListElement\":[{\"@type\":\"ListItem\",\"position\":1,\"name\":\"Portada\",\"item\":\"https:\/\/infoecos.com.ar\/\"},{\"@type\":\"ListItem\",\"position\":2,\"name\":\"Asamblea de Concejales y Mayores Contribuyentes, luego sesi\u00f3n ordinaria\"}]},{\"@type\":\"WebSite\",\"@id\":\"https:\/\/infoecos.com.ar\/#website\",\"url\":\"https:\/\/infoecos.com.ar\/\",\"name\":\"Infoecos\",\"description\":\"Noticias de trenque lauquen y la zona\",\"publisher\":{\"@id\":\"https:\/\/infoecos.com.ar\/#organization\"},\"alternateName\":\"Noticias\",\"potentialAction\":[{\"@type\":\"SearchAction\",\"target\":{\"@type\":\"EntryPoint\",\"urlTemplate\":\"https:\/\/infoecos.com.ar\/?s={search_term_string}\"},\"query-input\":{\"@type\":\"PropertyValueSpecification\",\"valueRequired\":true,\"valueName\":\"search_term_string\"}}],\"inLanguage\":\"es\"},{\"@type\":\"Organization\",\"@id\":\"https:\/\/infoecos.com.ar\/#organization\",\"name\":\"Infoecos\",\"alternateName\":\"Noticias\",\"url\":\"https:\/\/infoecos.com.ar\/\",\"logo\":{\"@type\":\"ImageObject\",\"inLanguage\":\"es\",\"@id\":\"https:\/\/infoecos.com.ar\/#\/schema\/logo\/image\/\",\"url\":\"https:\/\/infoecos.com.ar\/wp-content\/uploads\/2024\/03\/cropped-logo.png\",\"contentUrl\":\"https:\/\/infoecos.com.ar\/wp-content\/uploads\/2024\/03\/cropped-logo.png\",\"width\":374,\"height\":90,\"caption\":\"Infoecos\"},\"image\":{\"@id\":\"https:\/\/infoecos.com.ar\/#\/schema\/logo\/image\/\"},\"sameAs\":[\"https:\/\/www.facebook.com\/profile.php?id=100063200290284\",\"https:\/\/x.com\/infoecos\"]},{\"@type\":\"Person\",\"@id\":\"https:\/\/infoecos.com.ar\/#\/schema\/person\/8f5ace5ce73b4b4aac4b7245aee6f191\",\"name\":\"Jorge Matheus\",\"url\":\"https:\/\/infoecos.com.ar\/index.php\/author\/jomatheus\/\"}]}<\/script>\n<!-- \/ Yoast SEO plugin. -->","yoast_head_json":{"title":"Asamblea de Concejales y Mayores Contribuyentes, luego sesi\u00f3n ordinaria - Infoecos","robots":{"index":"index","follow":"follow","max-snippet":"max-snippet:-1","max-image-preview":"max-image-preview:large","max-video-preview":"max-video-preview:-1"},"canonical":"https:\/\/infoecos.com.ar\/index.php\/en-trenque-lauquen-hoy-lunes-asamblea-de-concejales-y-mayores-contribuyentes-luego-sesion-ordinaria\/","og_locale":"es_ES","og_type":"article","og_title":"Asamblea de Concejales y Mayores Contribuyentes, luego sesi\u00f3n ordinaria - Infoecos","og_description":"Finalizada la Asamblea, y prevista para las 21 horas, comenzar\u00e1 en el recinto la \u00faltima Sesi\u00f3n Ordinaria de este 2024, la 18va. del a\u00f1o, con varios temas que ingresar\u00e1n para ser tratados","og_url":"https:\/\/infoecos.com.ar\/index.php\/en-trenque-lauquen-hoy-lunes-asamblea-de-concejales-y-mayores-contribuyentes-luego-sesion-ordinaria\/","og_site_name":"Infoecos","article_publisher":"https:\/\/www.facebook.com\/profile.php?id=100063200290284","article_published_time":"2024-11-25T03:37:59+00:00","article_modified_time":"2024-11-25T18:14:57+00:00","og_image":[{"width":1063,"height":797,"url":"https:\/\/infoecos.com.ar\/wp-content\/uploads\/2024\/10\/173955df-d0a5-42f9-a0d0-2fcfdf4fb8d8.jpeg","type":"image\/jpeg"}],"author":"Jorge Matheus","twitter_card":"summary_large_image","twitter_creator":"@infoecos","twitter_site":"@infoecos","twitter_misc":{"Escrito por":"Jorge Matheus","Tiempo de lectura":"5 minutos"},"schema":{"@context":"https:\/\/schema.org","@graph":[{"@type":"Article","@id":"https:\/\/infoecos.com.ar\/index.php\/en-trenque-lauquen-hoy-lunes-asamblea-de-concejales-y-mayores-contribuyentes-luego-sesion-ordinaria\/#article","isPartOf":{"@id":"https:\/\/infoecos.com.ar\/index.php\/en-trenque-lauquen-hoy-lunes-asamblea-de-concejales-y-mayores-contribuyentes-luego-sesion-ordinaria\/"},"author":{"name":"Jorge Matheus","@id":"https:\/\/infoecos.com.ar\/#\/schema\/person\/8f5ace5ce73b4b4aac4b7245aee6f191"},"headline":"Asamblea de Concejales y Mayores Contribuyentes, luego sesi\u00f3n ordinaria","datePublished":"2024-11-25T03:37:59+00:00","dateModified":"2024-11-25T18:14:57+00:00","mainEntityOfPage":{"@id":"https:\/\/infoecos.com.ar\/index.php\/en-trenque-lauquen-hoy-lunes-asamblea-de-concejales-y-mayores-contribuyentes-luego-sesion-ordinaria\/"},"wordCount":1035,"publisher":{"@id":"https:\/\/infoecos.com.ar\/#organization"},"image":{"@id":"https:\/\/infoecos.com.ar\/index.php\/en-trenque-lauquen-hoy-lunes-asamblea-de-concejales-y-mayores-contribuyentes-luego-sesion-ordinaria\/#primaryimage"},"thumbnailUrl":"https:\/\/infoecos.com.ar\/wp-content\/uploads\/2024\/10\/173955df-d0a5-42f9-a0d0-2fcfdf4fb8d8.jpeg","articleSection":["Noticia Secundaria"],"inLanguage":"es"},{"@type":"WebPage","@id":"https:\/\/infoecos.com.ar\/index.php\/en-trenque-lauquen-hoy-lunes-asamblea-de-concejales-y-mayores-contribuyentes-luego-sesion-ordinaria\/","url":"https:\/\/infoecos.com.ar\/index.php\/en-trenque-lauquen-hoy-lunes-asamblea-de-concejales-y-mayores-contribuyentes-luego-sesion-ordinaria\/","name":"Asamblea de Concejales y Mayores Contribuyentes, luego sesi\u00f3n ordinaria - Infoecos","isPartOf":{"@id":"https:\/\/infoecos.com.ar\/#website"},"primaryImageOfPage":{"@id":"https:\/\/infoecos.com.ar\/index.php\/en-trenque-lauquen-hoy-lunes-asamblea-de-concejales-y-mayores-contribuyentes-luego-sesion-ordinaria\/#primaryimage"},"image":{"@id":"https:\/\/infoecos.com.ar\/index.php\/en-trenque-lauquen-hoy-lunes-asamblea-de-concejales-y-mayores-contribuyentes-luego-sesion-ordinaria\/#primaryimage"},"thumbnailUrl":"https:\/\/infoecos.com.ar\/wp-content\/uploads\/2024\/10\/173955df-d0a5-42f9-a0d0-2fcfdf4fb8d8.jpeg","datePublished":"2024-11-25T03:37:59+00:00","dateModified":"2024-11-25T18:14:57+00:00","breadcrumb":{"@id":"https:\/\/infoecos.com.ar\/index.php\/en-trenque-lauquen-hoy-lunes-asamblea-de-concejales-y-mayores-contribuyentes-luego-sesion-ordinaria\/#breadcrumb"},"inLanguage":"es","potentialAction":[{"@type":"ReadAction","target":["https:\/\/infoecos.com.ar\/index.php\/en-trenque-lauquen-hoy-lunes-asamblea-de-concejales-y-mayores-contribuyentes-luego-sesion-ordinaria\/"]}]},{"@type":"ImageObject","inLanguage":"es","@id":"https:\/\/infoecos.com.ar\/index.php\/en-trenque-lauquen-hoy-lunes-asamblea-de-concejales-y-mayores-contribuyentes-luego-sesion-ordinaria\/#primaryimage","url":"https:\/\/infoecos.com.ar\/wp-content\/uploads\/2024\/10\/173955df-d0a5-42f9-a0d0-2fcfdf4fb8d8.jpeg","contentUrl":"https:\/\/infoecos.com.ar\/wp-content\/uploads\/2024\/10\/173955df-d0a5-42f9-a0d0-2fcfdf4fb8d8.jpeg","width":1063,"height":797},{"@type":"BreadcrumbList","@id":"https:\/\/infoecos.com.ar\/index.php\/en-trenque-lauquen-hoy-lunes-asamblea-de-concejales-y-mayores-contribuyentes-luego-sesion-ordinaria\/#breadcrumb","itemListElement":[{"@type":"ListItem","position":1,"name":"Portada","item":"https:\/\/infoecos.com.ar\/"},{"@type":"ListItem","position":2,"name":"Asamblea de Concejales y Mayores Contribuyentes, luego sesi\u00f3n ordinaria"}]},{"@type":"WebSite","@id":"https:\/\/infoecos.com.ar\/#website","url":"https:\/\/infoecos.com.ar\/","name":"Infoecos","description":"Noticias de trenque lauquen y la zona","publisher":{"@id":"https:\/\/infoecos.com.ar\/#organization"},"alternateName":"Noticias","potentialAction":[{"@type":"SearchAction","target":{"@type":"EntryPoint","urlTemplate":"https:\/\/infoecos.com.ar\/?s={search_term_string}"},"query-input":{"@type":"PropertyValueSpecification","valueRequired":true,"valueName":"search_term_string"}}],"inLanguage":"es"},{"@type":"Organization","@id":"https:\/\/infoecos.com.ar\/#organization","name":"Infoecos","alternateName":"Noticias","url":"https:\/\/infoecos.com.ar\/","logo":{"@type":"ImageObject","inLanguage":"es","@id":"https:\/\/infoecos.com.ar\/#\/schema\/logo\/image\/","url":"https:\/\/infoecos.com.ar\/wp-content\/uploads\/2024\/03\/cropped-logo.png","contentUrl":"https:\/\/infoecos.com.ar\/wp-content\/uploads\/2024\/03\/cropped-logo.png","width":374,"height":90,"caption":"Infoecos"},"image":{"@id":"https:\/\/infoecos.com.ar\/#\/schema\/logo\/image\/"},"sameAs":["https:\/\/www.facebook.com\/profile.php?id=100063200290284","https:\/\/x.com\/infoecos"]},{"@type":"Person","@id":"https:\/\/infoecos.com.ar\/#\/schema\/person\/8f5ace5ce73b4b4aac4b7245aee6f191","name":"Jorge Matheus","url":"https:\/\/infoecos.com.ar\/index.php\/author\/jomatheus\/"}]}},"featured_image_urls":{"full":["https:\/\/infoecos.com.ar\/wp-content\/uploads\/2024\/10\/173955df-d0a5-42f9-a0d0-2fcfdf4fb8d8.jpeg",1063,797,false],"thumbnail":["https:\/\/infoecos.com.ar\/wp-content\/uploads\/2024\/10\/173955df-d0a5-42f9-a0d0-2fcfdf4fb8d8-300x150.jpeg",300,150,true],"medium":["https:\/\/infoecos.com.ar\/wp-content\/uploads\/2024\/10\/173955df-d0a5-42f9-a0d0-2fcfdf4fb8d8-800x600.jpeg",800,600,true],"medium_large":["https:\/\/infoecos.com.ar\/wp-content\/uploads\/2024\/10\/173955df-d0a5-42f9-a0d0-2fcfdf4fb8d8-768x576.jpeg",640,480,true],"large":["https:\/\/infoecos.com.ar\/wp-content\/uploads\/2024\/10\/173955df-d0a5-42f9-a0d0-2fcfdf4fb8d8.jpeg",640,480,false],"1536x1536":["https:\/\/infoecos.com.ar\/wp-content\/uploads\/2024\/10\/173955df-d0a5-42f9-a0d0-2fcfdf4fb8d8.jpeg",1063,797,false],"2048x2048":["https:\/\/infoecos.com.ar\/wp-content\/uploads\/2024\/10\/173955df-d0a5-42f9-a0d0-2fcfdf4fb8d8.jpeg",1063,797,false],"covernews-slider-full":["https:\/\/infoecos.com.ar\/wp-content\/uploads\/2024\/10\/173955df-d0a5-42f9-a0d0-2fcfdf4fb8d8-1063x715.jpeg",1063,715,true],"covernews-slider-center":["https:\/\/infoecos.com.ar\/wp-content\/uploads\/2024\/10\/173955df-d0a5-42f9-a0d0-2fcfdf4fb8d8-800x500.jpeg",800,500,true],"covernews-featured":["https:\/\/infoecos.com.ar\/wp-content\/uploads\/2024\/10\/173955df-d0a5-42f9-a0d0-2fcfdf4fb8d8-1024x768.jpeg",1024,768,true],"covernews-medium":["https:\/\/infoecos.com.ar\/wp-content\/uploads\/2024\/10\/173955df-d0a5-42f9-a0d0-2fcfdf4fb8d8-540x340.jpeg",540,340,true],"covernews-medium-square":["https:\/\/infoecos.com.ar\/wp-content\/uploads\/2024\/10\/173955df-d0a5-42f9-a0d0-2fcfdf4fb8d8-400x250.jpeg",400,250,true]},"author_info":{"info":["Jorge Matheus"]},"category_info":"<a href=\"https:\/\/infoecos.com.ar\/index.php\/category\/noticia-secundaria\/\" rel=\"category tag\">Noticia Secundaria<\/a>","tag_info":"Noticia Secundaria","comment_count":"0","_links":{"self":[{"href":"https:\/\/infoecos.com.ar\/index.php\/wp-json\/wp\/v2\/posts\/133233"}],"collection":[{"href":"https:\/\/infoecos.com.ar\/index.php\/wp-json\/wp\/v2\/posts"}],"about":[{"href":"https:\/\/infoecos.com.ar\/index.php\/wp-json\/wp\/v2\/types\/post"}],"author":[{"embeddable":true,"href":"https:\/\/infoecos.com.ar\/index.php\/wp-json\/wp\/v2\/users\/2"}],"replies":[{"embeddable":true,"href":"https:\/\/infoecos.com.ar\/index.php\/wp-json\/wp\/v2\/comments?post=133233"}],"version-history":[{"count":2,"href":"https:\/\/infoecos.com.ar\/index.php\/wp-json\/wp\/v2\/posts\/133233\/revisions"}],"predecessor-version":[{"id":133292,"href":"https:\/\/infoecos.com.ar\/index.php\/wp-json\/wp\/v2\/posts\/133233\/revisions\/133292"}],"wp:featuredmedia":[{"embeddable":true,"href":"https:\/\/infoecos.com.ar\/index.php\/wp-json\/wp\/v2\/media\/131028"}],"wp:attachment":[{"href":"https:\/\/infoecos.com.ar\/index.php\/wp-json\/wp\/v2\/media?parent=133233"}],"wp:term":[{"taxonomy":"category","embeddable":true,"href":"https:\/\/infoecos.com.ar\/index.php\/wp-json\/wp\/v2\/categories?post=133233"},{"taxonomy":"post_tag","embeddable":true,"href":"https:\/\/infoecos.com.ar\/index.php\/wp-json\/wp\/v2\/tags?post=133233"}],"curies":[{"name":"wp","href":"https:\/\/api.w.org\/{rel}","templated":true}]}}