{"id":133354,"date":"2024-11-25T23:43:34","date_gmt":"2024-11-26T02:43:34","guid":{"rendered":"https:\/\/infoecos.com.ar\/?p=133354"},"modified":"2024-11-25T23:43:35","modified_gmt":"2024-11-26T02:43:35","slug":"alta-estimacion-de-lluvia-para-la-manana-de-este-martes-en-t-lauquen-y-la-region","status":"publish","type":"post","link":"https:\/\/infoecos.com.ar\/index.php\/alta-estimacion-de-lluvia-para-la-manana-de-este-martes-en-t-lauquen-y-la-region\/","title":{"rendered":"Alta estimaci\u00f3n de lluvia para la ma\u00f1ana de este martes en T.Lauquen y la regi\u00f3n"},"content":{"rendered":"\n<p class=\"has-text-align-center\"><strong>Servicio Meteorol\u00f3gico Nacional <\/strong><\/p>\n\n\n\n<p class=\"has-text-align-center\"><strong>Pron\u00f3stico hasta el jueves<\/strong><\/p>\n\n\n\n<p><strong><mark style=\"background-color:rgba(0, 0, 0, 0)\" class=\"has-inline-color has-vivid-red-color\">Porcentaje alto de estimaci\u00f3n de lluvia para la ma\u00f1ana de este martes. <\/mark><\/strong><\/p>\n\n\n\n<figure class=\"wp-block-image aligncenter size-full\"><img loading=\"lazy\" decoding=\"async\" width=\"473\" height=\"244\" src=\"https:\/\/infoecos.com.ar\/wp-content\/uploads\/2024\/11\/image-307.png\" alt=\"\" class=\"wp-image-133355\"\/><\/figure>\n\n\n\n<p class=\"has-text-align-center\"><strong>Sensores Clim\u00e1ticos Municipalidad de Trenque Lauquen<\/strong><\/p>\n\n\n\n<p class=\"has-text-align-center\">Valores Meteorol\u00f3gicos del lunes <\/p>\n\n\n\n<p><strong><mark style=\"background-color:rgba(0, 0, 0, 0)\" class=\"has-inline-color has-vivid-red-color\">Volvi\u00f3 a bajar la presi\u00f3n atmosf\u00e9rica, despu\u00e9s de una temperatura m\u00e1xima superior a los 29\u00b0<\/mark><\/strong><\/p>\n\n\n\n<figure class=\"wp-block-image aligncenter size-full\"><img loading=\"lazy\" decoding=\"async\" width=\"609\" height=\"325\" src=\"https:\/\/infoecos.com.ar\/wp-content\/uploads\/2024\/11\/image-308.png\" alt=\"\" class=\"wp-image-133356\"\/><\/figure>\n","protected":false},"excerpt":{"rendered":"<p>Volvi\u00f3 a bajar la presi\u00f3n atmosf\u00e9rica, despu\u00e9s de una temperatura m\u00e1xima superior a los 29\u00b0<\/p>\n","protected":false},"author":2,"featured_media":120317,"comment_status":"closed","ping_status":"open","sticky":false,"template":"","format":"standard","meta":{"footnotes":""},"categories":[1613],"tags":[],"class_list":["post-133354","post","type-post","status-publish","format-standard","has-post-thumbnail","hentry","category-noticia-secundaria"],"yoast_head":"<!-- This site is optimized with the Yoast SEO plugin v23.4 - https:\/\/yoast.com\/wordpress\/plugins\/seo\/ -->\n<title>Alta estimaci\u00f3n de lluvia para la ma\u00f1ana de este martes en T.Lauquen y la regi\u00f3n - Infoecos<\/title>\n<meta name=\"robots\" content=\"index, follow, max-snippet:-1, max-image-preview:large, max-video-preview:-1\" \/>\n<link rel=\"canonical\" href=\"https:\/\/infoecos.com.ar\/index.php\/alta-estimacion-de-lluvia-para-la-manana-de-este-martes-en-t-lauquen-y-la-region\/\" \/>\n<meta property=\"og:locale\" content=\"es_ES\" \/>\n<meta property=\"og:type\" content=\"article\" \/>\n<meta property=\"og:title\" content=\"Alta estimaci\u00f3n de lluvia para la ma\u00f1ana de este martes en T.Lauquen y la regi\u00f3n - Infoecos\" \/>\n<meta property=\"og:description\" content=\"Volvi\u00f3 a bajar la presi\u00f3n atmosf\u00e9rica, despu\u00e9s de una temperatura m\u00e1xima superior a los 29\u00b0\" \/>\n<meta property=\"og:url\" content=\"https:\/\/infoecos.com.ar\/index.php\/alta-estimacion-de-lluvia-para-la-manana-de-este-martes-en-t-lauquen-y-la-region\/\" \/>\n<meta property=\"og:site_name\" content=\"Infoecos\" \/>\n<meta property=\"article:publisher\" content=\"https:\/\/www.facebook.com\/profile.php?id=100063200290284\" \/>\n<meta property=\"article:published_time\" content=\"2024-11-26T02:43:34+00:00\" \/>\n<meta property=\"article:modified_time\" content=\"2024-11-26T02:43:35+00:00\" \/>\n<meta property=\"og:image\" content=\"https:\/\/infoecos.com.ar\/wp-content\/uploads\/2024\/03\/image-22.png\" \/>\n\t<meta property=\"og:image:width\" content=\"257\" \/>\n\t<meta property=\"og:image:height\" content=\"256\" \/>\n\t<meta property=\"og:image:type\" content=\"image\/png\" \/>\n<meta name=\"author\" content=\"Jorge Matheus\" \/>\n<meta name=\"twitter:card\" content=\"summary_large_image\" \/>\n<meta name=\"twitter:creator\" content=\"@infoecos\" \/>\n<meta name=\"twitter:site\" content=\"@infoecos\" \/>\n<meta name=\"twitter:label1\" content=\"Escrito por\" \/>\n\t<meta name=\"twitter:data1\" content=\"Jorge Matheus\" \/>\n\t<meta name=\"twitter:label2\" content=\"Tiempo de lectura\" \/>\n\t<meta name=\"twitter:data2\" content=\"1 minuto\" \/>\n<script type=\"application\/ld+json\" class=\"yoast-schema-graph\">{\"@context\":\"https:\/\/schema.org\",\"@graph\":[{\"@type\":\"Article\",\"@id\":\"https:\/\/infoecos.com.ar\/index.php\/alta-estimacion-de-lluvia-para-la-manana-de-este-martes-en-t-lauquen-y-la-region\/#article\",\"isPartOf\":{\"@id\":\"https:\/\/infoecos.com.ar\/index.php\/alta-estimacion-de-lluvia-para-la-manana-de-este-martes-en-t-lauquen-y-la-region\/\"},\"author\":{\"name\":\"Jorge Matheus\",\"@id\":\"https:\/\/infoecos.com.ar\/#\/schema\/person\/8f5ace5ce73b4b4aac4b7245aee6f191\"},\"headline\":\"Alta estimaci\u00f3n de lluvia para la ma\u00f1ana de este martes en T.Lauquen y la regi\u00f3n\",\"datePublished\":\"2024-11-26T02:43:34+00:00\",\"dateModified\":\"2024-11-26T02:43:35+00:00\",\"mainEntityOfPage\":{\"@id\":\"https:\/\/infoecos.com.ar\/index.php\/alta-estimacion-de-lluvia-para-la-manana-de-este-martes-en-t-lauquen-y-la-region\/\"},\"wordCount\":72,\"publisher\":{\"@id\":\"https:\/\/infoecos.com.ar\/#organization\"},\"image\":{\"@id\":\"https:\/\/infoecos.com.ar\/index.php\/alta-estimacion-de-lluvia-para-la-manana-de-este-martes-en-t-lauquen-y-la-region\/#primaryimage\"},\"thumbnailUrl\":\"https:\/\/infoecos.com.ar\/wp-content\/uploads\/2024\/03\/image-22.png\",\"articleSection\":[\"Noticia Secundaria\"],\"inLanguage\":\"es\"},{\"@type\":\"WebPage\",\"@id\":\"https:\/\/infoecos.com.ar\/index.php\/alta-estimacion-de-lluvia-para-la-manana-de-este-martes-en-t-lauquen-y-la-region\/\",\"url\":\"https:\/\/infoecos.com.ar\/index.php\/alta-estimacion-de-lluvia-para-la-manana-de-este-martes-en-t-lauquen-y-la-region\/\",\"name\":\"Alta estimaci\u00f3n de lluvia para la ma\u00f1ana de este martes en T.Lauquen y la regi\u00f3n - Infoecos\",\"isPartOf\":{\"@id\":\"https:\/\/infoecos.com.ar\/#website\"},\"primaryImageOfPage\":{\"@id\":\"https:\/\/infoecos.com.ar\/index.php\/alta-estimacion-de-lluvia-para-la-manana-de-este-martes-en-t-lauquen-y-la-region\/#primaryimage\"},\"image\":{\"@id\":\"https:\/\/infoecos.com.ar\/index.php\/alta-estimacion-de-lluvia-para-la-manana-de-este-martes-en-t-lauquen-y-la-region\/#primaryimage\"},\"thumbnailUrl\":\"https:\/\/infoecos.com.ar\/wp-content\/uploads\/2024\/03\/image-22.png\",\"datePublished\":\"2024-11-26T02:43:34+00:00\",\"dateModified\":\"2024-11-26T02:43:35+00:00\",\"breadcrumb\":{\"@id\":\"https:\/\/infoecos.com.ar\/index.php\/alta-estimacion-de-lluvia-para-la-manana-de-este-martes-en-t-lauquen-y-la-region\/#breadcrumb\"},\"inLanguage\":\"es\",\"potentialAction\":[{\"@type\":\"ReadAction\",\"target\":[\"https:\/\/infoecos.com.ar\/index.php\/alta-estimacion-de-lluvia-para-la-manana-de-este-martes-en-t-lauquen-y-la-region\/\"]}]},{\"@type\":\"ImageObject\",\"inLanguage\":\"es\",\"@id\":\"https:\/\/infoecos.com.ar\/index.php\/alta-estimacion-de-lluvia-para-la-manana-de-este-martes-en-t-lauquen-y-la-region\/#primaryimage\",\"url\":\"https:\/\/infoecos.com.ar\/wp-content\/uploads\/2024\/03\/image-22.png\",\"contentUrl\":\"https:\/\/infoecos.com.ar\/wp-content\/uploads\/2024\/03\/image-22.png\",\"width\":257,\"height\":256},{\"@type\":\"BreadcrumbList\",\"@id\":\"https:\/\/infoecos.com.ar\/index.php\/alta-estimacion-de-lluvia-para-la-manana-de-este-martes-en-t-lauquen-y-la-region\/#breadcrumb\",\"itemListElement\":[{\"@type\":\"ListItem\",\"position\":1,\"name\":\"Portada\",\"item\":\"https:\/\/infoecos.com.ar\/\"},{\"@type\":\"ListItem\",\"position\":2,\"name\":\"Alta estimaci\u00f3n de lluvia para la ma\u00f1ana de este martes en T.Lauquen y la regi\u00f3n\"}]},{\"@type\":\"WebSite\",\"@id\":\"https:\/\/infoecos.com.ar\/#website\",\"url\":\"https:\/\/infoecos.com.ar\/\",\"name\":\"Infoecos\",\"description\":\"Noticias de trenque lauquen y la zona\",\"publisher\":{\"@id\":\"https:\/\/infoecos.com.ar\/#organization\"},\"alternateName\":\"Noticias\",\"potentialAction\":[{\"@type\":\"SearchAction\",\"target\":{\"@type\":\"EntryPoint\",\"urlTemplate\":\"https:\/\/infoecos.com.ar\/?s={search_term_string}\"},\"query-input\":{\"@type\":\"PropertyValueSpecification\",\"valueRequired\":true,\"valueName\":\"search_term_string\"}}],\"inLanguage\":\"es\"},{\"@type\":\"Organization\",\"@id\":\"https:\/\/infoecos.com.ar\/#organization\",\"name\":\"Infoecos\",\"alternateName\":\"Noticias\",\"url\":\"https:\/\/infoecos.com.ar\/\",\"logo\":{\"@type\":\"ImageObject\",\"inLanguage\":\"es\",\"@id\":\"https:\/\/infoecos.com.ar\/#\/schema\/logo\/image\/\",\"url\":\"https:\/\/infoecos.com.ar\/wp-content\/uploads\/2024\/03\/cropped-logo.png\",\"contentUrl\":\"https:\/\/infoecos.com.ar\/wp-content\/uploads\/2024\/03\/cropped-logo.png\",\"width\":374,\"height\":90,\"caption\":\"Infoecos\"},\"image\":{\"@id\":\"https:\/\/infoecos.com.ar\/#\/schema\/logo\/image\/\"},\"sameAs\":[\"https:\/\/www.facebook.com\/profile.php?id=100063200290284\",\"https:\/\/x.com\/infoecos\"]},{\"@type\":\"Person\",\"@id\":\"https:\/\/infoecos.com.ar\/#\/schema\/person\/8f5ace5ce73b4b4aac4b7245aee6f191\",\"name\":\"Jorge Matheus\",\"url\":\"https:\/\/infoecos.com.ar\/index.php\/author\/jomatheus\/\"}]}<\/script>\n<!-- \/ Yoast SEO plugin. -->","yoast_head_json":{"title":"Alta estimaci\u00f3n de lluvia para la ma\u00f1ana de este martes en T.Lauquen y la regi\u00f3n - Infoecos","robots":{"index":"index","follow":"follow","max-snippet":"max-snippet:-1","max-image-preview":"max-image-preview:large","max-video-preview":"max-video-preview:-1"},"canonical":"https:\/\/infoecos.com.ar\/index.php\/alta-estimacion-de-lluvia-para-la-manana-de-este-martes-en-t-lauquen-y-la-region\/","og_locale":"es_ES","og_type":"article","og_title":"Alta estimaci\u00f3n de lluvia para la ma\u00f1ana de este martes en T.Lauquen y la regi\u00f3n - Infoecos","og_description":"Volvi\u00f3 a bajar la presi\u00f3n atmosf\u00e9rica, despu\u00e9s de una temperatura m\u00e1xima superior a los 29\u00b0","og_url":"https:\/\/infoecos.com.ar\/index.php\/alta-estimacion-de-lluvia-para-la-manana-de-este-martes-en-t-lauquen-y-la-region\/","og_site_name":"Infoecos","article_publisher":"https:\/\/www.facebook.com\/profile.php?id=100063200290284","article_published_time":"2024-11-26T02:43:34+00:00","article_modified_time":"2024-11-26T02:43:35+00:00","og_image":[{"width":257,"height":256,"url":"https:\/\/infoecos.com.ar\/wp-content\/uploads\/2024\/03\/image-22.png","type":"image\/png"}],"author":"Jorge Matheus","twitter_card":"summary_large_image","twitter_creator":"@infoecos","twitter_site":"@infoecos","twitter_misc":{"Escrito por":"Jorge Matheus","Tiempo de lectura":"1 minuto"},"schema":{"@context":"https:\/\/schema.org","@graph":[{"@type":"Article","@id":"https:\/\/infoecos.com.ar\/index.php\/alta-estimacion-de-lluvia-para-la-manana-de-este-martes-en-t-lauquen-y-la-region\/#article","isPartOf":{"@id":"https:\/\/infoecos.com.ar\/index.php\/alta-estimacion-de-lluvia-para-la-manana-de-este-martes-en-t-lauquen-y-la-region\/"},"author":{"name":"Jorge Matheus","@id":"https:\/\/infoecos.com.ar\/#\/schema\/person\/8f5ace5ce73b4b4aac4b7245aee6f191"},"headline":"Alta estimaci\u00f3n de lluvia para la ma\u00f1ana de este martes en T.Lauquen y la regi\u00f3n","datePublished":"2024-11-26T02:43:34+00:00","dateModified":"2024-11-26T02:43:35+00:00","mainEntityOfPage":{"@id":"https:\/\/infoecos.com.ar\/index.php\/alta-estimacion-de-lluvia-para-la-manana-de-este-martes-en-t-lauquen-y-la-region\/"},"wordCount":72,"publisher":{"@id":"https:\/\/infoecos.com.ar\/#organization"},"image":{"@id":"https:\/\/infoecos.com.ar\/index.php\/alta-estimacion-de-lluvia-para-la-manana-de-este-martes-en-t-lauquen-y-la-region\/#primaryimage"},"thumbnailUrl":"https:\/\/infoecos.com.ar\/wp-content\/uploads\/2024\/03\/image-22.png","articleSection":["Noticia Secundaria"],"inLanguage":"es"},{"@type":"WebPage","@id":"https:\/\/infoecos.com.ar\/index.php\/alta-estimacion-de-lluvia-para-la-manana-de-este-martes-en-t-lauquen-y-la-region\/","url":"https:\/\/infoecos.com.ar\/index.php\/alta-estimacion-de-lluvia-para-la-manana-de-este-martes-en-t-lauquen-y-la-region\/","name":"Alta estimaci\u00f3n de lluvia para la ma\u00f1ana de este martes en T.Lauquen y la regi\u00f3n - Infoecos","isPartOf":{"@id":"https:\/\/infoecos.com.ar\/#website"},"primaryImageOfPage":{"@id":"https:\/\/infoecos.com.ar\/index.php\/alta-estimacion-de-lluvia-para-la-manana-de-este-martes-en-t-lauquen-y-la-region\/#primaryimage"},"image":{"@id":"https:\/\/infoecos.com.ar\/index.php\/alta-estimacion-de-lluvia-para-la-manana-de-este-martes-en-t-lauquen-y-la-region\/#primaryimage"},"thumbnailUrl":"https:\/\/infoecos.com.ar\/wp-content\/uploads\/2024\/03\/image-22.png","datePublished":"2024-11-26T02:43:34+00:00","dateModified":"2024-11-26T02:43:35+00:00","breadcrumb":{"@id":"https:\/\/infoecos.com.ar\/index.php\/alta-estimacion-de-lluvia-para-la-manana-de-este-martes-en-t-lauquen-y-la-region\/#breadcrumb"},"inLanguage":"es","potentialAction":[{"@type":"ReadAction","target":["https:\/\/infoecos.com.ar\/index.php\/alta-estimacion-de-lluvia-para-la-manana-de-este-martes-en-t-lauquen-y-la-region\/"]}]},{"@type":"ImageObject","inLanguage":"es","@id":"https:\/\/infoecos.com.ar\/index.php\/alta-estimacion-de-lluvia-para-la-manana-de-este-martes-en-t-lauquen-y-la-region\/#primaryimage","url":"https:\/\/infoecos.com.ar\/wp-content\/uploads\/2024\/03\/image-22.png","contentUrl":"https:\/\/infoecos.com.ar\/wp-content\/uploads\/2024\/03\/image-22.png","width":257,"height":256},{"@type":"BreadcrumbList","@id":"https:\/\/infoecos.com.ar\/index.php\/alta-estimacion-de-lluvia-para-la-manana-de-este-martes-en-t-lauquen-y-la-region\/#breadcrumb","itemListElement":[{"@type":"ListItem","position":1,"name":"Portada","item":"https:\/\/infoecos.com.ar\/"},{"@type":"ListItem","position":2,"name":"Alta estimaci\u00f3n de lluvia para la ma\u00f1ana de este martes en T.Lauquen y la regi\u00f3n"}]},{"@type":"WebSite","@id":"https:\/\/infoecos.com.ar\/#website","url":"https:\/\/infoecos.com.ar\/","name":"Infoecos","description":"Noticias de trenque lauquen y la zona","publisher":{"@id":"https:\/\/infoecos.com.ar\/#organization"},"alternateName":"Noticias","potentialAction":[{"@type":"SearchAction","target":{"@type":"EntryPoint","urlTemplate":"https:\/\/infoecos.com.ar\/?s={search_term_string}"},"query-input":{"@type":"PropertyValueSpecification","valueRequired":true,"valueName":"search_term_string"}}],"inLanguage":"es"},{"@type":"Organization","@id":"https:\/\/infoecos.com.ar\/#organization","name":"Infoecos","alternateName":"Noticias","url":"https:\/\/infoecos.com.ar\/","logo":{"@type":"ImageObject","inLanguage":"es","@id":"https:\/\/infoecos.com.ar\/#\/schema\/logo\/image\/","url":"https:\/\/infoecos.com.ar\/wp-content\/uploads\/2024\/03\/cropped-logo.png","contentUrl":"https:\/\/infoecos.com.ar\/wp-content\/uploads\/2024\/03\/cropped-logo.png","width":374,"height":90,"caption":"Infoecos"},"image":{"@id":"https:\/\/infoecos.com.ar\/#\/schema\/logo\/image\/"},"sameAs":["https:\/\/www.facebook.com\/profile.php?id=100063200290284","https:\/\/x.com\/infoecos"]},{"@type":"Person","@id":"https:\/\/infoecos.com.ar\/#\/schema\/person\/8f5ace5ce73b4b4aac4b7245aee6f191","name":"Jorge Matheus","url":"https:\/\/infoecos.com.ar\/index.php\/author\/jomatheus\/"}]}},"featured_image_urls":{"full":["https:\/\/infoecos.com.ar\/wp-content\/uploads\/2024\/03\/image-22.png",257,256,false],"thumbnail":["https:\/\/infoecos.com.ar\/wp-content\/uploads\/2024\/03\/image-22-257x150.png",257,150,true],"medium":["https:\/\/infoecos.com.ar\/wp-content\/uploads\/2024\/03\/image-22.png",257,256,false],"medium_large":["https:\/\/infoecos.com.ar\/wp-content\/uploads\/2024\/03\/image-22.png",257,256,false],"large":["https:\/\/infoecos.com.ar\/wp-content\/uploads\/2024\/03\/image-22.png",257,256,false],"1536x1536":["https:\/\/infoecos.com.ar\/wp-content\/uploads\/2024\/03\/image-22.png",257,256,false],"2048x2048":["https:\/\/infoecos.com.ar\/wp-content\/uploads\/2024\/03\/image-22.png",257,256,false],"covernews-slider-full":["https:\/\/infoecos.com.ar\/wp-content\/uploads\/2024\/03\/image-22.png",257,256,false],"covernews-slider-center":["https:\/\/infoecos.com.ar\/wp-content\/uploads\/2024\/03\/image-22.png",257,256,false],"covernews-featured":["https:\/\/infoecos.com.ar\/wp-content\/uploads\/2024\/03\/image-22.png",257,256,false],"covernews-medium":["https:\/\/infoecos.com.ar\/wp-content\/uploads\/2024\/03\/image-22.png",257,256,false],"covernews-medium-square":["https:\/\/infoecos.com.ar\/wp-content\/uploads\/2024\/03\/image-22.png",251,250,false]},"author_info":{"info":["Jorge Matheus"]},"category_info":"<a href=\"https:\/\/infoecos.com.ar\/index.php\/category\/noticia-secundaria\/\" rel=\"category tag\">Noticia Secundaria<\/a>","tag_info":"Noticia Secundaria","comment_count":"0","_links":{"self":[{"href":"https:\/\/infoecos.com.ar\/index.php\/wp-json\/wp\/v2\/posts\/133354"}],"collection":[{"href":"https:\/\/infoecos.com.ar\/index.php\/wp-json\/wp\/v2\/posts"}],"about":[{"href":"https:\/\/infoecos.com.ar\/index.php\/wp-json\/wp\/v2\/types\/post"}],"author":[{"embeddable":true,"href":"https:\/\/infoecos.com.ar\/index.php\/wp-json\/wp\/v2\/users\/2"}],"replies":[{"embeddable":true,"href":"https:\/\/infoecos.com.ar\/index.php\/wp-json\/wp\/v2\/comments?post=133354"}],"version-history":[{"count":1,"href":"https:\/\/infoecos.com.ar\/index.php\/wp-json\/wp\/v2\/posts\/133354\/revisions"}],"predecessor-version":[{"id":133357,"href":"https:\/\/infoecos.com.ar\/index.php\/wp-json\/wp\/v2\/posts\/133354\/revisions\/133357"}],"wp:featuredmedia":[{"embeddable":true,"href":"https:\/\/infoecos.com.ar\/index.php\/wp-json\/wp\/v2\/media\/120317"}],"wp:attachment":[{"href":"https:\/\/infoecos.com.ar\/index.php\/wp-json\/wp\/v2\/media?parent=133354"}],"wp:term":[{"taxonomy":"category","embeddable":true,"href":"https:\/\/infoecos.com.ar\/index.php\/wp-json\/wp\/v2\/categories?post=133354"},{"taxonomy":"post_tag","embeddable":true,"href":"https:\/\/infoecos.com.ar\/index.php\/wp-json\/wp\/v2\/tags?post=133354"}],"curies":[{"name":"wp","href":"https:\/\/api.w.org\/{rel}","templated":true}]}}