{"id":133427,"date":"2024-11-27T12:58:35","date_gmt":"2024-11-27T15:58:35","guid":{"rendered":"https:\/\/infoecos.com.ar\/?p=133427"},"modified":"2024-11-27T12:58:36","modified_gmt":"2024-11-27T15:58:36","slug":"datos-de-lluvia-en-la-zona-de-t-lauquen-daireaux-pehuajo-y-carlos-casares","status":"publish","type":"post","link":"https:\/\/infoecos.com.ar\/index.php\/datos-de-lluvia-en-la-zona-de-t-lauquen-daireaux-pehuajo-y-carlos-casares\/","title":{"rendered":"Datos de lluvia en la zona de T.Lauquen, Daireaux, Pehuaj\u00f3 y Carlos Casares"},"content":{"rendered":"\n<p>Establecimiento San Jorge, <strong>Mones Caz\u00f3n<\/strong>, 20 mm <\/p>\n\n\n\n<p>Establecimiento La Dominga, Salazar, 10 mm<\/p>\n\n\n\n<p>Establecimiento Mar\u00eda Teresa Sur, <strong>Corazzi<\/strong>, 8 mm.<\/p>\n\n\n\n<p>Zona Aer\u00f3dromo, <strong>Pehuaj\u00f3<\/strong>, 19 mm<\/p>\n\n\n\n<p><strong>Nueva Plata<\/strong>, 10 mm <\/p>\n\n\n\n<p>Establecimiento Bella Vista, <strong>Henderson<\/strong>, 10 mm.<\/p>\n\n\n\n<p><strong>Girodias<\/strong>, 5 mm<\/p>\n\n\n\n<p>Establecimiento La Querencia, <strong>Francisco Madero<\/strong>, 10 mm <\/p>\n\n\n\n<p>El Cautivo, <strong>Salazar<\/strong>, 10 mm<\/p>\n\n\n\n<p><strong>Daireaux<\/strong>, 26 mm.<\/p>\n\n\n\n<p><strong>Arboledas<\/strong>, 7 mm.<\/p>\n\n\n\n<p><strong>Freyre<\/strong>, 20 mm.<\/p>\n\n\n\n<p><strong>Masurel<\/strong>, 16 mm.<\/p>\n\n\n\n<p><strong>Andant<\/strong>, 35 mm.<\/p>\n\n\n\n<p><strong>La Larga<\/strong>, 17 mm.<br><\/p>\n\n\n\n<p><strong>Lavalle<\/strong>, 7 mm.<\/p>\n\n\n\n<p>La Fortuna, <strong>Corazzi<\/strong>, 10 mm.<\/p>\n\n\n\n<p>Establecimiento La Trinidad, <strong>Juan Jos\u00e9 Paso<\/strong>,36 mm<\/p>\n\n\n\n<p><strong>Distrito de Carlos Casares <\/strong><\/p>\n\n\n\n<figure class=\"wp-block-image aligncenter size-full is-resized\"><img loading=\"lazy\" decoding=\"async\" width=\"720\" height=\"582\" src=\"https:\/\/infoecos.com.ar\/wp-content\/uploads\/2024\/11\/image-316.png\" alt=\"\" class=\"wp-image-133428\" style=\"width:510px;height:auto\"\/><\/figure>\n\n\n\n<p><strong>Datos Radio M\u00e1s Daireaux<\/strong><\/p>\n\n\n\n<p><strong>Daireaux<\/strong> 26 mil\u00edmetros<\/p>\n\n\n\n<p><strong>Salazar<\/strong> 15 mil\u00edmetros<\/p>\n\n\n\n<p><strong>Arboledas<\/strong> 7 mil\u00edmetros<\/p>\n\n\n\n<p><strong>Los P\u00e1lidos<\/strong> 5 mil\u00edmetros<\/p>\n\n\n\n<p><strong>Suric\u00f3<\/strong> 20 mil\u00edmetros<\/p>\n\n\n\n<p><strong>La Toscana<\/strong> 6 mil\u00edmetros<\/p>\n\n\n\n<p><strong>Masurel<\/strong> 16 mil\u00edmetros<\/p>\n\n\n\n<p><strong>Freyre<\/strong> 20 mil\u00edmetros<\/p>\n\n\n\n<p><strong>El Fort\u00edn<\/strong> 12 mil\u00edmetros<\/p>\n\n\n\n<p><strong>El Tordillo<\/strong> 16 mil\u00edmetros<\/p>\n\n\n\n<p><strong>El Primero<\/strong> 16 mil\u00edmetros<\/p>\n\n\n\n<p><strong>Alonso Prieto La Quinta<\/strong> 20 mil\u00edmetros<\/p>\n\n\n\n<p><strong>El Rinc\u00f3n<\/strong> 35 mil\u00edmetros<\/p>\n\n\n\n<p><strong>San Agust\u00edn<\/strong> 16 mil\u00edmetros<\/p>\n\n\n\n<p><strong>Andant<\/strong> 35 mil\u00edmetros<\/p>\n\n\n\n<p><strong>San Pablo<\/strong> 10 mil\u00edmetros<\/p>\n\n\n\n<p><strong>La Larga<\/strong> 17 mil\u00edmetros<\/p>\n\n\n\n<p><strong>La Bardena<\/strong> 4 mil\u00edmetros<\/p>\n\n\n\n<p><strong>San Vito<\/strong> 18 mil\u00edmetros<\/p>\n\n\n\n<p><strong>La Armonia<\/strong> 18 mil\u00edmetros<\/p>\n\n\n\n<p><strong>La Paz<\/strong> 25 mil\u00edmetros<\/p>\n\n\n\n<p><strong>Aldea<\/strong> 24 mil\u00edmetros<\/p>\n\n\n\n<p><strong>La Concepci\u00f3n<\/strong> 13 mil\u00edmetros<\/p>\n\n\n\n<p><strong>Lavalle <\/strong>7 mil\u00edmetros<\/p>\n\n\n\n<p><strong>El M\u00e9dano<\/strong> 15 mil\u00edmetros<\/p>\n\n\n\n<p><strong>El Regreso<\/strong> 34 mil\u00edmetros<\/p>\n\n\n\n<p><strong>Garaipena <\/strong>18 mil\u00edmetros<\/p>\n\n\n\n<p><strong>La Manuela<\/strong> 8 mil\u00edmetros<\/p>\n\n\n\n<p><strong>La Crotera<\/strong> 20 mil\u00edmetros<\/p>\n\n\n\n<p><strong>Mar-Ailen<\/strong> 24 mil\u00edmetros<\/p>\n\n\n\n<p><strong>El Magreb<\/strong>15 mil\u00edmetros<\/p>\n\n\n\n<p><strong>Maraco<\/strong> 2 mil\u00edmetros<\/p>\n\n\n\n<p><strong>Don Carlos<\/strong> 6 mil\u00edmetros<\/p>\n\n\n\n<p><strong>La Merced Sur<\/strong> 3 mil\u00edmetros<\/p>\n\n\n\n<p><strong>La Prosperidad<\/strong> 4 mil\u00edmetros<\/p>\n\n\n\n<p><strong>Don Manuel<\/strong> 35 mil\u00edmetros<\/p>\n\n\n\n<p><strong>La Macarena<\/strong> 4 mil\u00edmetros<\/p>\n\n\n\n<p><strong>Lougue <\/strong>4 mil\u00edmetros<\/p>\n","protected":false},"excerpt":{"rendered":"<p>Datos proporcionados a trav\u00e9s del servicio que brinda Kevin Cassels y de distintos medios de la regi\u00f3n<\/p>\n","protected":false},"author":2,"featured_media":116339,"comment_status":"closed","ping_status":"open","sticky":false,"template":"","format":"standard","meta":{"footnotes":""},"categories":[1613],"tags":[],"class_list":["post-133427","post","type-post","status-publish","format-standard","has-post-thumbnail","hentry","category-noticia-secundaria"],"yoast_head":"<!-- This site is optimized with the Yoast SEO plugin v23.4 - https:\/\/yoast.com\/wordpress\/plugins\/seo\/ -->\n<title>Datos de lluvia en la zona de T.Lauquen, Daireaux, Pehuaj\u00f3 y Carlos Casares - Infoecos<\/title>\n<meta name=\"robots\" content=\"index, follow, max-snippet:-1, max-image-preview:large, max-video-preview:-1\" \/>\n<link rel=\"canonical\" href=\"https:\/\/infoecos.com.ar\/index.php\/datos-de-lluvia-en-la-zona-de-t-lauquen-daireaux-pehuajo-y-carlos-casares\/\" \/>\n<meta property=\"og:locale\" content=\"es_ES\" \/>\n<meta property=\"og:type\" content=\"article\" \/>\n<meta property=\"og:title\" content=\"Datos de lluvia en la zona de T.Lauquen, Daireaux, Pehuaj\u00f3 y Carlos Casares - Infoecos\" \/>\n<meta property=\"og:description\" content=\"Datos proporcionados a trav\u00e9s del servicio que brinda Kevin Cassels y de distintos medios de la regi\u00f3n\" \/>\n<meta property=\"og:url\" content=\"https:\/\/infoecos.com.ar\/index.php\/datos-de-lluvia-en-la-zona-de-t-lauquen-daireaux-pehuajo-y-carlos-casares\/\" \/>\n<meta property=\"og:site_name\" content=\"Infoecos\" \/>\n<meta property=\"article:publisher\" content=\"https:\/\/www.facebook.com\/profile.php?id=100063200290284\" \/>\n<meta property=\"article:published_time\" content=\"2024-11-27T15:58:35+00:00\" \/>\n<meta property=\"article:modified_time\" content=\"2024-11-27T15:58:36+00:00\" \/>\n<meta property=\"og:image\" content=\"https:\/\/infoecos.com.ar\/wp-content\/uploads\/2023\/12\/image-87.png\" \/>\n\t<meta property=\"og:image:width\" content=\"480\" \/>\n\t<meta property=\"og:image:height\" content=\"360\" \/>\n\t<meta property=\"og:image:type\" content=\"image\/png\" \/>\n<meta name=\"author\" content=\"Jorge Matheus\" \/>\n<meta name=\"twitter:card\" content=\"summary_large_image\" \/>\n<meta name=\"twitter:creator\" content=\"@infoecos\" \/>\n<meta name=\"twitter:site\" content=\"@infoecos\" \/>\n<meta name=\"twitter:label1\" content=\"Escrito por\" \/>\n\t<meta name=\"twitter:data1\" content=\"Jorge Matheus\" \/>\n\t<meta name=\"twitter:label2\" content=\"Tiempo de lectura\" \/>\n\t<meta name=\"twitter:data2\" content=\"2 minutos\" \/>\n<script type=\"application\/ld+json\" class=\"yoast-schema-graph\">{\"@context\":\"https:\/\/schema.org\",\"@graph\":[{\"@type\":\"Article\",\"@id\":\"https:\/\/infoecos.com.ar\/index.php\/datos-de-lluvia-en-la-zona-de-t-lauquen-daireaux-pehuajo-y-carlos-casares\/#article\",\"isPartOf\":{\"@id\":\"https:\/\/infoecos.com.ar\/index.php\/datos-de-lluvia-en-la-zona-de-t-lauquen-daireaux-pehuajo-y-carlos-casares\/\"},\"author\":{\"name\":\"Jorge Matheus\",\"@id\":\"https:\/\/infoecos.com.ar\/#\/schema\/person\/8f5ace5ce73b4b4aac4b7245aee6f191\"},\"headline\":\"Datos de lluvia en la zona de T.Lauquen, Daireaux, Pehuaj\u00f3 y Carlos Casares\",\"datePublished\":\"2024-11-27T15:58:35+00:00\",\"dateModified\":\"2024-11-27T15:58:36+00:00\",\"mainEntityOfPage\":{\"@id\":\"https:\/\/infoecos.com.ar\/index.php\/datos-de-lluvia-en-la-zona-de-t-lauquen-daireaux-pehuajo-y-carlos-casares\/\"},\"wordCount\":241,\"publisher\":{\"@id\":\"https:\/\/infoecos.com.ar\/#organization\"},\"image\":{\"@id\":\"https:\/\/infoecos.com.ar\/index.php\/datos-de-lluvia-en-la-zona-de-t-lauquen-daireaux-pehuajo-y-carlos-casares\/#primaryimage\"},\"thumbnailUrl\":\"https:\/\/infoecos.com.ar\/wp-content\/uploads\/2023\/12\/image-87.png\",\"articleSection\":[\"Noticia Secundaria\"],\"inLanguage\":\"es\"},{\"@type\":\"WebPage\",\"@id\":\"https:\/\/infoecos.com.ar\/index.php\/datos-de-lluvia-en-la-zona-de-t-lauquen-daireaux-pehuajo-y-carlos-casares\/\",\"url\":\"https:\/\/infoecos.com.ar\/index.php\/datos-de-lluvia-en-la-zona-de-t-lauquen-daireaux-pehuajo-y-carlos-casares\/\",\"name\":\"Datos de lluvia en la zona de T.Lauquen, Daireaux, Pehuaj\u00f3 y Carlos Casares - Infoecos\",\"isPartOf\":{\"@id\":\"https:\/\/infoecos.com.ar\/#website\"},\"primaryImageOfPage\":{\"@id\":\"https:\/\/infoecos.com.ar\/index.php\/datos-de-lluvia-en-la-zona-de-t-lauquen-daireaux-pehuajo-y-carlos-casares\/#primaryimage\"},\"image\":{\"@id\":\"https:\/\/infoecos.com.ar\/index.php\/datos-de-lluvia-en-la-zona-de-t-lauquen-daireaux-pehuajo-y-carlos-casares\/#primaryimage\"},\"thumbnailUrl\":\"https:\/\/infoecos.com.ar\/wp-content\/uploads\/2023\/12\/image-87.png\",\"datePublished\":\"2024-11-27T15:58:35+00:00\",\"dateModified\":\"2024-11-27T15:58:36+00:00\",\"breadcrumb\":{\"@id\":\"https:\/\/infoecos.com.ar\/index.php\/datos-de-lluvia-en-la-zona-de-t-lauquen-daireaux-pehuajo-y-carlos-casares\/#breadcrumb\"},\"inLanguage\":\"es\",\"potentialAction\":[{\"@type\":\"ReadAction\",\"target\":[\"https:\/\/infoecos.com.ar\/index.php\/datos-de-lluvia-en-la-zona-de-t-lauquen-daireaux-pehuajo-y-carlos-casares\/\"]}]},{\"@type\":\"ImageObject\",\"inLanguage\":\"es\",\"@id\":\"https:\/\/infoecos.com.ar\/index.php\/datos-de-lluvia-en-la-zona-de-t-lauquen-daireaux-pehuajo-y-carlos-casares\/#primaryimage\",\"url\":\"https:\/\/infoecos.com.ar\/wp-content\/uploads\/2023\/12\/image-87.png\",\"contentUrl\":\"https:\/\/infoecos.com.ar\/wp-content\/uploads\/2023\/12\/image-87.png\",\"width\":480,\"height\":360},{\"@type\":\"BreadcrumbList\",\"@id\":\"https:\/\/infoecos.com.ar\/index.php\/datos-de-lluvia-en-la-zona-de-t-lauquen-daireaux-pehuajo-y-carlos-casares\/#breadcrumb\",\"itemListElement\":[{\"@type\":\"ListItem\",\"position\":1,\"name\":\"Portada\",\"item\":\"https:\/\/infoecos.com.ar\/\"},{\"@type\":\"ListItem\",\"position\":2,\"name\":\"Datos de lluvia en la zona de T.Lauquen, Daireaux, Pehuaj\u00f3 y Carlos Casares\"}]},{\"@type\":\"WebSite\",\"@id\":\"https:\/\/infoecos.com.ar\/#website\",\"url\":\"https:\/\/infoecos.com.ar\/\",\"name\":\"Infoecos\",\"description\":\"Noticias de trenque lauquen y la zona\",\"publisher\":{\"@id\":\"https:\/\/infoecos.com.ar\/#organization\"},\"alternateName\":\"Noticias\",\"potentialAction\":[{\"@type\":\"SearchAction\",\"target\":{\"@type\":\"EntryPoint\",\"urlTemplate\":\"https:\/\/infoecos.com.ar\/?s={search_term_string}\"},\"query-input\":{\"@type\":\"PropertyValueSpecification\",\"valueRequired\":true,\"valueName\":\"search_term_string\"}}],\"inLanguage\":\"es\"},{\"@type\":\"Organization\",\"@id\":\"https:\/\/infoecos.com.ar\/#organization\",\"name\":\"Infoecos\",\"alternateName\":\"Noticias\",\"url\":\"https:\/\/infoecos.com.ar\/\",\"logo\":{\"@type\":\"ImageObject\",\"inLanguage\":\"es\",\"@id\":\"https:\/\/infoecos.com.ar\/#\/schema\/logo\/image\/\",\"url\":\"https:\/\/infoecos.com.ar\/wp-content\/uploads\/2024\/03\/cropped-logo.png\",\"contentUrl\":\"https:\/\/infoecos.com.ar\/wp-content\/uploads\/2024\/03\/cropped-logo.png\",\"width\":374,\"height\":90,\"caption\":\"Infoecos\"},\"image\":{\"@id\":\"https:\/\/infoecos.com.ar\/#\/schema\/logo\/image\/\"},\"sameAs\":[\"https:\/\/www.facebook.com\/profile.php?id=100063200290284\",\"https:\/\/x.com\/infoecos\"]},{\"@type\":\"Person\",\"@id\":\"https:\/\/infoecos.com.ar\/#\/schema\/person\/8f5ace5ce73b4b4aac4b7245aee6f191\",\"name\":\"Jorge Matheus\",\"url\":\"https:\/\/infoecos.com.ar\/index.php\/author\/jomatheus\/\"}]}<\/script>\n<!-- \/ Yoast SEO plugin. -->","yoast_head_json":{"title":"Datos de lluvia en la zona de T.Lauquen, Daireaux, Pehuaj\u00f3 y Carlos Casares - Infoecos","robots":{"index":"index","follow":"follow","max-snippet":"max-snippet:-1","max-image-preview":"max-image-preview:large","max-video-preview":"max-video-preview:-1"},"canonical":"https:\/\/infoecos.com.ar\/index.php\/datos-de-lluvia-en-la-zona-de-t-lauquen-daireaux-pehuajo-y-carlos-casares\/","og_locale":"es_ES","og_type":"article","og_title":"Datos de lluvia en la zona de T.Lauquen, Daireaux, Pehuaj\u00f3 y Carlos Casares - Infoecos","og_description":"Datos proporcionados a trav\u00e9s del servicio que brinda Kevin Cassels y de distintos medios de la regi\u00f3n","og_url":"https:\/\/infoecos.com.ar\/index.php\/datos-de-lluvia-en-la-zona-de-t-lauquen-daireaux-pehuajo-y-carlos-casares\/","og_site_name":"Infoecos","article_publisher":"https:\/\/www.facebook.com\/profile.php?id=100063200290284","article_published_time":"2024-11-27T15:58:35+00:00","article_modified_time":"2024-11-27T15:58:36+00:00","og_image":[{"width":480,"height":360,"url":"https:\/\/infoecos.com.ar\/wp-content\/uploads\/2023\/12\/image-87.png","type":"image\/png"}],"author":"Jorge Matheus","twitter_card":"summary_large_image","twitter_creator":"@infoecos","twitter_site":"@infoecos","twitter_misc":{"Escrito por":"Jorge Matheus","Tiempo de lectura":"2 minutos"},"schema":{"@context":"https:\/\/schema.org","@graph":[{"@type":"Article","@id":"https:\/\/infoecos.com.ar\/index.php\/datos-de-lluvia-en-la-zona-de-t-lauquen-daireaux-pehuajo-y-carlos-casares\/#article","isPartOf":{"@id":"https:\/\/infoecos.com.ar\/index.php\/datos-de-lluvia-en-la-zona-de-t-lauquen-daireaux-pehuajo-y-carlos-casares\/"},"author":{"name":"Jorge Matheus","@id":"https:\/\/infoecos.com.ar\/#\/schema\/person\/8f5ace5ce73b4b4aac4b7245aee6f191"},"headline":"Datos de lluvia en la zona de T.Lauquen, Daireaux, Pehuaj\u00f3 y Carlos Casares","datePublished":"2024-11-27T15:58:35+00:00","dateModified":"2024-11-27T15:58:36+00:00","mainEntityOfPage":{"@id":"https:\/\/infoecos.com.ar\/index.php\/datos-de-lluvia-en-la-zona-de-t-lauquen-daireaux-pehuajo-y-carlos-casares\/"},"wordCount":241,"publisher":{"@id":"https:\/\/infoecos.com.ar\/#organization"},"image":{"@id":"https:\/\/infoecos.com.ar\/index.php\/datos-de-lluvia-en-la-zona-de-t-lauquen-daireaux-pehuajo-y-carlos-casares\/#primaryimage"},"thumbnailUrl":"https:\/\/infoecos.com.ar\/wp-content\/uploads\/2023\/12\/image-87.png","articleSection":["Noticia Secundaria"],"inLanguage":"es"},{"@type":"WebPage","@id":"https:\/\/infoecos.com.ar\/index.php\/datos-de-lluvia-en-la-zona-de-t-lauquen-daireaux-pehuajo-y-carlos-casares\/","url":"https:\/\/infoecos.com.ar\/index.php\/datos-de-lluvia-en-la-zona-de-t-lauquen-daireaux-pehuajo-y-carlos-casares\/","name":"Datos de lluvia en la zona de T.Lauquen, Daireaux, Pehuaj\u00f3 y Carlos Casares - Infoecos","isPartOf":{"@id":"https:\/\/infoecos.com.ar\/#website"},"primaryImageOfPage":{"@id":"https:\/\/infoecos.com.ar\/index.php\/datos-de-lluvia-en-la-zona-de-t-lauquen-daireaux-pehuajo-y-carlos-casares\/#primaryimage"},"image":{"@id":"https:\/\/infoecos.com.ar\/index.php\/datos-de-lluvia-en-la-zona-de-t-lauquen-daireaux-pehuajo-y-carlos-casares\/#primaryimage"},"thumbnailUrl":"https:\/\/infoecos.com.ar\/wp-content\/uploads\/2023\/12\/image-87.png","datePublished":"2024-11-27T15:58:35+00:00","dateModified":"2024-11-27T15:58:36+00:00","breadcrumb":{"@id":"https:\/\/infoecos.com.ar\/index.php\/datos-de-lluvia-en-la-zona-de-t-lauquen-daireaux-pehuajo-y-carlos-casares\/#breadcrumb"},"inLanguage":"es","potentialAction":[{"@type":"ReadAction","target":["https:\/\/infoecos.com.ar\/index.php\/datos-de-lluvia-en-la-zona-de-t-lauquen-daireaux-pehuajo-y-carlos-casares\/"]}]},{"@type":"ImageObject","inLanguage":"es","@id":"https:\/\/infoecos.com.ar\/index.php\/datos-de-lluvia-en-la-zona-de-t-lauquen-daireaux-pehuajo-y-carlos-casares\/#primaryimage","url":"https:\/\/infoecos.com.ar\/wp-content\/uploads\/2023\/12\/image-87.png","contentUrl":"https:\/\/infoecos.com.ar\/wp-content\/uploads\/2023\/12\/image-87.png","width":480,"height":360},{"@type":"BreadcrumbList","@id":"https:\/\/infoecos.com.ar\/index.php\/datos-de-lluvia-en-la-zona-de-t-lauquen-daireaux-pehuajo-y-carlos-casares\/#breadcrumb","itemListElement":[{"@type":"ListItem","position":1,"name":"Portada","item":"https:\/\/infoecos.com.ar\/"},{"@type":"ListItem","position":2,"name":"Datos de lluvia en la zona de T.Lauquen, Daireaux, Pehuaj\u00f3 y Carlos Casares"}]},{"@type":"WebSite","@id":"https:\/\/infoecos.com.ar\/#website","url":"https:\/\/infoecos.com.ar\/","name":"Infoecos","description":"Noticias de trenque lauquen y la zona","publisher":{"@id":"https:\/\/infoecos.com.ar\/#organization"},"alternateName":"Noticias","potentialAction":[{"@type":"SearchAction","target":{"@type":"EntryPoint","urlTemplate":"https:\/\/infoecos.com.ar\/?s={search_term_string}"},"query-input":{"@type":"PropertyValueSpecification","valueRequired":true,"valueName":"search_term_string"}}],"inLanguage":"es"},{"@type":"Organization","@id":"https:\/\/infoecos.com.ar\/#organization","name":"Infoecos","alternateName":"Noticias","url":"https:\/\/infoecos.com.ar\/","logo":{"@type":"ImageObject","inLanguage":"es","@id":"https:\/\/infoecos.com.ar\/#\/schema\/logo\/image\/","url":"https:\/\/infoecos.com.ar\/wp-content\/uploads\/2024\/03\/cropped-logo.png","contentUrl":"https:\/\/infoecos.com.ar\/wp-content\/uploads\/2024\/03\/cropped-logo.png","width":374,"height":90,"caption":"Infoecos"},"image":{"@id":"https:\/\/infoecos.com.ar\/#\/schema\/logo\/image\/"},"sameAs":["https:\/\/www.facebook.com\/profile.php?id=100063200290284","https:\/\/x.com\/infoecos"]},{"@type":"Person","@id":"https:\/\/infoecos.com.ar\/#\/schema\/person\/8f5ace5ce73b4b4aac4b7245aee6f191","name":"Jorge Matheus","url":"https:\/\/infoecos.com.ar\/index.php\/author\/jomatheus\/"}]}},"featured_image_urls":{"full":["https:\/\/infoecos.com.ar\/wp-content\/uploads\/2023\/12\/image-87.png",480,360,false],"thumbnail":["https:\/\/infoecos.com.ar\/wp-content\/uploads\/2023\/12\/image-87-300x150.png",300,150,true],"medium":["https:\/\/infoecos.com.ar\/wp-content\/uploads\/2023\/12\/image-87.png",480,360,false],"medium_large":["https:\/\/infoecos.com.ar\/wp-content\/uploads\/2023\/12\/image-87.png",480,360,false],"large":["https:\/\/infoecos.com.ar\/wp-content\/uploads\/2023\/12\/image-87.png",480,360,false],"1536x1536":["https:\/\/infoecos.com.ar\/wp-content\/uploads\/2023\/12\/image-87.png",480,360,false],"2048x2048":["https:\/\/infoecos.com.ar\/wp-content\/uploads\/2023\/12\/image-87.png",480,360,false],"covernews-slider-full":["https:\/\/infoecos.com.ar\/wp-content\/uploads\/2023\/12\/image-87.png",480,360,false],"covernews-slider-center":["https:\/\/infoecos.com.ar\/wp-content\/uploads\/2023\/12\/image-87.png",480,360,false],"covernews-featured":["https:\/\/infoecos.com.ar\/wp-content\/uploads\/2023\/12\/image-87.png",480,360,false],"covernews-medium":["https:\/\/infoecos.com.ar\/wp-content\/uploads\/2023\/12\/image-87.png",453,340,false],"covernews-medium-square":["https:\/\/infoecos.com.ar\/wp-content\/uploads\/2023\/12\/image-87.png",333,250,false]},"author_info":{"info":["Jorge Matheus"]},"category_info":"<a href=\"https:\/\/infoecos.com.ar\/index.php\/category\/noticia-secundaria\/\" rel=\"category tag\">Noticia Secundaria<\/a>","tag_info":"Noticia Secundaria","comment_count":"0","_links":{"self":[{"href":"https:\/\/infoecos.com.ar\/index.php\/wp-json\/wp\/v2\/posts\/133427"}],"collection":[{"href":"https:\/\/infoecos.com.ar\/index.php\/wp-json\/wp\/v2\/posts"}],"about":[{"href":"https:\/\/infoecos.com.ar\/index.php\/wp-json\/wp\/v2\/types\/post"}],"author":[{"embeddable":true,"href":"https:\/\/infoecos.com.ar\/index.php\/wp-json\/wp\/v2\/users\/2"}],"replies":[{"embeddable":true,"href":"https:\/\/infoecos.com.ar\/index.php\/wp-json\/wp\/v2\/comments?post=133427"}],"version-history":[{"count":1,"href":"https:\/\/infoecos.com.ar\/index.php\/wp-json\/wp\/v2\/posts\/133427\/revisions"}],"predecessor-version":[{"id":133429,"href":"https:\/\/infoecos.com.ar\/index.php\/wp-json\/wp\/v2\/posts\/133427\/revisions\/133429"}],"wp:featuredmedia":[{"embeddable":true,"href":"https:\/\/infoecos.com.ar\/index.php\/wp-json\/wp\/v2\/media\/116339"}],"wp:attachment":[{"href":"https:\/\/infoecos.com.ar\/index.php\/wp-json\/wp\/v2\/media?parent=133427"}],"wp:term":[{"taxonomy":"category","embeddable":true,"href":"https:\/\/infoecos.com.ar\/index.php\/wp-json\/wp\/v2\/categories?post=133427"},{"taxonomy":"post_tag","embeddable":true,"href":"https:\/\/infoecos.com.ar\/index.php\/wp-json\/wp\/v2\/tags?post=133427"}],"curies":[{"name":"wp","href":"https:\/\/api.w.org\/{rel}","templated":true}]}}