{"id":133487,"date":"2024-11-28T17:05:18","date_gmt":"2024-11-28T20:05:18","guid":{"rendered":"https:\/\/infoecos.com.ar\/?p=133487"},"modified":"2024-11-28T17:05:19","modified_gmt":"2024-11-28T20:05:19","slug":"aseguran-que-habra-un-nuevo-aumento-de-la-nafta-y-el-gasoil-a-partir-del-domingo","status":"publish","type":"post","link":"https:\/\/infoecos.com.ar\/index.php\/aseguran-que-habra-un-nuevo-aumento-de-la-nafta-y-el-gasoil-a-partir-del-domingo\/","title":{"rendered":"Aseguran que habr\u00e1 un nuevo aumento de la nafta y el gasoil a partir del domingo"},"content":{"rendered":"\n<p>El pr\u00f3ximo domingo 1\u00b0 de diciembre habr\u00e1 un nuevo aumento de la\u00a0nafta\u00a0y el\u00a0gasoil.<\/p>\n\n\n\n<figure class=\"wp-block-image aligncenter size-full is-resized\"><img loading=\"lazy\" decoding=\"async\" width=\"1121\" height=\"633\" src=\"https:\/\/infoecos.com.ar\/wp-content\/uploads\/2024\/06\/image-152.png\" alt=\"\" class=\"wp-image-125594\" style=\"width:444px;height:auto\" srcset=\"https:\/\/infoecos.com.ar\/wp-content\/uploads\/2024\/06\/image-152.png 1121w, https:\/\/infoecos.com.ar\/wp-content\/uploads\/2024\/06\/image-152-800x452.png 800w, https:\/\/infoecos.com.ar\/wp-content\/uploads\/2024\/06\/image-152-768x434.png 768w, https:\/\/infoecos.com.ar\/wp-content\/uploads\/2024\/06\/image-152-1024x578.png 1024w\" sizes=\"(max-width: 1121px) 100vw, 1121px\" \/><\/figure>\n\n\n\n<p>El ajuste tendr\u00e1 como piso el 2% de\u00a0devaluaci\u00f3n\u00a0mensual del tipo de cambio oficial, m\u00e1s el leve incremento que marc\u00f3 el precio del barril de\u00a0petr\u00f3leo\u00a0en el mercado internacional y un 1% de incremento en el\u00a0impuesto a los combustibles l\u00edquidos (ICL). Podr\u00eda ser menor al 3%.<\/p>\n\n\n\n<p>Ser\u00e1 el segundo mes consecutivo de aumento.<\/p>\n\n\n\n<p>Las ventas de combustibles mostraron en octubre un fuerte repunte respecto a septiembre, seg\u00fan datos de la Secretar\u00eda de Energ\u00eda<\/p>\n\n\n\n<p><\/p>\n","protected":false},"excerpt":{"rendered":"<p>Las ventas de combustibles mostraron en octubre un fuerte repunte respecto a septiembre, seg\u00fan datos de la Secretar\u00eda de Energ\u00eda<\/p>\n","protected":false},"author":2,"featured_media":125594,"comment_status":"closed","ping_status":"open","sticky":false,"template":"","format":"standard","meta":{"footnotes":""},"categories":[1613],"tags":[],"class_list":["post-133487","post","type-post","status-publish","format-standard","has-post-thumbnail","hentry","category-noticia-secundaria"],"yoast_head":"<!-- This site is optimized with the Yoast SEO plugin v23.4 - https:\/\/yoast.com\/wordpress\/plugins\/seo\/ -->\n<title>Aseguran que habr\u00e1 un nuevo aumento de la nafta y el gasoil a partir del domingo - Infoecos<\/title>\n<meta name=\"robots\" content=\"index, follow, max-snippet:-1, max-image-preview:large, max-video-preview:-1\" \/>\n<link rel=\"canonical\" href=\"https:\/\/infoecos.com.ar\/index.php\/aseguran-que-habra-un-nuevo-aumento-de-la-nafta-y-el-gasoil-a-partir-del-domingo\/\" \/>\n<meta property=\"og:locale\" content=\"es_ES\" \/>\n<meta property=\"og:type\" content=\"article\" \/>\n<meta property=\"og:title\" content=\"Aseguran que habr\u00e1 un nuevo aumento de la nafta y el gasoil a partir del domingo - Infoecos\" \/>\n<meta property=\"og:description\" content=\"Las ventas de combustibles mostraron en octubre un fuerte repunte respecto a septiembre, seg\u00fan datos de la Secretar\u00eda de Energ\u00eda\" \/>\n<meta property=\"og:url\" content=\"https:\/\/infoecos.com.ar\/index.php\/aseguran-que-habra-un-nuevo-aumento-de-la-nafta-y-el-gasoil-a-partir-del-domingo\/\" \/>\n<meta property=\"og:site_name\" content=\"Infoecos\" \/>\n<meta property=\"article:publisher\" content=\"https:\/\/www.facebook.com\/profile.php?id=100063200290284\" \/>\n<meta property=\"article:published_time\" content=\"2024-11-28T20:05:18+00:00\" \/>\n<meta property=\"article:modified_time\" content=\"2024-11-28T20:05:19+00:00\" \/>\n<meta property=\"og:image\" content=\"https:\/\/infoecos.com.ar\/wp-content\/uploads\/2024\/06\/image-152.png\" \/>\n\t<meta property=\"og:image:width\" content=\"1121\" \/>\n\t<meta property=\"og:image:height\" content=\"633\" \/>\n\t<meta property=\"og:image:type\" content=\"image\/png\" \/>\n<meta name=\"author\" content=\"Jorge Matheus\" \/>\n<meta name=\"twitter:card\" content=\"summary_large_image\" \/>\n<meta name=\"twitter:creator\" content=\"@infoecos\" \/>\n<meta name=\"twitter:site\" content=\"@infoecos\" \/>\n<meta name=\"twitter:label1\" content=\"Escrito por\" \/>\n\t<meta name=\"twitter:data1\" content=\"Jorge Matheus\" \/>\n\t<meta name=\"twitter:label2\" content=\"Tiempo de lectura\" \/>\n\t<meta name=\"twitter:data2\" content=\"1 minuto\" \/>\n<script type=\"application\/ld+json\" class=\"yoast-schema-graph\">{\"@context\":\"https:\/\/schema.org\",\"@graph\":[{\"@type\":\"Article\",\"@id\":\"https:\/\/infoecos.com.ar\/index.php\/aseguran-que-habra-un-nuevo-aumento-de-la-nafta-y-el-gasoil-a-partir-del-domingo\/#article\",\"isPartOf\":{\"@id\":\"https:\/\/infoecos.com.ar\/index.php\/aseguran-que-habra-un-nuevo-aumento-de-la-nafta-y-el-gasoil-a-partir-del-domingo\/\"},\"author\":{\"name\":\"Jorge Matheus\",\"@id\":\"https:\/\/infoecos.com.ar\/#\/schema\/person\/8f5ace5ce73b4b4aac4b7245aee6f191\"},\"headline\":\"Aseguran que habr\u00e1 un nuevo aumento de la nafta y el gasoil a partir del domingo\",\"datePublished\":\"2024-11-28T20:05:18+00:00\",\"dateModified\":\"2024-11-28T20:05:19+00:00\",\"mainEntityOfPage\":{\"@id\":\"https:\/\/infoecos.com.ar\/index.php\/aseguran-que-habra-un-nuevo-aumento-de-la-nafta-y-el-gasoil-a-partir-del-domingo\/\"},\"wordCount\":113,\"publisher\":{\"@id\":\"https:\/\/infoecos.com.ar\/#organization\"},\"image\":{\"@id\":\"https:\/\/infoecos.com.ar\/index.php\/aseguran-que-habra-un-nuevo-aumento-de-la-nafta-y-el-gasoil-a-partir-del-domingo\/#primaryimage\"},\"thumbnailUrl\":\"https:\/\/infoecos.com.ar\/wp-content\/uploads\/2024\/06\/image-152.png\",\"articleSection\":[\"Noticia Secundaria\"],\"inLanguage\":\"es\"},{\"@type\":\"WebPage\",\"@id\":\"https:\/\/infoecos.com.ar\/index.php\/aseguran-que-habra-un-nuevo-aumento-de-la-nafta-y-el-gasoil-a-partir-del-domingo\/\",\"url\":\"https:\/\/infoecos.com.ar\/index.php\/aseguran-que-habra-un-nuevo-aumento-de-la-nafta-y-el-gasoil-a-partir-del-domingo\/\",\"name\":\"Aseguran que habr\u00e1 un nuevo aumento de la nafta y el gasoil a partir del domingo - Infoecos\",\"isPartOf\":{\"@id\":\"https:\/\/infoecos.com.ar\/#website\"},\"primaryImageOfPage\":{\"@id\":\"https:\/\/infoecos.com.ar\/index.php\/aseguran-que-habra-un-nuevo-aumento-de-la-nafta-y-el-gasoil-a-partir-del-domingo\/#primaryimage\"},\"image\":{\"@id\":\"https:\/\/infoecos.com.ar\/index.php\/aseguran-que-habra-un-nuevo-aumento-de-la-nafta-y-el-gasoil-a-partir-del-domingo\/#primaryimage\"},\"thumbnailUrl\":\"https:\/\/infoecos.com.ar\/wp-content\/uploads\/2024\/06\/image-152.png\",\"datePublished\":\"2024-11-28T20:05:18+00:00\",\"dateModified\":\"2024-11-28T20:05:19+00:00\",\"breadcrumb\":{\"@id\":\"https:\/\/infoecos.com.ar\/index.php\/aseguran-que-habra-un-nuevo-aumento-de-la-nafta-y-el-gasoil-a-partir-del-domingo\/#breadcrumb\"},\"inLanguage\":\"es\",\"potentialAction\":[{\"@type\":\"ReadAction\",\"target\":[\"https:\/\/infoecos.com.ar\/index.php\/aseguran-que-habra-un-nuevo-aumento-de-la-nafta-y-el-gasoil-a-partir-del-domingo\/\"]}]},{\"@type\":\"ImageObject\",\"inLanguage\":\"es\",\"@id\":\"https:\/\/infoecos.com.ar\/index.php\/aseguran-que-habra-un-nuevo-aumento-de-la-nafta-y-el-gasoil-a-partir-del-domingo\/#primaryimage\",\"url\":\"https:\/\/infoecos.com.ar\/wp-content\/uploads\/2024\/06\/image-152.png\",\"contentUrl\":\"https:\/\/infoecos.com.ar\/wp-content\/uploads\/2024\/06\/image-152.png\",\"width\":1121,\"height\":633},{\"@type\":\"BreadcrumbList\",\"@id\":\"https:\/\/infoecos.com.ar\/index.php\/aseguran-que-habra-un-nuevo-aumento-de-la-nafta-y-el-gasoil-a-partir-del-domingo\/#breadcrumb\",\"itemListElement\":[{\"@type\":\"ListItem\",\"position\":1,\"name\":\"Portada\",\"item\":\"https:\/\/infoecos.com.ar\/\"},{\"@type\":\"ListItem\",\"position\":2,\"name\":\"Aseguran que habr\u00e1 un nuevo aumento de la nafta y el gasoil a partir del domingo\"}]},{\"@type\":\"WebSite\",\"@id\":\"https:\/\/infoecos.com.ar\/#website\",\"url\":\"https:\/\/infoecos.com.ar\/\",\"name\":\"Infoecos\",\"description\":\"Noticias de trenque lauquen y la zona\",\"publisher\":{\"@id\":\"https:\/\/infoecos.com.ar\/#organization\"},\"alternateName\":\"Noticias\",\"potentialAction\":[{\"@type\":\"SearchAction\",\"target\":{\"@type\":\"EntryPoint\",\"urlTemplate\":\"https:\/\/infoecos.com.ar\/?s={search_term_string}\"},\"query-input\":{\"@type\":\"PropertyValueSpecification\",\"valueRequired\":true,\"valueName\":\"search_term_string\"}}],\"inLanguage\":\"es\"},{\"@type\":\"Organization\",\"@id\":\"https:\/\/infoecos.com.ar\/#organization\",\"name\":\"Infoecos\",\"alternateName\":\"Noticias\",\"url\":\"https:\/\/infoecos.com.ar\/\",\"logo\":{\"@type\":\"ImageObject\",\"inLanguage\":\"es\",\"@id\":\"https:\/\/infoecos.com.ar\/#\/schema\/logo\/image\/\",\"url\":\"https:\/\/infoecos.com.ar\/wp-content\/uploads\/2024\/03\/cropped-logo.png\",\"contentUrl\":\"https:\/\/infoecos.com.ar\/wp-content\/uploads\/2024\/03\/cropped-logo.png\",\"width\":374,\"height\":90,\"caption\":\"Infoecos\"},\"image\":{\"@id\":\"https:\/\/infoecos.com.ar\/#\/schema\/logo\/image\/\"},\"sameAs\":[\"https:\/\/www.facebook.com\/profile.php?id=100063200290284\",\"https:\/\/x.com\/infoecos\"]},{\"@type\":\"Person\",\"@id\":\"https:\/\/infoecos.com.ar\/#\/schema\/person\/8f5ace5ce73b4b4aac4b7245aee6f191\",\"name\":\"Jorge Matheus\",\"url\":\"https:\/\/infoecos.com.ar\/index.php\/author\/jomatheus\/\"}]}<\/script>\n<!-- \/ Yoast SEO plugin. -->","yoast_head_json":{"title":"Aseguran que habr\u00e1 un nuevo aumento de la nafta y el gasoil a partir del domingo - Infoecos","robots":{"index":"index","follow":"follow","max-snippet":"max-snippet:-1","max-image-preview":"max-image-preview:large","max-video-preview":"max-video-preview:-1"},"canonical":"https:\/\/infoecos.com.ar\/index.php\/aseguran-que-habra-un-nuevo-aumento-de-la-nafta-y-el-gasoil-a-partir-del-domingo\/","og_locale":"es_ES","og_type":"article","og_title":"Aseguran que habr\u00e1 un nuevo aumento de la nafta y el gasoil a partir del domingo - Infoecos","og_description":"Las ventas de combustibles mostraron en octubre un fuerte repunte respecto a septiembre, seg\u00fan datos de la Secretar\u00eda de Energ\u00eda","og_url":"https:\/\/infoecos.com.ar\/index.php\/aseguran-que-habra-un-nuevo-aumento-de-la-nafta-y-el-gasoil-a-partir-del-domingo\/","og_site_name":"Infoecos","article_publisher":"https:\/\/www.facebook.com\/profile.php?id=100063200290284","article_published_time":"2024-11-28T20:05:18+00:00","article_modified_time":"2024-11-28T20:05:19+00:00","og_image":[{"width":1121,"height":633,"url":"https:\/\/infoecos.com.ar\/wp-content\/uploads\/2024\/06\/image-152.png","type":"image\/png"}],"author":"Jorge Matheus","twitter_card":"summary_large_image","twitter_creator":"@infoecos","twitter_site":"@infoecos","twitter_misc":{"Escrito por":"Jorge Matheus","Tiempo de lectura":"1 minuto"},"schema":{"@context":"https:\/\/schema.org","@graph":[{"@type":"Article","@id":"https:\/\/infoecos.com.ar\/index.php\/aseguran-que-habra-un-nuevo-aumento-de-la-nafta-y-el-gasoil-a-partir-del-domingo\/#article","isPartOf":{"@id":"https:\/\/infoecos.com.ar\/index.php\/aseguran-que-habra-un-nuevo-aumento-de-la-nafta-y-el-gasoil-a-partir-del-domingo\/"},"author":{"name":"Jorge Matheus","@id":"https:\/\/infoecos.com.ar\/#\/schema\/person\/8f5ace5ce73b4b4aac4b7245aee6f191"},"headline":"Aseguran que habr\u00e1 un nuevo aumento de la nafta y el gasoil a partir del domingo","datePublished":"2024-11-28T20:05:18+00:00","dateModified":"2024-11-28T20:05:19+00:00","mainEntityOfPage":{"@id":"https:\/\/infoecos.com.ar\/index.php\/aseguran-que-habra-un-nuevo-aumento-de-la-nafta-y-el-gasoil-a-partir-del-domingo\/"},"wordCount":113,"publisher":{"@id":"https:\/\/infoecos.com.ar\/#organization"},"image":{"@id":"https:\/\/infoecos.com.ar\/index.php\/aseguran-que-habra-un-nuevo-aumento-de-la-nafta-y-el-gasoil-a-partir-del-domingo\/#primaryimage"},"thumbnailUrl":"https:\/\/infoecos.com.ar\/wp-content\/uploads\/2024\/06\/image-152.png","articleSection":["Noticia Secundaria"],"inLanguage":"es"},{"@type":"WebPage","@id":"https:\/\/infoecos.com.ar\/index.php\/aseguran-que-habra-un-nuevo-aumento-de-la-nafta-y-el-gasoil-a-partir-del-domingo\/","url":"https:\/\/infoecos.com.ar\/index.php\/aseguran-que-habra-un-nuevo-aumento-de-la-nafta-y-el-gasoil-a-partir-del-domingo\/","name":"Aseguran que habr\u00e1 un nuevo aumento de la nafta y el gasoil a partir del domingo - Infoecos","isPartOf":{"@id":"https:\/\/infoecos.com.ar\/#website"},"primaryImageOfPage":{"@id":"https:\/\/infoecos.com.ar\/index.php\/aseguran-que-habra-un-nuevo-aumento-de-la-nafta-y-el-gasoil-a-partir-del-domingo\/#primaryimage"},"image":{"@id":"https:\/\/infoecos.com.ar\/index.php\/aseguran-que-habra-un-nuevo-aumento-de-la-nafta-y-el-gasoil-a-partir-del-domingo\/#primaryimage"},"thumbnailUrl":"https:\/\/infoecos.com.ar\/wp-content\/uploads\/2024\/06\/image-152.png","datePublished":"2024-11-28T20:05:18+00:00","dateModified":"2024-11-28T20:05:19+00:00","breadcrumb":{"@id":"https:\/\/infoecos.com.ar\/index.php\/aseguran-que-habra-un-nuevo-aumento-de-la-nafta-y-el-gasoil-a-partir-del-domingo\/#breadcrumb"},"inLanguage":"es","potentialAction":[{"@type":"ReadAction","target":["https:\/\/infoecos.com.ar\/index.php\/aseguran-que-habra-un-nuevo-aumento-de-la-nafta-y-el-gasoil-a-partir-del-domingo\/"]}]},{"@type":"ImageObject","inLanguage":"es","@id":"https:\/\/infoecos.com.ar\/index.php\/aseguran-que-habra-un-nuevo-aumento-de-la-nafta-y-el-gasoil-a-partir-del-domingo\/#primaryimage","url":"https:\/\/infoecos.com.ar\/wp-content\/uploads\/2024\/06\/image-152.png","contentUrl":"https:\/\/infoecos.com.ar\/wp-content\/uploads\/2024\/06\/image-152.png","width":1121,"height":633},{"@type":"BreadcrumbList","@id":"https:\/\/infoecos.com.ar\/index.php\/aseguran-que-habra-un-nuevo-aumento-de-la-nafta-y-el-gasoil-a-partir-del-domingo\/#breadcrumb","itemListElement":[{"@type":"ListItem","position":1,"name":"Portada","item":"https:\/\/infoecos.com.ar\/"},{"@type":"ListItem","position":2,"name":"Aseguran que habr\u00e1 un nuevo aumento de la nafta y el gasoil a partir del domingo"}]},{"@type":"WebSite","@id":"https:\/\/infoecos.com.ar\/#website","url":"https:\/\/infoecos.com.ar\/","name":"Infoecos","description":"Noticias de trenque lauquen y la zona","publisher":{"@id":"https:\/\/infoecos.com.ar\/#organization"},"alternateName":"Noticias","potentialAction":[{"@type":"SearchAction","target":{"@type":"EntryPoint","urlTemplate":"https:\/\/infoecos.com.ar\/?s={search_term_string}"},"query-input":{"@type":"PropertyValueSpecification","valueRequired":true,"valueName":"search_term_string"}}],"inLanguage":"es"},{"@type":"Organization","@id":"https:\/\/infoecos.com.ar\/#organization","name":"Infoecos","alternateName":"Noticias","url":"https:\/\/infoecos.com.ar\/","logo":{"@type":"ImageObject","inLanguage":"es","@id":"https:\/\/infoecos.com.ar\/#\/schema\/logo\/image\/","url":"https:\/\/infoecos.com.ar\/wp-content\/uploads\/2024\/03\/cropped-logo.png","contentUrl":"https:\/\/infoecos.com.ar\/wp-content\/uploads\/2024\/03\/cropped-logo.png","width":374,"height":90,"caption":"Infoecos"},"image":{"@id":"https:\/\/infoecos.com.ar\/#\/schema\/logo\/image\/"},"sameAs":["https:\/\/www.facebook.com\/profile.php?id=100063200290284","https:\/\/x.com\/infoecos"]},{"@type":"Person","@id":"https:\/\/infoecos.com.ar\/#\/schema\/person\/8f5ace5ce73b4b4aac4b7245aee6f191","name":"Jorge Matheus","url":"https:\/\/infoecos.com.ar\/index.php\/author\/jomatheus\/"}]}},"featured_image_urls":{"full":["https:\/\/infoecos.com.ar\/wp-content\/uploads\/2024\/06\/image-152.png",1121,633,false],"thumbnail":["https:\/\/infoecos.com.ar\/wp-content\/uploads\/2024\/06\/image-152-300x150.png",300,150,true],"medium":["https:\/\/infoecos.com.ar\/wp-content\/uploads\/2024\/06\/image-152-800x452.png",800,452,true],"medium_large":["https:\/\/infoecos.com.ar\/wp-content\/uploads\/2024\/06\/image-152-768x434.png",640,362,true],"large":["https:\/\/infoecos.com.ar\/wp-content\/uploads\/2024\/06\/image-152.png",640,361,false],"1536x1536":["https:\/\/infoecos.com.ar\/wp-content\/uploads\/2024\/06\/image-152.png",1121,633,false],"2048x2048":["https:\/\/infoecos.com.ar\/wp-content\/uploads\/2024\/06\/image-152.png",1121,633,false],"covernews-slider-full":["https:\/\/infoecos.com.ar\/wp-content\/uploads\/2024\/06\/image-152-1115x633.png",1115,633,true],"covernews-slider-center":["https:\/\/infoecos.com.ar\/wp-content\/uploads\/2024\/06\/image-152-800x500.png",800,500,true],"covernews-featured":["https:\/\/infoecos.com.ar\/wp-content\/uploads\/2024\/06\/image-152-1024x578.png",1024,578,true],"covernews-medium":["https:\/\/infoecos.com.ar\/wp-content\/uploads\/2024\/06\/image-152-540x340.png",540,340,true],"covernews-medium-square":["https:\/\/infoecos.com.ar\/wp-content\/uploads\/2024\/06\/image-152-400x250.png",400,250,true]},"author_info":{"info":["Jorge Matheus"]},"category_info":"<a href=\"https:\/\/infoecos.com.ar\/index.php\/category\/noticia-secundaria\/\" rel=\"category tag\">Noticia Secundaria<\/a>","tag_info":"Noticia Secundaria","comment_count":"0","_links":{"self":[{"href":"https:\/\/infoecos.com.ar\/index.php\/wp-json\/wp\/v2\/posts\/133487"}],"collection":[{"href":"https:\/\/infoecos.com.ar\/index.php\/wp-json\/wp\/v2\/posts"}],"about":[{"href":"https:\/\/infoecos.com.ar\/index.php\/wp-json\/wp\/v2\/types\/post"}],"author":[{"embeddable":true,"href":"https:\/\/infoecos.com.ar\/index.php\/wp-json\/wp\/v2\/users\/2"}],"replies":[{"embeddable":true,"href":"https:\/\/infoecos.com.ar\/index.php\/wp-json\/wp\/v2\/comments?post=133487"}],"version-history":[{"count":1,"href":"https:\/\/infoecos.com.ar\/index.php\/wp-json\/wp\/v2\/posts\/133487\/revisions"}],"predecessor-version":[{"id":133488,"href":"https:\/\/infoecos.com.ar\/index.php\/wp-json\/wp\/v2\/posts\/133487\/revisions\/133488"}],"wp:featuredmedia":[{"embeddable":true,"href":"https:\/\/infoecos.com.ar\/index.php\/wp-json\/wp\/v2\/media\/125594"}],"wp:attachment":[{"href":"https:\/\/infoecos.com.ar\/index.php\/wp-json\/wp\/v2\/media?parent=133487"}],"wp:term":[{"taxonomy":"category","embeddable":true,"href":"https:\/\/infoecos.com.ar\/index.php\/wp-json\/wp\/v2\/categories?post=133487"},{"taxonomy":"post_tag","embeddable":true,"href":"https:\/\/infoecos.com.ar\/index.php\/wp-json\/wp\/v2\/tags?post=133487"}],"curies":[{"name":"wp","href":"https:\/\/api.w.org\/{rel}","templated":true}]}}