{"id":133527,"date":"2024-11-29T01:07:26","date_gmt":"2024-11-29T04:07:26","guid":{"rendered":"https:\/\/infoecos.com.ar\/?p=133527"},"modified":"2024-11-30T00:28:17","modified_gmt":"2024-11-30T03:28:17","slug":"este-sabado-concierto-del-coro-juvenil-y-la-orquesta-juvenil-de-musica-de-trenque-lauquen","status":"publish","type":"post","link":"https:\/\/infoecos.com.ar\/index.php\/este-sabado-concierto-del-coro-juvenil-y-la-orquesta-juvenil-de-musica-de-trenque-lauquen\/","title":{"rendered":"Concierto del Coro Juvenil y la Orquesta Juvenil de M\u00fasica de Trenque Lauquen, desde las 20.30 de hoy"},"content":{"rendered":"\n<p>El Coro Juvenil y la Orquesta Juvenil de la Escuela Municipal de M\u00fasica de Trenque Lauquen se presentar\u00e1n en concierto este s\u00e1bado en el auditorio de la instituci\u00f3n, desde las 20.30, con entrada libre y gratuita.<\/p>\n\n\n\n<figure class=\"wp-block-image aligncenter size-full is-resized\"><img loading=\"lazy\" decoding=\"async\" width=\"680\" height=\"331\" src=\"https:\/\/infoecos.com.ar\/wp-content\/uploads\/2024\/08\/image-126.png\" alt=\"\" class=\"wp-image-128468\" style=\"width:528px;height:auto\"\/><\/figure>\n\n\n\n<p>El Coro Juvenil es dirigido por Maximiliano Perazzo y se form\u00f3 hace 10 a\u00f1os con el objetivo de darle continuidad en la formaci\u00f3n coral a los ni\u00f1os que crec\u00edan en el Coro de Ni\u00f1os. Cada a\u00f1o el repertorio se renueva y abarca obras de \u00edndole acad\u00e9mico y popular, de compositores cl\u00e1sicos y contempor\u00e1neos de diversos contextos hist\u00f3ricos y diferentes latitudes.<\/p>\n\n\n\n<p>Al igual que el repertorio, los integrantes del Coro tambi\u00e9n se renuevan cada a\u00f1o, algunos egresan y otros comienzan con la actividad por primera vez.<\/p>\n\n\n\n<p>El equipo de trabajo del Coro de Ni\u00f1os est\u00e1 integrado, adem\u00e1s, por su preparador vocal: Juan de Filpo, y el acompa\u00f1amiento en piano de Gabriel Mansilla.<\/p>\n\n\n\n<p>La Orquesta Juvenil est\u00e1 compuesta por m\u00e1s de 20 adolescentes; muchos de ellos han formado parte durante varios a\u00f1os de la Orquesta Infantil.<\/p>\n\n\n\n<p>Los instrumentos de la Orquesta Juvenil son: flauta traversa, clarinete, fagot, trompeta, timbales, gran cassa, marimba, elementos de percusi\u00f3n, bater\u00eda, piano, viol\u00edn, viola, cello, contrabajo.<\/p>\n\n\n\n<p>La agrupaci\u00f3n interpreta obras acad\u00e9micas, populares y de pel\u00edculas\/series, bajo la direcci\u00f3n de Mart\u00edn Larroud\u00e9.<\/p>\n","protected":false},"excerpt":{"rendered":"<p>En el auditorio de la Escuela Municipal de M\u00fasica, desde las 20.30, con entrada libre y gratuita<\/p>\n","protected":false},"author":2,"featured_media":128468,"comment_status":"closed","ping_status":"open","sticky":false,"template":"","format":"standard","meta":{"footnotes":""},"categories":[1613],"tags":[],"class_list":["post-133527","post","type-post","status-publish","format-standard","has-post-thumbnail","hentry","category-noticia-secundaria"],"yoast_head":"<!-- This site is optimized with the Yoast SEO plugin v23.4 - https:\/\/yoast.com\/wordpress\/plugins\/seo\/ -->\n<title>Concierto del Coro Juvenil y la Orquesta Juvenil de M\u00fasica de Trenque Lauquen, desde las 20.30 de hoy - Infoecos<\/title>\n<meta name=\"robots\" content=\"index, follow, max-snippet:-1, max-image-preview:large, max-video-preview:-1\" \/>\n<link rel=\"canonical\" href=\"https:\/\/infoecos.com.ar\/index.php\/este-sabado-concierto-del-coro-juvenil-y-la-orquesta-juvenil-de-musica-de-trenque-lauquen\/\" \/>\n<meta property=\"og:locale\" content=\"es_ES\" \/>\n<meta property=\"og:type\" content=\"article\" \/>\n<meta property=\"og:title\" content=\"Concierto del Coro Juvenil y la Orquesta Juvenil de M\u00fasica de Trenque Lauquen, desde las 20.30 de hoy - Infoecos\" \/>\n<meta property=\"og:description\" content=\"En el auditorio de la Escuela Municipal de M\u00fasica, desde las 20.30, con entrada libre y gratuita\" \/>\n<meta property=\"og:url\" content=\"https:\/\/infoecos.com.ar\/index.php\/este-sabado-concierto-del-coro-juvenil-y-la-orquesta-juvenil-de-musica-de-trenque-lauquen\/\" \/>\n<meta property=\"og:site_name\" content=\"Infoecos\" \/>\n<meta property=\"article:publisher\" content=\"https:\/\/www.facebook.com\/profile.php?id=100063200290284\" \/>\n<meta property=\"article:published_time\" content=\"2024-11-29T04:07:26+00:00\" \/>\n<meta property=\"article:modified_time\" content=\"2024-11-30T03:28:17+00:00\" \/>\n<meta property=\"og:image\" content=\"https:\/\/infoecos.com.ar\/wp-content\/uploads\/2024\/08\/image-126.png\" \/>\n\t<meta property=\"og:image:width\" content=\"680\" \/>\n\t<meta property=\"og:image:height\" content=\"331\" \/>\n\t<meta property=\"og:image:type\" content=\"image\/png\" \/>\n<meta name=\"author\" content=\"Jorge Matheus\" \/>\n<meta name=\"twitter:card\" content=\"summary_large_image\" \/>\n<meta name=\"twitter:creator\" content=\"@infoecos\" \/>\n<meta name=\"twitter:site\" content=\"@infoecos\" \/>\n<meta name=\"twitter:label1\" content=\"Escrito por\" \/>\n\t<meta name=\"twitter:data1\" content=\"Jorge Matheus\" \/>\n\t<meta name=\"twitter:label2\" content=\"Tiempo de lectura\" \/>\n\t<meta name=\"twitter:data2\" content=\"2 minutos\" \/>\n<script type=\"application\/ld+json\" class=\"yoast-schema-graph\">{\"@context\":\"https:\/\/schema.org\",\"@graph\":[{\"@type\":\"Article\",\"@id\":\"https:\/\/infoecos.com.ar\/index.php\/este-sabado-concierto-del-coro-juvenil-y-la-orquesta-juvenil-de-musica-de-trenque-lauquen\/#article\",\"isPartOf\":{\"@id\":\"https:\/\/infoecos.com.ar\/index.php\/este-sabado-concierto-del-coro-juvenil-y-la-orquesta-juvenil-de-musica-de-trenque-lauquen\/\"},\"author\":{\"name\":\"Jorge Matheus\",\"@id\":\"https:\/\/infoecos.com.ar\/#\/schema\/person\/8f5ace5ce73b4b4aac4b7245aee6f191\"},\"headline\":\"Concierto del Coro Juvenil y la Orquesta Juvenil de M\u00fasica de Trenque Lauquen, desde las 20.30 de hoy\",\"datePublished\":\"2024-11-29T04:07:26+00:00\",\"dateModified\":\"2024-11-30T03:28:17+00:00\",\"mainEntityOfPage\":{\"@id\":\"https:\/\/infoecos.com.ar\/index.php\/este-sabado-concierto-del-coro-juvenil-y-la-orquesta-juvenil-de-musica-de-trenque-lauquen\/\"},\"wordCount\":255,\"publisher\":{\"@id\":\"https:\/\/infoecos.com.ar\/#organization\"},\"image\":{\"@id\":\"https:\/\/infoecos.com.ar\/index.php\/este-sabado-concierto-del-coro-juvenil-y-la-orquesta-juvenil-de-musica-de-trenque-lauquen\/#primaryimage\"},\"thumbnailUrl\":\"https:\/\/infoecos.com.ar\/wp-content\/uploads\/2024\/08\/image-126.png\",\"articleSection\":[\"Noticia Secundaria\"],\"inLanguage\":\"es\"},{\"@type\":\"WebPage\",\"@id\":\"https:\/\/infoecos.com.ar\/index.php\/este-sabado-concierto-del-coro-juvenil-y-la-orquesta-juvenil-de-musica-de-trenque-lauquen\/\",\"url\":\"https:\/\/infoecos.com.ar\/index.php\/este-sabado-concierto-del-coro-juvenil-y-la-orquesta-juvenil-de-musica-de-trenque-lauquen\/\",\"name\":\"Concierto del Coro Juvenil y la Orquesta Juvenil de M\u00fasica de Trenque Lauquen, desde las 20.30 de hoy - Infoecos\",\"isPartOf\":{\"@id\":\"https:\/\/infoecos.com.ar\/#website\"},\"primaryImageOfPage\":{\"@id\":\"https:\/\/infoecos.com.ar\/index.php\/este-sabado-concierto-del-coro-juvenil-y-la-orquesta-juvenil-de-musica-de-trenque-lauquen\/#primaryimage\"},\"image\":{\"@id\":\"https:\/\/infoecos.com.ar\/index.php\/este-sabado-concierto-del-coro-juvenil-y-la-orquesta-juvenil-de-musica-de-trenque-lauquen\/#primaryimage\"},\"thumbnailUrl\":\"https:\/\/infoecos.com.ar\/wp-content\/uploads\/2024\/08\/image-126.png\",\"datePublished\":\"2024-11-29T04:07:26+00:00\",\"dateModified\":\"2024-11-30T03:28:17+00:00\",\"breadcrumb\":{\"@id\":\"https:\/\/infoecos.com.ar\/index.php\/este-sabado-concierto-del-coro-juvenil-y-la-orquesta-juvenil-de-musica-de-trenque-lauquen\/#breadcrumb\"},\"inLanguage\":\"es\",\"potentialAction\":[{\"@type\":\"ReadAction\",\"target\":[\"https:\/\/infoecos.com.ar\/index.php\/este-sabado-concierto-del-coro-juvenil-y-la-orquesta-juvenil-de-musica-de-trenque-lauquen\/\"]}]},{\"@type\":\"ImageObject\",\"inLanguage\":\"es\",\"@id\":\"https:\/\/infoecos.com.ar\/index.php\/este-sabado-concierto-del-coro-juvenil-y-la-orquesta-juvenil-de-musica-de-trenque-lauquen\/#primaryimage\",\"url\":\"https:\/\/infoecos.com.ar\/wp-content\/uploads\/2024\/08\/image-126.png\",\"contentUrl\":\"https:\/\/infoecos.com.ar\/wp-content\/uploads\/2024\/08\/image-126.png\",\"width\":680,\"height\":331},{\"@type\":\"BreadcrumbList\",\"@id\":\"https:\/\/infoecos.com.ar\/index.php\/este-sabado-concierto-del-coro-juvenil-y-la-orquesta-juvenil-de-musica-de-trenque-lauquen\/#breadcrumb\",\"itemListElement\":[{\"@type\":\"ListItem\",\"position\":1,\"name\":\"Portada\",\"item\":\"https:\/\/infoecos.com.ar\/\"},{\"@type\":\"ListItem\",\"position\":2,\"name\":\"Concierto del Coro Juvenil y la Orquesta Juvenil de M\u00fasica de Trenque Lauquen, desde las 20.30 de hoy\"}]},{\"@type\":\"WebSite\",\"@id\":\"https:\/\/infoecos.com.ar\/#website\",\"url\":\"https:\/\/infoecos.com.ar\/\",\"name\":\"Infoecos\",\"description\":\"Noticias de trenque lauquen y la zona\",\"publisher\":{\"@id\":\"https:\/\/infoecos.com.ar\/#organization\"},\"alternateName\":\"Noticias\",\"potentialAction\":[{\"@type\":\"SearchAction\",\"target\":{\"@type\":\"EntryPoint\",\"urlTemplate\":\"https:\/\/infoecos.com.ar\/?s={search_term_string}\"},\"query-input\":{\"@type\":\"PropertyValueSpecification\",\"valueRequired\":true,\"valueName\":\"search_term_string\"}}],\"inLanguage\":\"es\"},{\"@type\":\"Organization\",\"@id\":\"https:\/\/infoecos.com.ar\/#organization\",\"name\":\"Infoecos\",\"alternateName\":\"Noticias\",\"url\":\"https:\/\/infoecos.com.ar\/\",\"logo\":{\"@type\":\"ImageObject\",\"inLanguage\":\"es\",\"@id\":\"https:\/\/infoecos.com.ar\/#\/schema\/logo\/image\/\",\"url\":\"https:\/\/infoecos.com.ar\/wp-content\/uploads\/2024\/03\/cropped-logo.png\",\"contentUrl\":\"https:\/\/infoecos.com.ar\/wp-content\/uploads\/2024\/03\/cropped-logo.png\",\"width\":374,\"height\":90,\"caption\":\"Infoecos\"},\"image\":{\"@id\":\"https:\/\/infoecos.com.ar\/#\/schema\/logo\/image\/\"},\"sameAs\":[\"https:\/\/www.facebook.com\/profile.php?id=100063200290284\",\"https:\/\/x.com\/infoecos\"]},{\"@type\":\"Person\",\"@id\":\"https:\/\/infoecos.com.ar\/#\/schema\/person\/8f5ace5ce73b4b4aac4b7245aee6f191\",\"name\":\"Jorge Matheus\",\"url\":\"https:\/\/infoecos.com.ar\/index.php\/author\/jomatheus\/\"}]}<\/script>\n<!-- \/ Yoast SEO plugin. -->","yoast_head_json":{"title":"Concierto del Coro Juvenil y la Orquesta Juvenil de M\u00fasica de Trenque Lauquen, desde las 20.30 de hoy - Infoecos","robots":{"index":"index","follow":"follow","max-snippet":"max-snippet:-1","max-image-preview":"max-image-preview:large","max-video-preview":"max-video-preview:-1"},"canonical":"https:\/\/infoecos.com.ar\/index.php\/este-sabado-concierto-del-coro-juvenil-y-la-orquesta-juvenil-de-musica-de-trenque-lauquen\/","og_locale":"es_ES","og_type":"article","og_title":"Concierto del Coro Juvenil y la Orquesta Juvenil de M\u00fasica de Trenque Lauquen, desde las 20.30 de hoy - Infoecos","og_description":"En el auditorio de la Escuela Municipal de M\u00fasica, desde las 20.30, con entrada libre y gratuita","og_url":"https:\/\/infoecos.com.ar\/index.php\/este-sabado-concierto-del-coro-juvenil-y-la-orquesta-juvenil-de-musica-de-trenque-lauquen\/","og_site_name":"Infoecos","article_publisher":"https:\/\/www.facebook.com\/profile.php?id=100063200290284","article_published_time":"2024-11-29T04:07:26+00:00","article_modified_time":"2024-11-30T03:28:17+00:00","og_image":[{"width":680,"height":331,"url":"https:\/\/infoecos.com.ar\/wp-content\/uploads\/2024\/08\/image-126.png","type":"image\/png"}],"author":"Jorge Matheus","twitter_card":"summary_large_image","twitter_creator":"@infoecos","twitter_site":"@infoecos","twitter_misc":{"Escrito por":"Jorge Matheus","Tiempo de lectura":"2 minutos"},"schema":{"@context":"https:\/\/schema.org","@graph":[{"@type":"Article","@id":"https:\/\/infoecos.com.ar\/index.php\/este-sabado-concierto-del-coro-juvenil-y-la-orquesta-juvenil-de-musica-de-trenque-lauquen\/#article","isPartOf":{"@id":"https:\/\/infoecos.com.ar\/index.php\/este-sabado-concierto-del-coro-juvenil-y-la-orquesta-juvenil-de-musica-de-trenque-lauquen\/"},"author":{"name":"Jorge Matheus","@id":"https:\/\/infoecos.com.ar\/#\/schema\/person\/8f5ace5ce73b4b4aac4b7245aee6f191"},"headline":"Concierto del Coro Juvenil y la Orquesta Juvenil de M\u00fasica de Trenque Lauquen, desde las 20.30 de hoy","datePublished":"2024-11-29T04:07:26+00:00","dateModified":"2024-11-30T03:28:17+00:00","mainEntityOfPage":{"@id":"https:\/\/infoecos.com.ar\/index.php\/este-sabado-concierto-del-coro-juvenil-y-la-orquesta-juvenil-de-musica-de-trenque-lauquen\/"},"wordCount":255,"publisher":{"@id":"https:\/\/infoecos.com.ar\/#organization"},"image":{"@id":"https:\/\/infoecos.com.ar\/index.php\/este-sabado-concierto-del-coro-juvenil-y-la-orquesta-juvenil-de-musica-de-trenque-lauquen\/#primaryimage"},"thumbnailUrl":"https:\/\/infoecos.com.ar\/wp-content\/uploads\/2024\/08\/image-126.png","articleSection":["Noticia Secundaria"],"inLanguage":"es"},{"@type":"WebPage","@id":"https:\/\/infoecos.com.ar\/index.php\/este-sabado-concierto-del-coro-juvenil-y-la-orquesta-juvenil-de-musica-de-trenque-lauquen\/","url":"https:\/\/infoecos.com.ar\/index.php\/este-sabado-concierto-del-coro-juvenil-y-la-orquesta-juvenil-de-musica-de-trenque-lauquen\/","name":"Concierto del Coro Juvenil y la Orquesta Juvenil de M\u00fasica de Trenque Lauquen, desde las 20.30 de hoy - Infoecos","isPartOf":{"@id":"https:\/\/infoecos.com.ar\/#website"},"primaryImageOfPage":{"@id":"https:\/\/infoecos.com.ar\/index.php\/este-sabado-concierto-del-coro-juvenil-y-la-orquesta-juvenil-de-musica-de-trenque-lauquen\/#primaryimage"},"image":{"@id":"https:\/\/infoecos.com.ar\/index.php\/este-sabado-concierto-del-coro-juvenil-y-la-orquesta-juvenil-de-musica-de-trenque-lauquen\/#primaryimage"},"thumbnailUrl":"https:\/\/infoecos.com.ar\/wp-content\/uploads\/2024\/08\/image-126.png","datePublished":"2024-11-29T04:07:26+00:00","dateModified":"2024-11-30T03:28:17+00:00","breadcrumb":{"@id":"https:\/\/infoecos.com.ar\/index.php\/este-sabado-concierto-del-coro-juvenil-y-la-orquesta-juvenil-de-musica-de-trenque-lauquen\/#breadcrumb"},"inLanguage":"es","potentialAction":[{"@type":"ReadAction","target":["https:\/\/infoecos.com.ar\/index.php\/este-sabado-concierto-del-coro-juvenil-y-la-orquesta-juvenil-de-musica-de-trenque-lauquen\/"]}]},{"@type":"ImageObject","inLanguage":"es","@id":"https:\/\/infoecos.com.ar\/index.php\/este-sabado-concierto-del-coro-juvenil-y-la-orquesta-juvenil-de-musica-de-trenque-lauquen\/#primaryimage","url":"https:\/\/infoecos.com.ar\/wp-content\/uploads\/2024\/08\/image-126.png","contentUrl":"https:\/\/infoecos.com.ar\/wp-content\/uploads\/2024\/08\/image-126.png","width":680,"height":331},{"@type":"BreadcrumbList","@id":"https:\/\/infoecos.com.ar\/index.php\/este-sabado-concierto-del-coro-juvenil-y-la-orquesta-juvenil-de-musica-de-trenque-lauquen\/#breadcrumb","itemListElement":[{"@type":"ListItem","position":1,"name":"Portada","item":"https:\/\/infoecos.com.ar\/"},{"@type":"ListItem","position":2,"name":"Concierto del Coro Juvenil y la Orquesta Juvenil de M\u00fasica de Trenque Lauquen, desde las 20.30 de hoy"}]},{"@type":"WebSite","@id":"https:\/\/infoecos.com.ar\/#website","url":"https:\/\/infoecos.com.ar\/","name":"Infoecos","description":"Noticias de trenque lauquen y la zona","publisher":{"@id":"https:\/\/infoecos.com.ar\/#organization"},"alternateName":"Noticias","potentialAction":[{"@type":"SearchAction","target":{"@type":"EntryPoint","urlTemplate":"https:\/\/infoecos.com.ar\/?s={search_term_string}"},"query-input":{"@type":"PropertyValueSpecification","valueRequired":true,"valueName":"search_term_string"}}],"inLanguage":"es"},{"@type":"Organization","@id":"https:\/\/infoecos.com.ar\/#organization","name":"Infoecos","alternateName":"Noticias","url":"https:\/\/infoecos.com.ar\/","logo":{"@type":"ImageObject","inLanguage":"es","@id":"https:\/\/infoecos.com.ar\/#\/schema\/logo\/image\/","url":"https:\/\/infoecos.com.ar\/wp-content\/uploads\/2024\/03\/cropped-logo.png","contentUrl":"https:\/\/infoecos.com.ar\/wp-content\/uploads\/2024\/03\/cropped-logo.png","width":374,"height":90,"caption":"Infoecos"},"image":{"@id":"https:\/\/infoecos.com.ar\/#\/schema\/logo\/image\/"},"sameAs":["https:\/\/www.facebook.com\/profile.php?id=100063200290284","https:\/\/x.com\/infoecos"]},{"@type":"Person","@id":"https:\/\/infoecos.com.ar\/#\/schema\/person\/8f5ace5ce73b4b4aac4b7245aee6f191","name":"Jorge Matheus","url":"https:\/\/infoecos.com.ar\/index.php\/author\/jomatheus\/"}]}},"featured_image_urls":{"full":["https:\/\/infoecos.com.ar\/wp-content\/uploads\/2024\/08\/image-126.png",680,331,false],"thumbnail":["https:\/\/infoecos.com.ar\/wp-content\/uploads\/2024\/08\/image-126-300x150.png",300,150,true],"medium":["https:\/\/infoecos.com.ar\/wp-content\/uploads\/2024\/08\/image-126.png",680,331,false],"medium_large":["https:\/\/infoecos.com.ar\/wp-content\/uploads\/2024\/08\/image-126.png",640,312,false],"large":["https:\/\/infoecos.com.ar\/wp-content\/uploads\/2024\/08\/image-126.png",640,312,false],"1536x1536":["https:\/\/infoecos.com.ar\/wp-content\/uploads\/2024\/08\/image-126.png",680,331,false],"2048x2048":["https:\/\/infoecos.com.ar\/wp-content\/uploads\/2024\/08\/image-126.png",680,331,false],"covernews-slider-full":["https:\/\/infoecos.com.ar\/wp-content\/uploads\/2024\/08\/image-126.png",680,331,false],"covernews-slider-center":["https:\/\/infoecos.com.ar\/wp-content\/uploads\/2024\/08\/image-126.png",680,331,false],"covernews-featured":["https:\/\/infoecos.com.ar\/wp-content\/uploads\/2024\/08\/image-126.png",680,331,false],"covernews-medium":["https:\/\/infoecos.com.ar\/wp-content\/uploads\/2024\/08\/image-126-540x331.png",540,331,true],"covernews-medium-square":["https:\/\/infoecos.com.ar\/wp-content\/uploads\/2024\/08\/image-126-400x250.png",400,250,true]},"author_info":{"info":["Jorge Matheus"]},"category_info":"<a href=\"https:\/\/infoecos.com.ar\/index.php\/category\/noticia-secundaria\/\" rel=\"category tag\">Noticia Secundaria<\/a>","tag_info":"Noticia Secundaria","comment_count":"0","_links":{"self":[{"href":"https:\/\/infoecos.com.ar\/index.php\/wp-json\/wp\/v2\/posts\/133527"}],"collection":[{"href":"https:\/\/infoecos.com.ar\/index.php\/wp-json\/wp\/v2\/posts"}],"about":[{"href":"https:\/\/infoecos.com.ar\/index.php\/wp-json\/wp\/v2\/types\/post"}],"author":[{"embeddable":true,"href":"https:\/\/infoecos.com.ar\/index.php\/wp-json\/wp\/v2\/users\/2"}],"replies":[{"embeddable":true,"href":"https:\/\/infoecos.com.ar\/index.php\/wp-json\/wp\/v2\/comments?post=133527"}],"version-history":[{"count":2,"href":"https:\/\/infoecos.com.ar\/index.php\/wp-json\/wp\/v2\/posts\/133527\/revisions"}],"predecessor-version":[{"id":133576,"href":"https:\/\/infoecos.com.ar\/index.php\/wp-json\/wp\/v2\/posts\/133527\/revisions\/133576"}],"wp:featuredmedia":[{"embeddable":true,"href":"https:\/\/infoecos.com.ar\/index.php\/wp-json\/wp\/v2\/media\/128468"}],"wp:attachment":[{"href":"https:\/\/infoecos.com.ar\/index.php\/wp-json\/wp\/v2\/media?parent=133527"}],"wp:term":[{"taxonomy":"category","embeddable":true,"href":"https:\/\/infoecos.com.ar\/index.php\/wp-json\/wp\/v2\/categories?post=133527"},{"taxonomy":"post_tag","embeddable":true,"href":"https:\/\/infoecos.com.ar\/index.php\/wp-json\/wp\/v2\/tags?post=133527"}],"curies":[{"name":"wp","href":"https:\/\/api.w.org\/{rel}","templated":true}]}}