{"id":133529,"date":"2024-11-29T01:13:40","date_gmt":"2024-11-29T04:13:40","guid":{"rendered":"https:\/\/infoecos.com.ar\/?p=133529"},"modified":"2024-11-30T00:26:07","modified_gmt":"2024-11-30T03:26:07","slug":"este-sabado-en-la-biblioteca-rivadavia-de-trenque-lauquen-espectaculo-de-guitarras","status":"publish","type":"post","link":"https:\/\/infoecos.com.ar\/index.php\/este-sabado-en-la-biblioteca-rivadavia-de-trenque-lauquen-espectaculo-de-guitarras\/","title":{"rendered":"Hoy s\u00e1bado en la Biblioteca Rivadavia de Trenque Lauquen, espect\u00e1culo de guitarras"},"content":{"rendered":"\n<p>Con el acompa\u00f1amiento de la Municipalidad de Trenque Lauquen, la Biblioteca P\u00fablica Rivadavia presenta un espect\u00e1culo de Guitarras y canto a cargo de Juan Antonio Ab\u00e1solo, Regina Ponce y Cristian L\u00f3pez Aimar.<\/p>\n\n\n\n<p>El encuentro ser\u00e1 este s\u00e1bado (30) a las 20.30 en la sala de la Biblioteca. La entrada tendr\u00e1 un valor de $3.000.<\/p>\n\n\n\n<p>El repertorio incluye obras de grandes compositores argentinos. Luego de un ciclo de recitales en el Centro C\u00edvico, la cantante Regina Ponce y los guitarristas Juan Antonio Ab\u00e1solo y Cristian L\u00f3pez Aimar se presentar\u00e1n en la Biblioteca con obras de Ariel Ram\u00edrez, F\u00e9lix Luna, Carlos Di Fulvio, Eduardo Fal\u00fa y Jaime D\u00e1valos, entre otros.<\/p>\n\n\n\n<p>El espect\u00e1culo se denomina \u201cM\u00fasica y poes\u00eda argentina\u201d y ser\u00e1 el \u00faltimo concierto del a\u00f1o en la Biblioteca, luego de un intenso programa cultural.<\/p>\n\n\n\n<p>Las entradas se encuentran a la venta en la Biblioteca, de 10 a 19.<\/p>\n","protected":false},"excerpt":{"rendered":"<p>A cargo de Juan Antonio Ab\u00e1solo, Regina Ponce y Cristian L\u00f3pez Aimar<\/p>\n","protected":false},"author":2,"featured_media":132331,"comment_status":"closed","ping_status":"open","sticky":false,"template":"","format":"standard","meta":{"footnotes":""},"categories":[1613],"tags":[],"class_list":["post-133529","post","type-post","status-publish","format-standard","has-post-thumbnail","hentry","category-noticia-secundaria"],"yoast_head":"<!-- This site is optimized with the Yoast SEO plugin v23.4 - https:\/\/yoast.com\/wordpress\/plugins\/seo\/ -->\n<title>Hoy s\u00e1bado en la Biblioteca Rivadavia de Trenque Lauquen, espect\u00e1culo de guitarras - Infoecos<\/title>\n<meta name=\"robots\" content=\"index, follow, max-snippet:-1, max-image-preview:large, max-video-preview:-1\" \/>\n<link rel=\"canonical\" href=\"https:\/\/infoecos.com.ar\/index.php\/este-sabado-en-la-biblioteca-rivadavia-de-trenque-lauquen-espectaculo-de-guitarras\/\" \/>\n<meta property=\"og:locale\" content=\"es_ES\" \/>\n<meta property=\"og:type\" content=\"article\" \/>\n<meta property=\"og:title\" content=\"Hoy s\u00e1bado en la Biblioteca Rivadavia de Trenque Lauquen, espect\u00e1culo de guitarras - Infoecos\" \/>\n<meta property=\"og:description\" content=\"A cargo de Juan Antonio Ab\u00e1solo, Regina Ponce y Cristian L\u00f3pez Aimar\" \/>\n<meta property=\"og:url\" content=\"https:\/\/infoecos.com.ar\/index.php\/este-sabado-en-la-biblioteca-rivadavia-de-trenque-lauquen-espectaculo-de-guitarras\/\" \/>\n<meta property=\"og:site_name\" content=\"Infoecos\" \/>\n<meta property=\"article:publisher\" content=\"https:\/\/www.facebook.com\/profile.php?id=100063200290284\" \/>\n<meta property=\"article:published_time\" content=\"2024-11-29T04:13:40+00:00\" \/>\n<meta property=\"article:modified_time\" content=\"2024-11-30T03:26:07+00:00\" \/>\n<meta property=\"og:image\" content=\"https:\/\/infoecos.com.ar\/wp-content\/uploads\/2024\/11\/IMG_1135.jpg\" \/>\n\t<meta property=\"og:image:width\" content=\"512\" \/>\n\t<meta property=\"og:image:height\" content=\"341\" \/>\n\t<meta property=\"og:image:type\" content=\"image\/jpeg\" \/>\n<meta name=\"author\" content=\"Jorge Matheus\" \/>\n<meta name=\"twitter:card\" content=\"summary_large_image\" \/>\n<meta name=\"twitter:creator\" content=\"@infoecos\" \/>\n<meta name=\"twitter:site\" content=\"@infoecos\" \/>\n<meta name=\"twitter:label1\" content=\"Escrito por\" \/>\n\t<meta name=\"twitter:data1\" content=\"Jorge Matheus\" \/>\n\t<meta name=\"twitter:label2\" content=\"Tiempo de lectura\" \/>\n\t<meta name=\"twitter:data2\" content=\"1 minuto\" \/>\n<script type=\"application\/ld+json\" class=\"yoast-schema-graph\">{\"@context\":\"https:\/\/schema.org\",\"@graph\":[{\"@type\":\"Article\",\"@id\":\"https:\/\/infoecos.com.ar\/index.php\/este-sabado-en-la-biblioteca-rivadavia-de-trenque-lauquen-espectaculo-de-guitarras\/#article\",\"isPartOf\":{\"@id\":\"https:\/\/infoecos.com.ar\/index.php\/este-sabado-en-la-biblioteca-rivadavia-de-trenque-lauquen-espectaculo-de-guitarras\/\"},\"author\":{\"name\":\"Jorge Matheus\",\"@id\":\"https:\/\/infoecos.com.ar\/#\/schema\/person\/8f5ace5ce73b4b4aac4b7245aee6f191\"},\"headline\":\"Hoy s\u00e1bado en la Biblioteca Rivadavia de Trenque Lauquen, espect\u00e1culo de guitarras\",\"datePublished\":\"2024-11-29T04:13:40+00:00\",\"dateModified\":\"2024-11-30T03:26:07+00:00\",\"mainEntityOfPage\":{\"@id\":\"https:\/\/infoecos.com.ar\/index.php\/este-sabado-en-la-biblioteca-rivadavia-de-trenque-lauquen-espectaculo-de-guitarras\/\"},\"wordCount\":172,\"publisher\":{\"@id\":\"https:\/\/infoecos.com.ar\/#organization\"},\"image\":{\"@id\":\"https:\/\/infoecos.com.ar\/index.php\/este-sabado-en-la-biblioteca-rivadavia-de-trenque-lauquen-espectaculo-de-guitarras\/#primaryimage\"},\"thumbnailUrl\":\"https:\/\/infoecos.com.ar\/wp-content\/uploads\/2024\/11\/IMG_1135.jpg\",\"articleSection\":[\"Noticia Secundaria\"],\"inLanguage\":\"es\"},{\"@type\":\"WebPage\",\"@id\":\"https:\/\/infoecos.com.ar\/index.php\/este-sabado-en-la-biblioteca-rivadavia-de-trenque-lauquen-espectaculo-de-guitarras\/\",\"url\":\"https:\/\/infoecos.com.ar\/index.php\/este-sabado-en-la-biblioteca-rivadavia-de-trenque-lauquen-espectaculo-de-guitarras\/\",\"name\":\"Hoy s\u00e1bado en la Biblioteca Rivadavia de Trenque Lauquen, espect\u00e1culo de guitarras - Infoecos\",\"isPartOf\":{\"@id\":\"https:\/\/infoecos.com.ar\/#website\"},\"primaryImageOfPage\":{\"@id\":\"https:\/\/infoecos.com.ar\/index.php\/este-sabado-en-la-biblioteca-rivadavia-de-trenque-lauquen-espectaculo-de-guitarras\/#primaryimage\"},\"image\":{\"@id\":\"https:\/\/infoecos.com.ar\/index.php\/este-sabado-en-la-biblioteca-rivadavia-de-trenque-lauquen-espectaculo-de-guitarras\/#primaryimage\"},\"thumbnailUrl\":\"https:\/\/infoecos.com.ar\/wp-content\/uploads\/2024\/11\/IMG_1135.jpg\",\"datePublished\":\"2024-11-29T04:13:40+00:00\",\"dateModified\":\"2024-11-30T03:26:07+00:00\",\"breadcrumb\":{\"@id\":\"https:\/\/infoecos.com.ar\/index.php\/este-sabado-en-la-biblioteca-rivadavia-de-trenque-lauquen-espectaculo-de-guitarras\/#breadcrumb\"},\"inLanguage\":\"es\",\"potentialAction\":[{\"@type\":\"ReadAction\",\"target\":[\"https:\/\/infoecos.com.ar\/index.php\/este-sabado-en-la-biblioteca-rivadavia-de-trenque-lauquen-espectaculo-de-guitarras\/\"]}]},{\"@type\":\"ImageObject\",\"inLanguage\":\"es\",\"@id\":\"https:\/\/infoecos.com.ar\/index.php\/este-sabado-en-la-biblioteca-rivadavia-de-trenque-lauquen-espectaculo-de-guitarras\/#primaryimage\",\"url\":\"https:\/\/infoecos.com.ar\/wp-content\/uploads\/2024\/11\/IMG_1135.jpg\",\"contentUrl\":\"https:\/\/infoecos.com.ar\/wp-content\/uploads\/2024\/11\/IMG_1135.jpg\",\"width\":512,\"height\":341},{\"@type\":\"BreadcrumbList\",\"@id\":\"https:\/\/infoecos.com.ar\/index.php\/este-sabado-en-la-biblioteca-rivadavia-de-trenque-lauquen-espectaculo-de-guitarras\/#breadcrumb\",\"itemListElement\":[{\"@type\":\"ListItem\",\"position\":1,\"name\":\"Portada\",\"item\":\"https:\/\/infoecos.com.ar\/\"},{\"@type\":\"ListItem\",\"position\":2,\"name\":\"Hoy s\u00e1bado en la Biblioteca Rivadavia de Trenque Lauquen, espect\u00e1culo de guitarras\"}]},{\"@type\":\"WebSite\",\"@id\":\"https:\/\/infoecos.com.ar\/#website\",\"url\":\"https:\/\/infoecos.com.ar\/\",\"name\":\"Infoecos\",\"description\":\"Noticias de trenque lauquen y la zona\",\"publisher\":{\"@id\":\"https:\/\/infoecos.com.ar\/#organization\"},\"alternateName\":\"Noticias\",\"potentialAction\":[{\"@type\":\"SearchAction\",\"target\":{\"@type\":\"EntryPoint\",\"urlTemplate\":\"https:\/\/infoecos.com.ar\/?s={search_term_string}\"},\"query-input\":{\"@type\":\"PropertyValueSpecification\",\"valueRequired\":true,\"valueName\":\"search_term_string\"}}],\"inLanguage\":\"es\"},{\"@type\":\"Organization\",\"@id\":\"https:\/\/infoecos.com.ar\/#organization\",\"name\":\"Infoecos\",\"alternateName\":\"Noticias\",\"url\":\"https:\/\/infoecos.com.ar\/\",\"logo\":{\"@type\":\"ImageObject\",\"inLanguage\":\"es\",\"@id\":\"https:\/\/infoecos.com.ar\/#\/schema\/logo\/image\/\",\"url\":\"https:\/\/infoecos.com.ar\/wp-content\/uploads\/2024\/03\/cropped-logo.png\",\"contentUrl\":\"https:\/\/infoecos.com.ar\/wp-content\/uploads\/2024\/03\/cropped-logo.png\",\"width\":374,\"height\":90,\"caption\":\"Infoecos\"},\"image\":{\"@id\":\"https:\/\/infoecos.com.ar\/#\/schema\/logo\/image\/\"},\"sameAs\":[\"https:\/\/www.facebook.com\/profile.php?id=100063200290284\",\"https:\/\/x.com\/infoecos\"]},{\"@type\":\"Person\",\"@id\":\"https:\/\/infoecos.com.ar\/#\/schema\/person\/8f5ace5ce73b4b4aac4b7245aee6f191\",\"name\":\"Jorge Matheus\",\"url\":\"https:\/\/infoecos.com.ar\/index.php\/author\/jomatheus\/\"}]}<\/script>\n<!-- \/ Yoast SEO plugin. -->","yoast_head_json":{"title":"Hoy s\u00e1bado en la Biblioteca Rivadavia de Trenque Lauquen, espect\u00e1culo de guitarras - Infoecos","robots":{"index":"index","follow":"follow","max-snippet":"max-snippet:-1","max-image-preview":"max-image-preview:large","max-video-preview":"max-video-preview:-1"},"canonical":"https:\/\/infoecos.com.ar\/index.php\/este-sabado-en-la-biblioteca-rivadavia-de-trenque-lauquen-espectaculo-de-guitarras\/","og_locale":"es_ES","og_type":"article","og_title":"Hoy s\u00e1bado en la Biblioteca Rivadavia de Trenque Lauquen, espect\u00e1culo de guitarras - Infoecos","og_description":"A cargo de Juan Antonio Ab\u00e1solo, Regina Ponce y Cristian L\u00f3pez Aimar","og_url":"https:\/\/infoecos.com.ar\/index.php\/este-sabado-en-la-biblioteca-rivadavia-de-trenque-lauquen-espectaculo-de-guitarras\/","og_site_name":"Infoecos","article_publisher":"https:\/\/www.facebook.com\/profile.php?id=100063200290284","article_published_time":"2024-11-29T04:13:40+00:00","article_modified_time":"2024-11-30T03:26:07+00:00","og_image":[{"width":512,"height":341,"url":"https:\/\/infoecos.com.ar\/wp-content\/uploads\/2024\/11\/IMG_1135.jpg","type":"image\/jpeg"}],"author":"Jorge Matheus","twitter_card":"summary_large_image","twitter_creator":"@infoecos","twitter_site":"@infoecos","twitter_misc":{"Escrito por":"Jorge Matheus","Tiempo de lectura":"1 minuto"},"schema":{"@context":"https:\/\/schema.org","@graph":[{"@type":"Article","@id":"https:\/\/infoecos.com.ar\/index.php\/este-sabado-en-la-biblioteca-rivadavia-de-trenque-lauquen-espectaculo-de-guitarras\/#article","isPartOf":{"@id":"https:\/\/infoecos.com.ar\/index.php\/este-sabado-en-la-biblioteca-rivadavia-de-trenque-lauquen-espectaculo-de-guitarras\/"},"author":{"name":"Jorge Matheus","@id":"https:\/\/infoecos.com.ar\/#\/schema\/person\/8f5ace5ce73b4b4aac4b7245aee6f191"},"headline":"Hoy s\u00e1bado en la Biblioteca Rivadavia de Trenque Lauquen, espect\u00e1culo de guitarras","datePublished":"2024-11-29T04:13:40+00:00","dateModified":"2024-11-30T03:26:07+00:00","mainEntityOfPage":{"@id":"https:\/\/infoecos.com.ar\/index.php\/este-sabado-en-la-biblioteca-rivadavia-de-trenque-lauquen-espectaculo-de-guitarras\/"},"wordCount":172,"publisher":{"@id":"https:\/\/infoecos.com.ar\/#organization"},"image":{"@id":"https:\/\/infoecos.com.ar\/index.php\/este-sabado-en-la-biblioteca-rivadavia-de-trenque-lauquen-espectaculo-de-guitarras\/#primaryimage"},"thumbnailUrl":"https:\/\/infoecos.com.ar\/wp-content\/uploads\/2024\/11\/IMG_1135.jpg","articleSection":["Noticia Secundaria"],"inLanguage":"es"},{"@type":"WebPage","@id":"https:\/\/infoecos.com.ar\/index.php\/este-sabado-en-la-biblioteca-rivadavia-de-trenque-lauquen-espectaculo-de-guitarras\/","url":"https:\/\/infoecos.com.ar\/index.php\/este-sabado-en-la-biblioteca-rivadavia-de-trenque-lauquen-espectaculo-de-guitarras\/","name":"Hoy s\u00e1bado en la Biblioteca Rivadavia de Trenque Lauquen, espect\u00e1culo de guitarras - Infoecos","isPartOf":{"@id":"https:\/\/infoecos.com.ar\/#website"},"primaryImageOfPage":{"@id":"https:\/\/infoecos.com.ar\/index.php\/este-sabado-en-la-biblioteca-rivadavia-de-trenque-lauquen-espectaculo-de-guitarras\/#primaryimage"},"image":{"@id":"https:\/\/infoecos.com.ar\/index.php\/este-sabado-en-la-biblioteca-rivadavia-de-trenque-lauquen-espectaculo-de-guitarras\/#primaryimage"},"thumbnailUrl":"https:\/\/infoecos.com.ar\/wp-content\/uploads\/2024\/11\/IMG_1135.jpg","datePublished":"2024-11-29T04:13:40+00:00","dateModified":"2024-11-30T03:26:07+00:00","breadcrumb":{"@id":"https:\/\/infoecos.com.ar\/index.php\/este-sabado-en-la-biblioteca-rivadavia-de-trenque-lauquen-espectaculo-de-guitarras\/#breadcrumb"},"inLanguage":"es","potentialAction":[{"@type":"ReadAction","target":["https:\/\/infoecos.com.ar\/index.php\/este-sabado-en-la-biblioteca-rivadavia-de-trenque-lauquen-espectaculo-de-guitarras\/"]}]},{"@type":"ImageObject","inLanguage":"es","@id":"https:\/\/infoecos.com.ar\/index.php\/este-sabado-en-la-biblioteca-rivadavia-de-trenque-lauquen-espectaculo-de-guitarras\/#primaryimage","url":"https:\/\/infoecos.com.ar\/wp-content\/uploads\/2024\/11\/IMG_1135.jpg","contentUrl":"https:\/\/infoecos.com.ar\/wp-content\/uploads\/2024\/11\/IMG_1135.jpg","width":512,"height":341},{"@type":"BreadcrumbList","@id":"https:\/\/infoecos.com.ar\/index.php\/este-sabado-en-la-biblioteca-rivadavia-de-trenque-lauquen-espectaculo-de-guitarras\/#breadcrumb","itemListElement":[{"@type":"ListItem","position":1,"name":"Portada","item":"https:\/\/infoecos.com.ar\/"},{"@type":"ListItem","position":2,"name":"Hoy s\u00e1bado en la Biblioteca Rivadavia de Trenque Lauquen, espect\u00e1culo de guitarras"}]},{"@type":"WebSite","@id":"https:\/\/infoecos.com.ar\/#website","url":"https:\/\/infoecos.com.ar\/","name":"Infoecos","description":"Noticias de trenque lauquen y la zona","publisher":{"@id":"https:\/\/infoecos.com.ar\/#organization"},"alternateName":"Noticias","potentialAction":[{"@type":"SearchAction","target":{"@type":"EntryPoint","urlTemplate":"https:\/\/infoecos.com.ar\/?s={search_term_string}"},"query-input":{"@type":"PropertyValueSpecification","valueRequired":true,"valueName":"search_term_string"}}],"inLanguage":"es"},{"@type":"Organization","@id":"https:\/\/infoecos.com.ar\/#organization","name":"Infoecos","alternateName":"Noticias","url":"https:\/\/infoecos.com.ar\/","logo":{"@type":"ImageObject","inLanguage":"es","@id":"https:\/\/infoecos.com.ar\/#\/schema\/logo\/image\/","url":"https:\/\/infoecos.com.ar\/wp-content\/uploads\/2024\/03\/cropped-logo.png","contentUrl":"https:\/\/infoecos.com.ar\/wp-content\/uploads\/2024\/03\/cropped-logo.png","width":374,"height":90,"caption":"Infoecos"},"image":{"@id":"https:\/\/infoecos.com.ar\/#\/schema\/logo\/image\/"},"sameAs":["https:\/\/www.facebook.com\/profile.php?id=100063200290284","https:\/\/x.com\/infoecos"]},{"@type":"Person","@id":"https:\/\/infoecos.com.ar\/#\/schema\/person\/8f5ace5ce73b4b4aac4b7245aee6f191","name":"Jorge Matheus","url":"https:\/\/infoecos.com.ar\/index.php\/author\/jomatheus\/"}]}},"featured_image_urls":{"full":["https:\/\/infoecos.com.ar\/wp-content\/uploads\/2024\/11\/IMG_1135.jpg",512,341,false],"thumbnail":["https:\/\/infoecos.com.ar\/wp-content\/uploads\/2024\/11\/IMG_1135-300x150.jpg",300,150,true],"medium":["https:\/\/infoecos.com.ar\/wp-content\/uploads\/2024\/11\/IMG_1135.jpg",512,341,false],"medium_large":["https:\/\/infoecos.com.ar\/wp-content\/uploads\/2024\/11\/IMG_1135.jpg",512,341,false],"large":["https:\/\/infoecos.com.ar\/wp-content\/uploads\/2024\/11\/IMG_1135.jpg",512,341,false],"1536x1536":["https:\/\/infoecos.com.ar\/wp-content\/uploads\/2024\/11\/IMG_1135.jpg",512,341,false],"2048x2048":["https:\/\/infoecos.com.ar\/wp-content\/uploads\/2024\/11\/IMG_1135.jpg",512,341,false],"covernews-slider-full":["https:\/\/infoecos.com.ar\/wp-content\/uploads\/2024\/11\/IMG_1135.jpg",512,341,false],"covernews-slider-center":["https:\/\/infoecos.com.ar\/wp-content\/uploads\/2024\/11\/IMG_1135.jpg",512,341,false],"covernews-featured":["https:\/\/infoecos.com.ar\/wp-content\/uploads\/2024\/11\/IMG_1135.jpg",512,341,false],"covernews-medium":["https:\/\/infoecos.com.ar\/wp-content\/uploads\/2024\/11\/IMG_1135.jpg",510,340,false],"covernews-medium-square":["https:\/\/infoecos.com.ar\/wp-content\/uploads\/2024\/11\/IMG_1135-400x250.jpg",400,250,true]},"author_info":{"info":["Jorge Matheus"]},"category_info":"<a href=\"https:\/\/infoecos.com.ar\/index.php\/category\/noticia-secundaria\/\" rel=\"category tag\">Noticia Secundaria<\/a>","tag_info":"Noticia Secundaria","comment_count":"0","_links":{"self":[{"href":"https:\/\/infoecos.com.ar\/index.php\/wp-json\/wp\/v2\/posts\/133529"}],"collection":[{"href":"https:\/\/infoecos.com.ar\/index.php\/wp-json\/wp\/v2\/posts"}],"about":[{"href":"https:\/\/infoecos.com.ar\/index.php\/wp-json\/wp\/v2\/types\/post"}],"author":[{"embeddable":true,"href":"https:\/\/infoecos.com.ar\/index.php\/wp-json\/wp\/v2\/users\/2"}],"replies":[{"embeddable":true,"href":"https:\/\/infoecos.com.ar\/index.php\/wp-json\/wp\/v2\/comments?post=133529"}],"version-history":[{"count":2,"href":"https:\/\/infoecos.com.ar\/index.php\/wp-json\/wp\/v2\/posts\/133529\/revisions"}],"predecessor-version":[{"id":133575,"href":"https:\/\/infoecos.com.ar\/index.php\/wp-json\/wp\/v2\/posts\/133529\/revisions\/133575"}],"wp:featuredmedia":[{"embeddable":true,"href":"https:\/\/infoecos.com.ar\/index.php\/wp-json\/wp\/v2\/media\/132331"}],"wp:attachment":[{"href":"https:\/\/infoecos.com.ar\/index.php\/wp-json\/wp\/v2\/media?parent=133529"}],"wp:term":[{"taxonomy":"category","embeddable":true,"href":"https:\/\/infoecos.com.ar\/index.php\/wp-json\/wp\/v2\/categories?post=133529"},{"taxonomy":"post_tag","embeddable":true,"href":"https:\/\/infoecos.com.ar\/index.php\/wp-json\/wp\/v2\/tags?post=133529"}],"curies":[{"name":"wp","href":"https:\/\/api.w.org\/{rel}","templated":true}]}}