{"id":133692,"date":"2024-12-02T22:53:58","date_gmt":"2024-12-03T01:53:58","guid":{"rendered":"https:\/\/infoecos.com.ar\/?p=133692"},"modified":"2024-12-02T22:53:59","modified_gmt":"2024-12-03T01:53:59","slug":"clima-para-este-martes-soleado-durante-la-manana-y-parcialmente-nublado-durante-la-tarde","status":"publish","type":"post","link":"https:\/\/infoecos.com.ar\/index.php\/clima-para-este-martes-soleado-durante-la-manana-y-parcialmente-nublado-durante-la-tarde\/","title":{"rendered":"Clima: para este martes soleado durante la ma\u00f1ana y parcialmente nublado durante la tarde"},"content":{"rendered":"\n<p class=\"has-text-align-center\"><strong><mark style=\"background-color:rgba(0, 0, 0, 0)\" class=\"has-inline-color has-vivid-cyan-blue-color\">SENSORES CLIM\u00c1TICOS MUNICIPALIDAD DE TRENQUE LAUQUEN<\/mark><\/strong><\/p>\n\n\n\n<p class=\"has-text-align-center\"><strong>Valores meteorol\u00f3gicos <\/strong><\/p>\n\n\n\n<p class=\"has-text-align-center\"><strong>D\u00eda 2 de Diciembre 2024<\/strong><\/p>\n\n\n\n<p class=\"has-text-align-center\"><strong>Viento fuerte durante casi todo el d\u00eda, con r\u00e1fagas de hasta 46.3 km\/h. La temperatura m\u00e1xima fue de 24.6\u00b0 y la m\u00ednima de 5.5\u00b0<\/strong><\/p>\n\n\n\n<figure class=\"wp-block-image aligncenter size-full\"><img loading=\"lazy\" decoding=\"async\" width=\"603\" height=\"325\" src=\"https:\/\/infoecos.com.ar\/wp-content\/uploads\/2024\/12\/image-20.png\" alt=\"\" class=\"wp-image-133693\"\/><\/figure>\n\n\n\n<p class=\"has-text-align-center\"><strong><mark style=\"background-color:rgba(0, 0, 0, 0)\" class=\"has-inline-color has-vivid-cyan-blue-color\">SERVICIO METEOROL\u00d3GICO NACIONAL<\/mark><\/strong><\/p>\n\n\n\n<p class=\"has-text-align-center\"><strong>Pron\u00f3stico <\/strong><\/p>\n\n\n\n<p class=\"has-text-align-center\"><strong>Para el martes soleado durante la ma\u00f1ana y parcialmente nublado durante la tarde. El mi\u00e9rcoles se estima que ascender\u00eda la temperatura, volver\u00e1n los vientos fuertes y alguna posibilidad de lluvia pasado el mediod\u00eda. <\/strong><\/p>\n\n\n\n<figure class=\"wp-block-image aligncenter size-full\"><img loading=\"lazy\" decoding=\"async\" width=\"475\" height=\"253\" src=\"https:\/\/infoecos.com.ar\/wp-content\/uploads\/2024\/12\/image-21.png\" alt=\"\" class=\"wp-image-133694\"\/><\/figure>\n","protected":false},"excerpt":{"rendered":"<p>El lunes 2: Viento fuerte durante casi todo el d\u00eda, con r\u00e1fagas de hasta 46.3 km\/h. La temperatura m\u00e1xima fue de 24.6\u00b0 y la m\u00ednima de 5.5\u00b0<\/p>\n","protected":false},"author":2,"featured_media":133695,"comment_status":"closed","ping_status":"open","sticky":false,"template":"","format":"standard","meta":{"footnotes":""},"categories":[1612],"tags":[],"class_list":["post-133692","post","type-post","status-publish","format-standard","has-post-thumbnail","hentry","category-noticia-principal"],"yoast_head":"<!-- This site is optimized with the Yoast SEO plugin v23.4 - https:\/\/yoast.com\/wordpress\/plugins\/seo\/ -->\n<title>Clima: para este martes soleado durante la ma\u00f1ana y parcialmente nublado durante la tarde - Infoecos<\/title>\n<meta name=\"robots\" content=\"index, follow, max-snippet:-1, max-image-preview:large, max-video-preview:-1\" \/>\n<link rel=\"canonical\" href=\"https:\/\/infoecos.com.ar\/index.php\/clima-para-este-martes-soleado-durante-la-manana-y-parcialmente-nublado-durante-la-tarde\/\" \/>\n<meta property=\"og:locale\" content=\"es_ES\" \/>\n<meta property=\"og:type\" content=\"article\" \/>\n<meta property=\"og:title\" content=\"Clima: para este martes soleado durante la ma\u00f1ana y parcialmente nublado durante la tarde - Infoecos\" \/>\n<meta property=\"og:description\" content=\"El lunes 2: Viento fuerte durante casi todo el d\u00eda, con r\u00e1fagas de hasta 46.3 km\/h. La temperatura m\u00e1xima fue de 24.6\u00b0 y la m\u00ednima de 5.5\u00b0\" \/>\n<meta property=\"og:url\" content=\"https:\/\/infoecos.com.ar\/index.php\/clima-para-este-martes-soleado-durante-la-manana-y-parcialmente-nublado-durante-la-tarde\/\" \/>\n<meta property=\"og:site_name\" content=\"Infoecos\" \/>\n<meta property=\"article:publisher\" content=\"https:\/\/www.facebook.com\/profile.php?id=100063200290284\" \/>\n<meta property=\"article:published_time\" content=\"2024-12-03T01:53:58+00:00\" \/>\n<meta property=\"article:modified_time\" content=\"2024-12-03T01:53:59+00:00\" \/>\n<meta property=\"og:image\" content=\"https:\/\/infoecos.com.ar\/wp-content\/uploads\/2024\/12\/e24378ec-56a1-40d9-ab7b-879a42b03c90.jpg\" \/>\n\t<meta property=\"og:image:width\" content=\"960\" \/>\n\t<meta property=\"og:image:height\" content=\"1280\" \/>\n\t<meta property=\"og:image:type\" content=\"image\/jpeg\" \/>\n<meta name=\"author\" content=\"Jorge Matheus\" \/>\n<meta name=\"twitter:card\" content=\"summary_large_image\" \/>\n<meta name=\"twitter:creator\" content=\"@infoecos\" \/>\n<meta name=\"twitter:site\" content=\"@infoecos\" \/>\n<meta name=\"twitter:label1\" content=\"Escrito por\" \/>\n\t<meta name=\"twitter:data1\" content=\"Jorge Matheus\" \/>\n\t<meta name=\"twitter:label2\" content=\"Tiempo de lectura\" \/>\n\t<meta name=\"twitter:data2\" content=\"1 minuto\" \/>\n<script type=\"application\/ld+json\" class=\"yoast-schema-graph\">{\"@context\":\"https:\/\/schema.org\",\"@graph\":[{\"@type\":\"Article\",\"@id\":\"https:\/\/infoecos.com.ar\/index.php\/clima-para-este-martes-soleado-durante-la-manana-y-parcialmente-nublado-durante-la-tarde\/#article\",\"isPartOf\":{\"@id\":\"https:\/\/infoecos.com.ar\/index.php\/clima-para-este-martes-soleado-durante-la-manana-y-parcialmente-nublado-durante-la-tarde\/\"},\"author\":{\"name\":\"Jorge Matheus\",\"@id\":\"https:\/\/infoecos.com.ar\/#\/schema\/person\/8f5ace5ce73b4b4aac4b7245aee6f191\"},\"headline\":\"Clima: para este martes soleado durante la ma\u00f1ana y parcialmente nublado durante la tarde\",\"datePublished\":\"2024-12-03T01:53:58+00:00\",\"dateModified\":\"2024-12-03T01:53:59+00:00\",\"mainEntityOfPage\":{\"@id\":\"https:\/\/infoecos.com.ar\/index.php\/clima-para-este-martes-soleado-durante-la-manana-y-parcialmente-nublado-durante-la-tarde\/\"},\"wordCount\":99,\"publisher\":{\"@id\":\"https:\/\/infoecos.com.ar\/#organization\"},\"image\":{\"@id\":\"https:\/\/infoecos.com.ar\/index.php\/clima-para-este-martes-soleado-durante-la-manana-y-parcialmente-nublado-durante-la-tarde\/#primaryimage\"},\"thumbnailUrl\":\"https:\/\/infoecos.com.ar\/wp-content\/uploads\/2024\/12\/e24378ec-56a1-40d9-ab7b-879a42b03c90.jpg\",\"articleSection\":[\"Noticia Principal\"],\"inLanguage\":\"es\"},{\"@type\":\"WebPage\",\"@id\":\"https:\/\/infoecos.com.ar\/index.php\/clima-para-este-martes-soleado-durante-la-manana-y-parcialmente-nublado-durante-la-tarde\/\",\"url\":\"https:\/\/infoecos.com.ar\/index.php\/clima-para-este-martes-soleado-durante-la-manana-y-parcialmente-nublado-durante-la-tarde\/\",\"name\":\"Clima: para este martes soleado durante la ma\u00f1ana y parcialmente nublado durante la tarde - Infoecos\",\"isPartOf\":{\"@id\":\"https:\/\/infoecos.com.ar\/#website\"},\"primaryImageOfPage\":{\"@id\":\"https:\/\/infoecos.com.ar\/index.php\/clima-para-este-martes-soleado-durante-la-manana-y-parcialmente-nublado-durante-la-tarde\/#primaryimage\"},\"image\":{\"@id\":\"https:\/\/infoecos.com.ar\/index.php\/clima-para-este-martes-soleado-durante-la-manana-y-parcialmente-nublado-durante-la-tarde\/#primaryimage\"},\"thumbnailUrl\":\"https:\/\/infoecos.com.ar\/wp-content\/uploads\/2024\/12\/e24378ec-56a1-40d9-ab7b-879a42b03c90.jpg\",\"datePublished\":\"2024-12-03T01:53:58+00:00\",\"dateModified\":\"2024-12-03T01:53:59+00:00\",\"breadcrumb\":{\"@id\":\"https:\/\/infoecos.com.ar\/index.php\/clima-para-este-martes-soleado-durante-la-manana-y-parcialmente-nublado-durante-la-tarde\/#breadcrumb\"},\"inLanguage\":\"es\",\"potentialAction\":[{\"@type\":\"ReadAction\",\"target\":[\"https:\/\/infoecos.com.ar\/index.php\/clima-para-este-martes-soleado-durante-la-manana-y-parcialmente-nublado-durante-la-tarde\/\"]}]},{\"@type\":\"ImageObject\",\"inLanguage\":\"es\",\"@id\":\"https:\/\/infoecos.com.ar\/index.php\/clima-para-este-martes-soleado-durante-la-manana-y-parcialmente-nublado-durante-la-tarde\/#primaryimage\",\"url\":\"https:\/\/infoecos.com.ar\/wp-content\/uploads\/2024\/12\/e24378ec-56a1-40d9-ab7b-879a42b03c90.jpg\",\"contentUrl\":\"https:\/\/infoecos.com.ar\/wp-content\/uploads\/2024\/12\/e24378ec-56a1-40d9-ab7b-879a42b03c90.jpg\",\"width\":960,\"height\":1280},{\"@type\":\"BreadcrumbList\",\"@id\":\"https:\/\/infoecos.com.ar\/index.php\/clima-para-este-martes-soleado-durante-la-manana-y-parcialmente-nublado-durante-la-tarde\/#breadcrumb\",\"itemListElement\":[{\"@type\":\"ListItem\",\"position\":1,\"name\":\"Portada\",\"item\":\"https:\/\/infoecos.com.ar\/\"},{\"@type\":\"ListItem\",\"position\":2,\"name\":\"Clima: para este martes soleado durante la ma\u00f1ana y parcialmente nublado durante la tarde\"}]},{\"@type\":\"WebSite\",\"@id\":\"https:\/\/infoecos.com.ar\/#website\",\"url\":\"https:\/\/infoecos.com.ar\/\",\"name\":\"Infoecos\",\"description\":\"Noticias de trenque lauquen y la zona\",\"publisher\":{\"@id\":\"https:\/\/infoecos.com.ar\/#organization\"},\"alternateName\":\"Noticias\",\"potentialAction\":[{\"@type\":\"SearchAction\",\"target\":{\"@type\":\"EntryPoint\",\"urlTemplate\":\"https:\/\/infoecos.com.ar\/?s={search_term_string}\"},\"query-input\":{\"@type\":\"PropertyValueSpecification\",\"valueRequired\":true,\"valueName\":\"search_term_string\"}}],\"inLanguage\":\"es\"},{\"@type\":\"Organization\",\"@id\":\"https:\/\/infoecos.com.ar\/#organization\",\"name\":\"Infoecos\",\"alternateName\":\"Noticias\",\"url\":\"https:\/\/infoecos.com.ar\/\",\"logo\":{\"@type\":\"ImageObject\",\"inLanguage\":\"es\",\"@id\":\"https:\/\/infoecos.com.ar\/#\/schema\/logo\/image\/\",\"url\":\"https:\/\/infoecos.com.ar\/wp-content\/uploads\/2024\/03\/cropped-logo.png\",\"contentUrl\":\"https:\/\/infoecos.com.ar\/wp-content\/uploads\/2024\/03\/cropped-logo.png\",\"width\":374,\"height\":90,\"caption\":\"Infoecos\"},\"image\":{\"@id\":\"https:\/\/infoecos.com.ar\/#\/schema\/logo\/image\/\"},\"sameAs\":[\"https:\/\/www.facebook.com\/profile.php?id=100063200290284\",\"https:\/\/x.com\/infoecos\"]},{\"@type\":\"Person\",\"@id\":\"https:\/\/infoecos.com.ar\/#\/schema\/person\/8f5ace5ce73b4b4aac4b7245aee6f191\",\"name\":\"Jorge Matheus\",\"url\":\"https:\/\/infoecos.com.ar\/index.php\/author\/jomatheus\/\"}]}<\/script>\n<!-- \/ Yoast SEO plugin. -->","yoast_head_json":{"title":"Clima: para este martes soleado durante la ma\u00f1ana y parcialmente nublado durante la tarde - Infoecos","robots":{"index":"index","follow":"follow","max-snippet":"max-snippet:-1","max-image-preview":"max-image-preview:large","max-video-preview":"max-video-preview:-1"},"canonical":"https:\/\/infoecos.com.ar\/index.php\/clima-para-este-martes-soleado-durante-la-manana-y-parcialmente-nublado-durante-la-tarde\/","og_locale":"es_ES","og_type":"article","og_title":"Clima: para este martes soleado durante la ma\u00f1ana y parcialmente nublado durante la tarde - Infoecos","og_description":"El lunes 2: Viento fuerte durante casi todo el d\u00eda, con r\u00e1fagas de hasta 46.3 km\/h. La temperatura m\u00e1xima fue de 24.6\u00b0 y la m\u00ednima de 5.5\u00b0","og_url":"https:\/\/infoecos.com.ar\/index.php\/clima-para-este-martes-soleado-durante-la-manana-y-parcialmente-nublado-durante-la-tarde\/","og_site_name":"Infoecos","article_publisher":"https:\/\/www.facebook.com\/profile.php?id=100063200290284","article_published_time":"2024-12-03T01:53:58+00:00","article_modified_time":"2024-12-03T01:53:59+00:00","og_image":[{"width":960,"height":1280,"url":"https:\/\/infoecos.com.ar\/wp-content\/uploads\/2024\/12\/e24378ec-56a1-40d9-ab7b-879a42b03c90.jpg","type":"image\/jpeg"}],"author":"Jorge Matheus","twitter_card":"summary_large_image","twitter_creator":"@infoecos","twitter_site":"@infoecos","twitter_misc":{"Escrito por":"Jorge Matheus","Tiempo de lectura":"1 minuto"},"schema":{"@context":"https:\/\/schema.org","@graph":[{"@type":"Article","@id":"https:\/\/infoecos.com.ar\/index.php\/clima-para-este-martes-soleado-durante-la-manana-y-parcialmente-nublado-durante-la-tarde\/#article","isPartOf":{"@id":"https:\/\/infoecos.com.ar\/index.php\/clima-para-este-martes-soleado-durante-la-manana-y-parcialmente-nublado-durante-la-tarde\/"},"author":{"name":"Jorge Matheus","@id":"https:\/\/infoecos.com.ar\/#\/schema\/person\/8f5ace5ce73b4b4aac4b7245aee6f191"},"headline":"Clima: para este martes soleado durante la ma\u00f1ana y parcialmente nublado durante la tarde","datePublished":"2024-12-03T01:53:58+00:00","dateModified":"2024-12-03T01:53:59+00:00","mainEntityOfPage":{"@id":"https:\/\/infoecos.com.ar\/index.php\/clima-para-este-martes-soleado-durante-la-manana-y-parcialmente-nublado-durante-la-tarde\/"},"wordCount":99,"publisher":{"@id":"https:\/\/infoecos.com.ar\/#organization"},"image":{"@id":"https:\/\/infoecos.com.ar\/index.php\/clima-para-este-martes-soleado-durante-la-manana-y-parcialmente-nublado-durante-la-tarde\/#primaryimage"},"thumbnailUrl":"https:\/\/infoecos.com.ar\/wp-content\/uploads\/2024\/12\/e24378ec-56a1-40d9-ab7b-879a42b03c90.jpg","articleSection":["Noticia Principal"],"inLanguage":"es"},{"@type":"WebPage","@id":"https:\/\/infoecos.com.ar\/index.php\/clima-para-este-martes-soleado-durante-la-manana-y-parcialmente-nublado-durante-la-tarde\/","url":"https:\/\/infoecos.com.ar\/index.php\/clima-para-este-martes-soleado-durante-la-manana-y-parcialmente-nublado-durante-la-tarde\/","name":"Clima: para este martes soleado durante la ma\u00f1ana y parcialmente nublado durante la tarde - Infoecos","isPartOf":{"@id":"https:\/\/infoecos.com.ar\/#website"},"primaryImageOfPage":{"@id":"https:\/\/infoecos.com.ar\/index.php\/clima-para-este-martes-soleado-durante-la-manana-y-parcialmente-nublado-durante-la-tarde\/#primaryimage"},"image":{"@id":"https:\/\/infoecos.com.ar\/index.php\/clima-para-este-martes-soleado-durante-la-manana-y-parcialmente-nublado-durante-la-tarde\/#primaryimage"},"thumbnailUrl":"https:\/\/infoecos.com.ar\/wp-content\/uploads\/2024\/12\/e24378ec-56a1-40d9-ab7b-879a42b03c90.jpg","datePublished":"2024-12-03T01:53:58+00:00","dateModified":"2024-12-03T01:53:59+00:00","breadcrumb":{"@id":"https:\/\/infoecos.com.ar\/index.php\/clima-para-este-martes-soleado-durante-la-manana-y-parcialmente-nublado-durante-la-tarde\/#breadcrumb"},"inLanguage":"es","potentialAction":[{"@type":"ReadAction","target":["https:\/\/infoecos.com.ar\/index.php\/clima-para-este-martes-soleado-durante-la-manana-y-parcialmente-nublado-durante-la-tarde\/"]}]},{"@type":"ImageObject","inLanguage":"es","@id":"https:\/\/infoecos.com.ar\/index.php\/clima-para-este-martes-soleado-durante-la-manana-y-parcialmente-nublado-durante-la-tarde\/#primaryimage","url":"https:\/\/infoecos.com.ar\/wp-content\/uploads\/2024\/12\/e24378ec-56a1-40d9-ab7b-879a42b03c90.jpg","contentUrl":"https:\/\/infoecos.com.ar\/wp-content\/uploads\/2024\/12\/e24378ec-56a1-40d9-ab7b-879a42b03c90.jpg","width":960,"height":1280},{"@type":"BreadcrumbList","@id":"https:\/\/infoecos.com.ar\/index.php\/clima-para-este-martes-soleado-durante-la-manana-y-parcialmente-nublado-durante-la-tarde\/#breadcrumb","itemListElement":[{"@type":"ListItem","position":1,"name":"Portada","item":"https:\/\/infoecos.com.ar\/"},{"@type":"ListItem","position":2,"name":"Clima: para este martes soleado durante la ma\u00f1ana y parcialmente nublado durante la tarde"}]},{"@type":"WebSite","@id":"https:\/\/infoecos.com.ar\/#website","url":"https:\/\/infoecos.com.ar\/","name":"Infoecos","description":"Noticias de trenque lauquen y la zona","publisher":{"@id":"https:\/\/infoecos.com.ar\/#organization"},"alternateName":"Noticias","potentialAction":[{"@type":"SearchAction","target":{"@type":"EntryPoint","urlTemplate":"https:\/\/infoecos.com.ar\/?s={search_term_string}"},"query-input":{"@type":"PropertyValueSpecification","valueRequired":true,"valueName":"search_term_string"}}],"inLanguage":"es"},{"@type":"Organization","@id":"https:\/\/infoecos.com.ar\/#organization","name":"Infoecos","alternateName":"Noticias","url":"https:\/\/infoecos.com.ar\/","logo":{"@type":"ImageObject","inLanguage":"es","@id":"https:\/\/infoecos.com.ar\/#\/schema\/logo\/image\/","url":"https:\/\/infoecos.com.ar\/wp-content\/uploads\/2024\/03\/cropped-logo.png","contentUrl":"https:\/\/infoecos.com.ar\/wp-content\/uploads\/2024\/03\/cropped-logo.png","width":374,"height":90,"caption":"Infoecos"},"image":{"@id":"https:\/\/infoecos.com.ar\/#\/schema\/logo\/image\/"},"sameAs":["https:\/\/www.facebook.com\/profile.php?id=100063200290284","https:\/\/x.com\/infoecos"]},{"@type":"Person","@id":"https:\/\/infoecos.com.ar\/#\/schema\/person\/8f5ace5ce73b4b4aac4b7245aee6f191","name":"Jorge Matheus","url":"https:\/\/infoecos.com.ar\/index.php\/author\/jomatheus\/"}]}},"featured_image_urls":{"full":["https:\/\/infoecos.com.ar\/wp-content\/uploads\/2024\/12\/e24378ec-56a1-40d9-ab7b-879a42b03c90.jpg",960,1280,false],"thumbnail":["https:\/\/infoecos.com.ar\/wp-content\/uploads\/2024\/12\/e24378ec-56a1-40d9-ab7b-879a42b03c90-300x150.jpg",300,150,true],"medium":["https:\/\/infoecos.com.ar\/wp-content\/uploads\/2024\/12\/e24378ec-56a1-40d9-ab7b-879a42b03c90-600x800.jpg",600,800,true],"medium_large":["https:\/\/infoecos.com.ar\/wp-content\/uploads\/2024\/12\/e24378ec-56a1-40d9-ab7b-879a42b03c90-768x1024.jpg",640,853,true],"large":["https:\/\/infoecos.com.ar\/wp-content\/uploads\/2024\/12\/e24378ec-56a1-40d9-ab7b-879a42b03c90.jpg",640,853,false],"1536x1536":["https:\/\/infoecos.com.ar\/wp-content\/uploads\/2024\/12\/e24378ec-56a1-40d9-ab7b-879a42b03c90.jpg",960,1280,false],"2048x2048":["https:\/\/infoecos.com.ar\/wp-content\/uploads\/2024\/12\/e24378ec-56a1-40d9-ab7b-879a42b03c90.jpg",960,1280,false],"covernews-slider-full":["https:\/\/infoecos.com.ar\/wp-content\/uploads\/2024\/12\/e24378ec-56a1-40d9-ab7b-879a42b03c90-960x715.jpg",960,715,true],"covernews-slider-center":["https:\/\/infoecos.com.ar\/wp-content\/uploads\/2024\/12\/e24378ec-56a1-40d9-ab7b-879a42b03c90-800x500.jpg",800,500,true],"covernews-featured":["https:\/\/infoecos.com.ar\/wp-content\/uploads\/2024\/12\/e24378ec-56a1-40d9-ab7b-879a42b03c90.jpg",960,1280,false],"covernews-medium":["https:\/\/infoecos.com.ar\/wp-content\/uploads\/2024\/12\/e24378ec-56a1-40d9-ab7b-879a42b03c90-540x340.jpg",540,340,true],"covernews-medium-square":["https:\/\/infoecos.com.ar\/wp-content\/uploads\/2024\/12\/e24378ec-56a1-40d9-ab7b-879a42b03c90-400x250.jpg",400,250,true]},"author_info":{"info":["Jorge Matheus"]},"category_info":"<a href=\"https:\/\/infoecos.com.ar\/index.php\/category\/noticia-principal\/\" rel=\"category tag\">Noticia Principal<\/a>","tag_info":"Noticia Principal","comment_count":"0","_links":{"self":[{"href":"https:\/\/infoecos.com.ar\/index.php\/wp-json\/wp\/v2\/posts\/133692"}],"collection":[{"href":"https:\/\/infoecos.com.ar\/index.php\/wp-json\/wp\/v2\/posts"}],"about":[{"href":"https:\/\/infoecos.com.ar\/index.php\/wp-json\/wp\/v2\/types\/post"}],"author":[{"embeddable":true,"href":"https:\/\/infoecos.com.ar\/index.php\/wp-json\/wp\/v2\/users\/2"}],"replies":[{"embeddable":true,"href":"https:\/\/infoecos.com.ar\/index.php\/wp-json\/wp\/v2\/comments?post=133692"}],"version-history":[{"count":1,"href":"https:\/\/infoecos.com.ar\/index.php\/wp-json\/wp\/v2\/posts\/133692\/revisions"}],"predecessor-version":[{"id":133696,"href":"https:\/\/infoecos.com.ar\/index.php\/wp-json\/wp\/v2\/posts\/133692\/revisions\/133696"}],"wp:featuredmedia":[{"embeddable":true,"href":"https:\/\/infoecos.com.ar\/index.php\/wp-json\/wp\/v2\/media\/133695"}],"wp:attachment":[{"href":"https:\/\/infoecos.com.ar\/index.php\/wp-json\/wp\/v2\/media?parent=133692"}],"wp:term":[{"taxonomy":"category","embeddable":true,"href":"https:\/\/infoecos.com.ar\/index.php\/wp-json\/wp\/v2\/categories?post=133692"},{"taxonomy":"post_tag","embeddable":true,"href":"https:\/\/infoecos.com.ar\/index.php\/wp-json\/wp\/v2\/tags?post=133692"}],"curies":[{"name":"wp","href":"https:\/\/api.w.org\/{rel}","templated":true}]}}