{"id":133707,"date":"2024-12-03T16:30:44","date_gmt":"2024-12-03T19:30:44","guid":{"rendered":"https:\/\/infoecos.com.ar\/?p=133707"},"modified":"2024-12-03T16:30:45","modified_gmt":"2024-12-03T19:30:45","slug":"dengue-este-miercoles-continuan-las-jornadas-de-descacharrizacion-en-t-lauquen","status":"publish","type":"post","link":"https:\/\/infoecos.com.ar\/index.php\/dengue-este-miercoles-continuan-las-jornadas-de-descacharrizacion-en-t-lauquen\/","title":{"rendered":"Dengue: este mi\u00e9rcoles contin\u00faan las jornadas de descacharrizaci\u00f3n en T.Lauquen"},"content":{"rendered":"\n<p>Las jornadas de descacharrizaci\u00f3n que se vienen llevando adelante en Trenque Lauquen en el marco de las acciones impulsadas por la Mesa de Prevenci\u00f3n del Dengue, continuar\u00e1n este mi\u00e9rcoles en el Barrio Gortari (Carlos Casares y Juan Jos\u00e9 Paso).<\/p>\n\n\n\n<figure class=\"wp-block-image size-full\"><img loading=\"lazy\" decoding=\"async\" width=\"720\" height=\"350\" src=\"https:\/\/infoecos.com.ar\/wp-content\/uploads\/2024\/11\/image-131.png\" alt=\"\" class=\"wp-image-132516\"\/><\/figure>\n\n\n\n<p>Los promotores de Salud de la direcci\u00f3n de Salud Comunitaria y de la Provincia de Buenos Aires estar\u00e1n recorriendo las calles aleda\u00f1as a estos barrios para ponerse en contacto con los vecinos\/as y difundir las medidas de prevenci\u00f3n de la enfermedad.<\/p>\n\n\n\n<p>El objetivo de la campa\u00f1a es relevar los espacios de alerta, y eliminar todos aquellos recipientes que acumulen agua dentro y fuera de las casas, ya que el mosquito vector del dengue -Aedes Aegypti- tiene h\u00e1bitos domiciliarios.<\/p>\n\n\n\n<p>. <strong><mark style=\"background-color:rgba(0, 0, 0, 0)\" class=\"has-inline-color has-vivid-red-color\">MEDIDAS DE PREVENCI\u00d3N<\/mark><\/strong><\/p>\n\n\n\n<p>\u2013 <strong><em>Descartar o tapar los recipientes que acumulen agua (latas, neum\u00e1ticos, botellas, baldes, palanganas, tambores, entre otros).<\/em><\/strong><\/p>\n\n\n\n<p>\u2013 <strong><em>Cambiar el agua de bebederos de animales, colectores de desag\u00fces de aire acondicionado o lluvia, dentro y fuera de la casa, cada tres (3) d\u00edas, y frotar las paredes de los recipientes con esponja o cepillo para desprender los huevos de mosquito que puedan estar adheridos.<\/em><\/strong><\/p>\n\n\n\n<p>\u2013 <strong><em>Mantener los patios y jardines limpios, ordenados y desmalezados.<\/em><\/strong><\/p>\n\n\n\n<p>\u2013 <strong><em>Limpiar las canaletas y desag\u00fces de lluvia de los techos.<\/em><\/strong><\/p>\n","protected":false},"excerpt":{"rendered":"<p>En el Barrio Gortari (Carlos Casares y Juan Jos\u00e9 Paso).<\/p>\n","protected":false},"author":2,"featured_media":132858,"comment_status":"closed","ping_status":"open","sticky":false,"template":"","format":"standard","meta":{"footnotes":""},"categories":[1613],"tags":[],"class_list":["post-133707","post","type-post","status-publish","format-standard","has-post-thumbnail","hentry","category-noticia-secundaria"],"yoast_head":"<!-- This site is optimized with the Yoast SEO plugin v23.4 - https:\/\/yoast.com\/wordpress\/plugins\/seo\/ -->\n<title>Dengue: este mi\u00e9rcoles contin\u00faan las jornadas de descacharrizaci\u00f3n en T.Lauquen - Infoecos<\/title>\n<meta name=\"robots\" content=\"index, follow, max-snippet:-1, max-image-preview:large, max-video-preview:-1\" \/>\n<link rel=\"canonical\" href=\"https:\/\/infoecos.com.ar\/index.php\/dengue-este-miercoles-continuan-las-jornadas-de-descacharrizacion-en-t-lauquen\/\" \/>\n<meta property=\"og:locale\" content=\"es_ES\" \/>\n<meta property=\"og:type\" content=\"article\" \/>\n<meta property=\"og:title\" content=\"Dengue: este mi\u00e9rcoles contin\u00faan las jornadas de descacharrizaci\u00f3n en T.Lauquen - Infoecos\" \/>\n<meta property=\"og:description\" content=\"En el Barrio Gortari (Carlos Casares y Juan Jos\u00e9 Paso).\" \/>\n<meta property=\"og:url\" content=\"https:\/\/infoecos.com.ar\/index.php\/dengue-este-miercoles-continuan-las-jornadas-de-descacharrizacion-en-t-lauquen\/\" \/>\n<meta property=\"og:site_name\" content=\"Infoecos\" \/>\n<meta property=\"article:publisher\" content=\"https:\/\/www.facebook.com\/profile.php?id=100063200290284\" \/>\n<meta property=\"article:published_time\" content=\"2024-12-03T19:30:44+00:00\" \/>\n<meta property=\"article:modified_time\" content=\"2024-12-03T19:30:45+00:00\" \/>\n<meta property=\"og:image\" content=\"https:\/\/infoecos.com.ar\/wp-content\/uploads\/2024\/11\/image-209.png\" \/>\n\t<meta property=\"og:image:width\" content=\"980\" \/>\n\t<meta property=\"og:image:height\" content=\"735\" \/>\n\t<meta property=\"og:image:type\" content=\"image\/png\" \/>\n<meta name=\"author\" content=\"Jorge Matheus\" \/>\n<meta name=\"twitter:card\" content=\"summary_large_image\" \/>\n<meta name=\"twitter:creator\" content=\"@infoecos\" \/>\n<meta name=\"twitter:site\" content=\"@infoecos\" \/>\n<meta name=\"twitter:label1\" content=\"Escrito por\" \/>\n\t<meta name=\"twitter:data1\" content=\"Jorge Matheus\" \/>\n\t<meta name=\"twitter:label2\" content=\"Tiempo de lectura\" \/>\n\t<meta name=\"twitter:data2\" content=\"2 minutos\" \/>\n<script type=\"application\/ld+json\" class=\"yoast-schema-graph\">{\"@context\":\"https:\/\/schema.org\",\"@graph\":[{\"@type\":\"Article\",\"@id\":\"https:\/\/infoecos.com.ar\/index.php\/dengue-este-miercoles-continuan-las-jornadas-de-descacharrizacion-en-t-lauquen\/#article\",\"isPartOf\":{\"@id\":\"https:\/\/infoecos.com.ar\/index.php\/dengue-este-miercoles-continuan-las-jornadas-de-descacharrizacion-en-t-lauquen\/\"},\"author\":{\"name\":\"Jorge Matheus\",\"@id\":\"https:\/\/infoecos.com.ar\/#\/schema\/person\/8f5ace5ce73b4b4aac4b7245aee6f191\"},\"headline\":\"Dengue: este mi\u00e9rcoles contin\u00faan las jornadas de descacharrizaci\u00f3n en T.Lauquen\",\"datePublished\":\"2024-12-03T19:30:44+00:00\",\"dateModified\":\"2024-12-03T19:30:45+00:00\",\"mainEntityOfPage\":{\"@id\":\"https:\/\/infoecos.com.ar\/index.php\/dengue-este-miercoles-continuan-las-jornadas-de-descacharrizacion-en-t-lauquen\/\"},\"wordCount\":230,\"publisher\":{\"@id\":\"https:\/\/infoecos.com.ar\/#organization\"},\"image\":{\"@id\":\"https:\/\/infoecos.com.ar\/index.php\/dengue-este-miercoles-continuan-las-jornadas-de-descacharrizacion-en-t-lauquen\/#primaryimage\"},\"thumbnailUrl\":\"https:\/\/infoecos.com.ar\/wp-content\/uploads\/2024\/11\/image-209.png\",\"articleSection\":[\"Noticia Secundaria\"],\"inLanguage\":\"es\"},{\"@type\":\"WebPage\",\"@id\":\"https:\/\/infoecos.com.ar\/index.php\/dengue-este-miercoles-continuan-las-jornadas-de-descacharrizacion-en-t-lauquen\/\",\"url\":\"https:\/\/infoecos.com.ar\/index.php\/dengue-este-miercoles-continuan-las-jornadas-de-descacharrizacion-en-t-lauquen\/\",\"name\":\"Dengue: este mi\u00e9rcoles contin\u00faan las jornadas de descacharrizaci\u00f3n en T.Lauquen - Infoecos\",\"isPartOf\":{\"@id\":\"https:\/\/infoecos.com.ar\/#website\"},\"primaryImageOfPage\":{\"@id\":\"https:\/\/infoecos.com.ar\/index.php\/dengue-este-miercoles-continuan-las-jornadas-de-descacharrizacion-en-t-lauquen\/#primaryimage\"},\"image\":{\"@id\":\"https:\/\/infoecos.com.ar\/index.php\/dengue-este-miercoles-continuan-las-jornadas-de-descacharrizacion-en-t-lauquen\/#primaryimage\"},\"thumbnailUrl\":\"https:\/\/infoecos.com.ar\/wp-content\/uploads\/2024\/11\/image-209.png\",\"datePublished\":\"2024-12-03T19:30:44+00:00\",\"dateModified\":\"2024-12-03T19:30:45+00:00\",\"breadcrumb\":{\"@id\":\"https:\/\/infoecos.com.ar\/index.php\/dengue-este-miercoles-continuan-las-jornadas-de-descacharrizacion-en-t-lauquen\/#breadcrumb\"},\"inLanguage\":\"es\",\"potentialAction\":[{\"@type\":\"ReadAction\",\"target\":[\"https:\/\/infoecos.com.ar\/index.php\/dengue-este-miercoles-continuan-las-jornadas-de-descacharrizacion-en-t-lauquen\/\"]}]},{\"@type\":\"ImageObject\",\"inLanguage\":\"es\",\"@id\":\"https:\/\/infoecos.com.ar\/index.php\/dengue-este-miercoles-continuan-las-jornadas-de-descacharrizacion-en-t-lauquen\/#primaryimage\",\"url\":\"https:\/\/infoecos.com.ar\/wp-content\/uploads\/2024\/11\/image-209.png\",\"contentUrl\":\"https:\/\/infoecos.com.ar\/wp-content\/uploads\/2024\/11\/image-209.png\",\"width\":980,\"height\":735},{\"@type\":\"BreadcrumbList\",\"@id\":\"https:\/\/infoecos.com.ar\/index.php\/dengue-este-miercoles-continuan-las-jornadas-de-descacharrizacion-en-t-lauquen\/#breadcrumb\",\"itemListElement\":[{\"@type\":\"ListItem\",\"position\":1,\"name\":\"Portada\",\"item\":\"https:\/\/infoecos.com.ar\/\"},{\"@type\":\"ListItem\",\"position\":2,\"name\":\"Dengue: este mi\u00e9rcoles contin\u00faan las jornadas de descacharrizaci\u00f3n en T.Lauquen\"}]},{\"@type\":\"WebSite\",\"@id\":\"https:\/\/infoecos.com.ar\/#website\",\"url\":\"https:\/\/infoecos.com.ar\/\",\"name\":\"Infoecos\",\"description\":\"Noticias de trenque lauquen y la zona\",\"publisher\":{\"@id\":\"https:\/\/infoecos.com.ar\/#organization\"},\"alternateName\":\"Noticias\",\"potentialAction\":[{\"@type\":\"SearchAction\",\"target\":{\"@type\":\"EntryPoint\",\"urlTemplate\":\"https:\/\/infoecos.com.ar\/?s={search_term_string}\"},\"query-input\":{\"@type\":\"PropertyValueSpecification\",\"valueRequired\":true,\"valueName\":\"search_term_string\"}}],\"inLanguage\":\"es\"},{\"@type\":\"Organization\",\"@id\":\"https:\/\/infoecos.com.ar\/#organization\",\"name\":\"Infoecos\",\"alternateName\":\"Noticias\",\"url\":\"https:\/\/infoecos.com.ar\/\",\"logo\":{\"@type\":\"ImageObject\",\"inLanguage\":\"es\",\"@id\":\"https:\/\/infoecos.com.ar\/#\/schema\/logo\/image\/\",\"url\":\"https:\/\/infoecos.com.ar\/wp-content\/uploads\/2024\/03\/cropped-logo.png\",\"contentUrl\":\"https:\/\/infoecos.com.ar\/wp-content\/uploads\/2024\/03\/cropped-logo.png\",\"width\":374,\"height\":90,\"caption\":\"Infoecos\"},\"image\":{\"@id\":\"https:\/\/infoecos.com.ar\/#\/schema\/logo\/image\/\"},\"sameAs\":[\"https:\/\/www.facebook.com\/profile.php?id=100063200290284\",\"https:\/\/x.com\/infoecos\"]},{\"@type\":\"Person\",\"@id\":\"https:\/\/infoecos.com.ar\/#\/schema\/person\/8f5ace5ce73b4b4aac4b7245aee6f191\",\"name\":\"Jorge Matheus\",\"url\":\"https:\/\/infoecos.com.ar\/index.php\/author\/jomatheus\/\"}]}<\/script>\n<!-- \/ Yoast SEO plugin. -->","yoast_head_json":{"title":"Dengue: este mi\u00e9rcoles contin\u00faan las jornadas de descacharrizaci\u00f3n en T.Lauquen - Infoecos","robots":{"index":"index","follow":"follow","max-snippet":"max-snippet:-1","max-image-preview":"max-image-preview:large","max-video-preview":"max-video-preview:-1"},"canonical":"https:\/\/infoecos.com.ar\/index.php\/dengue-este-miercoles-continuan-las-jornadas-de-descacharrizacion-en-t-lauquen\/","og_locale":"es_ES","og_type":"article","og_title":"Dengue: este mi\u00e9rcoles contin\u00faan las jornadas de descacharrizaci\u00f3n en T.Lauquen - Infoecos","og_description":"En el Barrio Gortari (Carlos Casares y Juan Jos\u00e9 Paso).","og_url":"https:\/\/infoecos.com.ar\/index.php\/dengue-este-miercoles-continuan-las-jornadas-de-descacharrizacion-en-t-lauquen\/","og_site_name":"Infoecos","article_publisher":"https:\/\/www.facebook.com\/profile.php?id=100063200290284","article_published_time":"2024-12-03T19:30:44+00:00","article_modified_time":"2024-12-03T19:30:45+00:00","og_image":[{"width":980,"height":735,"url":"https:\/\/infoecos.com.ar\/wp-content\/uploads\/2024\/11\/image-209.png","type":"image\/png"}],"author":"Jorge Matheus","twitter_card":"summary_large_image","twitter_creator":"@infoecos","twitter_site":"@infoecos","twitter_misc":{"Escrito por":"Jorge Matheus","Tiempo de lectura":"2 minutos"},"schema":{"@context":"https:\/\/schema.org","@graph":[{"@type":"Article","@id":"https:\/\/infoecos.com.ar\/index.php\/dengue-este-miercoles-continuan-las-jornadas-de-descacharrizacion-en-t-lauquen\/#article","isPartOf":{"@id":"https:\/\/infoecos.com.ar\/index.php\/dengue-este-miercoles-continuan-las-jornadas-de-descacharrizacion-en-t-lauquen\/"},"author":{"name":"Jorge Matheus","@id":"https:\/\/infoecos.com.ar\/#\/schema\/person\/8f5ace5ce73b4b4aac4b7245aee6f191"},"headline":"Dengue: este mi\u00e9rcoles contin\u00faan las jornadas de descacharrizaci\u00f3n en T.Lauquen","datePublished":"2024-12-03T19:30:44+00:00","dateModified":"2024-12-03T19:30:45+00:00","mainEntityOfPage":{"@id":"https:\/\/infoecos.com.ar\/index.php\/dengue-este-miercoles-continuan-las-jornadas-de-descacharrizacion-en-t-lauquen\/"},"wordCount":230,"publisher":{"@id":"https:\/\/infoecos.com.ar\/#organization"},"image":{"@id":"https:\/\/infoecos.com.ar\/index.php\/dengue-este-miercoles-continuan-las-jornadas-de-descacharrizacion-en-t-lauquen\/#primaryimage"},"thumbnailUrl":"https:\/\/infoecos.com.ar\/wp-content\/uploads\/2024\/11\/image-209.png","articleSection":["Noticia Secundaria"],"inLanguage":"es"},{"@type":"WebPage","@id":"https:\/\/infoecos.com.ar\/index.php\/dengue-este-miercoles-continuan-las-jornadas-de-descacharrizacion-en-t-lauquen\/","url":"https:\/\/infoecos.com.ar\/index.php\/dengue-este-miercoles-continuan-las-jornadas-de-descacharrizacion-en-t-lauquen\/","name":"Dengue: este mi\u00e9rcoles contin\u00faan las jornadas de descacharrizaci\u00f3n en T.Lauquen - Infoecos","isPartOf":{"@id":"https:\/\/infoecos.com.ar\/#website"},"primaryImageOfPage":{"@id":"https:\/\/infoecos.com.ar\/index.php\/dengue-este-miercoles-continuan-las-jornadas-de-descacharrizacion-en-t-lauquen\/#primaryimage"},"image":{"@id":"https:\/\/infoecos.com.ar\/index.php\/dengue-este-miercoles-continuan-las-jornadas-de-descacharrizacion-en-t-lauquen\/#primaryimage"},"thumbnailUrl":"https:\/\/infoecos.com.ar\/wp-content\/uploads\/2024\/11\/image-209.png","datePublished":"2024-12-03T19:30:44+00:00","dateModified":"2024-12-03T19:30:45+00:00","breadcrumb":{"@id":"https:\/\/infoecos.com.ar\/index.php\/dengue-este-miercoles-continuan-las-jornadas-de-descacharrizacion-en-t-lauquen\/#breadcrumb"},"inLanguage":"es","potentialAction":[{"@type":"ReadAction","target":["https:\/\/infoecos.com.ar\/index.php\/dengue-este-miercoles-continuan-las-jornadas-de-descacharrizacion-en-t-lauquen\/"]}]},{"@type":"ImageObject","inLanguage":"es","@id":"https:\/\/infoecos.com.ar\/index.php\/dengue-este-miercoles-continuan-las-jornadas-de-descacharrizacion-en-t-lauquen\/#primaryimage","url":"https:\/\/infoecos.com.ar\/wp-content\/uploads\/2024\/11\/image-209.png","contentUrl":"https:\/\/infoecos.com.ar\/wp-content\/uploads\/2024\/11\/image-209.png","width":980,"height":735},{"@type":"BreadcrumbList","@id":"https:\/\/infoecos.com.ar\/index.php\/dengue-este-miercoles-continuan-las-jornadas-de-descacharrizacion-en-t-lauquen\/#breadcrumb","itemListElement":[{"@type":"ListItem","position":1,"name":"Portada","item":"https:\/\/infoecos.com.ar\/"},{"@type":"ListItem","position":2,"name":"Dengue: este mi\u00e9rcoles contin\u00faan las jornadas de descacharrizaci\u00f3n en T.Lauquen"}]},{"@type":"WebSite","@id":"https:\/\/infoecos.com.ar\/#website","url":"https:\/\/infoecos.com.ar\/","name":"Infoecos","description":"Noticias de trenque lauquen y la zona","publisher":{"@id":"https:\/\/infoecos.com.ar\/#organization"},"alternateName":"Noticias","potentialAction":[{"@type":"SearchAction","target":{"@type":"EntryPoint","urlTemplate":"https:\/\/infoecos.com.ar\/?s={search_term_string}"},"query-input":{"@type":"PropertyValueSpecification","valueRequired":true,"valueName":"search_term_string"}}],"inLanguage":"es"},{"@type":"Organization","@id":"https:\/\/infoecos.com.ar\/#organization","name":"Infoecos","alternateName":"Noticias","url":"https:\/\/infoecos.com.ar\/","logo":{"@type":"ImageObject","inLanguage":"es","@id":"https:\/\/infoecos.com.ar\/#\/schema\/logo\/image\/","url":"https:\/\/infoecos.com.ar\/wp-content\/uploads\/2024\/03\/cropped-logo.png","contentUrl":"https:\/\/infoecos.com.ar\/wp-content\/uploads\/2024\/03\/cropped-logo.png","width":374,"height":90,"caption":"Infoecos"},"image":{"@id":"https:\/\/infoecos.com.ar\/#\/schema\/logo\/image\/"},"sameAs":["https:\/\/www.facebook.com\/profile.php?id=100063200290284","https:\/\/x.com\/infoecos"]},{"@type":"Person","@id":"https:\/\/infoecos.com.ar\/#\/schema\/person\/8f5ace5ce73b4b4aac4b7245aee6f191","name":"Jorge Matheus","url":"https:\/\/infoecos.com.ar\/index.php\/author\/jomatheus\/"}]}},"featured_image_urls":{"full":["https:\/\/infoecos.com.ar\/wp-content\/uploads\/2024\/11\/image-209.png",980,735,false],"thumbnail":["https:\/\/infoecos.com.ar\/wp-content\/uploads\/2024\/11\/image-209-300x150.png",300,150,true],"medium":["https:\/\/infoecos.com.ar\/wp-content\/uploads\/2024\/11\/image-209-800x600.png",800,600,true],"medium_large":["https:\/\/infoecos.com.ar\/wp-content\/uploads\/2024\/11\/image-209-768x576.png",640,480,true],"large":["https:\/\/infoecos.com.ar\/wp-content\/uploads\/2024\/11\/image-209.png",640,480,false],"1536x1536":["https:\/\/infoecos.com.ar\/wp-content\/uploads\/2024\/11\/image-209.png",980,735,false],"2048x2048":["https:\/\/infoecos.com.ar\/wp-content\/uploads\/2024\/11\/image-209.png",980,735,false],"covernews-slider-full":["https:\/\/infoecos.com.ar\/wp-content\/uploads\/2024\/11\/image-209-980x715.png",980,715,true],"covernews-slider-center":["https:\/\/infoecos.com.ar\/wp-content\/uploads\/2024\/11\/image-209-800x500.png",800,500,true],"covernews-featured":["https:\/\/infoecos.com.ar\/wp-content\/uploads\/2024\/11\/image-209.png",980,735,false],"covernews-medium":["https:\/\/infoecos.com.ar\/wp-content\/uploads\/2024\/11\/image-209-540x340.png",540,340,true],"covernews-medium-square":["https:\/\/infoecos.com.ar\/wp-content\/uploads\/2024\/11\/image-209-400x250.png",400,250,true]},"author_info":{"info":["Jorge Matheus"]},"category_info":"<a href=\"https:\/\/infoecos.com.ar\/index.php\/category\/noticia-secundaria\/\" rel=\"category tag\">Noticia Secundaria<\/a>","tag_info":"Noticia Secundaria","comment_count":"0","_links":{"self":[{"href":"https:\/\/infoecos.com.ar\/index.php\/wp-json\/wp\/v2\/posts\/133707"}],"collection":[{"href":"https:\/\/infoecos.com.ar\/index.php\/wp-json\/wp\/v2\/posts"}],"about":[{"href":"https:\/\/infoecos.com.ar\/index.php\/wp-json\/wp\/v2\/types\/post"}],"author":[{"embeddable":true,"href":"https:\/\/infoecos.com.ar\/index.php\/wp-json\/wp\/v2\/users\/2"}],"replies":[{"embeddable":true,"href":"https:\/\/infoecos.com.ar\/index.php\/wp-json\/wp\/v2\/comments?post=133707"}],"version-history":[{"count":1,"href":"https:\/\/infoecos.com.ar\/index.php\/wp-json\/wp\/v2\/posts\/133707\/revisions"}],"predecessor-version":[{"id":133708,"href":"https:\/\/infoecos.com.ar\/index.php\/wp-json\/wp\/v2\/posts\/133707\/revisions\/133708"}],"wp:featuredmedia":[{"embeddable":true,"href":"https:\/\/infoecos.com.ar\/index.php\/wp-json\/wp\/v2\/media\/132858"}],"wp:attachment":[{"href":"https:\/\/infoecos.com.ar\/index.php\/wp-json\/wp\/v2\/media?parent=133707"}],"wp:term":[{"taxonomy":"category","embeddable":true,"href":"https:\/\/infoecos.com.ar\/index.php\/wp-json\/wp\/v2\/categories?post=133707"},{"taxonomy":"post_tag","embeddable":true,"href":"https:\/\/infoecos.com.ar\/index.php\/wp-json\/wp\/v2\/tags?post=133707"}],"curies":[{"name":"wp","href":"https:\/\/api.w.org\/{rel}","templated":true}]}}