{"id":133934,"date":"2024-12-06T22:16:03","date_gmt":"2024-12-07T01:16:03","guid":{"rendered":"https:\/\/infoecos.com.ar\/?p=133934"},"modified":"2024-12-06T22:16:04","modified_gmt":"2024-12-07T01:16:04","slug":"este-sabado-y-domingo-30-de-agosto-trenque-lauquen-beruti-y-garre-comienzan-a-darle-color-a-la-navidad","status":"publish","type":"post","link":"https:\/\/infoecos.com.ar\/index.php\/este-sabado-y-domingo-30-de-agosto-trenque-lauquen-beruti-y-garre-comienzan-a-darle-color-a-la-navidad\/","title":{"rendered":"Este s\u00e1bado y domingo, 30 de Agosto, Trenque Lauquen, Beruti y Garr\u00e9 comienzan a darle color a la Navidad"},"content":{"rendered":"\n<p>Este s\u00e1bado en 30 de Agosto y el domingo en forma simult\u00e1nea en Trenque Lauquen, Beruti y Garr\u00e9 se realizar\u00e1 el tradicional encendido de los mismos con varias actividades musicales y recreativas.<\/p>\n\n\n\n<figure class=\"wp-block-image aligncenter size-full is-resized\"><img loading=\"lazy\" decoding=\"async\" width=\"899\" height=\"1599\" src=\"https:\/\/infoecos.com.ar\/wp-content\/uploads\/2024\/12\/Arbolito-30-de-Agosto-3.jpeg\" alt=\"\" class=\"wp-image-133935\" style=\"width:398px;height:auto\" srcset=\"https:\/\/infoecos.com.ar\/wp-content\/uploads\/2024\/12\/Arbolito-30-de-Agosto-3.jpeg 899w, https:\/\/infoecos.com.ar\/wp-content\/uploads\/2024\/12\/Arbolito-30-de-Agosto-3-450x800.jpeg 450w, https:\/\/infoecos.com.ar\/wp-content\/uploads\/2024\/12\/Arbolito-30-de-Agosto-3-768x1366.jpeg 768w, https:\/\/infoecos.com.ar\/wp-content\/uploads\/2024\/12\/Arbolito-30-de-Agosto-3-864x1536.jpeg 864w\" sizes=\"(max-width: 899px) 100vw, 899px\" \/><\/figure>\n\n\n\n<p><strong>30 DE AGOSTO<\/strong><\/p>\n\n\n\n<p>En 30 de Agosto el tradicional encendido se realizar\u00e1 hoy a partir de las 18 en Plaza San Mart\u00edn. En este lugar tambi\u00e9n est\u00e1 Pap\u00e1 Noel, un trencito y adornos navide\u00f1os, todo confeccionado con material reciclable aportado por el \u00e1rea de Ambiente del Ente Descentralizado. Habr\u00e1 Feria de Artesanos, Emprendedores y m\u00fasica en vivo.<\/p>\n\n\n\n<p>La actividad es organizada por el Ente Descentralizado de 30 de Agosto y se invita a la comunidad a participar de los festejos.<\/p>\n\n\n\n<figure class=\"wp-block-gallery has-nested-images columns-default is-cropped wp-block-gallery-1 is-layout-flex wp-block-gallery-is-layout-flex\">\n<figure class=\"wp-block-image size-large\"><img loading=\"lazy\" decoding=\"async\" width=\"1375\" height=\"919\" data-id=\"133937\" src=\"https:\/\/infoecos.com.ar\/wp-content\/uploads\/2024\/12\/Arbolito-Trenque-1.jpg\" alt=\"\" class=\"wp-image-133937\" srcset=\"https:\/\/infoecos.com.ar\/wp-content\/uploads\/2024\/12\/Arbolito-Trenque-1.jpg 1375w, https:\/\/infoecos.com.ar\/wp-content\/uploads\/2024\/12\/Arbolito-Trenque-1-800x535.jpg 800w, https:\/\/infoecos.com.ar\/wp-content\/uploads\/2024\/12\/Arbolito-Trenque-1-768x513.jpg 768w, https:\/\/infoecos.com.ar\/wp-content\/uploads\/2024\/12\/Arbolito-Trenque-1-1024x684.jpg 1024w\" sizes=\"(max-width: 1375px) 100vw, 1375px\" \/><\/figure>\n\n\n\n<figure class=\"wp-block-image size-large\"><img loading=\"lazy\" decoding=\"async\" width=\"1375\" height=\"919\" data-id=\"133938\" src=\"https:\/\/infoecos.com.ar\/wp-content\/uploads\/2024\/12\/Arbolito-Trenque.jpg\" alt=\"\" class=\"wp-image-133938\" srcset=\"https:\/\/infoecos.com.ar\/wp-content\/uploads\/2024\/12\/Arbolito-Trenque.jpg 1375w, https:\/\/infoecos.com.ar\/wp-content\/uploads\/2024\/12\/Arbolito-Trenque-800x535.jpg 800w, https:\/\/infoecos.com.ar\/wp-content\/uploads\/2024\/12\/Arbolito-Trenque-768x513.jpg 768w, https:\/\/infoecos.com.ar\/wp-content\/uploads\/2024\/12\/Arbolito-Trenque-1024x684.jpg 1024w\" sizes=\"(max-width: 1375px) 100vw, 1375px\" \/><\/figure>\n<\/figure>\n\n\n\n<p><strong>TRENQUE LAUQUEN<\/strong><\/p>\n\n\n\n<p>En Trenque Lauquen, el encendido del \u00e1rbol se realizar\u00e1 a partir de las 19.30 en Plaza San Mart\u00edn, en el sector en el que tambi\u00e9n quedaron armadas la Casita de Pap\u00e1 Noel y la Casa de los Deseos.<\/p>\n\n\n\n<p>La actividad contar\u00e1 con la participaci\u00f3n de j\u00f3venes de la Parroquia Nuestra Se\u00f1ora de los Dolores, que realizar\u00e1n una representaci\u00f3n de Jes\u00fas y Mar\u00eda despu\u00e9s de la misa en el templo parroquial.<\/p>\n\n\n\n<p>Los Coros Infantil y Juvenil, que dirige Maximiliano Perazzo y la Orquesta Infantil, con su director Gabriel Mansilla, ser\u00e1n parte del evento.<\/p>\n\n\n\n<p>El \u00e1rbol de Navidad y el resto de los adornos navide\u00f1os fueron realizados con material reciclable por personal del Polo Ambiental Trenque Lauquen.<\/p>\n\n\n\n<p>Adem\u00e1s, personal municipal arm\u00f3 arbolitos de Navidad que acompa\u00f1\u00f3 con adornos tem\u00e1ticos en las distintas plazas de la ciudad: Espa\u00f1a, Francia, Brit\u00e1nica e Italia, en los accesos y en el ingreso a la Ampliaci\u00f3n Urbana.<\/p>\n\n\n\n<figure class=\"wp-block-image aligncenter size-full is-resized\"><img loading=\"lazy\" decoding=\"async\" width=\"520\" height=\"900\" src=\"https:\/\/infoecos.com.ar\/wp-content\/uploads\/2024\/12\/Arbolito-de-Beruti.jpeg\" alt=\"\" class=\"wp-image-133936\" style=\"width:364px;height:auto\" srcset=\"https:\/\/infoecos.com.ar\/wp-content\/uploads\/2024\/12\/Arbolito-de-Beruti.jpeg 520w, https:\/\/infoecos.com.ar\/wp-content\/uploads\/2024\/12\/Arbolito-de-Beruti-462x800.jpeg 462w\" sizes=\"(max-width: 520px) 100vw, 520px\" \/><\/figure>\n\n\n\n<p><strong>BERUTI<\/strong><\/p>\n\n\n\n<p>En Beruti, el tradicional encendido del arbolito de Navidad se realizar\u00e1 el pr\u00f3ximo domingo (8) en la Plaza Jos\u00e9 Guazzone. La actividad, organizada por la Delegaci\u00f3n Municipal, comenzar\u00e1 a las 18 y participar\u00e1n el grupo Scout Conrado Villegas y el Coro Parroquial. Habr\u00e1 Feria de Artesanos.<\/p>\n\n\n\n<p><\/p>\n","protected":false},"excerpt":{"rendered":"<p>Se realizar\u00e1 el tradicional encendido de los mismos con varias actividades musicales y recreativas.<\/p>\n","protected":false},"author":2,"featured_media":133935,"comment_status":"closed","ping_status":"open","sticky":false,"template":"","format":"standard","meta":{"footnotes":""},"categories":[1612],"tags":[],"class_list":["post-133934","post","type-post","status-publish","format-standard","has-post-thumbnail","hentry","category-noticia-principal"],"yoast_head":"<!-- This site is optimized with the Yoast SEO plugin v23.4 - https:\/\/yoast.com\/wordpress\/plugins\/seo\/ -->\n<title>Este s\u00e1bado y domingo, 30 de Agosto, Trenque Lauquen, Beruti y Garr\u00e9 comienzan a darle color a la Navidad - Infoecos<\/title>\n<meta name=\"robots\" content=\"index, follow, max-snippet:-1, max-image-preview:large, max-video-preview:-1\" \/>\n<link rel=\"canonical\" href=\"https:\/\/infoecos.com.ar\/index.php\/este-sabado-y-domingo-30-de-agosto-trenque-lauquen-beruti-y-garre-comienzan-a-darle-color-a-la-navidad\/\" \/>\n<meta property=\"og:locale\" content=\"es_ES\" \/>\n<meta property=\"og:type\" content=\"article\" \/>\n<meta property=\"og:title\" content=\"Este s\u00e1bado y domingo, 30 de Agosto, Trenque Lauquen, Beruti y Garr\u00e9 comienzan a darle color a la Navidad - Infoecos\" \/>\n<meta property=\"og:description\" content=\"Se realizar\u00e1 el tradicional encendido de los mismos con varias actividades musicales y recreativas.\" \/>\n<meta property=\"og:url\" content=\"https:\/\/infoecos.com.ar\/index.php\/este-sabado-y-domingo-30-de-agosto-trenque-lauquen-beruti-y-garre-comienzan-a-darle-color-a-la-navidad\/\" \/>\n<meta property=\"og:site_name\" content=\"Infoecos\" \/>\n<meta property=\"article:publisher\" content=\"https:\/\/www.facebook.com\/profile.php?id=100063200290284\" \/>\n<meta property=\"article:published_time\" content=\"2024-12-07T01:16:03+00:00\" \/>\n<meta property=\"article:modified_time\" content=\"2024-12-07T01:16:04+00:00\" \/>\n<meta property=\"og:image\" content=\"https:\/\/infoecos.com.ar\/wp-content\/uploads\/2024\/12\/Arbolito-30-de-Agosto-3.jpeg\" \/>\n\t<meta property=\"og:image:width\" content=\"899\" \/>\n\t<meta property=\"og:image:height\" content=\"1599\" \/>\n\t<meta property=\"og:image:type\" content=\"image\/jpeg\" \/>\n<meta name=\"author\" content=\"Jorge Matheus\" \/>\n<meta name=\"twitter:card\" content=\"summary_large_image\" \/>\n<meta name=\"twitter:creator\" content=\"@infoecos\" \/>\n<meta name=\"twitter:site\" content=\"@infoecos\" \/>\n<meta name=\"twitter:label1\" content=\"Escrito por\" \/>\n\t<meta name=\"twitter:data1\" content=\"Jorge Matheus\" \/>\n\t<meta name=\"twitter:label2\" content=\"Tiempo de lectura\" \/>\n\t<meta name=\"twitter:data2\" content=\"3 minutos\" \/>\n<script type=\"application\/ld+json\" class=\"yoast-schema-graph\">{\"@context\":\"https:\/\/schema.org\",\"@graph\":[{\"@type\":\"Article\",\"@id\":\"https:\/\/infoecos.com.ar\/index.php\/este-sabado-y-domingo-30-de-agosto-trenque-lauquen-beruti-y-garre-comienzan-a-darle-color-a-la-navidad\/#article\",\"isPartOf\":{\"@id\":\"https:\/\/infoecos.com.ar\/index.php\/este-sabado-y-domingo-30-de-agosto-trenque-lauquen-beruti-y-garre-comienzan-a-darle-color-a-la-navidad\/\"},\"author\":{\"name\":\"Jorge Matheus\",\"@id\":\"https:\/\/infoecos.com.ar\/#\/schema\/person\/8f5ace5ce73b4b4aac4b7245aee6f191\"},\"headline\":\"Este s\u00e1bado y domingo, 30 de Agosto, Trenque Lauquen, Beruti y Garr\u00e9 comienzan a darle color a la Navidad\",\"datePublished\":\"2024-12-07T01:16:03+00:00\",\"dateModified\":\"2024-12-07T01:16:04+00:00\",\"mainEntityOfPage\":{\"@id\":\"https:\/\/infoecos.com.ar\/index.php\/este-sabado-y-domingo-30-de-agosto-trenque-lauquen-beruti-y-garre-comienzan-a-darle-color-a-la-navidad\/\"},\"wordCount\":348,\"publisher\":{\"@id\":\"https:\/\/infoecos.com.ar\/#organization\"},\"image\":{\"@id\":\"https:\/\/infoecos.com.ar\/index.php\/este-sabado-y-domingo-30-de-agosto-trenque-lauquen-beruti-y-garre-comienzan-a-darle-color-a-la-navidad\/#primaryimage\"},\"thumbnailUrl\":\"https:\/\/infoecos.com.ar\/wp-content\/uploads\/2024\/12\/Arbolito-30-de-Agosto-3.jpeg\",\"articleSection\":[\"Noticia Principal\"],\"inLanguage\":\"es\"},{\"@type\":\"WebPage\",\"@id\":\"https:\/\/infoecos.com.ar\/index.php\/este-sabado-y-domingo-30-de-agosto-trenque-lauquen-beruti-y-garre-comienzan-a-darle-color-a-la-navidad\/\",\"url\":\"https:\/\/infoecos.com.ar\/index.php\/este-sabado-y-domingo-30-de-agosto-trenque-lauquen-beruti-y-garre-comienzan-a-darle-color-a-la-navidad\/\",\"name\":\"Este s\u00e1bado y domingo, 30 de Agosto, Trenque Lauquen, Beruti y Garr\u00e9 comienzan a darle color a la Navidad - Infoecos\",\"isPartOf\":{\"@id\":\"https:\/\/infoecos.com.ar\/#website\"},\"primaryImageOfPage\":{\"@id\":\"https:\/\/infoecos.com.ar\/index.php\/este-sabado-y-domingo-30-de-agosto-trenque-lauquen-beruti-y-garre-comienzan-a-darle-color-a-la-navidad\/#primaryimage\"},\"image\":{\"@id\":\"https:\/\/infoecos.com.ar\/index.php\/este-sabado-y-domingo-30-de-agosto-trenque-lauquen-beruti-y-garre-comienzan-a-darle-color-a-la-navidad\/#primaryimage\"},\"thumbnailUrl\":\"https:\/\/infoecos.com.ar\/wp-content\/uploads\/2024\/12\/Arbolito-30-de-Agosto-3.jpeg\",\"datePublished\":\"2024-12-07T01:16:03+00:00\",\"dateModified\":\"2024-12-07T01:16:04+00:00\",\"breadcrumb\":{\"@id\":\"https:\/\/infoecos.com.ar\/index.php\/este-sabado-y-domingo-30-de-agosto-trenque-lauquen-beruti-y-garre-comienzan-a-darle-color-a-la-navidad\/#breadcrumb\"},\"inLanguage\":\"es\",\"potentialAction\":[{\"@type\":\"ReadAction\",\"target\":[\"https:\/\/infoecos.com.ar\/index.php\/este-sabado-y-domingo-30-de-agosto-trenque-lauquen-beruti-y-garre-comienzan-a-darle-color-a-la-navidad\/\"]}]},{\"@type\":\"ImageObject\",\"inLanguage\":\"es\",\"@id\":\"https:\/\/infoecos.com.ar\/index.php\/este-sabado-y-domingo-30-de-agosto-trenque-lauquen-beruti-y-garre-comienzan-a-darle-color-a-la-navidad\/#primaryimage\",\"url\":\"https:\/\/infoecos.com.ar\/wp-content\/uploads\/2024\/12\/Arbolito-30-de-Agosto-3.jpeg\",\"contentUrl\":\"https:\/\/infoecos.com.ar\/wp-content\/uploads\/2024\/12\/Arbolito-30-de-Agosto-3.jpeg\",\"width\":899,\"height\":1599},{\"@type\":\"BreadcrumbList\",\"@id\":\"https:\/\/infoecos.com.ar\/index.php\/este-sabado-y-domingo-30-de-agosto-trenque-lauquen-beruti-y-garre-comienzan-a-darle-color-a-la-navidad\/#breadcrumb\",\"itemListElement\":[{\"@type\":\"ListItem\",\"position\":1,\"name\":\"Portada\",\"item\":\"https:\/\/infoecos.com.ar\/\"},{\"@type\":\"ListItem\",\"position\":2,\"name\":\"Este s\u00e1bado y domingo, 30 de Agosto, Trenque Lauquen, Beruti y Garr\u00e9 comienzan a darle color a la Navidad\"}]},{\"@type\":\"WebSite\",\"@id\":\"https:\/\/infoecos.com.ar\/#website\",\"url\":\"https:\/\/infoecos.com.ar\/\",\"name\":\"Infoecos\",\"description\":\"Noticias de trenque lauquen y la zona\",\"publisher\":{\"@id\":\"https:\/\/infoecos.com.ar\/#organization\"},\"alternateName\":\"Noticias\",\"potentialAction\":[{\"@type\":\"SearchAction\",\"target\":{\"@type\":\"EntryPoint\",\"urlTemplate\":\"https:\/\/infoecos.com.ar\/?s={search_term_string}\"},\"query-input\":{\"@type\":\"PropertyValueSpecification\",\"valueRequired\":true,\"valueName\":\"search_term_string\"}}],\"inLanguage\":\"es\"},{\"@type\":\"Organization\",\"@id\":\"https:\/\/infoecos.com.ar\/#organization\",\"name\":\"Infoecos\",\"alternateName\":\"Noticias\",\"url\":\"https:\/\/infoecos.com.ar\/\",\"logo\":{\"@type\":\"ImageObject\",\"inLanguage\":\"es\",\"@id\":\"https:\/\/infoecos.com.ar\/#\/schema\/logo\/image\/\",\"url\":\"https:\/\/infoecos.com.ar\/wp-content\/uploads\/2024\/03\/cropped-logo.png\",\"contentUrl\":\"https:\/\/infoecos.com.ar\/wp-content\/uploads\/2024\/03\/cropped-logo.png\",\"width\":374,\"height\":90,\"caption\":\"Infoecos\"},\"image\":{\"@id\":\"https:\/\/infoecos.com.ar\/#\/schema\/logo\/image\/\"},\"sameAs\":[\"https:\/\/www.facebook.com\/profile.php?id=100063200290284\",\"https:\/\/x.com\/infoecos\"]},{\"@type\":\"Person\",\"@id\":\"https:\/\/infoecos.com.ar\/#\/schema\/person\/8f5ace5ce73b4b4aac4b7245aee6f191\",\"name\":\"Jorge Matheus\",\"url\":\"https:\/\/infoecos.com.ar\/index.php\/author\/jomatheus\/\"}]}<\/script>\n<!-- \/ Yoast SEO plugin. -->","yoast_head_json":{"title":"Este s\u00e1bado y domingo, 30 de Agosto, Trenque Lauquen, Beruti y Garr\u00e9 comienzan a darle color a la Navidad - Infoecos","robots":{"index":"index","follow":"follow","max-snippet":"max-snippet:-1","max-image-preview":"max-image-preview:large","max-video-preview":"max-video-preview:-1"},"canonical":"https:\/\/infoecos.com.ar\/index.php\/este-sabado-y-domingo-30-de-agosto-trenque-lauquen-beruti-y-garre-comienzan-a-darle-color-a-la-navidad\/","og_locale":"es_ES","og_type":"article","og_title":"Este s\u00e1bado y domingo, 30 de Agosto, Trenque Lauquen, Beruti y Garr\u00e9 comienzan a darle color a la Navidad - Infoecos","og_description":"Se realizar\u00e1 el tradicional encendido de los mismos con varias actividades musicales y recreativas.","og_url":"https:\/\/infoecos.com.ar\/index.php\/este-sabado-y-domingo-30-de-agosto-trenque-lauquen-beruti-y-garre-comienzan-a-darle-color-a-la-navidad\/","og_site_name":"Infoecos","article_publisher":"https:\/\/www.facebook.com\/profile.php?id=100063200290284","article_published_time":"2024-12-07T01:16:03+00:00","article_modified_time":"2024-12-07T01:16:04+00:00","og_image":[{"width":899,"height":1599,"url":"https:\/\/infoecos.com.ar\/wp-content\/uploads\/2024\/12\/Arbolito-30-de-Agosto-3.jpeg","type":"image\/jpeg"}],"author":"Jorge Matheus","twitter_card":"summary_large_image","twitter_creator":"@infoecos","twitter_site":"@infoecos","twitter_misc":{"Escrito por":"Jorge Matheus","Tiempo de lectura":"3 minutos"},"schema":{"@context":"https:\/\/schema.org","@graph":[{"@type":"Article","@id":"https:\/\/infoecos.com.ar\/index.php\/este-sabado-y-domingo-30-de-agosto-trenque-lauquen-beruti-y-garre-comienzan-a-darle-color-a-la-navidad\/#article","isPartOf":{"@id":"https:\/\/infoecos.com.ar\/index.php\/este-sabado-y-domingo-30-de-agosto-trenque-lauquen-beruti-y-garre-comienzan-a-darle-color-a-la-navidad\/"},"author":{"name":"Jorge Matheus","@id":"https:\/\/infoecos.com.ar\/#\/schema\/person\/8f5ace5ce73b4b4aac4b7245aee6f191"},"headline":"Este s\u00e1bado y domingo, 30 de Agosto, Trenque Lauquen, Beruti y Garr\u00e9 comienzan a darle color a la Navidad","datePublished":"2024-12-07T01:16:03+00:00","dateModified":"2024-12-07T01:16:04+00:00","mainEntityOfPage":{"@id":"https:\/\/infoecos.com.ar\/index.php\/este-sabado-y-domingo-30-de-agosto-trenque-lauquen-beruti-y-garre-comienzan-a-darle-color-a-la-navidad\/"},"wordCount":348,"publisher":{"@id":"https:\/\/infoecos.com.ar\/#organization"},"image":{"@id":"https:\/\/infoecos.com.ar\/index.php\/este-sabado-y-domingo-30-de-agosto-trenque-lauquen-beruti-y-garre-comienzan-a-darle-color-a-la-navidad\/#primaryimage"},"thumbnailUrl":"https:\/\/infoecos.com.ar\/wp-content\/uploads\/2024\/12\/Arbolito-30-de-Agosto-3.jpeg","articleSection":["Noticia Principal"],"inLanguage":"es"},{"@type":"WebPage","@id":"https:\/\/infoecos.com.ar\/index.php\/este-sabado-y-domingo-30-de-agosto-trenque-lauquen-beruti-y-garre-comienzan-a-darle-color-a-la-navidad\/","url":"https:\/\/infoecos.com.ar\/index.php\/este-sabado-y-domingo-30-de-agosto-trenque-lauquen-beruti-y-garre-comienzan-a-darle-color-a-la-navidad\/","name":"Este s\u00e1bado y domingo, 30 de Agosto, Trenque Lauquen, Beruti y Garr\u00e9 comienzan a darle color a la Navidad - Infoecos","isPartOf":{"@id":"https:\/\/infoecos.com.ar\/#website"},"primaryImageOfPage":{"@id":"https:\/\/infoecos.com.ar\/index.php\/este-sabado-y-domingo-30-de-agosto-trenque-lauquen-beruti-y-garre-comienzan-a-darle-color-a-la-navidad\/#primaryimage"},"image":{"@id":"https:\/\/infoecos.com.ar\/index.php\/este-sabado-y-domingo-30-de-agosto-trenque-lauquen-beruti-y-garre-comienzan-a-darle-color-a-la-navidad\/#primaryimage"},"thumbnailUrl":"https:\/\/infoecos.com.ar\/wp-content\/uploads\/2024\/12\/Arbolito-30-de-Agosto-3.jpeg","datePublished":"2024-12-07T01:16:03+00:00","dateModified":"2024-12-07T01:16:04+00:00","breadcrumb":{"@id":"https:\/\/infoecos.com.ar\/index.php\/este-sabado-y-domingo-30-de-agosto-trenque-lauquen-beruti-y-garre-comienzan-a-darle-color-a-la-navidad\/#breadcrumb"},"inLanguage":"es","potentialAction":[{"@type":"ReadAction","target":["https:\/\/infoecos.com.ar\/index.php\/este-sabado-y-domingo-30-de-agosto-trenque-lauquen-beruti-y-garre-comienzan-a-darle-color-a-la-navidad\/"]}]},{"@type":"ImageObject","inLanguage":"es","@id":"https:\/\/infoecos.com.ar\/index.php\/este-sabado-y-domingo-30-de-agosto-trenque-lauquen-beruti-y-garre-comienzan-a-darle-color-a-la-navidad\/#primaryimage","url":"https:\/\/infoecos.com.ar\/wp-content\/uploads\/2024\/12\/Arbolito-30-de-Agosto-3.jpeg","contentUrl":"https:\/\/infoecos.com.ar\/wp-content\/uploads\/2024\/12\/Arbolito-30-de-Agosto-3.jpeg","width":899,"height":1599},{"@type":"BreadcrumbList","@id":"https:\/\/infoecos.com.ar\/index.php\/este-sabado-y-domingo-30-de-agosto-trenque-lauquen-beruti-y-garre-comienzan-a-darle-color-a-la-navidad\/#breadcrumb","itemListElement":[{"@type":"ListItem","position":1,"name":"Portada","item":"https:\/\/infoecos.com.ar\/"},{"@type":"ListItem","position":2,"name":"Este s\u00e1bado y domingo, 30 de Agosto, Trenque Lauquen, Beruti y Garr\u00e9 comienzan a darle color a la Navidad"}]},{"@type":"WebSite","@id":"https:\/\/infoecos.com.ar\/#website","url":"https:\/\/infoecos.com.ar\/","name":"Infoecos","description":"Noticias de trenque lauquen y la zona","publisher":{"@id":"https:\/\/infoecos.com.ar\/#organization"},"alternateName":"Noticias","potentialAction":[{"@type":"SearchAction","target":{"@type":"EntryPoint","urlTemplate":"https:\/\/infoecos.com.ar\/?s={search_term_string}"},"query-input":{"@type":"PropertyValueSpecification","valueRequired":true,"valueName":"search_term_string"}}],"inLanguage":"es"},{"@type":"Organization","@id":"https:\/\/infoecos.com.ar\/#organization","name":"Infoecos","alternateName":"Noticias","url":"https:\/\/infoecos.com.ar\/","logo":{"@type":"ImageObject","inLanguage":"es","@id":"https:\/\/infoecos.com.ar\/#\/schema\/logo\/image\/","url":"https:\/\/infoecos.com.ar\/wp-content\/uploads\/2024\/03\/cropped-logo.png","contentUrl":"https:\/\/infoecos.com.ar\/wp-content\/uploads\/2024\/03\/cropped-logo.png","width":374,"height":90,"caption":"Infoecos"},"image":{"@id":"https:\/\/infoecos.com.ar\/#\/schema\/logo\/image\/"},"sameAs":["https:\/\/www.facebook.com\/profile.php?id=100063200290284","https:\/\/x.com\/infoecos"]},{"@type":"Person","@id":"https:\/\/infoecos.com.ar\/#\/schema\/person\/8f5ace5ce73b4b4aac4b7245aee6f191","name":"Jorge Matheus","url":"https:\/\/infoecos.com.ar\/index.php\/author\/jomatheus\/"}]}},"featured_image_urls":{"full":["https:\/\/infoecos.com.ar\/wp-content\/uploads\/2024\/12\/Arbolito-30-de-Agosto-3.jpeg",899,1599,false],"thumbnail":["https:\/\/infoecos.com.ar\/wp-content\/uploads\/2024\/12\/Arbolito-30-de-Agosto-3-300x150.jpeg",300,150,true],"medium":["https:\/\/infoecos.com.ar\/wp-content\/uploads\/2024\/12\/Arbolito-30-de-Agosto-3-450x800.jpeg",450,800,true],"medium_large":["https:\/\/infoecos.com.ar\/wp-content\/uploads\/2024\/12\/Arbolito-30-de-Agosto-3-768x1366.jpeg",640,1138,true],"large":["https:\/\/infoecos.com.ar\/wp-content\/uploads\/2024\/12\/Arbolito-30-de-Agosto-3.jpeg",640,1138,false],"1536x1536":["https:\/\/infoecos.com.ar\/wp-content\/uploads\/2024\/12\/Arbolito-30-de-Agosto-3-864x1536.jpeg",864,1536,true],"2048x2048":["https:\/\/infoecos.com.ar\/wp-content\/uploads\/2024\/12\/Arbolito-30-de-Agosto-3.jpeg",899,1599,false],"covernews-slider-full":["https:\/\/infoecos.com.ar\/wp-content\/uploads\/2024\/12\/Arbolito-30-de-Agosto-3-899x715.jpeg",899,715,true],"covernews-slider-center":["https:\/\/infoecos.com.ar\/wp-content\/uploads\/2024\/12\/Arbolito-30-de-Agosto-3-800x500.jpeg",800,500,true],"covernews-featured":["https:\/\/infoecos.com.ar\/wp-content\/uploads\/2024\/12\/Arbolito-30-de-Agosto-3.jpeg",899,1599,false],"covernews-medium":["https:\/\/infoecos.com.ar\/wp-content\/uploads\/2024\/12\/Arbolito-30-de-Agosto-3-540x340.jpeg",540,340,true],"covernews-medium-square":["https:\/\/infoecos.com.ar\/wp-content\/uploads\/2024\/12\/Arbolito-30-de-Agosto-3-400x250.jpeg",400,250,true]},"author_info":{"info":["Jorge Matheus"]},"category_info":"<a href=\"https:\/\/infoecos.com.ar\/index.php\/category\/noticia-principal\/\" rel=\"category tag\">Noticia Principal<\/a>","tag_info":"Noticia Principal","comment_count":"0","_links":{"self":[{"href":"https:\/\/infoecos.com.ar\/index.php\/wp-json\/wp\/v2\/posts\/133934"}],"collection":[{"href":"https:\/\/infoecos.com.ar\/index.php\/wp-json\/wp\/v2\/posts"}],"about":[{"href":"https:\/\/infoecos.com.ar\/index.php\/wp-json\/wp\/v2\/types\/post"}],"author":[{"embeddable":true,"href":"https:\/\/infoecos.com.ar\/index.php\/wp-json\/wp\/v2\/users\/2"}],"replies":[{"embeddable":true,"href":"https:\/\/infoecos.com.ar\/index.php\/wp-json\/wp\/v2\/comments?post=133934"}],"version-history":[{"count":1,"href":"https:\/\/infoecos.com.ar\/index.php\/wp-json\/wp\/v2\/posts\/133934\/revisions"}],"predecessor-version":[{"id":133939,"href":"https:\/\/infoecos.com.ar\/index.php\/wp-json\/wp\/v2\/posts\/133934\/revisions\/133939"}],"wp:featuredmedia":[{"embeddable":true,"href":"https:\/\/infoecos.com.ar\/index.php\/wp-json\/wp\/v2\/media\/133935"}],"wp:attachment":[{"href":"https:\/\/infoecos.com.ar\/index.php\/wp-json\/wp\/v2\/media?parent=133934"}],"wp:term":[{"taxonomy":"category","embeddable":true,"href":"https:\/\/infoecos.com.ar\/index.php\/wp-json\/wp\/v2\/categories?post=133934"},{"taxonomy":"post_tag","embeddable":true,"href":"https:\/\/infoecos.com.ar\/index.php\/wp-json\/wp\/v2\/tags?post=133934"}],"curies":[{"name":"wp","href":"https:\/\/api.w.org\/{rel}","templated":true}]}}