{"id":133940,"date":"2024-12-06T23:03:45","date_gmt":"2024-12-07T02:03:45","guid":{"rendered":"https:\/\/infoecos.com.ar\/?p=133940"},"modified":"2024-12-09T00:51:11","modified_gmt":"2024-12-09T03:51:11","slug":"en-garre-al-arbolito-de-navidad-se-suma-el-nombre-de-francisco-zubillaga-sangronis-a-la-plazoleta-y-nuevas-luminarias","status":"publish","type":"post","link":"https:\/\/infoecos.com.ar\/index.php\/en-garre-al-arbolito-de-navidad-se-suma-el-nombre-de-francisco-zubillaga-sangronis-a-la-plazoleta-y-nuevas-luminarias\/","title":{"rendered":"En Garr\u00e9 al arbolito de Navidad se suma el nombre de Francisco Zubillaga Sangronis a la Plazoleta, y nuevas luminarias"},"content":{"rendered":"\n<p>El domingo en Garr\u00e9 al tradicional encendido del arbolito de Navidad se le sumar\u00e1 la imposici\u00f3n del nombre de Francisco Zubillaga Sangronis a la Plazoleta y la presentaci\u00f3n de las nuevas luminarias.<\/p>\n\n\n\n<figure class=\"wp-block-image aligncenter size-full\"><img loading=\"lazy\" decoding=\"async\" width=\"479\" height=\"217\" src=\"https:\/\/infoecos.com.ar\/wp-content\/uploads\/2024\/10\/image-132.png\" alt=\"\" class=\"wp-image-130994\"\/><\/figure>\n\n\n\n<p>A partir de una iniciativa de la Sociedad de Fomento \u201cRenacer\u201d Garr\u00e9, que fue presentada en el Concejo Deliberante se realizar\u00e1 la imposici\u00f3n del nombre a la Plazoleta donde fue armado el \u00c1rbol de Navidad.<\/p>\n\n\n\n<p>Despu\u00e9s de la presentaci\u00f3n de las luminarias se realizar\u00e1 el encendido. Se reubicaron 37 columnas de alumbrado p\u00fablico que no estaban en funcionamiento, en los dos accesos al pueblo, todas equipadas con nuevos artefactos LED de 100 Watts de potencia.<\/p>\n\n\n\n<p>Se realiz\u00f3 un recambio de luminarias de alumbrado p\u00fablico de sodio a LED dentro de la planta urbana. Tambi\u00e9n se actualizaron todas las luminarias de alumbrado peatonal de sodio a LED. Por \u00faltimo, se repintaron todas las columnas de alumbrado, tanto peatonal como p\u00fablico.<\/p>\n","protected":false},"excerpt":{"rendered":"<p>Se reubicaron 37 columnas de alumbrado p\u00fablico que no estaban en funcionamiento, en los dos accesos al pueblo, todas equipadas con nuevos artefactos LED de 100 Watts de potencia.<\/p>\n","protected":false},"author":2,"featured_media":130994,"comment_status":"closed","ping_status":"open","sticky":false,"template":"","format":"standard","meta":{"footnotes":""},"categories":[1613],"tags":[],"class_list":["post-133940","post","type-post","status-publish","format-standard","has-post-thumbnail","hentry","category-noticia-secundaria"],"yoast_head":"<!-- This site is optimized with the Yoast SEO plugin v23.4 - https:\/\/yoast.com\/wordpress\/plugins\/seo\/ -->\n<title>En Garr\u00e9 al arbolito de Navidad se suma el nombre de Francisco Zubillaga Sangronis a la Plazoleta, y nuevas luminarias - Infoecos<\/title>\n<meta name=\"robots\" content=\"index, follow, max-snippet:-1, max-image-preview:large, max-video-preview:-1\" \/>\n<link rel=\"canonical\" href=\"https:\/\/infoecos.com.ar\/index.php\/en-garre-al-arbolito-de-navidad-se-suma-el-nombre-de-francisco-zubillaga-sangronis-a-la-plazoleta-y-nuevas-luminarias\/\" \/>\n<meta property=\"og:locale\" content=\"es_ES\" \/>\n<meta property=\"og:type\" content=\"article\" \/>\n<meta property=\"og:title\" content=\"En Garr\u00e9 al arbolito de Navidad se suma el nombre de Francisco Zubillaga Sangronis a la Plazoleta, y nuevas luminarias - Infoecos\" \/>\n<meta property=\"og:description\" content=\"Se reubicaron 37 columnas de alumbrado p\u00fablico que no estaban en funcionamiento, en los dos accesos al pueblo, todas equipadas con nuevos artefactos LED de 100 Watts de potencia.\" \/>\n<meta property=\"og:url\" content=\"https:\/\/infoecos.com.ar\/index.php\/en-garre-al-arbolito-de-navidad-se-suma-el-nombre-de-francisco-zubillaga-sangronis-a-la-plazoleta-y-nuevas-luminarias\/\" \/>\n<meta property=\"og:site_name\" content=\"Infoecos\" \/>\n<meta property=\"article:publisher\" content=\"https:\/\/www.facebook.com\/profile.php?id=100063200290284\" \/>\n<meta property=\"article:published_time\" content=\"2024-12-07T02:03:45+00:00\" \/>\n<meta property=\"article:modified_time\" content=\"2024-12-09T03:51:11+00:00\" \/>\n<meta property=\"og:image\" content=\"https:\/\/infoecos.com.ar\/wp-content\/uploads\/2024\/10\/image-132.png\" \/>\n\t<meta property=\"og:image:width\" content=\"479\" \/>\n\t<meta property=\"og:image:height\" content=\"217\" \/>\n\t<meta property=\"og:image:type\" content=\"image\/png\" \/>\n<meta name=\"author\" content=\"Jorge Matheus\" \/>\n<meta name=\"twitter:card\" content=\"summary_large_image\" \/>\n<meta name=\"twitter:creator\" content=\"@infoecos\" \/>\n<meta name=\"twitter:site\" content=\"@infoecos\" \/>\n<meta name=\"twitter:label1\" content=\"Escrito por\" \/>\n\t<meta name=\"twitter:data1\" content=\"Jorge Matheus\" \/>\n\t<meta name=\"twitter:label2\" content=\"Tiempo de lectura\" \/>\n\t<meta name=\"twitter:data2\" content=\"2 minutos\" \/>\n<script type=\"application\/ld+json\" class=\"yoast-schema-graph\">{\"@context\":\"https:\/\/schema.org\",\"@graph\":[{\"@type\":\"Article\",\"@id\":\"https:\/\/infoecos.com.ar\/index.php\/en-garre-al-arbolito-de-navidad-se-suma-el-nombre-de-francisco-zubillaga-sangronis-a-la-plazoleta-y-nuevas-luminarias\/#article\",\"isPartOf\":{\"@id\":\"https:\/\/infoecos.com.ar\/index.php\/en-garre-al-arbolito-de-navidad-se-suma-el-nombre-de-francisco-zubillaga-sangronis-a-la-plazoleta-y-nuevas-luminarias\/\"},\"author\":{\"name\":\"Jorge Matheus\",\"@id\":\"https:\/\/infoecos.com.ar\/#\/schema\/person\/8f5ace5ce73b4b4aac4b7245aee6f191\"},\"headline\":\"En Garr\u00e9 al arbolito de Navidad se suma el nombre de Francisco Zubillaga Sangronis a la Plazoleta, y nuevas luminarias\",\"datePublished\":\"2024-12-07T02:03:45+00:00\",\"dateModified\":\"2024-12-09T03:51:11+00:00\",\"mainEntityOfPage\":{\"@id\":\"https:\/\/infoecos.com.ar\/index.php\/en-garre-al-arbolito-de-navidad-se-suma-el-nombre-de-francisco-zubillaga-sangronis-a-la-plazoleta-y-nuevas-luminarias\/\"},\"wordCount\":178,\"publisher\":{\"@id\":\"https:\/\/infoecos.com.ar\/#organization\"},\"image\":{\"@id\":\"https:\/\/infoecos.com.ar\/index.php\/en-garre-al-arbolito-de-navidad-se-suma-el-nombre-de-francisco-zubillaga-sangronis-a-la-plazoleta-y-nuevas-luminarias\/#primaryimage\"},\"thumbnailUrl\":\"https:\/\/infoecos.com.ar\/wp-content\/uploads\/2024\/10\/image-132.png\",\"articleSection\":[\"Noticia Secundaria\"],\"inLanguage\":\"es\"},{\"@type\":\"WebPage\",\"@id\":\"https:\/\/infoecos.com.ar\/index.php\/en-garre-al-arbolito-de-navidad-se-suma-el-nombre-de-francisco-zubillaga-sangronis-a-la-plazoleta-y-nuevas-luminarias\/\",\"url\":\"https:\/\/infoecos.com.ar\/index.php\/en-garre-al-arbolito-de-navidad-se-suma-el-nombre-de-francisco-zubillaga-sangronis-a-la-plazoleta-y-nuevas-luminarias\/\",\"name\":\"En Garr\u00e9 al arbolito de Navidad se suma el nombre de Francisco Zubillaga Sangronis a la Plazoleta, y nuevas luminarias - Infoecos\",\"isPartOf\":{\"@id\":\"https:\/\/infoecos.com.ar\/#website\"},\"primaryImageOfPage\":{\"@id\":\"https:\/\/infoecos.com.ar\/index.php\/en-garre-al-arbolito-de-navidad-se-suma-el-nombre-de-francisco-zubillaga-sangronis-a-la-plazoleta-y-nuevas-luminarias\/#primaryimage\"},\"image\":{\"@id\":\"https:\/\/infoecos.com.ar\/index.php\/en-garre-al-arbolito-de-navidad-se-suma-el-nombre-de-francisco-zubillaga-sangronis-a-la-plazoleta-y-nuevas-luminarias\/#primaryimage\"},\"thumbnailUrl\":\"https:\/\/infoecos.com.ar\/wp-content\/uploads\/2024\/10\/image-132.png\",\"datePublished\":\"2024-12-07T02:03:45+00:00\",\"dateModified\":\"2024-12-09T03:51:11+00:00\",\"breadcrumb\":{\"@id\":\"https:\/\/infoecos.com.ar\/index.php\/en-garre-al-arbolito-de-navidad-se-suma-el-nombre-de-francisco-zubillaga-sangronis-a-la-plazoleta-y-nuevas-luminarias\/#breadcrumb\"},\"inLanguage\":\"es\",\"potentialAction\":[{\"@type\":\"ReadAction\",\"target\":[\"https:\/\/infoecos.com.ar\/index.php\/en-garre-al-arbolito-de-navidad-se-suma-el-nombre-de-francisco-zubillaga-sangronis-a-la-plazoleta-y-nuevas-luminarias\/\"]}]},{\"@type\":\"ImageObject\",\"inLanguage\":\"es\",\"@id\":\"https:\/\/infoecos.com.ar\/index.php\/en-garre-al-arbolito-de-navidad-se-suma-el-nombre-de-francisco-zubillaga-sangronis-a-la-plazoleta-y-nuevas-luminarias\/#primaryimage\",\"url\":\"https:\/\/infoecos.com.ar\/wp-content\/uploads\/2024\/10\/image-132.png\",\"contentUrl\":\"https:\/\/infoecos.com.ar\/wp-content\/uploads\/2024\/10\/image-132.png\",\"width\":479,\"height\":217},{\"@type\":\"BreadcrumbList\",\"@id\":\"https:\/\/infoecos.com.ar\/index.php\/en-garre-al-arbolito-de-navidad-se-suma-el-nombre-de-francisco-zubillaga-sangronis-a-la-plazoleta-y-nuevas-luminarias\/#breadcrumb\",\"itemListElement\":[{\"@type\":\"ListItem\",\"position\":1,\"name\":\"Portada\",\"item\":\"https:\/\/infoecos.com.ar\/\"},{\"@type\":\"ListItem\",\"position\":2,\"name\":\"En Garr\u00e9 al arbolito de Navidad se suma el nombre de Francisco Zubillaga Sangronis a la Plazoleta, y nuevas luminarias\"}]},{\"@type\":\"WebSite\",\"@id\":\"https:\/\/infoecos.com.ar\/#website\",\"url\":\"https:\/\/infoecos.com.ar\/\",\"name\":\"Infoecos\",\"description\":\"Noticias de trenque lauquen y la zona\",\"publisher\":{\"@id\":\"https:\/\/infoecos.com.ar\/#organization\"},\"alternateName\":\"Noticias\",\"potentialAction\":[{\"@type\":\"SearchAction\",\"target\":{\"@type\":\"EntryPoint\",\"urlTemplate\":\"https:\/\/infoecos.com.ar\/?s={search_term_string}\"},\"query-input\":{\"@type\":\"PropertyValueSpecification\",\"valueRequired\":true,\"valueName\":\"search_term_string\"}}],\"inLanguage\":\"es\"},{\"@type\":\"Organization\",\"@id\":\"https:\/\/infoecos.com.ar\/#organization\",\"name\":\"Infoecos\",\"alternateName\":\"Noticias\",\"url\":\"https:\/\/infoecos.com.ar\/\",\"logo\":{\"@type\":\"ImageObject\",\"inLanguage\":\"es\",\"@id\":\"https:\/\/infoecos.com.ar\/#\/schema\/logo\/image\/\",\"url\":\"https:\/\/infoecos.com.ar\/wp-content\/uploads\/2024\/03\/cropped-logo.png\",\"contentUrl\":\"https:\/\/infoecos.com.ar\/wp-content\/uploads\/2024\/03\/cropped-logo.png\",\"width\":374,\"height\":90,\"caption\":\"Infoecos\"},\"image\":{\"@id\":\"https:\/\/infoecos.com.ar\/#\/schema\/logo\/image\/\"},\"sameAs\":[\"https:\/\/www.facebook.com\/profile.php?id=100063200290284\",\"https:\/\/x.com\/infoecos\"]},{\"@type\":\"Person\",\"@id\":\"https:\/\/infoecos.com.ar\/#\/schema\/person\/8f5ace5ce73b4b4aac4b7245aee6f191\",\"name\":\"Jorge Matheus\",\"url\":\"https:\/\/infoecos.com.ar\/index.php\/author\/jomatheus\/\"}]}<\/script>\n<!-- \/ Yoast SEO plugin. -->","yoast_head_json":{"title":"En Garr\u00e9 al arbolito de Navidad se suma el nombre de Francisco Zubillaga Sangronis a la Plazoleta, y nuevas luminarias - Infoecos","robots":{"index":"index","follow":"follow","max-snippet":"max-snippet:-1","max-image-preview":"max-image-preview:large","max-video-preview":"max-video-preview:-1"},"canonical":"https:\/\/infoecos.com.ar\/index.php\/en-garre-al-arbolito-de-navidad-se-suma-el-nombre-de-francisco-zubillaga-sangronis-a-la-plazoleta-y-nuevas-luminarias\/","og_locale":"es_ES","og_type":"article","og_title":"En Garr\u00e9 al arbolito de Navidad se suma el nombre de Francisco Zubillaga Sangronis a la Plazoleta, y nuevas luminarias - Infoecos","og_description":"Se reubicaron 37 columnas de alumbrado p\u00fablico que no estaban en funcionamiento, en los dos accesos al pueblo, todas equipadas con nuevos artefactos LED de 100 Watts de potencia.","og_url":"https:\/\/infoecos.com.ar\/index.php\/en-garre-al-arbolito-de-navidad-se-suma-el-nombre-de-francisco-zubillaga-sangronis-a-la-plazoleta-y-nuevas-luminarias\/","og_site_name":"Infoecos","article_publisher":"https:\/\/www.facebook.com\/profile.php?id=100063200290284","article_published_time":"2024-12-07T02:03:45+00:00","article_modified_time":"2024-12-09T03:51:11+00:00","og_image":[{"width":479,"height":217,"url":"https:\/\/infoecos.com.ar\/wp-content\/uploads\/2024\/10\/image-132.png","type":"image\/png"}],"author":"Jorge Matheus","twitter_card":"summary_large_image","twitter_creator":"@infoecos","twitter_site":"@infoecos","twitter_misc":{"Escrito por":"Jorge Matheus","Tiempo de lectura":"2 minutos"},"schema":{"@context":"https:\/\/schema.org","@graph":[{"@type":"Article","@id":"https:\/\/infoecos.com.ar\/index.php\/en-garre-al-arbolito-de-navidad-se-suma-el-nombre-de-francisco-zubillaga-sangronis-a-la-plazoleta-y-nuevas-luminarias\/#article","isPartOf":{"@id":"https:\/\/infoecos.com.ar\/index.php\/en-garre-al-arbolito-de-navidad-se-suma-el-nombre-de-francisco-zubillaga-sangronis-a-la-plazoleta-y-nuevas-luminarias\/"},"author":{"name":"Jorge Matheus","@id":"https:\/\/infoecos.com.ar\/#\/schema\/person\/8f5ace5ce73b4b4aac4b7245aee6f191"},"headline":"En Garr\u00e9 al arbolito de Navidad se suma el nombre de Francisco Zubillaga Sangronis a la Plazoleta, y nuevas luminarias","datePublished":"2024-12-07T02:03:45+00:00","dateModified":"2024-12-09T03:51:11+00:00","mainEntityOfPage":{"@id":"https:\/\/infoecos.com.ar\/index.php\/en-garre-al-arbolito-de-navidad-se-suma-el-nombre-de-francisco-zubillaga-sangronis-a-la-plazoleta-y-nuevas-luminarias\/"},"wordCount":178,"publisher":{"@id":"https:\/\/infoecos.com.ar\/#organization"},"image":{"@id":"https:\/\/infoecos.com.ar\/index.php\/en-garre-al-arbolito-de-navidad-se-suma-el-nombre-de-francisco-zubillaga-sangronis-a-la-plazoleta-y-nuevas-luminarias\/#primaryimage"},"thumbnailUrl":"https:\/\/infoecos.com.ar\/wp-content\/uploads\/2024\/10\/image-132.png","articleSection":["Noticia Secundaria"],"inLanguage":"es"},{"@type":"WebPage","@id":"https:\/\/infoecos.com.ar\/index.php\/en-garre-al-arbolito-de-navidad-se-suma-el-nombre-de-francisco-zubillaga-sangronis-a-la-plazoleta-y-nuevas-luminarias\/","url":"https:\/\/infoecos.com.ar\/index.php\/en-garre-al-arbolito-de-navidad-se-suma-el-nombre-de-francisco-zubillaga-sangronis-a-la-plazoleta-y-nuevas-luminarias\/","name":"En Garr\u00e9 al arbolito de Navidad se suma el nombre de Francisco Zubillaga Sangronis a la Plazoleta, y nuevas luminarias - Infoecos","isPartOf":{"@id":"https:\/\/infoecos.com.ar\/#website"},"primaryImageOfPage":{"@id":"https:\/\/infoecos.com.ar\/index.php\/en-garre-al-arbolito-de-navidad-se-suma-el-nombre-de-francisco-zubillaga-sangronis-a-la-plazoleta-y-nuevas-luminarias\/#primaryimage"},"image":{"@id":"https:\/\/infoecos.com.ar\/index.php\/en-garre-al-arbolito-de-navidad-se-suma-el-nombre-de-francisco-zubillaga-sangronis-a-la-plazoleta-y-nuevas-luminarias\/#primaryimage"},"thumbnailUrl":"https:\/\/infoecos.com.ar\/wp-content\/uploads\/2024\/10\/image-132.png","datePublished":"2024-12-07T02:03:45+00:00","dateModified":"2024-12-09T03:51:11+00:00","breadcrumb":{"@id":"https:\/\/infoecos.com.ar\/index.php\/en-garre-al-arbolito-de-navidad-se-suma-el-nombre-de-francisco-zubillaga-sangronis-a-la-plazoleta-y-nuevas-luminarias\/#breadcrumb"},"inLanguage":"es","potentialAction":[{"@type":"ReadAction","target":["https:\/\/infoecos.com.ar\/index.php\/en-garre-al-arbolito-de-navidad-se-suma-el-nombre-de-francisco-zubillaga-sangronis-a-la-plazoleta-y-nuevas-luminarias\/"]}]},{"@type":"ImageObject","inLanguage":"es","@id":"https:\/\/infoecos.com.ar\/index.php\/en-garre-al-arbolito-de-navidad-se-suma-el-nombre-de-francisco-zubillaga-sangronis-a-la-plazoleta-y-nuevas-luminarias\/#primaryimage","url":"https:\/\/infoecos.com.ar\/wp-content\/uploads\/2024\/10\/image-132.png","contentUrl":"https:\/\/infoecos.com.ar\/wp-content\/uploads\/2024\/10\/image-132.png","width":479,"height":217},{"@type":"BreadcrumbList","@id":"https:\/\/infoecos.com.ar\/index.php\/en-garre-al-arbolito-de-navidad-se-suma-el-nombre-de-francisco-zubillaga-sangronis-a-la-plazoleta-y-nuevas-luminarias\/#breadcrumb","itemListElement":[{"@type":"ListItem","position":1,"name":"Portada","item":"https:\/\/infoecos.com.ar\/"},{"@type":"ListItem","position":2,"name":"En Garr\u00e9 al arbolito de Navidad se suma el nombre de Francisco Zubillaga Sangronis a la Plazoleta, y nuevas luminarias"}]},{"@type":"WebSite","@id":"https:\/\/infoecos.com.ar\/#website","url":"https:\/\/infoecos.com.ar\/","name":"Infoecos","description":"Noticias de trenque lauquen y la zona","publisher":{"@id":"https:\/\/infoecos.com.ar\/#organization"},"alternateName":"Noticias","potentialAction":[{"@type":"SearchAction","target":{"@type":"EntryPoint","urlTemplate":"https:\/\/infoecos.com.ar\/?s={search_term_string}"},"query-input":{"@type":"PropertyValueSpecification","valueRequired":true,"valueName":"search_term_string"}}],"inLanguage":"es"},{"@type":"Organization","@id":"https:\/\/infoecos.com.ar\/#organization","name":"Infoecos","alternateName":"Noticias","url":"https:\/\/infoecos.com.ar\/","logo":{"@type":"ImageObject","inLanguage":"es","@id":"https:\/\/infoecos.com.ar\/#\/schema\/logo\/image\/","url":"https:\/\/infoecos.com.ar\/wp-content\/uploads\/2024\/03\/cropped-logo.png","contentUrl":"https:\/\/infoecos.com.ar\/wp-content\/uploads\/2024\/03\/cropped-logo.png","width":374,"height":90,"caption":"Infoecos"},"image":{"@id":"https:\/\/infoecos.com.ar\/#\/schema\/logo\/image\/"},"sameAs":["https:\/\/www.facebook.com\/profile.php?id=100063200290284","https:\/\/x.com\/infoecos"]},{"@type":"Person","@id":"https:\/\/infoecos.com.ar\/#\/schema\/person\/8f5ace5ce73b4b4aac4b7245aee6f191","name":"Jorge Matheus","url":"https:\/\/infoecos.com.ar\/index.php\/author\/jomatheus\/"}]}},"featured_image_urls":{"full":["https:\/\/infoecos.com.ar\/wp-content\/uploads\/2024\/10\/image-132.png",479,217,false],"thumbnail":["https:\/\/infoecos.com.ar\/wp-content\/uploads\/2024\/10\/image-132-300x150.png",300,150,true],"medium":["https:\/\/infoecos.com.ar\/wp-content\/uploads\/2024\/10\/image-132.png",479,217,false],"medium_large":["https:\/\/infoecos.com.ar\/wp-content\/uploads\/2024\/10\/image-132.png",479,217,false],"large":["https:\/\/infoecos.com.ar\/wp-content\/uploads\/2024\/10\/image-132.png",479,217,false],"1536x1536":["https:\/\/infoecos.com.ar\/wp-content\/uploads\/2024\/10\/image-132.png",479,217,false],"2048x2048":["https:\/\/infoecos.com.ar\/wp-content\/uploads\/2024\/10\/image-132.png",479,217,false],"covernews-slider-full":["https:\/\/infoecos.com.ar\/wp-content\/uploads\/2024\/10\/image-132.png",479,217,false],"covernews-slider-center":["https:\/\/infoecos.com.ar\/wp-content\/uploads\/2024\/10\/image-132.png",479,217,false],"covernews-featured":["https:\/\/infoecos.com.ar\/wp-content\/uploads\/2024\/10\/image-132.png",479,217,false],"covernews-medium":["https:\/\/infoecos.com.ar\/wp-content\/uploads\/2024\/10\/image-132.png",479,217,false],"covernews-medium-square":["https:\/\/infoecos.com.ar\/wp-content\/uploads\/2024\/10\/image-132-400x217.png",400,217,true]},"author_info":{"info":["Jorge Matheus"]},"category_info":"<a href=\"https:\/\/infoecos.com.ar\/index.php\/category\/noticia-secundaria\/\" rel=\"category tag\">Noticia Secundaria<\/a>","tag_info":"Noticia Secundaria","comment_count":"0","_links":{"self":[{"href":"https:\/\/infoecos.com.ar\/index.php\/wp-json\/wp\/v2\/posts\/133940"}],"collection":[{"href":"https:\/\/infoecos.com.ar\/index.php\/wp-json\/wp\/v2\/posts"}],"about":[{"href":"https:\/\/infoecos.com.ar\/index.php\/wp-json\/wp\/v2\/types\/post"}],"author":[{"embeddable":true,"href":"https:\/\/infoecos.com.ar\/index.php\/wp-json\/wp\/v2\/users\/2"}],"replies":[{"embeddable":true,"href":"https:\/\/infoecos.com.ar\/index.php\/wp-json\/wp\/v2\/comments?post=133940"}],"version-history":[{"count":1,"href":"https:\/\/infoecos.com.ar\/index.php\/wp-json\/wp\/v2\/posts\/133940\/revisions"}],"predecessor-version":[{"id":133941,"href":"https:\/\/infoecos.com.ar\/index.php\/wp-json\/wp\/v2\/posts\/133940\/revisions\/133941"}],"wp:featuredmedia":[{"embeddable":true,"href":"https:\/\/infoecos.com.ar\/index.php\/wp-json\/wp\/v2\/media\/130994"}],"wp:attachment":[{"href":"https:\/\/infoecos.com.ar\/index.php\/wp-json\/wp\/v2\/media?parent=133940"}],"wp:term":[{"taxonomy":"category","embeddable":true,"href":"https:\/\/infoecos.com.ar\/index.php\/wp-json\/wp\/v2\/categories?post=133940"},{"taxonomy":"post_tag","embeddable":true,"href":"https:\/\/infoecos.com.ar\/index.php\/wp-json\/wp\/v2\/tags?post=133940"}],"curies":[{"name":"wp","href":"https:\/\/api.w.org\/{rel}","templated":true}]}}