{"id":133965,"date":"2024-12-07T23:06:25","date_gmt":"2024-12-08T02:06:25","guid":{"rendered":"https:\/\/infoecos.com.ar\/?p=133965"},"modified":"2024-12-07T23:06:26","modified_gmt":"2024-12-08T02:06:26","slug":"t-lauquen-y-30-de-agosto-este-sabado-encendido-de-adornos-navidenos-el-domingo-en-plaza-san-martin-y-beruti","status":"publish","type":"post","link":"https:\/\/infoecos.com.ar\/index.php\/t-lauquen-y-30-de-agosto-este-sabado-encendido-de-adornos-navidenos-el-domingo-en-plaza-san-martin-y-beruti\/","title":{"rendered":"T.Lauquen y 30 de Agosto: este s\u00e1bado encendido de adornos navide\u00f1os, el domingo en Plaza San Mart\u00edn y Beruti"},"content":{"rendered":"\n<p>Los arbolitos de Navidad junto a adornos navide\u00f1os realizados con material reciclable por el personal del Polo Ambiental de Trenque Lauquen. Se pueden apreciar en las plazas Espa\u00f1a, Francia, Brit\u00e1nica e Italia, en los dos accesos de ruta nacional N\u00ba 5 y N\u00ba 33, y en el ingreso a la Ampliaci\u00f3n Urbana.<\/p>\n\n\n\n<figure class=\"wp-block-gallery has-nested-images columns-default is-cropped wp-block-gallery-1 is-layout-flex wp-block-gallery-is-layout-flex\">\n<figure class=\"wp-block-image size-large\"><img loading=\"lazy\" decoding=\"async\" width=\"1600\" height=\"899\" data-id=\"133967\" src=\"https:\/\/infoecos.com.ar\/wp-content\/uploads\/2024\/12\/Arbolitos-de-Navidad-1.jpeg\" alt=\"\" class=\"wp-image-133967\" srcset=\"https:\/\/infoecos.com.ar\/wp-content\/uploads\/2024\/12\/Arbolitos-de-Navidad-1.jpeg 1600w, https:\/\/infoecos.com.ar\/wp-content\/uploads\/2024\/12\/Arbolitos-de-Navidad-1-800x450.jpeg 800w, https:\/\/infoecos.com.ar\/wp-content\/uploads\/2024\/12\/Arbolitos-de-Navidad-1-768x432.jpeg 768w, https:\/\/infoecos.com.ar\/wp-content\/uploads\/2024\/12\/Arbolitos-de-Navidad-1-1536x863.jpeg 1536w, https:\/\/infoecos.com.ar\/wp-content\/uploads\/2024\/12\/Arbolitos-de-Navidad-1-1024x575.jpeg 1024w\" sizes=\"(max-width: 1600px) 100vw, 1600px\" \/><\/figure>\n\n\n\n<figure class=\"wp-block-image size-large\"><img loading=\"lazy\" decoding=\"async\" width=\"1600\" height=\"899\" data-id=\"133966\" src=\"https:\/\/infoecos.com.ar\/wp-content\/uploads\/2024\/12\/Arbolitos-de-Navidad-2.jpeg\" alt=\"\" class=\"wp-image-133966\" srcset=\"https:\/\/infoecos.com.ar\/wp-content\/uploads\/2024\/12\/Arbolitos-de-Navidad-2.jpeg 1600w, https:\/\/infoecos.com.ar\/wp-content\/uploads\/2024\/12\/Arbolitos-de-Navidad-2-800x450.jpeg 800w, https:\/\/infoecos.com.ar\/wp-content\/uploads\/2024\/12\/Arbolitos-de-Navidad-2-768x432.jpeg 768w, https:\/\/infoecos.com.ar\/wp-content\/uploads\/2024\/12\/Arbolitos-de-Navidad-2-1536x863.jpeg 1536w, https:\/\/infoecos.com.ar\/wp-content\/uploads\/2024\/12\/Arbolitos-de-Navidad-2-1024x575.jpeg 1024w\" sizes=\"(max-width: 1600px) 100vw, 1600px\" \/><\/figure>\n\n\n\n<figure class=\"wp-block-image size-large\"><img loading=\"lazy\" decoding=\"async\" width=\"1600\" height=\"899\" data-id=\"133968\" src=\"https:\/\/infoecos.com.ar\/wp-content\/uploads\/2024\/12\/Arbolitos-de-Navidad-3.jpeg\" alt=\"\" class=\"wp-image-133968\" srcset=\"https:\/\/infoecos.com.ar\/wp-content\/uploads\/2024\/12\/Arbolitos-de-Navidad-3.jpeg 1600w, https:\/\/infoecos.com.ar\/wp-content\/uploads\/2024\/12\/Arbolitos-de-Navidad-3-800x450.jpeg 800w, https:\/\/infoecos.com.ar\/wp-content\/uploads\/2024\/12\/Arbolitos-de-Navidad-3-768x432.jpeg 768w, https:\/\/infoecos.com.ar\/wp-content\/uploads\/2024\/12\/Arbolitos-de-Navidad-3-1536x863.jpeg 1536w, https:\/\/infoecos.com.ar\/wp-content\/uploads\/2024\/12\/Arbolitos-de-Navidad-3-1024x575.jpeg 1024w\" sizes=\"(max-width: 1600px) 100vw, 1600px\" \/><\/figure>\n<\/figure>\n\n\n\n<p>El encendido de Navidad ubicado en la Plaza San Mart\u00edn se realizar\u00e1 a partir de las 19.30 de este domingo en el sector en el que tambi\u00e9n quedaron armadas la Casita de Pap\u00e1 Noel y la Casa de los Deseos. La actividad contar\u00e1 con la participaci\u00f3n de j\u00f3venes de la Parroquia Nuestra Se\u00f1ora de los Dolores que realizar\u00e1n una representaci\u00f3n de Jes\u00fas y Mar\u00eda, despu\u00e9s de la misa en la plaza a partir de las 19.30, y los Coros Infantil y Juvenil, que dirige Maximiliano Perazzo, como as\u00ed tambi\u00e9n la Orquesta Infantil, con su director Gabriel Mansilla.<br><br>En 30 de Agosto el tradicional encendido se realiz\u00f3 este s\u00e1bado. En el lugar un arbolito, Pap\u00e1 Noel, un trencito y adornos navide\u00f1os, confeccionados con material reciclable aportado por el \u00e1rea de Ambiente del Ente Descentralizado. <\/p>\n\n\n\n<figure class=\"wp-block-gallery has-nested-images columns-default is-cropped wp-block-gallery-2 is-layout-flex wp-block-gallery-is-layout-flex\">\n<figure class=\"wp-block-image size-large\"><img loading=\"lazy\" decoding=\"async\" width=\"1600\" height=\"899\" data-id=\"133970\" src=\"https:\/\/infoecos.com.ar\/wp-content\/uploads\/2024\/12\/Arbolitos-de-Navidad-4.jpeg\" alt=\"\" class=\"wp-image-133970\" srcset=\"https:\/\/infoecos.com.ar\/wp-content\/uploads\/2024\/12\/Arbolitos-de-Navidad-4.jpeg 1600w, https:\/\/infoecos.com.ar\/wp-content\/uploads\/2024\/12\/Arbolitos-de-Navidad-4-800x450.jpeg 800w, https:\/\/infoecos.com.ar\/wp-content\/uploads\/2024\/12\/Arbolitos-de-Navidad-4-768x432.jpeg 768w, https:\/\/infoecos.com.ar\/wp-content\/uploads\/2024\/12\/Arbolitos-de-Navidad-4-1536x863.jpeg 1536w, https:\/\/infoecos.com.ar\/wp-content\/uploads\/2024\/12\/Arbolitos-de-Navidad-4-1024x575.jpeg 1024w\" sizes=\"(max-width: 1600px) 100vw, 1600px\" \/><\/figure>\n\n\n\n<figure class=\"wp-block-image size-large\"><img loading=\"lazy\" decoding=\"async\" width=\"1600\" height=\"899\" data-id=\"133969\" src=\"https:\/\/infoecos.com.ar\/wp-content\/uploads\/2024\/12\/Arbolitos-de-Navidad-5.jpeg\" alt=\"\" class=\"wp-image-133969\" srcset=\"https:\/\/infoecos.com.ar\/wp-content\/uploads\/2024\/12\/Arbolitos-de-Navidad-5.jpeg 1600w, https:\/\/infoecos.com.ar\/wp-content\/uploads\/2024\/12\/Arbolitos-de-Navidad-5-800x450.jpeg 800w, https:\/\/infoecos.com.ar\/wp-content\/uploads\/2024\/12\/Arbolitos-de-Navidad-5-768x432.jpeg 768w, https:\/\/infoecos.com.ar\/wp-content\/uploads\/2024\/12\/Arbolitos-de-Navidad-5-1536x863.jpeg 1536w, https:\/\/infoecos.com.ar\/wp-content\/uploads\/2024\/12\/Arbolitos-de-Navidad-5-1024x575.jpeg 1024w\" sizes=\"(max-width: 1600px) 100vw, 1600px\" \/><\/figure>\n<\/figure>\n\n\n\n<p>En la localidad de Beruti, el tradicional encendido del arbolito de Navidad se realizar\u00e1 este domingo en la Plaza Jos\u00e9 Guazzone. La actividad, organizada por la Delegaci\u00f3n Municipal, comenzar\u00e1 a las 18 y participar\u00e1n el grupo Scout Conrado Villegas y el Coro Parroquial. Habr\u00e1 Feria de Artesanos.<br><\/p>\n\n\n\n<p><\/p>\n","protected":false},"excerpt":{"rendered":"<p>En 30 de Agosto el tradicional encendido se realiz\u00f3 este s\u00e1bado. En el lugar un arbolito, Pap\u00e1 Noel, un trencito y adornos navide\u00f1os, confeccionados con material reciclable aportado por el \u00e1rea de Ambiente del Ente Descentralizado<\/p>\n","protected":false},"author":2,"featured_media":133968,"comment_status":"closed","ping_status":"open","sticky":false,"template":"","format":"standard","meta":{"footnotes":""},"categories":[1612],"tags":[],"class_list":["post-133965","post","type-post","status-publish","format-standard","has-post-thumbnail","hentry","category-noticia-principal"],"yoast_head":"<!-- This site is optimized with the Yoast SEO plugin v23.4 - https:\/\/yoast.com\/wordpress\/plugins\/seo\/ -->\n<title>T.Lauquen y 30 de Agosto: este s\u00e1bado encendido de adornos navide\u00f1os, el domingo en Plaza San Mart\u00edn y Beruti - Infoecos<\/title>\n<meta name=\"robots\" content=\"index, follow, max-snippet:-1, max-image-preview:large, max-video-preview:-1\" \/>\n<link rel=\"canonical\" href=\"https:\/\/infoecos.com.ar\/index.php\/t-lauquen-y-30-de-agosto-este-sabado-encendido-de-adornos-navidenos-el-domingo-en-plaza-san-martin-y-beruti\/\" \/>\n<meta property=\"og:locale\" content=\"es_ES\" \/>\n<meta property=\"og:type\" content=\"article\" \/>\n<meta property=\"og:title\" content=\"T.Lauquen y 30 de Agosto: este s\u00e1bado encendido de adornos navide\u00f1os, el domingo en Plaza San Mart\u00edn y Beruti - Infoecos\" \/>\n<meta property=\"og:description\" content=\"En 30 de Agosto el tradicional encendido se realiz\u00f3 este s\u00e1bado. En el lugar un arbolito, Pap\u00e1 Noel, un trencito y adornos navide\u00f1os, confeccionados con material reciclable aportado por el \u00e1rea de Ambiente del Ente Descentralizado\" \/>\n<meta property=\"og:url\" content=\"https:\/\/infoecos.com.ar\/index.php\/t-lauquen-y-30-de-agosto-este-sabado-encendido-de-adornos-navidenos-el-domingo-en-plaza-san-martin-y-beruti\/\" \/>\n<meta property=\"og:site_name\" content=\"Infoecos\" \/>\n<meta property=\"article:publisher\" content=\"https:\/\/www.facebook.com\/profile.php?id=100063200290284\" \/>\n<meta property=\"article:published_time\" content=\"2024-12-08T02:06:25+00:00\" \/>\n<meta property=\"article:modified_time\" content=\"2024-12-08T02:06:26+00:00\" \/>\n<meta property=\"og:image\" content=\"https:\/\/infoecos.com.ar\/wp-content\/uploads\/2024\/12\/Arbolitos-de-Navidad-3.jpeg\" \/>\n\t<meta property=\"og:image:width\" content=\"1600\" \/>\n\t<meta property=\"og:image:height\" content=\"899\" \/>\n\t<meta property=\"og:image:type\" content=\"image\/jpeg\" \/>\n<meta name=\"author\" content=\"Jorge Matheus\" \/>\n<meta name=\"twitter:card\" content=\"summary_large_image\" \/>\n<meta name=\"twitter:creator\" content=\"@infoecos\" \/>\n<meta name=\"twitter:site\" content=\"@infoecos\" \/>\n<meta name=\"twitter:label1\" content=\"Escrito por\" \/>\n\t<meta name=\"twitter:data1\" content=\"Jorge Matheus\" \/>\n\t<meta name=\"twitter:label2\" content=\"Tiempo de lectura\" \/>\n\t<meta name=\"twitter:data2\" content=\"3 minutos\" \/>\n<script type=\"application\/ld+json\" class=\"yoast-schema-graph\">{\"@context\":\"https:\/\/schema.org\",\"@graph\":[{\"@type\":\"Article\",\"@id\":\"https:\/\/infoecos.com.ar\/index.php\/t-lauquen-y-30-de-agosto-este-sabado-encendido-de-adornos-navidenos-el-domingo-en-plaza-san-martin-y-beruti\/#article\",\"isPartOf\":{\"@id\":\"https:\/\/infoecos.com.ar\/index.php\/t-lauquen-y-30-de-agosto-este-sabado-encendido-de-adornos-navidenos-el-domingo-en-plaza-san-martin-y-beruti\/\"},\"author\":{\"name\":\"Jorge Matheus\",\"@id\":\"https:\/\/infoecos.com.ar\/#\/schema\/person\/8f5ace5ce73b4b4aac4b7245aee6f191\"},\"headline\":\"T.Lauquen y 30 de Agosto: este s\u00e1bado encendido de adornos navide\u00f1os, el domingo en Plaza San Mart\u00edn y Beruti\",\"datePublished\":\"2024-12-08T02:06:25+00:00\",\"dateModified\":\"2024-12-08T02:06:26+00:00\",\"mainEntityOfPage\":{\"@id\":\"https:\/\/infoecos.com.ar\/index.php\/t-lauquen-y-30-de-agosto-este-sabado-encendido-de-adornos-navidenos-el-domingo-en-plaza-san-martin-y-beruti\/\"},\"wordCount\":267,\"publisher\":{\"@id\":\"https:\/\/infoecos.com.ar\/#organization\"},\"image\":{\"@id\":\"https:\/\/infoecos.com.ar\/index.php\/t-lauquen-y-30-de-agosto-este-sabado-encendido-de-adornos-navidenos-el-domingo-en-plaza-san-martin-y-beruti\/#primaryimage\"},\"thumbnailUrl\":\"https:\/\/infoecos.com.ar\/wp-content\/uploads\/2024\/12\/Arbolitos-de-Navidad-3.jpeg\",\"articleSection\":[\"Noticia Principal\"],\"inLanguage\":\"es\"},{\"@type\":\"WebPage\",\"@id\":\"https:\/\/infoecos.com.ar\/index.php\/t-lauquen-y-30-de-agosto-este-sabado-encendido-de-adornos-navidenos-el-domingo-en-plaza-san-martin-y-beruti\/\",\"url\":\"https:\/\/infoecos.com.ar\/index.php\/t-lauquen-y-30-de-agosto-este-sabado-encendido-de-adornos-navidenos-el-domingo-en-plaza-san-martin-y-beruti\/\",\"name\":\"T.Lauquen y 30 de Agosto: este s\u00e1bado encendido de adornos navide\u00f1os, el domingo en Plaza San Mart\u00edn y Beruti - Infoecos\",\"isPartOf\":{\"@id\":\"https:\/\/infoecos.com.ar\/#website\"},\"primaryImageOfPage\":{\"@id\":\"https:\/\/infoecos.com.ar\/index.php\/t-lauquen-y-30-de-agosto-este-sabado-encendido-de-adornos-navidenos-el-domingo-en-plaza-san-martin-y-beruti\/#primaryimage\"},\"image\":{\"@id\":\"https:\/\/infoecos.com.ar\/index.php\/t-lauquen-y-30-de-agosto-este-sabado-encendido-de-adornos-navidenos-el-domingo-en-plaza-san-martin-y-beruti\/#primaryimage\"},\"thumbnailUrl\":\"https:\/\/infoecos.com.ar\/wp-content\/uploads\/2024\/12\/Arbolitos-de-Navidad-3.jpeg\",\"datePublished\":\"2024-12-08T02:06:25+00:00\",\"dateModified\":\"2024-12-08T02:06:26+00:00\",\"breadcrumb\":{\"@id\":\"https:\/\/infoecos.com.ar\/index.php\/t-lauquen-y-30-de-agosto-este-sabado-encendido-de-adornos-navidenos-el-domingo-en-plaza-san-martin-y-beruti\/#breadcrumb\"},\"inLanguage\":\"es\",\"potentialAction\":[{\"@type\":\"ReadAction\",\"target\":[\"https:\/\/infoecos.com.ar\/index.php\/t-lauquen-y-30-de-agosto-este-sabado-encendido-de-adornos-navidenos-el-domingo-en-plaza-san-martin-y-beruti\/\"]}]},{\"@type\":\"ImageObject\",\"inLanguage\":\"es\",\"@id\":\"https:\/\/infoecos.com.ar\/index.php\/t-lauquen-y-30-de-agosto-este-sabado-encendido-de-adornos-navidenos-el-domingo-en-plaza-san-martin-y-beruti\/#primaryimage\",\"url\":\"https:\/\/infoecos.com.ar\/wp-content\/uploads\/2024\/12\/Arbolitos-de-Navidad-3.jpeg\",\"contentUrl\":\"https:\/\/infoecos.com.ar\/wp-content\/uploads\/2024\/12\/Arbolitos-de-Navidad-3.jpeg\",\"width\":1600,\"height\":899},{\"@type\":\"BreadcrumbList\",\"@id\":\"https:\/\/infoecos.com.ar\/index.php\/t-lauquen-y-30-de-agosto-este-sabado-encendido-de-adornos-navidenos-el-domingo-en-plaza-san-martin-y-beruti\/#breadcrumb\",\"itemListElement\":[{\"@type\":\"ListItem\",\"position\":1,\"name\":\"Portada\",\"item\":\"https:\/\/infoecos.com.ar\/\"},{\"@type\":\"ListItem\",\"position\":2,\"name\":\"T.Lauquen y 30 de Agosto: este s\u00e1bado encendido de adornos navide\u00f1os, el domingo en Plaza San Mart\u00edn y Beruti\"}]},{\"@type\":\"WebSite\",\"@id\":\"https:\/\/infoecos.com.ar\/#website\",\"url\":\"https:\/\/infoecos.com.ar\/\",\"name\":\"Infoecos\",\"description\":\"Noticias de trenque lauquen y la zona\",\"publisher\":{\"@id\":\"https:\/\/infoecos.com.ar\/#organization\"},\"alternateName\":\"Noticias\",\"potentialAction\":[{\"@type\":\"SearchAction\",\"target\":{\"@type\":\"EntryPoint\",\"urlTemplate\":\"https:\/\/infoecos.com.ar\/?s={search_term_string}\"},\"query-input\":{\"@type\":\"PropertyValueSpecification\",\"valueRequired\":true,\"valueName\":\"search_term_string\"}}],\"inLanguage\":\"es\"},{\"@type\":\"Organization\",\"@id\":\"https:\/\/infoecos.com.ar\/#organization\",\"name\":\"Infoecos\",\"alternateName\":\"Noticias\",\"url\":\"https:\/\/infoecos.com.ar\/\",\"logo\":{\"@type\":\"ImageObject\",\"inLanguage\":\"es\",\"@id\":\"https:\/\/infoecos.com.ar\/#\/schema\/logo\/image\/\",\"url\":\"https:\/\/infoecos.com.ar\/wp-content\/uploads\/2024\/03\/cropped-logo.png\",\"contentUrl\":\"https:\/\/infoecos.com.ar\/wp-content\/uploads\/2024\/03\/cropped-logo.png\",\"width\":374,\"height\":90,\"caption\":\"Infoecos\"},\"image\":{\"@id\":\"https:\/\/infoecos.com.ar\/#\/schema\/logo\/image\/\"},\"sameAs\":[\"https:\/\/www.facebook.com\/profile.php?id=100063200290284\",\"https:\/\/x.com\/infoecos\"]},{\"@type\":\"Person\",\"@id\":\"https:\/\/infoecos.com.ar\/#\/schema\/person\/8f5ace5ce73b4b4aac4b7245aee6f191\",\"name\":\"Jorge Matheus\",\"url\":\"https:\/\/infoecos.com.ar\/index.php\/author\/jomatheus\/\"}]}<\/script>\n<!-- \/ Yoast SEO plugin. -->","yoast_head_json":{"title":"T.Lauquen y 30 de Agosto: este s\u00e1bado encendido de adornos navide\u00f1os, el domingo en Plaza San Mart\u00edn y Beruti - Infoecos","robots":{"index":"index","follow":"follow","max-snippet":"max-snippet:-1","max-image-preview":"max-image-preview:large","max-video-preview":"max-video-preview:-1"},"canonical":"https:\/\/infoecos.com.ar\/index.php\/t-lauquen-y-30-de-agosto-este-sabado-encendido-de-adornos-navidenos-el-domingo-en-plaza-san-martin-y-beruti\/","og_locale":"es_ES","og_type":"article","og_title":"T.Lauquen y 30 de Agosto: este s\u00e1bado encendido de adornos navide\u00f1os, el domingo en Plaza San Mart\u00edn y Beruti - Infoecos","og_description":"En 30 de Agosto el tradicional encendido se realiz\u00f3 este s\u00e1bado. En el lugar un arbolito, Pap\u00e1 Noel, un trencito y adornos navide\u00f1os, confeccionados con material reciclable aportado por el \u00e1rea de Ambiente del Ente Descentralizado","og_url":"https:\/\/infoecos.com.ar\/index.php\/t-lauquen-y-30-de-agosto-este-sabado-encendido-de-adornos-navidenos-el-domingo-en-plaza-san-martin-y-beruti\/","og_site_name":"Infoecos","article_publisher":"https:\/\/www.facebook.com\/profile.php?id=100063200290284","article_published_time":"2024-12-08T02:06:25+00:00","article_modified_time":"2024-12-08T02:06:26+00:00","og_image":[{"width":1600,"height":899,"url":"https:\/\/infoecos.com.ar\/wp-content\/uploads\/2024\/12\/Arbolitos-de-Navidad-3.jpeg","type":"image\/jpeg"}],"author":"Jorge Matheus","twitter_card":"summary_large_image","twitter_creator":"@infoecos","twitter_site":"@infoecos","twitter_misc":{"Escrito por":"Jorge Matheus","Tiempo de lectura":"3 minutos"},"schema":{"@context":"https:\/\/schema.org","@graph":[{"@type":"Article","@id":"https:\/\/infoecos.com.ar\/index.php\/t-lauquen-y-30-de-agosto-este-sabado-encendido-de-adornos-navidenos-el-domingo-en-plaza-san-martin-y-beruti\/#article","isPartOf":{"@id":"https:\/\/infoecos.com.ar\/index.php\/t-lauquen-y-30-de-agosto-este-sabado-encendido-de-adornos-navidenos-el-domingo-en-plaza-san-martin-y-beruti\/"},"author":{"name":"Jorge Matheus","@id":"https:\/\/infoecos.com.ar\/#\/schema\/person\/8f5ace5ce73b4b4aac4b7245aee6f191"},"headline":"T.Lauquen y 30 de Agosto: este s\u00e1bado encendido de adornos navide\u00f1os, el domingo en Plaza San Mart\u00edn y Beruti","datePublished":"2024-12-08T02:06:25+00:00","dateModified":"2024-12-08T02:06:26+00:00","mainEntityOfPage":{"@id":"https:\/\/infoecos.com.ar\/index.php\/t-lauquen-y-30-de-agosto-este-sabado-encendido-de-adornos-navidenos-el-domingo-en-plaza-san-martin-y-beruti\/"},"wordCount":267,"publisher":{"@id":"https:\/\/infoecos.com.ar\/#organization"},"image":{"@id":"https:\/\/infoecos.com.ar\/index.php\/t-lauquen-y-30-de-agosto-este-sabado-encendido-de-adornos-navidenos-el-domingo-en-plaza-san-martin-y-beruti\/#primaryimage"},"thumbnailUrl":"https:\/\/infoecos.com.ar\/wp-content\/uploads\/2024\/12\/Arbolitos-de-Navidad-3.jpeg","articleSection":["Noticia Principal"],"inLanguage":"es"},{"@type":"WebPage","@id":"https:\/\/infoecos.com.ar\/index.php\/t-lauquen-y-30-de-agosto-este-sabado-encendido-de-adornos-navidenos-el-domingo-en-plaza-san-martin-y-beruti\/","url":"https:\/\/infoecos.com.ar\/index.php\/t-lauquen-y-30-de-agosto-este-sabado-encendido-de-adornos-navidenos-el-domingo-en-plaza-san-martin-y-beruti\/","name":"T.Lauquen y 30 de Agosto: este s\u00e1bado encendido de adornos navide\u00f1os, el domingo en Plaza San Mart\u00edn y Beruti - Infoecos","isPartOf":{"@id":"https:\/\/infoecos.com.ar\/#website"},"primaryImageOfPage":{"@id":"https:\/\/infoecos.com.ar\/index.php\/t-lauquen-y-30-de-agosto-este-sabado-encendido-de-adornos-navidenos-el-domingo-en-plaza-san-martin-y-beruti\/#primaryimage"},"image":{"@id":"https:\/\/infoecos.com.ar\/index.php\/t-lauquen-y-30-de-agosto-este-sabado-encendido-de-adornos-navidenos-el-domingo-en-plaza-san-martin-y-beruti\/#primaryimage"},"thumbnailUrl":"https:\/\/infoecos.com.ar\/wp-content\/uploads\/2024\/12\/Arbolitos-de-Navidad-3.jpeg","datePublished":"2024-12-08T02:06:25+00:00","dateModified":"2024-12-08T02:06:26+00:00","breadcrumb":{"@id":"https:\/\/infoecos.com.ar\/index.php\/t-lauquen-y-30-de-agosto-este-sabado-encendido-de-adornos-navidenos-el-domingo-en-plaza-san-martin-y-beruti\/#breadcrumb"},"inLanguage":"es","potentialAction":[{"@type":"ReadAction","target":["https:\/\/infoecos.com.ar\/index.php\/t-lauquen-y-30-de-agosto-este-sabado-encendido-de-adornos-navidenos-el-domingo-en-plaza-san-martin-y-beruti\/"]}]},{"@type":"ImageObject","inLanguage":"es","@id":"https:\/\/infoecos.com.ar\/index.php\/t-lauquen-y-30-de-agosto-este-sabado-encendido-de-adornos-navidenos-el-domingo-en-plaza-san-martin-y-beruti\/#primaryimage","url":"https:\/\/infoecos.com.ar\/wp-content\/uploads\/2024\/12\/Arbolitos-de-Navidad-3.jpeg","contentUrl":"https:\/\/infoecos.com.ar\/wp-content\/uploads\/2024\/12\/Arbolitos-de-Navidad-3.jpeg","width":1600,"height":899},{"@type":"BreadcrumbList","@id":"https:\/\/infoecos.com.ar\/index.php\/t-lauquen-y-30-de-agosto-este-sabado-encendido-de-adornos-navidenos-el-domingo-en-plaza-san-martin-y-beruti\/#breadcrumb","itemListElement":[{"@type":"ListItem","position":1,"name":"Portada","item":"https:\/\/infoecos.com.ar\/"},{"@type":"ListItem","position":2,"name":"T.Lauquen y 30 de Agosto: este s\u00e1bado encendido de adornos navide\u00f1os, el domingo en Plaza San Mart\u00edn y Beruti"}]},{"@type":"WebSite","@id":"https:\/\/infoecos.com.ar\/#website","url":"https:\/\/infoecos.com.ar\/","name":"Infoecos","description":"Noticias de trenque lauquen y la zona","publisher":{"@id":"https:\/\/infoecos.com.ar\/#organization"},"alternateName":"Noticias","potentialAction":[{"@type":"SearchAction","target":{"@type":"EntryPoint","urlTemplate":"https:\/\/infoecos.com.ar\/?s={search_term_string}"},"query-input":{"@type":"PropertyValueSpecification","valueRequired":true,"valueName":"search_term_string"}}],"inLanguage":"es"},{"@type":"Organization","@id":"https:\/\/infoecos.com.ar\/#organization","name":"Infoecos","alternateName":"Noticias","url":"https:\/\/infoecos.com.ar\/","logo":{"@type":"ImageObject","inLanguage":"es","@id":"https:\/\/infoecos.com.ar\/#\/schema\/logo\/image\/","url":"https:\/\/infoecos.com.ar\/wp-content\/uploads\/2024\/03\/cropped-logo.png","contentUrl":"https:\/\/infoecos.com.ar\/wp-content\/uploads\/2024\/03\/cropped-logo.png","width":374,"height":90,"caption":"Infoecos"},"image":{"@id":"https:\/\/infoecos.com.ar\/#\/schema\/logo\/image\/"},"sameAs":["https:\/\/www.facebook.com\/profile.php?id=100063200290284","https:\/\/x.com\/infoecos"]},{"@type":"Person","@id":"https:\/\/infoecos.com.ar\/#\/schema\/person\/8f5ace5ce73b4b4aac4b7245aee6f191","name":"Jorge Matheus","url":"https:\/\/infoecos.com.ar\/index.php\/author\/jomatheus\/"}]}},"featured_image_urls":{"full":["https:\/\/infoecos.com.ar\/wp-content\/uploads\/2024\/12\/Arbolitos-de-Navidad-3.jpeg",1600,899,false],"thumbnail":["https:\/\/infoecos.com.ar\/wp-content\/uploads\/2024\/12\/Arbolitos-de-Navidad-3-300x150.jpeg",300,150,true],"medium":["https:\/\/infoecos.com.ar\/wp-content\/uploads\/2024\/12\/Arbolitos-de-Navidad-3-800x450.jpeg",800,450,true],"medium_large":["https:\/\/infoecos.com.ar\/wp-content\/uploads\/2024\/12\/Arbolitos-de-Navidad-3-768x432.jpeg",640,360,true],"large":["https:\/\/infoecos.com.ar\/wp-content\/uploads\/2024\/12\/Arbolitos-de-Navidad-3.jpeg",640,360,false],"1536x1536":["https:\/\/infoecos.com.ar\/wp-content\/uploads\/2024\/12\/Arbolitos-de-Navidad-3-1536x863.jpeg",1536,863,true],"2048x2048":["https:\/\/infoecos.com.ar\/wp-content\/uploads\/2024\/12\/Arbolitos-de-Navidad-3.jpeg",1600,899,false],"covernews-slider-full":["https:\/\/infoecos.com.ar\/wp-content\/uploads\/2024\/12\/Arbolitos-de-Navidad-3-1115x715.jpeg",1115,715,true],"covernews-slider-center":["https:\/\/infoecos.com.ar\/wp-content\/uploads\/2024\/12\/Arbolitos-de-Navidad-3-800x500.jpeg",800,500,true],"covernews-featured":["https:\/\/infoecos.com.ar\/wp-content\/uploads\/2024\/12\/Arbolitos-de-Navidad-3-1024x575.jpeg",1024,575,true],"covernews-medium":["https:\/\/infoecos.com.ar\/wp-content\/uploads\/2024\/12\/Arbolitos-de-Navidad-3-540x340.jpeg",540,340,true],"covernews-medium-square":["https:\/\/infoecos.com.ar\/wp-content\/uploads\/2024\/12\/Arbolitos-de-Navidad-3-400x250.jpeg",400,250,true]},"author_info":{"info":["Jorge Matheus"]},"category_info":"<a href=\"https:\/\/infoecos.com.ar\/index.php\/category\/noticia-principal\/\" rel=\"category tag\">Noticia Principal<\/a>","tag_info":"Noticia Principal","comment_count":"0","_links":{"self":[{"href":"https:\/\/infoecos.com.ar\/index.php\/wp-json\/wp\/v2\/posts\/133965"}],"collection":[{"href":"https:\/\/infoecos.com.ar\/index.php\/wp-json\/wp\/v2\/posts"}],"about":[{"href":"https:\/\/infoecos.com.ar\/index.php\/wp-json\/wp\/v2\/types\/post"}],"author":[{"embeddable":true,"href":"https:\/\/infoecos.com.ar\/index.php\/wp-json\/wp\/v2\/users\/2"}],"replies":[{"embeddable":true,"href":"https:\/\/infoecos.com.ar\/index.php\/wp-json\/wp\/v2\/comments?post=133965"}],"version-history":[{"count":1,"href":"https:\/\/infoecos.com.ar\/index.php\/wp-json\/wp\/v2\/posts\/133965\/revisions"}],"predecessor-version":[{"id":133971,"href":"https:\/\/infoecos.com.ar\/index.php\/wp-json\/wp\/v2\/posts\/133965\/revisions\/133971"}],"wp:featuredmedia":[{"embeddable":true,"href":"https:\/\/infoecos.com.ar\/index.php\/wp-json\/wp\/v2\/media\/133968"}],"wp:attachment":[{"href":"https:\/\/infoecos.com.ar\/index.php\/wp-json\/wp\/v2\/media?parent=133965"}],"wp:term":[{"taxonomy":"category","embeddable":true,"href":"https:\/\/infoecos.com.ar\/index.php\/wp-json\/wp\/v2\/categories?post=133965"},{"taxonomy":"post_tag","embeddable":true,"href":"https:\/\/infoecos.com.ar\/index.php\/wp-json\/wp\/v2\/tags?post=133965"}],"curies":[{"name":"wp","href":"https:\/\/api.w.org\/{rel}","templated":true}]}}