{"id":133972,"date":"2024-12-07T23:23:53","date_gmt":"2024-12-08T02:23:53","guid":{"rendered":"https:\/\/infoecos.com.ar\/?p=133972"},"modified":"2024-12-08T00:09:10","modified_gmt":"2024-12-08T03:09:10","slug":"un-sabado-fresco-pero-muy-agradable-en-esta-region-de-la-region-donde-se-elevara-la-temperatura-y-hay-estimaciones-de-lluvia","status":"publish","type":"post","link":"https:\/\/infoecos.com.ar\/index.php\/un-sabado-fresco-pero-muy-agradable-en-esta-region-de-la-region-donde-se-elevara-la-temperatura-y-hay-estimaciones-de-lluvia\/","title":{"rendered":"Un s\u00e1bado fresco, pero muy agradable en esta regi\u00f3n, donde se elevar\u00e1 la temperatura y hay estimaciones de lluvia"},"content":{"rendered":"\n<p class=\"has-text-align-center\"><strong>Servicio Meteorol\u00f3gico Nacional <\/strong><\/p>\n\n\n\n<p class=\"has-text-align-center\"><strong>Pron\u00f3stico <\/strong><\/p>\n\n\n\n<p><strong>El lunes comenzar\u00e1 a elevarse la temperatura y aparecen algunas estimaciones de lluvia para domingo, lunes, martes y mi\u00e9rcoles.<\/strong> <\/p>\n\n\n\n<figure class=\"wp-block-image aligncenter size-full\"><img loading=\"lazy\" decoding=\"async\" width=\"573\" height=\"259\" src=\"https:\/\/infoecos.com.ar\/wp-content\/uploads\/2024\/12\/image-77.png\" alt=\"\" class=\"wp-image-133974\"\/><\/figure>\n\n\n\n<p class=\"has-text-align-center\"><strong>Sensores Clim\u00e1ticos Municipalidad de Trenque Lauquen <\/strong><\/p>\n\n\n\n<p class=\"has-text-align-center\"><strong>Valores Meteorol\u00f3gicos <\/strong><\/p>\n\n\n\n<p><strong>La temperatura m\u00e1xima fue de 23.7\u00b0 y la m\u00ednima de 8.2\u00b0. Hubo r\u00e1fagas de viento de hasta 33 km\/h<\/strong><\/p>\n\n\n\n<figure class=\"wp-block-image aligncenter size-full\"><img loading=\"lazy\" decoding=\"async\" width=\"606\" height=\"319\" src=\"https:\/\/infoecos.com.ar\/wp-content\/uploads\/2024\/12\/image-79.png\" alt=\"\" class=\"wp-image-133976\"\/><\/figure>\n\n\n\n<figure class=\"wp-block-image aligncenter size-full is-resized\"><img loading=\"lazy\" decoding=\"async\" width=\"960\" height=\"1280\" src=\"https:\/\/infoecos.com.ar\/wp-content\/uploads\/2024\/12\/image-80.png\" alt=\"\" class=\"wp-image-133977\" style=\"width:398px;height:auto\" srcset=\"https:\/\/infoecos.com.ar\/wp-content\/uploads\/2024\/12\/image-80.png 960w, https:\/\/infoecos.com.ar\/wp-content\/uploads\/2024\/12\/image-80-600x800.png 600w, https:\/\/infoecos.com.ar\/wp-content\/uploads\/2024\/12\/image-80-768x1024.png 768w\" sizes=\"(max-width: 960px) 100vw, 960px\" \/><\/figure>\n","protected":false},"excerpt":{"rendered":"<p>Este s\u00e1bado: la temperatura m\u00e1xima fue de 23.7\u00b0 y la m\u00ednima de 8.2\u00b0. Hubo r\u00e1fagas de viento de hasta 33 km\/h<\/p>\n","protected":false},"author":2,"featured_media":133977,"comment_status":"closed","ping_status":"open","sticky":false,"template":"","format":"standard","meta":{"footnotes":""},"categories":[1612],"tags":[],"class_list":["post-133972","post","type-post","status-publish","format-standard","has-post-thumbnail","hentry","category-noticia-principal"],"yoast_head":"<!-- This site is optimized with the Yoast SEO plugin v23.4 - https:\/\/yoast.com\/wordpress\/plugins\/seo\/ -->\n<title>Un s\u00e1bado fresco, pero muy agradable en esta regi\u00f3n, donde se elevar\u00e1 la temperatura y hay estimaciones de lluvia - Infoecos<\/title>\n<meta name=\"robots\" content=\"index, follow, max-snippet:-1, max-image-preview:large, max-video-preview:-1\" \/>\n<link rel=\"canonical\" href=\"https:\/\/infoecos.com.ar\/index.php\/un-sabado-fresco-pero-muy-agradable-en-esta-region-de-la-region-donde-se-elevara-la-temperatura-y-hay-estimaciones-de-lluvia\/\" \/>\n<meta property=\"og:locale\" content=\"es_ES\" \/>\n<meta property=\"og:type\" content=\"article\" \/>\n<meta property=\"og:title\" content=\"Un s\u00e1bado fresco, pero muy agradable en esta regi\u00f3n, donde se elevar\u00e1 la temperatura y hay estimaciones de lluvia - Infoecos\" \/>\n<meta property=\"og:description\" content=\"Este s\u00e1bado: la temperatura m\u00e1xima fue de 23.7\u00b0 y la m\u00ednima de 8.2\u00b0. Hubo r\u00e1fagas de viento de hasta 33 km\/h\" \/>\n<meta property=\"og:url\" content=\"https:\/\/infoecos.com.ar\/index.php\/un-sabado-fresco-pero-muy-agradable-en-esta-region-de-la-region-donde-se-elevara-la-temperatura-y-hay-estimaciones-de-lluvia\/\" \/>\n<meta property=\"og:site_name\" content=\"Infoecos\" \/>\n<meta property=\"article:publisher\" content=\"https:\/\/www.facebook.com\/profile.php?id=100063200290284\" \/>\n<meta property=\"article:published_time\" content=\"2024-12-08T02:23:53+00:00\" \/>\n<meta property=\"article:modified_time\" content=\"2024-12-08T03:09:10+00:00\" \/>\n<meta property=\"og:image\" content=\"https:\/\/infoecos.com.ar\/wp-content\/uploads\/2024\/12\/image-80.png\" \/>\n\t<meta property=\"og:image:width\" content=\"640\" \/>\n\t<meta property=\"og:image:height\" content=\"853\" \/>\n\t<meta property=\"og:image:type\" content=\"image\/png\" \/>\n<meta name=\"author\" content=\"Jorge Matheus\" \/>\n<meta name=\"twitter:card\" content=\"summary_large_image\" \/>\n<meta name=\"twitter:creator\" content=\"@infoecos\" \/>\n<meta name=\"twitter:site\" content=\"@infoecos\" \/>\n<meta name=\"twitter:label1\" content=\"Escrito por\" \/>\n\t<meta name=\"twitter:data1\" content=\"Jorge Matheus\" \/>\n\t<meta name=\"twitter:label2\" content=\"Tiempo de lectura\" \/>\n\t<meta name=\"twitter:data2\" content=\"2 minutos\" \/>\n<script type=\"application\/ld+json\" class=\"yoast-schema-graph\">{\"@context\":\"https:\/\/schema.org\",\"@graph\":[{\"@type\":\"Article\",\"@id\":\"https:\/\/infoecos.com.ar\/index.php\/un-sabado-fresco-pero-muy-agradable-en-esta-region-de-la-region-donde-se-elevara-la-temperatura-y-hay-estimaciones-de-lluvia\/#article\",\"isPartOf\":{\"@id\":\"https:\/\/infoecos.com.ar\/index.php\/un-sabado-fresco-pero-muy-agradable-en-esta-region-de-la-region-donde-se-elevara-la-temperatura-y-hay-estimaciones-de-lluvia\/\"},\"author\":{\"name\":\"Jorge Matheus\",\"@id\":\"https:\/\/infoecos.com.ar\/#\/schema\/person\/8f5ace5ce73b4b4aac4b7245aee6f191\"},\"headline\":\"Un s\u00e1bado fresco, pero muy agradable en esta regi\u00f3n, donde se elevar\u00e1 la temperatura y hay estimaciones de lluvia\",\"datePublished\":\"2024-12-08T02:23:53+00:00\",\"dateModified\":\"2024-12-08T03:09:10+00:00\",\"mainEntityOfPage\":{\"@id\":\"https:\/\/infoecos.com.ar\/index.php\/un-sabado-fresco-pero-muy-agradable-en-esta-region-de-la-region-donde-se-elevara-la-temperatura-y-hay-estimaciones-de-lluvia\/\"},\"wordCount\":77,\"publisher\":{\"@id\":\"https:\/\/infoecos.com.ar\/#organization\"},\"image\":{\"@id\":\"https:\/\/infoecos.com.ar\/index.php\/un-sabado-fresco-pero-muy-agradable-en-esta-region-de-la-region-donde-se-elevara-la-temperatura-y-hay-estimaciones-de-lluvia\/#primaryimage\"},\"thumbnailUrl\":\"https:\/\/infoecos.com.ar\/wp-content\/uploads\/2024\/12\/image-80.png\",\"articleSection\":[\"Noticia Principal\"],\"inLanguage\":\"es\"},{\"@type\":\"WebPage\",\"@id\":\"https:\/\/infoecos.com.ar\/index.php\/un-sabado-fresco-pero-muy-agradable-en-esta-region-de-la-region-donde-se-elevara-la-temperatura-y-hay-estimaciones-de-lluvia\/\",\"url\":\"https:\/\/infoecos.com.ar\/index.php\/un-sabado-fresco-pero-muy-agradable-en-esta-region-de-la-region-donde-se-elevara-la-temperatura-y-hay-estimaciones-de-lluvia\/\",\"name\":\"Un s\u00e1bado fresco, pero muy agradable en esta regi\u00f3n, donde se elevar\u00e1 la temperatura y hay estimaciones de lluvia - Infoecos\",\"isPartOf\":{\"@id\":\"https:\/\/infoecos.com.ar\/#website\"},\"primaryImageOfPage\":{\"@id\":\"https:\/\/infoecos.com.ar\/index.php\/un-sabado-fresco-pero-muy-agradable-en-esta-region-de-la-region-donde-se-elevara-la-temperatura-y-hay-estimaciones-de-lluvia\/#primaryimage\"},\"image\":{\"@id\":\"https:\/\/infoecos.com.ar\/index.php\/un-sabado-fresco-pero-muy-agradable-en-esta-region-de-la-region-donde-se-elevara-la-temperatura-y-hay-estimaciones-de-lluvia\/#primaryimage\"},\"thumbnailUrl\":\"https:\/\/infoecos.com.ar\/wp-content\/uploads\/2024\/12\/image-80.png\",\"datePublished\":\"2024-12-08T02:23:53+00:00\",\"dateModified\":\"2024-12-08T03:09:10+00:00\",\"breadcrumb\":{\"@id\":\"https:\/\/infoecos.com.ar\/index.php\/un-sabado-fresco-pero-muy-agradable-en-esta-region-de-la-region-donde-se-elevara-la-temperatura-y-hay-estimaciones-de-lluvia\/#breadcrumb\"},\"inLanguage\":\"es\",\"potentialAction\":[{\"@type\":\"ReadAction\",\"target\":[\"https:\/\/infoecos.com.ar\/index.php\/un-sabado-fresco-pero-muy-agradable-en-esta-region-de-la-region-donde-se-elevara-la-temperatura-y-hay-estimaciones-de-lluvia\/\"]}]},{\"@type\":\"ImageObject\",\"inLanguage\":\"es\",\"@id\":\"https:\/\/infoecos.com.ar\/index.php\/un-sabado-fresco-pero-muy-agradable-en-esta-region-de-la-region-donde-se-elevara-la-temperatura-y-hay-estimaciones-de-lluvia\/#primaryimage\",\"url\":\"https:\/\/infoecos.com.ar\/wp-content\/uploads\/2024\/12\/image-80.png\",\"contentUrl\":\"https:\/\/infoecos.com.ar\/wp-content\/uploads\/2024\/12\/image-80.png\",\"width\":960,\"height\":1280},{\"@type\":\"BreadcrumbList\",\"@id\":\"https:\/\/infoecos.com.ar\/index.php\/un-sabado-fresco-pero-muy-agradable-en-esta-region-de-la-region-donde-se-elevara-la-temperatura-y-hay-estimaciones-de-lluvia\/#breadcrumb\",\"itemListElement\":[{\"@type\":\"ListItem\",\"position\":1,\"name\":\"Portada\",\"item\":\"https:\/\/infoecos.com.ar\/\"},{\"@type\":\"ListItem\",\"position\":2,\"name\":\"Un s\u00e1bado fresco, pero muy agradable en esta regi\u00f3n, donde se elevar\u00e1 la temperatura y hay estimaciones de lluvia\"}]},{\"@type\":\"WebSite\",\"@id\":\"https:\/\/infoecos.com.ar\/#website\",\"url\":\"https:\/\/infoecos.com.ar\/\",\"name\":\"Infoecos\",\"description\":\"Noticias de trenque lauquen y la zona\",\"publisher\":{\"@id\":\"https:\/\/infoecos.com.ar\/#organization\"},\"alternateName\":\"Noticias\",\"potentialAction\":[{\"@type\":\"SearchAction\",\"target\":{\"@type\":\"EntryPoint\",\"urlTemplate\":\"https:\/\/infoecos.com.ar\/?s={search_term_string}\"},\"query-input\":{\"@type\":\"PropertyValueSpecification\",\"valueRequired\":true,\"valueName\":\"search_term_string\"}}],\"inLanguage\":\"es\"},{\"@type\":\"Organization\",\"@id\":\"https:\/\/infoecos.com.ar\/#organization\",\"name\":\"Infoecos\",\"alternateName\":\"Noticias\",\"url\":\"https:\/\/infoecos.com.ar\/\",\"logo\":{\"@type\":\"ImageObject\",\"inLanguage\":\"es\",\"@id\":\"https:\/\/infoecos.com.ar\/#\/schema\/logo\/image\/\",\"url\":\"https:\/\/infoecos.com.ar\/wp-content\/uploads\/2024\/03\/cropped-logo.png\",\"contentUrl\":\"https:\/\/infoecos.com.ar\/wp-content\/uploads\/2024\/03\/cropped-logo.png\",\"width\":374,\"height\":90,\"caption\":\"Infoecos\"},\"image\":{\"@id\":\"https:\/\/infoecos.com.ar\/#\/schema\/logo\/image\/\"},\"sameAs\":[\"https:\/\/www.facebook.com\/profile.php?id=100063200290284\",\"https:\/\/x.com\/infoecos\"]},{\"@type\":\"Person\",\"@id\":\"https:\/\/infoecos.com.ar\/#\/schema\/person\/8f5ace5ce73b4b4aac4b7245aee6f191\",\"name\":\"Jorge Matheus\",\"url\":\"https:\/\/infoecos.com.ar\/index.php\/author\/jomatheus\/\"}]}<\/script>\n<!-- \/ Yoast SEO plugin. -->","yoast_head_json":{"title":"Un s\u00e1bado fresco, pero muy agradable en esta regi\u00f3n, donde se elevar\u00e1 la temperatura y hay estimaciones de lluvia - Infoecos","robots":{"index":"index","follow":"follow","max-snippet":"max-snippet:-1","max-image-preview":"max-image-preview:large","max-video-preview":"max-video-preview:-1"},"canonical":"https:\/\/infoecos.com.ar\/index.php\/un-sabado-fresco-pero-muy-agradable-en-esta-region-de-la-region-donde-se-elevara-la-temperatura-y-hay-estimaciones-de-lluvia\/","og_locale":"es_ES","og_type":"article","og_title":"Un s\u00e1bado fresco, pero muy agradable en esta regi\u00f3n, donde se elevar\u00e1 la temperatura y hay estimaciones de lluvia - Infoecos","og_description":"Este s\u00e1bado: la temperatura m\u00e1xima fue de 23.7\u00b0 y la m\u00ednima de 8.2\u00b0. Hubo r\u00e1fagas de viento de hasta 33 km\/h","og_url":"https:\/\/infoecos.com.ar\/index.php\/un-sabado-fresco-pero-muy-agradable-en-esta-region-de-la-region-donde-se-elevara-la-temperatura-y-hay-estimaciones-de-lluvia\/","og_site_name":"Infoecos","article_publisher":"https:\/\/www.facebook.com\/profile.php?id=100063200290284","article_published_time":"2024-12-08T02:23:53+00:00","article_modified_time":"2024-12-08T03:09:10+00:00","og_image":[{"url":"https:\/\/infoecos.com.ar\/wp-content\/uploads\/2024\/12\/image-80.png","width":640,"height":853,"type":"image\/png"}],"author":"Jorge Matheus","twitter_card":"summary_large_image","twitter_creator":"@infoecos","twitter_site":"@infoecos","twitter_misc":{"Escrito por":"Jorge Matheus","Tiempo de lectura":"2 minutos"},"schema":{"@context":"https:\/\/schema.org","@graph":[{"@type":"Article","@id":"https:\/\/infoecos.com.ar\/index.php\/un-sabado-fresco-pero-muy-agradable-en-esta-region-de-la-region-donde-se-elevara-la-temperatura-y-hay-estimaciones-de-lluvia\/#article","isPartOf":{"@id":"https:\/\/infoecos.com.ar\/index.php\/un-sabado-fresco-pero-muy-agradable-en-esta-region-de-la-region-donde-se-elevara-la-temperatura-y-hay-estimaciones-de-lluvia\/"},"author":{"name":"Jorge Matheus","@id":"https:\/\/infoecos.com.ar\/#\/schema\/person\/8f5ace5ce73b4b4aac4b7245aee6f191"},"headline":"Un s\u00e1bado fresco, pero muy agradable en esta regi\u00f3n, donde se elevar\u00e1 la temperatura y hay estimaciones de lluvia","datePublished":"2024-12-08T02:23:53+00:00","dateModified":"2024-12-08T03:09:10+00:00","mainEntityOfPage":{"@id":"https:\/\/infoecos.com.ar\/index.php\/un-sabado-fresco-pero-muy-agradable-en-esta-region-de-la-region-donde-se-elevara-la-temperatura-y-hay-estimaciones-de-lluvia\/"},"wordCount":77,"publisher":{"@id":"https:\/\/infoecos.com.ar\/#organization"},"image":{"@id":"https:\/\/infoecos.com.ar\/index.php\/un-sabado-fresco-pero-muy-agradable-en-esta-region-de-la-region-donde-se-elevara-la-temperatura-y-hay-estimaciones-de-lluvia\/#primaryimage"},"thumbnailUrl":"https:\/\/infoecos.com.ar\/wp-content\/uploads\/2024\/12\/image-80.png","articleSection":["Noticia Principal"],"inLanguage":"es"},{"@type":"WebPage","@id":"https:\/\/infoecos.com.ar\/index.php\/un-sabado-fresco-pero-muy-agradable-en-esta-region-de-la-region-donde-se-elevara-la-temperatura-y-hay-estimaciones-de-lluvia\/","url":"https:\/\/infoecos.com.ar\/index.php\/un-sabado-fresco-pero-muy-agradable-en-esta-region-de-la-region-donde-se-elevara-la-temperatura-y-hay-estimaciones-de-lluvia\/","name":"Un s\u00e1bado fresco, pero muy agradable en esta regi\u00f3n, donde se elevar\u00e1 la temperatura y hay estimaciones de lluvia - Infoecos","isPartOf":{"@id":"https:\/\/infoecos.com.ar\/#website"},"primaryImageOfPage":{"@id":"https:\/\/infoecos.com.ar\/index.php\/un-sabado-fresco-pero-muy-agradable-en-esta-region-de-la-region-donde-se-elevara-la-temperatura-y-hay-estimaciones-de-lluvia\/#primaryimage"},"image":{"@id":"https:\/\/infoecos.com.ar\/index.php\/un-sabado-fresco-pero-muy-agradable-en-esta-region-de-la-region-donde-se-elevara-la-temperatura-y-hay-estimaciones-de-lluvia\/#primaryimage"},"thumbnailUrl":"https:\/\/infoecos.com.ar\/wp-content\/uploads\/2024\/12\/image-80.png","datePublished":"2024-12-08T02:23:53+00:00","dateModified":"2024-12-08T03:09:10+00:00","breadcrumb":{"@id":"https:\/\/infoecos.com.ar\/index.php\/un-sabado-fresco-pero-muy-agradable-en-esta-region-de-la-region-donde-se-elevara-la-temperatura-y-hay-estimaciones-de-lluvia\/#breadcrumb"},"inLanguage":"es","potentialAction":[{"@type":"ReadAction","target":["https:\/\/infoecos.com.ar\/index.php\/un-sabado-fresco-pero-muy-agradable-en-esta-region-de-la-region-donde-se-elevara-la-temperatura-y-hay-estimaciones-de-lluvia\/"]}]},{"@type":"ImageObject","inLanguage":"es","@id":"https:\/\/infoecos.com.ar\/index.php\/un-sabado-fresco-pero-muy-agradable-en-esta-region-de-la-region-donde-se-elevara-la-temperatura-y-hay-estimaciones-de-lluvia\/#primaryimage","url":"https:\/\/infoecos.com.ar\/wp-content\/uploads\/2024\/12\/image-80.png","contentUrl":"https:\/\/infoecos.com.ar\/wp-content\/uploads\/2024\/12\/image-80.png","width":960,"height":1280},{"@type":"BreadcrumbList","@id":"https:\/\/infoecos.com.ar\/index.php\/un-sabado-fresco-pero-muy-agradable-en-esta-region-de-la-region-donde-se-elevara-la-temperatura-y-hay-estimaciones-de-lluvia\/#breadcrumb","itemListElement":[{"@type":"ListItem","position":1,"name":"Portada","item":"https:\/\/infoecos.com.ar\/"},{"@type":"ListItem","position":2,"name":"Un s\u00e1bado fresco, pero muy agradable en esta regi\u00f3n, donde se elevar\u00e1 la temperatura y hay estimaciones de lluvia"}]},{"@type":"WebSite","@id":"https:\/\/infoecos.com.ar\/#website","url":"https:\/\/infoecos.com.ar\/","name":"Infoecos","description":"Noticias de trenque lauquen y la zona","publisher":{"@id":"https:\/\/infoecos.com.ar\/#organization"},"alternateName":"Noticias","potentialAction":[{"@type":"SearchAction","target":{"@type":"EntryPoint","urlTemplate":"https:\/\/infoecos.com.ar\/?s={search_term_string}"},"query-input":{"@type":"PropertyValueSpecification","valueRequired":true,"valueName":"search_term_string"}}],"inLanguage":"es"},{"@type":"Organization","@id":"https:\/\/infoecos.com.ar\/#organization","name":"Infoecos","alternateName":"Noticias","url":"https:\/\/infoecos.com.ar\/","logo":{"@type":"ImageObject","inLanguage":"es","@id":"https:\/\/infoecos.com.ar\/#\/schema\/logo\/image\/","url":"https:\/\/infoecos.com.ar\/wp-content\/uploads\/2024\/03\/cropped-logo.png","contentUrl":"https:\/\/infoecos.com.ar\/wp-content\/uploads\/2024\/03\/cropped-logo.png","width":374,"height":90,"caption":"Infoecos"},"image":{"@id":"https:\/\/infoecos.com.ar\/#\/schema\/logo\/image\/"},"sameAs":["https:\/\/www.facebook.com\/profile.php?id=100063200290284","https:\/\/x.com\/infoecos"]},{"@type":"Person","@id":"https:\/\/infoecos.com.ar\/#\/schema\/person\/8f5ace5ce73b4b4aac4b7245aee6f191","name":"Jorge Matheus","url":"https:\/\/infoecos.com.ar\/index.php\/author\/jomatheus\/"}]}},"featured_image_urls":{"full":["https:\/\/infoecos.com.ar\/wp-content\/uploads\/2024\/12\/image-80.png",960,1280,false],"thumbnail":["https:\/\/infoecos.com.ar\/wp-content\/uploads\/2024\/12\/image-80-300x150.png",300,150,true],"medium":["https:\/\/infoecos.com.ar\/wp-content\/uploads\/2024\/12\/image-80-600x800.png",600,800,true],"medium_large":["https:\/\/infoecos.com.ar\/wp-content\/uploads\/2024\/12\/image-80-768x1024.png",640,853,true],"large":["https:\/\/infoecos.com.ar\/wp-content\/uploads\/2024\/12\/image-80.png",640,853,false],"1536x1536":["https:\/\/infoecos.com.ar\/wp-content\/uploads\/2024\/12\/image-80.png",960,1280,false],"2048x2048":["https:\/\/infoecos.com.ar\/wp-content\/uploads\/2024\/12\/image-80.png",960,1280,false],"covernews-slider-full":["https:\/\/infoecos.com.ar\/wp-content\/uploads\/2024\/12\/image-80-960x715.png",960,715,true],"covernews-slider-center":["https:\/\/infoecos.com.ar\/wp-content\/uploads\/2024\/12\/image-80-800x500.png",800,500,true],"covernews-featured":["https:\/\/infoecos.com.ar\/wp-content\/uploads\/2024\/12\/image-80.png",960,1280,false],"covernews-medium":["https:\/\/infoecos.com.ar\/wp-content\/uploads\/2024\/12\/image-80-540x340.png",540,340,true],"covernews-medium-square":["https:\/\/infoecos.com.ar\/wp-content\/uploads\/2024\/12\/image-80-400x250.png",400,250,true]},"author_info":{"info":["Jorge Matheus"]},"category_info":"<a href=\"https:\/\/infoecos.com.ar\/index.php\/category\/noticia-principal\/\" rel=\"category tag\">Noticia Principal<\/a>","tag_info":"Noticia Principal","comment_count":"0","_links":{"self":[{"href":"https:\/\/infoecos.com.ar\/index.php\/wp-json\/wp\/v2\/posts\/133972"}],"collection":[{"href":"https:\/\/infoecos.com.ar\/index.php\/wp-json\/wp\/v2\/posts"}],"about":[{"href":"https:\/\/infoecos.com.ar\/index.php\/wp-json\/wp\/v2\/types\/post"}],"author":[{"embeddable":true,"href":"https:\/\/infoecos.com.ar\/index.php\/wp-json\/wp\/v2\/users\/2"}],"replies":[{"embeddable":true,"href":"https:\/\/infoecos.com.ar\/index.php\/wp-json\/wp\/v2\/comments?post=133972"}],"version-history":[{"count":2,"href":"https:\/\/infoecos.com.ar\/index.php\/wp-json\/wp\/v2\/posts\/133972\/revisions"}],"predecessor-version":[{"id":133985,"href":"https:\/\/infoecos.com.ar\/index.php\/wp-json\/wp\/v2\/posts\/133972\/revisions\/133985"}],"wp:featuredmedia":[{"embeddable":true,"href":"https:\/\/infoecos.com.ar\/index.php\/wp-json\/wp\/v2\/media\/133977"}],"wp:attachment":[{"href":"https:\/\/infoecos.com.ar\/index.php\/wp-json\/wp\/v2\/media?parent=133972"}],"wp:term":[{"taxonomy":"category","embeddable":true,"href":"https:\/\/infoecos.com.ar\/index.php\/wp-json\/wp\/v2\/categories?post=133972"},{"taxonomy":"post_tag","embeddable":true,"href":"https:\/\/infoecos.com.ar\/index.php\/wp-json\/wp\/v2\/tags?post=133972"}],"curies":[{"name":"wp","href":"https:\/\/api.w.org\/{rel}","templated":true}]}}