{"id":134053,"date":"2024-12-09T22:39:08","date_gmt":"2024-12-10T01:39:08","guid":{"rendered":"https:\/\/infoecos.com.ar\/?p=134053"},"modified":"2024-12-09T23:02:06","modified_gmt":"2024-12-10T02:02:06","slug":"sin-estimacion-de-lluvia-por-un-dia-este-martes-para-el-miercoles-entre-un-40-y-70-de-probabilidades-acompanada-por-tormenta-electrica","status":"publish","type":"post","link":"https:\/\/infoecos.com.ar\/index.php\/sin-estimacion-de-lluvia-por-un-dia-este-martes-para-el-miercoles-entre-un-40-y-70-de-probabilidades-acompanada-por-tormenta-electrica\/","title":{"rendered":"Sin estimaci\u00f3n de lluvia (por un d\u00eda): este martes. El mi\u00e9rcoles desde 40% a 70% de probabilidades, con tormenta el\u00e9ctrica"},"content":{"rendered":"\n<p class=\"has-text-align-center\"><strong>Servicio Meteorol\u00f3gico Nacional<\/strong><\/p>\n\n\n\n<p class=\"has-text-align-center\"><strong>Pron\u00f3stico hasta el jueves<\/strong><\/p>\n\n\n\n<p><strong><mark style=\"background-color:rgba(0, 0, 0, 0)\" class=\"has-inline-color has-vivid-red-color\">Sin estimaci\u00f3n de lluvia, por un d\u00eda, este martes. Para el mi\u00e9rcoles entre un 40% y 70% de lluvia, acompa\u00f1ada el agua por tormenta el\u00e9ctrica. Se pronostican vientos de hasta 50 km\/h.<\/mark><\/strong><\/p>\n\n\n\n<figure class=\"wp-block-image aligncenter size-full\"><img loading=\"lazy\" decoding=\"async\" width=\"478\" height=\"253\" src=\"https:\/\/infoecos.com.ar\/wp-content\/uploads\/2024\/12\/image-100.png\" alt=\"\" class=\"wp-image-134054\"\/><\/figure>\n\n\n\n<p class=\"has-text-align-center\"><strong>Sensores Clim\u00e1ticos Municipalidad de Trenque Lauquen <\/strong><\/p>\n\n\n\n<p class=\"has-text-align-center\"><strong>Valores Meteorol\u00f3gicos del lunes 9 de diciembre 2024<\/strong><\/p>\n\n\n\n<p><strong><mark style=\"background-color:rgba(0, 0, 0, 0)\" class=\"has-inline-color has-vivid-red-color\">La temperatura m\u00e1xima del lunes se registr\u00f3 a las 15.45, alcanzando los 29.8\u00b0 y una m\u00ednima de 13.1\u00b0 a la madrugada, 03.45. Hubo r\u00e1fagas de viento fuerte durante la ma\u00f1ana del sector NNE, llegando a 39.2 km\/h. <\/mark><\/strong><\/p>\n\n\n\n<figure class=\"wp-block-image aligncenter size-full\"><img loading=\"lazy\" decoding=\"async\" width=\"609\" height=\"325\" src=\"https:\/\/infoecos.com.ar\/wp-content\/uploads\/2024\/12\/image-101.png\" alt=\"\" class=\"wp-image-134055\"\/><\/figure>\n","protected":false},"excerpt":{"rendered":"<p>Este lunes: La temperatura m\u00e1xima se registr\u00f3 a las 15.45, alcanzando los 29.8\u00b0 y una m\u00ednima de 13.1\u00b0 a la madrugada, 03.45. Hubo r\u00e1fagas de viento fuerte durante la ma\u00f1ana del sector NNE, llegando a 39.2 km\/h<\/p>\n","protected":false},"author":2,"featured_media":134056,"comment_status":"closed","ping_status":"open","sticky":false,"template":"","format":"standard","meta":{"footnotes":""},"categories":[1612],"tags":[],"class_list":["post-134053","post","type-post","status-publish","format-standard","has-post-thumbnail","hentry","category-noticia-principal"],"yoast_head":"<!-- This site is optimized with the Yoast SEO plugin v23.4 - https:\/\/yoast.com\/wordpress\/plugins\/seo\/ -->\n<title>Sin estimaci\u00f3n de lluvia (por un d\u00eda): este martes. El mi\u00e9rcoles desde 40% a 70% de probabilidades, con tormenta el\u00e9ctrica - Infoecos<\/title>\n<meta name=\"robots\" content=\"index, follow, max-snippet:-1, max-image-preview:large, max-video-preview:-1\" \/>\n<link rel=\"canonical\" href=\"https:\/\/infoecos.com.ar\/index.php\/sin-estimacion-de-lluvia-por-un-dia-este-martes-para-el-miercoles-entre-un-40-y-70-de-probabilidades-acompanada-por-tormenta-electrica\/\" \/>\n<meta property=\"og:locale\" content=\"es_ES\" \/>\n<meta property=\"og:type\" content=\"article\" \/>\n<meta property=\"og:title\" content=\"Sin estimaci\u00f3n de lluvia (por un d\u00eda): este martes. El mi\u00e9rcoles desde 40% a 70% de probabilidades, con tormenta el\u00e9ctrica - Infoecos\" \/>\n<meta property=\"og:description\" content=\"Este lunes: La temperatura m\u00e1xima se registr\u00f3 a las 15.45, alcanzando los 29.8\u00b0 y una m\u00ednima de 13.1\u00b0 a la madrugada, 03.45. Hubo r\u00e1fagas de viento fuerte durante la ma\u00f1ana del sector NNE, llegando a 39.2 km\/h\" \/>\n<meta property=\"og:url\" content=\"https:\/\/infoecos.com.ar\/index.php\/sin-estimacion-de-lluvia-por-un-dia-este-martes-para-el-miercoles-entre-un-40-y-70-de-probabilidades-acompanada-por-tormenta-electrica\/\" \/>\n<meta property=\"og:site_name\" content=\"Infoecos\" \/>\n<meta property=\"article:publisher\" content=\"https:\/\/www.facebook.com\/profile.php?id=100063200290284\" \/>\n<meta property=\"article:published_time\" content=\"2024-12-10T01:39:08+00:00\" \/>\n<meta property=\"article:modified_time\" content=\"2024-12-10T02:02:06+00:00\" \/>\n<meta property=\"og:image\" content=\"https:\/\/infoecos.com.ar\/wp-content\/uploads\/2024\/12\/459958407_10235284652756397_2159855723970316952_n.jpg\" \/>\n\t<meta property=\"og:image:width\" content=\"960\" \/>\n\t<meta property=\"og:image:height\" content=\"539\" \/>\n\t<meta property=\"og:image:type\" content=\"image\/jpeg\" \/>\n<meta name=\"author\" content=\"Jorge Matheus\" \/>\n<meta name=\"twitter:card\" content=\"summary_large_image\" \/>\n<meta name=\"twitter:creator\" content=\"@infoecos\" \/>\n<meta name=\"twitter:site\" content=\"@infoecos\" \/>\n<meta name=\"twitter:label1\" content=\"Escrito por\" \/>\n\t<meta name=\"twitter:data1\" content=\"Jorge Matheus\" \/>\n\t<meta name=\"twitter:label2\" content=\"Tiempo de lectura\" \/>\n\t<meta name=\"twitter:data2\" content=\"2 minutos\" \/>\n<script type=\"application\/ld+json\" class=\"yoast-schema-graph\">{\"@context\":\"https:\/\/schema.org\",\"@graph\":[{\"@type\":\"Article\",\"@id\":\"https:\/\/infoecos.com.ar\/index.php\/sin-estimacion-de-lluvia-por-un-dia-este-martes-para-el-miercoles-entre-un-40-y-70-de-probabilidades-acompanada-por-tormenta-electrica\/#article\",\"isPartOf\":{\"@id\":\"https:\/\/infoecos.com.ar\/index.php\/sin-estimacion-de-lluvia-por-un-dia-este-martes-para-el-miercoles-entre-un-40-y-70-de-probabilidades-acompanada-por-tormenta-electrica\/\"},\"author\":{\"name\":\"Jorge Matheus\",\"@id\":\"https:\/\/infoecos.com.ar\/#\/schema\/person\/8f5ace5ce73b4b4aac4b7245aee6f191\"},\"headline\":\"Sin estimaci\u00f3n de lluvia (por un d\u00eda): este martes. El mi\u00e9rcoles desde 40% a 70% de probabilidades, con tormenta el\u00e9ctrica\",\"datePublished\":\"2024-12-10T01:39:08+00:00\",\"dateModified\":\"2024-12-10T02:02:06+00:00\",\"mainEntityOfPage\":{\"@id\":\"https:\/\/infoecos.com.ar\/index.php\/sin-estimacion-de-lluvia-por-un-dia-este-martes-para-el-miercoles-entre-un-40-y-70-de-probabilidades-acompanada-por-tormenta-electrica\/\"},\"wordCount\":117,\"publisher\":{\"@id\":\"https:\/\/infoecos.com.ar\/#organization\"},\"image\":{\"@id\":\"https:\/\/infoecos.com.ar\/index.php\/sin-estimacion-de-lluvia-por-un-dia-este-martes-para-el-miercoles-entre-un-40-y-70-de-probabilidades-acompanada-por-tormenta-electrica\/#primaryimage\"},\"thumbnailUrl\":\"https:\/\/infoecos.com.ar\/wp-content\/uploads\/2024\/12\/459958407_10235284652756397_2159855723970316952_n.jpg\",\"articleSection\":[\"Noticia Principal\"],\"inLanguage\":\"es\"},{\"@type\":\"WebPage\",\"@id\":\"https:\/\/infoecos.com.ar\/index.php\/sin-estimacion-de-lluvia-por-un-dia-este-martes-para-el-miercoles-entre-un-40-y-70-de-probabilidades-acompanada-por-tormenta-electrica\/\",\"url\":\"https:\/\/infoecos.com.ar\/index.php\/sin-estimacion-de-lluvia-por-un-dia-este-martes-para-el-miercoles-entre-un-40-y-70-de-probabilidades-acompanada-por-tormenta-electrica\/\",\"name\":\"Sin estimaci\u00f3n de lluvia (por un d\u00eda): este martes. El mi\u00e9rcoles desde 40% a 70% de probabilidades, con tormenta el\u00e9ctrica - Infoecos\",\"isPartOf\":{\"@id\":\"https:\/\/infoecos.com.ar\/#website\"},\"primaryImageOfPage\":{\"@id\":\"https:\/\/infoecos.com.ar\/index.php\/sin-estimacion-de-lluvia-por-un-dia-este-martes-para-el-miercoles-entre-un-40-y-70-de-probabilidades-acompanada-por-tormenta-electrica\/#primaryimage\"},\"image\":{\"@id\":\"https:\/\/infoecos.com.ar\/index.php\/sin-estimacion-de-lluvia-por-un-dia-este-martes-para-el-miercoles-entre-un-40-y-70-de-probabilidades-acompanada-por-tormenta-electrica\/#primaryimage\"},\"thumbnailUrl\":\"https:\/\/infoecos.com.ar\/wp-content\/uploads\/2024\/12\/459958407_10235284652756397_2159855723970316952_n.jpg\",\"datePublished\":\"2024-12-10T01:39:08+00:00\",\"dateModified\":\"2024-12-10T02:02:06+00:00\",\"breadcrumb\":{\"@id\":\"https:\/\/infoecos.com.ar\/index.php\/sin-estimacion-de-lluvia-por-un-dia-este-martes-para-el-miercoles-entre-un-40-y-70-de-probabilidades-acompanada-por-tormenta-electrica\/#breadcrumb\"},\"inLanguage\":\"es\",\"potentialAction\":[{\"@type\":\"ReadAction\",\"target\":[\"https:\/\/infoecos.com.ar\/index.php\/sin-estimacion-de-lluvia-por-un-dia-este-martes-para-el-miercoles-entre-un-40-y-70-de-probabilidades-acompanada-por-tormenta-electrica\/\"]}]},{\"@type\":\"ImageObject\",\"inLanguage\":\"es\",\"@id\":\"https:\/\/infoecos.com.ar\/index.php\/sin-estimacion-de-lluvia-por-un-dia-este-martes-para-el-miercoles-entre-un-40-y-70-de-probabilidades-acompanada-por-tormenta-electrica\/#primaryimage\",\"url\":\"https:\/\/infoecos.com.ar\/wp-content\/uploads\/2024\/12\/459958407_10235284652756397_2159855723970316952_n.jpg\",\"contentUrl\":\"https:\/\/infoecos.com.ar\/wp-content\/uploads\/2024\/12\/459958407_10235284652756397_2159855723970316952_n.jpg\",\"width\":960,\"height\":539},{\"@type\":\"BreadcrumbList\",\"@id\":\"https:\/\/infoecos.com.ar\/index.php\/sin-estimacion-de-lluvia-por-un-dia-este-martes-para-el-miercoles-entre-un-40-y-70-de-probabilidades-acompanada-por-tormenta-electrica\/#breadcrumb\",\"itemListElement\":[{\"@type\":\"ListItem\",\"position\":1,\"name\":\"Portada\",\"item\":\"https:\/\/infoecos.com.ar\/\"},{\"@type\":\"ListItem\",\"position\":2,\"name\":\"Sin estimaci\u00f3n de lluvia (por un d\u00eda): este martes. El mi\u00e9rcoles desde 40% a 70% de probabilidades, con tormenta el\u00e9ctrica\"}]},{\"@type\":\"WebSite\",\"@id\":\"https:\/\/infoecos.com.ar\/#website\",\"url\":\"https:\/\/infoecos.com.ar\/\",\"name\":\"Infoecos\",\"description\":\"Noticias de trenque lauquen y la zona\",\"publisher\":{\"@id\":\"https:\/\/infoecos.com.ar\/#organization\"},\"alternateName\":\"Noticias\",\"potentialAction\":[{\"@type\":\"SearchAction\",\"target\":{\"@type\":\"EntryPoint\",\"urlTemplate\":\"https:\/\/infoecos.com.ar\/?s={search_term_string}\"},\"query-input\":{\"@type\":\"PropertyValueSpecification\",\"valueRequired\":true,\"valueName\":\"search_term_string\"}}],\"inLanguage\":\"es\"},{\"@type\":\"Organization\",\"@id\":\"https:\/\/infoecos.com.ar\/#organization\",\"name\":\"Infoecos\",\"alternateName\":\"Noticias\",\"url\":\"https:\/\/infoecos.com.ar\/\",\"logo\":{\"@type\":\"ImageObject\",\"inLanguage\":\"es\",\"@id\":\"https:\/\/infoecos.com.ar\/#\/schema\/logo\/image\/\",\"url\":\"https:\/\/infoecos.com.ar\/wp-content\/uploads\/2024\/03\/cropped-logo.png\",\"contentUrl\":\"https:\/\/infoecos.com.ar\/wp-content\/uploads\/2024\/03\/cropped-logo.png\",\"width\":374,\"height\":90,\"caption\":\"Infoecos\"},\"image\":{\"@id\":\"https:\/\/infoecos.com.ar\/#\/schema\/logo\/image\/\"},\"sameAs\":[\"https:\/\/www.facebook.com\/profile.php?id=100063200290284\",\"https:\/\/x.com\/infoecos\"]},{\"@type\":\"Person\",\"@id\":\"https:\/\/infoecos.com.ar\/#\/schema\/person\/8f5ace5ce73b4b4aac4b7245aee6f191\",\"name\":\"Jorge Matheus\",\"url\":\"https:\/\/infoecos.com.ar\/index.php\/author\/jomatheus\/\"}]}<\/script>\n<!-- \/ Yoast SEO plugin. -->","yoast_head_json":{"title":"Sin estimaci\u00f3n de lluvia (por un d\u00eda): este martes. El mi\u00e9rcoles desde 40% a 70% de probabilidades, con tormenta el\u00e9ctrica - Infoecos","robots":{"index":"index","follow":"follow","max-snippet":"max-snippet:-1","max-image-preview":"max-image-preview:large","max-video-preview":"max-video-preview:-1"},"canonical":"https:\/\/infoecos.com.ar\/index.php\/sin-estimacion-de-lluvia-por-un-dia-este-martes-para-el-miercoles-entre-un-40-y-70-de-probabilidades-acompanada-por-tormenta-electrica\/","og_locale":"es_ES","og_type":"article","og_title":"Sin estimaci\u00f3n de lluvia (por un d\u00eda): este martes. El mi\u00e9rcoles desde 40% a 70% de probabilidades, con tormenta el\u00e9ctrica - Infoecos","og_description":"Este lunes: La temperatura m\u00e1xima se registr\u00f3 a las 15.45, alcanzando los 29.8\u00b0 y una m\u00ednima de 13.1\u00b0 a la madrugada, 03.45. Hubo r\u00e1fagas de viento fuerte durante la ma\u00f1ana del sector NNE, llegando a 39.2 km\/h","og_url":"https:\/\/infoecos.com.ar\/index.php\/sin-estimacion-de-lluvia-por-un-dia-este-martes-para-el-miercoles-entre-un-40-y-70-de-probabilidades-acompanada-por-tormenta-electrica\/","og_site_name":"Infoecos","article_publisher":"https:\/\/www.facebook.com\/profile.php?id=100063200290284","article_published_time":"2024-12-10T01:39:08+00:00","article_modified_time":"2024-12-10T02:02:06+00:00","og_image":[{"width":960,"height":539,"url":"https:\/\/infoecos.com.ar\/wp-content\/uploads\/2024\/12\/459958407_10235284652756397_2159855723970316952_n.jpg","type":"image\/jpeg"}],"author":"Jorge Matheus","twitter_card":"summary_large_image","twitter_creator":"@infoecos","twitter_site":"@infoecos","twitter_misc":{"Escrito por":"Jorge Matheus","Tiempo de lectura":"2 minutos"},"schema":{"@context":"https:\/\/schema.org","@graph":[{"@type":"Article","@id":"https:\/\/infoecos.com.ar\/index.php\/sin-estimacion-de-lluvia-por-un-dia-este-martes-para-el-miercoles-entre-un-40-y-70-de-probabilidades-acompanada-por-tormenta-electrica\/#article","isPartOf":{"@id":"https:\/\/infoecos.com.ar\/index.php\/sin-estimacion-de-lluvia-por-un-dia-este-martes-para-el-miercoles-entre-un-40-y-70-de-probabilidades-acompanada-por-tormenta-electrica\/"},"author":{"name":"Jorge Matheus","@id":"https:\/\/infoecos.com.ar\/#\/schema\/person\/8f5ace5ce73b4b4aac4b7245aee6f191"},"headline":"Sin estimaci\u00f3n de lluvia (por un d\u00eda): este martes. El mi\u00e9rcoles desde 40% a 70% de probabilidades, con tormenta el\u00e9ctrica","datePublished":"2024-12-10T01:39:08+00:00","dateModified":"2024-12-10T02:02:06+00:00","mainEntityOfPage":{"@id":"https:\/\/infoecos.com.ar\/index.php\/sin-estimacion-de-lluvia-por-un-dia-este-martes-para-el-miercoles-entre-un-40-y-70-de-probabilidades-acompanada-por-tormenta-electrica\/"},"wordCount":117,"publisher":{"@id":"https:\/\/infoecos.com.ar\/#organization"},"image":{"@id":"https:\/\/infoecos.com.ar\/index.php\/sin-estimacion-de-lluvia-por-un-dia-este-martes-para-el-miercoles-entre-un-40-y-70-de-probabilidades-acompanada-por-tormenta-electrica\/#primaryimage"},"thumbnailUrl":"https:\/\/infoecos.com.ar\/wp-content\/uploads\/2024\/12\/459958407_10235284652756397_2159855723970316952_n.jpg","articleSection":["Noticia Principal"],"inLanguage":"es"},{"@type":"WebPage","@id":"https:\/\/infoecos.com.ar\/index.php\/sin-estimacion-de-lluvia-por-un-dia-este-martes-para-el-miercoles-entre-un-40-y-70-de-probabilidades-acompanada-por-tormenta-electrica\/","url":"https:\/\/infoecos.com.ar\/index.php\/sin-estimacion-de-lluvia-por-un-dia-este-martes-para-el-miercoles-entre-un-40-y-70-de-probabilidades-acompanada-por-tormenta-electrica\/","name":"Sin estimaci\u00f3n de lluvia (por un d\u00eda): este martes. El mi\u00e9rcoles desde 40% a 70% de probabilidades, con tormenta el\u00e9ctrica - Infoecos","isPartOf":{"@id":"https:\/\/infoecos.com.ar\/#website"},"primaryImageOfPage":{"@id":"https:\/\/infoecos.com.ar\/index.php\/sin-estimacion-de-lluvia-por-un-dia-este-martes-para-el-miercoles-entre-un-40-y-70-de-probabilidades-acompanada-por-tormenta-electrica\/#primaryimage"},"image":{"@id":"https:\/\/infoecos.com.ar\/index.php\/sin-estimacion-de-lluvia-por-un-dia-este-martes-para-el-miercoles-entre-un-40-y-70-de-probabilidades-acompanada-por-tormenta-electrica\/#primaryimage"},"thumbnailUrl":"https:\/\/infoecos.com.ar\/wp-content\/uploads\/2024\/12\/459958407_10235284652756397_2159855723970316952_n.jpg","datePublished":"2024-12-10T01:39:08+00:00","dateModified":"2024-12-10T02:02:06+00:00","breadcrumb":{"@id":"https:\/\/infoecos.com.ar\/index.php\/sin-estimacion-de-lluvia-por-un-dia-este-martes-para-el-miercoles-entre-un-40-y-70-de-probabilidades-acompanada-por-tormenta-electrica\/#breadcrumb"},"inLanguage":"es","potentialAction":[{"@type":"ReadAction","target":["https:\/\/infoecos.com.ar\/index.php\/sin-estimacion-de-lluvia-por-un-dia-este-martes-para-el-miercoles-entre-un-40-y-70-de-probabilidades-acompanada-por-tormenta-electrica\/"]}]},{"@type":"ImageObject","inLanguage":"es","@id":"https:\/\/infoecos.com.ar\/index.php\/sin-estimacion-de-lluvia-por-un-dia-este-martes-para-el-miercoles-entre-un-40-y-70-de-probabilidades-acompanada-por-tormenta-electrica\/#primaryimage","url":"https:\/\/infoecos.com.ar\/wp-content\/uploads\/2024\/12\/459958407_10235284652756397_2159855723970316952_n.jpg","contentUrl":"https:\/\/infoecos.com.ar\/wp-content\/uploads\/2024\/12\/459958407_10235284652756397_2159855723970316952_n.jpg","width":960,"height":539},{"@type":"BreadcrumbList","@id":"https:\/\/infoecos.com.ar\/index.php\/sin-estimacion-de-lluvia-por-un-dia-este-martes-para-el-miercoles-entre-un-40-y-70-de-probabilidades-acompanada-por-tormenta-electrica\/#breadcrumb","itemListElement":[{"@type":"ListItem","position":1,"name":"Portada","item":"https:\/\/infoecos.com.ar\/"},{"@type":"ListItem","position":2,"name":"Sin estimaci\u00f3n de lluvia (por un d\u00eda): este martes. El mi\u00e9rcoles desde 40% a 70% de probabilidades, con tormenta el\u00e9ctrica"}]},{"@type":"WebSite","@id":"https:\/\/infoecos.com.ar\/#website","url":"https:\/\/infoecos.com.ar\/","name":"Infoecos","description":"Noticias de trenque lauquen y la zona","publisher":{"@id":"https:\/\/infoecos.com.ar\/#organization"},"alternateName":"Noticias","potentialAction":[{"@type":"SearchAction","target":{"@type":"EntryPoint","urlTemplate":"https:\/\/infoecos.com.ar\/?s={search_term_string}"},"query-input":{"@type":"PropertyValueSpecification","valueRequired":true,"valueName":"search_term_string"}}],"inLanguage":"es"},{"@type":"Organization","@id":"https:\/\/infoecos.com.ar\/#organization","name":"Infoecos","alternateName":"Noticias","url":"https:\/\/infoecos.com.ar\/","logo":{"@type":"ImageObject","inLanguage":"es","@id":"https:\/\/infoecos.com.ar\/#\/schema\/logo\/image\/","url":"https:\/\/infoecos.com.ar\/wp-content\/uploads\/2024\/03\/cropped-logo.png","contentUrl":"https:\/\/infoecos.com.ar\/wp-content\/uploads\/2024\/03\/cropped-logo.png","width":374,"height":90,"caption":"Infoecos"},"image":{"@id":"https:\/\/infoecos.com.ar\/#\/schema\/logo\/image\/"},"sameAs":["https:\/\/www.facebook.com\/profile.php?id=100063200290284","https:\/\/x.com\/infoecos"]},{"@type":"Person","@id":"https:\/\/infoecos.com.ar\/#\/schema\/person\/8f5ace5ce73b4b4aac4b7245aee6f191","name":"Jorge Matheus","url":"https:\/\/infoecos.com.ar\/index.php\/author\/jomatheus\/"}]}},"featured_image_urls":{"full":["https:\/\/infoecos.com.ar\/wp-content\/uploads\/2024\/12\/459958407_10235284652756397_2159855723970316952_n.jpg",960,539,false],"thumbnail":["https:\/\/infoecos.com.ar\/wp-content\/uploads\/2024\/12\/459958407_10235284652756397_2159855723970316952_n-300x150.jpg",300,150,true],"medium":["https:\/\/infoecos.com.ar\/wp-content\/uploads\/2024\/12\/459958407_10235284652756397_2159855723970316952_n-800x449.jpg",800,449,true],"medium_large":["https:\/\/infoecos.com.ar\/wp-content\/uploads\/2024\/12\/459958407_10235284652756397_2159855723970316952_n-768x431.jpg",640,359,true],"large":["https:\/\/infoecos.com.ar\/wp-content\/uploads\/2024\/12\/459958407_10235284652756397_2159855723970316952_n.jpg",640,359,false],"1536x1536":["https:\/\/infoecos.com.ar\/wp-content\/uploads\/2024\/12\/459958407_10235284652756397_2159855723970316952_n.jpg",960,539,false],"2048x2048":["https:\/\/infoecos.com.ar\/wp-content\/uploads\/2024\/12\/459958407_10235284652756397_2159855723970316952_n.jpg",960,539,false],"covernews-slider-full":["https:\/\/infoecos.com.ar\/wp-content\/uploads\/2024\/12\/459958407_10235284652756397_2159855723970316952_n.jpg",960,539,false],"covernews-slider-center":["https:\/\/infoecos.com.ar\/wp-content\/uploads\/2024\/12\/459958407_10235284652756397_2159855723970316952_n-800x500.jpg",800,500,true],"covernews-featured":["https:\/\/infoecos.com.ar\/wp-content\/uploads\/2024\/12\/459958407_10235284652756397_2159855723970316952_n.jpg",960,539,false],"covernews-medium":["https:\/\/infoecos.com.ar\/wp-content\/uploads\/2024\/12\/459958407_10235284652756397_2159855723970316952_n-540x340.jpg",540,340,true],"covernews-medium-square":["https:\/\/infoecos.com.ar\/wp-content\/uploads\/2024\/12\/459958407_10235284652756397_2159855723970316952_n-400x250.jpg",400,250,true]},"author_info":{"info":["Jorge Matheus"]},"category_info":"<a href=\"https:\/\/infoecos.com.ar\/index.php\/category\/noticia-principal\/\" rel=\"category tag\">Noticia Principal<\/a>","tag_info":"Noticia Principal","comment_count":"0","_links":{"self":[{"href":"https:\/\/infoecos.com.ar\/index.php\/wp-json\/wp\/v2\/posts\/134053"}],"collection":[{"href":"https:\/\/infoecos.com.ar\/index.php\/wp-json\/wp\/v2\/posts"}],"about":[{"href":"https:\/\/infoecos.com.ar\/index.php\/wp-json\/wp\/v2\/types\/post"}],"author":[{"embeddable":true,"href":"https:\/\/infoecos.com.ar\/index.php\/wp-json\/wp\/v2\/users\/2"}],"replies":[{"embeddable":true,"href":"https:\/\/infoecos.com.ar\/index.php\/wp-json\/wp\/v2\/comments?post=134053"}],"version-history":[{"count":3,"href":"https:\/\/infoecos.com.ar\/index.php\/wp-json\/wp\/v2\/posts\/134053\/revisions"}],"predecessor-version":[{"id":134062,"href":"https:\/\/infoecos.com.ar\/index.php\/wp-json\/wp\/v2\/posts\/134053\/revisions\/134062"}],"wp:featuredmedia":[{"embeddable":true,"href":"https:\/\/infoecos.com.ar\/index.php\/wp-json\/wp\/v2\/media\/134056"}],"wp:attachment":[{"href":"https:\/\/infoecos.com.ar\/index.php\/wp-json\/wp\/v2\/media?parent=134053"}],"wp:term":[{"taxonomy":"category","embeddable":true,"href":"https:\/\/infoecos.com.ar\/index.php\/wp-json\/wp\/v2\/categories?post=134053"},{"taxonomy":"post_tag","embeddable":true,"href":"https:\/\/infoecos.com.ar\/index.php\/wp-json\/wp\/v2\/tags?post=134053"}],"curies":[{"name":"wp","href":"https:\/\/api.w.org\/{rel}","templated":true}]}}