{"id":134241,"date":"2024-12-12T23:13:50","date_gmt":"2024-12-13T02:13:50","guid":{"rendered":"https:\/\/infoecos.com.ar\/?p=134241"},"modified":"2024-12-12T23:17:24","modified_gmt":"2024-12-13T02:17:24","slug":"registro-de-lluvia-9-5-mm-y-estimacion-que-continuaran-estas-condiciones-hasta-el-mediodia","status":"publish","type":"post","link":"https:\/\/infoecos.com.ar\/index.php\/registro-de-lluvia-9-5-mm-y-estimacion-que-continuaran-estas-condiciones-hasta-el-mediodia\/","title":{"rendered":"Registro de lluvia 9.5 mm, y estimaci\u00f3n que continuar\u00e1n las mismas condiciones hasta el mediod\u00eda de este viernes"},"content":{"rendered":"\n<p class=\"has-text-align-center\"> <strong>Servicio Meteorol\u00f3gico Nacional <\/strong><\/p>\n\n\n\n<p class=\"has-text-align-center\"><strong>Pron\u00f3stico hasta el domingo<\/strong><\/p>\n\n\n\n<p><strong><mark style=\"background-color:rgba(0, 0, 0, 0)\" class=\"has-inline-color has-vivid-red-color\">Se mantiene la estimaci\u00f3n de lluvias para la ma\u00f1ana de este viernes, con temperatura elevada y r\u00e1fagas de viento que pueden llegar a los 50 km\/h. A partir del mediod\u00eda las condiciones habr\u00e1n de variar y se mantendr\u00e1 el buen tiempo hasta el domingo, inclusive.<\/mark><\/strong><\/p>\n\n\n\n<figure class=\"wp-block-image aligncenter size-full\"><img loading=\"lazy\" decoding=\"async\" width=\"475\" height=\"253\" src=\"https:\/\/infoecos.com.ar\/wp-content\/uploads\/2024\/12\/image-139.png\" alt=\"\" class=\"wp-image-134242\"\/><\/figure>\n\n\n\n<p class=\"has-text-align-center\"><strong>Sensores Clim\u00e1ticos Municipalidad de Trenque Lauquen<\/strong><\/p>\n\n\n\n<p class=\"has-text-align-center\"><strong>Valores meteorol\u00f3gicos<\/strong> <\/p>\n\n\n\n<p><strong><mark style=\"background-color:rgba(0, 0, 0, 0)\" class=\"has-inline-color has-vivid-red-color\">El total de lluvia ca\u00edda de acuerdo a esta informaci\u00f3n, 9.5 mm. La temperatura m\u00e1xima se registr\u00f3 en horas de la ma\u00f1ana alcanzando los 28.4\u00b0, a las 10.30. La m\u00ednima fue de 14.1\u00b0.<\/mark><\/strong><\/p>\n\n\n\n<figure class=\"wp-block-image aligncenter size-full\"><img loading=\"lazy\" decoding=\"async\" width=\"603\" height=\"322\" src=\"https:\/\/infoecos.com.ar\/wp-content\/uploads\/2024\/12\/image-140.png\" alt=\"\" class=\"wp-image-134243\"\/><\/figure>\n","protected":false},"excerpt":{"rendered":"<p>El total de lluvia ca\u00edda de acuerdo a esta informaci\u00f3n, 9.5 mm. La temperatura m\u00e1xima se registr\u00f3 en horas de la ma\u00f1ana alcanzando los 28.4\u00b0, a las 10.30. La m\u00ednima fue de 14.1\u00b0.<\/p>\n","protected":false},"author":2,"featured_media":131394,"comment_status":"closed","ping_status":"open","sticky":false,"template":"","format":"standard","meta":{"footnotes":""},"categories":[1612],"tags":[],"class_list":["post-134241","post","type-post","status-publish","format-standard","has-post-thumbnail","hentry","category-noticia-principal"],"yoast_head":"<!-- This site is optimized with the Yoast SEO plugin v23.4 - https:\/\/yoast.com\/wordpress\/plugins\/seo\/ -->\n<title>Registro de lluvia 9.5 mm, y estimaci\u00f3n que continuar\u00e1n las mismas condiciones hasta el mediod\u00eda de este viernes - Infoecos<\/title>\n<meta name=\"robots\" content=\"index, follow, max-snippet:-1, max-image-preview:large, max-video-preview:-1\" \/>\n<link rel=\"canonical\" href=\"https:\/\/infoecos.com.ar\/index.php\/registro-de-lluvia-9-5-mm-y-estimacion-que-continuaran-estas-condiciones-hasta-el-mediodia\/\" \/>\n<meta property=\"og:locale\" content=\"es_ES\" \/>\n<meta property=\"og:type\" content=\"article\" \/>\n<meta property=\"og:title\" content=\"Registro de lluvia 9.5 mm, y estimaci\u00f3n que continuar\u00e1n las mismas condiciones hasta el mediod\u00eda de este viernes - Infoecos\" \/>\n<meta property=\"og:description\" content=\"El total de lluvia ca\u00edda de acuerdo a esta informaci\u00f3n, 9.5 mm. La temperatura m\u00e1xima se registr\u00f3 en horas de la ma\u00f1ana alcanzando los 28.4\u00b0, a las 10.30. La m\u00ednima fue de 14.1\u00b0.\" \/>\n<meta property=\"og:url\" content=\"https:\/\/infoecos.com.ar\/index.php\/registro-de-lluvia-9-5-mm-y-estimacion-que-continuaran-estas-condiciones-hasta-el-mediodia\/\" \/>\n<meta property=\"og:site_name\" content=\"Infoecos\" \/>\n<meta property=\"article:publisher\" content=\"https:\/\/www.facebook.com\/profile.php?id=100063200290284\" \/>\n<meta property=\"article:published_time\" content=\"2024-12-13T02:13:50+00:00\" \/>\n<meta property=\"article:modified_time\" content=\"2024-12-13T02:17:24+00:00\" \/>\n<meta property=\"og:image\" content=\"https:\/\/infoecos.com.ar\/wp-content\/uploads\/2024\/10\/image-223.png\" \/>\n\t<meta property=\"og:image:width\" content=\"612\" \/>\n\t<meta property=\"og:image:height\" content=\"408\" \/>\n\t<meta property=\"og:image:type\" content=\"image\/png\" \/>\n<meta name=\"author\" content=\"Jorge Matheus\" \/>\n<meta name=\"twitter:card\" content=\"summary_large_image\" \/>\n<meta name=\"twitter:creator\" content=\"@infoecos\" \/>\n<meta name=\"twitter:site\" content=\"@infoecos\" \/>\n<meta name=\"twitter:label1\" content=\"Escrito por\" \/>\n\t<meta name=\"twitter:data1\" content=\"Jorge Matheus\" \/>\n\t<meta name=\"twitter:label2\" content=\"Tiempo de lectura\" \/>\n\t<meta name=\"twitter:data2\" content=\"2 minutos\" \/>\n<script type=\"application\/ld+json\" class=\"yoast-schema-graph\">{\"@context\":\"https:\/\/schema.org\",\"@graph\":[{\"@type\":\"Article\",\"@id\":\"https:\/\/infoecos.com.ar\/index.php\/registro-de-lluvia-9-5-mm-y-estimacion-que-continuaran-estas-condiciones-hasta-el-mediodia\/#article\",\"isPartOf\":{\"@id\":\"https:\/\/infoecos.com.ar\/index.php\/registro-de-lluvia-9-5-mm-y-estimacion-que-continuaran-estas-condiciones-hasta-el-mediodia\/\"},\"author\":{\"name\":\"Jorge Matheus\",\"@id\":\"https:\/\/infoecos.com.ar\/#\/schema\/person\/8f5ace5ce73b4b4aac4b7245aee6f191\"},\"headline\":\"Registro de lluvia 9.5 mm, y estimaci\u00f3n que continuar\u00e1n las mismas condiciones hasta el mediod\u00eda de este viernes\",\"datePublished\":\"2024-12-13T02:13:50+00:00\",\"dateModified\":\"2024-12-13T02:17:24+00:00\",\"mainEntityOfPage\":{\"@id\":\"https:\/\/infoecos.com.ar\/index.php\/registro-de-lluvia-9-5-mm-y-estimacion-que-continuaran-estas-condiciones-hasta-el-mediodia\/\"},\"wordCount\":123,\"publisher\":{\"@id\":\"https:\/\/infoecos.com.ar\/#organization\"},\"image\":{\"@id\":\"https:\/\/infoecos.com.ar\/index.php\/registro-de-lluvia-9-5-mm-y-estimacion-que-continuaran-estas-condiciones-hasta-el-mediodia\/#primaryimage\"},\"thumbnailUrl\":\"https:\/\/infoecos.com.ar\/wp-content\/uploads\/2024\/10\/image-223.png\",\"articleSection\":[\"Noticia Principal\"],\"inLanguage\":\"es\"},{\"@type\":\"WebPage\",\"@id\":\"https:\/\/infoecos.com.ar\/index.php\/registro-de-lluvia-9-5-mm-y-estimacion-que-continuaran-estas-condiciones-hasta-el-mediodia\/\",\"url\":\"https:\/\/infoecos.com.ar\/index.php\/registro-de-lluvia-9-5-mm-y-estimacion-que-continuaran-estas-condiciones-hasta-el-mediodia\/\",\"name\":\"Registro de lluvia 9.5 mm, y estimaci\u00f3n que continuar\u00e1n las mismas condiciones hasta el mediod\u00eda de este viernes - Infoecos\",\"isPartOf\":{\"@id\":\"https:\/\/infoecos.com.ar\/#website\"},\"primaryImageOfPage\":{\"@id\":\"https:\/\/infoecos.com.ar\/index.php\/registro-de-lluvia-9-5-mm-y-estimacion-que-continuaran-estas-condiciones-hasta-el-mediodia\/#primaryimage\"},\"image\":{\"@id\":\"https:\/\/infoecos.com.ar\/index.php\/registro-de-lluvia-9-5-mm-y-estimacion-que-continuaran-estas-condiciones-hasta-el-mediodia\/#primaryimage\"},\"thumbnailUrl\":\"https:\/\/infoecos.com.ar\/wp-content\/uploads\/2024\/10\/image-223.png\",\"datePublished\":\"2024-12-13T02:13:50+00:00\",\"dateModified\":\"2024-12-13T02:17:24+00:00\",\"breadcrumb\":{\"@id\":\"https:\/\/infoecos.com.ar\/index.php\/registro-de-lluvia-9-5-mm-y-estimacion-que-continuaran-estas-condiciones-hasta-el-mediodia\/#breadcrumb\"},\"inLanguage\":\"es\",\"potentialAction\":[{\"@type\":\"ReadAction\",\"target\":[\"https:\/\/infoecos.com.ar\/index.php\/registro-de-lluvia-9-5-mm-y-estimacion-que-continuaran-estas-condiciones-hasta-el-mediodia\/\"]}]},{\"@type\":\"ImageObject\",\"inLanguage\":\"es\",\"@id\":\"https:\/\/infoecos.com.ar\/index.php\/registro-de-lluvia-9-5-mm-y-estimacion-que-continuaran-estas-condiciones-hasta-el-mediodia\/#primaryimage\",\"url\":\"https:\/\/infoecos.com.ar\/wp-content\/uploads\/2024\/10\/image-223.png\",\"contentUrl\":\"https:\/\/infoecos.com.ar\/wp-content\/uploads\/2024\/10\/image-223.png\",\"width\":612,\"height\":408},{\"@type\":\"BreadcrumbList\",\"@id\":\"https:\/\/infoecos.com.ar\/index.php\/registro-de-lluvia-9-5-mm-y-estimacion-que-continuaran-estas-condiciones-hasta-el-mediodia\/#breadcrumb\",\"itemListElement\":[{\"@type\":\"ListItem\",\"position\":1,\"name\":\"Portada\",\"item\":\"https:\/\/infoecos.com.ar\/\"},{\"@type\":\"ListItem\",\"position\":2,\"name\":\"Registro de lluvia 9.5 mm, y estimaci\u00f3n que continuar\u00e1n las mismas condiciones hasta el mediod\u00eda de este viernes\"}]},{\"@type\":\"WebSite\",\"@id\":\"https:\/\/infoecos.com.ar\/#website\",\"url\":\"https:\/\/infoecos.com.ar\/\",\"name\":\"Infoecos\",\"description\":\"Noticias de trenque lauquen y la zona\",\"publisher\":{\"@id\":\"https:\/\/infoecos.com.ar\/#organization\"},\"alternateName\":\"Noticias\",\"potentialAction\":[{\"@type\":\"SearchAction\",\"target\":{\"@type\":\"EntryPoint\",\"urlTemplate\":\"https:\/\/infoecos.com.ar\/?s={search_term_string}\"},\"query-input\":{\"@type\":\"PropertyValueSpecification\",\"valueRequired\":true,\"valueName\":\"search_term_string\"}}],\"inLanguage\":\"es\"},{\"@type\":\"Organization\",\"@id\":\"https:\/\/infoecos.com.ar\/#organization\",\"name\":\"Infoecos\",\"alternateName\":\"Noticias\",\"url\":\"https:\/\/infoecos.com.ar\/\",\"logo\":{\"@type\":\"ImageObject\",\"inLanguage\":\"es\",\"@id\":\"https:\/\/infoecos.com.ar\/#\/schema\/logo\/image\/\",\"url\":\"https:\/\/infoecos.com.ar\/wp-content\/uploads\/2024\/03\/cropped-logo.png\",\"contentUrl\":\"https:\/\/infoecos.com.ar\/wp-content\/uploads\/2024\/03\/cropped-logo.png\",\"width\":374,\"height\":90,\"caption\":\"Infoecos\"},\"image\":{\"@id\":\"https:\/\/infoecos.com.ar\/#\/schema\/logo\/image\/\"},\"sameAs\":[\"https:\/\/www.facebook.com\/profile.php?id=100063200290284\",\"https:\/\/x.com\/infoecos\"]},{\"@type\":\"Person\",\"@id\":\"https:\/\/infoecos.com.ar\/#\/schema\/person\/8f5ace5ce73b4b4aac4b7245aee6f191\",\"name\":\"Jorge Matheus\",\"url\":\"https:\/\/infoecos.com.ar\/index.php\/author\/jomatheus\/\"}]}<\/script>\n<!-- \/ Yoast SEO plugin. -->","yoast_head_json":{"title":"Registro de lluvia 9.5 mm, y estimaci\u00f3n que continuar\u00e1n las mismas condiciones hasta el mediod\u00eda de este viernes - Infoecos","robots":{"index":"index","follow":"follow","max-snippet":"max-snippet:-1","max-image-preview":"max-image-preview:large","max-video-preview":"max-video-preview:-1"},"canonical":"https:\/\/infoecos.com.ar\/index.php\/registro-de-lluvia-9-5-mm-y-estimacion-que-continuaran-estas-condiciones-hasta-el-mediodia\/","og_locale":"es_ES","og_type":"article","og_title":"Registro de lluvia 9.5 mm, y estimaci\u00f3n que continuar\u00e1n las mismas condiciones hasta el mediod\u00eda de este viernes - Infoecos","og_description":"El total de lluvia ca\u00edda de acuerdo a esta informaci\u00f3n, 9.5 mm. La temperatura m\u00e1xima se registr\u00f3 en horas de la ma\u00f1ana alcanzando los 28.4\u00b0, a las 10.30. La m\u00ednima fue de 14.1\u00b0.","og_url":"https:\/\/infoecos.com.ar\/index.php\/registro-de-lluvia-9-5-mm-y-estimacion-que-continuaran-estas-condiciones-hasta-el-mediodia\/","og_site_name":"Infoecos","article_publisher":"https:\/\/www.facebook.com\/profile.php?id=100063200290284","article_published_time":"2024-12-13T02:13:50+00:00","article_modified_time":"2024-12-13T02:17:24+00:00","og_image":[{"width":612,"height":408,"url":"https:\/\/infoecos.com.ar\/wp-content\/uploads\/2024\/10\/image-223.png","type":"image\/png"}],"author":"Jorge Matheus","twitter_card":"summary_large_image","twitter_creator":"@infoecos","twitter_site":"@infoecos","twitter_misc":{"Escrito por":"Jorge Matheus","Tiempo de lectura":"2 minutos"},"schema":{"@context":"https:\/\/schema.org","@graph":[{"@type":"Article","@id":"https:\/\/infoecos.com.ar\/index.php\/registro-de-lluvia-9-5-mm-y-estimacion-que-continuaran-estas-condiciones-hasta-el-mediodia\/#article","isPartOf":{"@id":"https:\/\/infoecos.com.ar\/index.php\/registro-de-lluvia-9-5-mm-y-estimacion-que-continuaran-estas-condiciones-hasta-el-mediodia\/"},"author":{"name":"Jorge Matheus","@id":"https:\/\/infoecos.com.ar\/#\/schema\/person\/8f5ace5ce73b4b4aac4b7245aee6f191"},"headline":"Registro de lluvia 9.5 mm, y estimaci\u00f3n que continuar\u00e1n las mismas condiciones hasta el mediod\u00eda de este viernes","datePublished":"2024-12-13T02:13:50+00:00","dateModified":"2024-12-13T02:17:24+00:00","mainEntityOfPage":{"@id":"https:\/\/infoecos.com.ar\/index.php\/registro-de-lluvia-9-5-mm-y-estimacion-que-continuaran-estas-condiciones-hasta-el-mediodia\/"},"wordCount":123,"publisher":{"@id":"https:\/\/infoecos.com.ar\/#organization"},"image":{"@id":"https:\/\/infoecos.com.ar\/index.php\/registro-de-lluvia-9-5-mm-y-estimacion-que-continuaran-estas-condiciones-hasta-el-mediodia\/#primaryimage"},"thumbnailUrl":"https:\/\/infoecos.com.ar\/wp-content\/uploads\/2024\/10\/image-223.png","articleSection":["Noticia Principal"],"inLanguage":"es"},{"@type":"WebPage","@id":"https:\/\/infoecos.com.ar\/index.php\/registro-de-lluvia-9-5-mm-y-estimacion-que-continuaran-estas-condiciones-hasta-el-mediodia\/","url":"https:\/\/infoecos.com.ar\/index.php\/registro-de-lluvia-9-5-mm-y-estimacion-que-continuaran-estas-condiciones-hasta-el-mediodia\/","name":"Registro de lluvia 9.5 mm, y estimaci\u00f3n que continuar\u00e1n las mismas condiciones hasta el mediod\u00eda de este viernes - Infoecos","isPartOf":{"@id":"https:\/\/infoecos.com.ar\/#website"},"primaryImageOfPage":{"@id":"https:\/\/infoecos.com.ar\/index.php\/registro-de-lluvia-9-5-mm-y-estimacion-que-continuaran-estas-condiciones-hasta-el-mediodia\/#primaryimage"},"image":{"@id":"https:\/\/infoecos.com.ar\/index.php\/registro-de-lluvia-9-5-mm-y-estimacion-que-continuaran-estas-condiciones-hasta-el-mediodia\/#primaryimage"},"thumbnailUrl":"https:\/\/infoecos.com.ar\/wp-content\/uploads\/2024\/10\/image-223.png","datePublished":"2024-12-13T02:13:50+00:00","dateModified":"2024-12-13T02:17:24+00:00","breadcrumb":{"@id":"https:\/\/infoecos.com.ar\/index.php\/registro-de-lluvia-9-5-mm-y-estimacion-que-continuaran-estas-condiciones-hasta-el-mediodia\/#breadcrumb"},"inLanguage":"es","potentialAction":[{"@type":"ReadAction","target":["https:\/\/infoecos.com.ar\/index.php\/registro-de-lluvia-9-5-mm-y-estimacion-que-continuaran-estas-condiciones-hasta-el-mediodia\/"]}]},{"@type":"ImageObject","inLanguage":"es","@id":"https:\/\/infoecos.com.ar\/index.php\/registro-de-lluvia-9-5-mm-y-estimacion-que-continuaran-estas-condiciones-hasta-el-mediodia\/#primaryimage","url":"https:\/\/infoecos.com.ar\/wp-content\/uploads\/2024\/10\/image-223.png","contentUrl":"https:\/\/infoecos.com.ar\/wp-content\/uploads\/2024\/10\/image-223.png","width":612,"height":408},{"@type":"BreadcrumbList","@id":"https:\/\/infoecos.com.ar\/index.php\/registro-de-lluvia-9-5-mm-y-estimacion-que-continuaran-estas-condiciones-hasta-el-mediodia\/#breadcrumb","itemListElement":[{"@type":"ListItem","position":1,"name":"Portada","item":"https:\/\/infoecos.com.ar\/"},{"@type":"ListItem","position":2,"name":"Registro de lluvia 9.5 mm, y estimaci\u00f3n que continuar\u00e1n las mismas condiciones hasta el mediod\u00eda de este viernes"}]},{"@type":"WebSite","@id":"https:\/\/infoecos.com.ar\/#website","url":"https:\/\/infoecos.com.ar\/","name":"Infoecos","description":"Noticias de trenque lauquen y la zona","publisher":{"@id":"https:\/\/infoecos.com.ar\/#organization"},"alternateName":"Noticias","potentialAction":[{"@type":"SearchAction","target":{"@type":"EntryPoint","urlTemplate":"https:\/\/infoecos.com.ar\/?s={search_term_string}"},"query-input":{"@type":"PropertyValueSpecification","valueRequired":true,"valueName":"search_term_string"}}],"inLanguage":"es"},{"@type":"Organization","@id":"https:\/\/infoecos.com.ar\/#organization","name":"Infoecos","alternateName":"Noticias","url":"https:\/\/infoecos.com.ar\/","logo":{"@type":"ImageObject","inLanguage":"es","@id":"https:\/\/infoecos.com.ar\/#\/schema\/logo\/image\/","url":"https:\/\/infoecos.com.ar\/wp-content\/uploads\/2024\/03\/cropped-logo.png","contentUrl":"https:\/\/infoecos.com.ar\/wp-content\/uploads\/2024\/03\/cropped-logo.png","width":374,"height":90,"caption":"Infoecos"},"image":{"@id":"https:\/\/infoecos.com.ar\/#\/schema\/logo\/image\/"},"sameAs":["https:\/\/www.facebook.com\/profile.php?id=100063200290284","https:\/\/x.com\/infoecos"]},{"@type":"Person","@id":"https:\/\/infoecos.com.ar\/#\/schema\/person\/8f5ace5ce73b4b4aac4b7245aee6f191","name":"Jorge Matheus","url":"https:\/\/infoecos.com.ar\/index.php\/author\/jomatheus\/"}]}},"featured_image_urls":{"full":["https:\/\/infoecos.com.ar\/wp-content\/uploads\/2024\/10\/image-223.png",612,408,false],"thumbnail":["https:\/\/infoecos.com.ar\/wp-content\/uploads\/2024\/10\/image-223-300x150.png",300,150,true],"medium":["https:\/\/infoecos.com.ar\/wp-content\/uploads\/2024\/10\/image-223.png",612,408,false],"medium_large":["https:\/\/infoecos.com.ar\/wp-content\/uploads\/2024\/10\/image-223.png",612,408,false],"large":["https:\/\/infoecos.com.ar\/wp-content\/uploads\/2024\/10\/image-223.png",612,408,false],"1536x1536":["https:\/\/infoecos.com.ar\/wp-content\/uploads\/2024\/10\/image-223.png",612,408,false],"2048x2048":["https:\/\/infoecos.com.ar\/wp-content\/uploads\/2024\/10\/image-223.png",612,408,false],"covernews-slider-full":["https:\/\/infoecos.com.ar\/wp-content\/uploads\/2024\/10\/image-223.png",612,408,false],"covernews-slider-center":["https:\/\/infoecos.com.ar\/wp-content\/uploads\/2024\/10\/image-223.png",612,408,false],"covernews-featured":["https:\/\/infoecos.com.ar\/wp-content\/uploads\/2024\/10\/image-223.png",612,408,false],"covernews-medium":["https:\/\/infoecos.com.ar\/wp-content\/uploads\/2024\/10\/image-223-540x340.png",540,340,true],"covernews-medium-square":["https:\/\/infoecos.com.ar\/wp-content\/uploads\/2024\/10\/image-223-400x250.png",400,250,true]},"author_info":{"info":["Jorge Matheus"]},"category_info":"<a href=\"https:\/\/infoecos.com.ar\/index.php\/category\/noticia-principal\/\" rel=\"category tag\">Noticia Principal<\/a>","tag_info":"Noticia Principal","comment_count":"0","_links":{"self":[{"href":"https:\/\/infoecos.com.ar\/index.php\/wp-json\/wp\/v2\/posts\/134241"}],"collection":[{"href":"https:\/\/infoecos.com.ar\/index.php\/wp-json\/wp\/v2\/posts"}],"about":[{"href":"https:\/\/infoecos.com.ar\/index.php\/wp-json\/wp\/v2\/types\/post"}],"author":[{"embeddable":true,"href":"https:\/\/infoecos.com.ar\/index.php\/wp-json\/wp\/v2\/users\/2"}],"replies":[{"embeddable":true,"href":"https:\/\/infoecos.com.ar\/index.php\/wp-json\/wp\/v2\/comments?post=134241"}],"version-history":[{"count":3,"href":"https:\/\/infoecos.com.ar\/index.php\/wp-json\/wp\/v2\/posts\/134241\/revisions"}],"predecessor-version":[{"id":134246,"href":"https:\/\/infoecos.com.ar\/index.php\/wp-json\/wp\/v2\/posts\/134241\/revisions\/134246"}],"wp:featuredmedia":[{"embeddable":true,"href":"https:\/\/infoecos.com.ar\/index.php\/wp-json\/wp\/v2\/media\/131394"}],"wp:attachment":[{"href":"https:\/\/infoecos.com.ar\/index.php\/wp-json\/wp\/v2\/media?parent=134241"}],"wp:term":[{"taxonomy":"category","embeddable":true,"href":"https:\/\/infoecos.com.ar\/index.php\/wp-json\/wp\/v2\/categories?post=134241"},{"taxonomy":"post_tag","embeddable":true,"href":"https:\/\/infoecos.com.ar\/index.php\/wp-json\/wp\/v2\/tags?post=134241"}],"curies":[{"name":"wp","href":"https:\/\/api.w.org\/{rel}","templated":true}]}}