{"id":134293,"date":"2024-12-13T00:45:08","date_gmt":"2024-12-13T03:45:08","guid":{"rendered":"https:\/\/infoecos.com.ar\/?p=134293"},"modified":"2024-12-14T14:23:18","modified_gmt":"2024-12-14T17:23:18","slug":"se-presentan-manana-en-trenque-lauquen-la-orquesta-sinfonica-municipal-y-la-preorquesta-de-la-escuela-de-musica","status":"publish","type":"post","link":"https:\/\/infoecos.com.ar\/index.php\/se-presentan-manana-en-trenque-lauquen-la-orquesta-sinfonica-municipal-y-la-preorquesta-de-la-escuela-de-musica\/","title":{"rendered":"Se presentan hoy s\u00e1bado en Trenque Lauquen, la Orquesta Sinf\u00f3nica Municipal y la Preorquesta de la Escuela de M\u00fasica"},"content":{"rendered":"\n<p>Este s\u00e1bado a partir de las 20.30 en el auditorio de la Casa de la Historia y la Cultura (Belgrano y Scalese), se presentar\u00e1n en concierto la Orquesta Sinf\u00f3nica Municipal, que dirige el maestro Daniel Virzi, y la Preorquesta de la Escuela de M\u00fasica, dirigida por Mart\u00edn Larroud\u00e9.<\/p>\n\n\n\n<p>El valor de la entrada es de 2.000 pesos y el evento cuenta con el apoyo de la direcci\u00f3n de Cultura municipal.<\/p>\n\n\n\n<figure class=\"wp-block-image aligncenter size-large is-resized\"><img loading=\"lazy\" decoding=\"async\" width=\"1600\" height=\"900\" src=\"https:\/\/infoecos.com.ar\/wp-content\/uploads\/2024\/12\/Orquesta-Sinfonica-1600x900.jpg\" alt=\"\" class=\"wp-image-134294\" style=\"width:516px;height:auto\" srcset=\"https:\/\/infoecos.com.ar\/wp-content\/uploads\/2024\/12\/Orquesta-Sinfonica-1600x900.jpg 1600w, https:\/\/infoecos.com.ar\/wp-content\/uploads\/2024\/12\/Orquesta-Sinfonica-800x450.jpg 800w, https:\/\/infoecos.com.ar\/wp-content\/uploads\/2024\/12\/Orquesta-Sinfonica-768x432.jpg 768w, https:\/\/infoecos.com.ar\/wp-content\/uploads\/2024\/12\/Orquesta-Sinfonica-1536x864.jpg 1536w, https:\/\/infoecos.com.ar\/wp-content\/uploads\/2024\/12\/Orquesta-Sinfonica-1024x576.jpg 1024w, https:\/\/infoecos.com.ar\/wp-content\/uploads\/2024\/12\/Orquesta-Sinfonica.jpg 1634w\" sizes=\"(max-width: 1600px) 100vw, 1600px\" \/><\/figure>\n\n\n\n<p>En el inicio del concierto, la Orquesta Sinf\u00f3nica y la Preorquesta presentar\u00e1n el siguiente repertorio: M\u00e1s Cerca Oh Dios de Ti (J.S. Bach), This is my Song (J. Sibelius), Morning Prayer (P. Chaicovsky), Zum Sanctus (B. Bart\u00f3k) In the Bleak Midwinter (G. Holst). Director: Mart\u00edn Larroude.<\/p>\n\n\n\n<p>En la Parte II, la Orquesta dirigida por el maestro Virzi presentar\u00e1 \u201cFantas\u00eda para un Gentil Hombre\u201d, concierto para guitarra y orquesta del compositor espa\u00f1ol Joaqu\u00edn Rodrigo, que se divide en cuatro movimientos: Villano y Ricercare, Espa\u00f1oleta y Fanfare, Danza de las Hachas y Canario.<\/p>\n\n\n\n<p>La agrupaci\u00f3n estar\u00e1 acompa\u00f1ada por Javier Miguel, solista de guitarra, y adem\u00e1s participan en Trompeta: Diego Curiale, Fagot: Diego L\u00f3pez, Piccolo: Iv\u00e1n Castro, Flauta: Gabriel Santanatoglia y Oboe: Laureano Rossi. Director: Daniel Virzi<\/p>\n\n\n\n<p>En la Parte III del concierto se presentar\u00e1n los siguientes temas con los siguientes m\u00fasicos invitados:<\/p>\n\n\n\n<p>. My Funny Valentine (R. Rodgers \u2013 L. Harz). Cantante: Jorge \u201cAlem\u00e1n\u201d Azpiroz. Solistas: Diego Curiale (trompeta), Miguel Pagani (Contrabajo), Gabriel Mansilla (piano) y Santi Novareaux (bater\u00eda).<\/p>\n\n\n\n<p>. Someone to Watch Over Me (G &amp; Ira Guershwin). Cantante: Carina Sottosanto<\/p>\n\n\n\n<p>. Balada para mi Muerte (Astor Piazzola \u2013 Horacio Ferrer). Cantante: Sergio Barbas<\/p>\n\n\n\n<p>. Construcci\u00f3n (Chico Buarque). Cantante solista: Nacha Paz<\/p>\n\n\n\n<p>Coro: Milagros Barbas, Fernanda Zapulla, Juan De Filpo y Guitarrista invitado: Mart\u00edn D\u00edaz.<\/p>\n\n\n\n<p>Director: Daniel Virzi.<\/p>\n\n\n\n<p>La Preorquesta est\u00e1 integrada por Clarinete: Virginia Mina, Trompeta: Marcelo Mapelli,&nbsp; Viol\u00edn I: Yamila Barinaga, Fernando Vara, Viol\u00edn II: H\u00e9ctor Tobio, Viola: Juan de Filpo, Cello: Ricardo Cerana, Germ\u00e1n Cifre, Camila Tiseira, Noelia Lencina, Contrabajo: Alan Arga\u00f1aras y Piano: Mar\u00eda Elisa P\u00e9rez.<\/p>\n\n\n\n<p>Integrantes de la Orquesta Sinf\u00f3nica: Flauta: Gabriel Santanatoglia, Iv\u00e1n Castro, Sus\u00fa Toniolo, Clarinete: Guillermina Rossi, Saxo Soprano: Laureano Rossi, Saxo Alto: Monica Bardaro, Saxo Tenor: Marcos Martino, Fagot: Maximiliano Rodr\u00edguez, Trompeta y Flugelhorn: Diego Curiale, Corno Franc\u00e9s: Mart\u00edn Larroude, Marimba: Santiago Novareaux, Timbales: Galo Bisio, Percusi\u00f3n y Accesorios: Emanuel Ugarte, Piano: Gabriel Mansilla, Viol\u00edn I: Juan Pablo Pichetto, Patricia Mola, Micaela Moreyra, Patricio Kessi, Andrea&nbsp; Girardi, Abril Mansilla, Viol\u00edn II: Maite Ciaricco, Oscar Ju\u00e1rez, Viviana Corral, Luciano Gallun, Viola: Fernando Flores, Emilia Fur, Flavia Gamaleri, Mar\u00eda Minetto,Emilse Olaz\u00e1bal, Cello: Lucas Mu\u00f1oz, Cecilia Contreras, Contrabajo: Miguel Pagani, Pablo Cepedal.<\/p>\n","protected":false},"excerpt":{"rendered":"<p>En el auditorio de la Casa de la Historia y la Cultura (Belgrano y Scalese)<\/p>\n","protected":false},"author":2,"featured_media":134294,"comment_status":"closed","ping_status":"open","sticky":false,"template":"","format":"standard","meta":{"footnotes":""},"categories":[1613],"tags":[],"class_list":["post-134293","post","type-post","status-publish","format-standard","has-post-thumbnail","hentry","category-noticia-secundaria"],"yoast_head":"<!-- This site is optimized with the Yoast SEO plugin v23.4 - https:\/\/yoast.com\/wordpress\/plugins\/seo\/ -->\n<title>Se presentan hoy s\u00e1bado en Trenque Lauquen, la Orquesta Sinf\u00f3nica Municipal y la Preorquesta de la Escuela de M\u00fasica - Infoecos<\/title>\n<meta name=\"robots\" content=\"index, follow, max-snippet:-1, max-image-preview:large, max-video-preview:-1\" \/>\n<link rel=\"canonical\" href=\"https:\/\/infoecos.com.ar\/index.php\/se-presentan-manana-en-trenque-lauquen-la-orquesta-sinfonica-municipal-y-la-preorquesta-de-la-escuela-de-musica\/\" \/>\n<meta property=\"og:locale\" content=\"es_ES\" \/>\n<meta property=\"og:type\" content=\"article\" \/>\n<meta property=\"og:title\" content=\"Se presentan hoy s\u00e1bado en Trenque Lauquen, la Orquesta Sinf\u00f3nica Municipal y la Preorquesta de la Escuela de M\u00fasica - Infoecos\" \/>\n<meta property=\"og:description\" content=\"En el auditorio de la Casa de la Historia y la Cultura (Belgrano y Scalese)\" \/>\n<meta property=\"og:url\" content=\"https:\/\/infoecos.com.ar\/index.php\/se-presentan-manana-en-trenque-lauquen-la-orquesta-sinfonica-municipal-y-la-preorquesta-de-la-escuela-de-musica\/\" \/>\n<meta property=\"og:site_name\" content=\"Infoecos\" \/>\n<meta property=\"article:publisher\" content=\"https:\/\/www.facebook.com\/profile.php?id=100063200290284\" \/>\n<meta property=\"article:published_time\" content=\"2024-12-13T03:45:08+00:00\" \/>\n<meta property=\"article:modified_time\" content=\"2024-12-14T17:23:18+00:00\" \/>\n<meta property=\"og:image\" content=\"https:\/\/infoecos.com.ar\/wp-content\/uploads\/2024\/12\/Orquesta-Sinfonica.jpg\" \/>\n\t<meta property=\"og:image:width\" content=\"1634\" \/>\n\t<meta property=\"og:image:height\" content=\"919\" \/>\n\t<meta property=\"og:image:type\" content=\"image\/jpeg\" \/>\n<meta name=\"author\" content=\"Jorge Matheus\" \/>\n<meta name=\"twitter:card\" content=\"summary_large_image\" \/>\n<meta name=\"twitter:creator\" content=\"@infoecos\" \/>\n<meta name=\"twitter:site\" content=\"@infoecos\" \/>\n<meta name=\"twitter:label1\" content=\"Escrito por\" \/>\n\t<meta name=\"twitter:data1\" content=\"Jorge Matheus\" \/>\n\t<meta name=\"twitter:label2\" content=\"Tiempo de lectura\" \/>\n\t<meta name=\"twitter:data2\" content=\"3 minutos\" \/>\n<script type=\"application\/ld+json\" class=\"yoast-schema-graph\">{\"@context\":\"https:\/\/schema.org\",\"@graph\":[{\"@type\":\"Article\",\"@id\":\"https:\/\/infoecos.com.ar\/index.php\/se-presentan-manana-en-trenque-lauquen-la-orquesta-sinfonica-municipal-y-la-preorquesta-de-la-escuela-de-musica\/#article\",\"isPartOf\":{\"@id\":\"https:\/\/infoecos.com.ar\/index.php\/se-presentan-manana-en-trenque-lauquen-la-orquesta-sinfonica-municipal-y-la-preorquesta-de-la-escuela-de-musica\/\"},\"author\":{\"name\":\"Jorge Matheus\",\"@id\":\"https:\/\/infoecos.com.ar\/#\/schema\/person\/8f5ace5ce73b4b4aac4b7245aee6f191\"},\"headline\":\"Se presentan hoy s\u00e1bado en Trenque Lauquen, la Orquesta Sinf\u00f3nica Municipal y la Preorquesta de la Escuela de M\u00fasica\",\"datePublished\":\"2024-12-13T03:45:08+00:00\",\"dateModified\":\"2024-12-14T17:23:18+00:00\",\"mainEntityOfPage\":{\"@id\":\"https:\/\/infoecos.com.ar\/index.php\/se-presentan-manana-en-trenque-lauquen-la-orquesta-sinfonica-municipal-y-la-preorquesta-de-la-escuela-de-musica\/\"},\"wordCount\":491,\"publisher\":{\"@id\":\"https:\/\/infoecos.com.ar\/#organization\"},\"image\":{\"@id\":\"https:\/\/infoecos.com.ar\/index.php\/se-presentan-manana-en-trenque-lauquen-la-orquesta-sinfonica-municipal-y-la-preorquesta-de-la-escuela-de-musica\/#primaryimage\"},\"thumbnailUrl\":\"https:\/\/infoecos.com.ar\/wp-content\/uploads\/2024\/12\/Orquesta-Sinfonica.jpg\",\"articleSection\":[\"Noticia Secundaria\"],\"inLanguage\":\"es\"},{\"@type\":\"WebPage\",\"@id\":\"https:\/\/infoecos.com.ar\/index.php\/se-presentan-manana-en-trenque-lauquen-la-orquesta-sinfonica-municipal-y-la-preorquesta-de-la-escuela-de-musica\/\",\"url\":\"https:\/\/infoecos.com.ar\/index.php\/se-presentan-manana-en-trenque-lauquen-la-orquesta-sinfonica-municipal-y-la-preorquesta-de-la-escuela-de-musica\/\",\"name\":\"Se presentan hoy s\u00e1bado en Trenque Lauquen, la Orquesta Sinf\u00f3nica Municipal y la Preorquesta de la Escuela de M\u00fasica - Infoecos\",\"isPartOf\":{\"@id\":\"https:\/\/infoecos.com.ar\/#website\"},\"primaryImageOfPage\":{\"@id\":\"https:\/\/infoecos.com.ar\/index.php\/se-presentan-manana-en-trenque-lauquen-la-orquesta-sinfonica-municipal-y-la-preorquesta-de-la-escuela-de-musica\/#primaryimage\"},\"image\":{\"@id\":\"https:\/\/infoecos.com.ar\/index.php\/se-presentan-manana-en-trenque-lauquen-la-orquesta-sinfonica-municipal-y-la-preorquesta-de-la-escuela-de-musica\/#primaryimage\"},\"thumbnailUrl\":\"https:\/\/infoecos.com.ar\/wp-content\/uploads\/2024\/12\/Orquesta-Sinfonica.jpg\",\"datePublished\":\"2024-12-13T03:45:08+00:00\",\"dateModified\":\"2024-12-14T17:23:18+00:00\",\"breadcrumb\":{\"@id\":\"https:\/\/infoecos.com.ar\/index.php\/se-presentan-manana-en-trenque-lauquen-la-orquesta-sinfonica-municipal-y-la-preorquesta-de-la-escuela-de-musica\/#breadcrumb\"},\"inLanguage\":\"es\",\"potentialAction\":[{\"@type\":\"ReadAction\",\"target\":[\"https:\/\/infoecos.com.ar\/index.php\/se-presentan-manana-en-trenque-lauquen-la-orquesta-sinfonica-municipal-y-la-preorquesta-de-la-escuela-de-musica\/\"]}]},{\"@type\":\"ImageObject\",\"inLanguage\":\"es\",\"@id\":\"https:\/\/infoecos.com.ar\/index.php\/se-presentan-manana-en-trenque-lauquen-la-orquesta-sinfonica-municipal-y-la-preorquesta-de-la-escuela-de-musica\/#primaryimage\",\"url\":\"https:\/\/infoecos.com.ar\/wp-content\/uploads\/2024\/12\/Orquesta-Sinfonica.jpg\",\"contentUrl\":\"https:\/\/infoecos.com.ar\/wp-content\/uploads\/2024\/12\/Orquesta-Sinfonica.jpg\",\"width\":1634,\"height\":919},{\"@type\":\"BreadcrumbList\",\"@id\":\"https:\/\/infoecos.com.ar\/index.php\/se-presentan-manana-en-trenque-lauquen-la-orquesta-sinfonica-municipal-y-la-preorquesta-de-la-escuela-de-musica\/#breadcrumb\",\"itemListElement\":[{\"@type\":\"ListItem\",\"position\":1,\"name\":\"Portada\",\"item\":\"https:\/\/infoecos.com.ar\/\"},{\"@type\":\"ListItem\",\"position\":2,\"name\":\"Se presentan hoy s\u00e1bado en Trenque Lauquen, la Orquesta Sinf\u00f3nica Municipal y la Preorquesta de la Escuela de M\u00fasica\"}]},{\"@type\":\"WebSite\",\"@id\":\"https:\/\/infoecos.com.ar\/#website\",\"url\":\"https:\/\/infoecos.com.ar\/\",\"name\":\"Infoecos\",\"description\":\"Noticias de trenque lauquen y la zona\",\"publisher\":{\"@id\":\"https:\/\/infoecos.com.ar\/#organization\"},\"alternateName\":\"Noticias\",\"potentialAction\":[{\"@type\":\"SearchAction\",\"target\":{\"@type\":\"EntryPoint\",\"urlTemplate\":\"https:\/\/infoecos.com.ar\/?s={search_term_string}\"},\"query-input\":{\"@type\":\"PropertyValueSpecification\",\"valueRequired\":true,\"valueName\":\"search_term_string\"}}],\"inLanguage\":\"es\"},{\"@type\":\"Organization\",\"@id\":\"https:\/\/infoecos.com.ar\/#organization\",\"name\":\"Infoecos\",\"alternateName\":\"Noticias\",\"url\":\"https:\/\/infoecos.com.ar\/\",\"logo\":{\"@type\":\"ImageObject\",\"inLanguage\":\"es\",\"@id\":\"https:\/\/infoecos.com.ar\/#\/schema\/logo\/image\/\",\"url\":\"https:\/\/infoecos.com.ar\/wp-content\/uploads\/2024\/03\/cropped-logo.png\",\"contentUrl\":\"https:\/\/infoecos.com.ar\/wp-content\/uploads\/2024\/03\/cropped-logo.png\",\"width\":374,\"height\":90,\"caption\":\"Infoecos\"},\"image\":{\"@id\":\"https:\/\/infoecos.com.ar\/#\/schema\/logo\/image\/\"},\"sameAs\":[\"https:\/\/www.facebook.com\/profile.php?id=100063200290284\",\"https:\/\/x.com\/infoecos\"]},{\"@type\":\"Person\",\"@id\":\"https:\/\/infoecos.com.ar\/#\/schema\/person\/8f5ace5ce73b4b4aac4b7245aee6f191\",\"name\":\"Jorge Matheus\",\"url\":\"https:\/\/infoecos.com.ar\/index.php\/author\/jomatheus\/\"}]}<\/script>\n<!-- \/ Yoast SEO plugin. -->","yoast_head_json":{"title":"Se presentan hoy s\u00e1bado en Trenque Lauquen, la Orquesta Sinf\u00f3nica Municipal y la Preorquesta de la Escuela de M\u00fasica - Infoecos","robots":{"index":"index","follow":"follow","max-snippet":"max-snippet:-1","max-image-preview":"max-image-preview:large","max-video-preview":"max-video-preview:-1"},"canonical":"https:\/\/infoecos.com.ar\/index.php\/se-presentan-manana-en-trenque-lauquen-la-orquesta-sinfonica-municipal-y-la-preorquesta-de-la-escuela-de-musica\/","og_locale":"es_ES","og_type":"article","og_title":"Se presentan hoy s\u00e1bado en Trenque Lauquen, la Orquesta Sinf\u00f3nica Municipal y la Preorquesta de la Escuela de M\u00fasica - Infoecos","og_description":"En el auditorio de la Casa de la Historia y la Cultura (Belgrano y Scalese)","og_url":"https:\/\/infoecos.com.ar\/index.php\/se-presentan-manana-en-trenque-lauquen-la-orquesta-sinfonica-municipal-y-la-preorquesta-de-la-escuela-de-musica\/","og_site_name":"Infoecos","article_publisher":"https:\/\/www.facebook.com\/profile.php?id=100063200290284","article_published_time":"2024-12-13T03:45:08+00:00","article_modified_time":"2024-12-14T17:23:18+00:00","og_image":[{"width":1634,"height":919,"url":"https:\/\/infoecos.com.ar\/wp-content\/uploads\/2024\/12\/Orquesta-Sinfonica.jpg","type":"image\/jpeg"}],"author":"Jorge Matheus","twitter_card":"summary_large_image","twitter_creator":"@infoecos","twitter_site":"@infoecos","twitter_misc":{"Escrito por":"Jorge Matheus","Tiempo de lectura":"3 minutos"},"schema":{"@context":"https:\/\/schema.org","@graph":[{"@type":"Article","@id":"https:\/\/infoecos.com.ar\/index.php\/se-presentan-manana-en-trenque-lauquen-la-orquesta-sinfonica-municipal-y-la-preorquesta-de-la-escuela-de-musica\/#article","isPartOf":{"@id":"https:\/\/infoecos.com.ar\/index.php\/se-presentan-manana-en-trenque-lauquen-la-orquesta-sinfonica-municipal-y-la-preorquesta-de-la-escuela-de-musica\/"},"author":{"name":"Jorge Matheus","@id":"https:\/\/infoecos.com.ar\/#\/schema\/person\/8f5ace5ce73b4b4aac4b7245aee6f191"},"headline":"Se presentan hoy s\u00e1bado en Trenque Lauquen, la Orquesta Sinf\u00f3nica Municipal y la Preorquesta de la Escuela de M\u00fasica","datePublished":"2024-12-13T03:45:08+00:00","dateModified":"2024-12-14T17:23:18+00:00","mainEntityOfPage":{"@id":"https:\/\/infoecos.com.ar\/index.php\/se-presentan-manana-en-trenque-lauquen-la-orquesta-sinfonica-municipal-y-la-preorquesta-de-la-escuela-de-musica\/"},"wordCount":491,"publisher":{"@id":"https:\/\/infoecos.com.ar\/#organization"},"image":{"@id":"https:\/\/infoecos.com.ar\/index.php\/se-presentan-manana-en-trenque-lauquen-la-orquesta-sinfonica-municipal-y-la-preorquesta-de-la-escuela-de-musica\/#primaryimage"},"thumbnailUrl":"https:\/\/infoecos.com.ar\/wp-content\/uploads\/2024\/12\/Orquesta-Sinfonica.jpg","articleSection":["Noticia Secundaria"],"inLanguage":"es"},{"@type":"WebPage","@id":"https:\/\/infoecos.com.ar\/index.php\/se-presentan-manana-en-trenque-lauquen-la-orquesta-sinfonica-municipal-y-la-preorquesta-de-la-escuela-de-musica\/","url":"https:\/\/infoecos.com.ar\/index.php\/se-presentan-manana-en-trenque-lauquen-la-orquesta-sinfonica-municipal-y-la-preorquesta-de-la-escuela-de-musica\/","name":"Se presentan hoy s\u00e1bado en Trenque Lauquen, la Orquesta Sinf\u00f3nica Municipal y la Preorquesta de la Escuela de M\u00fasica - Infoecos","isPartOf":{"@id":"https:\/\/infoecos.com.ar\/#website"},"primaryImageOfPage":{"@id":"https:\/\/infoecos.com.ar\/index.php\/se-presentan-manana-en-trenque-lauquen-la-orquesta-sinfonica-municipal-y-la-preorquesta-de-la-escuela-de-musica\/#primaryimage"},"image":{"@id":"https:\/\/infoecos.com.ar\/index.php\/se-presentan-manana-en-trenque-lauquen-la-orquesta-sinfonica-municipal-y-la-preorquesta-de-la-escuela-de-musica\/#primaryimage"},"thumbnailUrl":"https:\/\/infoecos.com.ar\/wp-content\/uploads\/2024\/12\/Orquesta-Sinfonica.jpg","datePublished":"2024-12-13T03:45:08+00:00","dateModified":"2024-12-14T17:23:18+00:00","breadcrumb":{"@id":"https:\/\/infoecos.com.ar\/index.php\/se-presentan-manana-en-trenque-lauquen-la-orquesta-sinfonica-municipal-y-la-preorquesta-de-la-escuela-de-musica\/#breadcrumb"},"inLanguage":"es","potentialAction":[{"@type":"ReadAction","target":["https:\/\/infoecos.com.ar\/index.php\/se-presentan-manana-en-trenque-lauquen-la-orquesta-sinfonica-municipal-y-la-preorquesta-de-la-escuela-de-musica\/"]}]},{"@type":"ImageObject","inLanguage":"es","@id":"https:\/\/infoecos.com.ar\/index.php\/se-presentan-manana-en-trenque-lauquen-la-orquesta-sinfonica-municipal-y-la-preorquesta-de-la-escuela-de-musica\/#primaryimage","url":"https:\/\/infoecos.com.ar\/wp-content\/uploads\/2024\/12\/Orquesta-Sinfonica.jpg","contentUrl":"https:\/\/infoecos.com.ar\/wp-content\/uploads\/2024\/12\/Orquesta-Sinfonica.jpg","width":1634,"height":919},{"@type":"BreadcrumbList","@id":"https:\/\/infoecos.com.ar\/index.php\/se-presentan-manana-en-trenque-lauquen-la-orquesta-sinfonica-municipal-y-la-preorquesta-de-la-escuela-de-musica\/#breadcrumb","itemListElement":[{"@type":"ListItem","position":1,"name":"Portada","item":"https:\/\/infoecos.com.ar\/"},{"@type":"ListItem","position":2,"name":"Se presentan hoy s\u00e1bado en Trenque Lauquen, la Orquesta Sinf\u00f3nica Municipal y la Preorquesta de la Escuela de M\u00fasica"}]},{"@type":"WebSite","@id":"https:\/\/infoecos.com.ar\/#website","url":"https:\/\/infoecos.com.ar\/","name":"Infoecos","description":"Noticias de trenque lauquen y la zona","publisher":{"@id":"https:\/\/infoecos.com.ar\/#organization"},"alternateName":"Noticias","potentialAction":[{"@type":"SearchAction","target":{"@type":"EntryPoint","urlTemplate":"https:\/\/infoecos.com.ar\/?s={search_term_string}"},"query-input":{"@type":"PropertyValueSpecification","valueRequired":true,"valueName":"search_term_string"}}],"inLanguage":"es"},{"@type":"Organization","@id":"https:\/\/infoecos.com.ar\/#organization","name":"Infoecos","alternateName":"Noticias","url":"https:\/\/infoecos.com.ar\/","logo":{"@type":"ImageObject","inLanguage":"es","@id":"https:\/\/infoecos.com.ar\/#\/schema\/logo\/image\/","url":"https:\/\/infoecos.com.ar\/wp-content\/uploads\/2024\/03\/cropped-logo.png","contentUrl":"https:\/\/infoecos.com.ar\/wp-content\/uploads\/2024\/03\/cropped-logo.png","width":374,"height":90,"caption":"Infoecos"},"image":{"@id":"https:\/\/infoecos.com.ar\/#\/schema\/logo\/image\/"},"sameAs":["https:\/\/www.facebook.com\/profile.php?id=100063200290284","https:\/\/x.com\/infoecos"]},{"@type":"Person","@id":"https:\/\/infoecos.com.ar\/#\/schema\/person\/8f5ace5ce73b4b4aac4b7245aee6f191","name":"Jorge Matheus","url":"https:\/\/infoecos.com.ar\/index.php\/author\/jomatheus\/"}]}},"featured_image_urls":{"full":["https:\/\/infoecos.com.ar\/wp-content\/uploads\/2024\/12\/Orquesta-Sinfonica.jpg",1634,919,false],"thumbnail":["https:\/\/infoecos.com.ar\/wp-content\/uploads\/2024\/12\/Orquesta-Sinfonica-300x150.jpg",300,150,true],"medium":["https:\/\/infoecos.com.ar\/wp-content\/uploads\/2024\/12\/Orquesta-Sinfonica-800x450.jpg",800,450,true],"medium_large":["https:\/\/infoecos.com.ar\/wp-content\/uploads\/2024\/12\/Orquesta-Sinfonica-768x432.jpg",640,360,true],"large":["https:\/\/infoecos.com.ar\/wp-content\/uploads\/2024\/12\/Orquesta-Sinfonica-1600x900.jpg",640,360,true],"1536x1536":["https:\/\/infoecos.com.ar\/wp-content\/uploads\/2024\/12\/Orquesta-Sinfonica-1536x864.jpg",1536,864,true],"2048x2048":["https:\/\/infoecos.com.ar\/wp-content\/uploads\/2024\/12\/Orquesta-Sinfonica.jpg",1634,919,false],"covernews-slider-full":["https:\/\/infoecos.com.ar\/wp-content\/uploads\/2024\/12\/Orquesta-Sinfonica-1115x715.jpg",1115,715,true],"covernews-slider-center":["https:\/\/infoecos.com.ar\/wp-content\/uploads\/2024\/12\/Orquesta-Sinfonica-800x500.jpg",800,500,true],"covernews-featured":["https:\/\/infoecos.com.ar\/wp-content\/uploads\/2024\/12\/Orquesta-Sinfonica-1024x576.jpg",1024,576,true],"covernews-medium":["https:\/\/infoecos.com.ar\/wp-content\/uploads\/2024\/12\/Orquesta-Sinfonica-540x340.jpg",540,340,true],"covernews-medium-square":["https:\/\/infoecos.com.ar\/wp-content\/uploads\/2024\/12\/Orquesta-Sinfonica-400x250.jpg",400,250,true]},"author_info":{"info":["Jorge Matheus"]},"category_info":"<a href=\"https:\/\/infoecos.com.ar\/index.php\/category\/noticia-secundaria\/\" rel=\"category tag\">Noticia Secundaria<\/a>","tag_info":"Noticia Secundaria","comment_count":"0","_links":{"self":[{"href":"https:\/\/infoecos.com.ar\/index.php\/wp-json\/wp\/v2\/posts\/134293"}],"collection":[{"href":"https:\/\/infoecos.com.ar\/index.php\/wp-json\/wp\/v2\/posts"}],"about":[{"href":"https:\/\/infoecos.com.ar\/index.php\/wp-json\/wp\/v2\/types\/post"}],"author":[{"embeddable":true,"href":"https:\/\/infoecos.com.ar\/index.php\/wp-json\/wp\/v2\/users\/2"}],"replies":[{"embeddable":true,"href":"https:\/\/infoecos.com.ar\/index.php\/wp-json\/wp\/v2\/comments?post=134293"}],"version-history":[{"count":2,"href":"https:\/\/infoecos.com.ar\/index.php\/wp-json\/wp\/v2\/posts\/134293\/revisions"}],"predecessor-version":[{"id":134338,"href":"https:\/\/infoecos.com.ar\/index.php\/wp-json\/wp\/v2\/posts\/134293\/revisions\/134338"}],"wp:featuredmedia":[{"embeddable":true,"href":"https:\/\/infoecos.com.ar\/index.php\/wp-json\/wp\/v2\/media\/134294"}],"wp:attachment":[{"href":"https:\/\/infoecos.com.ar\/index.php\/wp-json\/wp\/v2\/media?parent=134293"}],"wp:term":[{"taxonomy":"category","embeddable":true,"href":"https:\/\/infoecos.com.ar\/index.php\/wp-json\/wp\/v2\/categories?post=134293"},{"taxonomy":"post_tag","embeddable":true,"href":"https:\/\/infoecos.com.ar\/index.php\/wp-json\/wp\/v2\/tags?post=134293"}],"curies":[{"name":"wp","href":"https:\/\/api.w.org\/{rel}","templated":true}]}}