{"id":134297,"date":"2024-12-13T00:53:30","date_gmt":"2024-12-13T03:53:30","guid":{"rendered":"https:\/\/infoecos.com.ar\/?p=134297"},"modified":"2024-12-14T14:10:04","modified_gmt":"2024-12-14T17:10:04","slug":"en-las-plazas-san-martin-francia-espana-italia-y-britanica-colecta-de-papel-y-tapitas-este-domingo","status":"publish","type":"post","link":"https:\/\/infoecos.com.ar\/index.php\/en-las-plazas-san-martin-francia-espana-italia-y-britanica-colecta-de-papel-y-tapitas-este-domingo\/","title":{"rendered":"En las plazas San Mart\u00edn, Francia, Espa\u00f1a, Italia y Brit\u00e1nica, colecta de papel y tapitas, este domingo"},"content":{"rendered":"\n<p>El domingo desde las 8 en Plaza San Mart\u00edn y en las cuatro plazas de la ciudad: Francia, Espa\u00f1a, Italia y Brit\u00e1nica, se realizar\u00e1 una colecta de papel y tapitas, entre otros elementos reciclables, para la Fundaci\u00f3n Garrahan, en una actividad conjunta del Programa de Reciclado y Medio Ambiente de la Fundaci\u00f3n Garrahan y la Municipalidad de Trenque Lauquen, con la colaboraci\u00f3n de Auditorio Cristiano.<\/p>\n\n\n\n<figure class=\"wp-block-image aligncenter size-full\"><img loading=\"lazy\" decoding=\"async\" width=\"526\" height=\"526\" src=\"https:\/\/infoecos.com.ar\/wp-content\/uploads\/2024\/12\/image-154.png\" alt=\"\" class=\"wp-image-134298\"\/><\/figure>\n\n\n\n<p>El cami\u00f3n de Truck Sur, empresa que colabora con la campa\u00f1a, se encontrar\u00e1 en la Plaza San Mart\u00edn y la campa\u00f1a se extender\u00e1 hasta que se complete el mismo.<\/p>\n\n\n\n<p>Durante la jornada, de la que participar\u00e1 la direcci\u00f3n de Ambiente y Desarrollo Sustentable, que encabeza Facundo Splendiani, se sortear\u00e1 un juego de encastre con banquito realizado con material reciclado de tapitas entre quienes llevan el material al cami\u00f3n en Plaza San Mart\u00edn.<\/p>\n\n\n\n<figure class=\"wp-block-image aligncenter size-large is-resized\"><img loading=\"lazy\" decoding=\"async\" width=\"1600\" height=\"900\" src=\"https:\/\/infoecos.com.ar\/wp-content\/uploads\/2024\/12\/image-155-1600x900.png\" alt=\"\" class=\"wp-image-134299\" style=\"width:518px;height:auto\" srcset=\"https:\/\/infoecos.com.ar\/wp-content\/uploads\/2024\/12\/image-155-1600x900.png 1600w, https:\/\/infoecos.com.ar\/wp-content\/uploads\/2024\/12\/image-155-800x450.png 800w, https:\/\/infoecos.com.ar\/wp-content\/uploads\/2024\/12\/image-155-768x432.png 768w, https:\/\/infoecos.com.ar\/wp-content\/uploads\/2024\/12\/image-155-1536x864.png 1536w, https:\/\/infoecos.com.ar\/wp-content\/uploads\/2024\/12\/image-155-1024x576.png 1024w, https:\/\/infoecos.com.ar\/wp-content\/uploads\/2024\/12\/image-155.png 1920w\" sizes=\"(max-width: 1600px) 100vw, 1600px\" \/><\/figure>\n\n\n\n<p>Se recolectan tapitas, llaves de bronce, CD y DVD, latas de aluminio, papel, cart\u00f3n, radiograf\u00edas (no tomograf\u00edas), cables (no coaxil). Se invita a la comunidad a participar y colaborar.<\/p>\n","protected":false},"excerpt":{"rendered":"<p>El cami\u00f3n de Truck Sur, empresa que colabora con la campa\u00f1a, se encontrar\u00e1 en la Plaza San Mart\u00edn y la campa\u00f1a se extender\u00e1 hasta que se complete el mismo.<\/p>\n","protected":false},"author":2,"featured_media":134299,"comment_status":"closed","ping_status":"open","sticky":false,"template":"","format":"standard","meta":{"footnotes":""},"categories":[1613],"tags":[],"class_list":["post-134297","post","type-post","status-publish","format-standard","has-post-thumbnail","hentry","category-noticia-secundaria"],"yoast_head":"<!-- This site is optimized with the Yoast SEO plugin v23.4 - https:\/\/yoast.com\/wordpress\/plugins\/seo\/ -->\n<title>En las plazas San Mart\u00edn, Francia, Espa\u00f1a, Italia y Brit\u00e1nica, colecta de papel y tapitas, este domingo - Infoecos<\/title>\n<meta name=\"robots\" content=\"index, follow, max-snippet:-1, max-image-preview:large, max-video-preview:-1\" \/>\n<link rel=\"canonical\" href=\"https:\/\/infoecos.com.ar\/index.php\/en-las-plazas-san-martin-francia-espana-italia-y-britanica-colecta-de-papel-y-tapitas-este-domingo\/\" \/>\n<meta property=\"og:locale\" content=\"es_ES\" \/>\n<meta property=\"og:type\" content=\"article\" \/>\n<meta property=\"og:title\" content=\"En las plazas San Mart\u00edn, Francia, Espa\u00f1a, Italia y Brit\u00e1nica, colecta de papel y tapitas, este domingo - Infoecos\" \/>\n<meta property=\"og:description\" content=\"El cami\u00f3n de Truck Sur, empresa que colabora con la campa\u00f1a, se encontrar\u00e1 en la Plaza San Mart\u00edn y la campa\u00f1a se extender\u00e1 hasta que se complete el mismo.\" \/>\n<meta property=\"og:url\" content=\"https:\/\/infoecos.com.ar\/index.php\/en-las-plazas-san-martin-francia-espana-italia-y-britanica-colecta-de-papel-y-tapitas-este-domingo\/\" \/>\n<meta property=\"og:site_name\" content=\"Infoecos\" \/>\n<meta property=\"article:publisher\" content=\"https:\/\/www.facebook.com\/profile.php?id=100063200290284\" \/>\n<meta property=\"article:published_time\" content=\"2024-12-13T03:53:30+00:00\" \/>\n<meta property=\"article:modified_time\" content=\"2024-12-14T17:10:04+00:00\" \/>\n<meta property=\"og:image\" content=\"https:\/\/infoecos.com.ar\/wp-content\/uploads\/2024\/12\/image-155-1600x900.png\" \/>\n\t<meta property=\"og:image:width\" content=\"1600\" \/>\n\t<meta property=\"og:image:height\" content=\"900\" \/>\n\t<meta property=\"og:image:type\" content=\"image\/png\" \/>\n<meta name=\"author\" content=\"Jorge Matheus\" \/>\n<meta name=\"twitter:card\" content=\"summary_large_image\" \/>\n<meta name=\"twitter:creator\" content=\"@infoecos\" \/>\n<meta name=\"twitter:site\" content=\"@infoecos\" \/>\n<meta name=\"twitter:label1\" content=\"Escrito por\" \/>\n\t<meta name=\"twitter:data1\" content=\"Jorge Matheus\" \/>\n\t<meta name=\"twitter:label2\" content=\"Tiempo de lectura\" \/>\n\t<meta name=\"twitter:data2\" content=\"2 minutos\" \/>\n<script type=\"application\/ld+json\" class=\"yoast-schema-graph\">{\"@context\":\"https:\/\/schema.org\",\"@graph\":[{\"@type\":\"Article\",\"@id\":\"https:\/\/infoecos.com.ar\/index.php\/en-las-plazas-san-martin-francia-espana-italia-y-britanica-colecta-de-papel-y-tapitas-este-domingo\/#article\",\"isPartOf\":{\"@id\":\"https:\/\/infoecos.com.ar\/index.php\/en-las-plazas-san-martin-francia-espana-italia-y-britanica-colecta-de-papel-y-tapitas-este-domingo\/\"},\"author\":{\"name\":\"Jorge Matheus\",\"@id\":\"https:\/\/infoecos.com.ar\/#\/schema\/person\/8f5ace5ce73b4b4aac4b7245aee6f191\"},\"headline\":\"En las plazas San Mart\u00edn, Francia, Espa\u00f1a, Italia y Brit\u00e1nica, colecta de papel y tapitas, este domingo\",\"datePublished\":\"2024-12-13T03:53:30+00:00\",\"dateModified\":\"2024-12-14T17:10:04+00:00\",\"mainEntityOfPage\":{\"@id\":\"https:\/\/infoecos.com.ar\/index.php\/en-las-plazas-san-martin-francia-espana-italia-y-britanica-colecta-de-papel-y-tapitas-este-domingo\/\"},\"wordCount\":201,\"publisher\":{\"@id\":\"https:\/\/infoecos.com.ar\/#organization\"},\"image\":{\"@id\":\"https:\/\/infoecos.com.ar\/index.php\/en-las-plazas-san-martin-francia-espana-italia-y-britanica-colecta-de-papel-y-tapitas-este-domingo\/#primaryimage\"},\"thumbnailUrl\":\"https:\/\/infoecos.com.ar\/wp-content\/uploads\/2024\/12\/image-155.png\",\"articleSection\":[\"Noticia Secundaria\"],\"inLanguage\":\"es\"},{\"@type\":\"WebPage\",\"@id\":\"https:\/\/infoecos.com.ar\/index.php\/en-las-plazas-san-martin-francia-espana-italia-y-britanica-colecta-de-papel-y-tapitas-este-domingo\/\",\"url\":\"https:\/\/infoecos.com.ar\/index.php\/en-las-plazas-san-martin-francia-espana-italia-y-britanica-colecta-de-papel-y-tapitas-este-domingo\/\",\"name\":\"En las plazas San Mart\u00edn, Francia, Espa\u00f1a, Italia y Brit\u00e1nica, colecta de papel y tapitas, este domingo - Infoecos\",\"isPartOf\":{\"@id\":\"https:\/\/infoecos.com.ar\/#website\"},\"primaryImageOfPage\":{\"@id\":\"https:\/\/infoecos.com.ar\/index.php\/en-las-plazas-san-martin-francia-espana-italia-y-britanica-colecta-de-papel-y-tapitas-este-domingo\/#primaryimage\"},\"image\":{\"@id\":\"https:\/\/infoecos.com.ar\/index.php\/en-las-plazas-san-martin-francia-espana-italia-y-britanica-colecta-de-papel-y-tapitas-este-domingo\/#primaryimage\"},\"thumbnailUrl\":\"https:\/\/infoecos.com.ar\/wp-content\/uploads\/2024\/12\/image-155.png\",\"datePublished\":\"2024-12-13T03:53:30+00:00\",\"dateModified\":\"2024-12-14T17:10:04+00:00\",\"breadcrumb\":{\"@id\":\"https:\/\/infoecos.com.ar\/index.php\/en-las-plazas-san-martin-francia-espana-italia-y-britanica-colecta-de-papel-y-tapitas-este-domingo\/#breadcrumb\"},\"inLanguage\":\"es\",\"potentialAction\":[{\"@type\":\"ReadAction\",\"target\":[\"https:\/\/infoecos.com.ar\/index.php\/en-las-plazas-san-martin-francia-espana-italia-y-britanica-colecta-de-papel-y-tapitas-este-domingo\/\"]}]},{\"@type\":\"ImageObject\",\"inLanguage\":\"es\",\"@id\":\"https:\/\/infoecos.com.ar\/index.php\/en-las-plazas-san-martin-francia-espana-italia-y-britanica-colecta-de-papel-y-tapitas-este-domingo\/#primaryimage\",\"url\":\"https:\/\/infoecos.com.ar\/wp-content\/uploads\/2024\/12\/image-155.png\",\"contentUrl\":\"https:\/\/infoecos.com.ar\/wp-content\/uploads\/2024\/12\/image-155.png\",\"width\":1920,\"height\":1080},{\"@type\":\"BreadcrumbList\",\"@id\":\"https:\/\/infoecos.com.ar\/index.php\/en-las-plazas-san-martin-francia-espana-italia-y-britanica-colecta-de-papel-y-tapitas-este-domingo\/#breadcrumb\",\"itemListElement\":[{\"@type\":\"ListItem\",\"position\":1,\"name\":\"Portada\",\"item\":\"https:\/\/infoecos.com.ar\/\"},{\"@type\":\"ListItem\",\"position\":2,\"name\":\"En las plazas San Mart\u00edn, Francia, Espa\u00f1a, Italia y Brit\u00e1nica, colecta de papel y tapitas, este domingo\"}]},{\"@type\":\"WebSite\",\"@id\":\"https:\/\/infoecos.com.ar\/#website\",\"url\":\"https:\/\/infoecos.com.ar\/\",\"name\":\"Infoecos\",\"description\":\"Noticias de trenque lauquen y la zona\",\"publisher\":{\"@id\":\"https:\/\/infoecos.com.ar\/#organization\"},\"alternateName\":\"Noticias\",\"potentialAction\":[{\"@type\":\"SearchAction\",\"target\":{\"@type\":\"EntryPoint\",\"urlTemplate\":\"https:\/\/infoecos.com.ar\/?s={search_term_string}\"},\"query-input\":{\"@type\":\"PropertyValueSpecification\",\"valueRequired\":true,\"valueName\":\"search_term_string\"}}],\"inLanguage\":\"es\"},{\"@type\":\"Organization\",\"@id\":\"https:\/\/infoecos.com.ar\/#organization\",\"name\":\"Infoecos\",\"alternateName\":\"Noticias\",\"url\":\"https:\/\/infoecos.com.ar\/\",\"logo\":{\"@type\":\"ImageObject\",\"inLanguage\":\"es\",\"@id\":\"https:\/\/infoecos.com.ar\/#\/schema\/logo\/image\/\",\"url\":\"https:\/\/infoecos.com.ar\/wp-content\/uploads\/2024\/03\/cropped-logo.png\",\"contentUrl\":\"https:\/\/infoecos.com.ar\/wp-content\/uploads\/2024\/03\/cropped-logo.png\",\"width\":374,\"height\":90,\"caption\":\"Infoecos\"},\"image\":{\"@id\":\"https:\/\/infoecos.com.ar\/#\/schema\/logo\/image\/\"},\"sameAs\":[\"https:\/\/www.facebook.com\/profile.php?id=100063200290284\",\"https:\/\/x.com\/infoecos\"]},{\"@type\":\"Person\",\"@id\":\"https:\/\/infoecos.com.ar\/#\/schema\/person\/8f5ace5ce73b4b4aac4b7245aee6f191\",\"name\":\"Jorge Matheus\",\"url\":\"https:\/\/infoecos.com.ar\/index.php\/author\/jomatheus\/\"}]}<\/script>\n<!-- \/ Yoast SEO plugin. -->","yoast_head_json":{"title":"En las plazas San Mart\u00edn, Francia, Espa\u00f1a, Italia y Brit\u00e1nica, colecta de papel y tapitas, este domingo - Infoecos","robots":{"index":"index","follow":"follow","max-snippet":"max-snippet:-1","max-image-preview":"max-image-preview:large","max-video-preview":"max-video-preview:-1"},"canonical":"https:\/\/infoecos.com.ar\/index.php\/en-las-plazas-san-martin-francia-espana-italia-y-britanica-colecta-de-papel-y-tapitas-este-domingo\/","og_locale":"es_ES","og_type":"article","og_title":"En las plazas San Mart\u00edn, Francia, Espa\u00f1a, Italia y Brit\u00e1nica, colecta de papel y tapitas, este domingo - Infoecos","og_description":"El cami\u00f3n de Truck Sur, empresa que colabora con la campa\u00f1a, se encontrar\u00e1 en la Plaza San Mart\u00edn y la campa\u00f1a se extender\u00e1 hasta que se complete el mismo.","og_url":"https:\/\/infoecos.com.ar\/index.php\/en-las-plazas-san-martin-francia-espana-italia-y-britanica-colecta-de-papel-y-tapitas-este-domingo\/","og_site_name":"Infoecos","article_publisher":"https:\/\/www.facebook.com\/profile.php?id=100063200290284","article_published_time":"2024-12-13T03:53:30+00:00","article_modified_time":"2024-12-14T17:10:04+00:00","og_image":[{"width":1600,"height":900,"url":"https:\/\/infoecos.com.ar\/wp-content\/uploads\/2024\/12\/image-155-1600x900.png","type":"image\/png"}],"author":"Jorge Matheus","twitter_card":"summary_large_image","twitter_creator":"@infoecos","twitter_site":"@infoecos","twitter_misc":{"Escrito por":"Jorge Matheus","Tiempo de lectura":"2 minutos"},"schema":{"@context":"https:\/\/schema.org","@graph":[{"@type":"Article","@id":"https:\/\/infoecos.com.ar\/index.php\/en-las-plazas-san-martin-francia-espana-italia-y-britanica-colecta-de-papel-y-tapitas-este-domingo\/#article","isPartOf":{"@id":"https:\/\/infoecos.com.ar\/index.php\/en-las-plazas-san-martin-francia-espana-italia-y-britanica-colecta-de-papel-y-tapitas-este-domingo\/"},"author":{"name":"Jorge Matheus","@id":"https:\/\/infoecos.com.ar\/#\/schema\/person\/8f5ace5ce73b4b4aac4b7245aee6f191"},"headline":"En las plazas San Mart\u00edn, Francia, Espa\u00f1a, Italia y Brit\u00e1nica, colecta de papel y tapitas, este domingo","datePublished":"2024-12-13T03:53:30+00:00","dateModified":"2024-12-14T17:10:04+00:00","mainEntityOfPage":{"@id":"https:\/\/infoecos.com.ar\/index.php\/en-las-plazas-san-martin-francia-espana-italia-y-britanica-colecta-de-papel-y-tapitas-este-domingo\/"},"wordCount":201,"publisher":{"@id":"https:\/\/infoecos.com.ar\/#organization"},"image":{"@id":"https:\/\/infoecos.com.ar\/index.php\/en-las-plazas-san-martin-francia-espana-italia-y-britanica-colecta-de-papel-y-tapitas-este-domingo\/#primaryimage"},"thumbnailUrl":"https:\/\/infoecos.com.ar\/wp-content\/uploads\/2024\/12\/image-155.png","articleSection":["Noticia Secundaria"],"inLanguage":"es"},{"@type":"WebPage","@id":"https:\/\/infoecos.com.ar\/index.php\/en-las-plazas-san-martin-francia-espana-italia-y-britanica-colecta-de-papel-y-tapitas-este-domingo\/","url":"https:\/\/infoecos.com.ar\/index.php\/en-las-plazas-san-martin-francia-espana-italia-y-britanica-colecta-de-papel-y-tapitas-este-domingo\/","name":"En las plazas San Mart\u00edn, Francia, Espa\u00f1a, Italia y Brit\u00e1nica, colecta de papel y tapitas, este domingo - Infoecos","isPartOf":{"@id":"https:\/\/infoecos.com.ar\/#website"},"primaryImageOfPage":{"@id":"https:\/\/infoecos.com.ar\/index.php\/en-las-plazas-san-martin-francia-espana-italia-y-britanica-colecta-de-papel-y-tapitas-este-domingo\/#primaryimage"},"image":{"@id":"https:\/\/infoecos.com.ar\/index.php\/en-las-plazas-san-martin-francia-espana-italia-y-britanica-colecta-de-papel-y-tapitas-este-domingo\/#primaryimage"},"thumbnailUrl":"https:\/\/infoecos.com.ar\/wp-content\/uploads\/2024\/12\/image-155.png","datePublished":"2024-12-13T03:53:30+00:00","dateModified":"2024-12-14T17:10:04+00:00","breadcrumb":{"@id":"https:\/\/infoecos.com.ar\/index.php\/en-las-plazas-san-martin-francia-espana-italia-y-britanica-colecta-de-papel-y-tapitas-este-domingo\/#breadcrumb"},"inLanguage":"es","potentialAction":[{"@type":"ReadAction","target":["https:\/\/infoecos.com.ar\/index.php\/en-las-plazas-san-martin-francia-espana-italia-y-britanica-colecta-de-papel-y-tapitas-este-domingo\/"]}]},{"@type":"ImageObject","inLanguage":"es","@id":"https:\/\/infoecos.com.ar\/index.php\/en-las-plazas-san-martin-francia-espana-italia-y-britanica-colecta-de-papel-y-tapitas-este-domingo\/#primaryimage","url":"https:\/\/infoecos.com.ar\/wp-content\/uploads\/2024\/12\/image-155.png","contentUrl":"https:\/\/infoecos.com.ar\/wp-content\/uploads\/2024\/12\/image-155.png","width":1920,"height":1080},{"@type":"BreadcrumbList","@id":"https:\/\/infoecos.com.ar\/index.php\/en-las-plazas-san-martin-francia-espana-italia-y-britanica-colecta-de-papel-y-tapitas-este-domingo\/#breadcrumb","itemListElement":[{"@type":"ListItem","position":1,"name":"Portada","item":"https:\/\/infoecos.com.ar\/"},{"@type":"ListItem","position":2,"name":"En las plazas San Mart\u00edn, Francia, Espa\u00f1a, Italia y Brit\u00e1nica, colecta de papel y tapitas, este domingo"}]},{"@type":"WebSite","@id":"https:\/\/infoecos.com.ar\/#website","url":"https:\/\/infoecos.com.ar\/","name":"Infoecos","description":"Noticias de trenque lauquen y la zona","publisher":{"@id":"https:\/\/infoecos.com.ar\/#organization"},"alternateName":"Noticias","potentialAction":[{"@type":"SearchAction","target":{"@type":"EntryPoint","urlTemplate":"https:\/\/infoecos.com.ar\/?s={search_term_string}"},"query-input":{"@type":"PropertyValueSpecification","valueRequired":true,"valueName":"search_term_string"}}],"inLanguage":"es"},{"@type":"Organization","@id":"https:\/\/infoecos.com.ar\/#organization","name":"Infoecos","alternateName":"Noticias","url":"https:\/\/infoecos.com.ar\/","logo":{"@type":"ImageObject","inLanguage":"es","@id":"https:\/\/infoecos.com.ar\/#\/schema\/logo\/image\/","url":"https:\/\/infoecos.com.ar\/wp-content\/uploads\/2024\/03\/cropped-logo.png","contentUrl":"https:\/\/infoecos.com.ar\/wp-content\/uploads\/2024\/03\/cropped-logo.png","width":374,"height":90,"caption":"Infoecos"},"image":{"@id":"https:\/\/infoecos.com.ar\/#\/schema\/logo\/image\/"},"sameAs":["https:\/\/www.facebook.com\/profile.php?id=100063200290284","https:\/\/x.com\/infoecos"]},{"@type":"Person","@id":"https:\/\/infoecos.com.ar\/#\/schema\/person\/8f5ace5ce73b4b4aac4b7245aee6f191","name":"Jorge Matheus","url":"https:\/\/infoecos.com.ar\/index.php\/author\/jomatheus\/"}]}},"featured_image_urls":{"full":["https:\/\/infoecos.com.ar\/wp-content\/uploads\/2024\/12\/image-155.png",1920,1080,false],"thumbnail":["https:\/\/infoecos.com.ar\/wp-content\/uploads\/2024\/12\/image-155-300x150.png",300,150,true],"medium":["https:\/\/infoecos.com.ar\/wp-content\/uploads\/2024\/12\/image-155-800x450.png",800,450,true],"medium_large":["https:\/\/infoecos.com.ar\/wp-content\/uploads\/2024\/12\/image-155-768x432.png",640,360,true],"large":["https:\/\/infoecos.com.ar\/wp-content\/uploads\/2024\/12\/image-155-1600x900.png",640,360,true],"1536x1536":["https:\/\/infoecos.com.ar\/wp-content\/uploads\/2024\/12\/image-155-1536x864.png",1536,864,true],"2048x2048":["https:\/\/infoecos.com.ar\/wp-content\/uploads\/2024\/12\/image-155.png",1920,1080,false],"covernews-slider-full":["https:\/\/infoecos.com.ar\/wp-content\/uploads\/2024\/12\/image-155-1115x715.png",1115,715,true],"covernews-slider-center":["https:\/\/infoecos.com.ar\/wp-content\/uploads\/2024\/12\/image-155-800x500.png",800,500,true],"covernews-featured":["https:\/\/infoecos.com.ar\/wp-content\/uploads\/2024\/12\/image-155-1024x576.png",1024,576,true],"covernews-medium":["https:\/\/infoecos.com.ar\/wp-content\/uploads\/2024\/12\/image-155-540x340.png",540,340,true],"covernews-medium-square":["https:\/\/infoecos.com.ar\/wp-content\/uploads\/2024\/12\/image-155-400x250.png",400,250,true]},"author_info":{"info":["Jorge Matheus"]},"category_info":"<a href=\"https:\/\/infoecos.com.ar\/index.php\/category\/noticia-secundaria\/\" rel=\"category tag\">Noticia Secundaria<\/a>","tag_info":"Noticia Secundaria","comment_count":"0","_links":{"self":[{"href":"https:\/\/infoecos.com.ar\/index.php\/wp-json\/wp\/v2\/posts\/134297"}],"collection":[{"href":"https:\/\/infoecos.com.ar\/index.php\/wp-json\/wp\/v2\/posts"}],"about":[{"href":"https:\/\/infoecos.com.ar\/index.php\/wp-json\/wp\/v2\/types\/post"}],"author":[{"embeddable":true,"href":"https:\/\/infoecos.com.ar\/index.php\/wp-json\/wp\/v2\/users\/2"}],"replies":[{"embeddable":true,"href":"https:\/\/infoecos.com.ar\/index.php\/wp-json\/wp\/v2\/comments?post=134297"}],"version-history":[{"count":1,"href":"https:\/\/infoecos.com.ar\/index.php\/wp-json\/wp\/v2\/posts\/134297\/revisions"}],"predecessor-version":[{"id":134300,"href":"https:\/\/infoecos.com.ar\/index.php\/wp-json\/wp\/v2\/posts\/134297\/revisions\/134300"}],"wp:featuredmedia":[{"embeddable":true,"href":"https:\/\/infoecos.com.ar\/index.php\/wp-json\/wp\/v2\/media\/134299"}],"wp:attachment":[{"href":"https:\/\/infoecos.com.ar\/index.php\/wp-json\/wp\/v2\/media?parent=134297"}],"wp:term":[{"taxonomy":"category","embeddable":true,"href":"https:\/\/infoecos.com.ar\/index.php\/wp-json\/wp\/v2\/categories?post=134297"},{"taxonomy":"post_tag","embeddable":true,"href":"https:\/\/infoecos.com.ar\/index.php\/wp-json\/wp\/v2\/tags?post=134297"}],"curies":[{"name":"wp","href":"https:\/\/api.w.org\/{rel}","templated":true}]}}