{"id":134478,"date":"2024-12-16T22:27:01","date_gmt":"2024-12-17T01:27:01","guid":{"rendered":"https:\/\/infoecos.com.ar\/?p=134478"},"modified":"2024-12-16T22:27:02","modified_gmt":"2024-12-17T01:27:02","slug":"seguiran-las-altas-temperaturas-y-aparecen-algunos-porcentajes-de-lluvia-para-este-martes-por-la-noche-y-el-miercoles","status":"publish","type":"post","link":"https:\/\/infoecos.com.ar\/index.php\/seguiran-las-altas-temperaturas-y-aparecen-algunos-porcentajes-de-lluvia-para-este-martes-por-la-noche-y-el-miercoles\/","title":{"rendered":"Seguir\u00e1n las altas temperaturas y aparecen algunos porcentajes de lluvia para este martes por la noche y el mi\u00e9rcoles"},"content":{"rendered":"\n<p class=\"has-text-align-center\"><strong>Servicio Meteorol\u00f3gico Nacional<\/strong><\/p>\n\n\n\n<p class=\"has-text-align-center\"><strong>Pron\u00f3stico hasta el jueves<\/strong><\/p>\n\n\n\n<p><strong><mark style=\"background-color:rgba(0, 0, 0, 0)\" class=\"has-inline-color has-vivid-red-color\">Seguir\u00e1n las altas temperaturas y aparecen algunos porcentajes de lluvia para este martes por la noche y el mi\u00e9rcoles. Anticipa el pron\u00f3stico vientos fuertes este martes. <\/mark><\/strong><\/p>\n\n\n\n<figure class=\"wp-block-image aligncenter size-full\"><img loading=\"lazy\" decoding=\"async\" width=\"475\" height=\"253\" src=\"https:\/\/infoecos.com.ar\/wp-content\/uploads\/2024\/12\/image-198.png\" alt=\"\" class=\"wp-image-134479\"\/><\/figure>\n\n\n\n<p class=\"has-text-align-center\"><strong>Sensores Clim\u00e1ticos Municipalidad de Trenque Lauquen<\/strong><\/p>\n\n\n\n<p class=\"has-text-align-center\"><strong>Valores Meteorol\u00f3gicos <\/strong><\/p>\n\n\n\n<p><strong><mark style=\"background-color:rgba(0, 0, 0, 0)\" class=\"has-inline-color has-vivid-red-color\">La temperatura m\u00e1xima del lunes se registr\u00f3 a las 13 horas y alcanz\u00f3 a los 31.7\u00b0, mientras que la m\u00ednima fue de 10.2\u00b0 a las 4.15. El viento prevaleci\u00f3 casi imperceptible del sector Este NorEste.<\/mark><\/strong><\/p>\n\n\n\n<figure class=\"wp-block-image aligncenter size-full\"><img loading=\"lazy\" decoding=\"async\" width=\"606\" height=\"325\" src=\"https:\/\/infoecos.com.ar\/wp-content\/uploads\/2024\/12\/image-199.png\" alt=\"\" class=\"wp-image-134480\"\/><\/figure>\n\n\n\n<p><a href=\"https:\/\/www.tripadvisor.com.ar\/LocationPhotos-g2396898-Trenque_Lauquen_Province_of_Buenos_Aires_Central_Argentina.html#188264976\"><\/a><\/p>\n\n\n\n<figure class=\"wp-block-image aligncenter size-full\"><img loading=\"lazy\" decoding=\"async\" width=\"428\" height=\"283\" src=\"https:\/\/infoecos.com.ar\/wp-content\/uploads\/2024\/12\/image-201.png\" alt=\"\" class=\"wp-image-134482\"\/><\/figure>\n\n\n\n<p><br><\/p>\n","protected":false},"excerpt":{"rendered":"<p>La temperatura m\u00e1xima del lunes se registr\u00f3 a las 13 horas y alcanz\u00f3 a los 31.7\u00b0, mientras que la m\u00ednima fue de 10.2\u00b0 a las 4.15. El viento prevaleci\u00f3 casi imperceptible del sector Este NorEste<\/p>\n","protected":false},"author":2,"featured_media":134482,"comment_status":"closed","ping_status":"open","sticky":false,"template":"","format":"standard","meta":{"footnotes":""},"categories":[1613],"tags":[],"class_list":["post-134478","post","type-post","status-publish","format-standard","has-post-thumbnail","hentry","category-noticia-secundaria"],"yoast_head":"<!-- This site is optimized with the Yoast SEO plugin v23.4 - https:\/\/yoast.com\/wordpress\/plugins\/seo\/ -->\n<title>Seguir\u00e1n las altas temperaturas y aparecen algunos porcentajes de lluvia para este martes por la noche y el mi\u00e9rcoles - Infoecos<\/title>\n<meta name=\"robots\" content=\"index, follow, max-snippet:-1, max-image-preview:large, max-video-preview:-1\" \/>\n<link rel=\"canonical\" href=\"https:\/\/infoecos.com.ar\/index.php\/seguiran-las-altas-temperaturas-y-aparecen-algunos-porcentajes-de-lluvia-para-este-martes-por-la-noche-y-el-miercoles\/\" \/>\n<meta property=\"og:locale\" content=\"es_ES\" \/>\n<meta property=\"og:type\" content=\"article\" \/>\n<meta property=\"og:title\" content=\"Seguir\u00e1n las altas temperaturas y aparecen algunos porcentajes de lluvia para este martes por la noche y el mi\u00e9rcoles - Infoecos\" \/>\n<meta property=\"og:description\" content=\"La temperatura m\u00e1xima del lunes se registr\u00f3 a las 13 horas y alcanz\u00f3 a los 31.7\u00b0, mientras que la m\u00ednima fue de 10.2\u00b0 a las 4.15. El viento prevaleci\u00f3 casi imperceptible del sector Este NorEste\" \/>\n<meta property=\"og:url\" content=\"https:\/\/infoecos.com.ar\/index.php\/seguiran-las-altas-temperaturas-y-aparecen-algunos-porcentajes-de-lluvia-para-este-martes-por-la-noche-y-el-miercoles\/\" \/>\n<meta property=\"og:site_name\" content=\"Infoecos\" \/>\n<meta property=\"article:publisher\" content=\"https:\/\/www.facebook.com\/profile.php?id=100063200290284\" \/>\n<meta property=\"article:published_time\" content=\"2024-12-17T01:27:01+00:00\" \/>\n<meta property=\"article:modified_time\" content=\"2024-12-17T01:27:02+00:00\" \/>\n<meta property=\"og:image\" content=\"https:\/\/infoecos.com.ar\/wp-content\/uploads\/2024\/12\/image-201.png\" \/>\n\t<meta property=\"og:image:width\" content=\"428\" \/>\n\t<meta property=\"og:image:height\" content=\"283\" \/>\n\t<meta property=\"og:image:type\" content=\"image\/png\" \/>\n<meta name=\"author\" content=\"Jorge Matheus\" \/>\n<meta name=\"twitter:card\" content=\"summary_large_image\" \/>\n<meta name=\"twitter:creator\" content=\"@infoecos\" \/>\n<meta name=\"twitter:site\" content=\"@infoecos\" \/>\n<meta name=\"twitter:label1\" content=\"Escrito por\" \/>\n\t<meta name=\"twitter:data1\" content=\"Jorge Matheus\" \/>\n\t<meta name=\"twitter:label2\" content=\"Tiempo de lectura\" \/>\n\t<meta name=\"twitter:data2\" content=\"2 minutos\" \/>\n<script type=\"application\/ld+json\" class=\"yoast-schema-graph\">{\"@context\":\"https:\/\/schema.org\",\"@graph\":[{\"@type\":\"Article\",\"@id\":\"https:\/\/infoecos.com.ar\/index.php\/seguiran-las-altas-temperaturas-y-aparecen-algunos-porcentajes-de-lluvia-para-este-martes-por-la-noche-y-el-miercoles\/#article\",\"isPartOf\":{\"@id\":\"https:\/\/infoecos.com.ar\/index.php\/seguiran-las-altas-temperaturas-y-aparecen-algunos-porcentajes-de-lluvia-para-este-martes-por-la-noche-y-el-miercoles\/\"},\"author\":{\"name\":\"Jorge Matheus\",\"@id\":\"https:\/\/infoecos.com.ar\/#\/schema\/person\/8f5ace5ce73b4b4aac4b7245aee6f191\"},\"headline\":\"Seguir\u00e1n las altas temperaturas y aparecen algunos porcentajes de lluvia para este martes por la noche y el mi\u00e9rcoles\",\"datePublished\":\"2024-12-17T01:27:01+00:00\",\"dateModified\":\"2024-12-17T01:27:02+00:00\",\"mainEntityOfPage\":{\"@id\":\"https:\/\/infoecos.com.ar\/index.php\/seguiran-las-altas-temperaturas-y-aparecen-algunos-porcentajes-de-lluvia-para-este-martes-por-la-noche-y-el-miercoles\/\"},\"wordCount\":102,\"publisher\":{\"@id\":\"https:\/\/infoecos.com.ar\/#organization\"},\"image\":{\"@id\":\"https:\/\/infoecos.com.ar\/index.php\/seguiran-las-altas-temperaturas-y-aparecen-algunos-porcentajes-de-lluvia-para-este-martes-por-la-noche-y-el-miercoles\/#primaryimage\"},\"thumbnailUrl\":\"https:\/\/infoecos.com.ar\/wp-content\/uploads\/2024\/12\/image-201.png\",\"articleSection\":[\"Noticia Secundaria\"],\"inLanguage\":\"es\"},{\"@type\":\"WebPage\",\"@id\":\"https:\/\/infoecos.com.ar\/index.php\/seguiran-las-altas-temperaturas-y-aparecen-algunos-porcentajes-de-lluvia-para-este-martes-por-la-noche-y-el-miercoles\/\",\"url\":\"https:\/\/infoecos.com.ar\/index.php\/seguiran-las-altas-temperaturas-y-aparecen-algunos-porcentajes-de-lluvia-para-este-martes-por-la-noche-y-el-miercoles\/\",\"name\":\"Seguir\u00e1n las altas temperaturas y aparecen algunos porcentajes de lluvia para este martes por la noche y el mi\u00e9rcoles - Infoecos\",\"isPartOf\":{\"@id\":\"https:\/\/infoecos.com.ar\/#website\"},\"primaryImageOfPage\":{\"@id\":\"https:\/\/infoecos.com.ar\/index.php\/seguiran-las-altas-temperaturas-y-aparecen-algunos-porcentajes-de-lluvia-para-este-martes-por-la-noche-y-el-miercoles\/#primaryimage\"},\"image\":{\"@id\":\"https:\/\/infoecos.com.ar\/index.php\/seguiran-las-altas-temperaturas-y-aparecen-algunos-porcentajes-de-lluvia-para-este-martes-por-la-noche-y-el-miercoles\/#primaryimage\"},\"thumbnailUrl\":\"https:\/\/infoecos.com.ar\/wp-content\/uploads\/2024\/12\/image-201.png\",\"datePublished\":\"2024-12-17T01:27:01+00:00\",\"dateModified\":\"2024-12-17T01:27:02+00:00\",\"breadcrumb\":{\"@id\":\"https:\/\/infoecos.com.ar\/index.php\/seguiran-las-altas-temperaturas-y-aparecen-algunos-porcentajes-de-lluvia-para-este-martes-por-la-noche-y-el-miercoles\/#breadcrumb\"},\"inLanguage\":\"es\",\"potentialAction\":[{\"@type\":\"ReadAction\",\"target\":[\"https:\/\/infoecos.com.ar\/index.php\/seguiran-las-altas-temperaturas-y-aparecen-algunos-porcentajes-de-lluvia-para-este-martes-por-la-noche-y-el-miercoles\/\"]}]},{\"@type\":\"ImageObject\",\"inLanguage\":\"es\",\"@id\":\"https:\/\/infoecos.com.ar\/index.php\/seguiran-las-altas-temperaturas-y-aparecen-algunos-porcentajes-de-lluvia-para-este-martes-por-la-noche-y-el-miercoles\/#primaryimage\",\"url\":\"https:\/\/infoecos.com.ar\/wp-content\/uploads\/2024\/12\/image-201.png\",\"contentUrl\":\"https:\/\/infoecos.com.ar\/wp-content\/uploads\/2024\/12\/image-201.png\",\"width\":428,\"height\":283},{\"@type\":\"BreadcrumbList\",\"@id\":\"https:\/\/infoecos.com.ar\/index.php\/seguiran-las-altas-temperaturas-y-aparecen-algunos-porcentajes-de-lluvia-para-este-martes-por-la-noche-y-el-miercoles\/#breadcrumb\",\"itemListElement\":[{\"@type\":\"ListItem\",\"position\":1,\"name\":\"Portada\",\"item\":\"https:\/\/infoecos.com.ar\/\"},{\"@type\":\"ListItem\",\"position\":2,\"name\":\"Seguir\u00e1n las altas temperaturas y aparecen algunos porcentajes de lluvia para este martes por la noche y el mi\u00e9rcoles\"}]},{\"@type\":\"WebSite\",\"@id\":\"https:\/\/infoecos.com.ar\/#website\",\"url\":\"https:\/\/infoecos.com.ar\/\",\"name\":\"Infoecos\",\"description\":\"Noticias de trenque lauquen y la zona\",\"publisher\":{\"@id\":\"https:\/\/infoecos.com.ar\/#organization\"},\"alternateName\":\"Noticias\",\"potentialAction\":[{\"@type\":\"SearchAction\",\"target\":{\"@type\":\"EntryPoint\",\"urlTemplate\":\"https:\/\/infoecos.com.ar\/?s={search_term_string}\"},\"query-input\":{\"@type\":\"PropertyValueSpecification\",\"valueRequired\":true,\"valueName\":\"search_term_string\"}}],\"inLanguage\":\"es\"},{\"@type\":\"Organization\",\"@id\":\"https:\/\/infoecos.com.ar\/#organization\",\"name\":\"Infoecos\",\"alternateName\":\"Noticias\",\"url\":\"https:\/\/infoecos.com.ar\/\",\"logo\":{\"@type\":\"ImageObject\",\"inLanguage\":\"es\",\"@id\":\"https:\/\/infoecos.com.ar\/#\/schema\/logo\/image\/\",\"url\":\"https:\/\/infoecos.com.ar\/wp-content\/uploads\/2024\/03\/cropped-logo.png\",\"contentUrl\":\"https:\/\/infoecos.com.ar\/wp-content\/uploads\/2024\/03\/cropped-logo.png\",\"width\":374,\"height\":90,\"caption\":\"Infoecos\"},\"image\":{\"@id\":\"https:\/\/infoecos.com.ar\/#\/schema\/logo\/image\/\"},\"sameAs\":[\"https:\/\/www.facebook.com\/profile.php?id=100063200290284\",\"https:\/\/x.com\/infoecos\"]},{\"@type\":\"Person\",\"@id\":\"https:\/\/infoecos.com.ar\/#\/schema\/person\/8f5ace5ce73b4b4aac4b7245aee6f191\",\"name\":\"Jorge Matheus\",\"url\":\"https:\/\/infoecos.com.ar\/index.php\/author\/jomatheus\/\"}]}<\/script>\n<!-- \/ Yoast SEO plugin. -->","yoast_head_json":{"title":"Seguir\u00e1n las altas temperaturas y aparecen algunos porcentajes de lluvia para este martes por la noche y el mi\u00e9rcoles - Infoecos","robots":{"index":"index","follow":"follow","max-snippet":"max-snippet:-1","max-image-preview":"max-image-preview:large","max-video-preview":"max-video-preview:-1"},"canonical":"https:\/\/infoecos.com.ar\/index.php\/seguiran-las-altas-temperaturas-y-aparecen-algunos-porcentajes-de-lluvia-para-este-martes-por-la-noche-y-el-miercoles\/","og_locale":"es_ES","og_type":"article","og_title":"Seguir\u00e1n las altas temperaturas y aparecen algunos porcentajes de lluvia para este martes por la noche y el mi\u00e9rcoles - Infoecos","og_description":"La temperatura m\u00e1xima del lunes se registr\u00f3 a las 13 horas y alcanz\u00f3 a los 31.7\u00b0, mientras que la m\u00ednima fue de 10.2\u00b0 a las 4.15. El viento prevaleci\u00f3 casi imperceptible del sector Este NorEste","og_url":"https:\/\/infoecos.com.ar\/index.php\/seguiran-las-altas-temperaturas-y-aparecen-algunos-porcentajes-de-lluvia-para-este-martes-por-la-noche-y-el-miercoles\/","og_site_name":"Infoecos","article_publisher":"https:\/\/www.facebook.com\/profile.php?id=100063200290284","article_published_time":"2024-12-17T01:27:01+00:00","article_modified_time":"2024-12-17T01:27:02+00:00","og_image":[{"width":428,"height":283,"url":"https:\/\/infoecos.com.ar\/wp-content\/uploads\/2024\/12\/image-201.png","type":"image\/png"}],"author":"Jorge Matheus","twitter_card":"summary_large_image","twitter_creator":"@infoecos","twitter_site":"@infoecos","twitter_misc":{"Escrito por":"Jorge Matheus","Tiempo de lectura":"2 minutos"},"schema":{"@context":"https:\/\/schema.org","@graph":[{"@type":"Article","@id":"https:\/\/infoecos.com.ar\/index.php\/seguiran-las-altas-temperaturas-y-aparecen-algunos-porcentajes-de-lluvia-para-este-martes-por-la-noche-y-el-miercoles\/#article","isPartOf":{"@id":"https:\/\/infoecos.com.ar\/index.php\/seguiran-las-altas-temperaturas-y-aparecen-algunos-porcentajes-de-lluvia-para-este-martes-por-la-noche-y-el-miercoles\/"},"author":{"name":"Jorge Matheus","@id":"https:\/\/infoecos.com.ar\/#\/schema\/person\/8f5ace5ce73b4b4aac4b7245aee6f191"},"headline":"Seguir\u00e1n las altas temperaturas y aparecen algunos porcentajes de lluvia para este martes por la noche y el mi\u00e9rcoles","datePublished":"2024-12-17T01:27:01+00:00","dateModified":"2024-12-17T01:27:02+00:00","mainEntityOfPage":{"@id":"https:\/\/infoecos.com.ar\/index.php\/seguiran-las-altas-temperaturas-y-aparecen-algunos-porcentajes-de-lluvia-para-este-martes-por-la-noche-y-el-miercoles\/"},"wordCount":102,"publisher":{"@id":"https:\/\/infoecos.com.ar\/#organization"},"image":{"@id":"https:\/\/infoecos.com.ar\/index.php\/seguiran-las-altas-temperaturas-y-aparecen-algunos-porcentajes-de-lluvia-para-este-martes-por-la-noche-y-el-miercoles\/#primaryimage"},"thumbnailUrl":"https:\/\/infoecos.com.ar\/wp-content\/uploads\/2024\/12\/image-201.png","articleSection":["Noticia Secundaria"],"inLanguage":"es"},{"@type":"WebPage","@id":"https:\/\/infoecos.com.ar\/index.php\/seguiran-las-altas-temperaturas-y-aparecen-algunos-porcentajes-de-lluvia-para-este-martes-por-la-noche-y-el-miercoles\/","url":"https:\/\/infoecos.com.ar\/index.php\/seguiran-las-altas-temperaturas-y-aparecen-algunos-porcentajes-de-lluvia-para-este-martes-por-la-noche-y-el-miercoles\/","name":"Seguir\u00e1n las altas temperaturas y aparecen algunos porcentajes de lluvia para este martes por la noche y el mi\u00e9rcoles - Infoecos","isPartOf":{"@id":"https:\/\/infoecos.com.ar\/#website"},"primaryImageOfPage":{"@id":"https:\/\/infoecos.com.ar\/index.php\/seguiran-las-altas-temperaturas-y-aparecen-algunos-porcentajes-de-lluvia-para-este-martes-por-la-noche-y-el-miercoles\/#primaryimage"},"image":{"@id":"https:\/\/infoecos.com.ar\/index.php\/seguiran-las-altas-temperaturas-y-aparecen-algunos-porcentajes-de-lluvia-para-este-martes-por-la-noche-y-el-miercoles\/#primaryimage"},"thumbnailUrl":"https:\/\/infoecos.com.ar\/wp-content\/uploads\/2024\/12\/image-201.png","datePublished":"2024-12-17T01:27:01+00:00","dateModified":"2024-12-17T01:27:02+00:00","breadcrumb":{"@id":"https:\/\/infoecos.com.ar\/index.php\/seguiran-las-altas-temperaturas-y-aparecen-algunos-porcentajes-de-lluvia-para-este-martes-por-la-noche-y-el-miercoles\/#breadcrumb"},"inLanguage":"es","potentialAction":[{"@type":"ReadAction","target":["https:\/\/infoecos.com.ar\/index.php\/seguiran-las-altas-temperaturas-y-aparecen-algunos-porcentajes-de-lluvia-para-este-martes-por-la-noche-y-el-miercoles\/"]}]},{"@type":"ImageObject","inLanguage":"es","@id":"https:\/\/infoecos.com.ar\/index.php\/seguiran-las-altas-temperaturas-y-aparecen-algunos-porcentajes-de-lluvia-para-este-martes-por-la-noche-y-el-miercoles\/#primaryimage","url":"https:\/\/infoecos.com.ar\/wp-content\/uploads\/2024\/12\/image-201.png","contentUrl":"https:\/\/infoecos.com.ar\/wp-content\/uploads\/2024\/12\/image-201.png","width":428,"height":283},{"@type":"BreadcrumbList","@id":"https:\/\/infoecos.com.ar\/index.php\/seguiran-las-altas-temperaturas-y-aparecen-algunos-porcentajes-de-lluvia-para-este-martes-por-la-noche-y-el-miercoles\/#breadcrumb","itemListElement":[{"@type":"ListItem","position":1,"name":"Portada","item":"https:\/\/infoecos.com.ar\/"},{"@type":"ListItem","position":2,"name":"Seguir\u00e1n las altas temperaturas y aparecen algunos porcentajes de lluvia para este martes por la noche y el mi\u00e9rcoles"}]},{"@type":"WebSite","@id":"https:\/\/infoecos.com.ar\/#website","url":"https:\/\/infoecos.com.ar\/","name":"Infoecos","description":"Noticias de trenque lauquen y la zona","publisher":{"@id":"https:\/\/infoecos.com.ar\/#organization"},"alternateName":"Noticias","potentialAction":[{"@type":"SearchAction","target":{"@type":"EntryPoint","urlTemplate":"https:\/\/infoecos.com.ar\/?s={search_term_string}"},"query-input":{"@type":"PropertyValueSpecification","valueRequired":true,"valueName":"search_term_string"}}],"inLanguage":"es"},{"@type":"Organization","@id":"https:\/\/infoecos.com.ar\/#organization","name":"Infoecos","alternateName":"Noticias","url":"https:\/\/infoecos.com.ar\/","logo":{"@type":"ImageObject","inLanguage":"es","@id":"https:\/\/infoecos.com.ar\/#\/schema\/logo\/image\/","url":"https:\/\/infoecos.com.ar\/wp-content\/uploads\/2024\/03\/cropped-logo.png","contentUrl":"https:\/\/infoecos.com.ar\/wp-content\/uploads\/2024\/03\/cropped-logo.png","width":374,"height":90,"caption":"Infoecos"},"image":{"@id":"https:\/\/infoecos.com.ar\/#\/schema\/logo\/image\/"},"sameAs":["https:\/\/www.facebook.com\/profile.php?id=100063200290284","https:\/\/x.com\/infoecos"]},{"@type":"Person","@id":"https:\/\/infoecos.com.ar\/#\/schema\/person\/8f5ace5ce73b4b4aac4b7245aee6f191","name":"Jorge Matheus","url":"https:\/\/infoecos.com.ar\/index.php\/author\/jomatheus\/"}]}},"featured_image_urls":{"full":["https:\/\/infoecos.com.ar\/wp-content\/uploads\/2024\/12\/image-201.png",428,283,false],"thumbnail":["https:\/\/infoecos.com.ar\/wp-content\/uploads\/2024\/12\/image-201-300x150.png",300,150,true],"medium":["https:\/\/infoecos.com.ar\/wp-content\/uploads\/2024\/12\/image-201.png",428,283,false],"medium_large":["https:\/\/infoecos.com.ar\/wp-content\/uploads\/2024\/12\/image-201.png",428,283,false],"large":["https:\/\/infoecos.com.ar\/wp-content\/uploads\/2024\/12\/image-201.png",428,283,false],"1536x1536":["https:\/\/infoecos.com.ar\/wp-content\/uploads\/2024\/12\/image-201.png",428,283,false],"2048x2048":["https:\/\/infoecos.com.ar\/wp-content\/uploads\/2024\/12\/image-201.png",428,283,false],"covernews-slider-full":["https:\/\/infoecos.com.ar\/wp-content\/uploads\/2024\/12\/image-201.png",428,283,false],"covernews-slider-center":["https:\/\/infoecos.com.ar\/wp-content\/uploads\/2024\/12\/image-201.png",428,283,false],"covernews-featured":["https:\/\/infoecos.com.ar\/wp-content\/uploads\/2024\/12\/image-201.png",428,283,false],"covernews-medium":["https:\/\/infoecos.com.ar\/wp-content\/uploads\/2024\/12\/image-201.png",428,283,false],"covernews-medium-square":["https:\/\/infoecos.com.ar\/wp-content\/uploads\/2024\/12\/image-201-400x250.png",400,250,true]},"author_info":{"info":["Jorge Matheus"]},"category_info":"<a href=\"https:\/\/infoecos.com.ar\/index.php\/category\/noticia-secundaria\/\" rel=\"category tag\">Noticia Secundaria<\/a>","tag_info":"Noticia Secundaria","comment_count":"0","_links":{"self":[{"href":"https:\/\/infoecos.com.ar\/index.php\/wp-json\/wp\/v2\/posts\/134478"}],"collection":[{"href":"https:\/\/infoecos.com.ar\/index.php\/wp-json\/wp\/v2\/posts"}],"about":[{"href":"https:\/\/infoecos.com.ar\/index.php\/wp-json\/wp\/v2\/types\/post"}],"author":[{"embeddable":true,"href":"https:\/\/infoecos.com.ar\/index.php\/wp-json\/wp\/v2\/users\/2"}],"replies":[{"embeddable":true,"href":"https:\/\/infoecos.com.ar\/index.php\/wp-json\/wp\/v2\/comments?post=134478"}],"version-history":[{"count":1,"href":"https:\/\/infoecos.com.ar\/index.php\/wp-json\/wp\/v2\/posts\/134478\/revisions"}],"predecessor-version":[{"id":134483,"href":"https:\/\/infoecos.com.ar\/index.php\/wp-json\/wp\/v2\/posts\/134478\/revisions\/134483"}],"wp:featuredmedia":[{"embeddable":true,"href":"https:\/\/infoecos.com.ar\/index.php\/wp-json\/wp\/v2\/media\/134482"}],"wp:attachment":[{"href":"https:\/\/infoecos.com.ar\/index.php\/wp-json\/wp\/v2\/media?parent=134478"}],"wp:term":[{"taxonomy":"category","embeddable":true,"href":"https:\/\/infoecos.com.ar\/index.php\/wp-json\/wp\/v2\/categories?post=134478"},{"taxonomy":"post_tag","embeddable":true,"href":"https:\/\/infoecos.com.ar\/index.php\/wp-json\/wp\/v2\/tags?post=134478"}],"curies":[{"name":"wp","href":"https:\/\/api.w.org\/{rel}","templated":true}]}}