{"id":134616,"date":"2024-12-19T16:04:15","date_gmt":"2024-12-19T19:04:15","guid":{"rendered":"https:\/\/infoecos.com.ar\/?p=134616"},"modified":"2024-12-23T01:52:53","modified_gmt":"2024-12-23T04:52:53","slug":"fiesta-del-deporte-trenque-lauquen-el-karate-se-llevo-los-reconocimientos-mas-destacados","status":"publish","type":"post","link":"https:\/\/infoecos.com.ar\/index.php\/fiesta-del-deporte-trenque-lauquen-el-karate-se-llevo-los-reconocimientos-mas-destacados\/","title":{"rendered":"Fiesta del Deporte Trenque Lauquen: el karate se llev\u00f3 los reconocimientos m\u00e1s destacados"},"content":{"rendered":"\n<p>Josefina Guerra y Mart\u00edn Chiodi fueron coronados el mi\u00e9rcoles con los premios Revelaci\u00f3n de Oro y Consagraci\u00f3n de Oro 2024 respectivamente, en la 36\u00b0 Fiesta Anual del Deporte organizada por la Municipalidad de Trenque Lauquen.<\/p>\n\n\n\n<figure class=\"wp-block-gallery has-nested-images columns-default is-cropped wp-block-gallery-1 is-layout-flex wp-block-gallery-is-layout-flex\">\n<figure class=\"wp-block-image size-large\"><img loading=\"lazy\" decoding=\"async\" width=\"1600\" height=\"899\" data-id=\"134620\" src=\"https:\/\/infoecos.com.ar\/wp-content\/uploads\/2024\/12\/WhatsApp-Image-2024-12-19-at-07.09.08.jpeg\" alt=\"\" class=\"wp-image-134620\" srcset=\"https:\/\/infoecos.com.ar\/wp-content\/uploads\/2024\/12\/WhatsApp-Image-2024-12-19-at-07.09.08.jpeg 1600w, https:\/\/infoecos.com.ar\/wp-content\/uploads\/2024\/12\/WhatsApp-Image-2024-12-19-at-07.09.08-800x450.jpeg 800w, https:\/\/infoecos.com.ar\/wp-content\/uploads\/2024\/12\/WhatsApp-Image-2024-12-19-at-07.09.08-768x432.jpeg 768w, https:\/\/infoecos.com.ar\/wp-content\/uploads\/2024\/12\/WhatsApp-Image-2024-12-19-at-07.09.08-1536x863.jpeg 1536w, https:\/\/infoecos.com.ar\/wp-content\/uploads\/2024\/12\/WhatsApp-Image-2024-12-19-at-07.09.08-1024x575.jpeg 1024w\" sizes=\"(max-width: 1600px) 100vw, 1600px\" \/><\/figure>\n\n\n\n<figure class=\"wp-block-image size-large\"><img loading=\"lazy\" decoding=\"async\" width=\"1600\" height=\"899\" data-id=\"134622\" src=\"https:\/\/infoecos.com.ar\/wp-content\/uploads\/2024\/12\/WhatsApp-Image-2024-12-19-at-07.09.09-1.jpeg\" alt=\"\" class=\"wp-image-134622\" srcset=\"https:\/\/infoecos.com.ar\/wp-content\/uploads\/2024\/12\/WhatsApp-Image-2024-12-19-at-07.09.09-1.jpeg 1600w, https:\/\/infoecos.com.ar\/wp-content\/uploads\/2024\/12\/WhatsApp-Image-2024-12-19-at-07.09.09-1-800x450.jpeg 800w, https:\/\/infoecos.com.ar\/wp-content\/uploads\/2024\/12\/WhatsApp-Image-2024-12-19-at-07.09.09-1-768x432.jpeg 768w, https:\/\/infoecos.com.ar\/wp-content\/uploads\/2024\/12\/WhatsApp-Image-2024-12-19-at-07.09.09-1-1536x863.jpeg 1536w, https:\/\/infoecos.com.ar\/wp-content\/uploads\/2024\/12\/WhatsApp-Image-2024-12-19-at-07.09.09-1-1024x575.jpeg 1024w\" sizes=\"(max-width: 1600px) 100vw, 1600px\" \/><\/figure>\n<\/figure>\n\n\n\n<p>Adem\u00e1s, hubo reconocimientos a deportistas de todo el distrito, una menci\u00f3n especial en memoria de Oscar Br\u00faa, el premio trayectoria para Pedro Omar Sayago, la distinci\u00f3n a la labor comunitaria para \u201cQuimio con Pelo de 30 de Agosto\u201d, y la nominaci\u00f3n del Embajador Trenquelauquense que qued\u00f3 para el Eduardo Alonso.<\/p>\n\n\n\n<figure class=\"wp-block-gallery has-nested-images columns-default is-cropped wp-block-gallery-2 is-layout-flex wp-block-gallery-is-layout-flex\">\n<figure class=\"wp-block-image size-large\"><img loading=\"lazy\" decoding=\"async\" width=\"1600\" height=\"899\" data-id=\"134624\" src=\"https:\/\/infoecos.com.ar\/wp-content\/uploads\/2024\/12\/WhatsApp-Image-2024-12-19-at-07.09.10-1.jpeg\" alt=\"\" class=\"wp-image-134624\" srcset=\"https:\/\/infoecos.com.ar\/wp-content\/uploads\/2024\/12\/WhatsApp-Image-2024-12-19-at-07.09.10-1.jpeg 1600w, https:\/\/infoecos.com.ar\/wp-content\/uploads\/2024\/12\/WhatsApp-Image-2024-12-19-at-07.09.10-1-800x450.jpeg 800w, https:\/\/infoecos.com.ar\/wp-content\/uploads\/2024\/12\/WhatsApp-Image-2024-12-19-at-07.09.10-1-768x432.jpeg 768w, https:\/\/infoecos.com.ar\/wp-content\/uploads\/2024\/12\/WhatsApp-Image-2024-12-19-at-07.09.10-1-1536x863.jpeg 1536w, https:\/\/infoecos.com.ar\/wp-content\/uploads\/2024\/12\/WhatsApp-Image-2024-12-19-at-07.09.10-1-1024x575.jpeg 1024w\" sizes=\"(max-width: 1600px) 100vw, 1600px\" \/><\/figure>\n\n\n\n<figure class=\"wp-block-image size-large\"><img loading=\"lazy\" decoding=\"async\" width=\"1600\" height=\"899\" data-id=\"134625\" src=\"https:\/\/infoecos.com.ar\/wp-content\/uploads\/2024\/12\/WhatsApp-Image-2024-12-19-at-07.09.10.jpeg\" alt=\"\" class=\"wp-image-134625\" srcset=\"https:\/\/infoecos.com.ar\/wp-content\/uploads\/2024\/12\/WhatsApp-Image-2024-12-19-at-07.09.10.jpeg 1600w, https:\/\/infoecos.com.ar\/wp-content\/uploads\/2024\/12\/WhatsApp-Image-2024-12-19-at-07.09.10-800x450.jpeg 800w, https:\/\/infoecos.com.ar\/wp-content\/uploads\/2024\/12\/WhatsApp-Image-2024-12-19-at-07.09.10-768x432.jpeg 768w, https:\/\/infoecos.com.ar\/wp-content\/uploads\/2024\/12\/WhatsApp-Image-2024-12-19-at-07.09.10-1536x863.jpeg 1536w, https:\/\/infoecos.com.ar\/wp-content\/uploads\/2024\/12\/WhatsApp-Image-2024-12-19-at-07.09.10-1024x575.jpeg 1024w\" sizes=\"(max-width: 1600px) 100vw, 1600px\" \/><\/figure>\n<\/figure>\n\n\n\n<p>La Fiesta,  se realiz\u00f3 al aire libre frente al Palacio Municipal.<\/p>\n\n\n\n<figure class=\"wp-block-gallery has-nested-images columns-default is-cropped wp-block-gallery-3 is-layout-flex wp-block-gallery-is-layout-flex\">\n<figure class=\"wp-block-image size-large\"><img loading=\"lazy\" decoding=\"async\" width=\"1600\" height=\"899\" data-id=\"134626\" src=\"https:\/\/infoecos.com.ar\/wp-content\/uploads\/2024\/12\/WhatsApp-Image-2024-12-19-at-07.09.16-1.jpeg\" alt=\"\" class=\"wp-image-134626\" srcset=\"https:\/\/infoecos.com.ar\/wp-content\/uploads\/2024\/12\/WhatsApp-Image-2024-12-19-at-07.09.16-1.jpeg 1600w, https:\/\/infoecos.com.ar\/wp-content\/uploads\/2024\/12\/WhatsApp-Image-2024-12-19-at-07.09.16-1-800x450.jpeg 800w, https:\/\/infoecos.com.ar\/wp-content\/uploads\/2024\/12\/WhatsApp-Image-2024-12-19-at-07.09.16-1-768x432.jpeg 768w, https:\/\/infoecos.com.ar\/wp-content\/uploads\/2024\/12\/WhatsApp-Image-2024-12-19-at-07.09.16-1-1536x863.jpeg 1536w, https:\/\/infoecos.com.ar\/wp-content\/uploads\/2024\/12\/WhatsApp-Image-2024-12-19-at-07.09.16-1-1024x575.jpeg 1024w\" sizes=\"(max-width: 1600px) 100vw, 1600px\" \/><\/figure>\n\n\n\n<figure class=\"wp-block-image size-large\"><img loading=\"lazy\" decoding=\"async\" width=\"1600\" height=\"899\" data-id=\"134628\" src=\"https:\/\/infoecos.com.ar\/wp-content\/uploads\/2024\/12\/WhatsApp-Image-2024-12-19-at-07.09.16.jpeg\" alt=\"\" class=\"wp-image-134628\" srcset=\"https:\/\/infoecos.com.ar\/wp-content\/uploads\/2024\/12\/WhatsApp-Image-2024-12-19-at-07.09.16.jpeg 1600w, https:\/\/infoecos.com.ar\/wp-content\/uploads\/2024\/12\/WhatsApp-Image-2024-12-19-at-07.09.16-800x450.jpeg 800w, https:\/\/infoecos.com.ar\/wp-content\/uploads\/2024\/12\/WhatsApp-Image-2024-12-19-at-07.09.16-768x432.jpeg 768w, https:\/\/infoecos.com.ar\/wp-content\/uploads\/2024\/12\/WhatsApp-Image-2024-12-19-at-07.09.16-1536x863.jpeg 1536w, https:\/\/infoecos.com.ar\/wp-content\/uploads\/2024\/12\/WhatsApp-Image-2024-12-19-at-07.09.16-1024x575.jpeg 1024w\" sizes=\"(max-width: 1600px) 100vw, 1600px\" \/><\/figure>\n\n\n\n<figure class=\"wp-block-image size-large\"><img loading=\"lazy\" decoding=\"async\" width=\"1600\" height=\"899\" data-id=\"134627\" src=\"https:\/\/infoecos.com.ar\/wp-content\/uploads\/2024\/12\/WhatsApp-Image-2024-12-19-at-07.09.17-1.jpeg\" alt=\"\" class=\"wp-image-134627\" srcset=\"https:\/\/infoecos.com.ar\/wp-content\/uploads\/2024\/12\/WhatsApp-Image-2024-12-19-at-07.09.17-1.jpeg 1600w, https:\/\/infoecos.com.ar\/wp-content\/uploads\/2024\/12\/WhatsApp-Image-2024-12-19-at-07.09.17-1-800x450.jpeg 800w, https:\/\/infoecos.com.ar\/wp-content\/uploads\/2024\/12\/WhatsApp-Image-2024-12-19-at-07.09.17-1-768x432.jpeg 768w, https:\/\/infoecos.com.ar\/wp-content\/uploads\/2024\/12\/WhatsApp-Image-2024-12-19-at-07.09.17-1-1536x863.jpeg 1536w, https:\/\/infoecos.com.ar\/wp-content\/uploads\/2024\/12\/WhatsApp-Image-2024-12-19-at-07.09.17-1-1024x575.jpeg 1024w\" sizes=\"(max-width: 1600px) 100vw, 1600px\" \/><\/figure>\n<\/figure>\n\n\n\n<p>El intendente, Francisco Recoulat al hacer uso de la palabra se refiri\u00f3 a la satisfacci\u00f3n de organizar el evento, al trabajo de los periodistas, el esfuerzo de los deportistas e instituciones, al equipo de gobierno y a quienes trabajan para la fiesta, como as\u00ed tambi\u00e9n a las familias trenquelauquenses: <\/p>\n\n\n\n<ul class=\"wp-block-list\">\n<li><em>\u201cEs una alegr\u00eda estar ac\u00e1 acompa\u00f1ando este evento, que durante 33 a\u00f1os y con mucho esfuerzo llev\u00f3 adelante el diario La Opini\u00f3n, y \u00e9sta es la tercera edici\u00f3n que organiza la Municipalidad, que tom\u00f3 la posta de continuarlo y lo puede hacer porque hay un compromiso de muchos que se suman para colaborar\u201d.<\/em><\/li>\n\n\n\n<li><em>\u201cLos periodistas han debatido, se han reunido, han votado y han trabajado much\u00edsimo para que esta selecci\u00f3n y las nominaciones sean las mejores, y desde el Municipio les agradecemos por ese trabajo que lo han hecho con mucho profesionalismo y preparaci\u00f3n\u201d. <\/em><\/li>\n\n\n\n<li><em>\u201cD\u00eda a d\u00eda se entrenan, ponen mucho tiempo y representan a Trenque Lauquen en un mont\u00f3n de lugares, y dejan bien en alto la bandera del deporte, del compromiso y la responsabilidad y para nosotros como municipio organizar esto es una enorme responsabilidad, pero tambi\u00e9n es un honor\u201d. <\/em><\/li>\n\n\n\n<li><em>\u201cEl deporte subsiste y crece porque hay profesores que acompa\u00f1an, hay clubes e instituciones, que hacen mucho esfuerzo para que esos deportes se puedan realizar\u201d.<\/em><\/li>\n<\/ul>\n\n\n\n<figure class=\"wp-block-gallery has-nested-images columns-default is-cropped wp-block-gallery-4 is-layout-flex wp-block-gallery-is-layout-flex\">\n<figure class=\"wp-block-image size-large\"><img loading=\"lazy\" decoding=\"async\" width=\"1600\" height=\"899\" data-id=\"134617\" src=\"https:\/\/infoecos.com.ar\/wp-content\/uploads\/2024\/12\/WhatsApp-Image-2024-12-19-at-07.09.05.jpeg\" alt=\"\" class=\"wp-image-134617\" srcset=\"https:\/\/infoecos.com.ar\/wp-content\/uploads\/2024\/12\/WhatsApp-Image-2024-12-19-at-07.09.05.jpeg 1600w, https:\/\/infoecos.com.ar\/wp-content\/uploads\/2024\/12\/WhatsApp-Image-2024-12-19-at-07.09.05-800x450.jpeg 800w, https:\/\/infoecos.com.ar\/wp-content\/uploads\/2024\/12\/WhatsApp-Image-2024-12-19-at-07.09.05-768x432.jpeg 768w, https:\/\/infoecos.com.ar\/wp-content\/uploads\/2024\/12\/WhatsApp-Image-2024-12-19-at-07.09.05-1536x863.jpeg 1536w, https:\/\/infoecos.com.ar\/wp-content\/uploads\/2024\/12\/WhatsApp-Image-2024-12-19-at-07.09.05-1024x575.jpeg 1024w\" sizes=\"(max-width: 1600px) 100vw, 1600px\" \/><\/figure>\n\n\n\n<figure class=\"wp-block-image size-large\"><img loading=\"lazy\" decoding=\"async\" width=\"1600\" height=\"899\" data-id=\"134618\" src=\"https:\/\/infoecos.com.ar\/wp-content\/uploads\/2024\/12\/WhatsApp-Image-2024-12-19-at-07.09.06.jpeg\" alt=\"\" class=\"wp-image-134618\" srcset=\"https:\/\/infoecos.com.ar\/wp-content\/uploads\/2024\/12\/WhatsApp-Image-2024-12-19-at-07.09.06.jpeg 1600w, https:\/\/infoecos.com.ar\/wp-content\/uploads\/2024\/12\/WhatsApp-Image-2024-12-19-at-07.09.06-800x450.jpeg 800w, https:\/\/infoecos.com.ar\/wp-content\/uploads\/2024\/12\/WhatsApp-Image-2024-12-19-at-07.09.06-768x432.jpeg 768w, https:\/\/infoecos.com.ar\/wp-content\/uploads\/2024\/12\/WhatsApp-Image-2024-12-19-at-07.09.06-1536x863.jpeg 1536w, https:\/\/infoecos.com.ar\/wp-content\/uploads\/2024\/12\/WhatsApp-Image-2024-12-19-at-07.09.06-1024x575.jpeg 1024w\" sizes=\"(max-width: 1600px) 100vw, 1600px\" \/><\/figure>\n\n\n\n<figure class=\"wp-block-image size-large\"><img loading=\"lazy\" decoding=\"async\" width=\"1600\" height=\"899\" data-id=\"134619\" src=\"https:\/\/infoecos.com.ar\/wp-content\/uploads\/2024\/12\/WhatsApp-Image-2024-12-19-at-07.09.07-1.jpeg\" alt=\"\" class=\"wp-image-134619\" srcset=\"https:\/\/infoecos.com.ar\/wp-content\/uploads\/2024\/12\/WhatsApp-Image-2024-12-19-at-07.09.07-1.jpeg 1600w, https:\/\/infoecos.com.ar\/wp-content\/uploads\/2024\/12\/WhatsApp-Image-2024-12-19-at-07.09.07-1-800x450.jpeg 800w, https:\/\/infoecos.com.ar\/wp-content\/uploads\/2024\/12\/WhatsApp-Image-2024-12-19-at-07.09.07-1-768x432.jpeg 768w, https:\/\/infoecos.com.ar\/wp-content\/uploads\/2024\/12\/WhatsApp-Image-2024-12-19-at-07.09.07-1-1536x863.jpeg 1536w, https:\/\/infoecos.com.ar\/wp-content\/uploads\/2024\/12\/WhatsApp-Image-2024-12-19-at-07.09.07-1-1024x575.jpeg 1024w\" sizes=\"(max-width: 1600px) 100vw, 1600px\" \/><\/figure>\n<\/figure>\n\n\n\n<figure class=\"wp-block-gallery has-nested-images columns-default is-cropped wp-block-gallery-5 is-layout-flex wp-block-gallery-is-layout-flex\">\n<figure class=\"wp-block-image size-large\"><img loading=\"lazy\" decoding=\"async\" width=\"1600\" height=\"899\" data-id=\"134629\" src=\"https:\/\/infoecos.com.ar\/wp-content\/uploads\/2024\/12\/WhatsApp-Image-2024-12-19-at-07.09.19.jpeg\" alt=\"\" class=\"wp-image-134629\" srcset=\"https:\/\/infoecos.com.ar\/wp-content\/uploads\/2024\/12\/WhatsApp-Image-2024-12-19-at-07.09.19.jpeg 1600w, https:\/\/infoecos.com.ar\/wp-content\/uploads\/2024\/12\/WhatsApp-Image-2024-12-19-at-07.09.19-800x450.jpeg 800w, https:\/\/infoecos.com.ar\/wp-content\/uploads\/2024\/12\/WhatsApp-Image-2024-12-19-at-07.09.19-768x432.jpeg 768w, https:\/\/infoecos.com.ar\/wp-content\/uploads\/2024\/12\/WhatsApp-Image-2024-12-19-at-07.09.19-1536x863.jpeg 1536w, https:\/\/infoecos.com.ar\/wp-content\/uploads\/2024\/12\/WhatsApp-Image-2024-12-19-at-07.09.19-1024x575.jpeg 1024w\" sizes=\"(max-width: 1600px) 100vw, 1600px\" \/><\/figure>\n\n\n\n<figure class=\"wp-block-image size-large\"><img loading=\"lazy\" decoding=\"async\" width=\"1600\" height=\"899\" data-id=\"134630\" src=\"https:\/\/infoecos.com.ar\/wp-content\/uploads\/2024\/12\/WhatsApp-Image-2024-12-19-at-07.09.20-1.jpeg\" alt=\"\" class=\"wp-image-134630\" srcset=\"https:\/\/infoecos.com.ar\/wp-content\/uploads\/2024\/12\/WhatsApp-Image-2024-12-19-at-07.09.20-1.jpeg 1600w, https:\/\/infoecos.com.ar\/wp-content\/uploads\/2024\/12\/WhatsApp-Image-2024-12-19-at-07.09.20-1-800x450.jpeg 800w, https:\/\/infoecos.com.ar\/wp-content\/uploads\/2024\/12\/WhatsApp-Image-2024-12-19-at-07.09.20-1-768x432.jpeg 768w, https:\/\/infoecos.com.ar\/wp-content\/uploads\/2024\/12\/WhatsApp-Image-2024-12-19-at-07.09.20-1-1536x863.jpeg 1536w, https:\/\/infoecos.com.ar\/wp-content\/uploads\/2024\/12\/WhatsApp-Image-2024-12-19-at-07.09.20-1-1024x575.jpeg 1024w\" sizes=\"(max-width: 1600px) 100vw, 1600px\" \/><\/figure>\n\n\n\n<figure class=\"wp-block-image size-large\"><img loading=\"lazy\" decoding=\"async\" width=\"1600\" height=\"899\" data-id=\"134631\" src=\"https:\/\/infoecos.com.ar\/wp-content\/uploads\/2024\/12\/WhatsApp-Image-2024-12-19-at-07.09.20.jpeg\" alt=\"\" class=\"wp-image-134631\" srcset=\"https:\/\/infoecos.com.ar\/wp-content\/uploads\/2024\/12\/WhatsApp-Image-2024-12-19-at-07.09.20.jpeg 1600w, https:\/\/infoecos.com.ar\/wp-content\/uploads\/2024\/12\/WhatsApp-Image-2024-12-19-at-07.09.20-800x450.jpeg 800w, https:\/\/infoecos.com.ar\/wp-content\/uploads\/2024\/12\/WhatsApp-Image-2024-12-19-at-07.09.20-768x432.jpeg 768w, https:\/\/infoecos.com.ar\/wp-content\/uploads\/2024\/12\/WhatsApp-Image-2024-12-19-at-07.09.20-1536x863.jpeg 1536w, https:\/\/infoecos.com.ar\/wp-content\/uploads\/2024\/12\/WhatsApp-Image-2024-12-19-at-07.09.20-1024x575.jpeg 1024w\" sizes=\"(max-width: 1600px) 100vw, 1600px\" \/><\/figure>\n<\/figure>\n","protected":false},"excerpt":{"rendered":"<p>La Fiesta,  se realiz\u00f3 al aire libre frente al Palacio Municipal<\/p>\n","protected":false},"author":2,"featured_media":134618,"comment_status":"closed","ping_status":"open","sticky":false,"template":"","format":"standard","meta":{"footnotes":""},"categories":[1],"tags":[1500],"class_list":["post-134616","post","type-post","status-publish","format-standard","has-post-thumbnail","hentry","category-sin-categoria","tag-regional"],"yoast_head":"<!-- This site is optimized with the Yoast SEO plugin v23.4 - https:\/\/yoast.com\/wordpress\/plugins\/seo\/ -->\n<title>Fiesta del Deporte Trenque Lauquen: el karate se llev\u00f3 los reconocimientos m\u00e1s destacados - Infoecos<\/title>\n<meta name=\"robots\" content=\"index, follow, max-snippet:-1, max-image-preview:large, max-video-preview:-1\" \/>\n<link rel=\"canonical\" href=\"https:\/\/infoecos.com.ar\/index.php\/fiesta-del-deporte-trenque-lauquen-el-karate-se-llevo-los-reconocimientos-mas-destacados\/\" \/>\n<meta property=\"og:locale\" content=\"es_ES\" \/>\n<meta property=\"og:type\" content=\"article\" \/>\n<meta property=\"og:title\" content=\"Fiesta del Deporte Trenque Lauquen: el karate se llev\u00f3 los reconocimientos m\u00e1s destacados - Infoecos\" \/>\n<meta property=\"og:description\" content=\"La Fiesta, se realiz\u00f3 al aire libre frente al Palacio Municipal\" \/>\n<meta property=\"og:url\" content=\"https:\/\/infoecos.com.ar\/index.php\/fiesta-del-deporte-trenque-lauquen-el-karate-se-llevo-los-reconocimientos-mas-destacados\/\" \/>\n<meta property=\"og:site_name\" content=\"Infoecos\" \/>\n<meta property=\"article:publisher\" content=\"https:\/\/www.facebook.com\/profile.php?id=100063200290284\" \/>\n<meta property=\"article:published_time\" content=\"2024-12-19T19:04:15+00:00\" \/>\n<meta property=\"article:modified_time\" content=\"2024-12-23T04:52:53+00:00\" \/>\n<meta property=\"og:image\" content=\"https:\/\/infoecos.com.ar\/wp-content\/uploads\/2024\/12\/WhatsApp-Image-2024-12-19-at-07.09.06.jpeg\" \/>\n\t<meta property=\"og:image:width\" content=\"1600\" \/>\n\t<meta property=\"og:image:height\" content=\"899\" \/>\n\t<meta property=\"og:image:type\" content=\"image\/jpeg\" \/>\n<meta name=\"author\" content=\"Jorge Matheus\" \/>\n<meta name=\"twitter:card\" content=\"summary_large_image\" \/>\n<meta name=\"twitter:creator\" content=\"@infoecos\" \/>\n<meta name=\"twitter:site\" content=\"@infoecos\" \/>\n<meta name=\"twitter:label1\" content=\"Escrito por\" \/>\n\t<meta name=\"twitter:data1\" content=\"Jorge Matheus\" \/>\n\t<meta name=\"twitter:label2\" content=\"Tiempo de lectura\" \/>\n\t<meta name=\"twitter:data2\" content=\"5 minutos\" \/>\n<script type=\"application\/ld+json\" class=\"yoast-schema-graph\">{\"@context\":\"https:\/\/schema.org\",\"@graph\":[{\"@type\":\"Article\",\"@id\":\"https:\/\/infoecos.com.ar\/index.php\/fiesta-del-deporte-trenque-lauquen-el-karate-se-llevo-los-reconocimientos-mas-destacados\/#article\",\"isPartOf\":{\"@id\":\"https:\/\/infoecos.com.ar\/index.php\/fiesta-del-deporte-trenque-lauquen-el-karate-se-llevo-los-reconocimientos-mas-destacados\/\"},\"author\":{\"name\":\"Jorge Matheus\",\"@id\":\"https:\/\/infoecos.com.ar\/#\/schema\/person\/8f5ace5ce73b4b4aac4b7245aee6f191\"},\"headline\":\"Fiesta del Deporte Trenque Lauquen: el karate se llev\u00f3 los reconocimientos m\u00e1s destacados\",\"datePublished\":\"2024-12-19T19:04:15+00:00\",\"dateModified\":\"2024-12-23T04:52:53+00:00\",\"mainEntityOfPage\":{\"@id\":\"https:\/\/infoecos.com.ar\/index.php\/fiesta-del-deporte-trenque-lauquen-el-karate-se-llevo-los-reconocimientos-mas-destacados\/\"},\"wordCount\":346,\"publisher\":{\"@id\":\"https:\/\/infoecos.com.ar\/#organization\"},\"image\":{\"@id\":\"https:\/\/infoecos.com.ar\/index.php\/fiesta-del-deporte-trenque-lauquen-el-karate-se-llevo-los-reconocimientos-mas-destacados\/#primaryimage\"},\"thumbnailUrl\":\"https:\/\/infoecos.com.ar\/wp-content\/uploads\/2024\/12\/WhatsApp-Image-2024-12-19-at-07.09.06.jpeg\",\"keywords\":[\"REGIONAL\"],\"inLanguage\":\"es\"},{\"@type\":\"WebPage\",\"@id\":\"https:\/\/infoecos.com.ar\/index.php\/fiesta-del-deporte-trenque-lauquen-el-karate-se-llevo-los-reconocimientos-mas-destacados\/\",\"url\":\"https:\/\/infoecos.com.ar\/index.php\/fiesta-del-deporte-trenque-lauquen-el-karate-se-llevo-los-reconocimientos-mas-destacados\/\",\"name\":\"Fiesta del Deporte Trenque Lauquen: el karate se llev\u00f3 los reconocimientos m\u00e1s destacados - Infoecos\",\"isPartOf\":{\"@id\":\"https:\/\/infoecos.com.ar\/#website\"},\"primaryImageOfPage\":{\"@id\":\"https:\/\/infoecos.com.ar\/index.php\/fiesta-del-deporte-trenque-lauquen-el-karate-se-llevo-los-reconocimientos-mas-destacados\/#primaryimage\"},\"image\":{\"@id\":\"https:\/\/infoecos.com.ar\/index.php\/fiesta-del-deporte-trenque-lauquen-el-karate-se-llevo-los-reconocimientos-mas-destacados\/#primaryimage\"},\"thumbnailUrl\":\"https:\/\/infoecos.com.ar\/wp-content\/uploads\/2024\/12\/WhatsApp-Image-2024-12-19-at-07.09.06.jpeg\",\"datePublished\":\"2024-12-19T19:04:15+00:00\",\"dateModified\":\"2024-12-23T04:52:53+00:00\",\"breadcrumb\":{\"@id\":\"https:\/\/infoecos.com.ar\/index.php\/fiesta-del-deporte-trenque-lauquen-el-karate-se-llevo-los-reconocimientos-mas-destacados\/#breadcrumb\"},\"inLanguage\":\"es\",\"potentialAction\":[{\"@type\":\"ReadAction\",\"target\":[\"https:\/\/infoecos.com.ar\/index.php\/fiesta-del-deporte-trenque-lauquen-el-karate-se-llevo-los-reconocimientos-mas-destacados\/\"]}]},{\"@type\":\"ImageObject\",\"inLanguage\":\"es\",\"@id\":\"https:\/\/infoecos.com.ar\/index.php\/fiesta-del-deporte-trenque-lauquen-el-karate-se-llevo-los-reconocimientos-mas-destacados\/#primaryimage\",\"url\":\"https:\/\/infoecos.com.ar\/wp-content\/uploads\/2024\/12\/WhatsApp-Image-2024-12-19-at-07.09.06.jpeg\",\"contentUrl\":\"https:\/\/infoecos.com.ar\/wp-content\/uploads\/2024\/12\/WhatsApp-Image-2024-12-19-at-07.09.06.jpeg\",\"width\":1600,\"height\":899},{\"@type\":\"BreadcrumbList\",\"@id\":\"https:\/\/infoecos.com.ar\/index.php\/fiesta-del-deporte-trenque-lauquen-el-karate-se-llevo-los-reconocimientos-mas-destacados\/#breadcrumb\",\"itemListElement\":[{\"@type\":\"ListItem\",\"position\":1,\"name\":\"Portada\",\"item\":\"https:\/\/infoecos.com.ar\/\"},{\"@type\":\"ListItem\",\"position\":2,\"name\":\"Fiesta del Deporte Trenque Lauquen: el karate se llev\u00f3 los reconocimientos m\u00e1s destacados\"}]},{\"@type\":\"WebSite\",\"@id\":\"https:\/\/infoecos.com.ar\/#website\",\"url\":\"https:\/\/infoecos.com.ar\/\",\"name\":\"Infoecos\",\"description\":\"Noticias de trenque lauquen y la zona\",\"publisher\":{\"@id\":\"https:\/\/infoecos.com.ar\/#organization\"},\"alternateName\":\"Noticias\",\"potentialAction\":[{\"@type\":\"SearchAction\",\"target\":{\"@type\":\"EntryPoint\",\"urlTemplate\":\"https:\/\/infoecos.com.ar\/?s={search_term_string}\"},\"query-input\":{\"@type\":\"PropertyValueSpecification\",\"valueRequired\":true,\"valueName\":\"search_term_string\"}}],\"inLanguage\":\"es\"},{\"@type\":\"Organization\",\"@id\":\"https:\/\/infoecos.com.ar\/#organization\",\"name\":\"Infoecos\",\"alternateName\":\"Noticias\",\"url\":\"https:\/\/infoecos.com.ar\/\",\"logo\":{\"@type\":\"ImageObject\",\"inLanguage\":\"es\",\"@id\":\"https:\/\/infoecos.com.ar\/#\/schema\/logo\/image\/\",\"url\":\"https:\/\/infoecos.com.ar\/wp-content\/uploads\/2024\/03\/cropped-logo.png\",\"contentUrl\":\"https:\/\/infoecos.com.ar\/wp-content\/uploads\/2024\/03\/cropped-logo.png\",\"width\":374,\"height\":90,\"caption\":\"Infoecos\"},\"image\":{\"@id\":\"https:\/\/infoecos.com.ar\/#\/schema\/logo\/image\/\"},\"sameAs\":[\"https:\/\/www.facebook.com\/profile.php?id=100063200290284\",\"https:\/\/x.com\/infoecos\"]},{\"@type\":\"Person\",\"@id\":\"https:\/\/infoecos.com.ar\/#\/schema\/person\/8f5ace5ce73b4b4aac4b7245aee6f191\",\"name\":\"Jorge Matheus\",\"url\":\"https:\/\/infoecos.com.ar\/index.php\/author\/jomatheus\/\"}]}<\/script>\n<!-- \/ Yoast SEO plugin. -->","yoast_head_json":{"title":"Fiesta del Deporte Trenque Lauquen: el karate se llev\u00f3 los reconocimientos m\u00e1s destacados - Infoecos","robots":{"index":"index","follow":"follow","max-snippet":"max-snippet:-1","max-image-preview":"max-image-preview:large","max-video-preview":"max-video-preview:-1"},"canonical":"https:\/\/infoecos.com.ar\/index.php\/fiesta-del-deporte-trenque-lauquen-el-karate-se-llevo-los-reconocimientos-mas-destacados\/","og_locale":"es_ES","og_type":"article","og_title":"Fiesta del Deporte Trenque Lauquen: el karate se llev\u00f3 los reconocimientos m\u00e1s destacados - Infoecos","og_description":"La Fiesta, se realiz\u00f3 al aire libre frente al Palacio Municipal","og_url":"https:\/\/infoecos.com.ar\/index.php\/fiesta-del-deporte-trenque-lauquen-el-karate-se-llevo-los-reconocimientos-mas-destacados\/","og_site_name":"Infoecos","article_publisher":"https:\/\/www.facebook.com\/profile.php?id=100063200290284","article_published_time":"2024-12-19T19:04:15+00:00","article_modified_time":"2024-12-23T04:52:53+00:00","og_image":[{"width":1600,"height":899,"url":"https:\/\/infoecos.com.ar\/wp-content\/uploads\/2024\/12\/WhatsApp-Image-2024-12-19-at-07.09.06.jpeg","type":"image\/jpeg"}],"author":"Jorge Matheus","twitter_card":"summary_large_image","twitter_creator":"@infoecos","twitter_site":"@infoecos","twitter_misc":{"Escrito por":"Jorge Matheus","Tiempo de lectura":"5 minutos"},"schema":{"@context":"https:\/\/schema.org","@graph":[{"@type":"Article","@id":"https:\/\/infoecos.com.ar\/index.php\/fiesta-del-deporte-trenque-lauquen-el-karate-se-llevo-los-reconocimientos-mas-destacados\/#article","isPartOf":{"@id":"https:\/\/infoecos.com.ar\/index.php\/fiesta-del-deporte-trenque-lauquen-el-karate-se-llevo-los-reconocimientos-mas-destacados\/"},"author":{"name":"Jorge Matheus","@id":"https:\/\/infoecos.com.ar\/#\/schema\/person\/8f5ace5ce73b4b4aac4b7245aee6f191"},"headline":"Fiesta del Deporte Trenque Lauquen: el karate se llev\u00f3 los reconocimientos m\u00e1s destacados","datePublished":"2024-12-19T19:04:15+00:00","dateModified":"2024-12-23T04:52:53+00:00","mainEntityOfPage":{"@id":"https:\/\/infoecos.com.ar\/index.php\/fiesta-del-deporte-trenque-lauquen-el-karate-se-llevo-los-reconocimientos-mas-destacados\/"},"wordCount":346,"publisher":{"@id":"https:\/\/infoecos.com.ar\/#organization"},"image":{"@id":"https:\/\/infoecos.com.ar\/index.php\/fiesta-del-deporte-trenque-lauquen-el-karate-se-llevo-los-reconocimientos-mas-destacados\/#primaryimage"},"thumbnailUrl":"https:\/\/infoecos.com.ar\/wp-content\/uploads\/2024\/12\/WhatsApp-Image-2024-12-19-at-07.09.06.jpeg","keywords":["REGIONAL"],"inLanguage":"es"},{"@type":"WebPage","@id":"https:\/\/infoecos.com.ar\/index.php\/fiesta-del-deporte-trenque-lauquen-el-karate-se-llevo-los-reconocimientos-mas-destacados\/","url":"https:\/\/infoecos.com.ar\/index.php\/fiesta-del-deporte-trenque-lauquen-el-karate-se-llevo-los-reconocimientos-mas-destacados\/","name":"Fiesta del Deporte Trenque Lauquen: el karate se llev\u00f3 los reconocimientos m\u00e1s destacados - Infoecos","isPartOf":{"@id":"https:\/\/infoecos.com.ar\/#website"},"primaryImageOfPage":{"@id":"https:\/\/infoecos.com.ar\/index.php\/fiesta-del-deporte-trenque-lauquen-el-karate-se-llevo-los-reconocimientos-mas-destacados\/#primaryimage"},"image":{"@id":"https:\/\/infoecos.com.ar\/index.php\/fiesta-del-deporte-trenque-lauquen-el-karate-se-llevo-los-reconocimientos-mas-destacados\/#primaryimage"},"thumbnailUrl":"https:\/\/infoecos.com.ar\/wp-content\/uploads\/2024\/12\/WhatsApp-Image-2024-12-19-at-07.09.06.jpeg","datePublished":"2024-12-19T19:04:15+00:00","dateModified":"2024-12-23T04:52:53+00:00","breadcrumb":{"@id":"https:\/\/infoecos.com.ar\/index.php\/fiesta-del-deporte-trenque-lauquen-el-karate-se-llevo-los-reconocimientos-mas-destacados\/#breadcrumb"},"inLanguage":"es","potentialAction":[{"@type":"ReadAction","target":["https:\/\/infoecos.com.ar\/index.php\/fiesta-del-deporte-trenque-lauquen-el-karate-se-llevo-los-reconocimientos-mas-destacados\/"]}]},{"@type":"ImageObject","inLanguage":"es","@id":"https:\/\/infoecos.com.ar\/index.php\/fiesta-del-deporte-trenque-lauquen-el-karate-se-llevo-los-reconocimientos-mas-destacados\/#primaryimage","url":"https:\/\/infoecos.com.ar\/wp-content\/uploads\/2024\/12\/WhatsApp-Image-2024-12-19-at-07.09.06.jpeg","contentUrl":"https:\/\/infoecos.com.ar\/wp-content\/uploads\/2024\/12\/WhatsApp-Image-2024-12-19-at-07.09.06.jpeg","width":1600,"height":899},{"@type":"BreadcrumbList","@id":"https:\/\/infoecos.com.ar\/index.php\/fiesta-del-deporte-trenque-lauquen-el-karate-se-llevo-los-reconocimientos-mas-destacados\/#breadcrumb","itemListElement":[{"@type":"ListItem","position":1,"name":"Portada","item":"https:\/\/infoecos.com.ar\/"},{"@type":"ListItem","position":2,"name":"Fiesta del Deporte Trenque Lauquen: el karate se llev\u00f3 los reconocimientos m\u00e1s destacados"}]},{"@type":"WebSite","@id":"https:\/\/infoecos.com.ar\/#website","url":"https:\/\/infoecos.com.ar\/","name":"Infoecos","description":"Noticias de trenque lauquen y la zona","publisher":{"@id":"https:\/\/infoecos.com.ar\/#organization"},"alternateName":"Noticias","potentialAction":[{"@type":"SearchAction","target":{"@type":"EntryPoint","urlTemplate":"https:\/\/infoecos.com.ar\/?s={search_term_string}"},"query-input":{"@type":"PropertyValueSpecification","valueRequired":true,"valueName":"search_term_string"}}],"inLanguage":"es"},{"@type":"Organization","@id":"https:\/\/infoecos.com.ar\/#organization","name":"Infoecos","alternateName":"Noticias","url":"https:\/\/infoecos.com.ar\/","logo":{"@type":"ImageObject","inLanguage":"es","@id":"https:\/\/infoecos.com.ar\/#\/schema\/logo\/image\/","url":"https:\/\/infoecos.com.ar\/wp-content\/uploads\/2024\/03\/cropped-logo.png","contentUrl":"https:\/\/infoecos.com.ar\/wp-content\/uploads\/2024\/03\/cropped-logo.png","width":374,"height":90,"caption":"Infoecos"},"image":{"@id":"https:\/\/infoecos.com.ar\/#\/schema\/logo\/image\/"},"sameAs":["https:\/\/www.facebook.com\/profile.php?id=100063200290284","https:\/\/x.com\/infoecos"]},{"@type":"Person","@id":"https:\/\/infoecos.com.ar\/#\/schema\/person\/8f5ace5ce73b4b4aac4b7245aee6f191","name":"Jorge Matheus","url":"https:\/\/infoecos.com.ar\/index.php\/author\/jomatheus\/"}]}},"featured_image_urls":{"full":["https:\/\/infoecos.com.ar\/wp-content\/uploads\/2024\/12\/WhatsApp-Image-2024-12-19-at-07.09.06.jpeg",1600,899,false],"thumbnail":["https:\/\/infoecos.com.ar\/wp-content\/uploads\/2024\/12\/WhatsApp-Image-2024-12-19-at-07.09.06-300x150.jpeg",300,150,true],"medium":["https:\/\/infoecos.com.ar\/wp-content\/uploads\/2024\/12\/WhatsApp-Image-2024-12-19-at-07.09.06-800x450.jpeg",800,450,true],"medium_large":["https:\/\/infoecos.com.ar\/wp-content\/uploads\/2024\/12\/WhatsApp-Image-2024-12-19-at-07.09.06-768x432.jpeg",640,360,true],"large":["https:\/\/infoecos.com.ar\/wp-content\/uploads\/2024\/12\/WhatsApp-Image-2024-12-19-at-07.09.06.jpeg",640,360,false],"1536x1536":["https:\/\/infoecos.com.ar\/wp-content\/uploads\/2024\/12\/WhatsApp-Image-2024-12-19-at-07.09.06-1536x863.jpeg",1536,863,true],"2048x2048":["https:\/\/infoecos.com.ar\/wp-content\/uploads\/2024\/12\/WhatsApp-Image-2024-12-19-at-07.09.06.jpeg",1600,899,false],"covernews-slider-full":["https:\/\/infoecos.com.ar\/wp-content\/uploads\/2024\/12\/WhatsApp-Image-2024-12-19-at-07.09.06-1115x715.jpeg",1115,715,true],"covernews-slider-center":["https:\/\/infoecos.com.ar\/wp-content\/uploads\/2024\/12\/WhatsApp-Image-2024-12-19-at-07.09.06-800x500.jpeg",800,500,true],"covernews-featured":["https:\/\/infoecos.com.ar\/wp-content\/uploads\/2024\/12\/WhatsApp-Image-2024-12-19-at-07.09.06-1024x575.jpeg",1024,575,true],"covernews-medium":["https:\/\/infoecos.com.ar\/wp-content\/uploads\/2024\/12\/WhatsApp-Image-2024-12-19-at-07.09.06-540x340.jpeg",540,340,true],"covernews-medium-square":["https:\/\/infoecos.com.ar\/wp-content\/uploads\/2024\/12\/WhatsApp-Image-2024-12-19-at-07.09.06-400x250.jpeg",400,250,true]},"author_info":{"info":["Jorge Matheus"]},"category_info":"<a href=\"https:\/\/infoecos.com.ar\/index.php\/category\/sin-categoria\/\" rel=\"category tag\">Sin categor\u00eda<\/a>","tag_info":"Sin categor\u00eda","comment_count":"0","_links":{"self":[{"href":"https:\/\/infoecos.com.ar\/index.php\/wp-json\/wp\/v2\/posts\/134616"}],"collection":[{"href":"https:\/\/infoecos.com.ar\/index.php\/wp-json\/wp\/v2\/posts"}],"about":[{"href":"https:\/\/infoecos.com.ar\/index.php\/wp-json\/wp\/v2\/types\/post"}],"author":[{"embeddable":true,"href":"https:\/\/infoecos.com.ar\/index.php\/wp-json\/wp\/v2\/users\/2"}],"replies":[{"embeddable":true,"href":"https:\/\/infoecos.com.ar\/index.php\/wp-json\/wp\/v2\/comments?post=134616"}],"version-history":[{"count":1,"href":"https:\/\/infoecos.com.ar\/index.php\/wp-json\/wp\/v2\/posts\/134616\/revisions"}],"predecessor-version":[{"id":134632,"href":"https:\/\/infoecos.com.ar\/index.php\/wp-json\/wp\/v2\/posts\/134616\/revisions\/134632"}],"wp:featuredmedia":[{"embeddable":true,"href":"https:\/\/infoecos.com.ar\/index.php\/wp-json\/wp\/v2\/media\/134618"}],"wp:attachment":[{"href":"https:\/\/infoecos.com.ar\/index.php\/wp-json\/wp\/v2\/media?parent=134616"}],"wp:term":[{"taxonomy":"category","embeddable":true,"href":"https:\/\/infoecos.com.ar\/index.php\/wp-json\/wp\/v2\/categories?post=134616"},{"taxonomy":"post_tag","embeddable":true,"href":"https:\/\/infoecos.com.ar\/index.php\/wp-json\/wp\/v2\/tags?post=134616"}],"curies":[{"name":"wp","href":"https:\/\/api.w.org\/{rel}","templated":true}]}}