{"id":134732,"date":"2024-12-22T00:44:37","date_gmt":"2024-12-22T03:44:37","guid":{"rendered":"https:\/\/infoecos.com.ar\/?p=134732"},"modified":"2024-12-22T00:47:45","modified_gmt":"2024-12-22T03:47:45","slug":"clima-estimacion-de-calor-para-este-domingo-y-de-precipitaciones-pluviales-para-el-lunes","status":"publish","type":"post","link":"https:\/\/infoecos.com.ar\/index.php\/clima-estimacion-de-calor-para-este-domingo-y-de-precipitaciones-pluviales-para-el-lunes\/","title":{"rendered":"Clima: estimaci\u00f3n de calor para este domingo y de precipitaciones pluviales para el lunes"},"content":{"rendered":"\n<p class=\"has-text-align-center\"><strong>Servicio Meteorol\u00f3gico Nacional<\/strong><\/p>\n\n\n\n<p class=\"has-text-align-center\"><strong>Pron\u00f3stico <\/strong><\/p>\n\n\n\n<p><strong><mark style=\"background-color:rgba(0, 0, 0, 0)\" class=\"has-inline-color has-vivid-red-color\">Estimaci\u00f3n de calor para este domingo y de precipitaciones pluviales para el lunes. <\/mark><\/strong><\/p>\n\n\n\n<figure class=\"wp-block-image aligncenter size-full\"><img loading=\"lazy\" decoding=\"async\" width=\"475\" height=\"253\" src=\"https:\/\/infoecos.com.ar\/wp-content\/uploads\/2024\/12\/image-248.png\" alt=\"\" class=\"wp-image-134733\"\/><\/figure>\n\n\n\n<p class=\"has-text-align-center\"><strong>Sensores Clim\u00e1ticos Municipalidad de Trenque Lauquen<\/strong><\/p>\n\n\n\n<p class=\"has-text-align-center\"><strong>Valores Meteorol\u00f3gicos <\/strong><\/p>\n\n\n\n<p><strong><mark style=\"background-color:rgba(0, 0, 0, 0)\" class=\"has-inline-color has-vivid-red-color\">La temperatura m\u00e1xima de este s\u00e1bado alcanz\u00f3 los 27\u00b0 y la m\u00ednima fue de 13.3\u00b0. El viento sopl\u00f3, durante todo el d\u00eda del sector Este Sud Este. <\/mark><\/strong><\/p>\n\n\n\n<figure class=\"wp-block-image aligncenter size-full\"><img loading=\"lazy\" decoding=\"async\" width=\"600\" height=\"322\" src=\"https:\/\/infoecos.com.ar\/wp-content\/uploads\/2024\/12\/image-249.png\" alt=\"\" class=\"wp-image-134734\"\/><\/figure>\n\n\n\n<figure class=\"wp-block-image aligncenter size-full is-resized\"><img loading=\"lazy\" decoding=\"async\" width=\"720\" height=\"540\" src=\"https:\/\/infoecos.com.ar\/wp-content\/uploads\/2024\/12\/431507393_935485295245151_4590882744178230730_n.jpg\" alt=\"\" class=\"wp-image-134735\" style=\"width:408px;height:auto\"\/><\/figure>\n","protected":false},"excerpt":{"rendered":"<p>La temperatura m\u00e1xima de este s\u00e1bado alcanz\u00f3 los 27\u00b0 y la m\u00ednima fue de 13.3\u00b0. El viento sopl\u00f3, durante todo el d\u00eda del sector Este Sud Este. <\/p>\n","protected":false},"author":2,"featured_media":134735,"comment_status":"closed","ping_status":"open","sticky":false,"template":"","format":"standard","meta":{"footnotes":""},"categories":[1612],"tags":[],"class_list":["post-134732","post","type-post","status-publish","format-standard","has-post-thumbnail","hentry","category-noticia-principal"],"yoast_head":"<!-- This site is optimized with the Yoast SEO plugin v23.4 - https:\/\/yoast.com\/wordpress\/plugins\/seo\/ -->\n<title>Clima: estimaci\u00f3n de calor para este domingo y de precipitaciones pluviales para el lunes - Infoecos<\/title>\n<meta name=\"robots\" content=\"index, follow, max-snippet:-1, max-image-preview:large, max-video-preview:-1\" \/>\n<link rel=\"canonical\" href=\"https:\/\/infoecos.com.ar\/index.php\/clima-estimacion-de-calor-para-este-domingo-y-de-precipitaciones-pluviales-para-el-lunes\/\" \/>\n<meta property=\"og:locale\" content=\"es_ES\" \/>\n<meta property=\"og:type\" content=\"article\" \/>\n<meta property=\"og:title\" content=\"Clima: estimaci\u00f3n de calor para este domingo y de precipitaciones pluviales para el lunes - Infoecos\" \/>\n<meta property=\"og:description\" content=\"La temperatura m\u00e1xima de este s\u00e1bado alcanz\u00f3 los 27\u00b0 y la m\u00ednima fue de 13.3\u00b0. El viento sopl\u00f3, durante todo el d\u00eda del sector Este Sud Este.\" \/>\n<meta property=\"og:url\" content=\"https:\/\/infoecos.com.ar\/index.php\/clima-estimacion-de-calor-para-este-domingo-y-de-precipitaciones-pluviales-para-el-lunes\/\" \/>\n<meta property=\"og:site_name\" content=\"Infoecos\" \/>\n<meta property=\"article:publisher\" content=\"https:\/\/www.facebook.com\/profile.php?id=100063200290284\" \/>\n<meta property=\"article:published_time\" content=\"2024-12-22T03:44:37+00:00\" \/>\n<meta property=\"article:modified_time\" content=\"2024-12-22T03:47:45+00:00\" \/>\n<meta property=\"og:image\" content=\"https:\/\/infoecos.com.ar\/wp-content\/uploads\/2024\/12\/431507393_935485295245151_4590882744178230730_n.jpg\" \/>\n\t<meta property=\"og:image:width\" content=\"720\" \/>\n\t<meta property=\"og:image:height\" content=\"540\" \/>\n\t<meta property=\"og:image:type\" content=\"image\/jpeg\" \/>\n<meta name=\"author\" content=\"Jorge Matheus\" \/>\n<meta name=\"twitter:card\" content=\"summary_large_image\" \/>\n<meta name=\"twitter:creator\" content=\"@infoecos\" \/>\n<meta name=\"twitter:site\" content=\"@infoecos\" \/>\n<meta name=\"twitter:label1\" content=\"Escrito por\" \/>\n\t<meta name=\"twitter:data1\" content=\"Jorge Matheus\" \/>\n\t<meta name=\"twitter:label2\" content=\"Tiempo de lectura\" \/>\n\t<meta name=\"twitter:data2\" content=\"2 minutos\" \/>\n<script type=\"application\/ld+json\" class=\"yoast-schema-graph\">{\"@context\":\"https:\/\/schema.org\",\"@graph\":[{\"@type\":\"Article\",\"@id\":\"https:\/\/infoecos.com.ar\/index.php\/clima-estimacion-de-calor-para-este-domingo-y-de-precipitaciones-pluviales-para-el-lunes\/#article\",\"isPartOf\":{\"@id\":\"https:\/\/infoecos.com.ar\/index.php\/clima-estimacion-de-calor-para-este-domingo-y-de-precipitaciones-pluviales-para-el-lunes\/\"},\"author\":{\"name\":\"Jorge Matheus\",\"@id\":\"https:\/\/infoecos.com.ar\/#\/schema\/person\/8f5ace5ce73b4b4aac4b7245aee6f191\"},\"headline\":\"Clima: estimaci\u00f3n de calor para este domingo y de precipitaciones pluviales para el lunes\",\"datePublished\":\"2024-12-22T03:44:37+00:00\",\"dateModified\":\"2024-12-22T03:47:45+00:00\",\"mainEntityOfPage\":{\"@id\":\"https:\/\/infoecos.com.ar\/index.php\/clima-estimacion-de-calor-para-este-domingo-y-de-precipitaciones-pluviales-para-el-lunes\/\"},\"wordCount\":74,\"publisher\":{\"@id\":\"https:\/\/infoecos.com.ar\/#organization\"},\"image\":{\"@id\":\"https:\/\/infoecos.com.ar\/index.php\/clima-estimacion-de-calor-para-este-domingo-y-de-precipitaciones-pluviales-para-el-lunes\/#primaryimage\"},\"thumbnailUrl\":\"https:\/\/infoecos.com.ar\/wp-content\/uploads\/2024\/12\/431507393_935485295245151_4590882744178230730_n.jpg\",\"articleSection\":[\"Noticia Principal\"],\"inLanguage\":\"es\"},{\"@type\":\"WebPage\",\"@id\":\"https:\/\/infoecos.com.ar\/index.php\/clima-estimacion-de-calor-para-este-domingo-y-de-precipitaciones-pluviales-para-el-lunes\/\",\"url\":\"https:\/\/infoecos.com.ar\/index.php\/clima-estimacion-de-calor-para-este-domingo-y-de-precipitaciones-pluviales-para-el-lunes\/\",\"name\":\"Clima: estimaci\u00f3n de calor para este domingo y de precipitaciones pluviales para el lunes - Infoecos\",\"isPartOf\":{\"@id\":\"https:\/\/infoecos.com.ar\/#website\"},\"primaryImageOfPage\":{\"@id\":\"https:\/\/infoecos.com.ar\/index.php\/clima-estimacion-de-calor-para-este-domingo-y-de-precipitaciones-pluviales-para-el-lunes\/#primaryimage\"},\"image\":{\"@id\":\"https:\/\/infoecos.com.ar\/index.php\/clima-estimacion-de-calor-para-este-domingo-y-de-precipitaciones-pluviales-para-el-lunes\/#primaryimage\"},\"thumbnailUrl\":\"https:\/\/infoecos.com.ar\/wp-content\/uploads\/2024\/12\/431507393_935485295245151_4590882744178230730_n.jpg\",\"datePublished\":\"2024-12-22T03:44:37+00:00\",\"dateModified\":\"2024-12-22T03:47:45+00:00\",\"breadcrumb\":{\"@id\":\"https:\/\/infoecos.com.ar\/index.php\/clima-estimacion-de-calor-para-este-domingo-y-de-precipitaciones-pluviales-para-el-lunes\/#breadcrumb\"},\"inLanguage\":\"es\",\"potentialAction\":[{\"@type\":\"ReadAction\",\"target\":[\"https:\/\/infoecos.com.ar\/index.php\/clima-estimacion-de-calor-para-este-domingo-y-de-precipitaciones-pluviales-para-el-lunes\/\"]}]},{\"@type\":\"ImageObject\",\"inLanguage\":\"es\",\"@id\":\"https:\/\/infoecos.com.ar\/index.php\/clima-estimacion-de-calor-para-este-domingo-y-de-precipitaciones-pluviales-para-el-lunes\/#primaryimage\",\"url\":\"https:\/\/infoecos.com.ar\/wp-content\/uploads\/2024\/12\/431507393_935485295245151_4590882744178230730_n.jpg\",\"contentUrl\":\"https:\/\/infoecos.com.ar\/wp-content\/uploads\/2024\/12\/431507393_935485295245151_4590882744178230730_n.jpg\",\"width\":720,\"height\":540},{\"@type\":\"BreadcrumbList\",\"@id\":\"https:\/\/infoecos.com.ar\/index.php\/clima-estimacion-de-calor-para-este-domingo-y-de-precipitaciones-pluviales-para-el-lunes\/#breadcrumb\",\"itemListElement\":[{\"@type\":\"ListItem\",\"position\":1,\"name\":\"Portada\",\"item\":\"https:\/\/infoecos.com.ar\/\"},{\"@type\":\"ListItem\",\"position\":2,\"name\":\"Clima: estimaci\u00f3n de calor para este domingo y de precipitaciones pluviales para el lunes\"}]},{\"@type\":\"WebSite\",\"@id\":\"https:\/\/infoecos.com.ar\/#website\",\"url\":\"https:\/\/infoecos.com.ar\/\",\"name\":\"Infoecos\",\"description\":\"Noticias de trenque lauquen y la zona\",\"publisher\":{\"@id\":\"https:\/\/infoecos.com.ar\/#organization\"},\"alternateName\":\"Noticias\",\"potentialAction\":[{\"@type\":\"SearchAction\",\"target\":{\"@type\":\"EntryPoint\",\"urlTemplate\":\"https:\/\/infoecos.com.ar\/?s={search_term_string}\"},\"query-input\":{\"@type\":\"PropertyValueSpecification\",\"valueRequired\":true,\"valueName\":\"search_term_string\"}}],\"inLanguage\":\"es\"},{\"@type\":\"Organization\",\"@id\":\"https:\/\/infoecos.com.ar\/#organization\",\"name\":\"Infoecos\",\"alternateName\":\"Noticias\",\"url\":\"https:\/\/infoecos.com.ar\/\",\"logo\":{\"@type\":\"ImageObject\",\"inLanguage\":\"es\",\"@id\":\"https:\/\/infoecos.com.ar\/#\/schema\/logo\/image\/\",\"url\":\"https:\/\/infoecos.com.ar\/wp-content\/uploads\/2024\/03\/cropped-logo.png\",\"contentUrl\":\"https:\/\/infoecos.com.ar\/wp-content\/uploads\/2024\/03\/cropped-logo.png\",\"width\":374,\"height\":90,\"caption\":\"Infoecos\"},\"image\":{\"@id\":\"https:\/\/infoecos.com.ar\/#\/schema\/logo\/image\/\"},\"sameAs\":[\"https:\/\/www.facebook.com\/profile.php?id=100063200290284\",\"https:\/\/x.com\/infoecos\"]},{\"@type\":\"Person\",\"@id\":\"https:\/\/infoecos.com.ar\/#\/schema\/person\/8f5ace5ce73b4b4aac4b7245aee6f191\",\"name\":\"Jorge Matheus\",\"url\":\"https:\/\/infoecos.com.ar\/index.php\/author\/jomatheus\/\"}]}<\/script>\n<!-- \/ Yoast SEO plugin. -->","yoast_head_json":{"title":"Clima: estimaci\u00f3n de calor para este domingo y de precipitaciones pluviales para el lunes - Infoecos","robots":{"index":"index","follow":"follow","max-snippet":"max-snippet:-1","max-image-preview":"max-image-preview:large","max-video-preview":"max-video-preview:-1"},"canonical":"https:\/\/infoecos.com.ar\/index.php\/clima-estimacion-de-calor-para-este-domingo-y-de-precipitaciones-pluviales-para-el-lunes\/","og_locale":"es_ES","og_type":"article","og_title":"Clima: estimaci\u00f3n de calor para este domingo y de precipitaciones pluviales para el lunes - Infoecos","og_description":"La temperatura m\u00e1xima de este s\u00e1bado alcanz\u00f3 los 27\u00b0 y la m\u00ednima fue de 13.3\u00b0. El viento sopl\u00f3, durante todo el d\u00eda del sector Este Sud Este.","og_url":"https:\/\/infoecos.com.ar\/index.php\/clima-estimacion-de-calor-para-este-domingo-y-de-precipitaciones-pluviales-para-el-lunes\/","og_site_name":"Infoecos","article_publisher":"https:\/\/www.facebook.com\/profile.php?id=100063200290284","article_published_time":"2024-12-22T03:44:37+00:00","article_modified_time":"2024-12-22T03:47:45+00:00","og_image":[{"width":720,"height":540,"url":"https:\/\/infoecos.com.ar\/wp-content\/uploads\/2024\/12\/431507393_935485295245151_4590882744178230730_n.jpg","type":"image\/jpeg"}],"author":"Jorge Matheus","twitter_card":"summary_large_image","twitter_creator":"@infoecos","twitter_site":"@infoecos","twitter_misc":{"Escrito por":"Jorge Matheus","Tiempo de lectura":"2 minutos"},"schema":{"@context":"https:\/\/schema.org","@graph":[{"@type":"Article","@id":"https:\/\/infoecos.com.ar\/index.php\/clima-estimacion-de-calor-para-este-domingo-y-de-precipitaciones-pluviales-para-el-lunes\/#article","isPartOf":{"@id":"https:\/\/infoecos.com.ar\/index.php\/clima-estimacion-de-calor-para-este-domingo-y-de-precipitaciones-pluviales-para-el-lunes\/"},"author":{"name":"Jorge Matheus","@id":"https:\/\/infoecos.com.ar\/#\/schema\/person\/8f5ace5ce73b4b4aac4b7245aee6f191"},"headline":"Clima: estimaci\u00f3n de calor para este domingo y de precipitaciones pluviales para el lunes","datePublished":"2024-12-22T03:44:37+00:00","dateModified":"2024-12-22T03:47:45+00:00","mainEntityOfPage":{"@id":"https:\/\/infoecos.com.ar\/index.php\/clima-estimacion-de-calor-para-este-domingo-y-de-precipitaciones-pluviales-para-el-lunes\/"},"wordCount":74,"publisher":{"@id":"https:\/\/infoecos.com.ar\/#organization"},"image":{"@id":"https:\/\/infoecos.com.ar\/index.php\/clima-estimacion-de-calor-para-este-domingo-y-de-precipitaciones-pluviales-para-el-lunes\/#primaryimage"},"thumbnailUrl":"https:\/\/infoecos.com.ar\/wp-content\/uploads\/2024\/12\/431507393_935485295245151_4590882744178230730_n.jpg","articleSection":["Noticia Principal"],"inLanguage":"es"},{"@type":"WebPage","@id":"https:\/\/infoecos.com.ar\/index.php\/clima-estimacion-de-calor-para-este-domingo-y-de-precipitaciones-pluviales-para-el-lunes\/","url":"https:\/\/infoecos.com.ar\/index.php\/clima-estimacion-de-calor-para-este-domingo-y-de-precipitaciones-pluviales-para-el-lunes\/","name":"Clima: estimaci\u00f3n de calor para este domingo y de precipitaciones pluviales para el lunes - Infoecos","isPartOf":{"@id":"https:\/\/infoecos.com.ar\/#website"},"primaryImageOfPage":{"@id":"https:\/\/infoecos.com.ar\/index.php\/clima-estimacion-de-calor-para-este-domingo-y-de-precipitaciones-pluviales-para-el-lunes\/#primaryimage"},"image":{"@id":"https:\/\/infoecos.com.ar\/index.php\/clima-estimacion-de-calor-para-este-domingo-y-de-precipitaciones-pluviales-para-el-lunes\/#primaryimage"},"thumbnailUrl":"https:\/\/infoecos.com.ar\/wp-content\/uploads\/2024\/12\/431507393_935485295245151_4590882744178230730_n.jpg","datePublished":"2024-12-22T03:44:37+00:00","dateModified":"2024-12-22T03:47:45+00:00","breadcrumb":{"@id":"https:\/\/infoecos.com.ar\/index.php\/clima-estimacion-de-calor-para-este-domingo-y-de-precipitaciones-pluviales-para-el-lunes\/#breadcrumb"},"inLanguage":"es","potentialAction":[{"@type":"ReadAction","target":["https:\/\/infoecos.com.ar\/index.php\/clima-estimacion-de-calor-para-este-domingo-y-de-precipitaciones-pluviales-para-el-lunes\/"]}]},{"@type":"ImageObject","inLanguage":"es","@id":"https:\/\/infoecos.com.ar\/index.php\/clima-estimacion-de-calor-para-este-domingo-y-de-precipitaciones-pluviales-para-el-lunes\/#primaryimage","url":"https:\/\/infoecos.com.ar\/wp-content\/uploads\/2024\/12\/431507393_935485295245151_4590882744178230730_n.jpg","contentUrl":"https:\/\/infoecos.com.ar\/wp-content\/uploads\/2024\/12\/431507393_935485295245151_4590882744178230730_n.jpg","width":720,"height":540},{"@type":"BreadcrumbList","@id":"https:\/\/infoecos.com.ar\/index.php\/clima-estimacion-de-calor-para-este-domingo-y-de-precipitaciones-pluviales-para-el-lunes\/#breadcrumb","itemListElement":[{"@type":"ListItem","position":1,"name":"Portada","item":"https:\/\/infoecos.com.ar\/"},{"@type":"ListItem","position":2,"name":"Clima: estimaci\u00f3n de calor para este domingo y de precipitaciones pluviales para el lunes"}]},{"@type":"WebSite","@id":"https:\/\/infoecos.com.ar\/#website","url":"https:\/\/infoecos.com.ar\/","name":"Infoecos","description":"Noticias de trenque lauquen y la zona","publisher":{"@id":"https:\/\/infoecos.com.ar\/#organization"},"alternateName":"Noticias","potentialAction":[{"@type":"SearchAction","target":{"@type":"EntryPoint","urlTemplate":"https:\/\/infoecos.com.ar\/?s={search_term_string}"},"query-input":{"@type":"PropertyValueSpecification","valueRequired":true,"valueName":"search_term_string"}}],"inLanguage":"es"},{"@type":"Organization","@id":"https:\/\/infoecos.com.ar\/#organization","name":"Infoecos","alternateName":"Noticias","url":"https:\/\/infoecos.com.ar\/","logo":{"@type":"ImageObject","inLanguage":"es","@id":"https:\/\/infoecos.com.ar\/#\/schema\/logo\/image\/","url":"https:\/\/infoecos.com.ar\/wp-content\/uploads\/2024\/03\/cropped-logo.png","contentUrl":"https:\/\/infoecos.com.ar\/wp-content\/uploads\/2024\/03\/cropped-logo.png","width":374,"height":90,"caption":"Infoecos"},"image":{"@id":"https:\/\/infoecos.com.ar\/#\/schema\/logo\/image\/"},"sameAs":["https:\/\/www.facebook.com\/profile.php?id=100063200290284","https:\/\/x.com\/infoecos"]},{"@type":"Person","@id":"https:\/\/infoecos.com.ar\/#\/schema\/person\/8f5ace5ce73b4b4aac4b7245aee6f191","name":"Jorge Matheus","url":"https:\/\/infoecos.com.ar\/index.php\/author\/jomatheus\/"}]}},"featured_image_urls":{"full":["https:\/\/infoecos.com.ar\/wp-content\/uploads\/2024\/12\/431507393_935485295245151_4590882744178230730_n.jpg",720,540,false],"thumbnail":["https:\/\/infoecos.com.ar\/wp-content\/uploads\/2024\/12\/431507393_935485295245151_4590882744178230730_n-300x150.jpg",300,150,true],"medium":["https:\/\/infoecos.com.ar\/wp-content\/uploads\/2024\/12\/431507393_935485295245151_4590882744178230730_n.jpg",720,540,false],"medium_large":["https:\/\/infoecos.com.ar\/wp-content\/uploads\/2024\/12\/431507393_935485295245151_4590882744178230730_n.jpg",640,480,false],"large":["https:\/\/infoecos.com.ar\/wp-content\/uploads\/2024\/12\/431507393_935485295245151_4590882744178230730_n.jpg",640,480,false],"1536x1536":["https:\/\/infoecos.com.ar\/wp-content\/uploads\/2024\/12\/431507393_935485295245151_4590882744178230730_n.jpg",720,540,false],"2048x2048":["https:\/\/infoecos.com.ar\/wp-content\/uploads\/2024\/12\/431507393_935485295245151_4590882744178230730_n.jpg",720,540,false],"covernews-slider-full":["https:\/\/infoecos.com.ar\/wp-content\/uploads\/2024\/12\/431507393_935485295245151_4590882744178230730_n.jpg",720,540,false],"covernews-slider-center":["https:\/\/infoecos.com.ar\/wp-content\/uploads\/2024\/12\/431507393_935485295245151_4590882744178230730_n-720x500.jpg",720,500,true],"covernews-featured":["https:\/\/infoecos.com.ar\/wp-content\/uploads\/2024\/12\/431507393_935485295245151_4590882744178230730_n.jpg",720,540,false],"covernews-medium":["https:\/\/infoecos.com.ar\/wp-content\/uploads\/2024\/12\/431507393_935485295245151_4590882744178230730_n-540x340.jpg",540,340,true],"covernews-medium-square":["https:\/\/infoecos.com.ar\/wp-content\/uploads\/2024\/12\/431507393_935485295245151_4590882744178230730_n-400x250.jpg",400,250,true]},"author_info":{"info":["Jorge Matheus"]},"category_info":"<a href=\"https:\/\/infoecos.com.ar\/index.php\/category\/noticia-principal\/\" rel=\"category tag\">Noticia Principal<\/a>","tag_info":"Noticia Principal","comment_count":"0","_links":{"self":[{"href":"https:\/\/infoecos.com.ar\/index.php\/wp-json\/wp\/v2\/posts\/134732"}],"collection":[{"href":"https:\/\/infoecos.com.ar\/index.php\/wp-json\/wp\/v2\/posts"}],"about":[{"href":"https:\/\/infoecos.com.ar\/index.php\/wp-json\/wp\/v2\/types\/post"}],"author":[{"embeddable":true,"href":"https:\/\/infoecos.com.ar\/index.php\/wp-json\/wp\/v2\/users\/2"}],"replies":[{"embeddable":true,"href":"https:\/\/infoecos.com.ar\/index.php\/wp-json\/wp\/v2\/comments?post=134732"}],"version-history":[{"count":2,"href":"https:\/\/infoecos.com.ar\/index.php\/wp-json\/wp\/v2\/posts\/134732\/revisions"}],"predecessor-version":[{"id":134738,"href":"https:\/\/infoecos.com.ar\/index.php\/wp-json\/wp\/v2\/posts\/134732\/revisions\/134738"}],"wp:featuredmedia":[{"embeddable":true,"href":"https:\/\/infoecos.com.ar\/index.php\/wp-json\/wp\/v2\/media\/134735"}],"wp:attachment":[{"href":"https:\/\/infoecos.com.ar\/index.php\/wp-json\/wp\/v2\/media?parent=134732"}],"wp:term":[{"taxonomy":"category","embeddable":true,"href":"https:\/\/infoecos.com.ar\/index.php\/wp-json\/wp\/v2\/categories?post=134732"},{"taxonomy":"post_tag","embeddable":true,"href":"https:\/\/infoecos.com.ar\/index.php\/wp-json\/wp\/v2\/tags?post=134732"}],"curies":[{"name":"wp","href":"https:\/\/api.w.org\/{rel}","templated":true}]}}