{"id":134832,"date":"2024-12-23T23:26:53","date_gmt":"2024-12-24T02:26:53","guid":{"rendered":"https:\/\/infoecos.com.ar\/?p=134832"},"modified":"2024-12-23T23:26:54","modified_gmt":"2024-12-24T02:26:54","slug":"el-lunes-se-despide-cumpliendo-con-lo-pronosticado-lluvia-relativamente-fuerte-y-tormenta-electrica","status":"publish","type":"post","link":"https:\/\/infoecos.com.ar\/index.php\/el-lunes-se-despide-cumpliendo-con-lo-pronosticado-lluvia-relativamente-fuerte-y-tormenta-electrica\/","title":{"rendered":"El lunes se despide cumpliendo con lo pronosticado: lluvia relativamente fuerte y tormenta el\u00e9ctrica"},"content":{"rendered":"\n<p class=\"has-text-align-center\"><strong>Servicio Meteorol\u00f3gico Nacional<\/strong><\/p>\n\n\n\n<p class=\"has-text-align-center\"><strong>Pron\u00f3stico <\/strong><\/p>\n\n\n\n<p><strong><mark style=\"background-color:rgba(0, 0, 0, 0)\" class=\"has-inline-color has-vivid-red-color\">Hasta las primeras horas de la ma\u00f1ana de este martes se estiman lluvias y tormentas el\u00e9ctricas. Luego mejorar\u00e1n las condiciones con temperatura que no llegar\u00e1 a los 30\u00b0.<\/mark><\/strong><\/p>\n\n\n\n<figure class=\"wp-block-image aligncenter size-full\"><img loading=\"lazy\" decoding=\"async\" width=\"480\" height=\"252\" src=\"https:\/\/infoecos.com.ar\/wp-content\/uploads\/2024\/12\/image-271.png\" alt=\"\" class=\"wp-image-134833\"\/><\/figure>\n\n\n\n<p class=\"has-text-align-center\"><strong>Sensores Clim\u00e1ticos Municipalidad de Trenque Lauquen<\/strong><\/p>\n\n\n\n<p class=\"has-text-align-center\"><strong>Valores Meteorol\u00f3gicos <\/strong><\/p>\n\n\n\n<p class=\"has-text-align-left\"><strong><mark style=\"background-color:rgba(0, 0, 0, 0)\" class=\"has-inline-color has-vivid-red-color\">La temperatura m\u00e1xima de este lunes alcanz\u00f3 los 34.2\u00b0, mientras que la m\u00ednima fue de 17.5\u00b0. El viento sopl\u00f3 del Norte. Otra vez se registra una muy baja presi\u00f3n atmosf\u00e9rica. <\/mark><\/strong><\/p>\n\n\n\n<figure class=\"wp-block-image aligncenter size-full\"><img loading=\"lazy\" decoding=\"async\" width=\"614\" height=\"319\" src=\"https:\/\/infoecos.com.ar\/wp-content\/uploads\/2024\/12\/image-272.png\" alt=\"\" class=\"wp-image-134834\"\/><\/figure>\n","protected":false},"excerpt":{"rendered":"<p>La temperatura m\u00e1xima de este lunes alcanz\u00f3 los 34.2\u00b0, mientras que la m\u00ednima fue de 17.5\u00b0. El viento sopl\u00f3 del Norte. Otra vez se registra una muy baja presi\u00f3n atmosf\u00e9rica.<\/p>\n","protected":false},"author":2,"featured_media":134835,"comment_status":"closed","ping_status":"open","sticky":false,"template":"","format":"standard","meta":{"footnotes":""},"categories":[1612],"tags":[],"class_list":["post-134832","post","type-post","status-publish","format-standard","has-post-thumbnail","hentry","category-noticia-principal"],"yoast_head":"<!-- This site is optimized with the Yoast SEO plugin v23.4 - https:\/\/yoast.com\/wordpress\/plugins\/seo\/ -->\n<title>El lunes se despide cumpliendo con lo pronosticado: lluvia relativamente fuerte y tormenta el\u00e9ctrica - Infoecos<\/title>\n<meta name=\"robots\" content=\"index, follow, max-snippet:-1, max-image-preview:large, max-video-preview:-1\" \/>\n<link rel=\"canonical\" href=\"https:\/\/infoecos.com.ar\/index.php\/el-lunes-se-despide-cumpliendo-con-lo-pronosticado-lluvia-relativamente-fuerte-y-tormenta-electrica\/\" \/>\n<meta property=\"og:locale\" content=\"es_ES\" \/>\n<meta property=\"og:type\" content=\"article\" \/>\n<meta property=\"og:title\" content=\"El lunes se despide cumpliendo con lo pronosticado: lluvia relativamente fuerte y tormenta el\u00e9ctrica - Infoecos\" \/>\n<meta property=\"og:description\" content=\"La temperatura m\u00e1xima de este lunes alcanz\u00f3 los 34.2\u00b0, mientras que la m\u00ednima fue de 17.5\u00b0. El viento sopl\u00f3 del Norte. Otra vez se registra una muy baja presi\u00f3n atmosf\u00e9rica.\" \/>\n<meta property=\"og:url\" content=\"https:\/\/infoecos.com.ar\/index.php\/el-lunes-se-despide-cumpliendo-con-lo-pronosticado-lluvia-relativamente-fuerte-y-tormenta-electrica\/\" \/>\n<meta property=\"og:site_name\" content=\"Infoecos\" \/>\n<meta property=\"article:publisher\" content=\"https:\/\/www.facebook.com\/profile.php?id=100063200290284\" \/>\n<meta property=\"article:published_time\" content=\"2024-12-24T02:26:53+00:00\" \/>\n<meta property=\"article:modified_time\" content=\"2024-12-24T02:26:54+00:00\" \/>\n<meta property=\"og:image\" content=\"https:\/\/infoecos.com.ar\/wp-content\/uploads\/2024\/12\/980b0540-89b2-4487-b6e6-d6e5df0cc241.jpeg\" \/>\n\t<meta property=\"og:image:width\" content=\"960\" \/>\n\t<meta property=\"og:image:height\" content=\"1280\" \/>\n\t<meta property=\"og:image:type\" content=\"image\/jpeg\" \/>\n<meta name=\"author\" content=\"Jorge Matheus\" \/>\n<meta name=\"twitter:card\" content=\"summary_large_image\" \/>\n<meta name=\"twitter:creator\" content=\"@infoecos\" \/>\n<meta name=\"twitter:site\" content=\"@infoecos\" \/>\n<meta name=\"twitter:label1\" content=\"Escrito por\" \/>\n\t<meta name=\"twitter:data1\" content=\"Jorge Matheus\" \/>\n\t<meta name=\"twitter:label2\" content=\"Tiempo de lectura\" \/>\n\t<meta name=\"twitter:data2\" content=\"1 minuto\" \/>\n<script type=\"application\/ld+json\" class=\"yoast-schema-graph\">{\"@context\":\"https:\/\/schema.org\",\"@graph\":[{\"@type\":\"Article\",\"@id\":\"https:\/\/infoecos.com.ar\/index.php\/el-lunes-se-despide-cumpliendo-con-lo-pronosticado-lluvia-relativamente-fuerte-y-tormenta-electrica\/#article\",\"isPartOf\":{\"@id\":\"https:\/\/infoecos.com.ar\/index.php\/el-lunes-se-despide-cumpliendo-con-lo-pronosticado-lluvia-relativamente-fuerte-y-tormenta-electrica\/\"},\"author\":{\"name\":\"Jorge Matheus\",\"@id\":\"https:\/\/infoecos.com.ar\/#\/schema\/person\/8f5ace5ce73b4b4aac4b7245aee6f191\"},\"headline\":\"El lunes se despide cumpliendo con lo pronosticado: lluvia relativamente fuerte y tormenta el\u00e9ctrica\",\"datePublished\":\"2024-12-24T02:26:53+00:00\",\"dateModified\":\"2024-12-24T02:26:54+00:00\",\"mainEntityOfPage\":{\"@id\":\"https:\/\/infoecos.com.ar\/index.php\/el-lunes-se-despide-cumpliendo-con-lo-pronosticado-lluvia-relativamente-fuerte-y-tormenta-electrica\/\"},\"wordCount\":93,\"publisher\":{\"@id\":\"https:\/\/infoecos.com.ar\/#organization\"},\"image\":{\"@id\":\"https:\/\/infoecos.com.ar\/index.php\/el-lunes-se-despide-cumpliendo-con-lo-pronosticado-lluvia-relativamente-fuerte-y-tormenta-electrica\/#primaryimage\"},\"thumbnailUrl\":\"https:\/\/infoecos.com.ar\/wp-content\/uploads\/2024\/12\/980b0540-89b2-4487-b6e6-d6e5df0cc241.jpeg\",\"articleSection\":[\"Noticia Principal\"],\"inLanguage\":\"es\"},{\"@type\":\"WebPage\",\"@id\":\"https:\/\/infoecos.com.ar\/index.php\/el-lunes-se-despide-cumpliendo-con-lo-pronosticado-lluvia-relativamente-fuerte-y-tormenta-electrica\/\",\"url\":\"https:\/\/infoecos.com.ar\/index.php\/el-lunes-se-despide-cumpliendo-con-lo-pronosticado-lluvia-relativamente-fuerte-y-tormenta-electrica\/\",\"name\":\"El lunes se despide cumpliendo con lo pronosticado: lluvia relativamente fuerte y tormenta el\u00e9ctrica - Infoecos\",\"isPartOf\":{\"@id\":\"https:\/\/infoecos.com.ar\/#website\"},\"primaryImageOfPage\":{\"@id\":\"https:\/\/infoecos.com.ar\/index.php\/el-lunes-se-despide-cumpliendo-con-lo-pronosticado-lluvia-relativamente-fuerte-y-tormenta-electrica\/#primaryimage\"},\"image\":{\"@id\":\"https:\/\/infoecos.com.ar\/index.php\/el-lunes-se-despide-cumpliendo-con-lo-pronosticado-lluvia-relativamente-fuerte-y-tormenta-electrica\/#primaryimage\"},\"thumbnailUrl\":\"https:\/\/infoecos.com.ar\/wp-content\/uploads\/2024\/12\/980b0540-89b2-4487-b6e6-d6e5df0cc241.jpeg\",\"datePublished\":\"2024-12-24T02:26:53+00:00\",\"dateModified\":\"2024-12-24T02:26:54+00:00\",\"breadcrumb\":{\"@id\":\"https:\/\/infoecos.com.ar\/index.php\/el-lunes-se-despide-cumpliendo-con-lo-pronosticado-lluvia-relativamente-fuerte-y-tormenta-electrica\/#breadcrumb\"},\"inLanguage\":\"es\",\"potentialAction\":[{\"@type\":\"ReadAction\",\"target\":[\"https:\/\/infoecos.com.ar\/index.php\/el-lunes-se-despide-cumpliendo-con-lo-pronosticado-lluvia-relativamente-fuerte-y-tormenta-electrica\/\"]}]},{\"@type\":\"ImageObject\",\"inLanguage\":\"es\",\"@id\":\"https:\/\/infoecos.com.ar\/index.php\/el-lunes-se-despide-cumpliendo-con-lo-pronosticado-lluvia-relativamente-fuerte-y-tormenta-electrica\/#primaryimage\",\"url\":\"https:\/\/infoecos.com.ar\/wp-content\/uploads\/2024\/12\/980b0540-89b2-4487-b6e6-d6e5df0cc241.jpeg\",\"contentUrl\":\"https:\/\/infoecos.com.ar\/wp-content\/uploads\/2024\/12\/980b0540-89b2-4487-b6e6-d6e5df0cc241.jpeg\",\"width\":960,\"height\":1280},{\"@type\":\"BreadcrumbList\",\"@id\":\"https:\/\/infoecos.com.ar\/index.php\/el-lunes-se-despide-cumpliendo-con-lo-pronosticado-lluvia-relativamente-fuerte-y-tormenta-electrica\/#breadcrumb\",\"itemListElement\":[{\"@type\":\"ListItem\",\"position\":1,\"name\":\"Portada\",\"item\":\"https:\/\/infoecos.com.ar\/\"},{\"@type\":\"ListItem\",\"position\":2,\"name\":\"El lunes se despide cumpliendo con lo pronosticado: lluvia relativamente fuerte y tormenta el\u00e9ctrica\"}]},{\"@type\":\"WebSite\",\"@id\":\"https:\/\/infoecos.com.ar\/#website\",\"url\":\"https:\/\/infoecos.com.ar\/\",\"name\":\"Infoecos\",\"description\":\"Noticias de trenque lauquen y la zona\",\"publisher\":{\"@id\":\"https:\/\/infoecos.com.ar\/#organization\"},\"alternateName\":\"Noticias\",\"potentialAction\":[{\"@type\":\"SearchAction\",\"target\":{\"@type\":\"EntryPoint\",\"urlTemplate\":\"https:\/\/infoecos.com.ar\/?s={search_term_string}\"},\"query-input\":{\"@type\":\"PropertyValueSpecification\",\"valueRequired\":true,\"valueName\":\"search_term_string\"}}],\"inLanguage\":\"es\"},{\"@type\":\"Organization\",\"@id\":\"https:\/\/infoecos.com.ar\/#organization\",\"name\":\"Infoecos\",\"alternateName\":\"Noticias\",\"url\":\"https:\/\/infoecos.com.ar\/\",\"logo\":{\"@type\":\"ImageObject\",\"inLanguage\":\"es\",\"@id\":\"https:\/\/infoecos.com.ar\/#\/schema\/logo\/image\/\",\"url\":\"https:\/\/infoecos.com.ar\/wp-content\/uploads\/2024\/03\/cropped-logo.png\",\"contentUrl\":\"https:\/\/infoecos.com.ar\/wp-content\/uploads\/2024\/03\/cropped-logo.png\",\"width\":374,\"height\":90,\"caption\":\"Infoecos\"},\"image\":{\"@id\":\"https:\/\/infoecos.com.ar\/#\/schema\/logo\/image\/\"},\"sameAs\":[\"https:\/\/www.facebook.com\/profile.php?id=100063200290284\",\"https:\/\/x.com\/infoecos\"]},{\"@type\":\"Person\",\"@id\":\"https:\/\/infoecos.com.ar\/#\/schema\/person\/8f5ace5ce73b4b4aac4b7245aee6f191\",\"name\":\"Jorge Matheus\",\"url\":\"https:\/\/infoecos.com.ar\/index.php\/author\/jomatheus\/\"}]}<\/script>\n<!-- \/ Yoast SEO plugin. -->","yoast_head_json":{"title":"El lunes se despide cumpliendo con lo pronosticado: lluvia relativamente fuerte y tormenta el\u00e9ctrica - Infoecos","robots":{"index":"index","follow":"follow","max-snippet":"max-snippet:-1","max-image-preview":"max-image-preview:large","max-video-preview":"max-video-preview:-1"},"canonical":"https:\/\/infoecos.com.ar\/index.php\/el-lunes-se-despide-cumpliendo-con-lo-pronosticado-lluvia-relativamente-fuerte-y-tormenta-electrica\/","og_locale":"es_ES","og_type":"article","og_title":"El lunes se despide cumpliendo con lo pronosticado: lluvia relativamente fuerte y tormenta el\u00e9ctrica - Infoecos","og_description":"La temperatura m\u00e1xima de este lunes alcanz\u00f3 los 34.2\u00b0, mientras que la m\u00ednima fue de 17.5\u00b0. El viento sopl\u00f3 del Norte. Otra vez se registra una muy baja presi\u00f3n atmosf\u00e9rica.","og_url":"https:\/\/infoecos.com.ar\/index.php\/el-lunes-se-despide-cumpliendo-con-lo-pronosticado-lluvia-relativamente-fuerte-y-tormenta-electrica\/","og_site_name":"Infoecos","article_publisher":"https:\/\/www.facebook.com\/profile.php?id=100063200290284","article_published_time":"2024-12-24T02:26:53+00:00","article_modified_time":"2024-12-24T02:26:54+00:00","og_image":[{"width":960,"height":1280,"url":"https:\/\/infoecos.com.ar\/wp-content\/uploads\/2024\/12\/980b0540-89b2-4487-b6e6-d6e5df0cc241.jpeg","type":"image\/jpeg"}],"author":"Jorge Matheus","twitter_card":"summary_large_image","twitter_creator":"@infoecos","twitter_site":"@infoecos","twitter_misc":{"Escrito por":"Jorge Matheus","Tiempo de lectura":"1 minuto"},"schema":{"@context":"https:\/\/schema.org","@graph":[{"@type":"Article","@id":"https:\/\/infoecos.com.ar\/index.php\/el-lunes-se-despide-cumpliendo-con-lo-pronosticado-lluvia-relativamente-fuerte-y-tormenta-electrica\/#article","isPartOf":{"@id":"https:\/\/infoecos.com.ar\/index.php\/el-lunes-se-despide-cumpliendo-con-lo-pronosticado-lluvia-relativamente-fuerte-y-tormenta-electrica\/"},"author":{"name":"Jorge Matheus","@id":"https:\/\/infoecos.com.ar\/#\/schema\/person\/8f5ace5ce73b4b4aac4b7245aee6f191"},"headline":"El lunes se despide cumpliendo con lo pronosticado: lluvia relativamente fuerte y tormenta el\u00e9ctrica","datePublished":"2024-12-24T02:26:53+00:00","dateModified":"2024-12-24T02:26:54+00:00","mainEntityOfPage":{"@id":"https:\/\/infoecos.com.ar\/index.php\/el-lunes-se-despide-cumpliendo-con-lo-pronosticado-lluvia-relativamente-fuerte-y-tormenta-electrica\/"},"wordCount":93,"publisher":{"@id":"https:\/\/infoecos.com.ar\/#organization"},"image":{"@id":"https:\/\/infoecos.com.ar\/index.php\/el-lunes-se-despide-cumpliendo-con-lo-pronosticado-lluvia-relativamente-fuerte-y-tormenta-electrica\/#primaryimage"},"thumbnailUrl":"https:\/\/infoecos.com.ar\/wp-content\/uploads\/2024\/12\/980b0540-89b2-4487-b6e6-d6e5df0cc241.jpeg","articleSection":["Noticia Principal"],"inLanguage":"es"},{"@type":"WebPage","@id":"https:\/\/infoecos.com.ar\/index.php\/el-lunes-se-despide-cumpliendo-con-lo-pronosticado-lluvia-relativamente-fuerte-y-tormenta-electrica\/","url":"https:\/\/infoecos.com.ar\/index.php\/el-lunes-se-despide-cumpliendo-con-lo-pronosticado-lluvia-relativamente-fuerte-y-tormenta-electrica\/","name":"El lunes se despide cumpliendo con lo pronosticado: lluvia relativamente fuerte y tormenta el\u00e9ctrica - Infoecos","isPartOf":{"@id":"https:\/\/infoecos.com.ar\/#website"},"primaryImageOfPage":{"@id":"https:\/\/infoecos.com.ar\/index.php\/el-lunes-se-despide-cumpliendo-con-lo-pronosticado-lluvia-relativamente-fuerte-y-tormenta-electrica\/#primaryimage"},"image":{"@id":"https:\/\/infoecos.com.ar\/index.php\/el-lunes-se-despide-cumpliendo-con-lo-pronosticado-lluvia-relativamente-fuerte-y-tormenta-electrica\/#primaryimage"},"thumbnailUrl":"https:\/\/infoecos.com.ar\/wp-content\/uploads\/2024\/12\/980b0540-89b2-4487-b6e6-d6e5df0cc241.jpeg","datePublished":"2024-12-24T02:26:53+00:00","dateModified":"2024-12-24T02:26:54+00:00","breadcrumb":{"@id":"https:\/\/infoecos.com.ar\/index.php\/el-lunes-se-despide-cumpliendo-con-lo-pronosticado-lluvia-relativamente-fuerte-y-tormenta-electrica\/#breadcrumb"},"inLanguage":"es","potentialAction":[{"@type":"ReadAction","target":["https:\/\/infoecos.com.ar\/index.php\/el-lunes-se-despide-cumpliendo-con-lo-pronosticado-lluvia-relativamente-fuerte-y-tormenta-electrica\/"]}]},{"@type":"ImageObject","inLanguage":"es","@id":"https:\/\/infoecos.com.ar\/index.php\/el-lunes-se-despide-cumpliendo-con-lo-pronosticado-lluvia-relativamente-fuerte-y-tormenta-electrica\/#primaryimage","url":"https:\/\/infoecos.com.ar\/wp-content\/uploads\/2024\/12\/980b0540-89b2-4487-b6e6-d6e5df0cc241.jpeg","contentUrl":"https:\/\/infoecos.com.ar\/wp-content\/uploads\/2024\/12\/980b0540-89b2-4487-b6e6-d6e5df0cc241.jpeg","width":960,"height":1280},{"@type":"BreadcrumbList","@id":"https:\/\/infoecos.com.ar\/index.php\/el-lunes-se-despide-cumpliendo-con-lo-pronosticado-lluvia-relativamente-fuerte-y-tormenta-electrica\/#breadcrumb","itemListElement":[{"@type":"ListItem","position":1,"name":"Portada","item":"https:\/\/infoecos.com.ar\/"},{"@type":"ListItem","position":2,"name":"El lunes se despide cumpliendo con lo pronosticado: lluvia relativamente fuerte y tormenta el\u00e9ctrica"}]},{"@type":"WebSite","@id":"https:\/\/infoecos.com.ar\/#website","url":"https:\/\/infoecos.com.ar\/","name":"Infoecos","description":"Noticias de trenque lauquen y la zona","publisher":{"@id":"https:\/\/infoecos.com.ar\/#organization"},"alternateName":"Noticias","potentialAction":[{"@type":"SearchAction","target":{"@type":"EntryPoint","urlTemplate":"https:\/\/infoecos.com.ar\/?s={search_term_string}"},"query-input":{"@type":"PropertyValueSpecification","valueRequired":true,"valueName":"search_term_string"}}],"inLanguage":"es"},{"@type":"Organization","@id":"https:\/\/infoecos.com.ar\/#organization","name":"Infoecos","alternateName":"Noticias","url":"https:\/\/infoecos.com.ar\/","logo":{"@type":"ImageObject","inLanguage":"es","@id":"https:\/\/infoecos.com.ar\/#\/schema\/logo\/image\/","url":"https:\/\/infoecos.com.ar\/wp-content\/uploads\/2024\/03\/cropped-logo.png","contentUrl":"https:\/\/infoecos.com.ar\/wp-content\/uploads\/2024\/03\/cropped-logo.png","width":374,"height":90,"caption":"Infoecos"},"image":{"@id":"https:\/\/infoecos.com.ar\/#\/schema\/logo\/image\/"},"sameAs":["https:\/\/www.facebook.com\/profile.php?id=100063200290284","https:\/\/x.com\/infoecos"]},{"@type":"Person","@id":"https:\/\/infoecos.com.ar\/#\/schema\/person\/8f5ace5ce73b4b4aac4b7245aee6f191","name":"Jorge Matheus","url":"https:\/\/infoecos.com.ar\/index.php\/author\/jomatheus\/"}]}},"featured_image_urls":{"full":["https:\/\/infoecos.com.ar\/wp-content\/uploads\/2024\/12\/980b0540-89b2-4487-b6e6-d6e5df0cc241.jpeg",960,1280,false],"thumbnail":["https:\/\/infoecos.com.ar\/wp-content\/uploads\/2024\/12\/980b0540-89b2-4487-b6e6-d6e5df0cc241-300x150.jpeg",300,150,true],"medium":["https:\/\/infoecos.com.ar\/wp-content\/uploads\/2024\/12\/980b0540-89b2-4487-b6e6-d6e5df0cc241-600x800.jpeg",600,800,true],"medium_large":["https:\/\/infoecos.com.ar\/wp-content\/uploads\/2024\/12\/980b0540-89b2-4487-b6e6-d6e5df0cc241-768x1024.jpeg",640,853,true],"large":["https:\/\/infoecos.com.ar\/wp-content\/uploads\/2024\/12\/980b0540-89b2-4487-b6e6-d6e5df0cc241.jpeg",640,853,false],"1536x1536":["https:\/\/infoecos.com.ar\/wp-content\/uploads\/2024\/12\/980b0540-89b2-4487-b6e6-d6e5df0cc241.jpeg",960,1280,false],"2048x2048":["https:\/\/infoecos.com.ar\/wp-content\/uploads\/2024\/12\/980b0540-89b2-4487-b6e6-d6e5df0cc241.jpeg",960,1280,false],"covernews-slider-full":["https:\/\/infoecos.com.ar\/wp-content\/uploads\/2024\/12\/980b0540-89b2-4487-b6e6-d6e5df0cc241-960x715.jpeg",960,715,true],"covernews-slider-center":["https:\/\/infoecos.com.ar\/wp-content\/uploads\/2024\/12\/980b0540-89b2-4487-b6e6-d6e5df0cc241-800x500.jpeg",800,500,true],"covernews-featured":["https:\/\/infoecos.com.ar\/wp-content\/uploads\/2024\/12\/980b0540-89b2-4487-b6e6-d6e5df0cc241.jpeg",960,1280,false],"covernews-medium":["https:\/\/infoecos.com.ar\/wp-content\/uploads\/2024\/12\/980b0540-89b2-4487-b6e6-d6e5df0cc241-540x340.jpeg",540,340,true],"covernews-medium-square":["https:\/\/infoecos.com.ar\/wp-content\/uploads\/2024\/12\/980b0540-89b2-4487-b6e6-d6e5df0cc241-400x250.jpeg",400,250,true]},"author_info":{"info":["Jorge Matheus"]},"category_info":"<a href=\"https:\/\/infoecos.com.ar\/index.php\/category\/noticia-principal\/\" rel=\"category tag\">Noticia Principal<\/a>","tag_info":"Noticia Principal","comment_count":"0","_links":{"self":[{"href":"https:\/\/infoecos.com.ar\/index.php\/wp-json\/wp\/v2\/posts\/134832"}],"collection":[{"href":"https:\/\/infoecos.com.ar\/index.php\/wp-json\/wp\/v2\/posts"}],"about":[{"href":"https:\/\/infoecos.com.ar\/index.php\/wp-json\/wp\/v2\/types\/post"}],"author":[{"embeddable":true,"href":"https:\/\/infoecos.com.ar\/index.php\/wp-json\/wp\/v2\/users\/2"}],"replies":[{"embeddable":true,"href":"https:\/\/infoecos.com.ar\/index.php\/wp-json\/wp\/v2\/comments?post=134832"}],"version-history":[{"count":1,"href":"https:\/\/infoecos.com.ar\/index.php\/wp-json\/wp\/v2\/posts\/134832\/revisions"}],"predecessor-version":[{"id":134836,"href":"https:\/\/infoecos.com.ar\/index.php\/wp-json\/wp\/v2\/posts\/134832\/revisions\/134836"}],"wp:featuredmedia":[{"embeddable":true,"href":"https:\/\/infoecos.com.ar\/index.php\/wp-json\/wp\/v2\/media\/134835"}],"wp:attachment":[{"href":"https:\/\/infoecos.com.ar\/index.php\/wp-json\/wp\/v2\/media?parent=134832"}],"wp:term":[{"taxonomy":"category","embeddable":true,"href":"https:\/\/infoecos.com.ar\/index.php\/wp-json\/wp\/v2\/categories?post=134832"},{"taxonomy":"post_tag","embeddable":true,"href":"https:\/\/infoecos.com.ar\/index.php\/wp-json\/wp\/v2\/tags?post=134832"}],"curies":[{"name":"wp","href":"https:\/\/api.w.org\/{rel}","templated":true}]}}