{"id":134957,"date":"2024-12-27T21:52:31","date_gmt":"2024-12-28T00:52:31","guid":{"rendered":"https:\/\/infoecos.com.ar\/?p=134957"},"modified":"2024-12-27T22:14:09","modified_gmt":"2024-12-28T01:14:09","slug":"este-sabado-desde-las-17-30-maraton-de-aguas-abiertas-en-t-lauquen","status":"publish","type":"post","link":"https:\/\/infoecos.com.ar\/index.php\/este-sabado-desde-las-17-30-maraton-de-aguas-abiertas-en-t-lauquen\/","title":{"rendered":"Este s\u00e1bado, desde las 17.30, Marat\u00f3n de Aguas Abiertas en T.Lauquen"},"content":{"rendered":"\n<figure class=\"wp-block-image alignright size-full is-resized\"><img loading=\"lazy\" decoding=\"async\" width=\"825\" height=\"464\" src=\"https:\/\/infoecos.com.ar\/wp-content\/uploads\/2024\/11\/182714_75_lagunapuanturismopuanjpg.jpg_825.jpg\" alt=\"\" class=\"wp-image-132827\" style=\"width:404px;height:auto\" srcset=\"https:\/\/infoecos.com.ar\/wp-content\/uploads\/2024\/11\/182714_75_lagunapuanturismopuanjpg.jpg_825.jpg 825w, https:\/\/infoecos.com.ar\/wp-content\/uploads\/2024\/11\/182714_75_lagunapuanturismopuanjpg.jpg_825-800x450.jpg 800w, https:\/\/infoecos.com.ar\/wp-content\/uploads\/2024\/11\/182714_75_lagunapuanturismopuanjpg.jpg_825-768x432.jpg 768w\" sizes=\"(max-width: 825px) 100vw, 825px\" \/><\/figure>\n\n\n\n<p>Desde las 17.30 de este s\u00e1bado en la laguna Cuero de Zorro tendr\u00e1 lugar la tradicional Marat\u00f3n Aguas Abiertas organizada por la direcci\u00f3n de Deporte del municipio de Trenque Lauquen.<\/p>\n\n\n\n<p>Los\/as atletas interesados en participar de la prueba ya pueden empezar a inscribirse completando el formulario correspondiente en el siguiente Link: <a href=\"https:\/\/forms.gle\/VsZ9RJXoJRrD3odt6\">https:\/\/forms.gle\/VsZ9RJXoJRrD3odt6<\/a><\/p>\n\n\n\n<p>La acreditaci\u00f3n tendr\u00e1 lugar desde las 16.30.<\/p>\n\n\n\n<p>La prueba de la Marat\u00f3n est\u00e1 dise\u00f1ada en tres distancias:<\/p>\n\n\n\n<p>. <strong>Participativa: 500 metros. No se clasifica por Categor\u00edas ni General.<\/strong><\/p>\n\n\n\n<p>. <strong>Competitiva: 1500 metros y 3000 metros.<\/strong><\/p>\n\n\n\n<p>El valor de la inscripci\u00f3n para la prueba participativa es de 3.000 pesos, y la competitiva, 6.000 pesos.<\/p>\n\n\n\n<p>La premiaci\u00f3n ser\u00e1 desde el 1\u00ba al 5\u00ba puesto en la general Masculino y Femenino.<\/p>\n","protected":false},"excerpt":{"rendered":"<p>La acreditaci\u00f3n tendr\u00e1 lugar desde las 16.30<\/p>\n","protected":false},"author":2,"featured_media":110346,"comment_status":"closed","ping_status":"open","sticky":false,"template":"","format":"standard","meta":{"footnotes":""},"categories":[1613],"tags":[],"class_list":["post-134957","post","type-post","status-publish","format-standard","has-post-thumbnail","hentry","category-noticia-secundaria"],"yoast_head":"<!-- This site is optimized with the Yoast SEO plugin v23.4 - https:\/\/yoast.com\/wordpress\/plugins\/seo\/ -->\n<title>Este s\u00e1bado, desde las 17.30, Marat\u00f3n de Aguas Abiertas en T.Lauquen - Infoecos<\/title>\n<meta name=\"robots\" content=\"index, follow, max-snippet:-1, max-image-preview:large, max-video-preview:-1\" \/>\n<link rel=\"canonical\" href=\"https:\/\/infoecos.com.ar\/index.php\/este-sabado-desde-las-17-30-maraton-de-aguas-abiertas-en-t-lauquen\/\" \/>\n<meta property=\"og:locale\" content=\"es_ES\" \/>\n<meta property=\"og:type\" content=\"article\" \/>\n<meta property=\"og:title\" content=\"Este s\u00e1bado, desde las 17.30, Marat\u00f3n de Aguas Abiertas en T.Lauquen - Infoecos\" \/>\n<meta property=\"og:description\" content=\"La acreditaci\u00f3n tendr\u00e1 lugar desde las 16.30\" \/>\n<meta property=\"og:url\" content=\"https:\/\/infoecos.com.ar\/index.php\/este-sabado-desde-las-17-30-maraton-de-aguas-abiertas-en-t-lauquen\/\" \/>\n<meta property=\"og:site_name\" content=\"Infoecos\" \/>\n<meta property=\"article:publisher\" content=\"https:\/\/www.facebook.com\/profile.php?id=100063200290284\" \/>\n<meta property=\"article:published_time\" content=\"2024-12-28T00:52:31+00:00\" \/>\n<meta property=\"article:modified_time\" content=\"2024-12-28T01:14:09+00:00\" \/>\n<meta property=\"og:image\" content=\"https:\/\/infoecos.com.ar\/wp-content\/uploads\/2023\/08\/guamininado1.jpg\" \/>\n\t<meta property=\"og:image:width\" content=\"960\" \/>\n\t<meta property=\"og:image:height\" content=\"640\" \/>\n\t<meta property=\"og:image:type\" content=\"image\/jpeg\" \/>\n<meta name=\"author\" content=\"Jorge Matheus\" \/>\n<meta name=\"twitter:card\" content=\"summary_large_image\" \/>\n<meta name=\"twitter:creator\" content=\"@infoecos\" \/>\n<meta name=\"twitter:site\" content=\"@infoecos\" \/>\n<meta name=\"twitter:label1\" content=\"Escrito por\" \/>\n\t<meta name=\"twitter:data1\" content=\"Jorge Matheus\" \/>\n\t<meta name=\"twitter:label2\" content=\"Tiempo de lectura\" \/>\n\t<meta name=\"twitter:data2\" content=\"1 minuto\" \/>\n<script type=\"application\/ld+json\" class=\"yoast-schema-graph\">{\"@context\":\"https:\/\/schema.org\",\"@graph\":[{\"@type\":\"Article\",\"@id\":\"https:\/\/infoecos.com.ar\/index.php\/este-sabado-desde-las-17-30-maraton-de-aguas-abiertas-en-t-lauquen\/#article\",\"isPartOf\":{\"@id\":\"https:\/\/infoecos.com.ar\/index.php\/este-sabado-desde-las-17-30-maraton-de-aguas-abiertas-en-t-lauquen\/\"},\"author\":{\"name\":\"Jorge Matheus\",\"@id\":\"https:\/\/infoecos.com.ar\/#\/schema\/person\/8f5ace5ce73b4b4aac4b7245aee6f191\"},\"headline\":\"Este s\u00e1bado, desde las 17.30, Marat\u00f3n de Aguas Abiertas en T.Lauquen\",\"datePublished\":\"2024-12-28T00:52:31+00:00\",\"dateModified\":\"2024-12-28T01:14:09+00:00\",\"mainEntityOfPage\":{\"@id\":\"https:\/\/infoecos.com.ar\/index.php\/este-sabado-desde-las-17-30-maraton-de-aguas-abiertas-en-t-lauquen\/\"},\"wordCount\":137,\"publisher\":{\"@id\":\"https:\/\/infoecos.com.ar\/#organization\"},\"image\":{\"@id\":\"https:\/\/infoecos.com.ar\/index.php\/este-sabado-desde-las-17-30-maraton-de-aguas-abiertas-en-t-lauquen\/#primaryimage\"},\"thumbnailUrl\":\"https:\/\/infoecos.com.ar\/wp-content\/uploads\/2023\/08\/guamininado1.jpg\",\"articleSection\":[\"Noticia Secundaria\"],\"inLanguage\":\"es\"},{\"@type\":\"WebPage\",\"@id\":\"https:\/\/infoecos.com.ar\/index.php\/este-sabado-desde-las-17-30-maraton-de-aguas-abiertas-en-t-lauquen\/\",\"url\":\"https:\/\/infoecos.com.ar\/index.php\/este-sabado-desde-las-17-30-maraton-de-aguas-abiertas-en-t-lauquen\/\",\"name\":\"Este s\u00e1bado, desde las 17.30, Marat\u00f3n de Aguas Abiertas en T.Lauquen - Infoecos\",\"isPartOf\":{\"@id\":\"https:\/\/infoecos.com.ar\/#website\"},\"primaryImageOfPage\":{\"@id\":\"https:\/\/infoecos.com.ar\/index.php\/este-sabado-desde-las-17-30-maraton-de-aguas-abiertas-en-t-lauquen\/#primaryimage\"},\"image\":{\"@id\":\"https:\/\/infoecos.com.ar\/index.php\/este-sabado-desde-las-17-30-maraton-de-aguas-abiertas-en-t-lauquen\/#primaryimage\"},\"thumbnailUrl\":\"https:\/\/infoecos.com.ar\/wp-content\/uploads\/2023\/08\/guamininado1.jpg\",\"datePublished\":\"2024-12-28T00:52:31+00:00\",\"dateModified\":\"2024-12-28T01:14:09+00:00\",\"breadcrumb\":{\"@id\":\"https:\/\/infoecos.com.ar\/index.php\/este-sabado-desde-las-17-30-maraton-de-aguas-abiertas-en-t-lauquen\/#breadcrumb\"},\"inLanguage\":\"es\",\"potentialAction\":[{\"@type\":\"ReadAction\",\"target\":[\"https:\/\/infoecos.com.ar\/index.php\/este-sabado-desde-las-17-30-maraton-de-aguas-abiertas-en-t-lauquen\/\"]}]},{\"@type\":\"ImageObject\",\"inLanguage\":\"es\",\"@id\":\"https:\/\/infoecos.com.ar\/index.php\/este-sabado-desde-las-17-30-maraton-de-aguas-abiertas-en-t-lauquen\/#primaryimage\",\"url\":\"https:\/\/infoecos.com.ar\/wp-content\/uploads\/2023\/08\/guamininado1.jpg\",\"contentUrl\":\"https:\/\/infoecos.com.ar\/wp-content\/uploads\/2023\/08\/guamininado1.jpg\",\"width\":960,\"height\":640},{\"@type\":\"BreadcrumbList\",\"@id\":\"https:\/\/infoecos.com.ar\/index.php\/este-sabado-desde-las-17-30-maraton-de-aguas-abiertas-en-t-lauquen\/#breadcrumb\",\"itemListElement\":[{\"@type\":\"ListItem\",\"position\":1,\"name\":\"Portada\",\"item\":\"https:\/\/infoecos.com.ar\/\"},{\"@type\":\"ListItem\",\"position\":2,\"name\":\"Este s\u00e1bado, desde las 17.30, Marat\u00f3n de Aguas Abiertas en T.Lauquen\"}]},{\"@type\":\"WebSite\",\"@id\":\"https:\/\/infoecos.com.ar\/#website\",\"url\":\"https:\/\/infoecos.com.ar\/\",\"name\":\"Infoecos\",\"description\":\"Noticias de trenque lauquen y la zona\",\"publisher\":{\"@id\":\"https:\/\/infoecos.com.ar\/#organization\"},\"alternateName\":\"Noticias\",\"potentialAction\":[{\"@type\":\"SearchAction\",\"target\":{\"@type\":\"EntryPoint\",\"urlTemplate\":\"https:\/\/infoecos.com.ar\/?s={search_term_string}\"},\"query-input\":{\"@type\":\"PropertyValueSpecification\",\"valueRequired\":true,\"valueName\":\"search_term_string\"}}],\"inLanguage\":\"es\"},{\"@type\":\"Organization\",\"@id\":\"https:\/\/infoecos.com.ar\/#organization\",\"name\":\"Infoecos\",\"alternateName\":\"Noticias\",\"url\":\"https:\/\/infoecos.com.ar\/\",\"logo\":{\"@type\":\"ImageObject\",\"inLanguage\":\"es\",\"@id\":\"https:\/\/infoecos.com.ar\/#\/schema\/logo\/image\/\",\"url\":\"https:\/\/infoecos.com.ar\/wp-content\/uploads\/2024\/03\/cropped-logo.png\",\"contentUrl\":\"https:\/\/infoecos.com.ar\/wp-content\/uploads\/2024\/03\/cropped-logo.png\",\"width\":374,\"height\":90,\"caption\":\"Infoecos\"},\"image\":{\"@id\":\"https:\/\/infoecos.com.ar\/#\/schema\/logo\/image\/\"},\"sameAs\":[\"https:\/\/www.facebook.com\/profile.php?id=100063200290284\",\"https:\/\/x.com\/infoecos\"]},{\"@type\":\"Person\",\"@id\":\"https:\/\/infoecos.com.ar\/#\/schema\/person\/8f5ace5ce73b4b4aac4b7245aee6f191\",\"name\":\"Jorge Matheus\",\"url\":\"https:\/\/infoecos.com.ar\/index.php\/author\/jomatheus\/\"}]}<\/script>\n<!-- \/ Yoast SEO plugin. -->","yoast_head_json":{"title":"Este s\u00e1bado, desde las 17.30, Marat\u00f3n de Aguas Abiertas en T.Lauquen - Infoecos","robots":{"index":"index","follow":"follow","max-snippet":"max-snippet:-1","max-image-preview":"max-image-preview:large","max-video-preview":"max-video-preview:-1"},"canonical":"https:\/\/infoecos.com.ar\/index.php\/este-sabado-desde-las-17-30-maraton-de-aguas-abiertas-en-t-lauquen\/","og_locale":"es_ES","og_type":"article","og_title":"Este s\u00e1bado, desde las 17.30, Marat\u00f3n de Aguas Abiertas en T.Lauquen - Infoecos","og_description":"La acreditaci\u00f3n tendr\u00e1 lugar desde las 16.30","og_url":"https:\/\/infoecos.com.ar\/index.php\/este-sabado-desde-las-17-30-maraton-de-aguas-abiertas-en-t-lauquen\/","og_site_name":"Infoecos","article_publisher":"https:\/\/www.facebook.com\/profile.php?id=100063200290284","article_published_time":"2024-12-28T00:52:31+00:00","article_modified_time":"2024-12-28T01:14:09+00:00","og_image":[{"width":960,"height":640,"url":"https:\/\/infoecos.com.ar\/wp-content\/uploads\/2023\/08\/guamininado1.jpg","type":"image\/jpeg"}],"author":"Jorge Matheus","twitter_card":"summary_large_image","twitter_creator":"@infoecos","twitter_site":"@infoecos","twitter_misc":{"Escrito por":"Jorge Matheus","Tiempo de lectura":"1 minuto"},"schema":{"@context":"https:\/\/schema.org","@graph":[{"@type":"Article","@id":"https:\/\/infoecos.com.ar\/index.php\/este-sabado-desde-las-17-30-maraton-de-aguas-abiertas-en-t-lauquen\/#article","isPartOf":{"@id":"https:\/\/infoecos.com.ar\/index.php\/este-sabado-desde-las-17-30-maraton-de-aguas-abiertas-en-t-lauquen\/"},"author":{"name":"Jorge Matheus","@id":"https:\/\/infoecos.com.ar\/#\/schema\/person\/8f5ace5ce73b4b4aac4b7245aee6f191"},"headline":"Este s\u00e1bado, desde las 17.30, Marat\u00f3n de Aguas Abiertas en T.Lauquen","datePublished":"2024-12-28T00:52:31+00:00","dateModified":"2024-12-28T01:14:09+00:00","mainEntityOfPage":{"@id":"https:\/\/infoecos.com.ar\/index.php\/este-sabado-desde-las-17-30-maraton-de-aguas-abiertas-en-t-lauquen\/"},"wordCount":137,"publisher":{"@id":"https:\/\/infoecos.com.ar\/#organization"},"image":{"@id":"https:\/\/infoecos.com.ar\/index.php\/este-sabado-desde-las-17-30-maraton-de-aguas-abiertas-en-t-lauquen\/#primaryimage"},"thumbnailUrl":"https:\/\/infoecos.com.ar\/wp-content\/uploads\/2023\/08\/guamininado1.jpg","articleSection":["Noticia Secundaria"],"inLanguage":"es"},{"@type":"WebPage","@id":"https:\/\/infoecos.com.ar\/index.php\/este-sabado-desde-las-17-30-maraton-de-aguas-abiertas-en-t-lauquen\/","url":"https:\/\/infoecos.com.ar\/index.php\/este-sabado-desde-las-17-30-maraton-de-aguas-abiertas-en-t-lauquen\/","name":"Este s\u00e1bado, desde las 17.30, Marat\u00f3n de Aguas Abiertas en T.Lauquen - Infoecos","isPartOf":{"@id":"https:\/\/infoecos.com.ar\/#website"},"primaryImageOfPage":{"@id":"https:\/\/infoecos.com.ar\/index.php\/este-sabado-desde-las-17-30-maraton-de-aguas-abiertas-en-t-lauquen\/#primaryimage"},"image":{"@id":"https:\/\/infoecos.com.ar\/index.php\/este-sabado-desde-las-17-30-maraton-de-aguas-abiertas-en-t-lauquen\/#primaryimage"},"thumbnailUrl":"https:\/\/infoecos.com.ar\/wp-content\/uploads\/2023\/08\/guamininado1.jpg","datePublished":"2024-12-28T00:52:31+00:00","dateModified":"2024-12-28T01:14:09+00:00","breadcrumb":{"@id":"https:\/\/infoecos.com.ar\/index.php\/este-sabado-desde-las-17-30-maraton-de-aguas-abiertas-en-t-lauquen\/#breadcrumb"},"inLanguage":"es","potentialAction":[{"@type":"ReadAction","target":["https:\/\/infoecos.com.ar\/index.php\/este-sabado-desde-las-17-30-maraton-de-aguas-abiertas-en-t-lauquen\/"]}]},{"@type":"ImageObject","inLanguage":"es","@id":"https:\/\/infoecos.com.ar\/index.php\/este-sabado-desde-las-17-30-maraton-de-aguas-abiertas-en-t-lauquen\/#primaryimage","url":"https:\/\/infoecos.com.ar\/wp-content\/uploads\/2023\/08\/guamininado1.jpg","contentUrl":"https:\/\/infoecos.com.ar\/wp-content\/uploads\/2023\/08\/guamininado1.jpg","width":960,"height":640},{"@type":"BreadcrumbList","@id":"https:\/\/infoecos.com.ar\/index.php\/este-sabado-desde-las-17-30-maraton-de-aguas-abiertas-en-t-lauquen\/#breadcrumb","itemListElement":[{"@type":"ListItem","position":1,"name":"Portada","item":"https:\/\/infoecos.com.ar\/"},{"@type":"ListItem","position":2,"name":"Este s\u00e1bado, desde las 17.30, Marat\u00f3n de Aguas Abiertas en T.Lauquen"}]},{"@type":"WebSite","@id":"https:\/\/infoecos.com.ar\/#website","url":"https:\/\/infoecos.com.ar\/","name":"Infoecos","description":"Noticias de trenque lauquen y la zona","publisher":{"@id":"https:\/\/infoecos.com.ar\/#organization"},"alternateName":"Noticias","potentialAction":[{"@type":"SearchAction","target":{"@type":"EntryPoint","urlTemplate":"https:\/\/infoecos.com.ar\/?s={search_term_string}"},"query-input":{"@type":"PropertyValueSpecification","valueRequired":true,"valueName":"search_term_string"}}],"inLanguage":"es"},{"@type":"Organization","@id":"https:\/\/infoecos.com.ar\/#organization","name":"Infoecos","alternateName":"Noticias","url":"https:\/\/infoecos.com.ar\/","logo":{"@type":"ImageObject","inLanguage":"es","@id":"https:\/\/infoecos.com.ar\/#\/schema\/logo\/image\/","url":"https:\/\/infoecos.com.ar\/wp-content\/uploads\/2024\/03\/cropped-logo.png","contentUrl":"https:\/\/infoecos.com.ar\/wp-content\/uploads\/2024\/03\/cropped-logo.png","width":374,"height":90,"caption":"Infoecos"},"image":{"@id":"https:\/\/infoecos.com.ar\/#\/schema\/logo\/image\/"},"sameAs":["https:\/\/www.facebook.com\/profile.php?id=100063200290284","https:\/\/x.com\/infoecos"]},{"@type":"Person","@id":"https:\/\/infoecos.com.ar\/#\/schema\/person\/8f5ace5ce73b4b4aac4b7245aee6f191","name":"Jorge Matheus","url":"https:\/\/infoecos.com.ar\/index.php\/author\/jomatheus\/"}]}},"featured_image_urls":{"full":["https:\/\/infoecos.com.ar\/wp-content\/uploads\/2023\/08\/guamininado1.jpg",960,640,false],"thumbnail":["https:\/\/infoecos.com.ar\/wp-content\/uploads\/2023\/08\/guamininado1-300x150.jpg",300,150,true],"medium":["https:\/\/infoecos.com.ar\/wp-content\/uploads\/2023\/08\/guamininado1-800x533.jpg",800,533,true],"medium_large":["https:\/\/infoecos.com.ar\/wp-content\/uploads\/2023\/08\/guamininado1-768x512.jpg",640,427,true],"large":["https:\/\/infoecos.com.ar\/wp-content\/uploads\/2023\/08\/guamininado1.jpg",640,427,false],"1536x1536":["https:\/\/infoecos.com.ar\/wp-content\/uploads\/2023\/08\/guamininado1.jpg",960,640,false],"2048x2048":["https:\/\/infoecos.com.ar\/wp-content\/uploads\/2023\/08\/guamininado1.jpg",960,640,false],"covernews-slider-full":["https:\/\/infoecos.com.ar\/wp-content\/uploads\/2023\/08\/guamininado1.jpg",960,640,false],"covernews-slider-center":["https:\/\/infoecos.com.ar\/wp-content\/uploads\/2023\/08\/guamininado1-936x640.jpg",731,500,true],"covernews-featured":["https:\/\/infoecos.com.ar\/wp-content\/uploads\/2023\/08\/guamininado1.jpg",960,640,false],"covernews-medium":["https:\/\/infoecos.com.ar\/wp-content\/uploads\/2023\/08\/guamininado1-720x380.jpg",540,285,true],"covernews-medium-square":["https:\/\/infoecos.com.ar\/wp-content\/uploads\/2023\/08\/guamininado1-675x450.jpg",375,250,true]},"author_info":{"info":["Jorge Matheus"]},"category_info":"<a href=\"https:\/\/infoecos.com.ar\/index.php\/category\/noticia-secundaria\/\" rel=\"category tag\">Noticia Secundaria<\/a>","tag_info":"Noticia Secundaria","comment_count":"0","_links":{"self":[{"href":"https:\/\/infoecos.com.ar\/index.php\/wp-json\/wp\/v2\/posts\/134957"}],"collection":[{"href":"https:\/\/infoecos.com.ar\/index.php\/wp-json\/wp\/v2\/posts"}],"about":[{"href":"https:\/\/infoecos.com.ar\/index.php\/wp-json\/wp\/v2\/types\/post"}],"author":[{"embeddable":true,"href":"https:\/\/infoecos.com.ar\/index.php\/wp-json\/wp\/v2\/users\/2"}],"replies":[{"embeddable":true,"href":"https:\/\/infoecos.com.ar\/index.php\/wp-json\/wp\/v2\/comments?post=134957"}],"version-history":[{"count":1,"href":"https:\/\/infoecos.com.ar\/index.php\/wp-json\/wp\/v2\/posts\/134957\/revisions"}],"predecessor-version":[{"id":134958,"href":"https:\/\/infoecos.com.ar\/index.php\/wp-json\/wp\/v2\/posts\/134957\/revisions\/134958"}],"wp:featuredmedia":[{"embeddable":true,"href":"https:\/\/infoecos.com.ar\/index.php\/wp-json\/wp\/v2\/media\/110346"}],"wp:attachment":[{"href":"https:\/\/infoecos.com.ar\/index.php\/wp-json\/wp\/v2\/media?parent=134957"}],"wp:term":[{"taxonomy":"category","embeddable":true,"href":"https:\/\/infoecos.com.ar\/index.php\/wp-json\/wp\/v2\/categories?post=134957"},{"taxonomy":"post_tag","embeddable":true,"href":"https:\/\/infoecos.com.ar\/index.php\/wp-json\/wp\/v2\/tags?post=134957"}],"curies":[{"name":"wp","href":"https:\/\/api.w.org\/{rel}","templated":true}]}}