{"id":134985,"date":"2024-12-29T00:07:13","date_gmt":"2024-12-29T03:07:13","guid":{"rendered":"https:\/\/infoecos.com.ar\/?p=134985"},"modified":"2024-12-29T02:11:52","modified_gmt":"2024-12-29T05:11:52","slug":"la-temperatura-llego-a-los-37-5-el-sabado-estimandose-que-hoy-tambien-podria-ser-muy-alta","status":"publish","type":"post","link":"https:\/\/infoecos.com.ar\/index.php\/la-temperatura-llego-a-los-37-5-el-sabado-estimandose-que-hoy-tambien-podria-ser-muy-alta\/","title":{"rendered":"La temperatura lleg\u00f3 a los 37.5\u00b0 el s\u00e1bado, estim\u00e1ndose que hoy tambi\u00e9n podr\u00eda ser muy alta"},"content":{"rendered":"\n<p class=\"has-text-align-center\"><strong>Servicio Meteorol\u00f3gico Nacional<\/strong><\/p>\n\n\n\n<p class=\"has-text-align-center\"><strong>Pron\u00f3stico hasta el mi\u00e9rcoles 1 de Enero 2025<\/strong><\/p>\n\n\n\n<p><strong><mark style=\"background-color:rgba(0, 0, 0, 0)\" class=\"has-inline-color has-vivid-red-color\">En el gr\u00e1fico se observa que se increment\u00f3 el porcentaje de posibilidades de lluvia para el lunes 30 por la noche, existiendo estimaci\u00f3n de precipitaciones para el martes a la ma\u00f1ana y descenso de la temperatura el 1 de Enero. <\/mark><\/strong><\/p>\n\n\n\n<figure class=\"wp-block-image aligncenter size-full\"><img loading=\"lazy\" decoding=\"async\" width=\"569\" height=\"264\" src=\"https:\/\/infoecos.com.ar\/wp-content\/uploads\/2024\/12\/image-307.png\" alt=\"\" class=\"wp-image-134986\"\/><\/figure>\n\n\n\n<p class=\"has-text-align-center\"><strong>Sensores Clim\u00e1ticos Municipalidad de Trenque Lauquen<\/strong><\/p>\n\n\n\n<p class=\"has-text-align-center\"><strong>Valores Meteorol\u00f3gicos del s\u00e1bado 28 de Diciembre 2024<\/strong><\/p>\n\n\n\n<p><strong><mark style=\"background-color:rgba(0, 0, 0, 0)\" class=\"has-inline-color has-vivid-red-color\">La temperatura lleg\u00f3 a los 37.5 a las 14.30 (se recuerda que los sensores est\u00e1n instalados en el Club de Planeadores de Trenque Lauquen, casi 7 kil\u00f3metros de la Plaza Principal de la ciudad de Trenque Lauquen). La m\u00ednima fue de 12.9\u00b0. Viento suave del Este Nor Este.<\/mark><\/strong><\/p>\n\n\n\n<figure class=\"wp-block-image size-full\"><img loading=\"lazy\" decoding=\"async\" width=\"606\" height=\"328\" src=\"https:\/\/infoecos.com.ar\/wp-content\/uploads\/2024\/12\/image-308.png\" alt=\"\" class=\"wp-image-134987\"\/><\/figure>\n","protected":false},"excerpt":{"rendered":"<p>En el gr\u00e1fico se observa que se increment\u00f3 el porcentaje de posibilidades de lluvia para el lunes 30 por la noche, existiendo estimaci\u00f3n de precipitaciones para el martes a la ma\u00f1ana y descenso de la temperatura el 1 de Enero<\/p>\n","protected":false},"author":2,"featured_media":112015,"comment_status":"closed","ping_status":"open","sticky":false,"template":"","format":"standard","meta":{"footnotes":""},"categories":[1612],"tags":[],"class_list":["post-134985","post","type-post","status-publish","format-standard","has-post-thumbnail","hentry","category-noticia-principal"],"yoast_head":"<!-- This site is optimized with the Yoast SEO plugin v23.4 - https:\/\/yoast.com\/wordpress\/plugins\/seo\/ -->\n<title>La temperatura lleg\u00f3 a los 37.5\u00b0 el s\u00e1bado, estim\u00e1ndose que hoy tambi\u00e9n podr\u00eda ser muy alta - Infoecos<\/title>\n<meta name=\"robots\" content=\"index, follow, max-snippet:-1, max-image-preview:large, max-video-preview:-1\" \/>\n<link rel=\"canonical\" href=\"https:\/\/infoecos.com.ar\/index.php\/la-temperatura-llego-a-los-37-5-el-sabado-estimandose-que-hoy-tambien-podria-ser-muy-alta\/\" \/>\n<meta property=\"og:locale\" content=\"es_ES\" \/>\n<meta property=\"og:type\" content=\"article\" \/>\n<meta property=\"og:title\" content=\"La temperatura lleg\u00f3 a los 37.5\u00b0 el s\u00e1bado, estim\u00e1ndose que hoy tambi\u00e9n podr\u00eda ser muy alta - Infoecos\" \/>\n<meta property=\"og:description\" content=\"En el gr\u00e1fico se observa que se increment\u00f3 el porcentaje de posibilidades de lluvia para el lunes 30 por la noche, existiendo estimaci\u00f3n de precipitaciones para el martes a la ma\u00f1ana y descenso de la temperatura el 1 de Enero\" \/>\n<meta property=\"og:url\" content=\"https:\/\/infoecos.com.ar\/index.php\/la-temperatura-llego-a-los-37-5-el-sabado-estimandose-que-hoy-tambien-podria-ser-muy-alta\/\" \/>\n<meta property=\"og:site_name\" content=\"Infoecos\" \/>\n<meta property=\"article:publisher\" content=\"https:\/\/www.facebook.com\/profile.php?id=100063200290284\" \/>\n<meta property=\"article:published_time\" content=\"2024-12-29T03:07:13+00:00\" \/>\n<meta property=\"article:modified_time\" content=\"2024-12-29T05:11:52+00:00\" \/>\n<meta property=\"og:image\" content=\"https:\/\/infoecos.com.ar\/wp-content\/uploads\/2023\/09\/image-60.png\" \/>\n\t<meta property=\"og:image:width\" content=\"1280\" \/>\n\t<meta property=\"og:image:height\" content=\"731\" \/>\n\t<meta property=\"og:image:type\" content=\"image\/png\" \/>\n<meta name=\"author\" content=\"Jorge Matheus\" \/>\n<meta name=\"twitter:card\" content=\"summary_large_image\" \/>\n<meta name=\"twitter:creator\" content=\"@infoecos\" \/>\n<meta name=\"twitter:site\" content=\"@infoecos\" \/>\n<meta name=\"twitter:label1\" content=\"Escrito por\" \/>\n\t<meta name=\"twitter:data1\" content=\"Jorge Matheus\" \/>\n\t<meta name=\"twitter:label2\" content=\"Tiempo de lectura\" \/>\n\t<meta name=\"twitter:data2\" content=\"2 minutos\" \/>\n<script type=\"application\/ld+json\" class=\"yoast-schema-graph\">{\"@context\":\"https:\/\/schema.org\",\"@graph\":[{\"@type\":\"Article\",\"@id\":\"https:\/\/infoecos.com.ar\/index.php\/la-temperatura-llego-a-los-37-5-el-sabado-estimandose-que-hoy-tambien-podria-ser-muy-alta\/#article\",\"isPartOf\":{\"@id\":\"https:\/\/infoecos.com.ar\/index.php\/la-temperatura-llego-a-los-37-5-el-sabado-estimandose-que-hoy-tambien-podria-ser-muy-alta\/\"},\"author\":{\"name\":\"Jorge Matheus\",\"@id\":\"https:\/\/infoecos.com.ar\/#\/schema\/person\/8f5ace5ce73b4b4aac4b7245aee6f191\"},\"headline\":\"La temperatura lleg\u00f3 a los 37.5\u00b0 el s\u00e1bado, estim\u00e1ndose que hoy tambi\u00e9n podr\u00eda ser muy alta\",\"datePublished\":\"2024-12-29T03:07:13+00:00\",\"dateModified\":\"2024-12-29T05:11:52+00:00\",\"mainEntityOfPage\":{\"@id\":\"https:\/\/infoecos.com.ar\/index.php\/la-temperatura-llego-a-los-37-5-el-sabado-estimandose-que-hoy-tambien-podria-ser-muy-alta\/\"},\"wordCount\":134,\"publisher\":{\"@id\":\"https:\/\/infoecos.com.ar\/#organization\"},\"image\":{\"@id\":\"https:\/\/infoecos.com.ar\/index.php\/la-temperatura-llego-a-los-37-5-el-sabado-estimandose-que-hoy-tambien-podria-ser-muy-alta\/#primaryimage\"},\"thumbnailUrl\":\"https:\/\/infoecos.com.ar\/wp-content\/uploads\/2023\/09\/image-60.png\",\"articleSection\":[\"Noticia Principal\"],\"inLanguage\":\"es\"},{\"@type\":\"WebPage\",\"@id\":\"https:\/\/infoecos.com.ar\/index.php\/la-temperatura-llego-a-los-37-5-el-sabado-estimandose-que-hoy-tambien-podria-ser-muy-alta\/\",\"url\":\"https:\/\/infoecos.com.ar\/index.php\/la-temperatura-llego-a-los-37-5-el-sabado-estimandose-que-hoy-tambien-podria-ser-muy-alta\/\",\"name\":\"La temperatura lleg\u00f3 a los 37.5\u00b0 el s\u00e1bado, estim\u00e1ndose que hoy tambi\u00e9n podr\u00eda ser muy alta - Infoecos\",\"isPartOf\":{\"@id\":\"https:\/\/infoecos.com.ar\/#website\"},\"primaryImageOfPage\":{\"@id\":\"https:\/\/infoecos.com.ar\/index.php\/la-temperatura-llego-a-los-37-5-el-sabado-estimandose-que-hoy-tambien-podria-ser-muy-alta\/#primaryimage\"},\"image\":{\"@id\":\"https:\/\/infoecos.com.ar\/index.php\/la-temperatura-llego-a-los-37-5-el-sabado-estimandose-que-hoy-tambien-podria-ser-muy-alta\/#primaryimage\"},\"thumbnailUrl\":\"https:\/\/infoecos.com.ar\/wp-content\/uploads\/2023\/09\/image-60.png\",\"datePublished\":\"2024-12-29T03:07:13+00:00\",\"dateModified\":\"2024-12-29T05:11:52+00:00\",\"breadcrumb\":{\"@id\":\"https:\/\/infoecos.com.ar\/index.php\/la-temperatura-llego-a-los-37-5-el-sabado-estimandose-que-hoy-tambien-podria-ser-muy-alta\/#breadcrumb\"},\"inLanguage\":\"es\",\"potentialAction\":[{\"@type\":\"ReadAction\",\"target\":[\"https:\/\/infoecos.com.ar\/index.php\/la-temperatura-llego-a-los-37-5-el-sabado-estimandose-que-hoy-tambien-podria-ser-muy-alta\/\"]}]},{\"@type\":\"ImageObject\",\"inLanguage\":\"es\",\"@id\":\"https:\/\/infoecos.com.ar\/index.php\/la-temperatura-llego-a-los-37-5-el-sabado-estimandose-que-hoy-tambien-podria-ser-muy-alta\/#primaryimage\",\"url\":\"https:\/\/infoecos.com.ar\/wp-content\/uploads\/2023\/09\/image-60.png\",\"contentUrl\":\"https:\/\/infoecos.com.ar\/wp-content\/uploads\/2023\/09\/image-60.png\",\"width\":1280,\"height\":731},{\"@type\":\"BreadcrumbList\",\"@id\":\"https:\/\/infoecos.com.ar\/index.php\/la-temperatura-llego-a-los-37-5-el-sabado-estimandose-que-hoy-tambien-podria-ser-muy-alta\/#breadcrumb\",\"itemListElement\":[{\"@type\":\"ListItem\",\"position\":1,\"name\":\"Portada\",\"item\":\"https:\/\/infoecos.com.ar\/\"},{\"@type\":\"ListItem\",\"position\":2,\"name\":\"La temperatura lleg\u00f3 a los 37.5\u00b0 el s\u00e1bado, estim\u00e1ndose que hoy tambi\u00e9n podr\u00eda ser muy alta\"}]},{\"@type\":\"WebSite\",\"@id\":\"https:\/\/infoecos.com.ar\/#website\",\"url\":\"https:\/\/infoecos.com.ar\/\",\"name\":\"Infoecos\",\"description\":\"Noticias de trenque lauquen y la zona\",\"publisher\":{\"@id\":\"https:\/\/infoecos.com.ar\/#organization\"},\"alternateName\":\"Noticias\",\"potentialAction\":[{\"@type\":\"SearchAction\",\"target\":{\"@type\":\"EntryPoint\",\"urlTemplate\":\"https:\/\/infoecos.com.ar\/?s={search_term_string}\"},\"query-input\":{\"@type\":\"PropertyValueSpecification\",\"valueRequired\":true,\"valueName\":\"search_term_string\"}}],\"inLanguage\":\"es\"},{\"@type\":\"Organization\",\"@id\":\"https:\/\/infoecos.com.ar\/#organization\",\"name\":\"Infoecos\",\"alternateName\":\"Noticias\",\"url\":\"https:\/\/infoecos.com.ar\/\",\"logo\":{\"@type\":\"ImageObject\",\"inLanguage\":\"es\",\"@id\":\"https:\/\/infoecos.com.ar\/#\/schema\/logo\/image\/\",\"url\":\"https:\/\/infoecos.com.ar\/wp-content\/uploads\/2024\/03\/cropped-logo.png\",\"contentUrl\":\"https:\/\/infoecos.com.ar\/wp-content\/uploads\/2024\/03\/cropped-logo.png\",\"width\":374,\"height\":90,\"caption\":\"Infoecos\"},\"image\":{\"@id\":\"https:\/\/infoecos.com.ar\/#\/schema\/logo\/image\/\"},\"sameAs\":[\"https:\/\/www.facebook.com\/profile.php?id=100063200290284\",\"https:\/\/x.com\/infoecos\"]},{\"@type\":\"Person\",\"@id\":\"https:\/\/infoecos.com.ar\/#\/schema\/person\/8f5ace5ce73b4b4aac4b7245aee6f191\",\"name\":\"Jorge Matheus\",\"url\":\"https:\/\/infoecos.com.ar\/index.php\/author\/jomatheus\/\"}]}<\/script>\n<!-- \/ Yoast SEO plugin. -->","yoast_head_json":{"title":"La temperatura lleg\u00f3 a los 37.5\u00b0 el s\u00e1bado, estim\u00e1ndose que hoy tambi\u00e9n podr\u00eda ser muy alta - Infoecos","robots":{"index":"index","follow":"follow","max-snippet":"max-snippet:-1","max-image-preview":"max-image-preview:large","max-video-preview":"max-video-preview:-1"},"canonical":"https:\/\/infoecos.com.ar\/index.php\/la-temperatura-llego-a-los-37-5-el-sabado-estimandose-que-hoy-tambien-podria-ser-muy-alta\/","og_locale":"es_ES","og_type":"article","og_title":"La temperatura lleg\u00f3 a los 37.5\u00b0 el s\u00e1bado, estim\u00e1ndose que hoy tambi\u00e9n podr\u00eda ser muy alta - Infoecos","og_description":"En el gr\u00e1fico se observa que se increment\u00f3 el porcentaje de posibilidades de lluvia para el lunes 30 por la noche, existiendo estimaci\u00f3n de precipitaciones para el martes a la ma\u00f1ana y descenso de la temperatura el 1 de Enero","og_url":"https:\/\/infoecos.com.ar\/index.php\/la-temperatura-llego-a-los-37-5-el-sabado-estimandose-que-hoy-tambien-podria-ser-muy-alta\/","og_site_name":"Infoecos","article_publisher":"https:\/\/www.facebook.com\/profile.php?id=100063200290284","article_published_time":"2024-12-29T03:07:13+00:00","article_modified_time":"2024-12-29T05:11:52+00:00","og_image":[{"width":1280,"height":731,"url":"https:\/\/infoecos.com.ar\/wp-content\/uploads\/2023\/09\/image-60.png","type":"image\/png"}],"author":"Jorge Matheus","twitter_card":"summary_large_image","twitter_creator":"@infoecos","twitter_site":"@infoecos","twitter_misc":{"Escrito por":"Jorge Matheus","Tiempo de lectura":"2 minutos"},"schema":{"@context":"https:\/\/schema.org","@graph":[{"@type":"Article","@id":"https:\/\/infoecos.com.ar\/index.php\/la-temperatura-llego-a-los-37-5-el-sabado-estimandose-que-hoy-tambien-podria-ser-muy-alta\/#article","isPartOf":{"@id":"https:\/\/infoecos.com.ar\/index.php\/la-temperatura-llego-a-los-37-5-el-sabado-estimandose-que-hoy-tambien-podria-ser-muy-alta\/"},"author":{"name":"Jorge Matheus","@id":"https:\/\/infoecos.com.ar\/#\/schema\/person\/8f5ace5ce73b4b4aac4b7245aee6f191"},"headline":"La temperatura lleg\u00f3 a los 37.5\u00b0 el s\u00e1bado, estim\u00e1ndose que hoy tambi\u00e9n podr\u00eda ser muy alta","datePublished":"2024-12-29T03:07:13+00:00","dateModified":"2024-12-29T05:11:52+00:00","mainEntityOfPage":{"@id":"https:\/\/infoecos.com.ar\/index.php\/la-temperatura-llego-a-los-37-5-el-sabado-estimandose-que-hoy-tambien-podria-ser-muy-alta\/"},"wordCount":134,"publisher":{"@id":"https:\/\/infoecos.com.ar\/#organization"},"image":{"@id":"https:\/\/infoecos.com.ar\/index.php\/la-temperatura-llego-a-los-37-5-el-sabado-estimandose-que-hoy-tambien-podria-ser-muy-alta\/#primaryimage"},"thumbnailUrl":"https:\/\/infoecos.com.ar\/wp-content\/uploads\/2023\/09\/image-60.png","articleSection":["Noticia Principal"],"inLanguage":"es"},{"@type":"WebPage","@id":"https:\/\/infoecos.com.ar\/index.php\/la-temperatura-llego-a-los-37-5-el-sabado-estimandose-que-hoy-tambien-podria-ser-muy-alta\/","url":"https:\/\/infoecos.com.ar\/index.php\/la-temperatura-llego-a-los-37-5-el-sabado-estimandose-que-hoy-tambien-podria-ser-muy-alta\/","name":"La temperatura lleg\u00f3 a los 37.5\u00b0 el s\u00e1bado, estim\u00e1ndose que hoy tambi\u00e9n podr\u00eda ser muy alta - Infoecos","isPartOf":{"@id":"https:\/\/infoecos.com.ar\/#website"},"primaryImageOfPage":{"@id":"https:\/\/infoecos.com.ar\/index.php\/la-temperatura-llego-a-los-37-5-el-sabado-estimandose-que-hoy-tambien-podria-ser-muy-alta\/#primaryimage"},"image":{"@id":"https:\/\/infoecos.com.ar\/index.php\/la-temperatura-llego-a-los-37-5-el-sabado-estimandose-que-hoy-tambien-podria-ser-muy-alta\/#primaryimage"},"thumbnailUrl":"https:\/\/infoecos.com.ar\/wp-content\/uploads\/2023\/09\/image-60.png","datePublished":"2024-12-29T03:07:13+00:00","dateModified":"2024-12-29T05:11:52+00:00","breadcrumb":{"@id":"https:\/\/infoecos.com.ar\/index.php\/la-temperatura-llego-a-los-37-5-el-sabado-estimandose-que-hoy-tambien-podria-ser-muy-alta\/#breadcrumb"},"inLanguage":"es","potentialAction":[{"@type":"ReadAction","target":["https:\/\/infoecos.com.ar\/index.php\/la-temperatura-llego-a-los-37-5-el-sabado-estimandose-que-hoy-tambien-podria-ser-muy-alta\/"]}]},{"@type":"ImageObject","inLanguage":"es","@id":"https:\/\/infoecos.com.ar\/index.php\/la-temperatura-llego-a-los-37-5-el-sabado-estimandose-que-hoy-tambien-podria-ser-muy-alta\/#primaryimage","url":"https:\/\/infoecos.com.ar\/wp-content\/uploads\/2023\/09\/image-60.png","contentUrl":"https:\/\/infoecos.com.ar\/wp-content\/uploads\/2023\/09\/image-60.png","width":1280,"height":731},{"@type":"BreadcrumbList","@id":"https:\/\/infoecos.com.ar\/index.php\/la-temperatura-llego-a-los-37-5-el-sabado-estimandose-que-hoy-tambien-podria-ser-muy-alta\/#breadcrumb","itemListElement":[{"@type":"ListItem","position":1,"name":"Portada","item":"https:\/\/infoecos.com.ar\/"},{"@type":"ListItem","position":2,"name":"La temperatura lleg\u00f3 a los 37.5\u00b0 el s\u00e1bado, estim\u00e1ndose que hoy tambi\u00e9n podr\u00eda ser muy alta"}]},{"@type":"WebSite","@id":"https:\/\/infoecos.com.ar\/#website","url":"https:\/\/infoecos.com.ar\/","name":"Infoecos","description":"Noticias de trenque lauquen y la zona","publisher":{"@id":"https:\/\/infoecos.com.ar\/#organization"},"alternateName":"Noticias","potentialAction":[{"@type":"SearchAction","target":{"@type":"EntryPoint","urlTemplate":"https:\/\/infoecos.com.ar\/?s={search_term_string}"},"query-input":{"@type":"PropertyValueSpecification","valueRequired":true,"valueName":"search_term_string"}}],"inLanguage":"es"},{"@type":"Organization","@id":"https:\/\/infoecos.com.ar\/#organization","name":"Infoecos","alternateName":"Noticias","url":"https:\/\/infoecos.com.ar\/","logo":{"@type":"ImageObject","inLanguage":"es","@id":"https:\/\/infoecos.com.ar\/#\/schema\/logo\/image\/","url":"https:\/\/infoecos.com.ar\/wp-content\/uploads\/2024\/03\/cropped-logo.png","contentUrl":"https:\/\/infoecos.com.ar\/wp-content\/uploads\/2024\/03\/cropped-logo.png","width":374,"height":90,"caption":"Infoecos"},"image":{"@id":"https:\/\/infoecos.com.ar\/#\/schema\/logo\/image\/"},"sameAs":["https:\/\/www.facebook.com\/profile.php?id=100063200290284","https:\/\/x.com\/infoecos"]},{"@type":"Person","@id":"https:\/\/infoecos.com.ar\/#\/schema\/person\/8f5ace5ce73b4b4aac4b7245aee6f191","name":"Jorge Matheus","url":"https:\/\/infoecos.com.ar\/index.php\/author\/jomatheus\/"}]}},"featured_image_urls":{"full":["https:\/\/infoecos.com.ar\/wp-content\/uploads\/2023\/09\/image-60.png",1280,731,false],"thumbnail":["https:\/\/infoecos.com.ar\/wp-content\/uploads\/2023\/09\/image-60-300x150.png",300,150,true],"medium":["https:\/\/infoecos.com.ar\/wp-content\/uploads\/2023\/09\/image-60-800x457.png",800,457,true],"medium_large":["https:\/\/infoecos.com.ar\/wp-content\/uploads\/2023\/09\/image-60-768x439.png",640,366,true],"large":["https:\/\/infoecos.com.ar\/wp-content\/uploads\/2023\/09\/image-60.png",640,366,false],"1536x1536":["https:\/\/infoecos.com.ar\/wp-content\/uploads\/2023\/09\/image-60.png",1280,731,false],"2048x2048":["https:\/\/infoecos.com.ar\/wp-content\/uploads\/2023\/09\/image-60.png",1280,731,false],"covernews-slider-full":["https:\/\/infoecos.com.ar\/wp-content\/uploads\/2023\/09\/image-60.png",1115,637,false],"covernews-slider-center":["https:\/\/infoecos.com.ar\/wp-content\/uploads\/2023\/09\/image-60-936x731.png",640,500,true],"covernews-featured":["https:\/\/infoecos.com.ar\/wp-content\/uploads\/2023\/09\/image-60-1024x585.png",1024,585,true],"covernews-medium":["https:\/\/infoecos.com.ar\/wp-content\/uploads\/2023\/09\/image-60-720x380.png",540,285,true],"covernews-medium-square":["https:\/\/infoecos.com.ar\/wp-content\/uploads\/2023\/09\/image-60-675x450.png",375,250,true]},"author_info":{"info":["Jorge Matheus"]},"category_info":"<a href=\"https:\/\/infoecos.com.ar\/index.php\/category\/noticia-principal\/\" rel=\"category tag\">Noticia Principal<\/a>","tag_info":"Noticia Principal","comment_count":"0","_links":{"self":[{"href":"https:\/\/infoecos.com.ar\/index.php\/wp-json\/wp\/v2\/posts\/134985"}],"collection":[{"href":"https:\/\/infoecos.com.ar\/index.php\/wp-json\/wp\/v2\/posts"}],"about":[{"href":"https:\/\/infoecos.com.ar\/index.php\/wp-json\/wp\/v2\/types\/post"}],"author":[{"embeddable":true,"href":"https:\/\/infoecos.com.ar\/index.php\/wp-json\/wp\/v2\/users\/2"}],"replies":[{"embeddable":true,"href":"https:\/\/infoecos.com.ar\/index.php\/wp-json\/wp\/v2\/comments?post=134985"}],"version-history":[{"count":1,"href":"https:\/\/infoecos.com.ar\/index.php\/wp-json\/wp\/v2\/posts\/134985\/revisions"}],"predecessor-version":[{"id":134988,"href":"https:\/\/infoecos.com.ar\/index.php\/wp-json\/wp\/v2\/posts\/134985\/revisions\/134988"}],"wp:featuredmedia":[{"embeddable":true,"href":"https:\/\/infoecos.com.ar\/index.php\/wp-json\/wp\/v2\/media\/112015"}],"wp:attachment":[{"href":"https:\/\/infoecos.com.ar\/index.php\/wp-json\/wp\/v2\/media?parent=134985"}],"wp:term":[{"taxonomy":"category","embeddable":true,"href":"https:\/\/infoecos.com.ar\/index.php\/wp-json\/wp\/v2\/categories?post=134985"},{"taxonomy":"post_tag","embeddable":true,"href":"https:\/\/infoecos.com.ar\/index.php\/wp-json\/wp\/v2\/tags?post=134985"}],"curies":[{"name":"wp","href":"https:\/\/api.w.org\/{rel}","templated":true}]}}