{"id":135041,"date":"2024-12-30T12:17:59","date_gmt":"2024-12-30T15:17:59","guid":{"rendered":"https:\/\/infoecos.com.ar\/?p=135041"},"modified":"2024-12-30T12:18:00","modified_gmt":"2024-12-30T15:18:00","slug":"jubilaciones-del-anses-como-quedan-a-partir-de-este-mes","status":"publish","type":"post","link":"https:\/\/infoecos.com.ar\/index.php\/jubilaciones-del-anses-como-quedan-a-partir-de-este-mes\/","title":{"rendered":"Jubilaciones del ANSES: como quedan a partir de este mes"},"content":{"rendered":"\n<p>ANSES inform\u00f3 que las jubilaciones, pensiones y asignaciones tendr\u00e1n un incremento en<strong>\u00a0enero<\/strong>\u00a0del\u00a0<strong>2,43 por ciento<\/strong>, por la f\u00f3rmula de movilidad que toma como referencia el \u00cdndice de Precios al Consumidor (IPC) de noviembre publicado por el Instituto Nacional de Estad\u00edstica y Censos (INDEC).<\/p>\n\n\n\n<p>Adem\u00e1s, los titulares de jubilaciones y pensiones con haberes m\u00ednimos cobrar\u00e1n, con el calendario de pagos habitual, un<strong>&nbsp;bono de 70 mil pesos<\/strong>, por lo que ning\u00fan jubilado o pensionado recibir\u00e1 menos de<strong>&nbsp;335.907,01 pesos&nbsp;<\/strong>(265.907,01 pesos de haber m\u00ednimo con aumento + 70 mil pesos de bono)<strong>.&nbsp;<\/strong>En tanto, quienes tengan haberes inferiores a esa cifra tendr\u00e1n un bono proporcional hasta alcanzar dicho haber m\u00ednimo.<strong><\/strong><\/p>\n\n\n\n<p>La&nbsp;Pensi\u00f3n Universal para el Adulto Mayor (PUAM) ser\u00e1 de&nbsp;<strong>282.725,61&nbsp;<\/strong>(212.725,61 pesos de haber con aumento + 70 mil pesos de bono) y las Pensiones No Contributivas (PNC) por Invalidez y Vejez, de&nbsp;<strong>256.134,91&nbsp;<\/strong>pesos (186.134,91 pesos de haber con aumento + 70 mil pesos de bono).<\/p>\n\n\n\n<p>En tanto, la Asignaci\u00f3n Universal por Hijo (AUH) ascender\u00e1 a&nbsp;<strong>95.548<\/strong><strong>&nbsp;<\/strong><strong>pesos<\/strong>; la AUH por Hijo con Discapacidad, a&nbsp;<strong>311.124 pesos<\/strong>, y la Asignaci\u00f3n Familiar por Hijo, a&nbsp;<strong>47.776 pesos<\/strong>&nbsp;para el primer rango de ingresos.<\/p>\n","protected":false},"excerpt":{"rendered":"<p>La Asignaci\u00f3n Universal por Hijo (AUH) ascender\u00e1 a\u00a095.548\u00a0pesos; la AUH por Hijo con Discapacidad, a\u00a0311.124 pesos, y la Asignaci\u00f3n Familiar por Hijo, a\u00a047.776 pesos\u00a0para el primer rango de ingresos<\/p>\n","protected":false},"author":2,"featured_media":121443,"comment_status":"closed","ping_status":"open","sticky":false,"template":"","format":"standard","meta":{"footnotes":""},"categories":[1],"tags":[10304],"class_list":["post-135041","post","type-post","status-publish","format-standard","has-post-thumbnail","hentry","category-sin-categoria","tag-actualidad"],"yoast_head":"<!-- This site is optimized with the Yoast SEO plugin v23.4 - https:\/\/yoast.com\/wordpress\/plugins\/seo\/ -->\n<title>Jubilaciones del ANSES: como quedan a partir de este mes - Infoecos<\/title>\n<meta name=\"robots\" content=\"index, follow, max-snippet:-1, max-image-preview:large, max-video-preview:-1\" \/>\n<link rel=\"canonical\" href=\"https:\/\/infoecos.com.ar\/index.php\/jubilaciones-del-anses-como-quedan-a-partir-de-este-mes\/\" \/>\n<meta property=\"og:locale\" content=\"es_ES\" \/>\n<meta property=\"og:type\" content=\"article\" \/>\n<meta property=\"og:title\" content=\"Jubilaciones del ANSES: como quedan a partir de este mes - Infoecos\" \/>\n<meta property=\"og:description\" content=\"La Asignaci\u00f3n Universal por Hijo (AUH) ascender\u00e1 a\u00a095.548\u00a0pesos; la AUH por Hijo con Discapacidad, a\u00a0311.124 pesos, y la Asignaci\u00f3n Familiar por Hijo, a\u00a047.776 pesos\u00a0para el primer rango de ingresos\" \/>\n<meta property=\"og:url\" content=\"https:\/\/infoecos.com.ar\/index.php\/jubilaciones-del-anses-como-quedan-a-partir-de-este-mes\/\" \/>\n<meta property=\"og:site_name\" content=\"Infoecos\" \/>\n<meta property=\"article:publisher\" content=\"https:\/\/www.facebook.com\/profile.php?id=100063200290284\" \/>\n<meta property=\"article:published_time\" content=\"2024-12-30T15:17:59+00:00\" \/>\n<meta property=\"article:modified_time\" content=\"2024-12-30T15:18:00+00:00\" \/>\n<meta property=\"og:image\" content=\"https:\/\/infoecos.com.ar\/wp-content\/uploads\/2024\/03\/image-208.png\" \/>\n\t<meta property=\"og:image:width\" content=\"1200\" \/>\n\t<meta property=\"og:image:height\" content=\"675\" \/>\n\t<meta property=\"og:image:type\" content=\"image\/png\" \/>\n<meta name=\"author\" content=\"Jorge Matheus\" \/>\n<meta name=\"twitter:card\" content=\"summary_large_image\" \/>\n<meta name=\"twitter:creator\" content=\"@infoecos\" \/>\n<meta name=\"twitter:site\" content=\"@infoecos\" \/>\n<meta name=\"twitter:label1\" content=\"Escrito por\" \/>\n\t<meta name=\"twitter:data1\" content=\"Jorge Matheus\" \/>\n\t<meta name=\"twitter:label2\" content=\"Tiempo de lectura\" \/>\n\t<meta name=\"twitter:data2\" content=\"2 minutos\" \/>\n<script type=\"application\/ld+json\" class=\"yoast-schema-graph\">{\"@context\":\"https:\/\/schema.org\",\"@graph\":[{\"@type\":\"Article\",\"@id\":\"https:\/\/infoecos.com.ar\/index.php\/jubilaciones-del-anses-como-quedan-a-partir-de-este-mes\/#article\",\"isPartOf\":{\"@id\":\"https:\/\/infoecos.com.ar\/index.php\/jubilaciones-del-anses-como-quedan-a-partir-de-este-mes\/\"},\"author\":{\"name\":\"Jorge Matheus\",\"@id\":\"https:\/\/infoecos.com.ar\/#\/schema\/person\/8f5ace5ce73b4b4aac4b7245aee6f191\"},\"headline\":\"Jubilaciones del ANSES: como quedan a partir de este mes\",\"datePublished\":\"2024-12-30T15:17:59+00:00\",\"dateModified\":\"2024-12-30T15:18:00+00:00\",\"mainEntityOfPage\":{\"@id\":\"https:\/\/infoecos.com.ar\/index.php\/jubilaciones-del-anses-como-quedan-a-partir-de-este-mes\/\"},\"wordCount\":215,\"publisher\":{\"@id\":\"https:\/\/infoecos.com.ar\/#organization\"},\"image\":{\"@id\":\"https:\/\/infoecos.com.ar\/index.php\/jubilaciones-del-anses-como-quedan-a-partir-de-este-mes\/#primaryimage\"},\"thumbnailUrl\":\"https:\/\/infoecos.com.ar\/wp-content\/uploads\/2024\/03\/image-208.png\",\"keywords\":[\"Actualidad\"],\"inLanguage\":\"es\"},{\"@type\":\"WebPage\",\"@id\":\"https:\/\/infoecos.com.ar\/index.php\/jubilaciones-del-anses-como-quedan-a-partir-de-este-mes\/\",\"url\":\"https:\/\/infoecos.com.ar\/index.php\/jubilaciones-del-anses-como-quedan-a-partir-de-este-mes\/\",\"name\":\"Jubilaciones del ANSES: como quedan a partir de este mes - Infoecos\",\"isPartOf\":{\"@id\":\"https:\/\/infoecos.com.ar\/#website\"},\"primaryImageOfPage\":{\"@id\":\"https:\/\/infoecos.com.ar\/index.php\/jubilaciones-del-anses-como-quedan-a-partir-de-este-mes\/#primaryimage\"},\"image\":{\"@id\":\"https:\/\/infoecos.com.ar\/index.php\/jubilaciones-del-anses-como-quedan-a-partir-de-este-mes\/#primaryimage\"},\"thumbnailUrl\":\"https:\/\/infoecos.com.ar\/wp-content\/uploads\/2024\/03\/image-208.png\",\"datePublished\":\"2024-12-30T15:17:59+00:00\",\"dateModified\":\"2024-12-30T15:18:00+00:00\",\"breadcrumb\":{\"@id\":\"https:\/\/infoecos.com.ar\/index.php\/jubilaciones-del-anses-como-quedan-a-partir-de-este-mes\/#breadcrumb\"},\"inLanguage\":\"es\",\"potentialAction\":[{\"@type\":\"ReadAction\",\"target\":[\"https:\/\/infoecos.com.ar\/index.php\/jubilaciones-del-anses-como-quedan-a-partir-de-este-mes\/\"]}]},{\"@type\":\"ImageObject\",\"inLanguage\":\"es\",\"@id\":\"https:\/\/infoecos.com.ar\/index.php\/jubilaciones-del-anses-como-quedan-a-partir-de-este-mes\/#primaryimage\",\"url\":\"https:\/\/infoecos.com.ar\/wp-content\/uploads\/2024\/03\/image-208.png\",\"contentUrl\":\"https:\/\/infoecos.com.ar\/wp-content\/uploads\/2024\/03\/image-208.png\",\"width\":1200,\"height\":675},{\"@type\":\"BreadcrumbList\",\"@id\":\"https:\/\/infoecos.com.ar\/index.php\/jubilaciones-del-anses-como-quedan-a-partir-de-este-mes\/#breadcrumb\",\"itemListElement\":[{\"@type\":\"ListItem\",\"position\":1,\"name\":\"Portada\",\"item\":\"https:\/\/infoecos.com.ar\/\"},{\"@type\":\"ListItem\",\"position\":2,\"name\":\"Jubilaciones del ANSES: como quedan a partir de este mes\"}]},{\"@type\":\"WebSite\",\"@id\":\"https:\/\/infoecos.com.ar\/#website\",\"url\":\"https:\/\/infoecos.com.ar\/\",\"name\":\"Infoecos\",\"description\":\"Noticias de trenque lauquen y la zona\",\"publisher\":{\"@id\":\"https:\/\/infoecos.com.ar\/#organization\"},\"alternateName\":\"Noticias\",\"potentialAction\":[{\"@type\":\"SearchAction\",\"target\":{\"@type\":\"EntryPoint\",\"urlTemplate\":\"https:\/\/infoecos.com.ar\/?s={search_term_string}\"},\"query-input\":{\"@type\":\"PropertyValueSpecification\",\"valueRequired\":true,\"valueName\":\"search_term_string\"}}],\"inLanguage\":\"es\"},{\"@type\":\"Organization\",\"@id\":\"https:\/\/infoecos.com.ar\/#organization\",\"name\":\"Infoecos\",\"alternateName\":\"Noticias\",\"url\":\"https:\/\/infoecos.com.ar\/\",\"logo\":{\"@type\":\"ImageObject\",\"inLanguage\":\"es\",\"@id\":\"https:\/\/infoecos.com.ar\/#\/schema\/logo\/image\/\",\"url\":\"https:\/\/infoecos.com.ar\/wp-content\/uploads\/2024\/03\/cropped-logo.png\",\"contentUrl\":\"https:\/\/infoecos.com.ar\/wp-content\/uploads\/2024\/03\/cropped-logo.png\",\"width\":374,\"height\":90,\"caption\":\"Infoecos\"},\"image\":{\"@id\":\"https:\/\/infoecos.com.ar\/#\/schema\/logo\/image\/\"},\"sameAs\":[\"https:\/\/www.facebook.com\/profile.php?id=100063200290284\",\"https:\/\/x.com\/infoecos\"]},{\"@type\":\"Person\",\"@id\":\"https:\/\/infoecos.com.ar\/#\/schema\/person\/8f5ace5ce73b4b4aac4b7245aee6f191\",\"name\":\"Jorge Matheus\",\"url\":\"https:\/\/infoecos.com.ar\/index.php\/author\/jomatheus\/\"}]}<\/script>\n<!-- \/ Yoast SEO plugin. -->","yoast_head_json":{"title":"Jubilaciones del ANSES: como quedan a partir de este mes - Infoecos","robots":{"index":"index","follow":"follow","max-snippet":"max-snippet:-1","max-image-preview":"max-image-preview:large","max-video-preview":"max-video-preview:-1"},"canonical":"https:\/\/infoecos.com.ar\/index.php\/jubilaciones-del-anses-como-quedan-a-partir-de-este-mes\/","og_locale":"es_ES","og_type":"article","og_title":"Jubilaciones del ANSES: como quedan a partir de este mes - Infoecos","og_description":"La Asignaci\u00f3n Universal por Hijo (AUH) ascender\u00e1 a\u00a095.548\u00a0pesos; la AUH por Hijo con Discapacidad, a\u00a0311.124 pesos, y la Asignaci\u00f3n Familiar por Hijo, a\u00a047.776 pesos\u00a0para el primer rango de ingresos","og_url":"https:\/\/infoecos.com.ar\/index.php\/jubilaciones-del-anses-como-quedan-a-partir-de-este-mes\/","og_site_name":"Infoecos","article_publisher":"https:\/\/www.facebook.com\/profile.php?id=100063200290284","article_published_time":"2024-12-30T15:17:59+00:00","article_modified_time":"2024-12-30T15:18:00+00:00","og_image":[{"width":1200,"height":675,"url":"https:\/\/infoecos.com.ar\/wp-content\/uploads\/2024\/03\/image-208.png","type":"image\/png"}],"author":"Jorge Matheus","twitter_card":"summary_large_image","twitter_creator":"@infoecos","twitter_site":"@infoecos","twitter_misc":{"Escrito por":"Jorge Matheus","Tiempo de lectura":"2 minutos"},"schema":{"@context":"https:\/\/schema.org","@graph":[{"@type":"Article","@id":"https:\/\/infoecos.com.ar\/index.php\/jubilaciones-del-anses-como-quedan-a-partir-de-este-mes\/#article","isPartOf":{"@id":"https:\/\/infoecos.com.ar\/index.php\/jubilaciones-del-anses-como-quedan-a-partir-de-este-mes\/"},"author":{"name":"Jorge Matheus","@id":"https:\/\/infoecos.com.ar\/#\/schema\/person\/8f5ace5ce73b4b4aac4b7245aee6f191"},"headline":"Jubilaciones del ANSES: como quedan a partir de este mes","datePublished":"2024-12-30T15:17:59+00:00","dateModified":"2024-12-30T15:18:00+00:00","mainEntityOfPage":{"@id":"https:\/\/infoecos.com.ar\/index.php\/jubilaciones-del-anses-como-quedan-a-partir-de-este-mes\/"},"wordCount":215,"publisher":{"@id":"https:\/\/infoecos.com.ar\/#organization"},"image":{"@id":"https:\/\/infoecos.com.ar\/index.php\/jubilaciones-del-anses-como-quedan-a-partir-de-este-mes\/#primaryimage"},"thumbnailUrl":"https:\/\/infoecos.com.ar\/wp-content\/uploads\/2024\/03\/image-208.png","keywords":["Actualidad"],"inLanguage":"es"},{"@type":"WebPage","@id":"https:\/\/infoecos.com.ar\/index.php\/jubilaciones-del-anses-como-quedan-a-partir-de-este-mes\/","url":"https:\/\/infoecos.com.ar\/index.php\/jubilaciones-del-anses-como-quedan-a-partir-de-este-mes\/","name":"Jubilaciones del ANSES: como quedan a partir de este mes - Infoecos","isPartOf":{"@id":"https:\/\/infoecos.com.ar\/#website"},"primaryImageOfPage":{"@id":"https:\/\/infoecos.com.ar\/index.php\/jubilaciones-del-anses-como-quedan-a-partir-de-este-mes\/#primaryimage"},"image":{"@id":"https:\/\/infoecos.com.ar\/index.php\/jubilaciones-del-anses-como-quedan-a-partir-de-este-mes\/#primaryimage"},"thumbnailUrl":"https:\/\/infoecos.com.ar\/wp-content\/uploads\/2024\/03\/image-208.png","datePublished":"2024-12-30T15:17:59+00:00","dateModified":"2024-12-30T15:18:00+00:00","breadcrumb":{"@id":"https:\/\/infoecos.com.ar\/index.php\/jubilaciones-del-anses-como-quedan-a-partir-de-este-mes\/#breadcrumb"},"inLanguage":"es","potentialAction":[{"@type":"ReadAction","target":["https:\/\/infoecos.com.ar\/index.php\/jubilaciones-del-anses-como-quedan-a-partir-de-este-mes\/"]}]},{"@type":"ImageObject","inLanguage":"es","@id":"https:\/\/infoecos.com.ar\/index.php\/jubilaciones-del-anses-como-quedan-a-partir-de-este-mes\/#primaryimage","url":"https:\/\/infoecos.com.ar\/wp-content\/uploads\/2024\/03\/image-208.png","contentUrl":"https:\/\/infoecos.com.ar\/wp-content\/uploads\/2024\/03\/image-208.png","width":1200,"height":675},{"@type":"BreadcrumbList","@id":"https:\/\/infoecos.com.ar\/index.php\/jubilaciones-del-anses-como-quedan-a-partir-de-este-mes\/#breadcrumb","itemListElement":[{"@type":"ListItem","position":1,"name":"Portada","item":"https:\/\/infoecos.com.ar\/"},{"@type":"ListItem","position":2,"name":"Jubilaciones del ANSES: como quedan a partir de este mes"}]},{"@type":"WebSite","@id":"https:\/\/infoecos.com.ar\/#website","url":"https:\/\/infoecos.com.ar\/","name":"Infoecos","description":"Noticias de trenque lauquen y la zona","publisher":{"@id":"https:\/\/infoecos.com.ar\/#organization"},"alternateName":"Noticias","potentialAction":[{"@type":"SearchAction","target":{"@type":"EntryPoint","urlTemplate":"https:\/\/infoecos.com.ar\/?s={search_term_string}"},"query-input":{"@type":"PropertyValueSpecification","valueRequired":true,"valueName":"search_term_string"}}],"inLanguage":"es"},{"@type":"Organization","@id":"https:\/\/infoecos.com.ar\/#organization","name":"Infoecos","alternateName":"Noticias","url":"https:\/\/infoecos.com.ar\/","logo":{"@type":"ImageObject","inLanguage":"es","@id":"https:\/\/infoecos.com.ar\/#\/schema\/logo\/image\/","url":"https:\/\/infoecos.com.ar\/wp-content\/uploads\/2024\/03\/cropped-logo.png","contentUrl":"https:\/\/infoecos.com.ar\/wp-content\/uploads\/2024\/03\/cropped-logo.png","width":374,"height":90,"caption":"Infoecos"},"image":{"@id":"https:\/\/infoecos.com.ar\/#\/schema\/logo\/image\/"},"sameAs":["https:\/\/www.facebook.com\/profile.php?id=100063200290284","https:\/\/x.com\/infoecos"]},{"@type":"Person","@id":"https:\/\/infoecos.com.ar\/#\/schema\/person\/8f5ace5ce73b4b4aac4b7245aee6f191","name":"Jorge Matheus","url":"https:\/\/infoecos.com.ar\/index.php\/author\/jomatheus\/"}]}},"featured_image_urls":{"full":["https:\/\/infoecos.com.ar\/wp-content\/uploads\/2024\/03\/image-208.png",1200,675,false],"thumbnail":["https:\/\/infoecos.com.ar\/wp-content\/uploads\/2024\/03\/image-208-300x150.png",300,150,true],"medium":["https:\/\/infoecos.com.ar\/wp-content\/uploads\/2024\/03\/image-208-800x450.png",800,450,true],"medium_large":["https:\/\/infoecos.com.ar\/wp-content\/uploads\/2024\/03\/image-208-768x432.png",640,360,true],"large":["https:\/\/infoecos.com.ar\/wp-content\/uploads\/2024\/03\/image-208.png",640,360,false],"1536x1536":["https:\/\/infoecos.com.ar\/wp-content\/uploads\/2024\/03\/image-208.png",1200,675,false],"2048x2048":["https:\/\/infoecos.com.ar\/wp-content\/uploads\/2024\/03\/image-208.png",1200,675,false],"covernews-slider-full":["https:\/\/infoecos.com.ar\/wp-content\/uploads\/2024\/03\/image-208-1115x675.png",1115,675,true],"covernews-slider-center":["https:\/\/infoecos.com.ar\/wp-content\/uploads\/2024\/03\/image-208-800x500.png",800,500,true],"covernews-featured":["https:\/\/infoecos.com.ar\/wp-content\/uploads\/2024\/03\/image-208-1024x576.png",1024,576,true],"covernews-medium":["https:\/\/infoecos.com.ar\/wp-content\/uploads\/2024\/03\/image-208-540x340.png",540,340,true],"covernews-medium-square":["https:\/\/infoecos.com.ar\/wp-content\/uploads\/2024\/03\/image-208-400x250.png",400,250,true]},"author_info":{"info":["Jorge Matheus"]},"category_info":"<a href=\"https:\/\/infoecos.com.ar\/index.php\/category\/sin-categoria\/\" rel=\"category tag\">Sin categor\u00eda<\/a>","tag_info":"Sin categor\u00eda","comment_count":"0","_links":{"self":[{"href":"https:\/\/infoecos.com.ar\/index.php\/wp-json\/wp\/v2\/posts\/135041"}],"collection":[{"href":"https:\/\/infoecos.com.ar\/index.php\/wp-json\/wp\/v2\/posts"}],"about":[{"href":"https:\/\/infoecos.com.ar\/index.php\/wp-json\/wp\/v2\/types\/post"}],"author":[{"embeddable":true,"href":"https:\/\/infoecos.com.ar\/index.php\/wp-json\/wp\/v2\/users\/2"}],"replies":[{"embeddable":true,"href":"https:\/\/infoecos.com.ar\/index.php\/wp-json\/wp\/v2\/comments?post=135041"}],"version-history":[{"count":1,"href":"https:\/\/infoecos.com.ar\/index.php\/wp-json\/wp\/v2\/posts\/135041\/revisions"}],"predecessor-version":[{"id":135042,"href":"https:\/\/infoecos.com.ar\/index.php\/wp-json\/wp\/v2\/posts\/135041\/revisions\/135042"}],"wp:featuredmedia":[{"embeddable":true,"href":"https:\/\/infoecos.com.ar\/index.php\/wp-json\/wp\/v2\/media\/121443"}],"wp:attachment":[{"href":"https:\/\/infoecos.com.ar\/index.php\/wp-json\/wp\/v2\/media?parent=135041"}],"wp:term":[{"taxonomy":"category","embeddable":true,"href":"https:\/\/infoecos.com.ar\/index.php\/wp-json\/wp\/v2\/categories?post=135041"},{"taxonomy":"post_tag","embeddable":true,"href":"https:\/\/infoecos.com.ar\/index.php\/wp-json\/wp\/v2\/tags?post=135041"}],"curies":[{"name":"wp","href":"https:\/\/api.w.org\/{rel}","templated":true}]}}