{"id":135653,"date":"2025-01-12T00:57:17","date_gmt":"2025-01-12T03:57:17","guid":{"rendered":"https:\/\/infoecos.com.ar\/?p=135653"},"modified":"2025-01-12T00:57:17","modified_gmt":"2025-01-12T03:57:17","slug":"seguiran-las-temperaturas-muy-altas-en-los-proximos-dias-con-nubosidad-variable-y-rafagas-de-viento-de-hasta-50-km-h-este-domingo-y-manana-lunes","status":"publish","type":"post","link":"https:\/\/infoecos.com.ar\/index.php\/seguiran-las-temperaturas-muy-altas-en-los-proximos-dias-con-nubosidad-variable-y-rafagas-de-viento-de-hasta-50-km-h-este-domingo-y-manana-lunes\/","title":{"rendered":"Seguir\u00e1n las temperaturas muy altas en los pr\u00f3ximos d\u00edas con nubosidad variable y r\u00e1fagas de viento de hasta 50 km\/h este domingo y ma\u00f1ana lunes"},"content":{"rendered":"\n<p class=\"has-text-align-center\"><strong>Servicio Meteorol\u00f3gico Nacional <\/strong><\/p>\n\n\n\n<p class=\"has-text-align-center\"><strong>Pron\u00f3stico para esta regi\u00f3n<\/strong><\/p>\n\n\n\n<p><mark style=\"background-color:rgba(0, 0, 0, 0)\" class=\"has-inline-color has-vivid-red-color\"><strong>Seguir\u00e1n las temperaturas muy altas en los pr\u00f3ximos d\u00edas con nubosidad variable y r\u00e1fagas de viento de hasta 50 km\/h este domingo y ma\u00f1ana lunes.<\/strong><\/mark><\/p>\n\n\n\n<figure class=\"wp-block-image aligncenter size-full\"><img loading=\"lazy\" decoding=\"async\" width=\"608\" height=\"261\" src=\"https:\/\/infoecos.com.ar\/wp-content\/uploads\/2025\/01\/image-137.png\" alt=\"\" class=\"wp-image-135654\"\/><\/figure>\n\n\n\n<p><strong><mark style=\"background-color:rgba(0, 0, 0, 0)\" class=\"has-inline-color has-vivid-red-color\">No es posible brindar informaci\u00f3n sobre los valores meteorol\u00f3gicos, al estar caida la p\u00e1gina de los Sensores Clim\u00e1ticos de la Municipalidad de Trenque Lauquen. <\/mark><\/strong><\/p>\n","protected":false},"excerpt":{"rendered":"<p>No es posible brindar informaci\u00f3n sobre los valores meteorol\u00f3gicos, al estar caida la p\u00e1gina de los Sensores Clim\u00e1ticos de la Municipalidad de Trenque Lauquen<\/p>\n","protected":false},"author":2,"featured_media":135655,"comment_status":"closed","ping_status":"open","sticky":false,"template":"","format":"standard","meta":{"footnotes":""},"categories":[1612],"tags":[],"class_list":["post-135653","post","type-post","status-publish","format-standard","has-post-thumbnail","hentry","category-noticia-principal"],"yoast_head":"<!-- This site is optimized with the Yoast SEO plugin v23.4 - https:\/\/yoast.com\/wordpress\/plugins\/seo\/ -->\n<title>Seguir\u00e1n las temperaturas muy altas en los pr\u00f3ximos d\u00edas con nubosidad variable y r\u00e1fagas de viento de hasta 50 km\/h este domingo y ma\u00f1ana lunes - Infoecos<\/title>\n<meta name=\"robots\" content=\"index, follow, max-snippet:-1, max-image-preview:large, max-video-preview:-1\" \/>\n<link rel=\"canonical\" href=\"https:\/\/infoecos.com.ar\/index.php\/seguiran-las-temperaturas-muy-altas-en-los-proximos-dias-con-nubosidad-variable-y-rafagas-de-viento-de-hasta-50-km-h-este-domingo-y-manana-lunes\/\" \/>\n<meta property=\"og:locale\" content=\"es_ES\" \/>\n<meta property=\"og:type\" content=\"article\" \/>\n<meta property=\"og:title\" content=\"Seguir\u00e1n las temperaturas muy altas en los pr\u00f3ximos d\u00edas con nubosidad variable y r\u00e1fagas de viento de hasta 50 km\/h este domingo y ma\u00f1ana lunes - Infoecos\" \/>\n<meta property=\"og:description\" content=\"No es posible brindar informaci\u00f3n sobre los valores meteorol\u00f3gicos, al estar caida la p\u00e1gina de los Sensores Clim\u00e1ticos de la Municipalidad de Trenque Lauquen\" \/>\n<meta property=\"og:url\" content=\"https:\/\/infoecos.com.ar\/index.php\/seguiran-las-temperaturas-muy-altas-en-los-proximos-dias-con-nubosidad-variable-y-rafagas-de-viento-de-hasta-50-km-h-este-domingo-y-manana-lunes\/\" \/>\n<meta property=\"og:site_name\" content=\"Infoecos\" \/>\n<meta property=\"article:publisher\" content=\"https:\/\/www.facebook.com\/profile.php?id=100063200290284\" \/>\n<meta property=\"article:published_time\" content=\"2025-01-12T03:57:17+00:00\" \/>\n<meta property=\"og:image\" content=\"https:\/\/infoecos.com.ar\/wp-content\/uploads\/2025\/01\/garzasobreelarbol.jpeg\" \/>\n\t<meta property=\"og:image:width\" content=\"960\" \/>\n\t<meta property=\"og:image:height\" content=\"1280\" \/>\n\t<meta property=\"og:image:type\" content=\"image\/jpeg\" \/>\n<meta name=\"author\" content=\"Jorge Matheus\" \/>\n<meta name=\"twitter:card\" content=\"summary_large_image\" \/>\n<meta name=\"twitter:creator\" content=\"@infoecos\" \/>\n<meta name=\"twitter:site\" content=\"@infoecos\" \/>\n<meta name=\"twitter:label1\" content=\"Escrito por\" \/>\n\t<meta name=\"twitter:data1\" content=\"Jorge Matheus\" \/>\n\t<meta name=\"twitter:label2\" content=\"Tiempo de lectura\" \/>\n\t<meta name=\"twitter:data2\" content=\"1 minuto\" \/>\n<script type=\"application\/ld+json\" class=\"yoast-schema-graph\">{\"@context\":\"https:\/\/schema.org\",\"@graph\":[{\"@type\":\"Article\",\"@id\":\"https:\/\/infoecos.com.ar\/index.php\/seguiran-las-temperaturas-muy-altas-en-los-proximos-dias-con-nubosidad-variable-y-rafagas-de-viento-de-hasta-50-km-h-este-domingo-y-manana-lunes\/#article\",\"isPartOf\":{\"@id\":\"https:\/\/infoecos.com.ar\/index.php\/seguiran-las-temperaturas-muy-altas-en-los-proximos-dias-con-nubosidad-variable-y-rafagas-de-viento-de-hasta-50-km-h-este-domingo-y-manana-lunes\/\"},\"author\":{\"name\":\"Jorge Matheus\",\"@id\":\"https:\/\/infoecos.com.ar\/#\/schema\/person\/8f5ace5ce73b4b4aac4b7245aee6f191\"},\"headline\":\"Seguir\u00e1n las temperaturas muy altas en los pr\u00f3ximos d\u00edas con nubosidad variable y r\u00e1fagas de viento de hasta 50 km\/h este domingo y ma\u00f1ana lunes\",\"datePublished\":\"2025-01-12T03:57:17+00:00\",\"dateModified\":\"2025-01-12T03:57:17+00:00\",\"mainEntityOfPage\":{\"@id\":\"https:\/\/infoecos.com.ar\/index.php\/seguiran-las-temperaturas-muy-altas-en-los-proximos-dias-con-nubosidad-variable-y-rafagas-de-viento-de-hasta-50-km-h-este-domingo-y-manana-lunes\/\"},\"wordCount\":98,\"publisher\":{\"@id\":\"https:\/\/infoecos.com.ar\/#organization\"},\"image\":{\"@id\":\"https:\/\/infoecos.com.ar\/index.php\/seguiran-las-temperaturas-muy-altas-en-los-proximos-dias-con-nubosidad-variable-y-rafagas-de-viento-de-hasta-50-km-h-este-domingo-y-manana-lunes\/#primaryimage\"},\"thumbnailUrl\":\"https:\/\/infoecos.com.ar\/wp-content\/uploads\/2025\/01\/garzasobreelarbol.jpeg\",\"articleSection\":[\"Noticia Principal\"],\"inLanguage\":\"es\"},{\"@type\":\"WebPage\",\"@id\":\"https:\/\/infoecos.com.ar\/index.php\/seguiran-las-temperaturas-muy-altas-en-los-proximos-dias-con-nubosidad-variable-y-rafagas-de-viento-de-hasta-50-km-h-este-domingo-y-manana-lunes\/\",\"url\":\"https:\/\/infoecos.com.ar\/index.php\/seguiran-las-temperaturas-muy-altas-en-los-proximos-dias-con-nubosidad-variable-y-rafagas-de-viento-de-hasta-50-km-h-este-domingo-y-manana-lunes\/\",\"name\":\"Seguir\u00e1n las temperaturas muy altas en los pr\u00f3ximos d\u00edas con nubosidad variable y r\u00e1fagas de viento de hasta 50 km\/h este domingo y ma\u00f1ana lunes - Infoecos\",\"isPartOf\":{\"@id\":\"https:\/\/infoecos.com.ar\/#website\"},\"primaryImageOfPage\":{\"@id\":\"https:\/\/infoecos.com.ar\/index.php\/seguiran-las-temperaturas-muy-altas-en-los-proximos-dias-con-nubosidad-variable-y-rafagas-de-viento-de-hasta-50-km-h-este-domingo-y-manana-lunes\/#primaryimage\"},\"image\":{\"@id\":\"https:\/\/infoecos.com.ar\/index.php\/seguiran-las-temperaturas-muy-altas-en-los-proximos-dias-con-nubosidad-variable-y-rafagas-de-viento-de-hasta-50-km-h-este-domingo-y-manana-lunes\/#primaryimage\"},\"thumbnailUrl\":\"https:\/\/infoecos.com.ar\/wp-content\/uploads\/2025\/01\/garzasobreelarbol.jpeg\",\"datePublished\":\"2025-01-12T03:57:17+00:00\",\"dateModified\":\"2025-01-12T03:57:17+00:00\",\"breadcrumb\":{\"@id\":\"https:\/\/infoecos.com.ar\/index.php\/seguiran-las-temperaturas-muy-altas-en-los-proximos-dias-con-nubosidad-variable-y-rafagas-de-viento-de-hasta-50-km-h-este-domingo-y-manana-lunes\/#breadcrumb\"},\"inLanguage\":\"es\",\"potentialAction\":[{\"@type\":\"ReadAction\",\"target\":[\"https:\/\/infoecos.com.ar\/index.php\/seguiran-las-temperaturas-muy-altas-en-los-proximos-dias-con-nubosidad-variable-y-rafagas-de-viento-de-hasta-50-km-h-este-domingo-y-manana-lunes\/\"]}]},{\"@type\":\"ImageObject\",\"inLanguage\":\"es\",\"@id\":\"https:\/\/infoecos.com.ar\/index.php\/seguiran-las-temperaturas-muy-altas-en-los-proximos-dias-con-nubosidad-variable-y-rafagas-de-viento-de-hasta-50-km-h-este-domingo-y-manana-lunes\/#primaryimage\",\"url\":\"https:\/\/infoecos.com.ar\/wp-content\/uploads\/2025\/01\/garzasobreelarbol.jpeg\",\"contentUrl\":\"https:\/\/infoecos.com.ar\/wp-content\/uploads\/2025\/01\/garzasobreelarbol.jpeg\",\"width\":960,\"height\":1280},{\"@type\":\"BreadcrumbList\",\"@id\":\"https:\/\/infoecos.com.ar\/index.php\/seguiran-las-temperaturas-muy-altas-en-los-proximos-dias-con-nubosidad-variable-y-rafagas-de-viento-de-hasta-50-km-h-este-domingo-y-manana-lunes\/#breadcrumb\",\"itemListElement\":[{\"@type\":\"ListItem\",\"position\":1,\"name\":\"Portada\",\"item\":\"https:\/\/infoecos.com.ar\/\"},{\"@type\":\"ListItem\",\"position\":2,\"name\":\"Seguir\u00e1n las temperaturas muy altas en los pr\u00f3ximos d\u00edas con nubosidad variable y r\u00e1fagas de viento de hasta 50 km\/h este domingo y ma\u00f1ana lunes\"}]},{\"@type\":\"WebSite\",\"@id\":\"https:\/\/infoecos.com.ar\/#website\",\"url\":\"https:\/\/infoecos.com.ar\/\",\"name\":\"Infoecos\",\"description\":\"Noticias de trenque lauquen y la zona\",\"publisher\":{\"@id\":\"https:\/\/infoecos.com.ar\/#organization\"},\"alternateName\":\"Noticias\",\"potentialAction\":[{\"@type\":\"SearchAction\",\"target\":{\"@type\":\"EntryPoint\",\"urlTemplate\":\"https:\/\/infoecos.com.ar\/?s={search_term_string}\"},\"query-input\":{\"@type\":\"PropertyValueSpecification\",\"valueRequired\":true,\"valueName\":\"search_term_string\"}}],\"inLanguage\":\"es\"},{\"@type\":\"Organization\",\"@id\":\"https:\/\/infoecos.com.ar\/#organization\",\"name\":\"Infoecos\",\"alternateName\":\"Noticias\",\"url\":\"https:\/\/infoecos.com.ar\/\",\"logo\":{\"@type\":\"ImageObject\",\"inLanguage\":\"es\",\"@id\":\"https:\/\/infoecos.com.ar\/#\/schema\/logo\/image\/\",\"url\":\"https:\/\/infoecos.com.ar\/wp-content\/uploads\/2024\/03\/cropped-logo.png\",\"contentUrl\":\"https:\/\/infoecos.com.ar\/wp-content\/uploads\/2024\/03\/cropped-logo.png\",\"width\":374,\"height\":90,\"caption\":\"Infoecos\"},\"image\":{\"@id\":\"https:\/\/infoecos.com.ar\/#\/schema\/logo\/image\/\"},\"sameAs\":[\"https:\/\/www.facebook.com\/profile.php?id=100063200290284\",\"https:\/\/x.com\/infoecos\"]},{\"@type\":\"Person\",\"@id\":\"https:\/\/infoecos.com.ar\/#\/schema\/person\/8f5ace5ce73b4b4aac4b7245aee6f191\",\"name\":\"Jorge Matheus\",\"url\":\"https:\/\/infoecos.com.ar\/index.php\/author\/jomatheus\/\"}]}<\/script>\n<!-- \/ Yoast SEO plugin. -->","yoast_head_json":{"title":"Seguir\u00e1n las temperaturas muy altas en los pr\u00f3ximos d\u00edas con nubosidad variable y r\u00e1fagas de viento de hasta 50 km\/h este domingo y ma\u00f1ana lunes - Infoecos","robots":{"index":"index","follow":"follow","max-snippet":"max-snippet:-1","max-image-preview":"max-image-preview:large","max-video-preview":"max-video-preview:-1"},"canonical":"https:\/\/infoecos.com.ar\/index.php\/seguiran-las-temperaturas-muy-altas-en-los-proximos-dias-con-nubosidad-variable-y-rafagas-de-viento-de-hasta-50-km-h-este-domingo-y-manana-lunes\/","og_locale":"es_ES","og_type":"article","og_title":"Seguir\u00e1n las temperaturas muy altas en los pr\u00f3ximos d\u00edas con nubosidad variable y r\u00e1fagas de viento de hasta 50 km\/h este domingo y ma\u00f1ana lunes - Infoecos","og_description":"No es posible brindar informaci\u00f3n sobre los valores meteorol\u00f3gicos, al estar caida la p\u00e1gina de los Sensores Clim\u00e1ticos de la Municipalidad de Trenque Lauquen","og_url":"https:\/\/infoecos.com.ar\/index.php\/seguiran-las-temperaturas-muy-altas-en-los-proximos-dias-con-nubosidad-variable-y-rafagas-de-viento-de-hasta-50-km-h-este-domingo-y-manana-lunes\/","og_site_name":"Infoecos","article_publisher":"https:\/\/www.facebook.com\/profile.php?id=100063200290284","article_published_time":"2025-01-12T03:57:17+00:00","og_image":[{"width":960,"height":1280,"url":"https:\/\/infoecos.com.ar\/wp-content\/uploads\/2025\/01\/garzasobreelarbol.jpeg","type":"image\/jpeg"}],"author":"Jorge Matheus","twitter_card":"summary_large_image","twitter_creator":"@infoecos","twitter_site":"@infoecos","twitter_misc":{"Escrito por":"Jorge Matheus","Tiempo de lectura":"1 minuto"},"schema":{"@context":"https:\/\/schema.org","@graph":[{"@type":"Article","@id":"https:\/\/infoecos.com.ar\/index.php\/seguiran-las-temperaturas-muy-altas-en-los-proximos-dias-con-nubosidad-variable-y-rafagas-de-viento-de-hasta-50-km-h-este-domingo-y-manana-lunes\/#article","isPartOf":{"@id":"https:\/\/infoecos.com.ar\/index.php\/seguiran-las-temperaturas-muy-altas-en-los-proximos-dias-con-nubosidad-variable-y-rafagas-de-viento-de-hasta-50-km-h-este-domingo-y-manana-lunes\/"},"author":{"name":"Jorge Matheus","@id":"https:\/\/infoecos.com.ar\/#\/schema\/person\/8f5ace5ce73b4b4aac4b7245aee6f191"},"headline":"Seguir\u00e1n las temperaturas muy altas en los pr\u00f3ximos d\u00edas con nubosidad variable y r\u00e1fagas de viento de hasta 50 km\/h este domingo y ma\u00f1ana lunes","datePublished":"2025-01-12T03:57:17+00:00","dateModified":"2025-01-12T03:57:17+00:00","mainEntityOfPage":{"@id":"https:\/\/infoecos.com.ar\/index.php\/seguiran-las-temperaturas-muy-altas-en-los-proximos-dias-con-nubosidad-variable-y-rafagas-de-viento-de-hasta-50-km-h-este-domingo-y-manana-lunes\/"},"wordCount":98,"publisher":{"@id":"https:\/\/infoecos.com.ar\/#organization"},"image":{"@id":"https:\/\/infoecos.com.ar\/index.php\/seguiran-las-temperaturas-muy-altas-en-los-proximos-dias-con-nubosidad-variable-y-rafagas-de-viento-de-hasta-50-km-h-este-domingo-y-manana-lunes\/#primaryimage"},"thumbnailUrl":"https:\/\/infoecos.com.ar\/wp-content\/uploads\/2025\/01\/garzasobreelarbol.jpeg","articleSection":["Noticia Principal"],"inLanguage":"es"},{"@type":"WebPage","@id":"https:\/\/infoecos.com.ar\/index.php\/seguiran-las-temperaturas-muy-altas-en-los-proximos-dias-con-nubosidad-variable-y-rafagas-de-viento-de-hasta-50-km-h-este-domingo-y-manana-lunes\/","url":"https:\/\/infoecos.com.ar\/index.php\/seguiran-las-temperaturas-muy-altas-en-los-proximos-dias-con-nubosidad-variable-y-rafagas-de-viento-de-hasta-50-km-h-este-domingo-y-manana-lunes\/","name":"Seguir\u00e1n las temperaturas muy altas en los pr\u00f3ximos d\u00edas con nubosidad variable y r\u00e1fagas de viento de hasta 50 km\/h este domingo y ma\u00f1ana lunes - Infoecos","isPartOf":{"@id":"https:\/\/infoecos.com.ar\/#website"},"primaryImageOfPage":{"@id":"https:\/\/infoecos.com.ar\/index.php\/seguiran-las-temperaturas-muy-altas-en-los-proximos-dias-con-nubosidad-variable-y-rafagas-de-viento-de-hasta-50-km-h-este-domingo-y-manana-lunes\/#primaryimage"},"image":{"@id":"https:\/\/infoecos.com.ar\/index.php\/seguiran-las-temperaturas-muy-altas-en-los-proximos-dias-con-nubosidad-variable-y-rafagas-de-viento-de-hasta-50-km-h-este-domingo-y-manana-lunes\/#primaryimage"},"thumbnailUrl":"https:\/\/infoecos.com.ar\/wp-content\/uploads\/2025\/01\/garzasobreelarbol.jpeg","datePublished":"2025-01-12T03:57:17+00:00","dateModified":"2025-01-12T03:57:17+00:00","breadcrumb":{"@id":"https:\/\/infoecos.com.ar\/index.php\/seguiran-las-temperaturas-muy-altas-en-los-proximos-dias-con-nubosidad-variable-y-rafagas-de-viento-de-hasta-50-km-h-este-domingo-y-manana-lunes\/#breadcrumb"},"inLanguage":"es","potentialAction":[{"@type":"ReadAction","target":["https:\/\/infoecos.com.ar\/index.php\/seguiran-las-temperaturas-muy-altas-en-los-proximos-dias-con-nubosidad-variable-y-rafagas-de-viento-de-hasta-50-km-h-este-domingo-y-manana-lunes\/"]}]},{"@type":"ImageObject","inLanguage":"es","@id":"https:\/\/infoecos.com.ar\/index.php\/seguiran-las-temperaturas-muy-altas-en-los-proximos-dias-con-nubosidad-variable-y-rafagas-de-viento-de-hasta-50-km-h-este-domingo-y-manana-lunes\/#primaryimage","url":"https:\/\/infoecos.com.ar\/wp-content\/uploads\/2025\/01\/garzasobreelarbol.jpeg","contentUrl":"https:\/\/infoecos.com.ar\/wp-content\/uploads\/2025\/01\/garzasobreelarbol.jpeg","width":960,"height":1280},{"@type":"BreadcrumbList","@id":"https:\/\/infoecos.com.ar\/index.php\/seguiran-las-temperaturas-muy-altas-en-los-proximos-dias-con-nubosidad-variable-y-rafagas-de-viento-de-hasta-50-km-h-este-domingo-y-manana-lunes\/#breadcrumb","itemListElement":[{"@type":"ListItem","position":1,"name":"Portada","item":"https:\/\/infoecos.com.ar\/"},{"@type":"ListItem","position":2,"name":"Seguir\u00e1n las temperaturas muy altas en los pr\u00f3ximos d\u00edas con nubosidad variable y r\u00e1fagas de viento de hasta 50 km\/h este domingo y ma\u00f1ana lunes"}]},{"@type":"WebSite","@id":"https:\/\/infoecos.com.ar\/#website","url":"https:\/\/infoecos.com.ar\/","name":"Infoecos","description":"Noticias de trenque lauquen y la zona","publisher":{"@id":"https:\/\/infoecos.com.ar\/#organization"},"alternateName":"Noticias","potentialAction":[{"@type":"SearchAction","target":{"@type":"EntryPoint","urlTemplate":"https:\/\/infoecos.com.ar\/?s={search_term_string}"},"query-input":{"@type":"PropertyValueSpecification","valueRequired":true,"valueName":"search_term_string"}}],"inLanguage":"es"},{"@type":"Organization","@id":"https:\/\/infoecos.com.ar\/#organization","name":"Infoecos","alternateName":"Noticias","url":"https:\/\/infoecos.com.ar\/","logo":{"@type":"ImageObject","inLanguage":"es","@id":"https:\/\/infoecos.com.ar\/#\/schema\/logo\/image\/","url":"https:\/\/infoecos.com.ar\/wp-content\/uploads\/2024\/03\/cropped-logo.png","contentUrl":"https:\/\/infoecos.com.ar\/wp-content\/uploads\/2024\/03\/cropped-logo.png","width":374,"height":90,"caption":"Infoecos"},"image":{"@id":"https:\/\/infoecos.com.ar\/#\/schema\/logo\/image\/"},"sameAs":["https:\/\/www.facebook.com\/profile.php?id=100063200290284","https:\/\/x.com\/infoecos"]},{"@type":"Person","@id":"https:\/\/infoecos.com.ar\/#\/schema\/person\/8f5ace5ce73b4b4aac4b7245aee6f191","name":"Jorge Matheus","url":"https:\/\/infoecos.com.ar\/index.php\/author\/jomatheus\/"}]}},"featured_image_urls":{"full":["https:\/\/infoecos.com.ar\/wp-content\/uploads\/2025\/01\/garzasobreelarbol.jpeg",960,1280,false],"thumbnail":["https:\/\/infoecos.com.ar\/wp-content\/uploads\/2025\/01\/garzasobreelarbol-300x150.jpeg",300,150,true],"medium":["https:\/\/infoecos.com.ar\/wp-content\/uploads\/2025\/01\/garzasobreelarbol-600x800.jpeg",600,800,true],"medium_large":["https:\/\/infoecos.com.ar\/wp-content\/uploads\/2025\/01\/garzasobreelarbol-768x1024.jpeg",640,853,true],"large":["https:\/\/infoecos.com.ar\/wp-content\/uploads\/2025\/01\/garzasobreelarbol.jpeg",640,853,false],"1536x1536":["https:\/\/infoecos.com.ar\/wp-content\/uploads\/2025\/01\/garzasobreelarbol.jpeg",960,1280,false],"2048x2048":["https:\/\/infoecos.com.ar\/wp-content\/uploads\/2025\/01\/garzasobreelarbol.jpeg",960,1280,false],"covernews-slider-full":["https:\/\/infoecos.com.ar\/wp-content\/uploads\/2025\/01\/garzasobreelarbol-960x715.jpeg",960,715,true],"covernews-slider-center":["https:\/\/infoecos.com.ar\/wp-content\/uploads\/2025\/01\/garzasobreelarbol-800x500.jpeg",800,500,true],"covernews-featured":["https:\/\/infoecos.com.ar\/wp-content\/uploads\/2025\/01\/garzasobreelarbol.jpeg",960,1280,false],"covernews-medium":["https:\/\/infoecos.com.ar\/wp-content\/uploads\/2025\/01\/garzasobreelarbol-540x340.jpeg",540,340,true],"covernews-medium-square":["https:\/\/infoecos.com.ar\/wp-content\/uploads\/2025\/01\/garzasobreelarbol-400x250.jpeg",400,250,true]},"author_info":{"info":["Jorge Matheus"]},"category_info":"<a href=\"https:\/\/infoecos.com.ar\/index.php\/category\/noticia-principal\/\" rel=\"category tag\">Noticia Principal<\/a>","tag_info":"Noticia Principal","comment_count":"0","_links":{"self":[{"href":"https:\/\/infoecos.com.ar\/index.php\/wp-json\/wp\/v2\/posts\/135653"}],"collection":[{"href":"https:\/\/infoecos.com.ar\/index.php\/wp-json\/wp\/v2\/posts"}],"about":[{"href":"https:\/\/infoecos.com.ar\/index.php\/wp-json\/wp\/v2\/types\/post"}],"author":[{"embeddable":true,"href":"https:\/\/infoecos.com.ar\/index.php\/wp-json\/wp\/v2\/users\/2"}],"replies":[{"embeddable":true,"href":"https:\/\/infoecos.com.ar\/index.php\/wp-json\/wp\/v2\/comments?post=135653"}],"version-history":[{"count":1,"href":"https:\/\/infoecos.com.ar\/index.php\/wp-json\/wp\/v2\/posts\/135653\/revisions"}],"predecessor-version":[{"id":135656,"href":"https:\/\/infoecos.com.ar\/index.php\/wp-json\/wp\/v2\/posts\/135653\/revisions\/135656"}],"wp:featuredmedia":[{"embeddable":true,"href":"https:\/\/infoecos.com.ar\/index.php\/wp-json\/wp\/v2\/media\/135655"}],"wp:attachment":[{"href":"https:\/\/infoecos.com.ar\/index.php\/wp-json\/wp\/v2\/media?parent=135653"}],"wp:term":[{"taxonomy":"category","embeddable":true,"href":"https:\/\/infoecos.com.ar\/index.php\/wp-json\/wp\/v2\/categories?post=135653"},{"taxonomy":"post_tag","embeddable":true,"href":"https:\/\/infoecos.com.ar\/index.php\/wp-json\/wp\/v2\/tags?post=135653"}],"curies":[{"name":"wp","href":"https:\/\/api.w.org\/{rel}","templated":true}]}}