{"id":136675,"date":"2025-01-28T15:06:26","date_gmt":"2025-01-28T18:06:26","guid":{"rendered":"https:\/\/infoecos.com.ar\/?p=136675"},"modified":"2025-02-14T02:18:35","modified_gmt":"2025-02-14T05:18:35","slug":"la-escuela-rural-de-fortin-deheza-un-abandono-que-no-se-deberia-permitir","status":"publish","type":"post","link":"https:\/\/infoecos.com.ar\/index.php\/la-escuela-rural-de-fortin-deheza-un-abandono-que-no-se-deberia-permitir\/","title":{"rendered":"La Escuela Rural de Fort\u00edn Deheza: un abandono que no se deber\u00eda permitir"},"content":{"rendered":"\n<p>En un buen trabajo period\u00edstico e hist\u00f3rico el sitio Todo un Pueblo publica en su cuenta de Youtube un video de Fort\u00edn Deheza con algunos detalles del pasado que no deber\u00edamos olvidar. Menciona en el relato a quien fuera diputado trenquelauquense, Jorge Simini y a la docente Mar\u00eda Rosa Figueroa. <\/p>\n\n\n\n<p>Un lector del sitio y cuentas de Infoecos nos env\u00edo el material publicado en la red mencionada.<\/p>\n\n\n\n<figure class=\"wp-block-image size-full\"><img loading=\"lazy\" decoding=\"async\" width=\"1067\" height=\"594\" src=\"https:\/\/infoecos.com.ar\/wp-content\/uploads\/2025\/01\/image-418.png\" alt=\"\" class=\"wp-image-136676\" srcset=\"https:\/\/infoecos.com.ar\/wp-content\/uploads\/2025\/01\/image-418.png 1067w, https:\/\/infoecos.com.ar\/wp-content\/uploads\/2025\/01\/image-418-800x445.png 800w, https:\/\/infoecos.com.ar\/wp-content\/uploads\/2025\/01\/image-418-768x428.png 768w, https:\/\/infoecos.com.ar\/wp-content\/uploads\/2025\/01\/image-418-1024x570.png 1024w\" sizes=\"(max-width: 1067px) 100vw, 1067px\" \/><\/figure>\n\n\n\n<p><strong>Historia y como se realiz\u00f3 el trabajo: <\/strong><\/p>\n\n\n\n<p>Colonia Fort\u00edn Deheza, era una colonia agr\u00edcola fundada en 1953 por el gobierno de Per\u00f3n. Fue parte de una gran estancia. La escuelita comenz\u00f3 funcionando en una casa de los peones y en el casco funcionaba la administraci\u00f3n de la colonia (estatal), que al principio contaba con 44 colonos. La colonia fue creciendo en cantidad de pobladores y por ende hab\u00edan m\u00e1s alumnos en la escuela. Esta tuvo que mudarse al casco de la estancia en 1958. Adem\u00e1s de contar con la Escuela Primaria Rural N\u00b0 30 Sargento Cabral, esta colonia tambi\u00e9n ten\u00eda un club: \u00abClub Fort\u00edn Deheza\u00bb, que hoy se usa como establo. Dicen que eran muy conocidos sus bailes y los cl\u00e1sicos partidos de f\u00fatbol. Hoy, un lugar en el mundo que se va llenando de olvido&#8230;no lo permitiremos. <\/p>\n\n\n\n<p>Mucha data de este video proviene de una muy buena nota del portal de noticias \u00abOeste B.A.\u00bb, del Facebook \u00abLas Escuelas Rurales nos cuentan su historia\u00bb y del Facebook \u00abRadio del Parque Casbas\u00bb. <\/p>\n\n\n\n<p>Toda la m\u00fasica del video es interpretada por Mat\u00edas Inchaurrondo, incluye un cover de la canci\u00f3n \u00abCarrusel de ni\u00f1os\u00bb de Jos\u00e9 Antonio \u00abPotro\u00bb Far\u00edas.<\/p>\n\n\n\n<figure class=\"wp-block-embed is-type-video is-provider-youtube wp-block-embed-youtube wp-embed-aspect-16-9 wp-has-aspect-ratio\"><div class=\"wp-block-embed__wrapper\">\n<iframe loading=\"lazy\" title=\"Colonia Fort\u00edn Deheza (Pdo. TRENQUE LAUQUEN)\" width=\"640\" height=\"360\" src=\"https:\/\/www.youtube.com\/embed\/SScQbPDEJmQ?feature=oembed\" frameborder=\"0\" allow=\"accelerometer; autoplay; clipboard-write; encrypted-media; gyroscope; picture-in-picture; web-share\" referrerpolicy=\"strict-origin-when-cross-origin\" allowfullscreen><\/iframe>\n<\/div><\/figure>\n","protected":false},"excerpt":{"rendered":"<p>Un lector del sitio y cuentas de Infoecos nos env\u00edo el material publicado en la red mencionada<\/p>\n","protected":false},"author":2,"featured_media":136676,"comment_status":"closed","ping_status":"open","sticky":false,"template":"","format":"standard","meta":{"footnotes":""},"categories":[1],"tags":[10298],"class_list":["post-136675","post","type-post","status-publish","format-standard","has-post-thumbnail","hentry","category-sin-categoria","tag-bloque-inferior"],"yoast_head":"<!-- This site is optimized with the Yoast SEO plugin v23.4 - https:\/\/yoast.com\/wordpress\/plugins\/seo\/ -->\n<title>La Escuela Rural de Fort\u00edn Deheza: un abandono que no se deber\u00eda permitir - Infoecos<\/title>\n<meta name=\"robots\" content=\"index, follow, max-snippet:-1, max-image-preview:large, max-video-preview:-1\" \/>\n<link rel=\"canonical\" href=\"https:\/\/infoecos.com.ar\/index.php\/la-escuela-rural-de-fortin-deheza-un-abandono-que-no-se-deberia-permitir\/\" \/>\n<meta property=\"og:locale\" content=\"es_ES\" \/>\n<meta property=\"og:type\" content=\"article\" \/>\n<meta property=\"og:title\" content=\"La Escuela Rural de Fort\u00edn Deheza: un abandono que no se deber\u00eda permitir - Infoecos\" \/>\n<meta property=\"og:description\" content=\"Un lector del sitio y cuentas de Infoecos nos env\u00edo el material publicado en la red mencionada\" \/>\n<meta property=\"og:url\" content=\"https:\/\/infoecos.com.ar\/index.php\/la-escuela-rural-de-fortin-deheza-un-abandono-que-no-se-deberia-permitir\/\" \/>\n<meta property=\"og:site_name\" content=\"Infoecos\" \/>\n<meta property=\"article:publisher\" content=\"https:\/\/www.facebook.com\/profile.php?id=100063200290284\" \/>\n<meta property=\"article:published_time\" content=\"2025-01-28T18:06:26+00:00\" \/>\n<meta property=\"article:modified_time\" content=\"2025-02-14T05:18:35+00:00\" \/>\n<meta property=\"og:image\" content=\"https:\/\/infoecos.com.ar\/wp-content\/uploads\/2025\/01\/image-418.png\" \/>\n\t<meta property=\"og:image:width\" content=\"1067\" \/>\n\t<meta property=\"og:image:height\" content=\"594\" \/>\n\t<meta property=\"og:image:type\" content=\"image\/png\" \/>\n<meta name=\"author\" content=\"Jorge Matheus\" \/>\n<meta name=\"twitter:card\" content=\"summary_large_image\" \/>\n<meta name=\"twitter:creator\" content=\"@infoecos\" \/>\n<meta name=\"twitter:site\" content=\"@infoecos\" \/>\n<meta name=\"twitter:label1\" content=\"Escrito por\" \/>\n\t<meta name=\"twitter:data1\" content=\"Jorge Matheus\" \/>\n\t<meta name=\"twitter:label2\" content=\"Tiempo de lectura\" \/>\n\t<meta name=\"twitter:data2\" content=\"2 minutos\" \/>\n<script type=\"application\/ld+json\" class=\"yoast-schema-graph\">{\"@context\":\"https:\/\/schema.org\",\"@graph\":[{\"@type\":\"Article\",\"@id\":\"https:\/\/infoecos.com.ar\/index.php\/la-escuela-rural-de-fortin-deheza-un-abandono-que-no-se-deberia-permitir\/#article\",\"isPartOf\":{\"@id\":\"https:\/\/infoecos.com.ar\/index.php\/la-escuela-rural-de-fortin-deheza-un-abandono-que-no-se-deberia-permitir\/\"},\"author\":{\"name\":\"Jorge Matheus\",\"@id\":\"https:\/\/infoecos.com.ar\/#\/schema\/person\/8f5ace5ce73b4b4aac4b7245aee6f191\"},\"headline\":\"La Escuela Rural de Fort\u00edn Deheza: un abandono que no se deber\u00eda permitir\",\"datePublished\":\"2025-01-28T18:06:26+00:00\",\"dateModified\":\"2025-02-14T05:18:35+00:00\",\"mainEntityOfPage\":{\"@id\":\"https:\/\/infoecos.com.ar\/index.php\/la-escuela-rural-de-fortin-deheza-un-abandono-que-no-se-deberia-permitir\/\"},\"wordCount\":308,\"publisher\":{\"@id\":\"https:\/\/infoecos.com.ar\/#organization\"},\"image\":{\"@id\":\"https:\/\/infoecos.com.ar\/index.php\/la-escuela-rural-de-fortin-deheza-un-abandono-que-no-se-deberia-permitir\/#primaryimage\"},\"thumbnailUrl\":\"https:\/\/infoecos.com.ar\/wp-content\/uploads\/2025\/01\/image-418.png\",\"keywords\":[\"Bloque inferior\"],\"inLanguage\":\"es\"},{\"@type\":\"WebPage\",\"@id\":\"https:\/\/infoecos.com.ar\/index.php\/la-escuela-rural-de-fortin-deheza-un-abandono-que-no-se-deberia-permitir\/\",\"url\":\"https:\/\/infoecos.com.ar\/index.php\/la-escuela-rural-de-fortin-deheza-un-abandono-que-no-se-deberia-permitir\/\",\"name\":\"La Escuela Rural de Fort\u00edn Deheza: un abandono que no se deber\u00eda permitir - Infoecos\",\"isPartOf\":{\"@id\":\"https:\/\/infoecos.com.ar\/#website\"},\"primaryImageOfPage\":{\"@id\":\"https:\/\/infoecos.com.ar\/index.php\/la-escuela-rural-de-fortin-deheza-un-abandono-que-no-se-deberia-permitir\/#primaryimage\"},\"image\":{\"@id\":\"https:\/\/infoecos.com.ar\/index.php\/la-escuela-rural-de-fortin-deheza-un-abandono-que-no-se-deberia-permitir\/#primaryimage\"},\"thumbnailUrl\":\"https:\/\/infoecos.com.ar\/wp-content\/uploads\/2025\/01\/image-418.png\",\"datePublished\":\"2025-01-28T18:06:26+00:00\",\"dateModified\":\"2025-02-14T05:18:35+00:00\",\"breadcrumb\":{\"@id\":\"https:\/\/infoecos.com.ar\/index.php\/la-escuela-rural-de-fortin-deheza-un-abandono-que-no-se-deberia-permitir\/#breadcrumb\"},\"inLanguage\":\"es\",\"potentialAction\":[{\"@type\":\"ReadAction\",\"target\":[\"https:\/\/infoecos.com.ar\/index.php\/la-escuela-rural-de-fortin-deheza-un-abandono-que-no-se-deberia-permitir\/\"]}]},{\"@type\":\"ImageObject\",\"inLanguage\":\"es\",\"@id\":\"https:\/\/infoecos.com.ar\/index.php\/la-escuela-rural-de-fortin-deheza-un-abandono-que-no-se-deberia-permitir\/#primaryimage\",\"url\":\"https:\/\/infoecos.com.ar\/wp-content\/uploads\/2025\/01\/image-418.png\",\"contentUrl\":\"https:\/\/infoecos.com.ar\/wp-content\/uploads\/2025\/01\/image-418.png\",\"width\":1067,\"height\":594},{\"@type\":\"BreadcrumbList\",\"@id\":\"https:\/\/infoecos.com.ar\/index.php\/la-escuela-rural-de-fortin-deheza-un-abandono-que-no-se-deberia-permitir\/#breadcrumb\",\"itemListElement\":[{\"@type\":\"ListItem\",\"position\":1,\"name\":\"Portada\",\"item\":\"https:\/\/infoecos.com.ar\/\"},{\"@type\":\"ListItem\",\"position\":2,\"name\":\"La Escuela Rural de Fort\u00edn Deheza: un abandono que no se deber\u00eda permitir\"}]},{\"@type\":\"WebSite\",\"@id\":\"https:\/\/infoecos.com.ar\/#website\",\"url\":\"https:\/\/infoecos.com.ar\/\",\"name\":\"Infoecos\",\"description\":\"Noticias de trenque lauquen y la zona\",\"publisher\":{\"@id\":\"https:\/\/infoecos.com.ar\/#organization\"},\"alternateName\":\"Noticias\",\"potentialAction\":[{\"@type\":\"SearchAction\",\"target\":{\"@type\":\"EntryPoint\",\"urlTemplate\":\"https:\/\/infoecos.com.ar\/?s={search_term_string}\"},\"query-input\":{\"@type\":\"PropertyValueSpecification\",\"valueRequired\":true,\"valueName\":\"search_term_string\"}}],\"inLanguage\":\"es\"},{\"@type\":\"Organization\",\"@id\":\"https:\/\/infoecos.com.ar\/#organization\",\"name\":\"Infoecos\",\"alternateName\":\"Noticias\",\"url\":\"https:\/\/infoecos.com.ar\/\",\"logo\":{\"@type\":\"ImageObject\",\"inLanguage\":\"es\",\"@id\":\"https:\/\/infoecos.com.ar\/#\/schema\/logo\/image\/\",\"url\":\"https:\/\/infoecos.com.ar\/wp-content\/uploads\/2024\/03\/cropped-logo.png\",\"contentUrl\":\"https:\/\/infoecos.com.ar\/wp-content\/uploads\/2024\/03\/cropped-logo.png\",\"width\":374,\"height\":90,\"caption\":\"Infoecos\"},\"image\":{\"@id\":\"https:\/\/infoecos.com.ar\/#\/schema\/logo\/image\/\"},\"sameAs\":[\"https:\/\/www.facebook.com\/profile.php?id=100063200290284\",\"https:\/\/x.com\/infoecos\"]},{\"@type\":\"Person\",\"@id\":\"https:\/\/infoecos.com.ar\/#\/schema\/person\/8f5ace5ce73b4b4aac4b7245aee6f191\",\"name\":\"Jorge Matheus\",\"url\":\"https:\/\/infoecos.com.ar\/index.php\/author\/jomatheus\/\"}]}<\/script>\n<!-- \/ Yoast SEO plugin. -->","yoast_head_json":{"title":"La Escuela Rural de Fort\u00edn Deheza: un abandono que no se deber\u00eda permitir - Infoecos","robots":{"index":"index","follow":"follow","max-snippet":"max-snippet:-1","max-image-preview":"max-image-preview:large","max-video-preview":"max-video-preview:-1"},"canonical":"https:\/\/infoecos.com.ar\/index.php\/la-escuela-rural-de-fortin-deheza-un-abandono-que-no-se-deberia-permitir\/","og_locale":"es_ES","og_type":"article","og_title":"La Escuela Rural de Fort\u00edn Deheza: un abandono que no se deber\u00eda permitir - Infoecos","og_description":"Un lector del sitio y cuentas de Infoecos nos env\u00edo el material publicado en la red mencionada","og_url":"https:\/\/infoecos.com.ar\/index.php\/la-escuela-rural-de-fortin-deheza-un-abandono-que-no-se-deberia-permitir\/","og_site_name":"Infoecos","article_publisher":"https:\/\/www.facebook.com\/profile.php?id=100063200290284","article_published_time":"2025-01-28T18:06:26+00:00","article_modified_time":"2025-02-14T05:18:35+00:00","og_image":[{"width":1067,"height":594,"url":"https:\/\/infoecos.com.ar\/wp-content\/uploads\/2025\/01\/image-418.png","type":"image\/png"}],"author":"Jorge Matheus","twitter_card":"summary_large_image","twitter_creator":"@infoecos","twitter_site":"@infoecos","twitter_misc":{"Escrito por":"Jorge Matheus","Tiempo de lectura":"2 minutos"},"schema":{"@context":"https:\/\/schema.org","@graph":[{"@type":"Article","@id":"https:\/\/infoecos.com.ar\/index.php\/la-escuela-rural-de-fortin-deheza-un-abandono-que-no-se-deberia-permitir\/#article","isPartOf":{"@id":"https:\/\/infoecos.com.ar\/index.php\/la-escuela-rural-de-fortin-deheza-un-abandono-que-no-se-deberia-permitir\/"},"author":{"name":"Jorge Matheus","@id":"https:\/\/infoecos.com.ar\/#\/schema\/person\/8f5ace5ce73b4b4aac4b7245aee6f191"},"headline":"La Escuela Rural de Fort\u00edn Deheza: un abandono que no se deber\u00eda permitir","datePublished":"2025-01-28T18:06:26+00:00","dateModified":"2025-02-14T05:18:35+00:00","mainEntityOfPage":{"@id":"https:\/\/infoecos.com.ar\/index.php\/la-escuela-rural-de-fortin-deheza-un-abandono-que-no-se-deberia-permitir\/"},"wordCount":308,"publisher":{"@id":"https:\/\/infoecos.com.ar\/#organization"},"image":{"@id":"https:\/\/infoecos.com.ar\/index.php\/la-escuela-rural-de-fortin-deheza-un-abandono-que-no-se-deberia-permitir\/#primaryimage"},"thumbnailUrl":"https:\/\/infoecos.com.ar\/wp-content\/uploads\/2025\/01\/image-418.png","keywords":["Bloque inferior"],"inLanguage":"es"},{"@type":"WebPage","@id":"https:\/\/infoecos.com.ar\/index.php\/la-escuela-rural-de-fortin-deheza-un-abandono-que-no-se-deberia-permitir\/","url":"https:\/\/infoecos.com.ar\/index.php\/la-escuela-rural-de-fortin-deheza-un-abandono-que-no-se-deberia-permitir\/","name":"La Escuela Rural de Fort\u00edn Deheza: un abandono que no se deber\u00eda permitir - Infoecos","isPartOf":{"@id":"https:\/\/infoecos.com.ar\/#website"},"primaryImageOfPage":{"@id":"https:\/\/infoecos.com.ar\/index.php\/la-escuela-rural-de-fortin-deheza-un-abandono-que-no-se-deberia-permitir\/#primaryimage"},"image":{"@id":"https:\/\/infoecos.com.ar\/index.php\/la-escuela-rural-de-fortin-deheza-un-abandono-que-no-se-deberia-permitir\/#primaryimage"},"thumbnailUrl":"https:\/\/infoecos.com.ar\/wp-content\/uploads\/2025\/01\/image-418.png","datePublished":"2025-01-28T18:06:26+00:00","dateModified":"2025-02-14T05:18:35+00:00","breadcrumb":{"@id":"https:\/\/infoecos.com.ar\/index.php\/la-escuela-rural-de-fortin-deheza-un-abandono-que-no-se-deberia-permitir\/#breadcrumb"},"inLanguage":"es","potentialAction":[{"@type":"ReadAction","target":["https:\/\/infoecos.com.ar\/index.php\/la-escuela-rural-de-fortin-deheza-un-abandono-que-no-se-deberia-permitir\/"]}]},{"@type":"ImageObject","inLanguage":"es","@id":"https:\/\/infoecos.com.ar\/index.php\/la-escuela-rural-de-fortin-deheza-un-abandono-que-no-se-deberia-permitir\/#primaryimage","url":"https:\/\/infoecos.com.ar\/wp-content\/uploads\/2025\/01\/image-418.png","contentUrl":"https:\/\/infoecos.com.ar\/wp-content\/uploads\/2025\/01\/image-418.png","width":1067,"height":594},{"@type":"BreadcrumbList","@id":"https:\/\/infoecos.com.ar\/index.php\/la-escuela-rural-de-fortin-deheza-un-abandono-que-no-se-deberia-permitir\/#breadcrumb","itemListElement":[{"@type":"ListItem","position":1,"name":"Portada","item":"https:\/\/infoecos.com.ar\/"},{"@type":"ListItem","position":2,"name":"La Escuela Rural de Fort\u00edn Deheza: un abandono que no se deber\u00eda permitir"}]},{"@type":"WebSite","@id":"https:\/\/infoecos.com.ar\/#website","url":"https:\/\/infoecos.com.ar\/","name":"Infoecos","description":"Noticias de trenque lauquen y la zona","publisher":{"@id":"https:\/\/infoecos.com.ar\/#organization"},"alternateName":"Noticias","potentialAction":[{"@type":"SearchAction","target":{"@type":"EntryPoint","urlTemplate":"https:\/\/infoecos.com.ar\/?s={search_term_string}"},"query-input":{"@type":"PropertyValueSpecification","valueRequired":true,"valueName":"search_term_string"}}],"inLanguage":"es"},{"@type":"Organization","@id":"https:\/\/infoecos.com.ar\/#organization","name":"Infoecos","alternateName":"Noticias","url":"https:\/\/infoecos.com.ar\/","logo":{"@type":"ImageObject","inLanguage":"es","@id":"https:\/\/infoecos.com.ar\/#\/schema\/logo\/image\/","url":"https:\/\/infoecos.com.ar\/wp-content\/uploads\/2024\/03\/cropped-logo.png","contentUrl":"https:\/\/infoecos.com.ar\/wp-content\/uploads\/2024\/03\/cropped-logo.png","width":374,"height":90,"caption":"Infoecos"},"image":{"@id":"https:\/\/infoecos.com.ar\/#\/schema\/logo\/image\/"},"sameAs":["https:\/\/www.facebook.com\/profile.php?id=100063200290284","https:\/\/x.com\/infoecos"]},{"@type":"Person","@id":"https:\/\/infoecos.com.ar\/#\/schema\/person\/8f5ace5ce73b4b4aac4b7245aee6f191","name":"Jorge Matheus","url":"https:\/\/infoecos.com.ar\/index.php\/author\/jomatheus\/"}]}},"featured_image_urls":{"full":["https:\/\/infoecos.com.ar\/wp-content\/uploads\/2025\/01\/image-418.png",1067,594,false],"thumbnail":["https:\/\/infoecos.com.ar\/wp-content\/uploads\/2025\/01\/image-418-300x150.png",300,150,true],"medium":["https:\/\/infoecos.com.ar\/wp-content\/uploads\/2025\/01\/image-418-800x445.png",800,445,true],"medium_large":["https:\/\/infoecos.com.ar\/wp-content\/uploads\/2025\/01\/image-418-768x428.png",640,357,true],"large":["https:\/\/infoecos.com.ar\/wp-content\/uploads\/2025\/01\/image-418.png",640,356,false],"1536x1536":["https:\/\/infoecos.com.ar\/wp-content\/uploads\/2025\/01\/image-418.png",1067,594,false],"2048x2048":["https:\/\/infoecos.com.ar\/wp-content\/uploads\/2025\/01\/image-418.png",1067,594,false],"covernews-slider-full":["https:\/\/infoecos.com.ar\/wp-content\/uploads\/2025\/01\/image-418.png",1067,594,false],"covernews-slider-center":["https:\/\/infoecos.com.ar\/wp-content\/uploads\/2025\/01\/image-418-800x500.png",800,500,true],"covernews-featured":["https:\/\/infoecos.com.ar\/wp-content\/uploads\/2025\/01\/image-418-1024x570.png",1024,570,true],"covernews-medium":["https:\/\/infoecos.com.ar\/wp-content\/uploads\/2025\/01\/image-418-540x340.png",540,340,true],"covernews-medium-square":["https:\/\/infoecos.com.ar\/wp-content\/uploads\/2025\/01\/image-418-400x250.png",400,250,true]},"author_info":{"info":["Jorge Matheus"]},"category_info":"<a href=\"https:\/\/infoecos.com.ar\/index.php\/category\/sin-categoria\/\" rel=\"category tag\">Sin categor\u00eda<\/a>","tag_info":"Sin categor\u00eda","comment_count":"0","_links":{"self":[{"href":"https:\/\/infoecos.com.ar\/index.php\/wp-json\/wp\/v2\/posts\/136675"}],"collection":[{"href":"https:\/\/infoecos.com.ar\/index.php\/wp-json\/wp\/v2\/posts"}],"about":[{"href":"https:\/\/infoecos.com.ar\/index.php\/wp-json\/wp\/v2\/types\/post"}],"author":[{"embeddable":true,"href":"https:\/\/infoecos.com.ar\/index.php\/wp-json\/wp\/v2\/users\/2"}],"replies":[{"embeddable":true,"href":"https:\/\/infoecos.com.ar\/index.php\/wp-json\/wp\/v2\/comments?post=136675"}],"version-history":[{"count":1,"href":"https:\/\/infoecos.com.ar\/index.php\/wp-json\/wp\/v2\/posts\/136675\/revisions"}],"predecessor-version":[{"id":136677,"href":"https:\/\/infoecos.com.ar\/index.php\/wp-json\/wp\/v2\/posts\/136675\/revisions\/136677"}],"wp:featuredmedia":[{"embeddable":true,"href":"https:\/\/infoecos.com.ar\/index.php\/wp-json\/wp\/v2\/media\/136676"}],"wp:attachment":[{"href":"https:\/\/infoecos.com.ar\/index.php\/wp-json\/wp\/v2\/media?parent=136675"}],"wp:term":[{"taxonomy":"category","embeddable":true,"href":"https:\/\/infoecos.com.ar\/index.php\/wp-json\/wp\/v2\/categories?post=136675"},{"taxonomy":"post_tag","embeddable":true,"href":"https:\/\/infoecos.com.ar\/index.php\/wp-json\/wp\/v2\/tags?post=136675"}],"curies":[{"name":"wp","href":"https:\/\/api.w.org\/{rel}","templated":true}]}}