{"id":141671,"date":"2025-05-26T18:08:10","date_gmt":"2025-05-26T21:08:10","guid":{"rendered":"https:\/\/infoecos.com.ar\/?p=141671"},"modified":"2025-06-01T20:11:12","modified_gmt":"2025-06-01T23:11:12","slug":"el-intendente-de-trenque-lauquen-se-reunio-con-los-ruralistas-e-impuso-de-las-politicas-hidricas-en-la-region","status":"publish","type":"post","link":"https:\/\/infoecos.com.ar\/index.php\/el-intendente-de-trenque-lauquen-se-reunio-con-los-ruralistas-e-impuso-de-las-politicas-hidricas-en-la-region\/","title":{"rendered":"El intendente de Trenque Lauquen se reuni\u00f3 con los ruralistas e impuso de las pol\u00edticas h\u00eddricas en la regi\u00f3n"},"content":{"rendered":"\n<p>Se concret\u00f3 la primera reuni\u00f3n formal del equipo de gobierno municipal de Trenque Lauquen y las nuevas autoridades de la Sociedad Rural.  <\/p>\n\n\n\n<figure class=\"wp-block-gallery has-nested-images columns-default is-cropped wp-block-gallery-1 is-layout-flex wp-block-gallery-is-layout-flex\">\n<figure class=\"wp-block-image size-large\"><img loading=\"lazy\" decoding=\"async\" width=\"1600\" height=\"1158\" data-id=\"141673\" src=\"https:\/\/infoecos.com.ar\/wp-content\/uploads\/2025\/05\/Reunion-con-la-Rural-1.jpeg\" alt=\"\" class=\"wp-image-141673\" srcset=\"https:\/\/infoecos.com.ar\/wp-content\/uploads\/2025\/05\/Reunion-con-la-Rural-1.jpeg 1600w, https:\/\/infoecos.com.ar\/wp-content\/uploads\/2025\/05\/Reunion-con-la-Rural-1-800x579.jpeg 800w, https:\/\/infoecos.com.ar\/wp-content\/uploads\/2025\/05\/Reunion-con-la-Rural-1-768x556.jpeg 768w, https:\/\/infoecos.com.ar\/wp-content\/uploads\/2025\/05\/Reunion-con-la-Rural-1-1536x1112.jpeg 1536w, https:\/\/infoecos.com.ar\/wp-content\/uploads\/2025\/05\/Reunion-con-la-Rural-1-1024x741.jpeg 1024w\" sizes=\"(max-width: 1600px) 100vw, 1600px\" \/><\/figure>\n\n\n\n<figure class=\"wp-block-image size-large\"><img loading=\"lazy\" decoding=\"async\" width=\"1600\" height=\"1200\" data-id=\"141674\" src=\"https:\/\/infoecos.com.ar\/wp-content\/uploads\/2025\/05\/Reunion-con-la-Rural-2.jpeg\" alt=\"\" class=\"wp-image-141674\" srcset=\"https:\/\/infoecos.com.ar\/wp-content\/uploads\/2025\/05\/Reunion-con-la-Rural-2.jpeg 1600w, https:\/\/infoecos.com.ar\/wp-content\/uploads\/2025\/05\/Reunion-con-la-Rural-2-800x600.jpeg 800w, https:\/\/infoecos.com.ar\/wp-content\/uploads\/2025\/05\/Reunion-con-la-Rural-2-768x576.jpeg 768w, https:\/\/infoecos.com.ar\/wp-content\/uploads\/2025\/05\/Reunion-con-la-Rural-2-1536x1152.jpeg 1536w, https:\/\/infoecos.com.ar\/wp-content\/uploads\/2025\/05\/Reunion-con-la-Rural-2-1024x768.jpeg 1024w\" sizes=\"(max-width: 1600px) 100vw, 1600px\" \/><\/figure>\n\n\n\n<figure class=\"wp-block-image size-large\"><img loading=\"lazy\" decoding=\"async\" width=\"1600\" height=\"1200\" data-id=\"141675\" src=\"https:\/\/infoecos.com.ar\/wp-content\/uploads\/2025\/05\/Reunion-con-la-Rural-3-1.jpeg\" alt=\"\" class=\"wp-image-141675\" srcset=\"https:\/\/infoecos.com.ar\/wp-content\/uploads\/2025\/05\/Reunion-con-la-Rural-3-1.jpeg 1600w, https:\/\/infoecos.com.ar\/wp-content\/uploads\/2025\/05\/Reunion-con-la-Rural-3-1-800x600.jpeg 800w, https:\/\/infoecos.com.ar\/wp-content\/uploads\/2025\/05\/Reunion-con-la-Rural-3-1-768x576.jpeg 768w, https:\/\/infoecos.com.ar\/wp-content\/uploads\/2025\/05\/Reunion-con-la-Rural-3-1-1536x1152.jpeg 1536w, https:\/\/infoecos.com.ar\/wp-content\/uploads\/2025\/05\/Reunion-con-la-Rural-3-1-1024x768.jpeg 1024w\" sizes=\"(max-width: 1600px) 100vw, 1600px\" \/><\/figure>\n<\/figure>\n\n\n\n<p>Abordaron, fundamentalmente, la cuesti\u00f3n h\u00eddrica en el distrito, donde ya llovieron 721 mil\u00edmetros en lo que va del a\u00f1o, n\u00famero cercano a la media anual. El intendente Francisco Recoulat inform\u00f3 los avances de los trabajos que se vienen llevando adelante en la Mesa T\u00e9cnica del Comit\u00e9 de Cuenca Sub regi\u00f3n A4 del R\u00edo Salado.<\/p>\n\n\n\n<p>Recoulat, adem\u00e1s, curs\u00f3 una invitaci\u00f3n a los integrantes de la Comisi\u00f3n Directiva de la Sociedad Rural para participar el pr\u00f3ximo martes 3 de junio de un taller participativo convocado por la subsecretar\u00eda de Recursos H\u00eddricos bonaerense donde estar\u00e1 presente el director provincial de Hidr\u00e1ulica Flavio Seiano. En el encuentro, que ser\u00e1 en modalidad virtual, se tratar\u00e1 la tem\u00e1tica sobre humedales del r\u00edo Salado: diagn\u00f3stico ambiental y espacio de di\u00e1logo para la gesti\u00f3n sostenible de la cuenca.<\/p>\n\n\n\n<figure class=\"wp-block-gallery has-nested-images columns-default is-cropped wp-block-gallery-2 is-layout-flex wp-block-gallery-is-layout-flex\">\n<figure class=\"wp-block-image size-large\"><img loading=\"lazy\" decoding=\"async\" width=\"1600\" height=\"720\" data-id=\"141676\" src=\"https:\/\/infoecos.com.ar\/wp-content\/uploads\/2025\/05\/Reunion-con-la-Rural-4.jpeg\" alt=\"\" class=\"wp-image-141676\" srcset=\"https:\/\/infoecos.com.ar\/wp-content\/uploads\/2025\/05\/Reunion-con-la-Rural-4.jpeg 1600w, https:\/\/infoecos.com.ar\/wp-content\/uploads\/2025\/05\/Reunion-con-la-Rural-4-800x360.jpeg 800w, https:\/\/infoecos.com.ar\/wp-content\/uploads\/2025\/05\/Reunion-con-la-Rural-4-768x346.jpeg 768w, https:\/\/infoecos.com.ar\/wp-content\/uploads\/2025\/05\/Reunion-con-la-Rural-4-1536x691.jpeg 1536w, https:\/\/infoecos.com.ar\/wp-content\/uploads\/2025\/05\/Reunion-con-la-Rural-4-1024x461.jpeg 1024w\" sizes=\"(max-width: 1600px) 100vw, 1600px\" \/><\/figure>\n\n\n\n<figure class=\"wp-block-image size-large\"><img loading=\"lazy\" decoding=\"async\" width=\"1600\" height=\"1200\" data-id=\"141677\" src=\"https:\/\/infoecos.com.ar\/wp-content\/uploads\/2025\/05\/Reunion-con-la-Rural-5.jpeg\" alt=\"\" class=\"wp-image-141677\" srcset=\"https:\/\/infoecos.com.ar\/wp-content\/uploads\/2025\/05\/Reunion-con-la-Rural-5.jpeg 1600w, https:\/\/infoecos.com.ar\/wp-content\/uploads\/2025\/05\/Reunion-con-la-Rural-5-800x600.jpeg 800w, https:\/\/infoecos.com.ar\/wp-content\/uploads\/2025\/05\/Reunion-con-la-Rural-5-768x576.jpeg 768w, https:\/\/infoecos.com.ar\/wp-content\/uploads\/2025\/05\/Reunion-con-la-Rural-5-1536x1152.jpeg 1536w, https:\/\/infoecos.com.ar\/wp-content\/uploads\/2025\/05\/Reunion-con-la-Rural-5-1024x768.jpeg 1024w\" sizes=\"(max-width: 1600px) 100vw, 1600px\" \/><\/figure>\n<\/figure>\n\n\n\n<p>El intendente, en el mismo sentido inform\u00f3 que participar\u00e1 el pr\u00f3ximo jueves 29 en la ciudad de Bragado de la reuni\u00f3n del Comit\u00e9 de la sub regi\u00f3n A3 de la Cuenca h\u00eddrica del R\u00edo Salado.<\/p>\n\n\n\n<p>Tambi\u00e9n se acord\u00f3 convocar a una reuni\u00f3n del Comit\u00e9 de Cuenca local para la primera semana del mes de junio.<\/p>\n\n\n\n<figure class=\"wp-block-gallery has-nested-images columns-default is-cropped wp-block-gallery-3 is-layout-flex wp-block-gallery-is-layout-flex\">\n<figure class=\"wp-block-image size-large\"><img loading=\"lazy\" decoding=\"async\" width=\"898\" height=\"1600\" data-id=\"141678\" src=\"https:\/\/infoecos.com.ar\/wp-content\/uploads\/2025\/05\/mayo_2025_peugeot_lens-01-1-898x1600.jpg\" alt=\"\" class=\"wp-image-141678\" srcset=\"https:\/\/infoecos.com.ar\/wp-content\/uploads\/2025\/05\/mayo_2025_peugeot_lens-01-1-898x1600.jpg 898w, https:\/\/infoecos.com.ar\/wp-content\/uploads\/2025\/05\/mayo_2025_peugeot_lens-01-1-449x800.jpg 449w, https:\/\/infoecos.com.ar\/wp-content\/uploads\/2025\/05\/mayo_2025_peugeot_lens-01-1-768x1368.jpg 768w, https:\/\/infoecos.com.ar\/wp-content\/uploads\/2025\/05\/mayo_2025_peugeot_lens-01-1-862x1536.jpg 862w, https:\/\/infoecos.com.ar\/wp-content\/uploads\/2025\/05\/mayo_2025_peugeot_lens-01-1-1150x2048.jpg 1150w, https:\/\/infoecos.com.ar\/wp-content\/uploads\/2025\/05\/mayo_2025_peugeot_lens-01-1-1024x1824.jpg 1024w, https:\/\/infoecos.com.ar\/wp-content\/uploads\/2025\/05\/mayo_2025_peugeot_lens-01-1-scaled.jpg 1437w\" sizes=\"(max-width: 898px) 100vw, 898px\" \/><\/figure>\n<\/figure>\n","protected":false},"excerpt":{"rendered":"<p>Abordaron, fundamentalmente, la cuesti\u00f3n h\u00eddrica en el distrito, donde ya llovieron 721 mil\u00edmetros en lo que va del a\u00f1o, n\u00famero cercano a la media anual<\/p>\n","protected":false},"author":2,"featured_media":141673,"comment_status":"closed","ping_status":"open","sticky":false,"template":"","format":"standard","meta":{"footnotes":""},"categories":[1],"tags":[10298],"class_list":["post-141671","post","type-post","status-publish","format-standard","has-post-thumbnail","hentry","category-sin-categoria","tag-bloque-inferior"],"yoast_head":"<!-- This site is optimized with the Yoast SEO plugin v23.4 - https:\/\/yoast.com\/wordpress\/plugins\/seo\/ -->\n<title>El intendente de Trenque Lauquen se reuni\u00f3 con los ruralistas e impuso de las pol\u00edticas h\u00eddricas en la regi\u00f3n - Infoecos<\/title>\n<meta name=\"robots\" content=\"index, follow, max-snippet:-1, max-image-preview:large, max-video-preview:-1\" \/>\n<link rel=\"canonical\" href=\"https:\/\/infoecos.com.ar\/index.php\/el-intendente-de-trenque-lauquen-se-reunio-con-los-ruralistas-e-impuso-de-las-politicas-hidricas-en-la-region\/\" \/>\n<meta property=\"og:locale\" content=\"es_ES\" \/>\n<meta property=\"og:type\" content=\"article\" \/>\n<meta property=\"og:title\" content=\"El intendente de Trenque Lauquen se reuni\u00f3 con los ruralistas e impuso de las pol\u00edticas h\u00eddricas en la regi\u00f3n - Infoecos\" \/>\n<meta property=\"og:description\" content=\"Abordaron, fundamentalmente, la cuesti\u00f3n h\u00eddrica en el distrito, donde ya llovieron 721 mil\u00edmetros en lo que va del a\u00f1o, n\u00famero cercano a la media anual\" \/>\n<meta property=\"og:url\" content=\"https:\/\/infoecos.com.ar\/index.php\/el-intendente-de-trenque-lauquen-se-reunio-con-los-ruralistas-e-impuso-de-las-politicas-hidricas-en-la-region\/\" \/>\n<meta property=\"og:site_name\" content=\"Infoecos\" \/>\n<meta property=\"article:publisher\" content=\"https:\/\/www.facebook.com\/profile.php?id=100063200290284\" \/>\n<meta property=\"article:published_time\" content=\"2025-05-26T21:08:10+00:00\" \/>\n<meta property=\"article:modified_time\" content=\"2025-06-01T23:11:12+00:00\" \/>\n<meta property=\"og:image\" content=\"https:\/\/infoecos.com.ar\/wp-content\/uploads\/2025\/05\/Reunion-con-la-Rural-1.jpeg\" \/>\n\t<meta property=\"og:image:width\" content=\"1600\" \/>\n\t<meta property=\"og:image:height\" content=\"1158\" \/>\n\t<meta property=\"og:image:type\" content=\"image\/jpeg\" \/>\n<meta name=\"author\" content=\"Jorge Matheus\" \/>\n<meta name=\"twitter:card\" content=\"summary_large_image\" \/>\n<meta name=\"twitter:creator\" content=\"@infoecos\" \/>\n<meta name=\"twitter:site\" content=\"@infoecos\" \/>\n<meta name=\"twitter:label1\" content=\"Escrito por\" \/>\n\t<meta name=\"twitter:data1\" content=\"Jorge Matheus\" \/>\n\t<meta name=\"twitter:label2\" content=\"Tiempo de lectura\" \/>\n\t<meta name=\"twitter:data2\" content=\"3 minutos\" \/>\n<script type=\"application\/ld+json\" class=\"yoast-schema-graph\">{\"@context\":\"https:\/\/schema.org\",\"@graph\":[{\"@type\":\"Article\",\"@id\":\"https:\/\/infoecos.com.ar\/index.php\/el-intendente-de-trenque-lauquen-se-reunio-con-los-ruralistas-e-impuso-de-las-politicas-hidricas-en-la-region\/#article\",\"isPartOf\":{\"@id\":\"https:\/\/infoecos.com.ar\/index.php\/el-intendente-de-trenque-lauquen-se-reunio-con-los-ruralistas-e-impuso-de-las-politicas-hidricas-en-la-region\/\"},\"author\":{\"name\":\"Jorge Matheus\",\"@id\":\"https:\/\/infoecos.com.ar\/#\/schema\/person\/8f5ace5ce73b4b4aac4b7245aee6f191\"},\"headline\":\"El intendente de Trenque Lauquen se reuni\u00f3 con los ruralistas e impuso de las pol\u00edticas h\u00eddricas en la regi\u00f3n\",\"datePublished\":\"2025-05-26T21:08:10+00:00\",\"dateModified\":\"2025-06-01T23:11:12+00:00\",\"mainEntityOfPage\":{\"@id\":\"https:\/\/infoecos.com.ar\/index.php\/el-intendente-de-trenque-lauquen-se-reunio-con-los-ruralistas-e-impuso-de-las-politicas-hidricas-en-la-region\/\"},\"wordCount\":254,\"publisher\":{\"@id\":\"https:\/\/infoecos.com.ar\/#organization\"},\"image\":{\"@id\":\"https:\/\/infoecos.com.ar\/index.php\/el-intendente-de-trenque-lauquen-se-reunio-con-los-ruralistas-e-impuso-de-las-politicas-hidricas-en-la-region\/#primaryimage\"},\"thumbnailUrl\":\"https:\/\/infoecos.com.ar\/wp-content\/uploads\/2025\/05\/Reunion-con-la-Rural-1.jpeg\",\"keywords\":[\"Bloque inferior\"],\"inLanguage\":\"es\"},{\"@type\":\"WebPage\",\"@id\":\"https:\/\/infoecos.com.ar\/index.php\/el-intendente-de-trenque-lauquen-se-reunio-con-los-ruralistas-e-impuso-de-las-politicas-hidricas-en-la-region\/\",\"url\":\"https:\/\/infoecos.com.ar\/index.php\/el-intendente-de-trenque-lauquen-se-reunio-con-los-ruralistas-e-impuso-de-las-politicas-hidricas-en-la-region\/\",\"name\":\"El intendente de Trenque Lauquen se reuni\u00f3 con los ruralistas e impuso de las pol\u00edticas h\u00eddricas en la regi\u00f3n - Infoecos\",\"isPartOf\":{\"@id\":\"https:\/\/infoecos.com.ar\/#website\"},\"primaryImageOfPage\":{\"@id\":\"https:\/\/infoecos.com.ar\/index.php\/el-intendente-de-trenque-lauquen-se-reunio-con-los-ruralistas-e-impuso-de-las-politicas-hidricas-en-la-region\/#primaryimage\"},\"image\":{\"@id\":\"https:\/\/infoecos.com.ar\/index.php\/el-intendente-de-trenque-lauquen-se-reunio-con-los-ruralistas-e-impuso-de-las-politicas-hidricas-en-la-region\/#primaryimage\"},\"thumbnailUrl\":\"https:\/\/infoecos.com.ar\/wp-content\/uploads\/2025\/05\/Reunion-con-la-Rural-1.jpeg\",\"datePublished\":\"2025-05-26T21:08:10+00:00\",\"dateModified\":\"2025-06-01T23:11:12+00:00\",\"breadcrumb\":{\"@id\":\"https:\/\/infoecos.com.ar\/index.php\/el-intendente-de-trenque-lauquen-se-reunio-con-los-ruralistas-e-impuso-de-las-politicas-hidricas-en-la-region\/#breadcrumb\"},\"inLanguage\":\"es\",\"potentialAction\":[{\"@type\":\"ReadAction\",\"target\":[\"https:\/\/infoecos.com.ar\/index.php\/el-intendente-de-trenque-lauquen-se-reunio-con-los-ruralistas-e-impuso-de-las-politicas-hidricas-en-la-region\/\"]}]},{\"@type\":\"ImageObject\",\"inLanguage\":\"es\",\"@id\":\"https:\/\/infoecos.com.ar\/index.php\/el-intendente-de-trenque-lauquen-se-reunio-con-los-ruralistas-e-impuso-de-las-politicas-hidricas-en-la-region\/#primaryimage\",\"url\":\"https:\/\/infoecos.com.ar\/wp-content\/uploads\/2025\/05\/Reunion-con-la-Rural-1.jpeg\",\"contentUrl\":\"https:\/\/infoecos.com.ar\/wp-content\/uploads\/2025\/05\/Reunion-con-la-Rural-1.jpeg\",\"width\":1600,\"height\":1158},{\"@type\":\"BreadcrumbList\",\"@id\":\"https:\/\/infoecos.com.ar\/index.php\/el-intendente-de-trenque-lauquen-se-reunio-con-los-ruralistas-e-impuso-de-las-politicas-hidricas-en-la-region\/#breadcrumb\",\"itemListElement\":[{\"@type\":\"ListItem\",\"position\":1,\"name\":\"Portada\",\"item\":\"https:\/\/infoecos.com.ar\/\"},{\"@type\":\"ListItem\",\"position\":2,\"name\":\"El intendente de Trenque Lauquen se reuni\u00f3 con los ruralistas e impuso de las pol\u00edticas h\u00eddricas en la regi\u00f3n\"}]},{\"@type\":\"WebSite\",\"@id\":\"https:\/\/infoecos.com.ar\/#website\",\"url\":\"https:\/\/infoecos.com.ar\/\",\"name\":\"Infoecos\",\"description\":\"Noticias de trenque lauquen y la zona\",\"publisher\":{\"@id\":\"https:\/\/infoecos.com.ar\/#organization\"},\"alternateName\":\"Noticias\",\"potentialAction\":[{\"@type\":\"SearchAction\",\"target\":{\"@type\":\"EntryPoint\",\"urlTemplate\":\"https:\/\/infoecos.com.ar\/?s={search_term_string}\"},\"query-input\":{\"@type\":\"PropertyValueSpecification\",\"valueRequired\":true,\"valueName\":\"search_term_string\"}}],\"inLanguage\":\"es\"},{\"@type\":\"Organization\",\"@id\":\"https:\/\/infoecos.com.ar\/#organization\",\"name\":\"Infoecos\",\"alternateName\":\"Noticias\",\"url\":\"https:\/\/infoecos.com.ar\/\",\"logo\":{\"@type\":\"ImageObject\",\"inLanguage\":\"es\",\"@id\":\"https:\/\/infoecos.com.ar\/#\/schema\/logo\/image\/\",\"url\":\"https:\/\/infoecos.com.ar\/wp-content\/uploads\/2024\/03\/cropped-logo.png\",\"contentUrl\":\"https:\/\/infoecos.com.ar\/wp-content\/uploads\/2024\/03\/cropped-logo.png\",\"width\":374,\"height\":90,\"caption\":\"Infoecos\"},\"image\":{\"@id\":\"https:\/\/infoecos.com.ar\/#\/schema\/logo\/image\/\"},\"sameAs\":[\"https:\/\/www.facebook.com\/profile.php?id=100063200290284\",\"https:\/\/x.com\/infoecos\"]},{\"@type\":\"Person\",\"@id\":\"https:\/\/infoecos.com.ar\/#\/schema\/person\/8f5ace5ce73b4b4aac4b7245aee6f191\",\"name\":\"Jorge Matheus\",\"url\":\"https:\/\/infoecos.com.ar\/index.php\/author\/jomatheus\/\"}]}<\/script>\n<!-- \/ Yoast SEO plugin. -->","yoast_head_json":{"title":"El intendente de Trenque Lauquen se reuni\u00f3 con los ruralistas e impuso de las pol\u00edticas h\u00eddricas en la regi\u00f3n - Infoecos","robots":{"index":"index","follow":"follow","max-snippet":"max-snippet:-1","max-image-preview":"max-image-preview:large","max-video-preview":"max-video-preview:-1"},"canonical":"https:\/\/infoecos.com.ar\/index.php\/el-intendente-de-trenque-lauquen-se-reunio-con-los-ruralistas-e-impuso-de-las-politicas-hidricas-en-la-region\/","og_locale":"es_ES","og_type":"article","og_title":"El intendente de Trenque Lauquen se reuni\u00f3 con los ruralistas e impuso de las pol\u00edticas h\u00eddricas en la regi\u00f3n - Infoecos","og_description":"Abordaron, fundamentalmente, la cuesti\u00f3n h\u00eddrica en el distrito, donde ya llovieron 721 mil\u00edmetros en lo que va del a\u00f1o, n\u00famero cercano a la media anual","og_url":"https:\/\/infoecos.com.ar\/index.php\/el-intendente-de-trenque-lauquen-se-reunio-con-los-ruralistas-e-impuso-de-las-politicas-hidricas-en-la-region\/","og_site_name":"Infoecos","article_publisher":"https:\/\/www.facebook.com\/profile.php?id=100063200290284","article_published_time":"2025-05-26T21:08:10+00:00","article_modified_time":"2025-06-01T23:11:12+00:00","og_image":[{"width":1600,"height":1158,"url":"https:\/\/infoecos.com.ar\/wp-content\/uploads\/2025\/05\/Reunion-con-la-Rural-1.jpeg","type":"image\/jpeg"}],"author":"Jorge Matheus","twitter_card":"summary_large_image","twitter_creator":"@infoecos","twitter_site":"@infoecos","twitter_misc":{"Escrito por":"Jorge Matheus","Tiempo de lectura":"3 minutos"},"schema":{"@context":"https:\/\/schema.org","@graph":[{"@type":"Article","@id":"https:\/\/infoecos.com.ar\/index.php\/el-intendente-de-trenque-lauquen-se-reunio-con-los-ruralistas-e-impuso-de-las-politicas-hidricas-en-la-region\/#article","isPartOf":{"@id":"https:\/\/infoecos.com.ar\/index.php\/el-intendente-de-trenque-lauquen-se-reunio-con-los-ruralistas-e-impuso-de-las-politicas-hidricas-en-la-region\/"},"author":{"name":"Jorge Matheus","@id":"https:\/\/infoecos.com.ar\/#\/schema\/person\/8f5ace5ce73b4b4aac4b7245aee6f191"},"headline":"El intendente de Trenque Lauquen se reuni\u00f3 con los ruralistas e impuso de las pol\u00edticas h\u00eddricas en la regi\u00f3n","datePublished":"2025-05-26T21:08:10+00:00","dateModified":"2025-06-01T23:11:12+00:00","mainEntityOfPage":{"@id":"https:\/\/infoecos.com.ar\/index.php\/el-intendente-de-trenque-lauquen-se-reunio-con-los-ruralistas-e-impuso-de-las-politicas-hidricas-en-la-region\/"},"wordCount":254,"publisher":{"@id":"https:\/\/infoecos.com.ar\/#organization"},"image":{"@id":"https:\/\/infoecos.com.ar\/index.php\/el-intendente-de-trenque-lauquen-se-reunio-con-los-ruralistas-e-impuso-de-las-politicas-hidricas-en-la-region\/#primaryimage"},"thumbnailUrl":"https:\/\/infoecos.com.ar\/wp-content\/uploads\/2025\/05\/Reunion-con-la-Rural-1.jpeg","keywords":["Bloque inferior"],"inLanguage":"es"},{"@type":"WebPage","@id":"https:\/\/infoecos.com.ar\/index.php\/el-intendente-de-trenque-lauquen-se-reunio-con-los-ruralistas-e-impuso-de-las-politicas-hidricas-en-la-region\/","url":"https:\/\/infoecos.com.ar\/index.php\/el-intendente-de-trenque-lauquen-se-reunio-con-los-ruralistas-e-impuso-de-las-politicas-hidricas-en-la-region\/","name":"El intendente de Trenque Lauquen se reuni\u00f3 con los ruralistas e impuso de las pol\u00edticas h\u00eddricas en la regi\u00f3n - Infoecos","isPartOf":{"@id":"https:\/\/infoecos.com.ar\/#website"},"primaryImageOfPage":{"@id":"https:\/\/infoecos.com.ar\/index.php\/el-intendente-de-trenque-lauquen-se-reunio-con-los-ruralistas-e-impuso-de-las-politicas-hidricas-en-la-region\/#primaryimage"},"image":{"@id":"https:\/\/infoecos.com.ar\/index.php\/el-intendente-de-trenque-lauquen-se-reunio-con-los-ruralistas-e-impuso-de-las-politicas-hidricas-en-la-region\/#primaryimage"},"thumbnailUrl":"https:\/\/infoecos.com.ar\/wp-content\/uploads\/2025\/05\/Reunion-con-la-Rural-1.jpeg","datePublished":"2025-05-26T21:08:10+00:00","dateModified":"2025-06-01T23:11:12+00:00","breadcrumb":{"@id":"https:\/\/infoecos.com.ar\/index.php\/el-intendente-de-trenque-lauquen-se-reunio-con-los-ruralistas-e-impuso-de-las-politicas-hidricas-en-la-region\/#breadcrumb"},"inLanguage":"es","potentialAction":[{"@type":"ReadAction","target":["https:\/\/infoecos.com.ar\/index.php\/el-intendente-de-trenque-lauquen-se-reunio-con-los-ruralistas-e-impuso-de-las-politicas-hidricas-en-la-region\/"]}]},{"@type":"ImageObject","inLanguage":"es","@id":"https:\/\/infoecos.com.ar\/index.php\/el-intendente-de-trenque-lauquen-se-reunio-con-los-ruralistas-e-impuso-de-las-politicas-hidricas-en-la-region\/#primaryimage","url":"https:\/\/infoecos.com.ar\/wp-content\/uploads\/2025\/05\/Reunion-con-la-Rural-1.jpeg","contentUrl":"https:\/\/infoecos.com.ar\/wp-content\/uploads\/2025\/05\/Reunion-con-la-Rural-1.jpeg","width":1600,"height":1158},{"@type":"BreadcrumbList","@id":"https:\/\/infoecos.com.ar\/index.php\/el-intendente-de-trenque-lauquen-se-reunio-con-los-ruralistas-e-impuso-de-las-politicas-hidricas-en-la-region\/#breadcrumb","itemListElement":[{"@type":"ListItem","position":1,"name":"Portada","item":"https:\/\/infoecos.com.ar\/"},{"@type":"ListItem","position":2,"name":"El intendente de Trenque Lauquen se reuni\u00f3 con los ruralistas e impuso de las pol\u00edticas h\u00eddricas en la regi\u00f3n"}]},{"@type":"WebSite","@id":"https:\/\/infoecos.com.ar\/#website","url":"https:\/\/infoecos.com.ar\/","name":"Infoecos","description":"Noticias de trenque lauquen y la zona","publisher":{"@id":"https:\/\/infoecos.com.ar\/#organization"},"alternateName":"Noticias","potentialAction":[{"@type":"SearchAction","target":{"@type":"EntryPoint","urlTemplate":"https:\/\/infoecos.com.ar\/?s={search_term_string}"},"query-input":{"@type":"PropertyValueSpecification","valueRequired":true,"valueName":"search_term_string"}}],"inLanguage":"es"},{"@type":"Organization","@id":"https:\/\/infoecos.com.ar\/#organization","name":"Infoecos","alternateName":"Noticias","url":"https:\/\/infoecos.com.ar\/","logo":{"@type":"ImageObject","inLanguage":"es","@id":"https:\/\/infoecos.com.ar\/#\/schema\/logo\/image\/","url":"https:\/\/infoecos.com.ar\/wp-content\/uploads\/2024\/03\/cropped-logo.png","contentUrl":"https:\/\/infoecos.com.ar\/wp-content\/uploads\/2024\/03\/cropped-logo.png","width":374,"height":90,"caption":"Infoecos"},"image":{"@id":"https:\/\/infoecos.com.ar\/#\/schema\/logo\/image\/"},"sameAs":["https:\/\/www.facebook.com\/profile.php?id=100063200290284","https:\/\/x.com\/infoecos"]},{"@type":"Person","@id":"https:\/\/infoecos.com.ar\/#\/schema\/person\/8f5ace5ce73b4b4aac4b7245aee6f191","name":"Jorge Matheus","url":"https:\/\/infoecos.com.ar\/index.php\/author\/jomatheus\/"}]}},"featured_image_urls":{"full":["https:\/\/infoecos.com.ar\/wp-content\/uploads\/2025\/05\/Reunion-con-la-Rural-1.jpeg",1600,1158,false],"thumbnail":["https:\/\/infoecos.com.ar\/wp-content\/uploads\/2025\/05\/Reunion-con-la-Rural-1-300x150.jpeg",300,150,true],"medium":["https:\/\/infoecos.com.ar\/wp-content\/uploads\/2025\/05\/Reunion-con-la-Rural-1-800x579.jpeg",800,579,true],"medium_large":["https:\/\/infoecos.com.ar\/wp-content\/uploads\/2025\/05\/Reunion-con-la-Rural-1-768x556.jpeg",640,463,true],"large":["https:\/\/infoecos.com.ar\/wp-content\/uploads\/2025\/05\/Reunion-con-la-Rural-1.jpeg",640,463,false],"1536x1536":["https:\/\/infoecos.com.ar\/wp-content\/uploads\/2025\/05\/Reunion-con-la-Rural-1-1536x1112.jpeg",1536,1112,true],"2048x2048":["https:\/\/infoecos.com.ar\/wp-content\/uploads\/2025\/05\/Reunion-con-la-Rural-1.jpeg",1600,1158,false],"covernews-slider-full":["https:\/\/infoecos.com.ar\/wp-content\/uploads\/2025\/05\/Reunion-con-la-Rural-1-1115x715.jpeg",1115,715,true],"covernews-slider-center":["https:\/\/infoecos.com.ar\/wp-content\/uploads\/2025\/05\/Reunion-con-la-Rural-1-800x500.jpeg",800,500,true],"covernews-featured":["https:\/\/infoecos.com.ar\/wp-content\/uploads\/2025\/05\/Reunion-con-la-Rural-1-1024x741.jpeg",1024,741,true],"covernews-medium":["https:\/\/infoecos.com.ar\/wp-content\/uploads\/2025\/05\/Reunion-con-la-Rural-1-540x340.jpeg",540,340,true],"covernews-medium-square":["https:\/\/infoecos.com.ar\/wp-content\/uploads\/2025\/05\/Reunion-con-la-Rural-1-400x250.jpeg",400,250,true]},"author_info":{"info":["Jorge Matheus"]},"category_info":"<a href=\"https:\/\/infoecos.com.ar\/index.php\/category\/sin-categoria\/\" rel=\"category tag\">Sin categor\u00eda<\/a>","tag_info":"Sin categor\u00eda","comment_count":"0","_links":{"self":[{"href":"https:\/\/infoecos.com.ar\/index.php\/wp-json\/wp\/v2\/posts\/141671"}],"collection":[{"href":"https:\/\/infoecos.com.ar\/index.php\/wp-json\/wp\/v2\/posts"}],"about":[{"href":"https:\/\/infoecos.com.ar\/index.php\/wp-json\/wp\/v2\/types\/post"}],"author":[{"embeddable":true,"href":"https:\/\/infoecos.com.ar\/index.php\/wp-json\/wp\/v2\/users\/2"}],"replies":[{"embeddable":true,"href":"https:\/\/infoecos.com.ar\/index.php\/wp-json\/wp\/v2\/comments?post=141671"}],"version-history":[{"count":1,"href":"https:\/\/infoecos.com.ar\/index.php\/wp-json\/wp\/v2\/posts\/141671\/revisions"}],"predecessor-version":[{"id":141679,"href":"https:\/\/infoecos.com.ar\/index.php\/wp-json\/wp\/v2\/posts\/141671\/revisions\/141679"}],"wp:featuredmedia":[{"embeddable":true,"href":"https:\/\/infoecos.com.ar\/index.php\/wp-json\/wp\/v2\/media\/141673"}],"wp:attachment":[{"href":"https:\/\/infoecos.com.ar\/index.php\/wp-json\/wp\/v2\/media?parent=141671"}],"wp:term":[{"taxonomy":"category","embeddable":true,"href":"https:\/\/infoecos.com.ar\/index.php\/wp-json\/wp\/v2\/categories?post=141671"},{"taxonomy":"post_tag","embeddable":true,"href":"https:\/\/infoecos.com.ar\/index.php\/wp-json\/wp\/v2\/tags?post=141671"}],"curies":[{"name":"wp","href":"https:\/\/api.w.org\/{rel}","templated":true}]}}