{"id":141687,"date":"2025-05-26T19:12:07","date_gmt":"2025-05-26T22:12:07","guid":{"rendered":"https:\/\/infoecos.com.ar\/?p=141687"},"modified":"2025-06-01T20:08:53","modified_gmt":"2025-06-01T23:08:53","slug":"argentinos-y-filipinos-los-mas-preocupados-por-el-destino-que-se-le-brinda-a-la-basura-en-destinos-turisticos","status":"publish","type":"post","link":"https:\/\/infoecos.com.ar\/index.php\/argentinos-y-filipinos-los-mas-preocupados-por-el-destino-que-se-le-brinda-a-la-basura-en-destinos-turisticos\/","title":{"rendered":"Argentinos y filipinos los m\u00e1s preocupados por el destino que se le brinda a la basura en destinos tur\u00edsticos"},"content":{"rendered":"\n<p>Los argentinos, seg\u00fan un estudio difundido hoy, si bien est\u00e1n felices de recibir a los turistas de otros pa\u00edses, entienden que es un gran desaf\u00edo compartiendo sus niveles de preocupaci\u00f3n con filipinos, vietnamitas, colombianos y brasile\u00f1os.<\/p>\n\n\n\n<figure class=\"wp-block-image size-full\"><img loading=\"lazy\" decoding=\"async\" width=\"800\" height=\"500\" src=\"https:\/\/infoecos.com.ar\/wp-content\/uploads\/2024\/06\/image-319.png\" alt=\"\" class=\"wp-image-126128\" srcset=\"https:\/\/infoecos.com.ar\/wp-content\/uploads\/2024\/06\/image-319.png 800w, https:\/\/infoecos.com.ar\/wp-content\/uploads\/2024\/06\/image-319-768x480.png 768w, https:\/\/infoecos.com.ar\/wp-content\/uploads\/2024\/06\/image-319-400x250.png 400w\" sizes=\"(max-width: 800px) 100vw, 800px\" \/><\/figure>\n\n\n\n<p>Una de las preocupaciones que surge est\u00e1 relacionada con la basura y su destino (48%). Ese porcentaje los ubica como el pa\u00eds m\u00e1s preocupado a nivel global compartiendo esa posici\u00f3n con Filipinas. Por el contrario, los pa\u00edses europeos registran los niveles m\u00e1s bajos de preocupaci\u00f3n.<\/p>\n\n\n\n<p>Con datos clave de 32.000 viajeros en 34 pa\u00edses, incluidos 1000 de Argentina, y en medio de un debate creciente sobre el impacto del turismo en el mundo, la investigaci\u00f3n concluye que, por primera vez, m\u00e1s de la mitad de los argentinos que viajan (el 53%) ahora son conscientes del impacto de los viajes en las comunidades y en el medioambiente. Adem\u00e1s, el 67% quiere dejar los lugares mejor que cuando llegaron.<\/p>\n\n\n\n<p><strong>Los pa\u00edses donde sus habitantes se encuentran m\u00e1s preocupados por los residuos generados por el desarrollo tur\u00edstico.<\/strong><\/p>\n\n\n\n<p>Argentina 48%<\/p>\n\n\n\n<p>Filipinas 48%<\/p>\n\n\n\n<p>Colombia 47%<\/p>\n\n\n\n<p>Vietnam 46%<\/p>\n\n\n\n<p>Brasil 45%<\/p>\n\n\n\n<p><strong>Los pa\u00edses donde sus habitantes se manifestaron menos preocupados.<\/strong><\/p>\n\n\n\n<p>Suiza 29%<\/p>\n\n\n\n<p>Gran Breta\u00f1a 26%<\/p>\n\n\n\n<p>Emiratos \u00c1rabes 25%<\/p>\n\n\n\n<p>Alemania 24%<\/p>\n\n\n\n<p>Pa\u00edses Bajos 23%<\/p>\n","protected":false},"excerpt":{"rendered":"<p>Con datos clave de 32.000 viajeros en 34 pa\u00edses, incluidos 1000 de Argentina, y en medio de un debate creciente sobre el impacto del turismo en el mundo, la investigaci\u00f3n concluye que, por primera vez, m\u00e1s de la mitad de los argentinos que viajan (el 53%) ahora son conscientes del impacto de los viajes en las comunidades y en el medioambiente<\/p>\n","protected":false},"author":2,"featured_media":126128,"comment_status":"closed","ping_status":"open","sticky":false,"template":"","format":"standard","meta":{"footnotes":""},"categories":[1],"tags":[10298],"class_list":["post-141687","post","type-post","status-publish","format-standard","has-post-thumbnail","hentry","category-sin-categoria","tag-bloque-inferior"],"yoast_head":"<!-- This site is optimized with the Yoast SEO plugin v23.4 - https:\/\/yoast.com\/wordpress\/plugins\/seo\/ -->\n<title>Argentinos y filipinos los m\u00e1s preocupados por el destino que se le brinda a la basura en destinos tur\u00edsticos - Infoecos<\/title>\n<meta name=\"robots\" content=\"index, follow, max-snippet:-1, max-image-preview:large, max-video-preview:-1\" \/>\n<link rel=\"canonical\" href=\"https:\/\/infoecos.com.ar\/index.php\/argentinos-y-filipinos-los-mas-preocupados-por-el-destino-que-se-le-brinda-a-la-basura-en-destinos-turisticos\/\" \/>\n<meta property=\"og:locale\" content=\"es_ES\" \/>\n<meta property=\"og:type\" content=\"article\" \/>\n<meta property=\"og:title\" content=\"Argentinos y filipinos los m\u00e1s preocupados por el destino que se le brinda a la basura en destinos tur\u00edsticos - Infoecos\" \/>\n<meta property=\"og:description\" content=\"Con datos clave de 32.000 viajeros en 34 pa\u00edses, incluidos 1000 de Argentina, y en medio de un debate creciente sobre el impacto del turismo en el mundo, la investigaci\u00f3n concluye que, por primera vez, m\u00e1s de la mitad de los argentinos que viajan (el 53%) ahora son conscientes del impacto de los viajes en las comunidades y en el medioambiente\" \/>\n<meta property=\"og:url\" content=\"https:\/\/infoecos.com.ar\/index.php\/argentinos-y-filipinos-los-mas-preocupados-por-el-destino-que-se-le-brinda-a-la-basura-en-destinos-turisticos\/\" \/>\n<meta property=\"og:site_name\" content=\"Infoecos\" \/>\n<meta property=\"article:publisher\" content=\"https:\/\/www.facebook.com\/profile.php?id=100063200290284\" \/>\n<meta property=\"article:published_time\" content=\"2025-05-26T22:12:07+00:00\" \/>\n<meta property=\"article:modified_time\" content=\"2025-06-01T23:08:53+00:00\" \/>\n<meta property=\"og:image\" content=\"https:\/\/infoecos.com.ar\/wp-content\/uploads\/2024\/06\/image-319.png\" \/>\n\t<meta property=\"og:image:width\" content=\"800\" \/>\n\t<meta property=\"og:image:height\" content=\"500\" \/>\n\t<meta property=\"og:image:type\" content=\"image\/png\" \/>\n<meta name=\"author\" content=\"Jorge Matheus\" \/>\n<meta name=\"twitter:card\" content=\"summary_large_image\" \/>\n<meta name=\"twitter:creator\" content=\"@infoecos\" \/>\n<meta name=\"twitter:site\" content=\"@infoecos\" \/>\n<meta name=\"twitter:label1\" content=\"Escrito por\" \/>\n\t<meta name=\"twitter:data1\" content=\"Jorge Matheus\" \/>\n\t<meta name=\"twitter:label2\" content=\"Tiempo de lectura\" \/>\n\t<meta name=\"twitter:data2\" content=\"2 minutos\" \/>\n<script type=\"application\/ld+json\" class=\"yoast-schema-graph\">{\"@context\":\"https:\/\/schema.org\",\"@graph\":[{\"@type\":\"Article\",\"@id\":\"https:\/\/infoecos.com.ar\/index.php\/argentinos-y-filipinos-los-mas-preocupados-por-el-destino-que-se-le-brinda-a-la-basura-en-destinos-turisticos\/#article\",\"isPartOf\":{\"@id\":\"https:\/\/infoecos.com.ar\/index.php\/argentinos-y-filipinos-los-mas-preocupados-por-el-destino-que-se-le-brinda-a-la-basura-en-destinos-turisticos\/\"},\"author\":{\"name\":\"Jorge Matheus\",\"@id\":\"https:\/\/infoecos.com.ar\/#\/schema\/person\/8f5ace5ce73b4b4aac4b7245aee6f191\"},\"headline\":\"Argentinos y filipinos los m\u00e1s preocupados por el destino que se le brinda a la basura en destinos tur\u00edsticos\",\"datePublished\":\"2025-05-26T22:12:07+00:00\",\"dateModified\":\"2025-06-01T23:08:53+00:00\",\"mainEntityOfPage\":{\"@id\":\"https:\/\/infoecos.com.ar\/index.php\/argentinos-y-filipinos-los-mas-preocupados-por-el-destino-que-se-le-brinda-a-la-basura-en-destinos-turisticos\/\"},\"wordCount\":229,\"publisher\":{\"@id\":\"https:\/\/infoecos.com.ar\/#organization\"},\"image\":{\"@id\":\"https:\/\/infoecos.com.ar\/index.php\/argentinos-y-filipinos-los-mas-preocupados-por-el-destino-que-se-le-brinda-a-la-basura-en-destinos-turisticos\/#primaryimage\"},\"thumbnailUrl\":\"https:\/\/infoecos.com.ar\/wp-content\/uploads\/2024\/06\/image-319.png\",\"keywords\":[\"Bloque inferior\"],\"inLanguage\":\"es\"},{\"@type\":\"WebPage\",\"@id\":\"https:\/\/infoecos.com.ar\/index.php\/argentinos-y-filipinos-los-mas-preocupados-por-el-destino-que-se-le-brinda-a-la-basura-en-destinos-turisticos\/\",\"url\":\"https:\/\/infoecos.com.ar\/index.php\/argentinos-y-filipinos-los-mas-preocupados-por-el-destino-que-se-le-brinda-a-la-basura-en-destinos-turisticos\/\",\"name\":\"Argentinos y filipinos los m\u00e1s preocupados por el destino que se le brinda a la basura en destinos tur\u00edsticos - Infoecos\",\"isPartOf\":{\"@id\":\"https:\/\/infoecos.com.ar\/#website\"},\"primaryImageOfPage\":{\"@id\":\"https:\/\/infoecos.com.ar\/index.php\/argentinos-y-filipinos-los-mas-preocupados-por-el-destino-que-se-le-brinda-a-la-basura-en-destinos-turisticos\/#primaryimage\"},\"image\":{\"@id\":\"https:\/\/infoecos.com.ar\/index.php\/argentinos-y-filipinos-los-mas-preocupados-por-el-destino-que-se-le-brinda-a-la-basura-en-destinos-turisticos\/#primaryimage\"},\"thumbnailUrl\":\"https:\/\/infoecos.com.ar\/wp-content\/uploads\/2024\/06\/image-319.png\",\"datePublished\":\"2025-05-26T22:12:07+00:00\",\"dateModified\":\"2025-06-01T23:08:53+00:00\",\"breadcrumb\":{\"@id\":\"https:\/\/infoecos.com.ar\/index.php\/argentinos-y-filipinos-los-mas-preocupados-por-el-destino-que-se-le-brinda-a-la-basura-en-destinos-turisticos\/#breadcrumb\"},\"inLanguage\":\"es\",\"potentialAction\":[{\"@type\":\"ReadAction\",\"target\":[\"https:\/\/infoecos.com.ar\/index.php\/argentinos-y-filipinos-los-mas-preocupados-por-el-destino-que-se-le-brinda-a-la-basura-en-destinos-turisticos\/\"]}]},{\"@type\":\"ImageObject\",\"inLanguage\":\"es\",\"@id\":\"https:\/\/infoecos.com.ar\/index.php\/argentinos-y-filipinos-los-mas-preocupados-por-el-destino-que-se-le-brinda-a-la-basura-en-destinos-turisticos\/#primaryimage\",\"url\":\"https:\/\/infoecos.com.ar\/wp-content\/uploads\/2024\/06\/image-319.png\",\"contentUrl\":\"https:\/\/infoecos.com.ar\/wp-content\/uploads\/2024\/06\/image-319.png\",\"width\":800,\"height\":500},{\"@type\":\"BreadcrumbList\",\"@id\":\"https:\/\/infoecos.com.ar\/index.php\/argentinos-y-filipinos-los-mas-preocupados-por-el-destino-que-se-le-brinda-a-la-basura-en-destinos-turisticos\/#breadcrumb\",\"itemListElement\":[{\"@type\":\"ListItem\",\"position\":1,\"name\":\"Portada\",\"item\":\"https:\/\/infoecos.com.ar\/\"},{\"@type\":\"ListItem\",\"position\":2,\"name\":\"Argentinos y filipinos los m\u00e1s preocupados por el destino que se le brinda a la basura en destinos tur\u00edsticos\"}]},{\"@type\":\"WebSite\",\"@id\":\"https:\/\/infoecos.com.ar\/#website\",\"url\":\"https:\/\/infoecos.com.ar\/\",\"name\":\"Infoecos\",\"description\":\"Noticias de trenque lauquen y la zona\",\"publisher\":{\"@id\":\"https:\/\/infoecos.com.ar\/#organization\"},\"alternateName\":\"Noticias\",\"potentialAction\":[{\"@type\":\"SearchAction\",\"target\":{\"@type\":\"EntryPoint\",\"urlTemplate\":\"https:\/\/infoecos.com.ar\/?s={search_term_string}\"},\"query-input\":{\"@type\":\"PropertyValueSpecification\",\"valueRequired\":true,\"valueName\":\"search_term_string\"}}],\"inLanguage\":\"es\"},{\"@type\":\"Organization\",\"@id\":\"https:\/\/infoecos.com.ar\/#organization\",\"name\":\"Infoecos\",\"alternateName\":\"Noticias\",\"url\":\"https:\/\/infoecos.com.ar\/\",\"logo\":{\"@type\":\"ImageObject\",\"inLanguage\":\"es\",\"@id\":\"https:\/\/infoecos.com.ar\/#\/schema\/logo\/image\/\",\"url\":\"https:\/\/infoecos.com.ar\/wp-content\/uploads\/2024\/03\/cropped-logo.png\",\"contentUrl\":\"https:\/\/infoecos.com.ar\/wp-content\/uploads\/2024\/03\/cropped-logo.png\",\"width\":374,\"height\":90,\"caption\":\"Infoecos\"},\"image\":{\"@id\":\"https:\/\/infoecos.com.ar\/#\/schema\/logo\/image\/\"},\"sameAs\":[\"https:\/\/www.facebook.com\/profile.php?id=100063200290284\",\"https:\/\/x.com\/infoecos\"]},{\"@type\":\"Person\",\"@id\":\"https:\/\/infoecos.com.ar\/#\/schema\/person\/8f5ace5ce73b4b4aac4b7245aee6f191\",\"name\":\"Jorge Matheus\",\"url\":\"https:\/\/infoecos.com.ar\/index.php\/author\/jomatheus\/\"}]}<\/script>\n<!-- \/ Yoast SEO plugin. -->","yoast_head_json":{"title":"Argentinos y filipinos los m\u00e1s preocupados por el destino que se le brinda a la basura en destinos tur\u00edsticos - Infoecos","robots":{"index":"index","follow":"follow","max-snippet":"max-snippet:-1","max-image-preview":"max-image-preview:large","max-video-preview":"max-video-preview:-1"},"canonical":"https:\/\/infoecos.com.ar\/index.php\/argentinos-y-filipinos-los-mas-preocupados-por-el-destino-que-se-le-brinda-a-la-basura-en-destinos-turisticos\/","og_locale":"es_ES","og_type":"article","og_title":"Argentinos y filipinos los m\u00e1s preocupados por el destino que se le brinda a la basura en destinos tur\u00edsticos - Infoecos","og_description":"Con datos clave de 32.000 viajeros en 34 pa\u00edses, incluidos 1000 de Argentina, y en medio de un debate creciente sobre el impacto del turismo en el mundo, la investigaci\u00f3n concluye que, por primera vez, m\u00e1s de la mitad de los argentinos que viajan (el 53%) ahora son conscientes del impacto de los viajes en las comunidades y en el medioambiente","og_url":"https:\/\/infoecos.com.ar\/index.php\/argentinos-y-filipinos-los-mas-preocupados-por-el-destino-que-se-le-brinda-a-la-basura-en-destinos-turisticos\/","og_site_name":"Infoecos","article_publisher":"https:\/\/www.facebook.com\/profile.php?id=100063200290284","article_published_time":"2025-05-26T22:12:07+00:00","article_modified_time":"2025-06-01T23:08:53+00:00","og_image":[{"width":800,"height":500,"url":"https:\/\/infoecos.com.ar\/wp-content\/uploads\/2024\/06\/image-319.png","type":"image\/png"}],"author":"Jorge Matheus","twitter_card":"summary_large_image","twitter_creator":"@infoecos","twitter_site":"@infoecos","twitter_misc":{"Escrito por":"Jorge Matheus","Tiempo de lectura":"2 minutos"},"schema":{"@context":"https:\/\/schema.org","@graph":[{"@type":"Article","@id":"https:\/\/infoecos.com.ar\/index.php\/argentinos-y-filipinos-los-mas-preocupados-por-el-destino-que-se-le-brinda-a-la-basura-en-destinos-turisticos\/#article","isPartOf":{"@id":"https:\/\/infoecos.com.ar\/index.php\/argentinos-y-filipinos-los-mas-preocupados-por-el-destino-que-se-le-brinda-a-la-basura-en-destinos-turisticos\/"},"author":{"name":"Jorge Matheus","@id":"https:\/\/infoecos.com.ar\/#\/schema\/person\/8f5ace5ce73b4b4aac4b7245aee6f191"},"headline":"Argentinos y filipinos los m\u00e1s preocupados por el destino que se le brinda a la basura en destinos tur\u00edsticos","datePublished":"2025-05-26T22:12:07+00:00","dateModified":"2025-06-01T23:08:53+00:00","mainEntityOfPage":{"@id":"https:\/\/infoecos.com.ar\/index.php\/argentinos-y-filipinos-los-mas-preocupados-por-el-destino-que-se-le-brinda-a-la-basura-en-destinos-turisticos\/"},"wordCount":229,"publisher":{"@id":"https:\/\/infoecos.com.ar\/#organization"},"image":{"@id":"https:\/\/infoecos.com.ar\/index.php\/argentinos-y-filipinos-los-mas-preocupados-por-el-destino-que-se-le-brinda-a-la-basura-en-destinos-turisticos\/#primaryimage"},"thumbnailUrl":"https:\/\/infoecos.com.ar\/wp-content\/uploads\/2024\/06\/image-319.png","keywords":["Bloque inferior"],"inLanguage":"es"},{"@type":"WebPage","@id":"https:\/\/infoecos.com.ar\/index.php\/argentinos-y-filipinos-los-mas-preocupados-por-el-destino-que-se-le-brinda-a-la-basura-en-destinos-turisticos\/","url":"https:\/\/infoecos.com.ar\/index.php\/argentinos-y-filipinos-los-mas-preocupados-por-el-destino-que-se-le-brinda-a-la-basura-en-destinos-turisticos\/","name":"Argentinos y filipinos los m\u00e1s preocupados por el destino que se le brinda a la basura en destinos tur\u00edsticos - Infoecos","isPartOf":{"@id":"https:\/\/infoecos.com.ar\/#website"},"primaryImageOfPage":{"@id":"https:\/\/infoecos.com.ar\/index.php\/argentinos-y-filipinos-los-mas-preocupados-por-el-destino-que-se-le-brinda-a-la-basura-en-destinos-turisticos\/#primaryimage"},"image":{"@id":"https:\/\/infoecos.com.ar\/index.php\/argentinos-y-filipinos-los-mas-preocupados-por-el-destino-que-se-le-brinda-a-la-basura-en-destinos-turisticos\/#primaryimage"},"thumbnailUrl":"https:\/\/infoecos.com.ar\/wp-content\/uploads\/2024\/06\/image-319.png","datePublished":"2025-05-26T22:12:07+00:00","dateModified":"2025-06-01T23:08:53+00:00","breadcrumb":{"@id":"https:\/\/infoecos.com.ar\/index.php\/argentinos-y-filipinos-los-mas-preocupados-por-el-destino-que-se-le-brinda-a-la-basura-en-destinos-turisticos\/#breadcrumb"},"inLanguage":"es","potentialAction":[{"@type":"ReadAction","target":["https:\/\/infoecos.com.ar\/index.php\/argentinos-y-filipinos-los-mas-preocupados-por-el-destino-que-se-le-brinda-a-la-basura-en-destinos-turisticos\/"]}]},{"@type":"ImageObject","inLanguage":"es","@id":"https:\/\/infoecos.com.ar\/index.php\/argentinos-y-filipinos-los-mas-preocupados-por-el-destino-que-se-le-brinda-a-la-basura-en-destinos-turisticos\/#primaryimage","url":"https:\/\/infoecos.com.ar\/wp-content\/uploads\/2024\/06\/image-319.png","contentUrl":"https:\/\/infoecos.com.ar\/wp-content\/uploads\/2024\/06\/image-319.png","width":800,"height":500},{"@type":"BreadcrumbList","@id":"https:\/\/infoecos.com.ar\/index.php\/argentinos-y-filipinos-los-mas-preocupados-por-el-destino-que-se-le-brinda-a-la-basura-en-destinos-turisticos\/#breadcrumb","itemListElement":[{"@type":"ListItem","position":1,"name":"Portada","item":"https:\/\/infoecos.com.ar\/"},{"@type":"ListItem","position":2,"name":"Argentinos y filipinos los m\u00e1s preocupados por el destino que se le brinda a la basura en destinos tur\u00edsticos"}]},{"@type":"WebSite","@id":"https:\/\/infoecos.com.ar\/#website","url":"https:\/\/infoecos.com.ar\/","name":"Infoecos","description":"Noticias de trenque lauquen y la zona","publisher":{"@id":"https:\/\/infoecos.com.ar\/#organization"},"alternateName":"Noticias","potentialAction":[{"@type":"SearchAction","target":{"@type":"EntryPoint","urlTemplate":"https:\/\/infoecos.com.ar\/?s={search_term_string}"},"query-input":{"@type":"PropertyValueSpecification","valueRequired":true,"valueName":"search_term_string"}}],"inLanguage":"es"},{"@type":"Organization","@id":"https:\/\/infoecos.com.ar\/#organization","name":"Infoecos","alternateName":"Noticias","url":"https:\/\/infoecos.com.ar\/","logo":{"@type":"ImageObject","inLanguage":"es","@id":"https:\/\/infoecos.com.ar\/#\/schema\/logo\/image\/","url":"https:\/\/infoecos.com.ar\/wp-content\/uploads\/2024\/03\/cropped-logo.png","contentUrl":"https:\/\/infoecos.com.ar\/wp-content\/uploads\/2024\/03\/cropped-logo.png","width":374,"height":90,"caption":"Infoecos"},"image":{"@id":"https:\/\/infoecos.com.ar\/#\/schema\/logo\/image\/"},"sameAs":["https:\/\/www.facebook.com\/profile.php?id=100063200290284","https:\/\/x.com\/infoecos"]},{"@type":"Person","@id":"https:\/\/infoecos.com.ar\/#\/schema\/person\/8f5ace5ce73b4b4aac4b7245aee6f191","name":"Jorge Matheus","url":"https:\/\/infoecos.com.ar\/index.php\/author\/jomatheus\/"}]}},"featured_image_urls":{"full":["https:\/\/infoecos.com.ar\/wp-content\/uploads\/2024\/06\/image-319.png",800,500,false],"thumbnail":["https:\/\/infoecos.com.ar\/wp-content\/uploads\/2024\/06\/image-319-300x150.png",300,150,true],"medium":["https:\/\/infoecos.com.ar\/wp-content\/uploads\/2024\/06\/image-319.png",800,500,false],"medium_large":["https:\/\/infoecos.com.ar\/wp-content\/uploads\/2024\/06\/image-319-768x480.png",640,400,true],"large":["https:\/\/infoecos.com.ar\/wp-content\/uploads\/2024\/06\/image-319.png",640,400,false],"1536x1536":["https:\/\/infoecos.com.ar\/wp-content\/uploads\/2024\/06\/image-319.png",800,500,false],"2048x2048":["https:\/\/infoecos.com.ar\/wp-content\/uploads\/2024\/06\/image-319.png",800,500,false],"covernews-slider-full":["https:\/\/infoecos.com.ar\/wp-content\/uploads\/2024\/06\/image-319.png",800,500,false],"covernews-slider-center":["https:\/\/infoecos.com.ar\/wp-content\/uploads\/2024\/06\/image-319.png",800,500,false],"covernews-featured":["https:\/\/infoecos.com.ar\/wp-content\/uploads\/2024\/06\/image-319.png",800,500,false],"covernews-medium":["https:\/\/infoecos.com.ar\/wp-content\/uploads\/2024\/06\/image-319-540x340.png",540,340,true],"covernews-medium-square":["https:\/\/infoecos.com.ar\/wp-content\/uploads\/2024\/06\/image-319-400x250.png",400,250,true]},"author_info":{"info":["Jorge Matheus"]},"category_info":"<a href=\"https:\/\/infoecos.com.ar\/index.php\/category\/sin-categoria\/\" rel=\"category tag\">Sin categor\u00eda<\/a>","tag_info":"Sin categor\u00eda","comment_count":"0","_links":{"self":[{"href":"https:\/\/infoecos.com.ar\/index.php\/wp-json\/wp\/v2\/posts\/141687"}],"collection":[{"href":"https:\/\/infoecos.com.ar\/index.php\/wp-json\/wp\/v2\/posts"}],"about":[{"href":"https:\/\/infoecos.com.ar\/index.php\/wp-json\/wp\/v2\/types\/post"}],"author":[{"embeddable":true,"href":"https:\/\/infoecos.com.ar\/index.php\/wp-json\/wp\/v2\/users\/2"}],"replies":[{"embeddable":true,"href":"https:\/\/infoecos.com.ar\/index.php\/wp-json\/wp\/v2\/comments?post=141687"}],"version-history":[{"count":1,"href":"https:\/\/infoecos.com.ar\/index.php\/wp-json\/wp\/v2\/posts\/141687\/revisions"}],"predecessor-version":[{"id":141688,"href":"https:\/\/infoecos.com.ar\/index.php\/wp-json\/wp\/v2\/posts\/141687\/revisions\/141688"}],"wp:featuredmedia":[{"embeddable":true,"href":"https:\/\/infoecos.com.ar\/index.php\/wp-json\/wp\/v2\/media\/126128"}],"wp:attachment":[{"href":"https:\/\/infoecos.com.ar\/index.php\/wp-json\/wp\/v2\/media?parent=141687"}],"wp:term":[{"taxonomy":"category","embeddable":true,"href":"https:\/\/infoecos.com.ar\/index.php\/wp-json\/wp\/v2\/categories?post=141687"},{"taxonomy":"post_tag","embeddable":true,"href":"https:\/\/infoecos.com.ar\/index.php\/wp-json\/wp\/v2\/tags?post=141687"}],"curies":[{"name":"wp","href":"https:\/\/api.w.org\/{rel}","templated":true}]}}