{"id":141706,"date":"2025-05-27T09:48:34","date_gmt":"2025-05-27T12:48:34","guid":{"rendered":"https:\/\/infoecos.com.ar\/?p=141706"},"modified":"2025-06-01T20:08:15","modified_gmt":"2025-06-01T23:08:15","slug":"se-muestra-cada-vez-mas-activa-la-camara-de-comercio-de-trenque-lauquen-en-temas-sensibles-para-la-comunidad","status":"publish","type":"post","link":"https:\/\/infoecos.com.ar\/index.php\/se-muestra-cada-vez-mas-activa-la-camara-de-comercio-de-trenque-lauquen-en-temas-sensibles-para-la-comunidad\/","title":{"rendered":"Se muestra cada vez m\u00e1s activa la C\u00e1mara de Comercio de Trenque Lauquen, en temas sensibles para la comunidad"},"content":{"rendered":"\n<p>La C\u00e1mara de Comercio e Industria de Trenque Lauquen que viene motorizando una serie de reuniones dirigidas a marcar su presencia en el escenario institucional, como hac\u00eda un tiempo no ocurr\u00eda, recibi\u00f3 a las m\u00e1ximas autoridades del \u00e1rea de seguridad local.<\/p>\n\n\n\n<figure class=\"wp-block-image aligncenter size-full is-resized\"><img loading=\"lazy\" decoding=\"async\" width=\"960\" height=\"960\" src=\"https:\/\/infoecos.com.ar\/wp-content\/uploads\/2025\/05\/image-95.png\" alt=\"\" class=\"wp-image-141707\" style=\"width:416px;height:auto\" srcset=\"https:\/\/infoecos.com.ar\/wp-content\/uploads\/2025\/05\/image-95.png 960w, https:\/\/infoecos.com.ar\/wp-content\/uploads\/2025\/05\/image-95-800x800.png 800w, https:\/\/infoecos.com.ar\/wp-content\/uploads\/2025\/05\/image-95-768x768.png 768w\" sizes=\"(max-width: 960px) 100vw, 960px\" \/><\/figure>\n\n\n\n<p>En el sitio que la entidad posee en la red Facebook se inform\u00f3 que estuvieron el Comisario Distrital Marco Antonio Arregui y la responsable de la Comisar\u00eda Primera, Ana R\u00edos. Por la c\u00e1mara participaron el presidente, Ricardo Puleo y el gerente Rub\u00e9n Basigalup.<\/p>\n\n\n\n<p>Se detalla que durante la reuni\u00f3n se dialog\u00f3 sobre estafas virtuales, inseguridad en el distrito y situaci\u00f3n delictiva que afecta al comercio de Trenque Lauquen, adem\u00e1s de debatir sobre el papel de las c\u00e1maras de seguridad en la prevenci\u00f3n del delito.<\/p>\n\n\n\n<figure class=\"wp-block-image aligncenter size-full is-resized\"><img loading=\"lazy\" decoding=\"async\" width=\"600\" height=\"600\" src=\"https:\/\/infoecos.com.ar\/wp-content\/uploads\/2025\/05\/image-96.png\" alt=\"\" class=\"wp-image-141708\" style=\"width:408px;height:auto\"\/><\/figure>\n\n\n\n<p>Las autoridades de la C\u00e1mara reafirmaron el compromiso de nuevos encuentros para seguir trabajando junto a las autoridades policiales.<\/p>\n","protected":false},"excerpt":{"rendered":"<p>En el sitio que la entidad posee en la red Facebook se inform\u00f3 en estas horas que estuvieron el Comisario Distrital Marco Antonio Arregui y la responsable de la Comisar\u00eda Primera, Ana R\u00edos. Por la c\u00e1mara participaron el presidente, Ricardo Puleo y el gerente Rub\u00e9n Basigalup<\/p>\n","protected":false},"author":2,"featured_media":141707,"comment_status":"closed","ping_status":"open","sticky":false,"template":"","format":"standard","meta":{"footnotes":""},"categories":[1],"tags":[10298],"class_list":["post-141706","post","type-post","status-publish","format-standard","has-post-thumbnail","hentry","category-sin-categoria","tag-bloque-inferior"],"yoast_head":"<!-- This site is optimized with the Yoast SEO plugin v23.4 - https:\/\/yoast.com\/wordpress\/plugins\/seo\/ -->\n<title>Se muestra cada vez m\u00e1s activa la C\u00e1mara de Comercio de Trenque Lauquen, en temas sensibles para la comunidad - Infoecos<\/title>\n<meta name=\"robots\" content=\"index, follow, max-snippet:-1, max-image-preview:large, max-video-preview:-1\" \/>\n<link rel=\"canonical\" href=\"https:\/\/infoecos.com.ar\/index.php\/se-muestra-cada-vez-mas-activa-la-camara-de-comercio-de-trenque-lauquen-en-temas-sensibles-para-la-comunidad\/\" \/>\n<meta property=\"og:locale\" content=\"es_ES\" \/>\n<meta property=\"og:type\" content=\"article\" \/>\n<meta property=\"og:title\" content=\"Se muestra cada vez m\u00e1s activa la C\u00e1mara de Comercio de Trenque Lauquen, en temas sensibles para la comunidad - Infoecos\" \/>\n<meta property=\"og:description\" content=\"En el sitio que la entidad posee en la red Facebook se inform\u00f3 en estas horas que estuvieron el Comisario Distrital Marco Antonio Arregui y la responsable de la Comisar\u00eda Primera, Ana R\u00edos. Por la c\u00e1mara participaron el presidente, Ricardo Puleo y el gerente Rub\u00e9n Basigalup\" \/>\n<meta property=\"og:url\" content=\"https:\/\/infoecos.com.ar\/index.php\/se-muestra-cada-vez-mas-activa-la-camara-de-comercio-de-trenque-lauquen-en-temas-sensibles-para-la-comunidad\/\" \/>\n<meta property=\"og:site_name\" content=\"Infoecos\" \/>\n<meta property=\"article:publisher\" content=\"https:\/\/www.facebook.com\/profile.php?id=100063200290284\" \/>\n<meta property=\"article:published_time\" content=\"2025-05-27T12:48:34+00:00\" \/>\n<meta property=\"article:modified_time\" content=\"2025-06-01T23:08:15+00:00\" \/>\n<meta property=\"og:image\" content=\"https:\/\/infoecos.com.ar\/wp-content\/uploads\/2025\/05\/image-95.png\" \/>\n\t<meta property=\"og:image:width\" content=\"960\" \/>\n\t<meta property=\"og:image:height\" content=\"960\" \/>\n\t<meta property=\"og:image:type\" content=\"image\/png\" \/>\n<meta name=\"author\" content=\"Jorge Matheus\" \/>\n<meta name=\"twitter:card\" content=\"summary_large_image\" \/>\n<meta name=\"twitter:creator\" content=\"@infoecos\" \/>\n<meta name=\"twitter:site\" content=\"@infoecos\" \/>\n<meta name=\"twitter:label1\" content=\"Escrito por\" \/>\n\t<meta name=\"twitter:data1\" content=\"Jorge Matheus\" \/>\n\t<meta name=\"twitter:label2\" content=\"Tiempo de lectura\" \/>\n\t<meta name=\"twitter:data2\" content=\"2 minutos\" \/>\n<script type=\"application\/ld+json\" class=\"yoast-schema-graph\">{\"@context\":\"https:\/\/schema.org\",\"@graph\":[{\"@type\":\"Article\",\"@id\":\"https:\/\/infoecos.com.ar\/index.php\/se-muestra-cada-vez-mas-activa-la-camara-de-comercio-de-trenque-lauquen-en-temas-sensibles-para-la-comunidad\/#article\",\"isPartOf\":{\"@id\":\"https:\/\/infoecos.com.ar\/index.php\/se-muestra-cada-vez-mas-activa-la-camara-de-comercio-de-trenque-lauquen-en-temas-sensibles-para-la-comunidad\/\"},\"author\":{\"name\":\"Jorge Matheus\",\"@id\":\"https:\/\/infoecos.com.ar\/#\/schema\/person\/8f5ace5ce73b4b4aac4b7245aee6f191\"},\"headline\":\"Se muestra cada vez m\u00e1s activa la C\u00e1mara de Comercio de Trenque Lauquen, en temas sensibles para la comunidad\",\"datePublished\":\"2025-05-27T12:48:34+00:00\",\"dateModified\":\"2025-06-01T23:08:15+00:00\",\"mainEntityOfPage\":{\"@id\":\"https:\/\/infoecos.com.ar\/index.php\/se-muestra-cada-vez-mas-activa-la-camara-de-comercio-de-trenque-lauquen-en-temas-sensibles-para-la-comunidad\/\"},\"wordCount\":179,\"publisher\":{\"@id\":\"https:\/\/infoecos.com.ar\/#organization\"},\"image\":{\"@id\":\"https:\/\/infoecos.com.ar\/index.php\/se-muestra-cada-vez-mas-activa-la-camara-de-comercio-de-trenque-lauquen-en-temas-sensibles-para-la-comunidad\/#primaryimage\"},\"thumbnailUrl\":\"https:\/\/infoecos.com.ar\/wp-content\/uploads\/2025\/05\/image-95.png\",\"keywords\":[\"Bloque inferior\"],\"inLanguage\":\"es\"},{\"@type\":\"WebPage\",\"@id\":\"https:\/\/infoecos.com.ar\/index.php\/se-muestra-cada-vez-mas-activa-la-camara-de-comercio-de-trenque-lauquen-en-temas-sensibles-para-la-comunidad\/\",\"url\":\"https:\/\/infoecos.com.ar\/index.php\/se-muestra-cada-vez-mas-activa-la-camara-de-comercio-de-trenque-lauquen-en-temas-sensibles-para-la-comunidad\/\",\"name\":\"Se muestra cada vez m\u00e1s activa la C\u00e1mara de Comercio de Trenque Lauquen, en temas sensibles para la comunidad - Infoecos\",\"isPartOf\":{\"@id\":\"https:\/\/infoecos.com.ar\/#website\"},\"primaryImageOfPage\":{\"@id\":\"https:\/\/infoecos.com.ar\/index.php\/se-muestra-cada-vez-mas-activa-la-camara-de-comercio-de-trenque-lauquen-en-temas-sensibles-para-la-comunidad\/#primaryimage\"},\"image\":{\"@id\":\"https:\/\/infoecos.com.ar\/index.php\/se-muestra-cada-vez-mas-activa-la-camara-de-comercio-de-trenque-lauquen-en-temas-sensibles-para-la-comunidad\/#primaryimage\"},\"thumbnailUrl\":\"https:\/\/infoecos.com.ar\/wp-content\/uploads\/2025\/05\/image-95.png\",\"datePublished\":\"2025-05-27T12:48:34+00:00\",\"dateModified\":\"2025-06-01T23:08:15+00:00\",\"breadcrumb\":{\"@id\":\"https:\/\/infoecos.com.ar\/index.php\/se-muestra-cada-vez-mas-activa-la-camara-de-comercio-de-trenque-lauquen-en-temas-sensibles-para-la-comunidad\/#breadcrumb\"},\"inLanguage\":\"es\",\"potentialAction\":[{\"@type\":\"ReadAction\",\"target\":[\"https:\/\/infoecos.com.ar\/index.php\/se-muestra-cada-vez-mas-activa-la-camara-de-comercio-de-trenque-lauquen-en-temas-sensibles-para-la-comunidad\/\"]}]},{\"@type\":\"ImageObject\",\"inLanguage\":\"es\",\"@id\":\"https:\/\/infoecos.com.ar\/index.php\/se-muestra-cada-vez-mas-activa-la-camara-de-comercio-de-trenque-lauquen-en-temas-sensibles-para-la-comunidad\/#primaryimage\",\"url\":\"https:\/\/infoecos.com.ar\/wp-content\/uploads\/2025\/05\/image-95.png\",\"contentUrl\":\"https:\/\/infoecos.com.ar\/wp-content\/uploads\/2025\/05\/image-95.png\",\"width\":960,\"height\":960},{\"@type\":\"BreadcrumbList\",\"@id\":\"https:\/\/infoecos.com.ar\/index.php\/se-muestra-cada-vez-mas-activa-la-camara-de-comercio-de-trenque-lauquen-en-temas-sensibles-para-la-comunidad\/#breadcrumb\",\"itemListElement\":[{\"@type\":\"ListItem\",\"position\":1,\"name\":\"Portada\",\"item\":\"https:\/\/infoecos.com.ar\/\"},{\"@type\":\"ListItem\",\"position\":2,\"name\":\"Se muestra cada vez m\u00e1s activa la C\u00e1mara de Comercio de Trenque Lauquen, en temas sensibles para la comunidad\"}]},{\"@type\":\"WebSite\",\"@id\":\"https:\/\/infoecos.com.ar\/#website\",\"url\":\"https:\/\/infoecos.com.ar\/\",\"name\":\"Infoecos\",\"description\":\"Noticias de trenque lauquen y la zona\",\"publisher\":{\"@id\":\"https:\/\/infoecos.com.ar\/#organization\"},\"alternateName\":\"Noticias\",\"potentialAction\":[{\"@type\":\"SearchAction\",\"target\":{\"@type\":\"EntryPoint\",\"urlTemplate\":\"https:\/\/infoecos.com.ar\/?s={search_term_string}\"},\"query-input\":{\"@type\":\"PropertyValueSpecification\",\"valueRequired\":true,\"valueName\":\"search_term_string\"}}],\"inLanguage\":\"es\"},{\"@type\":\"Organization\",\"@id\":\"https:\/\/infoecos.com.ar\/#organization\",\"name\":\"Infoecos\",\"alternateName\":\"Noticias\",\"url\":\"https:\/\/infoecos.com.ar\/\",\"logo\":{\"@type\":\"ImageObject\",\"inLanguage\":\"es\",\"@id\":\"https:\/\/infoecos.com.ar\/#\/schema\/logo\/image\/\",\"url\":\"https:\/\/infoecos.com.ar\/wp-content\/uploads\/2024\/03\/cropped-logo.png\",\"contentUrl\":\"https:\/\/infoecos.com.ar\/wp-content\/uploads\/2024\/03\/cropped-logo.png\",\"width\":374,\"height\":90,\"caption\":\"Infoecos\"},\"image\":{\"@id\":\"https:\/\/infoecos.com.ar\/#\/schema\/logo\/image\/\"},\"sameAs\":[\"https:\/\/www.facebook.com\/profile.php?id=100063200290284\",\"https:\/\/x.com\/infoecos\"]},{\"@type\":\"Person\",\"@id\":\"https:\/\/infoecos.com.ar\/#\/schema\/person\/8f5ace5ce73b4b4aac4b7245aee6f191\",\"name\":\"Jorge Matheus\",\"url\":\"https:\/\/infoecos.com.ar\/index.php\/author\/jomatheus\/\"}]}<\/script>\n<!-- \/ Yoast SEO plugin. -->","yoast_head_json":{"title":"Se muestra cada vez m\u00e1s activa la C\u00e1mara de Comercio de Trenque Lauquen, en temas sensibles para la comunidad - Infoecos","robots":{"index":"index","follow":"follow","max-snippet":"max-snippet:-1","max-image-preview":"max-image-preview:large","max-video-preview":"max-video-preview:-1"},"canonical":"https:\/\/infoecos.com.ar\/index.php\/se-muestra-cada-vez-mas-activa-la-camara-de-comercio-de-trenque-lauquen-en-temas-sensibles-para-la-comunidad\/","og_locale":"es_ES","og_type":"article","og_title":"Se muestra cada vez m\u00e1s activa la C\u00e1mara de Comercio de Trenque Lauquen, en temas sensibles para la comunidad - Infoecos","og_description":"En el sitio que la entidad posee en la red Facebook se inform\u00f3 en estas horas que estuvieron el Comisario Distrital Marco Antonio Arregui y la responsable de la Comisar\u00eda Primera, Ana R\u00edos. Por la c\u00e1mara participaron el presidente, Ricardo Puleo y el gerente Rub\u00e9n Basigalup","og_url":"https:\/\/infoecos.com.ar\/index.php\/se-muestra-cada-vez-mas-activa-la-camara-de-comercio-de-trenque-lauquen-en-temas-sensibles-para-la-comunidad\/","og_site_name":"Infoecos","article_publisher":"https:\/\/www.facebook.com\/profile.php?id=100063200290284","article_published_time":"2025-05-27T12:48:34+00:00","article_modified_time":"2025-06-01T23:08:15+00:00","og_image":[{"width":960,"height":960,"url":"https:\/\/infoecos.com.ar\/wp-content\/uploads\/2025\/05\/image-95.png","type":"image\/png"}],"author":"Jorge Matheus","twitter_card":"summary_large_image","twitter_creator":"@infoecos","twitter_site":"@infoecos","twitter_misc":{"Escrito por":"Jorge Matheus","Tiempo de lectura":"2 minutos"},"schema":{"@context":"https:\/\/schema.org","@graph":[{"@type":"Article","@id":"https:\/\/infoecos.com.ar\/index.php\/se-muestra-cada-vez-mas-activa-la-camara-de-comercio-de-trenque-lauquen-en-temas-sensibles-para-la-comunidad\/#article","isPartOf":{"@id":"https:\/\/infoecos.com.ar\/index.php\/se-muestra-cada-vez-mas-activa-la-camara-de-comercio-de-trenque-lauquen-en-temas-sensibles-para-la-comunidad\/"},"author":{"name":"Jorge Matheus","@id":"https:\/\/infoecos.com.ar\/#\/schema\/person\/8f5ace5ce73b4b4aac4b7245aee6f191"},"headline":"Se muestra cada vez m\u00e1s activa la C\u00e1mara de Comercio de Trenque Lauquen, en temas sensibles para la comunidad","datePublished":"2025-05-27T12:48:34+00:00","dateModified":"2025-06-01T23:08:15+00:00","mainEntityOfPage":{"@id":"https:\/\/infoecos.com.ar\/index.php\/se-muestra-cada-vez-mas-activa-la-camara-de-comercio-de-trenque-lauquen-en-temas-sensibles-para-la-comunidad\/"},"wordCount":179,"publisher":{"@id":"https:\/\/infoecos.com.ar\/#organization"},"image":{"@id":"https:\/\/infoecos.com.ar\/index.php\/se-muestra-cada-vez-mas-activa-la-camara-de-comercio-de-trenque-lauquen-en-temas-sensibles-para-la-comunidad\/#primaryimage"},"thumbnailUrl":"https:\/\/infoecos.com.ar\/wp-content\/uploads\/2025\/05\/image-95.png","keywords":["Bloque inferior"],"inLanguage":"es"},{"@type":"WebPage","@id":"https:\/\/infoecos.com.ar\/index.php\/se-muestra-cada-vez-mas-activa-la-camara-de-comercio-de-trenque-lauquen-en-temas-sensibles-para-la-comunidad\/","url":"https:\/\/infoecos.com.ar\/index.php\/se-muestra-cada-vez-mas-activa-la-camara-de-comercio-de-trenque-lauquen-en-temas-sensibles-para-la-comunidad\/","name":"Se muestra cada vez m\u00e1s activa la C\u00e1mara de Comercio de Trenque Lauquen, en temas sensibles para la comunidad - Infoecos","isPartOf":{"@id":"https:\/\/infoecos.com.ar\/#website"},"primaryImageOfPage":{"@id":"https:\/\/infoecos.com.ar\/index.php\/se-muestra-cada-vez-mas-activa-la-camara-de-comercio-de-trenque-lauquen-en-temas-sensibles-para-la-comunidad\/#primaryimage"},"image":{"@id":"https:\/\/infoecos.com.ar\/index.php\/se-muestra-cada-vez-mas-activa-la-camara-de-comercio-de-trenque-lauquen-en-temas-sensibles-para-la-comunidad\/#primaryimage"},"thumbnailUrl":"https:\/\/infoecos.com.ar\/wp-content\/uploads\/2025\/05\/image-95.png","datePublished":"2025-05-27T12:48:34+00:00","dateModified":"2025-06-01T23:08:15+00:00","breadcrumb":{"@id":"https:\/\/infoecos.com.ar\/index.php\/se-muestra-cada-vez-mas-activa-la-camara-de-comercio-de-trenque-lauquen-en-temas-sensibles-para-la-comunidad\/#breadcrumb"},"inLanguage":"es","potentialAction":[{"@type":"ReadAction","target":["https:\/\/infoecos.com.ar\/index.php\/se-muestra-cada-vez-mas-activa-la-camara-de-comercio-de-trenque-lauquen-en-temas-sensibles-para-la-comunidad\/"]}]},{"@type":"ImageObject","inLanguage":"es","@id":"https:\/\/infoecos.com.ar\/index.php\/se-muestra-cada-vez-mas-activa-la-camara-de-comercio-de-trenque-lauquen-en-temas-sensibles-para-la-comunidad\/#primaryimage","url":"https:\/\/infoecos.com.ar\/wp-content\/uploads\/2025\/05\/image-95.png","contentUrl":"https:\/\/infoecos.com.ar\/wp-content\/uploads\/2025\/05\/image-95.png","width":960,"height":960},{"@type":"BreadcrumbList","@id":"https:\/\/infoecos.com.ar\/index.php\/se-muestra-cada-vez-mas-activa-la-camara-de-comercio-de-trenque-lauquen-en-temas-sensibles-para-la-comunidad\/#breadcrumb","itemListElement":[{"@type":"ListItem","position":1,"name":"Portada","item":"https:\/\/infoecos.com.ar\/"},{"@type":"ListItem","position":2,"name":"Se muestra cada vez m\u00e1s activa la C\u00e1mara de Comercio de Trenque Lauquen, en temas sensibles para la comunidad"}]},{"@type":"WebSite","@id":"https:\/\/infoecos.com.ar\/#website","url":"https:\/\/infoecos.com.ar\/","name":"Infoecos","description":"Noticias de trenque lauquen y la zona","publisher":{"@id":"https:\/\/infoecos.com.ar\/#organization"},"alternateName":"Noticias","potentialAction":[{"@type":"SearchAction","target":{"@type":"EntryPoint","urlTemplate":"https:\/\/infoecos.com.ar\/?s={search_term_string}"},"query-input":{"@type":"PropertyValueSpecification","valueRequired":true,"valueName":"search_term_string"}}],"inLanguage":"es"},{"@type":"Organization","@id":"https:\/\/infoecos.com.ar\/#organization","name":"Infoecos","alternateName":"Noticias","url":"https:\/\/infoecos.com.ar\/","logo":{"@type":"ImageObject","inLanguage":"es","@id":"https:\/\/infoecos.com.ar\/#\/schema\/logo\/image\/","url":"https:\/\/infoecos.com.ar\/wp-content\/uploads\/2024\/03\/cropped-logo.png","contentUrl":"https:\/\/infoecos.com.ar\/wp-content\/uploads\/2024\/03\/cropped-logo.png","width":374,"height":90,"caption":"Infoecos"},"image":{"@id":"https:\/\/infoecos.com.ar\/#\/schema\/logo\/image\/"},"sameAs":["https:\/\/www.facebook.com\/profile.php?id=100063200290284","https:\/\/x.com\/infoecos"]},{"@type":"Person","@id":"https:\/\/infoecos.com.ar\/#\/schema\/person\/8f5ace5ce73b4b4aac4b7245aee6f191","name":"Jorge Matheus","url":"https:\/\/infoecos.com.ar\/index.php\/author\/jomatheus\/"}]}},"featured_image_urls":{"full":["https:\/\/infoecos.com.ar\/wp-content\/uploads\/2025\/05\/image-95.png",960,960,false],"thumbnail":["https:\/\/infoecos.com.ar\/wp-content\/uploads\/2025\/05\/image-95-300x150.png",300,150,true],"medium":["https:\/\/infoecos.com.ar\/wp-content\/uploads\/2025\/05\/image-95-800x800.png",800,800,true],"medium_large":["https:\/\/infoecos.com.ar\/wp-content\/uploads\/2025\/05\/image-95-768x768.png",640,640,true],"large":["https:\/\/infoecos.com.ar\/wp-content\/uploads\/2025\/05\/image-95.png",640,640,false],"1536x1536":["https:\/\/infoecos.com.ar\/wp-content\/uploads\/2025\/05\/image-95.png",960,960,false],"2048x2048":["https:\/\/infoecos.com.ar\/wp-content\/uploads\/2025\/05\/image-95.png",960,960,false],"covernews-slider-full":["https:\/\/infoecos.com.ar\/wp-content\/uploads\/2025\/05\/image-95-960x715.png",960,715,true],"covernews-slider-center":["https:\/\/infoecos.com.ar\/wp-content\/uploads\/2025\/05\/image-95-800x500.png",800,500,true],"covernews-featured":["https:\/\/infoecos.com.ar\/wp-content\/uploads\/2025\/05\/image-95.png",960,960,false],"covernews-medium":["https:\/\/infoecos.com.ar\/wp-content\/uploads\/2025\/05\/image-95-540x340.png",540,340,true],"covernews-medium-square":["https:\/\/infoecos.com.ar\/wp-content\/uploads\/2025\/05\/image-95-400x250.png",400,250,true]},"author_info":{"info":["Jorge Matheus"]},"category_info":"<a href=\"https:\/\/infoecos.com.ar\/index.php\/category\/sin-categoria\/\" rel=\"category tag\">Sin categor\u00eda<\/a>","tag_info":"Sin categor\u00eda","comment_count":"0","_links":{"self":[{"href":"https:\/\/infoecos.com.ar\/index.php\/wp-json\/wp\/v2\/posts\/141706"}],"collection":[{"href":"https:\/\/infoecos.com.ar\/index.php\/wp-json\/wp\/v2\/posts"}],"about":[{"href":"https:\/\/infoecos.com.ar\/index.php\/wp-json\/wp\/v2\/types\/post"}],"author":[{"embeddable":true,"href":"https:\/\/infoecos.com.ar\/index.php\/wp-json\/wp\/v2\/users\/2"}],"replies":[{"embeddable":true,"href":"https:\/\/infoecos.com.ar\/index.php\/wp-json\/wp\/v2\/comments?post=141706"}],"version-history":[{"count":1,"href":"https:\/\/infoecos.com.ar\/index.php\/wp-json\/wp\/v2\/posts\/141706\/revisions"}],"predecessor-version":[{"id":141709,"href":"https:\/\/infoecos.com.ar\/index.php\/wp-json\/wp\/v2\/posts\/141706\/revisions\/141709"}],"wp:featuredmedia":[{"embeddable":true,"href":"https:\/\/infoecos.com.ar\/index.php\/wp-json\/wp\/v2\/media\/141707"}],"wp:attachment":[{"href":"https:\/\/infoecos.com.ar\/index.php\/wp-json\/wp\/v2\/media?parent=141706"}],"wp:term":[{"taxonomy":"category","embeddable":true,"href":"https:\/\/infoecos.com.ar\/index.php\/wp-json\/wp\/v2\/categories?post=141706"},{"taxonomy":"post_tag","embeddable":true,"href":"https:\/\/infoecos.com.ar\/index.php\/wp-json\/wp\/v2\/tags?post=141706"}],"curies":[{"name":"wp","href":"https:\/\/api.w.org\/{rel}","templated":true}]}}