{"id":141721,"date":"2025-05-27T17:37:27","date_gmt":"2025-05-27T20:37:27","guid":{"rendered":"https:\/\/infoecos.com.ar\/?p=141721"},"modified":"2025-06-01T19:55:51","modified_gmt":"2025-06-01T22:55:51","slug":"preocupante-y-malas-noticias-para-milei-procedimiento-preventivo-de-crisis-en-cerro-negro","status":"publish","type":"post","link":"https:\/\/infoecos.com.ar\/index.php\/preocupante-y-malas-noticias-para-milei-procedimiento-preventivo-de-crisis-en-cerro-negro\/","title":{"rendered":"Preocupante y malas noticias para Milei: Procedimiento Preventivo de Crisis en Cerro Negro"},"content":{"rendered":"\n<p>La empresa ceramista Cerro Negro, perteneciente al Grupo Sociedad Comercial del Plata, present\u00f3 ante el Ministerio de Trabajo de la Naci\u00f3n un pedido para activar un Procedimiento Preventivo de Crisis (PPC), que abarcar\u00eda sus tres plantas industriales ubicadas en Olavarr\u00eda, C\u00f3rdoba y Campana (Cormela).<\/p>\n\n\n\n<p>De aprobarse este procedimiento, la compa\u00f1\u00eda quedar\u00eda habilitada para aplicar&nbsp;suspensiones de hasta 60 d\u00edas&nbsp;y eventuales&nbsp;despidos con indemnizaciones al 50%, tal como lo prev\u00e9 la normativa laboral vigente, seg\u00fan report\u00f3 el sitio especializado, Infogremiales.<\/p>\n\n\n\n<figure class=\"wp-block-image size-full\"><img loading=\"lazy\" decoding=\"async\" width=\"880\" height=\"512\" src=\"https:\/\/infoecos.com.ar\/wp-content\/uploads\/2025\/05\/image-99.png\" alt=\"\" class=\"wp-image-141722\" srcset=\"https:\/\/infoecos.com.ar\/wp-content\/uploads\/2025\/05\/image-99.png 880w, https:\/\/infoecos.com.ar\/wp-content\/uploads\/2025\/05\/image-99-800x465.png 800w, https:\/\/infoecos.com.ar\/wp-content\/uploads\/2025\/05\/image-99-768x447.png 768w\" sizes=\"(max-width: 880px) 100vw, 880px\" \/><\/figure>\n\n\n\n<p>El&nbsp;secretario general del Sindicato de Obreros y Empleados Ceramistas de Olavarr\u00eda (SOECO),&nbsp;Gustavo Bustamante, confirm\u00f3 que el tr\u00e1mite ya se encuentra en curso. Seg\u00fan estimaciones del gremio, la medida podr\u00eda afectar a&nbsp;unos 500 trabajadores. \u201cDel Ministerio podemos esperar cualquier cosa\u201d, expres\u00f3 con preocupaci\u00f3n.<\/p>\n\n\n\n<p>En su presentaci\u00f3n, Cerro Negro propone suspensiones escalonadas. En la planta de&nbsp;Olavarr\u00eda, una de las l\u00edneas dejar\u00eda de operar el&nbsp;16 de junio, otra el&nbsp;23, y la l\u00ednea de producci\u00f3n de ladrillos se paralizar\u00eda entre&nbsp;agosto y septiembre. Las instalaciones de&nbsp;C\u00f3rdoba y Campana&nbsp;tambi\u00e9n suspender\u00edan sus operaciones.<\/p>\n\n\n\n<p>Bustamante explic\u00f3 que la empresa ofrece abonar&nbsp;el 70% del salario neto&nbsp;durante el per\u00edodo de suspensi\u00f3n. A esto se suma un escenario salarial complejo, ya que el sector a\u00fan no logr\u00f3 cerrar la&nbsp;paritaria 2024-2025, obteniendo hasta el momento apenas un&nbsp;19% de aumento, frente a una inflaci\u00f3n interanual que se aproxima al&nbsp;48%. \u201cEstamos perdiendo por m\u00e1s de 30 puntos\u201d, advirti\u00f3.<\/p>\n\n\n\n<p><strong>\u201cL<\/strong><strong>a situaci\u00f3n no va a mejorar<\/strong><strong>\u201d<\/strong><\/p>\n\n\n\n<p>El sindicalista alert\u00f3 que el&nbsp;PPC contempla una segunda etapa&nbsp;en la que podr\u00edan concretarse&nbsp;cesant\u00edas con el pago de solo la mitad de la indemnizaci\u00f3n, conforme al art\u00edculo 247 de la&nbsp;Ley de Contrato de Trabajo. \u201cLa empresa ya prev\u00e9 que la situaci\u00f3n no va a mejorar y se est\u00e1 preparando para eso\u201d, sostuvo.<\/p>\n\n\n\n<p>Actualmente,&nbsp;la crisis atraviesa a casi toda la industria ceramista nacional, con m\u00faltiples casos de&nbsp;suspensiones y despidos. Seg\u00fan Bustamante,&nbsp;solo Cer\u00e1mica San Lorenzo, ubicada en&nbsp;Azul, mantiene cierto nivel de actividad, aunque tambi\u00e9n enfrenta&nbsp;problemas de ventas. \u201cEl panorama es cr\u00edtico\u201d, resumi\u00f3.<\/p>\n\n\n\n<p><strong>El modelo que no cierra<\/strong><\/p>\n\n\n\n<p>Este nuevo conflicto se produce poco tiempo despu\u00e9s de una fuerte disputa sindical en Cerro Negro, que incluy\u00f3&nbsp;huelgas, bloqueos y cortes en la Ruta 226, tras el despido de&nbsp;96 trabajadores&nbsp;sin previa activaci\u00f3n del PPC ni instancias de negociaci\u00f3n.<\/p>\n\n\n\n<p>En esa oportunidad,&nbsp;de la que InfoGEI diera cuenta el pasado10 de mayo,&nbsp;tras la conciliaci\u00f3n obligatoria, se acord\u00f3 la&nbsp;reincorporaci\u00f3n de 37 empleados,&nbsp;33 accedieron a retiros voluntarios&nbsp;y&nbsp;26 fueron desvinculados definitivamente. Como parte del acuerdo, tambi\u00e9n se resolvi\u00f3 mantener&nbsp;una l\u00ednea de producci\u00f3n inactiva.&nbsp;<strong>(InfoGEI)Ac<\/strong><\/p>\n","protected":false},"excerpt":{"rendered":"<p>De aprobarse este procedimiento, la compa\u00f1\u00eda quedar\u00eda habilitada para aplicar\u00a0suspensiones de hasta 60 d\u00edas\u00a0y eventuales\u00a0despidos con indemnizaciones al 50%, tal como lo prev\u00e9 la normativa laboral vigente, seg\u00fan report\u00f3 el sitio especializado, Infogremiales.<\/p>\n","protected":false},"author":2,"featured_media":141722,"comment_status":"closed","ping_status":"open","sticky":false,"template":"","format":"standard","meta":{"footnotes":""},"categories":[1],"tags":[10298],"class_list":["post-141721","post","type-post","status-publish","format-standard","has-post-thumbnail","hentry","category-sin-categoria","tag-bloque-inferior"],"yoast_head":"<!-- This site is optimized with the Yoast SEO plugin v23.4 - https:\/\/yoast.com\/wordpress\/plugins\/seo\/ -->\n<title>Preocupante y malas noticias para Milei: Procedimiento Preventivo de Crisis en Cerro Negro - Infoecos<\/title>\n<meta name=\"robots\" content=\"index, follow, max-snippet:-1, max-image-preview:large, max-video-preview:-1\" \/>\n<link rel=\"canonical\" href=\"https:\/\/infoecos.com.ar\/index.php\/preocupante-y-malas-noticias-para-milei-procedimiento-preventivo-de-crisis-en-cerro-negro\/\" \/>\n<meta property=\"og:locale\" content=\"es_ES\" \/>\n<meta property=\"og:type\" content=\"article\" \/>\n<meta property=\"og:title\" content=\"Preocupante y malas noticias para Milei: Procedimiento Preventivo de Crisis en Cerro Negro - Infoecos\" \/>\n<meta property=\"og:description\" content=\"De aprobarse este procedimiento, la compa\u00f1\u00eda quedar\u00eda habilitada para aplicar\u00a0suspensiones de hasta 60 d\u00edas\u00a0y eventuales\u00a0despidos con indemnizaciones al 50%, tal como lo prev\u00e9 la normativa laboral vigente, seg\u00fan report\u00f3 el sitio especializado, Infogremiales.\" \/>\n<meta property=\"og:url\" content=\"https:\/\/infoecos.com.ar\/index.php\/preocupante-y-malas-noticias-para-milei-procedimiento-preventivo-de-crisis-en-cerro-negro\/\" \/>\n<meta property=\"og:site_name\" content=\"Infoecos\" \/>\n<meta property=\"article:publisher\" content=\"https:\/\/www.facebook.com\/profile.php?id=100063200290284\" \/>\n<meta property=\"article:published_time\" content=\"2025-05-27T20:37:27+00:00\" \/>\n<meta property=\"article:modified_time\" content=\"2025-06-01T22:55:51+00:00\" \/>\n<meta property=\"og:image\" content=\"https:\/\/infoecos.com.ar\/wp-content\/uploads\/2025\/05\/image-99.png\" \/>\n\t<meta property=\"og:image:width\" content=\"880\" \/>\n\t<meta property=\"og:image:height\" content=\"512\" \/>\n\t<meta property=\"og:image:type\" content=\"image\/png\" \/>\n<meta name=\"author\" content=\"Jorge Matheus\" \/>\n<meta name=\"twitter:card\" content=\"summary_large_image\" \/>\n<meta name=\"twitter:creator\" content=\"@infoecos\" \/>\n<meta name=\"twitter:site\" content=\"@infoecos\" \/>\n<meta name=\"twitter:label1\" content=\"Escrito por\" \/>\n\t<meta name=\"twitter:data1\" content=\"Jorge Matheus\" \/>\n\t<meta name=\"twitter:label2\" content=\"Tiempo de lectura\" \/>\n\t<meta name=\"twitter:data2\" content=\"3 minutos\" \/>\n<script type=\"application\/ld+json\" class=\"yoast-schema-graph\">{\"@context\":\"https:\/\/schema.org\",\"@graph\":[{\"@type\":\"Article\",\"@id\":\"https:\/\/infoecos.com.ar\/index.php\/preocupante-y-malas-noticias-para-milei-procedimiento-preventivo-de-crisis-en-cerro-negro\/#article\",\"isPartOf\":{\"@id\":\"https:\/\/infoecos.com.ar\/index.php\/preocupante-y-malas-noticias-para-milei-procedimiento-preventivo-de-crisis-en-cerro-negro\/\"},\"author\":{\"name\":\"Jorge Matheus\",\"@id\":\"https:\/\/infoecos.com.ar\/#\/schema\/person\/8f5ace5ce73b4b4aac4b7245aee6f191\"},\"headline\":\"Preocupante y malas noticias para Milei: Procedimiento Preventivo de Crisis en Cerro Negro\",\"datePublished\":\"2025-05-27T20:37:27+00:00\",\"dateModified\":\"2025-06-01T22:55:51+00:00\",\"mainEntityOfPage\":{\"@id\":\"https:\/\/infoecos.com.ar\/index.php\/preocupante-y-malas-noticias-para-milei-procedimiento-preventivo-de-crisis-en-cerro-negro\/\"},\"wordCount\":520,\"publisher\":{\"@id\":\"https:\/\/infoecos.com.ar\/#organization\"},\"image\":{\"@id\":\"https:\/\/infoecos.com.ar\/index.php\/preocupante-y-malas-noticias-para-milei-procedimiento-preventivo-de-crisis-en-cerro-negro\/#primaryimage\"},\"thumbnailUrl\":\"https:\/\/infoecos.com.ar\/wp-content\/uploads\/2025\/05\/image-99.png\",\"keywords\":[\"Bloque inferior\"],\"inLanguage\":\"es\"},{\"@type\":\"WebPage\",\"@id\":\"https:\/\/infoecos.com.ar\/index.php\/preocupante-y-malas-noticias-para-milei-procedimiento-preventivo-de-crisis-en-cerro-negro\/\",\"url\":\"https:\/\/infoecos.com.ar\/index.php\/preocupante-y-malas-noticias-para-milei-procedimiento-preventivo-de-crisis-en-cerro-negro\/\",\"name\":\"Preocupante y malas noticias para Milei: Procedimiento Preventivo de Crisis en Cerro Negro - Infoecos\",\"isPartOf\":{\"@id\":\"https:\/\/infoecos.com.ar\/#website\"},\"primaryImageOfPage\":{\"@id\":\"https:\/\/infoecos.com.ar\/index.php\/preocupante-y-malas-noticias-para-milei-procedimiento-preventivo-de-crisis-en-cerro-negro\/#primaryimage\"},\"image\":{\"@id\":\"https:\/\/infoecos.com.ar\/index.php\/preocupante-y-malas-noticias-para-milei-procedimiento-preventivo-de-crisis-en-cerro-negro\/#primaryimage\"},\"thumbnailUrl\":\"https:\/\/infoecos.com.ar\/wp-content\/uploads\/2025\/05\/image-99.png\",\"datePublished\":\"2025-05-27T20:37:27+00:00\",\"dateModified\":\"2025-06-01T22:55:51+00:00\",\"breadcrumb\":{\"@id\":\"https:\/\/infoecos.com.ar\/index.php\/preocupante-y-malas-noticias-para-milei-procedimiento-preventivo-de-crisis-en-cerro-negro\/#breadcrumb\"},\"inLanguage\":\"es\",\"potentialAction\":[{\"@type\":\"ReadAction\",\"target\":[\"https:\/\/infoecos.com.ar\/index.php\/preocupante-y-malas-noticias-para-milei-procedimiento-preventivo-de-crisis-en-cerro-negro\/\"]}]},{\"@type\":\"ImageObject\",\"inLanguage\":\"es\",\"@id\":\"https:\/\/infoecos.com.ar\/index.php\/preocupante-y-malas-noticias-para-milei-procedimiento-preventivo-de-crisis-en-cerro-negro\/#primaryimage\",\"url\":\"https:\/\/infoecos.com.ar\/wp-content\/uploads\/2025\/05\/image-99.png\",\"contentUrl\":\"https:\/\/infoecos.com.ar\/wp-content\/uploads\/2025\/05\/image-99.png\",\"width\":880,\"height\":512},{\"@type\":\"BreadcrumbList\",\"@id\":\"https:\/\/infoecos.com.ar\/index.php\/preocupante-y-malas-noticias-para-milei-procedimiento-preventivo-de-crisis-en-cerro-negro\/#breadcrumb\",\"itemListElement\":[{\"@type\":\"ListItem\",\"position\":1,\"name\":\"Portada\",\"item\":\"https:\/\/infoecos.com.ar\/\"},{\"@type\":\"ListItem\",\"position\":2,\"name\":\"Preocupante y malas noticias para Milei: Procedimiento Preventivo de Crisis en Cerro Negro\"}]},{\"@type\":\"WebSite\",\"@id\":\"https:\/\/infoecos.com.ar\/#website\",\"url\":\"https:\/\/infoecos.com.ar\/\",\"name\":\"Infoecos\",\"description\":\"Noticias de trenque lauquen y la zona\",\"publisher\":{\"@id\":\"https:\/\/infoecos.com.ar\/#organization\"},\"alternateName\":\"Noticias\",\"potentialAction\":[{\"@type\":\"SearchAction\",\"target\":{\"@type\":\"EntryPoint\",\"urlTemplate\":\"https:\/\/infoecos.com.ar\/?s={search_term_string}\"},\"query-input\":{\"@type\":\"PropertyValueSpecification\",\"valueRequired\":true,\"valueName\":\"search_term_string\"}}],\"inLanguage\":\"es\"},{\"@type\":\"Organization\",\"@id\":\"https:\/\/infoecos.com.ar\/#organization\",\"name\":\"Infoecos\",\"alternateName\":\"Noticias\",\"url\":\"https:\/\/infoecos.com.ar\/\",\"logo\":{\"@type\":\"ImageObject\",\"inLanguage\":\"es\",\"@id\":\"https:\/\/infoecos.com.ar\/#\/schema\/logo\/image\/\",\"url\":\"https:\/\/infoecos.com.ar\/wp-content\/uploads\/2024\/03\/cropped-logo.png\",\"contentUrl\":\"https:\/\/infoecos.com.ar\/wp-content\/uploads\/2024\/03\/cropped-logo.png\",\"width\":374,\"height\":90,\"caption\":\"Infoecos\"},\"image\":{\"@id\":\"https:\/\/infoecos.com.ar\/#\/schema\/logo\/image\/\"},\"sameAs\":[\"https:\/\/www.facebook.com\/profile.php?id=100063200290284\",\"https:\/\/x.com\/infoecos\"]},{\"@type\":\"Person\",\"@id\":\"https:\/\/infoecos.com.ar\/#\/schema\/person\/8f5ace5ce73b4b4aac4b7245aee6f191\",\"name\":\"Jorge Matheus\",\"url\":\"https:\/\/infoecos.com.ar\/index.php\/author\/jomatheus\/\"}]}<\/script>\n<!-- \/ Yoast SEO plugin. -->","yoast_head_json":{"title":"Preocupante y malas noticias para Milei: Procedimiento Preventivo de Crisis en Cerro Negro - Infoecos","robots":{"index":"index","follow":"follow","max-snippet":"max-snippet:-1","max-image-preview":"max-image-preview:large","max-video-preview":"max-video-preview:-1"},"canonical":"https:\/\/infoecos.com.ar\/index.php\/preocupante-y-malas-noticias-para-milei-procedimiento-preventivo-de-crisis-en-cerro-negro\/","og_locale":"es_ES","og_type":"article","og_title":"Preocupante y malas noticias para Milei: Procedimiento Preventivo de Crisis en Cerro Negro - Infoecos","og_description":"De aprobarse este procedimiento, la compa\u00f1\u00eda quedar\u00eda habilitada para aplicar\u00a0suspensiones de hasta 60 d\u00edas\u00a0y eventuales\u00a0despidos con indemnizaciones al 50%, tal como lo prev\u00e9 la normativa laboral vigente, seg\u00fan report\u00f3 el sitio especializado, Infogremiales.","og_url":"https:\/\/infoecos.com.ar\/index.php\/preocupante-y-malas-noticias-para-milei-procedimiento-preventivo-de-crisis-en-cerro-negro\/","og_site_name":"Infoecos","article_publisher":"https:\/\/www.facebook.com\/profile.php?id=100063200290284","article_published_time":"2025-05-27T20:37:27+00:00","article_modified_time":"2025-06-01T22:55:51+00:00","og_image":[{"width":880,"height":512,"url":"https:\/\/infoecos.com.ar\/wp-content\/uploads\/2025\/05\/image-99.png","type":"image\/png"}],"author":"Jorge Matheus","twitter_card":"summary_large_image","twitter_creator":"@infoecos","twitter_site":"@infoecos","twitter_misc":{"Escrito por":"Jorge Matheus","Tiempo de lectura":"3 minutos"},"schema":{"@context":"https:\/\/schema.org","@graph":[{"@type":"Article","@id":"https:\/\/infoecos.com.ar\/index.php\/preocupante-y-malas-noticias-para-milei-procedimiento-preventivo-de-crisis-en-cerro-negro\/#article","isPartOf":{"@id":"https:\/\/infoecos.com.ar\/index.php\/preocupante-y-malas-noticias-para-milei-procedimiento-preventivo-de-crisis-en-cerro-negro\/"},"author":{"name":"Jorge Matheus","@id":"https:\/\/infoecos.com.ar\/#\/schema\/person\/8f5ace5ce73b4b4aac4b7245aee6f191"},"headline":"Preocupante y malas noticias para Milei: Procedimiento Preventivo de Crisis en Cerro Negro","datePublished":"2025-05-27T20:37:27+00:00","dateModified":"2025-06-01T22:55:51+00:00","mainEntityOfPage":{"@id":"https:\/\/infoecos.com.ar\/index.php\/preocupante-y-malas-noticias-para-milei-procedimiento-preventivo-de-crisis-en-cerro-negro\/"},"wordCount":520,"publisher":{"@id":"https:\/\/infoecos.com.ar\/#organization"},"image":{"@id":"https:\/\/infoecos.com.ar\/index.php\/preocupante-y-malas-noticias-para-milei-procedimiento-preventivo-de-crisis-en-cerro-negro\/#primaryimage"},"thumbnailUrl":"https:\/\/infoecos.com.ar\/wp-content\/uploads\/2025\/05\/image-99.png","keywords":["Bloque inferior"],"inLanguage":"es"},{"@type":"WebPage","@id":"https:\/\/infoecos.com.ar\/index.php\/preocupante-y-malas-noticias-para-milei-procedimiento-preventivo-de-crisis-en-cerro-negro\/","url":"https:\/\/infoecos.com.ar\/index.php\/preocupante-y-malas-noticias-para-milei-procedimiento-preventivo-de-crisis-en-cerro-negro\/","name":"Preocupante y malas noticias para Milei: Procedimiento Preventivo de Crisis en Cerro Negro - Infoecos","isPartOf":{"@id":"https:\/\/infoecos.com.ar\/#website"},"primaryImageOfPage":{"@id":"https:\/\/infoecos.com.ar\/index.php\/preocupante-y-malas-noticias-para-milei-procedimiento-preventivo-de-crisis-en-cerro-negro\/#primaryimage"},"image":{"@id":"https:\/\/infoecos.com.ar\/index.php\/preocupante-y-malas-noticias-para-milei-procedimiento-preventivo-de-crisis-en-cerro-negro\/#primaryimage"},"thumbnailUrl":"https:\/\/infoecos.com.ar\/wp-content\/uploads\/2025\/05\/image-99.png","datePublished":"2025-05-27T20:37:27+00:00","dateModified":"2025-06-01T22:55:51+00:00","breadcrumb":{"@id":"https:\/\/infoecos.com.ar\/index.php\/preocupante-y-malas-noticias-para-milei-procedimiento-preventivo-de-crisis-en-cerro-negro\/#breadcrumb"},"inLanguage":"es","potentialAction":[{"@type":"ReadAction","target":["https:\/\/infoecos.com.ar\/index.php\/preocupante-y-malas-noticias-para-milei-procedimiento-preventivo-de-crisis-en-cerro-negro\/"]}]},{"@type":"ImageObject","inLanguage":"es","@id":"https:\/\/infoecos.com.ar\/index.php\/preocupante-y-malas-noticias-para-milei-procedimiento-preventivo-de-crisis-en-cerro-negro\/#primaryimage","url":"https:\/\/infoecos.com.ar\/wp-content\/uploads\/2025\/05\/image-99.png","contentUrl":"https:\/\/infoecos.com.ar\/wp-content\/uploads\/2025\/05\/image-99.png","width":880,"height":512},{"@type":"BreadcrumbList","@id":"https:\/\/infoecos.com.ar\/index.php\/preocupante-y-malas-noticias-para-milei-procedimiento-preventivo-de-crisis-en-cerro-negro\/#breadcrumb","itemListElement":[{"@type":"ListItem","position":1,"name":"Portada","item":"https:\/\/infoecos.com.ar\/"},{"@type":"ListItem","position":2,"name":"Preocupante y malas noticias para Milei: Procedimiento Preventivo de Crisis en Cerro Negro"}]},{"@type":"WebSite","@id":"https:\/\/infoecos.com.ar\/#website","url":"https:\/\/infoecos.com.ar\/","name":"Infoecos","description":"Noticias de trenque lauquen y la zona","publisher":{"@id":"https:\/\/infoecos.com.ar\/#organization"},"alternateName":"Noticias","potentialAction":[{"@type":"SearchAction","target":{"@type":"EntryPoint","urlTemplate":"https:\/\/infoecos.com.ar\/?s={search_term_string}"},"query-input":{"@type":"PropertyValueSpecification","valueRequired":true,"valueName":"search_term_string"}}],"inLanguage":"es"},{"@type":"Organization","@id":"https:\/\/infoecos.com.ar\/#organization","name":"Infoecos","alternateName":"Noticias","url":"https:\/\/infoecos.com.ar\/","logo":{"@type":"ImageObject","inLanguage":"es","@id":"https:\/\/infoecos.com.ar\/#\/schema\/logo\/image\/","url":"https:\/\/infoecos.com.ar\/wp-content\/uploads\/2024\/03\/cropped-logo.png","contentUrl":"https:\/\/infoecos.com.ar\/wp-content\/uploads\/2024\/03\/cropped-logo.png","width":374,"height":90,"caption":"Infoecos"},"image":{"@id":"https:\/\/infoecos.com.ar\/#\/schema\/logo\/image\/"},"sameAs":["https:\/\/www.facebook.com\/profile.php?id=100063200290284","https:\/\/x.com\/infoecos"]},{"@type":"Person","@id":"https:\/\/infoecos.com.ar\/#\/schema\/person\/8f5ace5ce73b4b4aac4b7245aee6f191","name":"Jorge Matheus","url":"https:\/\/infoecos.com.ar\/index.php\/author\/jomatheus\/"}]}},"featured_image_urls":{"full":["https:\/\/infoecos.com.ar\/wp-content\/uploads\/2025\/05\/image-99.png",880,512,false],"thumbnail":["https:\/\/infoecos.com.ar\/wp-content\/uploads\/2025\/05\/image-99-300x150.png",300,150,true],"medium":["https:\/\/infoecos.com.ar\/wp-content\/uploads\/2025\/05\/image-99-800x465.png",800,465,true],"medium_large":["https:\/\/infoecos.com.ar\/wp-content\/uploads\/2025\/05\/image-99-768x447.png",640,373,true],"large":["https:\/\/infoecos.com.ar\/wp-content\/uploads\/2025\/05\/image-99.png",640,372,false],"1536x1536":["https:\/\/infoecos.com.ar\/wp-content\/uploads\/2025\/05\/image-99.png",880,512,false],"2048x2048":["https:\/\/infoecos.com.ar\/wp-content\/uploads\/2025\/05\/image-99.png",880,512,false],"covernews-slider-full":["https:\/\/infoecos.com.ar\/wp-content\/uploads\/2025\/05\/image-99.png",880,512,false],"covernews-slider-center":["https:\/\/infoecos.com.ar\/wp-content\/uploads\/2025\/05\/image-99-800x500.png",800,500,true],"covernews-featured":["https:\/\/infoecos.com.ar\/wp-content\/uploads\/2025\/05\/image-99.png",880,512,false],"covernews-medium":["https:\/\/infoecos.com.ar\/wp-content\/uploads\/2025\/05\/image-99-540x340.png",540,340,true],"covernews-medium-square":["https:\/\/infoecos.com.ar\/wp-content\/uploads\/2025\/05\/image-99-400x250.png",400,250,true]},"author_info":{"info":["Jorge Matheus"]},"category_info":"<a href=\"https:\/\/infoecos.com.ar\/index.php\/category\/sin-categoria\/\" rel=\"category tag\">Sin categor\u00eda<\/a>","tag_info":"Sin categor\u00eda","comment_count":"0","_links":{"self":[{"href":"https:\/\/infoecos.com.ar\/index.php\/wp-json\/wp\/v2\/posts\/141721"}],"collection":[{"href":"https:\/\/infoecos.com.ar\/index.php\/wp-json\/wp\/v2\/posts"}],"about":[{"href":"https:\/\/infoecos.com.ar\/index.php\/wp-json\/wp\/v2\/types\/post"}],"author":[{"embeddable":true,"href":"https:\/\/infoecos.com.ar\/index.php\/wp-json\/wp\/v2\/users\/2"}],"replies":[{"embeddable":true,"href":"https:\/\/infoecos.com.ar\/index.php\/wp-json\/wp\/v2\/comments?post=141721"}],"version-history":[{"count":1,"href":"https:\/\/infoecos.com.ar\/index.php\/wp-json\/wp\/v2\/posts\/141721\/revisions"}],"predecessor-version":[{"id":141723,"href":"https:\/\/infoecos.com.ar\/index.php\/wp-json\/wp\/v2\/posts\/141721\/revisions\/141723"}],"wp:featuredmedia":[{"embeddable":true,"href":"https:\/\/infoecos.com.ar\/index.php\/wp-json\/wp\/v2\/media\/141722"}],"wp:attachment":[{"href":"https:\/\/infoecos.com.ar\/index.php\/wp-json\/wp\/v2\/media?parent=141721"}],"wp:term":[{"taxonomy":"category","embeddable":true,"href":"https:\/\/infoecos.com.ar\/index.php\/wp-json\/wp\/v2\/categories?post=141721"},{"taxonomy":"post_tag","embeddable":true,"href":"https:\/\/infoecos.com.ar\/index.php\/wp-json\/wp\/v2\/tags?post=141721"}],"curies":[{"name":"wp","href":"https:\/\/api.w.org\/{rel}","templated":true}]}}